{"id":2743,"date":"2017-05-23T19:03:21","date_gmt":"2017-05-23T18:03:21","guid":{"rendered":"http:\/\/www.fabregat-perulles-sales.com\/actualidad\/?p=2743"},"modified":"2017-05-30T11:11:06","modified_gmt":"2017-05-30T10:11:06","slug":"die-balearen-konnten-aufenthalte-zu-touristischen-zwecken-in-mehrfamilienhausern-verbieten","status":"publish","type":"post","link":"https:\/\/www.fabregat-perulles-sales.com\/actualidad\/die-balearen-konnten-aufenthalte-zu-touristischen-zwecken-in-mehrfamilienhausern-verbieten\/","title":{"rendered":"Die Balearen k\u00f6nnten Aufenthalte zu touristischen Zwecken in Mehrfamilienh\u00e4usern verbieten."},"content":{"rendered":"<p>Am 7. April 2017 hat die autonome Regierung der Balearischen Inseln die Gesetzesvorlage zur \u00c4nderung des Gesetzes 8\/2012 \u00fcber den Tourismus auf den Balearischen Inseln beschlossen um eine neue Regelung der Wohnungen f\u00fcr touristische Aufenthalte (auch als touristisch genutzte Wohnungen bekannt) voranzubringen. Aus der Begr\u00fcndung zur <img decoding=\"async\" loading=\"lazy\" class=\"alignright size-medium wp-image-2405\" src=\"http:\/\/www.fabregat-perulles-sales.com\/actualidad\/wp-content\/uploads\/2016\/11\/usucapion-inmueble-abogados-espanol-300x225.jpg\" alt=\"adquisici\u00f3n propiedad usucapi\u00f3n casa\" width=\"300\" height=\"225\" srcset=\"https:\/\/www.fabregat-perulles-sales.com\/actualidad\/wp-content\/uploads\/2016\/11\/usucapion-inmueble-abogados-espanol-300x225.jpg 300w, https:\/\/www.fabregat-perulles-sales.com\/actualidad\/wp-content\/uploads\/2016\/11\/usucapion-inmueble-abogados-espanol.jpg 960w\" sizes=\"(max-width: 300px) 100vw, 300px\" \/>Gesetzesvorlage geht hervor, dass diese darauf abzielt ein Gleichgewicht und ein Zusammenleben zwischen Touristen und Einwohnern zu erreichen, sowie den Einwohner den Zugang zu Wohnr\u00e4umen zu gew\u00e4hrleisten. Obwohl die Vorlage die Vermietung von Wohnungen in Mehrfamilienh\u00e4usern nicht ausdr\u00fccklich und unmittelbar verbietet (bis heute ist diese Vermietung erlaubt), so werden die Anforderungen, die diese Wohnungen erf\u00fcllen m\u00fcssen, mit Verabschiedung der Gesetzes\u00e4nderung in seiner derzeitigen Fassung, merklich strenger und schwieriger zu erf\u00fcllen sein als dies bis heute der Fall ist. Zun\u00e4chst werden touristische Wohnm\u00f6glichkeiten nur in den Gebieten eingef\u00fchrt werden d\u00fcrfen, welche die R\u00e4te der Inseln oder das Rathaus von Palma, nach vorhergehendem Gutachten der ersteren, hierf\u00fcr als geeignet erkl\u00e4ren. Ohne diese Erkl\u00e4rung werden keine neuen Anmeldungen von Wohnungen zur Kommerzialisierung zu touristischen Zwecken vorgenommen werden k\u00f6nnen. Des Weiteren m\u00fcssen die Wohnungen mit einer g\u00fcltigen Bewohnbarkeitsbescheinigung oder einer vergleichbaren, zu diesem Zwecke ausgestellten Bescheinigung, sowie mit dem Energieeffizienzzertifikat mit der Einstufung F oder h\u00f6her (f\u00fcr vor dem 1\/12\/2007 errichteten Geb\u00e4ude) oder D oder h\u00f6her (f\u00fcr nach dem 1\/1\/2008 errichtete Geb\u00e4ude) versehen sein. Und obwohl die Satzung der Eigent\u00fcmergemeinschaft dies nicht ausdr\u00fccklich verbietet, wird es notwendig sein, dass die Mehrheit der Eigent\u00fcmer die M\u00f6glichkeit der touristischen Kommerzialisierung akzeptiert. Wenn all diese Anforderungen erf\u00fcllt sind, kann die touristische Vermietung lediglich vor\u00fcbergehender Art sein, f\u00fcr einen maximalen Zeitraum von 5 Jahren.<\/p>\n<p><script type=\"application\/ld+json\">\n{\n  \"@context\": \"http:\/\/schema.org\/\",\n  \"@type\": \"NewsArticle\",\n  \"headline\": \"Die Balearen k\u00f6nnten Aufenthalte zu touristischen Zwecken in Mehrfamilienh\u00e4usern verbieten.\",\n  \"datePublished\": \"2017-05-23\",\n  \"description\": \"Am 7. April 2017 hat die autonome Regierung der Balearischen Inseln die Gesetzesvorlage zur \u00c4nderung des Gesetzes 8\/2012 \u00fcber den Tourismus auf den Balearischen Inseln beschlossen um eine neue Regelung der Wohnungen f\u00fcr touristische Aufenthalte (auch als touristisch genutzte Wohnungen bekannt) voranzubringen.\",\n  \"image\": {\n    \"@type\": \"ImageObject\",\n    \"height\": \"300\",\n    \"width\": \"225\",\n    \"url\": \"http:\/\/www.fabregat-perulles-sales.com\/actualidad\/wp-content\/uploads\/2016\/11\/usucapion-inmueble-abogados-espanol-300x225.jpg\"\n  },\n  \"author\": \"Fabregat Perulles Sales\",\n  \"publisher\": {\n    \"@type\": \"Organization\",\n    \"logo\": {\n      \"@type\": \"ImageObject\",\n      \"url\": \"http:\/\/www.fabregat-perulles-sales.com\/abogados-barcelona-barcelona-fabregat-perulles-sales\/Logo-Fabregat-Perulles-Sales-Abogados-alemanes-rusos-franceses-italianos-ingleses-negro.png\"\n    },\n    \"name\": \"Fabregat Perulles Sales\"\n  },\n  \"articleBody\": \"Am 7. April 2017 hat die autonome Regierung der Balearischen Inseln die Gesetzesvorlage zur \u00c4nderung des Gesetzes 8\/2012 \u00fcber den Tourismus auf den Balearischen Inseln beschlossen um eine neue Regelung der Wohnungen f\u00fcr touristische Aufenthalte (auch als touristisch genutzte Wohnungen bekannt) voranzubringen. Aus der Begr\u00fcndung zur adquisici\u00f3n propiedad usucapi\u00f3n casaGesetzesvorlage geht hervor, dass diese darauf abzielt ein Gleichgewicht und ein Zusammenleben zwischen Touristen und Einwohnern zu erreichen, sowie den Einwohner den Zugang zu Wohnr\u00e4umen zu gew\u00e4hrleisten. Obwohl die Vorlage die Vermietung von Wohnungen in Mehrfamilienh\u00e4usern nicht ausdr\u00fccklich und unmittelbar verbietet (bis heute ist diese Vermietung erlaubt), so werden die Anforderungen, die diese Wohnungen erf\u00fcllen m\u00fcssen, mit Verabschiedung der Gesetzes\u00e4nderung in seiner derzeitigen Fassung, merklich strenger und schwieriger zu erf\u00fcllen sein als dies bis heute der Fall ist. Zun\u00e4chst werden touristische Wohnm\u00f6glichkeiten nur in den Gebieten eingef\u00fchrt werden d\u00fcrfen, welche die R\u00e4te der Inseln oder das Rathaus von Palma, nach vorhergehendem Gutachten der ersteren, hierf\u00fcr als geeignet erkl\u00e4ren. Ohne diese Erkl\u00e4rung werden keine neuen Anmeldungen von Wohnungen zur Kommerzialisierung zu touristischen Zwecken vorgenommen werden k\u00f6nnen. Des Weiteren m\u00fcssen die Wohnungen mit einer g\u00fcltigen Bewohnbarkeitsbescheinigung oder einer vergleichbaren, zu diesem Zwecke ausgestellten Bescheinigung, sowie mit dem Energieeffizienzzertifikat mit der Einstufung F oder h\u00f6her (f\u00fcr vor dem 1\/12\/2007 errichteten Geb\u00e4ude) oder D oder h\u00f6her (f\u00fcr nach dem 1\/1\/2008 errichtete Geb\u00e4ude) versehen sein. Und obwohl die Satzung der Eigent\u00fcmergemeinschaft dies nicht ausdr\u00fccklich verbietet, wird es notwendig sein, dass die Mehrheit der Eigent\u00fcmer die M\u00f6glichkeit der touristischen Kommerzialisierung akzeptiert. Wenn all diese Anforderungen erf\u00fcllt sind, kann die touristische Vermietung lediglich vor\u00fcbergehender Art sein, f\u00fcr einen maximalen Zeitraum von 5 Jahren.\"\n}\n<\/script><\/p>\n\r\n\t\t<style>\r\n\t\t\t.huge-it-share-buttons {\r\n\t\t\t\tborder:0px solid #0FB5D6;\r\n\t\t\t\tborder-radius:5px;\r\n\t\t\t\tbackground:#3BD8FF;\r\n\t\t\t text-align:left; \t\t\t\t\t\t\t\t\t}\r\n\r\n\t\t\t#huge-it-share-buttons-top {margin-bottom:0px;}\r\n\t\t\t#huge-it-share-buttons-bottom {margin-top:0px;}\r\n\r\n\t\t\t.huge-it-share-buttons h3 {\r\n\t\t\t\tfont-size:25px ;\r\n\t\t\t\tfont-family:Arial,Helvetica Neue,Helvetica,sans-serif;\r\n\t\t\t\tcolor:#666666;\r\n\r\n\t\t\tdisplay:block;\t\t\t\tline-height:25px ;\r\n\r\n\t\t\t text-align:left; \t\t\t\t\t\t\t\t\t}\r\n\r\n\t\t\t.huge-it-share-buttons ul {\r\n\t\t\t float:left; \t\t\t\t\t\t\t\t\t}\r\n\r\n\t\t\t.huge-it-share-buttons ul li {\r\n\t\t\t\tmargin-left:3px;\r\n\t\t\t\tmargin-right:3px;\r\n\t\t\t\tpadding:0px;\r\n\t\t\t\tborder:0px ridge #E6354C;\r\n\t\t\t\tborder-radius:11px;\r\n\t\t\t\tbackground-color:#14CC9B;\r\n\t\t\t}\r\n\r\n\t\t\t.huge-it-share-buttons ul li #backforunical2743 {\r\n\t\t\t\tborder-bottom: 0;\r\n\t\t\t\tbackground-image:url('https:\/\/www.fabregat-perulles-sales.com\/actualidad\/wp-content\/plugins\/wp-share-buttons\/Front_end\/..\/images\/buttons.30.png');\r\n\t\t\t\twidth:30px;\r\n\t\t\t\theight:30px;\r\n\t\t\t}\r\n\r\n\t\t\t.front-shares-count {\r\n\t\t\t\tposition: absolute;\r\n\t\t\t\ttext-align: center;\r\n\t\t\t\tdisplay: block;\r\n\t\t\t}\r\n\r\n\t\t\t.shares_size20 .front-shares-count {\r\n\t\t\t\tfont-size: 10px;\r\n\t\t\t\ttop: 10px;\r\n\t\t\t\twidth: 20px;\r\n\t\t\t}\r\n\r\n\t\t\t.shares_size30 .front-shares-count {\r\n\t\t\t\tfont-size: 11px;\r\n\t\t\t\ttop: 15px;\r\n\t\t\t\twidth: 30px;\r\n\t\t\t}\r\n\r\n\t\t\t.shares_size40 .front-shares-count {\r\n\t\t\t\tfont-size: 12px;\r\n\t\t\t\ttop: 21px;\r\n\t\t\t\twidth: 40px;\r\n\t\t\t}\r\n\t\t<\/style>\r\n\t\t\r\n\t\t<div id=\"huge-it-share-buttons-top\" class=\"huge-it-share-buttons nobackground\">\r\n\t\t\t<h3>Share This:<\/h3>\r\n\t\t\t<ul class=\"huge-it-share-buttons-list \">\r\n\t\t\t\t\t\t\t\t\t<li class=\"nobackground \" >\r\n\r\n\t\t\t\t\t\t\t\t\t\t\t\t<a id=\"backforunical2743\" href=\"https:\/\/www.facebook.com\/sharer\/sharer.php?u=www.fabregat-perulles-sales.com\/actualidad\/wp-json\/wp\/v2\/posts\/2743\"  onclick=\"javascript:void window.open('https:\/\/www.facebook.com\/sharer\/sharer.php?u=www.fabregat-perulles-sales.com\/actualidad\/wp-json\/wp\/v2\/posts\/2743','1410949501326','width=700,height=500,toolbar=0,menubar=0,location=0,status=1,scrollbars=1,resizable=1,left=0,top=0');return false;\" style=\"background-position: -0px -120px \"><\/a>\r\n\t\t\t\t\t<\/li>\r\n\t\t\t\t\t\t\t\t\t\t<li class=\"nobackground \" >\r\n\r\n\t\t\t\t\t\t\t\t\t\t\t\t<a id=\"backforunical2743\" href=\"https:\/\/twitter.com\/share?status=www.fabregat-perulles-sales.com\/actualidad\/wp-json\/wp\/v2\/posts\/2743&text=Die Balearen k\u00f6nnten Aufenthalte zu touristischen Zwecken in Mehrfamilienh\u00e4usern verbieten.\"  onclick=\"javascript:void window.open('https:\/\/twitter.com\/share?status=www.fabregat-perulles-sales.com\/actualidad\/wp-json\/wp\/v2\/posts\/2743&text=Die Balearen k\u00f6nnten Aufenthalte zu touristischen Zwecken in Mehrfamilienh\u00e4usern verbieten.','1410949501326','width=700,height=500,toolbar=0,menubar=0,location=0,status=1,scrollbars=1,resizable=1,left=0,top=0');return false;\" style=\"background-position: -30px -120px \"><\/a>\r\n\t\t\t\t\t<\/li>\r\n\t\t\t\t\t\t\t\t\t\t<li class=\"none nobackground \" >\r\n\r\n\t\t\t\t\t\t\t\t\t\t\t\t<a id=\"backforunical2743\" href=\"http:\/\/www.pinterest.com\/pin\/create\/button\/?url=www.fabregat-perulles-sales.com\/actualidad\/wp-json\/wp\/v2\/posts\/2743&media=https:\/\/www.fabregat-perulles-sales.com\/actualidad\/wp-content\/plugins\/wp-share-buttons\/Front_end\/..\/images\/noimage.png&description=Die Balearen k\u00f6nnten Aufenthalte zu touristischen Zwecken in Mehrfamilienh\u00e4usern verbieten.\"  onclick=\"javascript:void window.open('http:\/\/www.pinterest.com\/pin\/create\/button\/?url=www.fabregat-perulles-sales.com\/actualidad\/wp-json\/wp\/v2\/posts\/2743&media=https:\/\/www.fabregat-perulles-sales.com\/actualidad\/wp-content\/plugins\/wp-share-buttons\/Front_end\/..\/images\/noimage.png&description=Die Balearen k\u00f6nnten Aufenthalte zu touristischen Zwecken in Mehrfamilienh\u00e4usern verbieten.','1410949501326','width=700,height=500,toolbar=0,menubar=0,location=0,status=1,scrollbars=1,resizable=1,left=0,top=0');return false;\" style=\"background-position: -60px -120px \"><\/a>\r\n\t\t\t\t\t<\/li>\r\n\t\t\t\t\t\t\t\t\t\t<li class=\"none nobackground \" >\r\n\r\n\t\t\t\t\t\t\t\t\t\t\t\t<a id=\"backforunical2743\" href=\"https:\/\/plus.google.com\/share?url=www.fabregat-perulles-sales.com\/actualidad\/wp-json\/wp\/v2\/posts\/2743\"  onclick=\"javascript:void window.open('https:\/\/plus.google.com\/share?url=www.fabregat-perulles-sales.com\/actualidad\/wp-json\/wp\/v2\/posts\/2743','1410949501326','width=700,height=500,toolbar=0,menubar=0,location=0,status=1,scrollbars=1,resizable=1,left=0,top=0');return false;\" style=\"background-position: -90px -120px \"><\/a>\r\n\t\t\t\t\t<\/li>\r\n\t\t\t\t\t\t\t\t\t\t<li class=\"nobackground \" >\r\n\r\n\t\t\t\t\t\t\t\t\t\t\t\t<a id=\"backforunical2743\" href=\"https:\/\/www.linkedin.com\/shareArticle?title=Die Balearen k\u00f6nnten Aufenthalte zu touristischen Zwecken in Mehrfamilienh\u00e4usern verbieten.&mini=true&url=https:\/\/www.fabregat-perulles-sales.com\/actualidad\/wp-json\/wp\/v2\/posts\/2743\"  onclick=\"javascript:void window.open('https:\/\/www.linkedin.com\/shareArticle?title=Die Balearen k\u00f6nnten Aufenthalte zu touristischen Zwecken in Mehrfamilienh\u00e4usern verbieten.&mini=true&url=https:\/\/www.fabregat-perulles-sales.com\/actualidad\/wp-json\/wp\/v2\/posts\/2743','1410949501326','width=700,height=500,toolbar=0,menubar=0,location=0,status=1,scrollbars=1,resizable=1,left=0,top=0');return false;\" style=\"background-position: -120px -120px \"><\/a>\r\n\t\t\t\t\t<\/li>\r\n\t\t\t\t\t\t\t\t\t\t<li class=\"none nobackground \" >\r\n\r\n\t\t\t\t\t\t\t\t\t\t\t\t<a id=\"backforunical2743\" href=\"https:\/\/www.tumblr.com\/share\/link?url=www.fabregat-perulles-sales.com\/actualidad\/wp-json\/wp\/v2\/posts\/2743&name=Die Balearen k\u00f6nnten Aufenthalte zu touristischen Zwecken in Mehrfamilienh\u00e4usern verbieten.\"  onclick=\"javascript:void window.open('https:\/\/www.tumblr.com\/share\/link?url=www.fabregat-perulles-sales.com\/actualidad\/wp-json\/wp\/v2\/posts\/2743&name=Die Balearen k\u00f6nnten Aufenthalte zu touristischen Zwecken in Mehrfamilienh\u00e4usern verbieten.','1410949501326','width=700,height=500,toolbar=0,menubar=0,location=0,status=1,scrollbars=1,resizable=1,left=0,top=0');return false;\" style=\"background-position: -150px -120px \"><\/a>\r\n\t\t\t\t\t<\/li>\r\n\t\t\t\t\t\t\t\t\t\t<li class=\"none nobackground \" >\r\n\r\n\t\t\t\t\t\t\t\t\t\t\t\t<a id=\"backforunical2743\" href=\"http:\/\/digg.com\/submit?phase=2&url=www.fabregat-perulles-sales.com\/actualidad\/wp-json\/wp\/v2\/posts\/2743&title=Die Balearen k\u00f6nnten Aufenthalte zu touristischen Zwecken in Mehrfamilienh\u00e4usern verbieten.\"  onclick=\"javascript:void window.open('http:\/\/digg.com\/submit?phase=2&url=www.fabregat-perulles-sales.com\/actualidad\/wp-json\/wp\/v2\/posts\/2743&title=Die Balearen k\u00f6nnten Aufenthalte zu touristischen Zwecken in Mehrfamilienh\u00e4usern verbieten.','1410949501326','width=700,height=500,toolbar=0,menubar=0,location=0,status=1,scrollbars=1,resizable=1,left=0,top=0');return false;\" style=\"background-position: -180px -120px \"><\/a>\r\n\t\t\t\t\t<\/li>\r\n\t\t\t\t\t\t\t\t\t\t<li class=\"none nobackground \" >\r\n\r\n\t\t\t\t\t\t\t\t\t\t\t\t<a id=\"backforunical2743\" href=\"http:\/\/www.stumbleupon.com\/submit?url=www.fabregat-perulles-sales.com\/actualidad\/wp-json\/wp\/v2\/posts\/2743&title=Die Balearen k\u00f6nnten Aufenthalte zu touristischen Zwecken in Mehrfamilienh\u00e4usern verbieten.\"  onclick=\"javascript:void window.open('http:\/\/www.stumbleupon.com\/submit?url=www.fabregat-perulles-sales.com\/actualidad\/wp-json\/wp\/v2\/posts\/2743&title=Die Balearen k\u00f6nnten Aufenthalte zu touristischen Zwecken in Mehrfamilienh\u00e4usern verbieten.','1410949501326','width=700,height=500,toolbar=0,menubar=0,location=0,status=1,scrollbars=1,resizable=1,left=0,top=0');return false;\" style=\"background-position: -210px -120px \"><\/a>\r\n\t\t\t\t\t<\/li>\r\n\t\t\t\t\t\t\t\t\t\t<li class=\"none nobackground \" >\r\n\r\n\t\t\t\t\t\t\t\t\t\t\t\t<a id=\"backforunical2743\" href=\"https:\/\/myspace.com\/post?l=3&u=www.fabregat-perulles-sales.com\/actualidad\/wp-json\/wp\/v2\/posts\/2743\"  onclick=\"javascript:void window.open('https:\/\/myspace.com\/post?l=3&u=www.fabregat-perulles-sales.com\/actualidad\/wp-json\/wp\/v2\/posts\/2743','1410949501326','width=700,height=500,toolbar=0,menubar=0,location=0,status=1,scrollbars=1,resizable=1,left=0,top=0');return false;\" style=\"background-position: -240px -120px \"><\/a>\r\n\t\t\t\t\t<\/li>\r\n\t\t\t\t\t\t\t\t\t\t<li class=\"nobackground \" >\r\n\r\n\t\t\t\t\t\t\t\t\t\t\t\t<a id=\"backforunical2743\" href=\"http:\/\/vk.com\/share.php?url=www.fabregat-perulles-sales.com\/actualidad\/wp-json\/wp\/v2\/posts\/2743&title=Die Balearen k\u00f6nnten Aufenthalte zu touristischen Zwecken in Mehrfamilienh\u00e4usern verbieten.\"  onclick=\"javascript:void window.open('http:\/\/vk.com\/share.php?url=www.fabregat-perulles-sales.com\/actualidad\/wp-json\/wp\/v2\/posts\/2743&title=Die Balearen k\u00f6nnten Aufenthalte zu touristischen Zwecken in Mehrfamilienh\u00e4usern verbieten.','1410949501326','width=700,height=500,toolbar=0,menubar=0,location=0,status=1,scrollbars=1,resizable=1,left=0,top=0');return false;\" style=\"background-position: -270px -120px \"><\/a>\r\n\t\t\t\t\t<\/li>\r\n\t\t\t\t\t\t\t\t\t\t<li class=\"none nobackground \" >\r\n\r\n\t\t\t\t\t\t\t\t\t\t\t\t<a id=\"backforunical2743\" href=\"http:\/\/www.reddit.com\/submit?url=www.fabregat-perulles-sales.com\/actualidad\/wp-json\/wp\/v2\/posts\/2743&title=Die Balearen k\u00f6nnten Aufenthalte zu touristischen Zwecken in Mehrfamilienh\u00e4usern verbieten.\"  onclick=\"javascript:void window.open('http:\/\/www.reddit.com\/submit?url=www.fabregat-perulles-sales.com\/actualidad\/wp-json\/wp\/v2\/posts\/2743&title=Die Balearen k\u00f6nnten Aufenthalte zu touristischen Zwecken in Mehrfamilienh\u00e4usern verbieten.','1410949501326','width=700,height=500,toolbar=0,menubar=0,location=0,status=1,scrollbars=1,resizable=1,left=0,top=0');return false;\" style=\"background-position: -300px -120px \"><\/a>\r\n\t\t\t\t\t<\/li>\r\n\t\t\t\t\t\t\t\t\t\t<li class=\"none nobackground \" >\r\n\r\n\t\t\t\t\t\t\t\t\t\t\t\t<a id=\"backforunical2743\" href=\"http:\/\/www.bebo.com\/c\/share?Url=www.fabregat-perulles-sales.com\/actualidad\/wp-json\/wp\/v2\/posts\/2743\"  onclick=\"javascript:void window.open('http:\/\/www.bebo.com\/c\/share?Url=www.fabregat-perulles-sales.com\/actualidad\/wp-json\/wp\/v2\/posts\/2743','1410949501326','width=700,height=500,toolbar=0,menubar=0,location=0,status=1,scrollbars=1,resizable=1,left=0,top=0');return false;\" style=\"background-position: -330px -120px \"><\/a>\r\n\t\t\t\t\t<\/li>\r\n\t\t\t\t\t\t\t\t\t\t<li class=\"none nobackground \" >\r\n\r\n\t\t\t\t\t\t\t\t\t\t\t\t<a id=\"backforunical2743\" href=\"https:\/\/delicious.com\/save?v=5&noui&jump=close&url=www.fabregat-perulles-sales.com\/actualidad\/wp-json\/wp\/v2\/posts\/2743&title=Die Balearen k\u00f6nnten Aufenthalte zu touristischen Zwecken in Mehrfamilienh\u00e4usern verbieten.\"  onclick=\"javascript:void window.open('https:\/\/delicious.com\/save?v=5&noui&jump=close&url=www.fabregat-perulles-sales.com\/actualidad\/wp-json\/wp\/v2\/posts\/2743&title=Die Balearen k\u00f6nnten Aufenthalte zu touristischen Zwecken in Mehrfamilienh\u00e4usern verbieten.','1410949501326','width=700,height=500,toolbar=0,menubar=0,location=0,status=1,scrollbars=1,resizable=1,left=0,top=0');return false;\" style=\"background-position: -360px -120px \"><\/a>\r\n\t\t\t\t\t<\/li>\r\n\t\t\t\t\t\t\t\t\t\t<li class=\"none nobackground \" >\r\n\r\n\t\t\t\t\t\t\t\t\t\t\t\t<a id=\"backforunical2743\" href=\"http:\/\/www.odnoklassniki.ru\/dk?st.cmd=addShare&st.s=2&st.noresize=on&st._surl=www.fabregat-perulles-sales.com\/actualidad\/wp-json\/wp\/v2\/posts\/2743\"  onclick=\"javascript:void window.open('http:\/\/www.odnoklassniki.ru\/dk?st.cmd=addShare&st.s=2&st.noresize=on&st._surl=www.fabregat-perulles-sales.com\/actualidad\/wp-json\/wp\/v2\/posts\/2743','1410949501326','width=700,height=500,toolbar=0,menubar=0,location=0,status=1,scrollbars=1,resizable=1,left=0,top=0');return false;\" style=\"background-position: -390px -120px \"><\/a>\r\n\t\t\t\t\t<\/li>\r\n\t\t\t\t\t\t\t\t\t\t<li class=\"none nobackground \" >\r\n\r\n\t\t\t\t\t\t\t\t\t\t\t\t<a id=\"backforunical2743\" href=\"http:\/\/sns.qzone.qq.com\/cgi-bin\/qzshare\/cgi_qzshare_onekey?url=www.fabregat-perulles-sales.com\/actualidad\/wp-json\/wp\/v2\/posts\/2743&title=Die Balearen k\u00f6nnten Aufenthalte zu touristischen Zwecken in Mehrfamilienh\u00e4usern verbieten.\"  onclick=\"javascript:void window.open('http:\/\/sns.qzone.qq.com\/cgi-bin\/qzshare\/cgi_qzshare_onekey?url=www.fabregat-perulles-sales.com\/actualidad\/wp-json\/wp\/v2\/posts\/2743&title=Die Balearen k\u00f6nnten Aufenthalte zu touristischen Zwecken in Mehrfamilienh\u00e4usern verbieten.','1410949501326','width=700,height=500,toolbar=0,menubar=0,location=0,status=1,scrollbars=1,resizable=1,left=0,top=0');return false;\" style=\"background-position: -420px -120px \"><\/a>\r\n\t\t\t\t\t<\/li>\r\n\t\t\t\t\t\t\t\t\t\t<li class=\"none nobackground \" >\r\n\r\n\t\t\t\t\t\t\t\t\t\t\t\t<a id=\"backforunical2743\" href=\"http:\/\/service.weibo.com\/share\/share.php?url=www.fabregat-perulles-sales.com\/actualidad\/wp-json\/wp\/v2\/posts\/2743&appkey=&title=Die Balearen k\u00f6nnten Aufenthalte zu touristischen Zwecken in Mehrfamilienh\u00e4usern verbieten.&pic=&ralateUid=&\"  onclick=\"javascript:void window.open('http:\/\/service.weibo.com\/share\/share.php?url=www.fabregat-perulles-sales.com\/actualidad\/wp-json\/wp\/v2\/posts\/2743&appkey=&title=Die Balearen k\u00f6nnten Aufenthalte zu touristischen Zwecken in Mehrfamilienh\u00e4usern verbieten.&pic=&ralateUid=&','1410949501326','width=700,height=500,toolbar=0,menubar=0,location=0,status=1,scrollbars=1,resizable=1,left=0,top=0');return false;\" style=\"background-position: -450px -120px \"><\/a>\r\n\t\t\t\t\t<\/li>\r\n\t\t\t\t\t\t\t\t\t\t<li class=\"none nobackground \" >\r\n\r\n\t\t\t\t\t\t\t\t\t\t\t\t<a id=\"backforunical2743\" href=\"http:\/\/widget.renren.com\/dialog\/share?resourceUrl=www.fabregat-perulles-sales.com\/actualidad\/wp-json\/wp\/v2\/posts\/2743&srcUrl=www.fabregat-perulles-sales.com\/actualidad\/wp-json\/wp\/v2\/posts\/2743&title=Die Balearen k\u00f6nnten Aufenthalte zu touristischen Zwecken in Mehrfamilienh\u00e4usern verbieten.\"  onclick=\"javascript:void window.open('http:\/\/widget.renren.com\/dialog\/share?resourceUrl=www.fabregat-perulles-sales.com\/actualidad\/wp-json\/wp\/v2\/posts\/2743&srcUrl=www.fabregat-perulles-sales.com\/actualidad\/wp-json\/wp\/v2\/posts\/2743&title=Die Balearen k\u00f6nnten Aufenthalte zu touristischen Zwecken in Mehrfamilienh\u00e4usern verbieten.','1410949501326','width=700,height=500,toolbar=0,menubar=0,location=0,status=1,scrollbars=1,resizable=1,left=0,top=0');return false;\" style=\"background-position: -480px -120px \"><\/a>\r\n\t\t\t\t\t<\/li>\r\n\t\t\t\t\t\t\t\t\t\t<li class=\"none nobackground \" >\r\n\r\n\t\t\t\t\t\t\t\t\t\t\t\t<a id=\"backforunical2743\" href=\"http:\/\/n4g.com\/tips?url=www.fabregat-perulles-sales.com\/actualidad\/wp-json\/wp\/v2\/posts\/2743&title=Die Balearen k\u00f6nnten Aufenthalte zu touristischen Zwecken in Mehrfamilienh\u00e4usern verbieten.\"  onclick=\"javascript:void window.open('http:\/\/n4g.com\/tips?url=www.fabregat-perulles-sales.com\/actualidad\/wp-json\/wp\/v2\/posts\/2743&title=Die Balearen k\u00f6nnten Aufenthalte zu touristischen Zwecken in Mehrfamilienh\u00e4usern verbieten.','1410949501326','width=700,height=500,toolbar=0,menubar=0,location=0,status=1,scrollbars=1,resizable=1,left=0,top=0');return false;\" style=\"background-position: -510px -120px \"><\/a>\r\n\t\t\t\t\t<\/li>\r\n\t\t\t\t\t\t\t\t<\/ul>\r\n\t\t\t<div class=\"clear\"><\/div>\r\n\t\t<\/div>\r\n\t\t","protected":false},"excerpt":{"rendered":"<p>Am 7. April 2017 hat die autonome Regierung der Balearischen Inseln die Gesetzesvorlage zur \u00c4nderung des Gesetzes 8\/2012 \u00fcber den Tourismus auf den Balearischen Inseln beschlossen um eine neue Regelung der Wohnungen f\u00fcr touristische Aufenthalte (auch als touristisch genutzte Wohnungen bekannt) voranzubringen. Aus der Begr\u00fcndung zur Gesetzesvorlage geht hervor, dass diese darauf abzielt ein Gleichgewicht\u2026 <span class=\"read-more\"><a href=\"https:\/\/www.fabregat-perulles-sales.com\/actualidad\/die-balearen-konnten-aufenthalte-zu-touristischen-zwecken-in-mehrfamilienhausern-verbieten\/\">Read More &raquo;<\/a><\/span><\/p>\n","protected":false},"author":3,"featured_media":0,"comment_status":"open","ping_status":"closed","sticky":false,"template":"","format":"standard","meta":[],"categories":[20,86,468,3,58,74],"tags":[925,926,923,922,921,927,924,928],"yoast_head":"<!-- This site is optimized with the Yoast SEO plugin v20.2.1 - https:\/\/yoast.com\/wordpress\/plugins\/seo\/ -->\n<title>Die Balearen k\u00f6nnten Aufenthalte zu touristischen Zwecken in Mehrfamilienh\u00e4usern verbieten.<\/title>\n<meta name=\"description\" content=\"Am 7. April 2017 hat die autonome Regierung der Balearischen Inseln die Gesetzesvorlage zur \u00c4nderung des Gesetzes 8\/2012 \u00fcber den Tourismus auf den Balearischen Inseln beschlossen um eine neue Regelung der Wohnungen f\u00fcr touristische Aufenthalte (auch als touristisch genutzte Wohnungen bekannt) voranzubringen.\" \/>\n<meta name=\"robots\" content=\"index, follow, max-snippet:-1, max-image-preview:large, max-video-preview:-1\" \/>\n<link rel=\"canonical\" href=\"https:\/\/www.fabregat-perulles-sales.com\/actualidad\/die-balearen-konnten-aufenthalte-zu-touristischen-zwecken-in-mehrfamilienhausern-verbieten\/\" \/>\n<meta property=\"og:locale\" content=\"en_US\" \/>\n<meta property=\"og:type\" content=\"article\" \/>\n<meta property=\"og:title\" content=\"Die Balearen k\u00f6nnten Aufenthalte zu touristischen Zwecken in Mehrfamilienh\u00e4usern verbieten.\" \/>\n<meta property=\"og:description\" content=\"Am 7. April 2017 hat die autonome Regierung der Balearischen Inseln die Gesetzesvorlage zur \u00c4nderung des Gesetzes 8\/2012 \u00fcber den Tourismus auf den Balearischen Inseln beschlossen um eine neue Regelung der Wohnungen f\u00fcr touristische Aufenthalte (auch als touristisch genutzte Wohnungen bekannt) voranzubringen.\" \/>\n<meta property=\"og:url\" content=\"https:\/\/www.fabregat-perulles-sales.com\/actualidad\/die-balearen-konnten-aufenthalte-zu-touristischen-zwecken-in-mehrfamilienhausern-verbieten\/\" \/>\n<meta property=\"og:site_name\" content=\"International Lawyers\" \/>\n<meta property=\"article:published_time\" content=\"2017-05-23T18:03:21+00:00\" \/>\n<meta property=\"article:modified_time\" content=\"2017-05-30T10:11:06+00:00\" \/>\n<meta property=\"og:image\" content=\"http:\/\/www.fabregat-perulles-sales.com\/actualidad\/wp-content\/uploads\/2016\/11\/usucapion-inmueble-abogados-espanol-300x225.jpg\" \/>\n<meta name=\"author\" content=\"Victor\" \/>\n<meta name=\"twitter:card\" content=\"summary_large_image\" \/>\n<meta name=\"twitter:label1\" content=\"Written by\" \/>\n\t<meta name=\"twitter:data1\" content=\"Victor\" \/>\n\t<meta name=\"twitter:label2\" content=\"Est. reading time\" \/>\n\t<meta name=\"twitter:data2\" content=\"1 minute\" \/>\n<script type=\"application\/ld+json\" class=\"yoast-schema-graph\">{\"@context\":\"https:\/\/schema.org\",\"@graph\":[{\"@type\":\"WebPage\",\"@id\":\"https:\/\/www.fabregat-perulles-sales.com\/actualidad\/die-balearen-konnten-aufenthalte-zu-touristischen-zwecken-in-mehrfamilienhausern-verbieten\/\",\"url\":\"https:\/\/www.fabregat-perulles-sales.com\/actualidad\/die-balearen-konnten-aufenthalte-zu-touristischen-zwecken-in-mehrfamilienhausern-verbieten\/\",\"name\":\"Die Balearen k\u00f6nnten Aufenthalte zu touristischen Zwecken in Mehrfamilienh\u00e4usern verbieten.\",\"isPartOf\":{\"@id\":\"https:\/\/www.fabregat-perulles-sales.com\/actualidad\/#website\"},\"datePublished\":\"2017-05-23T18:03:21+00:00\",\"dateModified\":\"2017-05-30T10:11:06+00:00\",\"author\":{\"@id\":\"https:\/\/www.fabregat-perulles-sales.com\/actualidad\/#\/schema\/person\/cabc1d68c7778f01d5e069c2d98442e3\"},\"description\":\"Am 7. April 2017 hat die autonome Regierung der Balearischen Inseln die Gesetzesvorlage zur \u00c4nderung des Gesetzes 8\/2012 \u00fcber den Tourismus auf den Balearischen Inseln beschlossen um eine neue Regelung der Wohnungen f\u00fcr touristische Aufenthalte (auch als touristisch genutzte Wohnungen bekannt) voranzubringen.\",\"breadcrumb\":{\"@id\":\"https:\/\/www.fabregat-perulles-sales.com\/actualidad\/die-balearen-konnten-aufenthalte-zu-touristischen-zwecken-in-mehrfamilienhausern-verbieten\/#breadcrumb\"},\"inLanguage\":\"en-US\",\"potentialAction\":[{\"@type\":\"ReadAction\",\"target\":[\"https:\/\/www.fabregat-perulles-sales.com\/actualidad\/die-balearen-konnten-aufenthalte-zu-touristischen-zwecken-in-mehrfamilienhausern-verbieten\/\"]}]},{\"@type\":\"BreadcrumbList\",\"@id\":\"https:\/\/www.fabregat-perulles-sales.com\/actualidad\/die-balearen-konnten-aufenthalte-zu-touristischen-zwecken-in-mehrfamilienhausern-verbieten\/#breadcrumb\",\"itemListElement\":[{\"@type\":\"ListItem\",\"position\":1,\"name\":\"Home\",\"item\":\"https:\/\/www.fabregat-perulles-sales.com\/actualidad\/\"},{\"@type\":\"ListItem\",\"position\":2,\"name\":\"Die Balearen k\u00f6nnten Aufenthalte zu touristischen Zwecken in Mehrfamilienh\u00e4usern verbieten.\"}]},{\"@type\":\"WebSite\",\"@id\":\"https:\/\/www.fabregat-perulles-sales.com\/actualidad\/#website\",\"url\":\"https:\/\/www.fabregat-perulles-sales.com\/actualidad\/\",\"name\":\"www.fabregat-perulles-sales.com\",\"description\":\"Fabregat Perulles Sales Abogados is a law firm of reference international market in the Spanish-German, Spanish-French, and Spanish-Italian. Is one of the first firms in Barcelona offering a Russian Desk.\",\"potentialAction\":[{\"@type\":\"SearchAction\",\"target\":{\"@type\":\"EntryPoint\",\"urlTemplate\":\"https:\/\/www.fabregat-perulles-sales.com\/actualidad\/?s={search_term_string}\"},\"query-input\":\"required name=search_term_string\"}],\"inLanguage\":\"en-US\"},{\"@type\":\"Person\",\"@id\":\"https:\/\/www.fabregat-perulles-sales.com\/actualidad\/#\/schema\/person\/cabc1d68c7778f01d5e069c2d98442e3\",\"name\":\"Victor\",\"image\":{\"@type\":\"ImageObject\",\"inLanguage\":\"en-US\",\"@id\":\"https:\/\/www.fabregat-perulles-sales.com\/actualidad\/#\/schema\/person\/image\/\",\"url\":\"https:\/\/secure.gravatar.com\/avatar\/756cb666a964d2960ffe307b8a53b271?s=96&d=mm&r=g\",\"contentUrl\":\"https:\/\/secure.gravatar.com\/avatar\/756cb666a964d2960ffe307b8a53b271?s=96&d=mm&r=g\",\"caption\":\"Victor\"},\"sameAs\":[\"http:\/\/www.fabregat-perulles-sales.com\"],\"url\":\"https:\/\/www.fabregat-perulles-sales.com\/actualidad\/author\/victor\/\"}]}<\/script>\n<!-- \/ Yoast SEO plugin. -->","yoast_head_json":{"title":"Die Balearen k\u00f6nnten Aufenthalte zu touristischen Zwecken in Mehrfamilienh\u00e4usern verbieten.","description":"Am 7. April 2017 hat die autonome Regierung der Balearischen Inseln die Gesetzesvorlage zur \u00c4nderung des Gesetzes 8\/2012 \u00fcber den Tourismus auf den Balearischen Inseln beschlossen um eine neue Regelung der Wohnungen f\u00fcr touristische Aufenthalte (auch als touristisch genutzte Wohnungen bekannt) voranzubringen.","robots":{"index":"index","follow":"follow","max-snippet":"max-snippet:-1","max-image-preview":"max-image-preview:large","max-video-preview":"max-video-preview:-1"},"canonical":"https:\/\/www.fabregat-perulles-sales.com\/actualidad\/die-balearen-konnten-aufenthalte-zu-touristischen-zwecken-in-mehrfamilienhausern-verbieten\/","og_locale":"en_US","og_type":"article","og_title":"Die Balearen k\u00f6nnten Aufenthalte zu touristischen Zwecken in Mehrfamilienh\u00e4usern verbieten.","og_description":"Am 7. April 2017 hat die autonome Regierung der Balearischen Inseln die Gesetzesvorlage zur \u00c4nderung des Gesetzes 8\/2012 \u00fcber den Tourismus auf den Balearischen Inseln beschlossen um eine neue Regelung der Wohnungen f\u00fcr touristische Aufenthalte (auch als touristisch genutzte Wohnungen bekannt) voranzubringen.","og_url":"https:\/\/www.fabregat-perulles-sales.com\/actualidad\/die-balearen-konnten-aufenthalte-zu-touristischen-zwecken-in-mehrfamilienhausern-verbieten\/","og_site_name":"International Lawyers","article_published_time":"2017-05-23T18:03:21+00:00","article_modified_time":"2017-05-30T10:11:06+00:00","og_image":[{"url":"http:\/\/www.fabregat-perulles-sales.com\/actualidad\/wp-content\/uploads\/2016\/11\/usucapion-inmueble-abogados-espanol-300x225.jpg"}],"author":"Victor","twitter_card":"summary_large_image","twitter_misc":{"Written by":"Victor","Est. reading time":"1 minute"},"schema":{"@context":"https:\/\/schema.org","@graph":[{"@type":"WebPage","@id":"https:\/\/www.fabregat-perulles-sales.com\/actualidad\/die-balearen-konnten-aufenthalte-zu-touristischen-zwecken-in-mehrfamilienhausern-verbieten\/","url":"https:\/\/www.fabregat-perulles-sales.com\/actualidad\/die-balearen-konnten-aufenthalte-zu-touristischen-zwecken-in-mehrfamilienhausern-verbieten\/","name":"Die Balearen k\u00f6nnten Aufenthalte zu touristischen Zwecken in Mehrfamilienh\u00e4usern verbieten.","isPartOf":{"@id":"https:\/\/www.fabregat-perulles-sales.com\/actualidad\/#website"},"datePublished":"2017-05-23T18:03:21+00:00","dateModified":"2017-05-30T10:11:06+00:00","author":{"@id":"https:\/\/www.fabregat-perulles-sales.com\/actualidad\/#\/schema\/person\/cabc1d68c7778f01d5e069c2d98442e3"},"description":"Am 7. April 2017 hat die autonome Regierung der Balearischen Inseln die Gesetzesvorlage zur \u00c4nderung des Gesetzes 8\/2012 \u00fcber den Tourismus auf den Balearischen Inseln beschlossen um eine neue Regelung der Wohnungen f\u00fcr touristische Aufenthalte (auch als touristisch genutzte Wohnungen bekannt) voranzubringen.","breadcrumb":{"@id":"https:\/\/www.fabregat-perulles-sales.com\/actualidad\/die-balearen-konnten-aufenthalte-zu-touristischen-zwecken-in-mehrfamilienhausern-verbieten\/#breadcrumb"},"inLanguage":"en-US","potentialAction":[{"@type":"ReadAction","target":["https:\/\/www.fabregat-perulles-sales.com\/actualidad\/die-balearen-konnten-aufenthalte-zu-touristischen-zwecken-in-mehrfamilienhausern-verbieten\/"]}]},{"@type":"BreadcrumbList","@id":"https:\/\/www.fabregat-perulles-sales.com\/actualidad\/die-balearen-konnten-aufenthalte-zu-touristischen-zwecken-in-mehrfamilienhausern-verbieten\/#breadcrumb","itemListElement":[{"@type":"ListItem","position":1,"name":"Home","item":"https:\/\/www.fabregat-perulles-sales.com\/actualidad\/"},{"@type":"ListItem","position":2,"name":"Die Balearen k\u00f6nnten Aufenthalte zu touristischen Zwecken in Mehrfamilienh\u00e4usern verbieten."}]},{"@type":"WebSite","@id":"https:\/\/www.fabregat-perulles-sales.com\/actualidad\/#website","url":"https:\/\/www.fabregat-perulles-sales.com\/actualidad\/","name":"www.fabregat-perulles-sales.com","description":"Fabregat Perulles Sales Abogados is a law firm of reference international market in the Spanish-German, Spanish-French, and Spanish-Italian. Is one of the first firms in Barcelona offering a Russian Desk.","potentialAction":[{"@type":"SearchAction","target":{"@type":"EntryPoint","urlTemplate":"https:\/\/www.fabregat-perulles-sales.com\/actualidad\/?s={search_term_string}"},"query-input":"required name=search_term_string"}],"inLanguage":"en-US"},{"@type":"Person","@id":"https:\/\/www.fabregat-perulles-sales.com\/actualidad\/#\/schema\/person\/cabc1d68c7778f01d5e069c2d98442e3","name":"Victor","image":{"@type":"ImageObject","inLanguage":"en-US","@id":"https:\/\/www.fabregat-perulles-sales.com\/actualidad\/#\/schema\/person\/image\/","url":"https:\/\/secure.gravatar.com\/avatar\/756cb666a964d2960ffe307b8a53b271?s=96&d=mm&r=g","contentUrl":"https:\/\/secure.gravatar.com\/avatar\/756cb666a964d2960ffe307b8a53b271?s=96&d=mm&r=g","caption":"Victor"},"sameAs":["http:\/\/www.fabregat-perulles-sales.com"],"url":"https:\/\/www.fabregat-perulles-sales.com\/actualidad\/author\/victor\/"}]}},"amp_enabled":true,"_links":{"self":[{"href":"https:\/\/www.fabregat-perulles-sales.com\/actualidad\/wp-json\/wp\/v2\/posts\/2743"}],"collection":[{"href":"https:\/\/www.fabregat-perulles-sales.com\/actualidad\/wp-json\/wp\/v2\/posts"}],"about":[{"href":"https:\/\/www.fabregat-perulles-sales.com\/actualidad\/wp-json\/wp\/v2\/types\/post"}],"author":[{"embeddable":true,"href":"https:\/\/www.fabregat-perulles-sales.com\/actualidad\/wp-json\/wp\/v2\/users\/3"}],"replies":[{"embeddable":true,"href":"https:\/\/www.fabregat-perulles-sales.com\/actualidad\/wp-json\/wp\/v2\/comments?post=2743"}],"version-history":[{"count":4,"href":"https:\/\/www.fabregat-perulles-sales.com\/actualidad\/wp-json\/wp\/v2\/posts\/2743\/revisions"}],"predecessor-version":[{"id":2759,"href":"https:\/\/www.fabregat-perulles-sales.com\/actualidad\/wp-json\/wp\/v2\/posts\/2743\/revisions\/2759"}],"wp:attachment":[{"href":"https:\/\/www.fabregat-perulles-sales.com\/actualidad\/wp-json\/wp\/v2\/media?parent=2743"}],"wp:term":[{"taxonomy":"category","embeddable":true,"href":"https:\/\/www.fabregat-perulles-sales.com\/actualidad\/wp-json\/wp\/v2\/categories?post=2743"},{"taxonomy":"post_tag","embeddable":true,"href":"https:\/\/www.fabregat-perulles-sales.com\/actualidad\/wp-json\/wp\/v2\/tags?post=2743"}],"curies":[{"name":"wp","href":"https:\/\/api.w.org\/{rel}","templated":true}]}}