{"id":2695,"date":"2017-04-25T15:56:17","date_gmt":"2017-04-25T14:56:17","guid":{"rendered":"http:\/\/www.fabregat-perulles-sales.com\/actualidad\/?p=2695"},"modified":"2017-06-19T09:50:18","modified_gmt":"2017-06-19T08:50:18","slug":"das-verfassungsgericht-erklart-die-plusvalia-in-bestimmten-fallen-fur-verfassungswidrig","status":"publish","type":"post","link":"https:\/\/www.fabregat-perulles-sales.com\/actualidad\/das-verfassungsgericht-erklart-die-plusvalia-in-bestimmten-fallen-fur-verfassungswidrig\/","title":{"rendered":"Das Verfassungsgericht erkl\u00e4rt die \u201cPlusval\u00eda\u201d in bestimmten F\u00e4llen f\u00fcr verfassungswidrig."},"content":{"rendered":"<p>Die Wertzuwachssteuer auf st\u00e4dtische Grundst\u00fccke, auch oft \u201eplusval\u00eda\u201c genannt, f\u00e4llt mit der \u00dcbertragung eines st\u00e4dtischen Grundst\u00fcckes an. Diese gemeindliche Steuer wird, wie der Name bereits sagt, auf den Wertzuwachs bei Grundst\u00fccken in dem Zeitraum zwischen Erwerb und \u00dcbertragung erhoben. In der Praxis jedoch wird sie immer erhoben, auch wenn sich ein Wertverlust ergeben hat, da die Berechnung des Wertzuwachses auf objektiver Grundlage erfolgt: dem Katasterwert. Am 17. Februar 2017 hat das spanische Verfassungsgericht (VerfG) mehrere Artikel der &#8220;Norma Foral\u201c 16\/1989, vom 5. Juli \u00fcber die Wertzuwachssteuer auf st\u00e4dtische Grundst\u00fccke des Historischen Gebiets Gipuzkoa insoweit f\u00fcr verfassungswidrig erkl\u00e4rt, als dass sie auch Sachverhalte, in welchen ein Zuwachs nicht besteht, besteuern. In dem vom VerfG untersuchten Fall, <img decoding=\"async\" loading=\"lazy\" class=\"alignright size-medium wp-image-2141\" src=\"http:\/\/www.fabregat-perulles-sales.com\/actualidad\/wp-content\/uploads\/2016\/01\/resoluci\u00f3n-arrendamiento-abogados-espa\u00f1ol-300x166.jpg\" alt=\"\" width=\"300\" height=\"166\" srcset=\"https:\/\/www.fabregat-perulles-sales.com\/actualidad\/wp-content\/uploads\/2016\/01\/resoluci\u00f3n-arrendamiento-abogados-espa\u00f1ol-300x166.jpg 300w, https:\/\/www.fabregat-perulles-sales.com\/actualidad\/wp-content\/uploads\/2016\/01\/resoluci\u00f3n-arrendamiento-abogados-espa\u00f1ol.jpg 676w\" sizes=\"(max-width: 300px) 100vw, 300px\" \/>hatte ein Unternehmen ein Grundst\u00fcck zu einem Preis verkauft, der unter dem Anschaffungspreis lag, was im Hinblick auf die K\u00f6rperschaftssteuer zur Erkl\u00e4rung eines Verm\u00f6gensverlustes f\u00fchrte. Dennoch verlangte das Rathaus die Entrichtung der \u201eplusvalia\u201c, da sich der Katasterwert des Grundst\u00fcckes erh\u00f6ht hatte. Das VerfG erinnert in seinem Urteil daran, dass Art. 31.1 der Spanischen Verfassung die Pflicht der Allgemeinheit zur Beteiligung an den \u00f6ffentlichen Ausgaben gem\u00e4\u00df ihrer wirtschaftlichen Kapazit\u00e4t begr\u00fcndet und dass es verfassungsm\u00e4\u00dfig zul\u00e4ssig sei, dass es Steuern g\u00e4be, die an der Erf\u00fcllung von Zielen orientiert seien, welche die Verfassung bef\u00fcrwortet oder garantiert und die diese wirtschaftliche Kapazit\u00e4t als im Allgemeinen tats\u00e4chlichen oder potentiellen Wohlstand oder Einkommen erfassen. Dennoch verbiete das Prinzip der wirtschaftlichen Kapazit\u00e4t in jedem Fall die Sachverhalte zu besteuern, in denen der Wohlstand weder sicher noch potentiell sondern lediglich fiktiv sei und daher nichts \u00fcber die wirtschaftliche Kapazit\u00e4t aussage. Die Schlussfolgerung des Verfassungsgerichts ist klar: Wenn der Verm\u00f6gensverlust belegt ist, bleibt kein Raum f\u00fcr die Besteuerung mit der \u201eplusval\u00eda\u201c.<\/p>\n<p><script type=\"application\/ld+json\">\n{\n  \"@context\": \"http:\/\/schema.org\/\",\n  \"@type\": \"NewsArticle\",\n  \"headline\": \"Das Verfassungsgericht erkl\u00e4rt die \u201cPlusval\u00eda\u201d in bestimmten F\u00e4llen f\u00fcr verfassungswidrig.\",\n  \"datePublished\": \"2017-04-25\",\n  \"description\": \"Am 17. Februar 2017 hat das spanische Verfassungsgericht (VerfG) mehrere Artikel der \u201cNorma Foral\u201c 16\/1989, vom 5. Juli \u00fcber die Wertzuwachssteuer auf st\u00e4dtische Grundst\u00fccke des Historischen Gebiets Gipuzkoa insoweit f\u00fcr verfassungswidrig erkl\u00e4rt, als dass sie auch Sachverhalte, in welchen ein Zuwachs nicht besteht, besteuern.\",\n  \"image\": {\n    \"@type\": \"ImageObject\",\n    \"height\": \"166\",\n    \"width\": \"300\",\n    \"url\": \"http:\/\/www.fabregat-perulles-sales.com\/actualidad\/wp-content\/uploads\/2016\/01\/resoluci%C3%B3n-arrendamiento-abogados-espa%C3%B1ol-300x166.jpg\"\n  },\n  \"author\": \"Fabregat Perulles Sales\",\n  \"publisher\": {\n    \"@type\": \"Organization\",\n    \"logo\": {\n      \"@type\": \"ImageObject\",\n      \"url\": \"http:\/\/www.fabregat-perulles-sales.com\/abogados-barcelona-barcelona-fabregat-perulles-sales\/Logo-Fabregat-Perulles-Sales-Abogados-alemanes-rusos-franceses-italianos-ingleses-negro.png\"\n    },\n    \"name\": \"Fabregat Perulles Sales\"\n  },\n  \"articleBody\": \"Die Wertzuwachssteuer auf st\u00e4dtische Grundst\u00fccke, auch oft plusval\u00eda genannt, f\u00e4llt mit der \u00dcbertragung eines st\u00e4dtischen Grundst\u00fcckes an. Diese gemeindliche Steuer wird, wie der Name bereits sagt, auf den Wertzuwachs bei Grundst\u00fccken in dem Zeitraum zwischen Erwerb und \u00dcbertragung erhoben. In der Praxis jedoch wird sie immer erhoben, auch wenn sich ein Wertverlust ergeben hat, da die Berechnung des Wertzuwachses auf objektiver Grundlage erfolgt: dem Katasterwert. Am 17. Februar 2017 hat das spanische Verfassungsgericht (VerfG) mehrere Artikel der Norma Foral 16\/1989, vom 5. Juli \u00fcber die Wertzuwachssteuer auf st\u00e4dtische Grundst\u00fccke des Historischen Gebiets Gipuzkoa insoweit f\u00fcr verfassungswidrig erkl\u00e4rt, als dass sie auch Sachverhalte, in welchen ein Zuwachs nicht besteht, besteuern. In dem vom VerfG untersuchten Fall, hatte ein Unternehmen ein Grundst\u00fcck zu einem Preis verkauft, der unter dem Anschaffungspreis lag, was im Hinblick auf die K\u00f6rperschaftssteuer zur Erkl\u00e4rung eines Verm\u00f6gensverlustes f\u00fchrte. Dennoch verlangte das Rathaus die Entrichtung der plusvalia, da sich der Katasterwert des Grundst\u00fcckes erh\u00f6ht hatte. Das VerfG erinnert in seinem Urteil daran, dass Art. 31.1 der Spanischen Verfassung die Pflicht der Allgemeinheit zur Beteiligung an den \u00f6ffentlichen Ausgaben gem\u00e4\u00df ihrer wirtschaftlichen Kapazit\u00e4t begr\u00fcndet und dass es verfassungsm\u00e4\u00dfig zul\u00e4ssig sei, dass es Steuern g\u00e4be, die an der Erf\u00fcllung von Zielen orientiert seien, welche die Verfassung bef\u00fcrwortet oder garantiert und die diese wirtschaftliche Kapazit\u00e4t als im Allgemeinen tats\u00e4chlichen oder potentiellen Wohlstand oder Einkommen erfassen. Dennoch verbiete das Prinzip der wirtschaftlichen Kapazit\u00e4t in jedem Fall die Sachverhalte zu besteuern, in denen der Wohlstand weder sicher noch potentiell sondern lediglich fiktiv sei und daher nichts \u00fcber die wirtschaftliche Kapazit\u00e4t aussage. Die Schlussfolgerung des Verfassungsgerichts ist klar: Wenn der Verm\u00f6gensverlust belegt ist, bleibt kein Raum f\u00fcr die Besteuerung mit der plusval\u00eda.\"\n}\n<\/script><\/p>\n\r\n\t\t<style>\r\n\t\t\t.huge-it-share-buttons {\r\n\t\t\t\tborder:0px solid #0FB5D6;\r\n\t\t\t\tborder-radius:5px;\r\n\t\t\t\tbackground:#3BD8FF;\r\n\t\t\t text-align:left; \t\t\t\t\t\t\t\t\t}\r\n\r\n\t\t\t#huge-it-share-buttons-top {margin-bottom:0px;}\r\n\t\t\t#huge-it-share-buttons-bottom {margin-top:0px;}\r\n\r\n\t\t\t.huge-it-share-buttons h3 {\r\n\t\t\t\tfont-size:25px ;\r\n\t\t\t\tfont-family:Arial,Helvetica Neue,Helvetica,sans-serif;\r\n\t\t\t\tcolor:#666666;\r\n\r\n\t\t\tdisplay:block;\t\t\t\tline-height:25px ;\r\n\r\n\t\t\t text-align:left; \t\t\t\t\t\t\t\t\t}\r\n\r\n\t\t\t.huge-it-share-buttons ul {\r\n\t\t\t float:left; \t\t\t\t\t\t\t\t\t}\r\n\r\n\t\t\t.huge-it-share-buttons ul li {\r\n\t\t\t\tmargin-left:3px;\r\n\t\t\t\tmargin-right:3px;\r\n\t\t\t\tpadding:0px;\r\n\t\t\t\tborder:0px ridge #E6354C;\r\n\t\t\t\tborder-radius:11px;\r\n\t\t\t\tbackground-color:#14CC9B;\r\n\t\t\t}\r\n\r\n\t\t\t.huge-it-share-buttons ul li #backforunical2695 {\r\n\t\t\t\tborder-bottom: 0;\r\n\t\t\t\tbackground-image:url('https:\/\/www.fabregat-perulles-sales.com\/actualidad\/wp-content\/plugins\/wp-share-buttons\/Front_end\/..\/images\/buttons.30.png');\r\n\t\t\t\twidth:30px;\r\n\t\t\t\theight:30px;\r\n\t\t\t}\r\n\r\n\t\t\t.front-shares-count {\r\n\t\t\t\tposition: absolute;\r\n\t\t\t\ttext-align: center;\r\n\t\t\t\tdisplay: block;\r\n\t\t\t}\r\n\r\n\t\t\t.shares_size20 .front-shares-count {\r\n\t\t\t\tfont-size: 10px;\r\n\t\t\t\ttop: 10px;\r\n\t\t\t\twidth: 20px;\r\n\t\t\t}\r\n\r\n\t\t\t.shares_size30 .front-shares-count {\r\n\t\t\t\tfont-size: 11px;\r\n\t\t\t\ttop: 15px;\r\n\t\t\t\twidth: 30px;\r\n\t\t\t}\r\n\r\n\t\t\t.shares_size40 .front-shares-count {\r\n\t\t\t\tfont-size: 12px;\r\n\t\t\t\ttop: 21px;\r\n\t\t\t\twidth: 40px;\r\n\t\t\t}\r\n\t\t<\/style>\r\n\t\t\r\n\t\t<div id=\"huge-it-share-buttons-top\" class=\"huge-it-share-buttons nobackground\">\r\n\t\t\t<h3>Share This:<\/h3>\r\n\t\t\t<ul class=\"huge-it-share-buttons-list \">\r\n\t\t\t\t\t\t\t\t\t<li class=\"nobackground \" >\r\n\r\n\t\t\t\t\t\t\t\t\t\t\t\t<a id=\"backforunical2695\" href=\"https:\/\/www.facebook.com\/sharer\/sharer.php?u=www.fabregat-perulles-sales.com\/actualidad\/wp-json\/wp\/v2\/posts\/2695\"  onclick=\"javascript:void window.open('https:\/\/www.facebook.com\/sharer\/sharer.php?u=www.fabregat-perulles-sales.com\/actualidad\/wp-json\/wp\/v2\/posts\/2695','1410949501326','width=700,height=500,toolbar=0,menubar=0,location=0,status=1,scrollbars=1,resizable=1,left=0,top=0');return false;\" style=\"background-position: -0px -120px \"><\/a>\r\n\t\t\t\t\t<\/li>\r\n\t\t\t\t\t\t\t\t\t\t<li class=\"nobackground \" >\r\n\r\n\t\t\t\t\t\t\t\t\t\t\t\t<a id=\"backforunical2695\" href=\"https:\/\/twitter.com\/share?status=www.fabregat-perulles-sales.com\/actualidad\/wp-json\/wp\/v2\/posts\/2695&text=Das Verfassungsgericht erkl\u00e4rt die \u201cPlusval\u00eda\u201d in bestimmten F\u00e4llen f\u00fcr verfassungswidrig.\"  onclick=\"javascript:void window.open('https:\/\/twitter.com\/share?status=www.fabregat-perulles-sales.com\/actualidad\/wp-json\/wp\/v2\/posts\/2695&text=Das Verfassungsgericht erkl\u00e4rt die \u201cPlusval\u00eda\u201d in bestimmten F\u00e4llen f\u00fcr verfassungswidrig.','1410949501326','width=700,height=500,toolbar=0,menubar=0,location=0,status=1,scrollbars=1,resizable=1,left=0,top=0');return false;\" style=\"background-position: -30px -120px \"><\/a>\r\n\t\t\t\t\t<\/li>\r\n\t\t\t\t\t\t\t\t\t\t<li class=\"none nobackground \" >\r\n\r\n\t\t\t\t\t\t\t\t\t\t\t\t<a id=\"backforunical2695\" href=\"http:\/\/www.pinterest.com\/pin\/create\/button\/?url=www.fabregat-perulles-sales.com\/actualidad\/wp-json\/wp\/v2\/posts\/2695&media=https:\/\/www.fabregat-perulles-sales.com\/actualidad\/wp-content\/plugins\/wp-share-buttons\/Front_end\/..\/images\/noimage.png&description=Das Verfassungsgericht erkl\u00e4rt die \u201cPlusval\u00eda\u201d in bestimmten F\u00e4llen f\u00fcr verfassungswidrig.\"  onclick=\"javascript:void window.open('http:\/\/www.pinterest.com\/pin\/create\/button\/?url=www.fabregat-perulles-sales.com\/actualidad\/wp-json\/wp\/v2\/posts\/2695&media=https:\/\/www.fabregat-perulles-sales.com\/actualidad\/wp-content\/plugins\/wp-share-buttons\/Front_end\/..\/images\/noimage.png&description=Das Verfassungsgericht erkl\u00e4rt die \u201cPlusval\u00eda\u201d in bestimmten F\u00e4llen f\u00fcr verfassungswidrig.','1410949501326','width=700,height=500,toolbar=0,menubar=0,location=0,status=1,scrollbars=1,resizable=1,left=0,top=0');return false;\" style=\"background-position: -60px -120px \"><\/a>\r\n\t\t\t\t\t<\/li>\r\n\t\t\t\t\t\t\t\t\t\t<li class=\"none nobackground \" >\r\n\r\n\t\t\t\t\t\t\t\t\t\t\t\t<a id=\"backforunical2695\" href=\"https:\/\/plus.google.com\/share?url=www.fabregat-perulles-sales.com\/actualidad\/wp-json\/wp\/v2\/posts\/2695\"  onclick=\"javascript:void window.open('https:\/\/plus.google.com\/share?url=www.fabregat-perulles-sales.com\/actualidad\/wp-json\/wp\/v2\/posts\/2695','1410949501326','width=700,height=500,toolbar=0,menubar=0,location=0,status=1,scrollbars=1,resizable=1,left=0,top=0');return false;\" style=\"background-position: -90px -120px \"><\/a>\r\n\t\t\t\t\t<\/li>\r\n\t\t\t\t\t\t\t\t\t\t<li class=\"nobackground \" >\r\n\r\n\t\t\t\t\t\t\t\t\t\t\t\t<a id=\"backforunical2695\" href=\"https:\/\/www.linkedin.com\/shareArticle?title=Das Verfassungsgericht erkl\u00e4rt die \u201cPlusval\u00eda\u201d in bestimmten F\u00e4llen f\u00fcr verfassungswidrig.&mini=true&url=https:\/\/www.fabregat-perulles-sales.com\/actualidad\/wp-json\/wp\/v2\/posts\/2695\"  onclick=\"javascript:void window.open('https:\/\/www.linkedin.com\/shareArticle?title=Das Verfassungsgericht erkl\u00e4rt die \u201cPlusval\u00eda\u201d in bestimmten F\u00e4llen f\u00fcr verfassungswidrig.&mini=true&url=https:\/\/www.fabregat-perulles-sales.com\/actualidad\/wp-json\/wp\/v2\/posts\/2695','1410949501326','width=700,height=500,toolbar=0,menubar=0,location=0,status=1,scrollbars=1,resizable=1,left=0,top=0');return false;\" style=\"background-position: -120px -120px \"><\/a>\r\n\t\t\t\t\t<\/li>\r\n\t\t\t\t\t\t\t\t\t\t<li class=\"none nobackground \" >\r\n\r\n\t\t\t\t\t\t\t\t\t\t\t\t<a id=\"backforunical2695\" href=\"https:\/\/www.tumblr.com\/share\/link?url=www.fabregat-perulles-sales.com\/actualidad\/wp-json\/wp\/v2\/posts\/2695&name=Das Verfassungsgericht erkl\u00e4rt die \u201cPlusval\u00eda\u201d in bestimmten F\u00e4llen f\u00fcr verfassungswidrig.\"  onclick=\"javascript:void window.open('https:\/\/www.tumblr.com\/share\/link?url=www.fabregat-perulles-sales.com\/actualidad\/wp-json\/wp\/v2\/posts\/2695&name=Das Verfassungsgericht erkl\u00e4rt die \u201cPlusval\u00eda\u201d in bestimmten F\u00e4llen f\u00fcr verfassungswidrig.','1410949501326','width=700,height=500,toolbar=0,menubar=0,location=0,status=1,scrollbars=1,resizable=1,left=0,top=0');return false;\" style=\"background-position: -150px -120px \"><\/a>\r\n\t\t\t\t\t<\/li>\r\n\t\t\t\t\t\t\t\t\t\t<li class=\"none nobackground \" >\r\n\r\n\t\t\t\t\t\t\t\t\t\t\t\t<a id=\"backforunical2695\" href=\"http:\/\/digg.com\/submit?phase=2&url=www.fabregat-perulles-sales.com\/actualidad\/wp-json\/wp\/v2\/posts\/2695&title=Das Verfassungsgericht erkl\u00e4rt die \u201cPlusval\u00eda\u201d in bestimmten F\u00e4llen f\u00fcr verfassungswidrig.\"  onclick=\"javascript:void window.open('http:\/\/digg.com\/submit?phase=2&url=www.fabregat-perulles-sales.com\/actualidad\/wp-json\/wp\/v2\/posts\/2695&title=Das Verfassungsgericht erkl\u00e4rt die \u201cPlusval\u00eda\u201d in bestimmten F\u00e4llen f\u00fcr verfassungswidrig.','1410949501326','width=700,height=500,toolbar=0,menubar=0,location=0,status=1,scrollbars=1,resizable=1,left=0,top=0');return false;\" style=\"background-position: -180px -120px \"><\/a>\r\n\t\t\t\t\t<\/li>\r\n\t\t\t\t\t\t\t\t\t\t<li class=\"none nobackground \" >\r\n\r\n\t\t\t\t\t\t\t\t\t\t\t\t<a id=\"backforunical2695\" href=\"http:\/\/www.stumbleupon.com\/submit?url=www.fabregat-perulles-sales.com\/actualidad\/wp-json\/wp\/v2\/posts\/2695&title=Das Verfassungsgericht erkl\u00e4rt die \u201cPlusval\u00eda\u201d in bestimmten F\u00e4llen f\u00fcr verfassungswidrig.\"  onclick=\"javascript:void window.open('http:\/\/www.stumbleupon.com\/submit?url=www.fabregat-perulles-sales.com\/actualidad\/wp-json\/wp\/v2\/posts\/2695&title=Das Verfassungsgericht erkl\u00e4rt die \u201cPlusval\u00eda\u201d in bestimmten F\u00e4llen f\u00fcr verfassungswidrig.','1410949501326','width=700,height=500,toolbar=0,menubar=0,location=0,status=1,scrollbars=1,resizable=1,left=0,top=0');return false;\" style=\"background-position: -210px -120px \"><\/a>\r\n\t\t\t\t\t<\/li>\r\n\t\t\t\t\t\t\t\t\t\t<li class=\"none nobackground \" >\r\n\r\n\t\t\t\t\t\t\t\t\t\t\t\t<a id=\"backforunical2695\" href=\"https:\/\/myspace.com\/post?l=3&u=www.fabregat-perulles-sales.com\/actualidad\/wp-json\/wp\/v2\/posts\/2695\"  onclick=\"javascript:void window.open('https:\/\/myspace.com\/post?l=3&u=www.fabregat-perulles-sales.com\/actualidad\/wp-json\/wp\/v2\/posts\/2695','1410949501326','width=700,height=500,toolbar=0,menubar=0,location=0,status=1,scrollbars=1,resizable=1,left=0,top=0');return false;\" style=\"background-position: -240px -120px \"><\/a>\r\n\t\t\t\t\t<\/li>\r\n\t\t\t\t\t\t\t\t\t\t<li class=\"nobackground \" >\r\n\r\n\t\t\t\t\t\t\t\t\t\t\t\t<a id=\"backforunical2695\" href=\"http:\/\/vk.com\/share.php?url=www.fabregat-perulles-sales.com\/actualidad\/wp-json\/wp\/v2\/posts\/2695&title=Das Verfassungsgericht erkl\u00e4rt die \u201cPlusval\u00eda\u201d in bestimmten F\u00e4llen f\u00fcr verfassungswidrig.\"  onclick=\"javascript:void window.open('http:\/\/vk.com\/share.php?url=www.fabregat-perulles-sales.com\/actualidad\/wp-json\/wp\/v2\/posts\/2695&title=Das Verfassungsgericht erkl\u00e4rt die \u201cPlusval\u00eda\u201d in bestimmten F\u00e4llen f\u00fcr verfassungswidrig.','1410949501326','width=700,height=500,toolbar=0,menubar=0,location=0,status=1,scrollbars=1,resizable=1,left=0,top=0');return false;\" style=\"background-position: -270px -120px \"><\/a>\r\n\t\t\t\t\t<\/li>\r\n\t\t\t\t\t\t\t\t\t\t<li class=\"none nobackground \" >\r\n\r\n\t\t\t\t\t\t\t\t\t\t\t\t<a id=\"backforunical2695\" href=\"http:\/\/www.reddit.com\/submit?url=www.fabregat-perulles-sales.com\/actualidad\/wp-json\/wp\/v2\/posts\/2695&title=Das Verfassungsgericht erkl\u00e4rt die \u201cPlusval\u00eda\u201d in bestimmten F\u00e4llen f\u00fcr verfassungswidrig.\"  onclick=\"javascript:void window.open('http:\/\/www.reddit.com\/submit?url=www.fabregat-perulles-sales.com\/actualidad\/wp-json\/wp\/v2\/posts\/2695&title=Das Verfassungsgericht erkl\u00e4rt die \u201cPlusval\u00eda\u201d in bestimmten F\u00e4llen f\u00fcr verfassungswidrig.','1410949501326','width=700,height=500,toolbar=0,menubar=0,location=0,status=1,scrollbars=1,resizable=1,left=0,top=0');return false;\" style=\"background-position: -300px -120px \"><\/a>\r\n\t\t\t\t\t<\/li>\r\n\t\t\t\t\t\t\t\t\t\t<li class=\"none nobackground \" >\r\n\r\n\t\t\t\t\t\t\t\t\t\t\t\t<a id=\"backforunical2695\" href=\"http:\/\/www.bebo.com\/c\/share?Url=www.fabregat-perulles-sales.com\/actualidad\/wp-json\/wp\/v2\/posts\/2695\"  onclick=\"javascript:void window.open('http:\/\/www.bebo.com\/c\/share?Url=www.fabregat-perulles-sales.com\/actualidad\/wp-json\/wp\/v2\/posts\/2695','1410949501326','width=700,height=500,toolbar=0,menubar=0,location=0,status=1,scrollbars=1,resizable=1,left=0,top=0');return false;\" style=\"background-position: -330px -120px \"><\/a>\r\n\t\t\t\t\t<\/li>\r\n\t\t\t\t\t\t\t\t\t\t<li class=\"none nobackground \" >\r\n\r\n\t\t\t\t\t\t\t\t\t\t\t\t<a id=\"backforunical2695\" href=\"https:\/\/delicious.com\/save?v=5&noui&jump=close&url=www.fabregat-perulles-sales.com\/actualidad\/wp-json\/wp\/v2\/posts\/2695&title=Das Verfassungsgericht erkl\u00e4rt die \u201cPlusval\u00eda\u201d in bestimmten F\u00e4llen f\u00fcr verfassungswidrig.\"  onclick=\"javascript:void window.open('https:\/\/delicious.com\/save?v=5&noui&jump=close&url=www.fabregat-perulles-sales.com\/actualidad\/wp-json\/wp\/v2\/posts\/2695&title=Das Verfassungsgericht erkl\u00e4rt die \u201cPlusval\u00eda\u201d in bestimmten F\u00e4llen f\u00fcr verfassungswidrig.','1410949501326','width=700,height=500,toolbar=0,menubar=0,location=0,status=1,scrollbars=1,resizable=1,left=0,top=0');return false;\" style=\"background-position: -360px -120px \"><\/a>\r\n\t\t\t\t\t<\/li>\r\n\t\t\t\t\t\t\t\t\t\t<li class=\"none nobackground \" >\r\n\r\n\t\t\t\t\t\t\t\t\t\t\t\t<a id=\"backforunical2695\" href=\"http:\/\/www.odnoklassniki.ru\/dk?st.cmd=addShare&st.s=2&st.noresize=on&st._surl=www.fabregat-perulles-sales.com\/actualidad\/wp-json\/wp\/v2\/posts\/2695\"  onclick=\"javascript:void window.open('http:\/\/www.odnoklassniki.ru\/dk?st.cmd=addShare&st.s=2&st.noresize=on&st._surl=www.fabregat-perulles-sales.com\/actualidad\/wp-json\/wp\/v2\/posts\/2695','1410949501326','width=700,height=500,toolbar=0,menubar=0,location=0,status=1,scrollbars=1,resizable=1,left=0,top=0');return false;\" style=\"background-position: -390px -120px \"><\/a>\r\n\t\t\t\t\t<\/li>\r\n\t\t\t\t\t\t\t\t\t\t<li class=\"none nobackground \" >\r\n\r\n\t\t\t\t\t\t\t\t\t\t\t\t<a id=\"backforunical2695\" href=\"http:\/\/sns.qzone.qq.com\/cgi-bin\/qzshare\/cgi_qzshare_onekey?url=www.fabregat-perulles-sales.com\/actualidad\/wp-json\/wp\/v2\/posts\/2695&title=Das Verfassungsgericht erkl\u00e4rt die \u201cPlusval\u00eda\u201d in bestimmten F\u00e4llen f\u00fcr verfassungswidrig.\"  onclick=\"javascript:void window.open('http:\/\/sns.qzone.qq.com\/cgi-bin\/qzshare\/cgi_qzshare_onekey?url=www.fabregat-perulles-sales.com\/actualidad\/wp-json\/wp\/v2\/posts\/2695&title=Das Verfassungsgericht erkl\u00e4rt die \u201cPlusval\u00eda\u201d in bestimmten F\u00e4llen f\u00fcr verfassungswidrig.','1410949501326','width=700,height=500,toolbar=0,menubar=0,location=0,status=1,scrollbars=1,resizable=1,left=0,top=0');return false;\" style=\"background-position: -420px -120px \"><\/a>\r\n\t\t\t\t\t<\/li>\r\n\t\t\t\t\t\t\t\t\t\t<li class=\"none nobackground \" >\r\n\r\n\t\t\t\t\t\t\t\t\t\t\t\t<a id=\"backforunical2695\" href=\"http:\/\/service.weibo.com\/share\/share.php?url=www.fabregat-perulles-sales.com\/actualidad\/wp-json\/wp\/v2\/posts\/2695&appkey=&title=Das Verfassungsgericht erkl\u00e4rt die \u201cPlusval\u00eda\u201d in bestimmten F\u00e4llen f\u00fcr verfassungswidrig.&pic=&ralateUid=&\"  onclick=\"javascript:void window.open('http:\/\/service.weibo.com\/share\/share.php?url=www.fabregat-perulles-sales.com\/actualidad\/wp-json\/wp\/v2\/posts\/2695&appkey=&title=Das Verfassungsgericht erkl\u00e4rt die \u201cPlusval\u00eda\u201d in bestimmten F\u00e4llen f\u00fcr verfassungswidrig.&pic=&ralateUid=&','1410949501326','width=700,height=500,toolbar=0,menubar=0,location=0,status=1,scrollbars=1,resizable=1,left=0,top=0');return false;\" style=\"background-position: -450px -120px \"><\/a>\r\n\t\t\t\t\t<\/li>\r\n\t\t\t\t\t\t\t\t\t\t<li class=\"none nobackground \" >\r\n\r\n\t\t\t\t\t\t\t\t\t\t\t\t<a id=\"backforunical2695\" href=\"http:\/\/widget.renren.com\/dialog\/share?resourceUrl=www.fabregat-perulles-sales.com\/actualidad\/wp-json\/wp\/v2\/posts\/2695&srcUrl=www.fabregat-perulles-sales.com\/actualidad\/wp-json\/wp\/v2\/posts\/2695&title=Das Verfassungsgericht erkl\u00e4rt die \u201cPlusval\u00eda\u201d in bestimmten F\u00e4llen f\u00fcr verfassungswidrig.\"  onclick=\"javascript:void window.open('http:\/\/widget.renren.com\/dialog\/share?resourceUrl=www.fabregat-perulles-sales.com\/actualidad\/wp-json\/wp\/v2\/posts\/2695&srcUrl=www.fabregat-perulles-sales.com\/actualidad\/wp-json\/wp\/v2\/posts\/2695&title=Das Verfassungsgericht erkl\u00e4rt die \u201cPlusval\u00eda\u201d in bestimmten F\u00e4llen f\u00fcr verfassungswidrig.','1410949501326','width=700,height=500,toolbar=0,menubar=0,location=0,status=1,scrollbars=1,resizable=1,left=0,top=0');return false;\" style=\"background-position: -480px -120px \"><\/a>\r\n\t\t\t\t\t<\/li>\r\n\t\t\t\t\t\t\t\t\t\t<li class=\"none nobackground \" >\r\n\r\n\t\t\t\t\t\t\t\t\t\t\t\t<a id=\"backforunical2695\" href=\"http:\/\/n4g.com\/tips?url=www.fabregat-perulles-sales.com\/actualidad\/wp-json\/wp\/v2\/posts\/2695&title=Das Verfassungsgericht erkl\u00e4rt die \u201cPlusval\u00eda\u201d in bestimmten F\u00e4llen f\u00fcr verfassungswidrig.\"  onclick=\"javascript:void window.open('http:\/\/n4g.com\/tips?url=www.fabregat-perulles-sales.com\/actualidad\/wp-json\/wp\/v2\/posts\/2695&title=Das Verfassungsgericht erkl\u00e4rt die \u201cPlusval\u00eda\u201d in bestimmten F\u00e4llen f\u00fcr verfassungswidrig.','1410949501326','width=700,height=500,toolbar=0,menubar=0,location=0,status=1,scrollbars=1,resizable=1,left=0,top=0');return false;\" style=\"background-position: -510px -120px \"><\/a>\r\n\t\t\t\t\t<\/li>\r\n\t\t\t\t\t\t\t\t<\/ul>\r\n\t\t\t<div class=\"clear\"><\/div>\r\n\t\t<\/div>\r\n\t\t","protected":false},"excerpt":{"rendered":"<p>Die Wertzuwachssteuer auf st\u00e4dtische Grundst\u00fccke, auch oft \u201eplusval\u00eda\u201c genannt, f\u00e4llt mit der \u00dcbertragung eines st\u00e4dtischen Grundst\u00fcckes an. Diese gemeindliche Steuer wird, wie der Name bereits sagt, auf den Wertzuwachs bei Grundst\u00fccken in dem Zeitraum zwischen Erwerb und \u00dcbertragung erhoben. In der Praxis jedoch wird sie immer erhoben, auch wenn sich ein Wertverlust ergeben hat, da\u2026 <span class=\"read-more\"><a href=\"https:\/\/www.fabregat-perulles-sales.com\/actualidad\/das-verfassungsgericht-erklart-die-plusvalia-in-bestimmten-fallen-fur-verfassungswidrig\/\">Read More &raquo;<\/a><\/span><\/p>\n","protected":false},"author":3,"featured_media":0,"comment_status":"open","ping_status":"closed","sticky":false,"template":"","format":"standard","meta":[],"categories":[86,468,248,74,70],"tags":[904,912,905,910,911,908,909],"yoast_head":"<!-- This site is optimized with the Yoast SEO plugin v20.2.1 - https:\/\/yoast.com\/wordpress\/plugins\/seo\/ -->\n<title>Das Verfassungsgericht erkl\u00e4rt die \u201cPlusval\u00eda\u201d in bestimmten F\u00e4llen f\u00fcr verfassungswidrig.<\/title>\n<meta name=\"description\" content=\"Am 17. Februar 2017 hat das spanische Verfassungsgericht (VerfG) mehrere Artikel der &quot;Norma Foral\u201c 16\/1989, vom 5. Juli \u00fcber die Wertzuwachssteuer auf st\u00e4dtische Grundst\u00fccke des Historischen Gebiets Gipuzkoa insoweit f\u00fcr verfassungswidrig erkl\u00e4rt, als dass sie auch Sachverhalte, in welchen ein Zuwachs nicht besteht, besteuern.\" \/>\n<meta name=\"robots\" content=\"index, follow, max-snippet:-1, max-image-preview:large, max-video-preview:-1\" \/>\n<link rel=\"canonical\" href=\"https:\/\/www.fabregat-perulles-sales.com\/actualidad\/das-verfassungsgericht-erklart-die-plusvalia-in-bestimmten-fallen-fur-verfassungswidrig\/\" \/>\n<meta property=\"og:locale\" content=\"en_US\" \/>\n<meta property=\"og:type\" content=\"article\" \/>\n<meta property=\"og:title\" content=\"Das Verfassungsgericht erkl\u00e4rt die \u201cPlusval\u00eda\u201d in bestimmten F\u00e4llen f\u00fcr verfassungswidrig.\" \/>\n<meta property=\"og:description\" content=\"Am 17. Februar 2017 hat das spanische Verfassungsgericht (VerfG) mehrere Artikel der &quot;Norma Foral\u201c 16\/1989, vom 5. Juli \u00fcber die Wertzuwachssteuer auf st\u00e4dtische Grundst\u00fccke des Historischen Gebiets Gipuzkoa insoweit f\u00fcr verfassungswidrig erkl\u00e4rt, als dass sie auch Sachverhalte, in welchen ein Zuwachs nicht besteht, besteuern.\" \/>\n<meta property=\"og:url\" content=\"https:\/\/www.fabregat-perulles-sales.com\/actualidad\/das-verfassungsgericht-erklart-die-plusvalia-in-bestimmten-fallen-fur-verfassungswidrig\/\" \/>\n<meta property=\"og:site_name\" content=\"International Lawyers\" \/>\n<meta property=\"article:published_time\" content=\"2017-04-25T14:56:17+00:00\" \/>\n<meta property=\"article:modified_time\" content=\"2017-06-19T08:50:18+00:00\" \/>\n<meta name=\"author\" content=\"Victor\" \/>\n<meta name=\"twitter:card\" content=\"summary_large_image\" \/>\n<meta name=\"twitter:label1\" content=\"Written by\" \/>\n\t<meta name=\"twitter:data1\" content=\"Victor\" \/>\n\t<meta name=\"twitter:label2\" content=\"Est. reading time\" \/>\n\t<meta name=\"twitter:data2\" content=\"2 minutes\" \/>\n<script type=\"application\/ld+json\" class=\"yoast-schema-graph\">{\"@context\":\"https:\/\/schema.org\",\"@graph\":[{\"@type\":\"WebPage\",\"@id\":\"https:\/\/www.fabregat-perulles-sales.com\/actualidad\/das-verfassungsgericht-erklart-die-plusvalia-in-bestimmten-fallen-fur-verfassungswidrig\/\",\"url\":\"https:\/\/www.fabregat-perulles-sales.com\/actualidad\/das-verfassungsgericht-erklart-die-plusvalia-in-bestimmten-fallen-fur-verfassungswidrig\/\",\"name\":\"Das Verfassungsgericht erkl\u00e4rt die \u201cPlusval\u00eda\u201d in bestimmten F\u00e4llen f\u00fcr verfassungswidrig.\",\"isPartOf\":{\"@id\":\"https:\/\/www.fabregat-perulles-sales.com\/actualidad\/#website\"},\"datePublished\":\"2017-04-25T14:56:17+00:00\",\"dateModified\":\"2017-06-19T08:50:18+00:00\",\"author\":{\"@id\":\"https:\/\/www.fabregat-perulles-sales.com\/actualidad\/#\/schema\/person\/cabc1d68c7778f01d5e069c2d98442e3\"},\"description\":\"Am 17. Februar 2017 hat das spanische Verfassungsgericht (VerfG) mehrere Artikel der \\\"Norma Foral\u201c 16\/1989, vom 5. Juli \u00fcber die Wertzuwachssteuer auf st\u00e4dtische Grundst\u00fccke des Historischen Gebiets Gipuzkoa insoweit f\u00fcr verfassungswidrig erkl\u00e4rt, als dass sie auch Sachverhalte, in welchen ein Zuwachs nicht besteht, besteuern.\",\"breadcrumb\":{\"@id\":\"https:\/\/www.fabregat-perulles-sales.com\/actualidad\/das-verfassungsgericht-erklart-die-plusvalia-in-bestimmten-fallen-fur-verfassungswidrig\/#breadcrumb\"},\"inLanguage\":\"en-US\",\"potentialAction\":[{\"@type\":\"ReadAction\",\"target\":[\"https:\/\/www.fabregat-perulles-sales.com\/actualidad\/das-verfassungsgericht-erklart-die-plusvalia-in-bestimmten-fallen-fur-verfassungswidrig\/\"]}]},{\"@type\":\"BreadcrumbList\",\"@id\":\"https:\/\/www.fabregat-perulles-sales.com\/actualidad\/das-verfassungsgericht-erklart-die-plusvalia-in-bestimmten-fallen-fur-verfassungswidrig\/#breadcrumb\",\"itemListElement\":[{\"@type\":\"ListItem\",\"position\":1,\"name\":\"Home\",\"item\":\"https:\/\/www.fabregat-perulles-sales.com\/actualidad\/\"},{\"@type\":\"ListItem\",\"position\":2,\"name\":\"Das Verfassungsgericht erkl\u00e4rt die \u201cPlusval\u00eda\u201d in bestimmten F\u00e4llen f\u00fcr verfassungswidrig.\"}]},{\"@type\":\"WebSite\",\"@id\":\"https:\/\/www.fabregat-perulles-sales.com\/actualidad\/#website\",\"url\":\"https:\/\/www.fabregat-perulles-sales.com\/actualidad\/\",\"name\":\"www.fabregat-perulles-sales.com\",\"description\":\"Fabregat Perulles Sales Abogados is a law firm of reference international market in the Spanish-German, Spanish-French, and Spanish-Italian. Is one of the first firms in Barcelona offering a Russian Desk.\",\"potentialAction\":[{\"@type\":\"SearchAction\",\"target\":{\"@type\":\"EntryPoint\",\"urlTemplate\":\"https:\/\/www.fabregat-perulles-sales.com\/actualidad\/?s={search_term_string}\"},\"query-input\":\"required name=search_term_string\"}],\"inLanguage\":\"en-US\"},{\"@type\":\"Person\",\"@id\":\"https:\/\/www.fabregat-perulles-sales.com\/actualidad\/#\/schema\/person\/cabc1d68c7778f01d5e069c2d98442e3\",\"name\":\"Victor\",\"image\":{\"@type\":\"ImageObject\",\"inLanguage\":\"en-US\",\"@id\":\"https:\/\/www.fabregat-perulles-sales.com\/actualidad\/#\/schema\/person\/image\/\",\"url\":\"https:\/\/secure.gravatar.com\/avatar\/756cb666a964d2960ffe307b8a53b271?s=96&d=mm&r=g\",\"contentUrl\":\"https:\/\/secure.gravatar.com\/avatar\/756cb666a964d2960ffe307b8a53b271?s=96&d=mm&r=g\",\"caption\":\"Victor\"},\"sameAs\":[\"http:\/\/www.fabregat-perulles-sales.com\"],\"url\":\"https:\/\/www.fabregat-perulles-sales.com\/actualidad\/author\/victor\/\"}]}<\/script>\n<!-- \/ Yoast SEO plugin. -->","yoast_head_json":{"title":"Das Verfassungsgericht erkl\u00e4rt die \u201cPlusval\u00eda\u201d in bestimmten F\u00e4llen f\u00fcr verfassungswidrig.","description":"Am 17. Februar 2017 hat das spanische Verfassungsgericht (VerfG) mehrere Artikel der \"Norma Foral\u201c 16\/1989, vom 5. Juli \u00fcber die Wertzuwachssteuer auf st\u00e4dtische Grundst\u00fccke des Historischen Gebiets Gipuzkoa insoweit f\u00fcr verfassungswidrig erkl\u00e4rt, als dass sie auch Sachverhalte, in welchen ein Zuwachs nicht besteht, besteuern.","robots":{"index":"index","follow":"follow","max-snippet":"max-snippet:-1","max-image-preview":"max-image-preview:large","max-video-preview":"max-video-preview:-1"},"canonical":"https:\/\/www.fabregat-perulles-sales.com\/actualidad\/das-verfassungsgericht-erklart-die-plusvalia-in-bestimmten-fallen-fur-verfassungswidrig\/","og_locale":"en_US","og_type":"article","og_title":"Das Verfassungsgericht erkl\u00e4rt die \u201cPlusval\u00eda\u201d in bestimmten F\u00e4llen f\u00fcr verfassungswidrig.","og_description":"Am 17. Februar 2017 hat das spanische Verfassungsgericht (VerfG) mehrere Artikel der \"Norma Foral\u201c 16\/1989, vom 5. Juli \u00fcber die Wertzuwachssteuer auf st\u00e4dtische Grundst\u00fccke des Historischen Gebiets Gipuzkoa insoweit f\u00fcr verfassungswidrig erkl\u00e4rt, als dass sie auch Sachverhalte, in welchen ein Zuwachs nicht besteht, besteuern.","og_url":"https:\/\/www.fabregat-perulles-sales.com\/actualidad\/das-verfassungsgericht-erklart-die-plusvalia-in-bestimmten-fallen-fur-verfassungswidrig\/","og_site_name":"International Lawyers","article_published_time":"2017-04-25T14:56:17+00:00","article_modified_time":"2017-06-19T08:50:18+00:00","author":"Victor","twitter_card":"summary_large_image","twitter_misc":{"Written by":"Victor","Est. reading time":"2 minutes"},"schema":{"@context":"https:\/\/schema.org","@graph":[{"@type":"WebPage","@id":"https:\/\/www.fabregat-perulles-sales.com\/actualidad\/das-verfassungsgericht-erklart-die-plusvalia-in-bestimmten-fallen-fur-verfassungswidrig\/","url":"https:\/\/www.fabregat-perulles-sales.com\/actualidad\/das-verfassungsgericht-erklart-die-plusvalia-in-bestimmten-fallen-fur-verfassungswidrig\/","name":"Das Verfassungsgericht erkl\u00e4rt die \u201cPlusval\u00eda\u201d in bestimmten F\u00e4llen f\u00fcr verfassungswidrig.","isPartOf":{"@id":"https:\/\/www.fabregat-perulles-sales.com\/actualidad\/#website"},"datePublished":"2017-04-25T14:56:17+00:00","dateModified":"2017-06-19T08:50:18+00:00","author":{"@id":"https:\/\/www.fabregat-perulles-sales.com\/actualidad\/#\/schema\/person\/cabc1d68c7778f01d5e069c2d98442e3"},"description":"Am 17. Februar 2017 hat das spanische Verfassungsgericht (VerfG) mehrere Artikel der \"Norma Foral\u201c 16\/1989, vom 5. Juli \u00fcber die Wertzuwachssteuer auf st\u00e4dtische Grundst\u00fccke des Historischen Gebiets Gipuzkoa insoweit f\u00fcr verfassungswidrig erkl\u00e4rt, als dass sie auch Sachverhalte, in welchen ein Zuwachs nicht besteht, besteuern.","breadcrumb":{"@id":"https:\/\/www.fabregat-perulles-sales.com\/actualidad\/das-verfassungsgericht-erklart-die-plusvalia-in-bestimmten-fallen-fur-verfassungswidrig\/#breadcrumb"},"inLanguage":"en-US","potentialAction":[{"@type":"ReadAction","target":["https:\/\/www.fabregat-perulles-sales.com\/actualidad\/das-verfassungsgericht-erklart-die-plusvalia-in-bestimmten-fallen-fur-verfassungswidrig\/"]}]},{"@type":"BreadcrumbList","@id":"https:\/\/www.fabregat-perulles-sales.com\/actualidad\/das-verfassungsgericht-erklart-die-plusvalia-in-bestimmten-fallen-fur-verfassungswidrig\/#breadcrumb","itemListElement":[{"@type":"ListItem","position":1,"name":"Home","item":"https:\/\/www.fabregat-perulles-sales.com\/actualidad\/"},{"@type":"ListItem","position":2,"name":"Das Verfassungsgericht erkl\u00e4rt die \u201cPlusval\u00eda\u201d in bestimmten F\u00e4llen f\u00fcr verfassungswidrig."}]},{"@type":"WebSite","@id":"https:\/\/www.fabregat-perulles-sales.com\/actualidad\/#website","url":"https:\/\/www.fabregat-perulles-sales.com\/actualidad\/","name":"www.fabregat-perulles-sales.com","description":"Fabregat Perulles Sales Abogados is a law firm of reference international market in the Spanish-German, Spanish-French, and Spanish-Italian. Is one of the first firms in Barcelona offering a Russian Desk.","potentialAction":[{"@type":"SearchAction","target":{"@type":"EntryPoint","urlTemplate":"https:\/\/www.fabregat-perulles-sales.com\/actualidad\/?s={search_term_string}"},"query-input":"required name=search_term_string"}],"inLanguage":"en-US"},{"@type":"Person","@id":"https:\/\/www.fabregat-perulles-sales.com\/actualidad\/#\/schema\/person\/cabc1d68c7778f01d5e069c2d98442e3","name":"Victor","image":{"@type":"ImageObject","inLanguage":"en-US","@id":"https:\/\/www.fabregat-perulles-sales.com\/actualidad\/#\/schema\/person\/image\/","url":"https:\/\/secure.gravatar.com\/avatar\/756cb666a964d2960ffe307b8a53b271?s=96&d=mm&r=g","contentUrl":"https:\/\/secure.gravatar.com\/avatar\/756cb666a964d2960ffe307b8a53b271?s=96&d=mm&r=g","caption":"Victor"},"sameAs":["http:\/\/www.fabregat-perulles-sales.com"],"url":"https:\/\/www.fabregat-perulles-sales.com\/actualidad\/author\/victor\/"}]}},"amp_enabled":true,"_links":{"self":[{"href":"https:\/\/www.fabregat-perulles-sales.com\/actualidad\/wp-json\/wp\/v2\/posts\/2695"}],"collection":[{"href":"https:\/\/www.fabregat-perulles-sales.com\/actualidad\/wp-json\/wp\/v2\/posts"}],"about":[{"href":"https:\/\/www.fabregat-perulles-sales.com\/actualidad\/wp-json\/wp\/v2\/types\/post"}],"author":[{"embeddable":true,"href":"https:\/\/www.fabregat-perulles-sales.com\/actualidad\/wp-json\/wp\/v2\/users\/3"}],"replies":[{"embeddable":true,"href":"https:\/\/www.fabregat-perulles-sales.com\/actualidad\/wp-json\/wp\/v2\/comments?post=2695"}],"version-history":[{"count":5,"href":"https:\/\/www.fabregat-perulles-sales.com\/actualidad\/wp-json\/wp\/v2\/posts\/2695\/revisions"}],"predecessor-version":[{"id":2819,"href":"https:\/\/www.fabregat-perulles-sales.com\/actualidad\/wp-json\/wp\/v2\/posts\/2695\/revisions\/2819"}],"wp:attachment":[{"href":"https:\/\/www.fabregat-perulles-sales.com\/actualidad\/wp-json\/wp\/v2\/media?parent=2695"}],"wp:term":[{"taxonomy":"category","embeddable":true,"href":"https:\/\/www.fabregat-perulles-sales.com\/actualidad\/wp-json\/wp\/v2\/categories?post=2695"},{"taxonomy":"post_tag","embeddable":true,"href":"https:\/\/www.fabregat-perulles-sales.com\/actualidad\/wp-json\/wp\/v2\/tags?post=2695"}],"curies":[{"name":"wp","href":"https:\/\/api.w.org\/{rel}","templated":true}]}}