{"id":2693,"date":"2017-04-25T15:51:50","date_gmt":"2017-04-25T14:51:50","guid":{"rendered":"http:\/\/www.fabregat-perulles-sales.com\/actualidad\/?p=2693"},"modified":"2017-06-19T09:41:17","modified_gmt":"2017-06-19T08:41:17","slug":"el-tc-declara-la-inconstitucionalidad-de-la-plusvalia-municipal-en-determinados-supuestos","status":"publish","type":"post","link":"https:\/\/www.fabregat-perulles-sales.com\/actualidad\/el-tc-declara-la-inconstitucionalidad-de-la-plusvalia-municipal-en-determinados-supuestos\/","title":{"rendered":"El TC declara la inconstitucionalidad de la \u201cplusval\u00eda\u201d municipal en determinados supuestos."},"content":{"rendered":"<p>El Impuesto sobre el Incremento del Valor de los Terrenos de Naturaleza Urbana, m\u00e1s conocido como \u201cplusval\u00eda municipal\u201d, se devenga en el momento en que se transmite un bien inmueble urbano. Este impuesto, como indica su nombre, grava el incremento del valor de los terrenos urbanos entre su fecha de adquisici\u00f3n y la de su transmisi\u00f3n. Sin embargo, se ha venido abonando incluso en<img decoding=\"async\" loading=\"lazy\" class=\"alignright size-medium wp-image-2141\" src=\"http:\/\/www.fabregat-perulles-sales.com\/actualidad\/wp-content\/uploads\/2016\/01\/resoluci\u00f3n-arrendamiento-abogados-espa\u00f1ol-300x166.jpg\" alt=\"\" width=\"300\" height=\"166\" srcset=\"https:\/\/www.fabregat-perulles-sales.com\/actualidad\/wp-content\/uploads\/2016\/01\/resoluci\u00f3n-arrendamiento-abogados-espa\u00f1ol-300x166.jpg 300w, https:\/\/www.fabregat-perulles-sales.com\/actualidad\/wp-content\/uploads\/2016\/01\/resoluci\u00f3n-arrendamiento-abogados-espa\u00f1ol.jpg 676w\" sizes=\"(max-width: 300px) 100vw, 300px\" \/> aquellos casos en los cuales se ha producido una p\u00e9rdida de valor, pues se ha venido atendiendo un m\u00e9todo<br \/>\nobjetivo de valoraci\u00f3n del incremento: el valor catastral. El pasado 17\/02\/2017 el Tribunal Constitucional declar\u00f3 parcialmente inconstitucionales y nulos varios art\u00edculos de la Norma Foral 16\/1989, de 5 de julio, del Impuesto sobre el Incremento del Valor de los Terrenos de Naturaleza Urbana del Territorio Hist\u00f3rico de Gipuzkoa en la medida que somet\u00edan a tributaci\u00f3n situaciones de inexistencia de incrementos de valor. En el caso analizado por el TC, una mercantil vendi\u00f3 un inmueble por un importe inferior al importe de adquisici\u00f3n, lo cual le gener\u00f3 una p\u00e9rdida patrimonial a efectos del Impuesto sobre Sociedades. A\u00fan as\u00ed, el Ayuntamiento le gir\u00f3 una liquidaci\u00f3n tributaria de la \u201cplusval\u00eda\u201d puesto que el valor catastral del inmueble,\u00a0 hab\u00eda aumentado. El TC, en su Sentencia, recuerda que el art. 31.1 CE establece el deber de todos \u201cal sostenimiento de los gastos p\u00fablicos de acuerdo con su capacidad econ\u00f3mica\u201d y que es constitucionalmente admisible que existan impuestos que est\u00e9n orientados al cumplimiento de fines que la Constituci\u00f3n preconiza o garantiza, asumiendo esta capacidad econ\u00f3mica, como riqueza o renta real o potencial en la generalidad de supuestos. No obstante, el principio de la capacidad econ\u00f3mica impide en todo caso gravar los supuestos en los que la riqueza ni es cierta ni potencial, sino meramente virtual o ficticia y, por lo tanto inexpresiva de la capacidad econ\u00f3mica. La conclusi\u00f3n del TC es clara: acreditada la p\u00e9rdida patrimonial, no resulta por tanto dable girar liquidaci\u00f3n alguna en concepto de \u201cplusval\u00eda municipal\u201d.<\/p>\n<p><script type=\"application\/ld+json\">\n{\n  \"@context\": \"http:\/\/schema.org\/\",\n  \"@type\": \"NewsArticle\",\n  \"headline\": \"El TC declara la inconstitucionalidad de la \u201cplusval\u00eda\u201d municipal en determinados supuestos.\",\n  \"datePublished\": \"2017-04-25\",\n  \"description\": \"El pasado 17\/02\/2017 el Tribunal Constitucional declar\u00f3 parcialmente inconstitucionales y nulos varios art\u00edculos de la Norma Foral 16\/1989, de 5 de julio, del Impuesto sobre el Incremento del Valor de los Terrenos de Naturaleza Urbana del Territorio Hist\u00f3rico de Gipuzkoa en la medida que somet\u00edan a tributaci\u00f3n situaciones de inexistencia de incrementos de valor.\",\n  \"image\": {\n    \"@type\": \"ImageObject\",\n    \"height\": \"166\",\n    \"width\": \"300\",\n    \"url\": \"http:\/\/www.fabregat-perulles-sales.com\/actualidad\/wp-content\/uploads\/2016\/01\/resoluci%C3%B3n-arrendamiento-abogados-espa%C3%B1ol-300x166.jpg\"\n  },\n  \"author\": \"Fabregat Perulles Sales\",\n  \"publisher\": {\n    \"@type\": \"Organization\",\n    \"logo\": {\n      \"@type\": \"ImageObject\",\n      \"url\": \"http:\/\/www.fabregat-perulles-sales.com\/abogados-barcelona-barcelona-fabregat-perulles-sales\/Logo-Fabregat-Perulles-Sales-Abogados-alemanes-rusos-franceses-italianos-ingleses-negro.png\"\n    },\n    \"name\": \"Fabregat Perulles Sales\"\n  },\n  \"articleBody\": \"El Impuesto sobre el Incremento del Valor de los Terrenos de Naturaleza Urbana, m\u00e1s conocido como plusval\u00eda municipal, se devenga en el momento en que se transmite un bien inmueble urbano. Este impuesto, como indica su nombre, grava el incremento del valor de los terrenos urbanos entre su fecha de adquisici\u00f3n y la de su transmisi\u00f3n. Sin embargo, se ha venido abonando incluso en aquellos casos en los cuales se ha producido una p\u00e9rdida de valor, pues se ha venido atendiendo un m\u00e9todo\nobjetivo de valoraci\u00f3n del incremento: el valor catastral. El pasado 17\/02\/2017 el Tribunal Constitucional declar\u00f3 parcialmente inconstitucionales y nulos varios art\u00edculos de la Norma Foral 16\/1989, de 5 de julio, del Impuesto sobre el Incremento del Valor de los Terrenos de Naturaleza Urbana del Territorio Hist\u00f3rico de Gipuzkoa en la medida que somet\u00edan a tributaci\u00f3n situaciones de inexistencia de incrementos de valor. En el caso analizado por el TC, una mercantil vendi\u00f3 un inmueble por un importe inferior al importe de adquisici\u00f3n, lo cual le gener\u00f3 una p\u00e9rdida patrimonial a efectos del Impuesto sobre Sociedades. A\u00fan as\u00ed, el Ayuntamiento le gir\u00f3 una liquidaci\u00f3n tributaria de la \u201cplusval\u00eda\u201d puesto que el valor catastral del inmueble,  hab\u00eda aumentado. El TC, en su Sentencia, recuerda que el art. 31.1 CE establece el deber de todos \u201cal sostenimiento de los gastos p\u00fablicos de acuerdo con su capacidad econ\u00f3mica\u201d y que es constitucionalmente admisible que existan impuestos que est\u00e9n orientados al cumplimiento de fines que la Constituci\u00f3n preconiza o garantiza, asumiendo esta capacidad econ\u00f3mica, como riqueza o renta real o potencial en la generalidad de supuestos. No obstante, el principio de la capacidad econ\u00f3mica impide en todo caso gravar los supuestos en los que la riqueza ni es cierta ni potencial, sino meramente viritual o ficticia y, por lo tanto inexpresiva de la capacidad econ\u00f3mica. La conclusi\u00f3n del TC es clara: acreditada la p\u00e9rdida patrimonial, no resulta por tanto dable girar liquidaci\u00f3n alguna en concepto de plusval\u00eda municipal.\"\n}\n<\/script><\/p>\n\r\n\t\t<style>\r\n\t\t\t.huge-it-share-buttons {\r\n\t\t\t\tborder:0px solid #0FB5D6;\r\n\t\t\t\tborder-radius:5px;\r\n\t\t\t\tbackground:#3BD8FF;\r\n\t\t\t text-align:left; \t\t\t\t\t\t\t\t\t}\r\n\r\n\t\t\t#huge-it-share-buttons-top {margin-bottom:0px;}\r\n\t\t\t#huge-it-share-buttons-bottom {margin-top:0px;}\r\n\r\n\t\t\t.huge-it-share-buttons h3 {\r\n\t\t\t\tfont-size:25px ;\r\n\t\t\t\tfont-family:Arial,Helvetica Neue,Helvetica,sans-serif;\r\n\t\t\t\tcolor:#666666;\r\n\r\n\t\t\tdisplay:block;\t\t\t\tline-height:25px ;\r\n\r\n\t\t\t text-align:left; \t\t\t\t\t\t\t\t\t}\r\n\r\n\t\t\t.huge-it-share-buttons ul {\r\n\t\t\t float:left; \t\t\t\t\t\t\t\t\t}\r\n\r\n\t\t\t.huge-it-share-buttons ul li {\r\n\t\t\t\tmargin-left:3px;\r\n\t\t\t\tmargin-right:3px;\r\n\t\t\t\tpadding:0px;\r\n\t\t\t\tborder:0px ridge #E6354C;\r\n\t\t\t\tborder-radius:11px;\r\n\t\t\t\tbackground-color:#14CC9B;\r\n\t\t\t}\r\n\r\n\t\t\t.huge-it-share-buttons ul li #backforunical2693 {\r\n\t\t\t\tborder-bottom: 0;\r\n\t\t\t\tbackground-image:url('https:\/\/www.fabregat-perulles-sales.com\/actualidad\/wp-content\/plugins\/wp-share-buttons\/Front_end\/..\/images\/buttons.30.png');\r\n\t\t\t\twidth:30px;\r\n\t\t\t\theight:30px;\r\n\t\t\t}\r\n\r\n\t\t\t.front-shares-count {\r\n\t\t\t\tposition: absolute;\r\n\t\t\t\ttext-align: center;\r\n\t\t\t\tdisplay: block;\r\n\t\t\t}\r\n\r\n\t\t\t.shares_size20 .front-shares-count {\r\n\t\t\t\tfont-size: 10px;\r\n\t\t\t\ttop: 10px;\r\n\t\t\t\twidth: 20px;\r\n\t\t\t}\r\n\r\n\t\t\t.shares_size30 .front-shares-count {\r\n\t\t\t\tfont-size: 11px;\r\n\t\t\t\ttop: 15px;\r\n\t\t\t\twidth: 30px;\r\n\t\t\t}\r\n\r\n\t\t\t.shares_size40 .front-shares-count {\r\n\t\t\t\tfont-size: 12px;\r\n\t\t\t\ttop: 21px;\r\n\t\t\t\twidth: 40px;\r\n\t\t\t}\r\n\t\t<\/style>\r\n\t\t\r\n\t\t<div id=\"huge-it-share-buttons-top\" class=\"huge-it-share-buttons nobackground\">\r\n\t\t\t<h3>Share This:<\/h3>\r\n\t\t\t<ul class=\"huge-it-share-buttons-list \">\r\n\t\t\t\t\t\t\t\t\t<li class=\"nobackground \" >\r\n\r\n\t\t\t\t\t\t\t\t\t\t\t\t<a id=\"backforunical2693\" href=\"https:\/\/www.facebook.com\/sharer\/sharer.php?u=www.fabregat-perulles-sales.com\/actualidad\/wp-json\/wp\/v2\/posts\/2693\"  onclick=\"javascript:void window.open('https:\/\/www.facebook.com\/sharer\/sharer.php?u=www.fabregat-perulles-sales.com\/actualidad\/wp-json\/wp\/v2\/posts\/2693','1410949501326','width=700,height=500,toolbar=0,menubar=0,location=0,status=1,scrollbars=1,resizable=1,left=0,top=0');return false;\" style=\"background-position: -0px -120px \"><\/a>\r\n\t\t\t\t\t<\/li>\r\n\t\t\t\t\t\t\t\t\t\t<li class=\"nobackground \" >\r\n\r\n\t\t\t\t\t\t\t\t\t\t\t\t<a id=\"backforunical2693\" href=\"https:\/\/twitter.com\/share?status=www.fabregat-perulles-sales.com\/actualidad\/wp-json\/wp\/v2\/posts\/2693&text=El TC declara la inconstitucionalidad de la \u201cplusval\u00eda\u201d municipal en determinados supuestos.\"  onclick=\"javascript:void window.open('https:\/\/twitter.com\/share?status=www.fabregat-perulles-sales.com\/actualidad\/wp-json\/wp\/v2\/posts\/2693&text=El TC declara la inconstitucionalidad de la \u201cplusval\u00eda\u201d municipal en determinados supuestos.','1410949501326','width=700,height=500,toolbar=0,menubar=0,location=0,status=1,scrollbars=1,resizable=1,left=0,top=0');return false;\" style=\"background-position: -30px -120px \"><\/a>\r\n\t\t\t\t\t<\/li>\r\n\t\t\t\t\t\t\t\t\t\t<li class=\"none nobackground \" >\r\n\r\n\t\t\t\t\t\t\t\t\t\t\t\t<a id=\"backforunical2693\" href=\"http:\/\/www.pinterest.com\/pin\/create\/button\/?url=www.fabregat-perulles-sales.com\/actualidad\/wp-json\/wp\/v2\/posts\/2693&media=https:\/\/www.fabregat-perulles-sales.com\/actualidad\/wp-content\/plugins\/wp-share-buttons\/Front_end\/..\/images\/noimage.png&description=El TC declara la inconstitucionalidad de la \u201cplusval\u00eda\u201d municipal en determinados supuestos.\"  onclick=\"javascript:void window.open('http:\/\/www.pinterest.com\/pin\/create\/button\/?url=www.fabregat-perulles-sales.com\/actualidad\/wp-json\/wp\/v2\/posts\/2693&media=https:\/\/www.fabregat-perulles-sales.com\/actualidad\/wp-content\/plugins\/wp-share-buttons\/Front_end\/..\/images\/noimage.png&description=El TC declara la inconstitucionalidad de la \u201cplusval\u00eda\u201d municipal en determinados supuestos.','1410949501326','width=700,height=500,toolbar=0,menubar=0,location=0,status=1,scrollbars=1,resizable=1,left=0,top=0');return false;\" style=\"background-position: -60px -120px \"><\/a>\r\n\t\t\t\t\t<\/li>\r\n\t\t\t\t\t\t\t\t\t\t<li class=\"none nobackground \" >\r\n\r\n\t\t\t\t\t\t\t\t\t\t\t\t<a id=\"backforunical2693\" href=\"https:\/\/plus.google.com\/share?url=www.fabregat-perulles-sales.com\/actualidad\/wp-json\/wp\/v2\/posts\/2693\"  onclick=\"javascript:void window.open('https:\/\/plus.google.com\/share?url=www.fabregat-perulles-sales.com\/actualidad\/wp-json\/wp\/v2\/posts\/2693','1410949501326','width=700,height=500,toolbar=0,menubar=0,location=0,status=1,scrollbars=1,resizable=1,left=0,top=0');return false;\" style=\"background-position: -90px -120px \"><\/a>\r\n\t\t\t\t\t<\/li>\r\n\t\t\t\t\t\t\t\t\t\t<li class=\"nobackground \" >\r\n\r\n\t\t\t\t\t\t\t\t\t\t\t\t<a id=\"backforunical2693\" href=\"https:\/\/www.linkedin.com\/shareArticle?title=El TC declara la inconstitucionalidad de la \u201cplusval\u00eda\u201d municipal en determinados supuestos.&mini=true&url=https:\/\/www.fabregat-perulles-sales.com\/actualidad\/wp-json\/wp\/v2\/posts\/2693\"  onclick=\"javascript:void window.open('https:\/\/www.linkedin.com\/shareArticle?title=El TC declara la inconstitucionalidad de la \u201cplusval\u00eda\u201d municipal en determinados supuestos.&mini=true&url=https:\/\/www.fabregat-perulles-sales.com\/actualidad\/wp-json\/wp\/v2\/posts\/2693','1410949501326','width=700,height=500,toolbar=0,menubar=0,location=0,status=1,scrollbars=1,resizable=1,left=0,top=0');return false;\" style=\"background-position: -120px -120px \"><\/a>\r\n\t\t\t\t\t<\/li>\r\n\t\t\t\t\t\t\t\t\t\t<li class=\"none nobackground \" >\r\n\r\n\t\t\t\t\t\t\t\t\t\t\t\t<a id=\"backforunical2693\" href=\"https:\/\/www.tumblr.com\/share\/link?url=www.fabregat-perulles-sales.com\/actualidad\/wp-json\/wp\/v2\/posts\/2693&name=El TC declara la inconstitucionalidad de la \u201cplusval\u00eda\u201d municipal en determinados supuestos.\"  onclick=\"javascript:void window.open('https:\/\/www.tumblr.com\/share\/link?url=www.fabregat-perulles-sales.com\/actualidad\/wp-json\/wp\/v2\/posts\/2693&name=El TC declara la inconstitucionalidad de la \u201cplusval\u00eda\u201d municipal en determinados supuestos.','1410949501326','width=700,height=500,toolbar=0,menubar=0,location=0,status=1,scrollbars=1,resizable=1,left=0,top=0');return false;\" style=\"background-position: -150px -120px \"><\/a>\r\n\t\t\t\t\t<\/li>\r\n\t\t\t\t\t\t\t\t\t\t<li class=\"none nobackground \" >\r\n\r\n\t\t\t\t\t\t\t\t\t\t\t\t<a id=\"backforunical2693\" href=\"http:\/\/digg.com\/submit?phase=2&url=www.fabregat-perulles-sales.com\/actualidad\/wp-json\/wp\/v2\/posts\/2693&title=El TC declara la inconstitucionalidad de la \u201cplusval\u00eda\u201d municipal en determinados supuestos.\"  onclick=\"javascript:void window.open('http:\/\/digg.com\/submit?phase=2&url=www.fabregat-perulles-sales.com\/actualidad\/wp-json\/wp\/v2\/posts\/2693&title=El TC declara la inconstitucionalidad de la \u201cplusval\u00eda\u201d municipal en determinados supuestos.','1410949501326','width=700,height=500,toolbar=0,menubar=0,location=0,status=1,scrollbars=1,resizable=1,left=0,top=0');return false;\" style=\"background-position: -180px -120px \"><\/a>\r\n\t\t\t\t\t<\/li>\r\n\t\t\t\t\t\t\t\t\t\t<li class=\"none nobackground \" >\r\n\r\n\t\t\t\t\t\t\t\t\t\t\t\t<a id=\"backforunical2693\" href=\"http:\/\/www.stumbleupon.com\/submit?url=www.fabregat-perulles-sales.com\/actualidad\/wp-json\/wp\/v2\/posts\/2693&title=El TC declara la inconstitucionalidad de la \u201cplusval\u00eda\u201d municipal en determinados supuestos.\"  onclick=\"javascript:void window.open('http:\/\/www.stumbleupon.com\/submit?url=www.fabregat-perulles-sales.com\/actualidad\/wp-json\/wp\/v2\/posts\/2693&title=El TC declara la inconstitucionalidad de la \u201cplusval\u00eda\u201d municipal en determinados supuestos.','1410949501326','width=700,height=500,toolbar=0,menubar=0,location=0,status=1,scrollbars=1,resizable=1,left=0,top=0');return false;\" style=\"background-position: -210px -120px \"><\/a>\r\n\t\t\t\t\t<\/li>\r\n\t\t\t\t\t\t\t\t\t\t<li class=\"none nobackground \" >\r\n\r\n\t\t\t\t\t\t\t\t\t\t\t\t<a id=\"backforunical2693\" href=\"https:\/\/myspace.com\/post?l=3&u=www.fabregat-perulles-sales.com\/actualidad\/wp-json\/wp\/v2\/posts\/2693\"  onclick=\"javascript:void window.open('https:\/\/myspace.com\/post?l=3&u=www.fabregat-perulles-sales.com\/actualidad\/wp-json\/wp\/v2\/posts\/2693','1410949501326','width=700,height=500,toolbar=0,menubar=0,location=0,status=1,scrollbars=1,resizable=1,left=0,top=0');return false;\" style=\"background-position: -240px -120px \"><\/a>\r\n\t\t\t\t\t<\/li>\r\n\t\t\t\t\t\t\t\t\t\t<li class=\"nobackground \" >\r\n\r\n\t\t\t\t\t\t\t\t\t\t\t\t<a id=\"backforunical2693\" href=\"http:\/\/vk.com\/share.php?url=www.fabregat-perulles-sales.com\/actualidad\/wp-json\/wp\/v2\/posts\/2693&title=El TC declara la inconstitucionalidad de la \u201cplusval\u00eda\u201d municipal en determinados supuestos.\"  onclick=\"javascript:void window.open('http:\/\/vk.com\/share.php?url=www.fabregat-perulles-sales.com\/actualidad\/wp-json\/wp\/v2\/posts\/2693&title=El TC declara la inconstitucionalidad de la \u201cplusval\u00eda\u201d municipal en determinados supuestos.','1410949501326','width=700,height=500,toolbar=0,menubar=0,location=0,status=1,scrollbars=1,resizable=1,left=0,top=0');return false;\" style=\"background-position: -270px -120px \"><\/a>\r\n\t\t\t\t\t<\/li>\r\n\t\t\t\t\t\t\t\t\t\t<li class=\"none nobackground \" >\r\n\r\n\t\t\t\t\t\t\t\t\t\t\t\t<a id=\"backforunical2693\" href=\"http:\/\/www.reddit.com\/submit?url=www.fabregat-perulles-sales.com\/actualidad\/wp-json\/wp\/v2\/posts\/2693&title=El TC declara la inconstitucionalidad de la \u201cplusval\u00eda\u201d municipal en determinados supuestos.\"  onclick=\"javascript:void window.open('http:\/\/www.reddit.com\/submit?url=www.fabregat-perulles-sales.com\/actualidad\/wp-json\/wp\/v2\/posts\/2693&title=El TC declara la inconstitucionalidad de la \u201cplusval\u00eda\u201d municipal en determinados supuestos.','1410949501326','width=700,height=500,toolbar=0,menubar=0,location=0,status=1,scrollbars=1,resizable=1,left=0,top=0');return false;\" style=\"background-position: -300px -120px \"><\/a>\r\n\t\t\t\t\t<\/li>\r\n\t\t\t\t\t\t\t\t\t\t<li class=\"none nobackground \" >\r\n\r\n\t\t\t\t\t\t\t\t\t\t\t\t<a id=\"backforunical2693\" href=\"http:\/\/www.bebo.com\/c\/share?Url=www.fabregat-perulles-sales.com\/actualidad\/wp-json\/wp\/v2\/posts\/2693\"  onclick=\"javascript:void window.open('http:\/\/www.bebo.com\/c\/share?Url=www.fabregat-perulles-sales.com\/actualidad\/wp-json\/wp\/v2\/posts\/2693','1410949501326','width=700,height=500,toolbar=0,menubar=0,location=0,status=1,scrollbars=1,resizable=1,left=0,top=0');return false;\" style=\"background-position: -330px -120px \"><\/a>\r\n\t\t\t\t\t<\/li>\r\n\t\t\t\t\t\t\t\t\t\t<li class=\"none nobackground \" >\r\n\r\n\t\t\t\t\t\t\t\t\t\t\t\t<a id=\"backforunical2693\" href=\"https:\/\/delicious.com\/save?v=5&noui&jump=close&url=www.fabregat-perulles-sales.com\/actualidad\/wp-json\/wp\/v2\/posts\/2693&title=El TC declara la inconstitucionalidad de la \u201cplusval\u00eda\u201d municipal en determinados supuestos.\"  onclick=\"javascript:void window.open('https:\/\/delicious.com\/save?v=5&noui&jump=close&url=www.fabregat-perulles-sales.com\/actualidad\/wp-json\/wp\/v2\/posts\/2693&title=El TC declara la inconstitucionalidad de la \u201cplusval\u00eda\u201d municipal en determinados supuestos.','1410949501326','width=700,height=500,toolbar=0,menubar=0,location=0,status=1,scrollbars=1,resizable=1,left=0,top=0');return false;\" style=\"background-position: -360px -120px \"><\/a>\r\n\t\t\t\t\t<\/li>\r\n\t\t\t\t\t\t\t\t\t\t<li class=\"none nobackground \" >\r\n\r\n\t\t\t\t\t\t\t\t\t\t\t\t<a id=\"backforunical2693\" href=\"http:\/\/www.odnoklassniki.ru\/dk?st.cmd=addShare&st.s=2&st.noresize=on&st._surl=www.fabregat-perulles-sales.com\/actualidad\/wp-json\/wp\/v2\/posts\/2693\"  onclick=\"javascript:void window.open('http:\/\/www.odnoklassniki.ru\/dk?st.cmd=addShare&st.s=2&st.noresize=on&st._surl=www.fabregat-perulles-sales.com\/actualidad\/wp-json\/wp\/v2\/posts\/2693','1410949501326','width=700,height=500,toolbar=0,menubar=0,location=0,status=1,scrollbars=1,resizable=1,left=0,top=0');return false;\" style=\"background-position: -390px -120px \"><\/a>\r\n\t\t\t\t\t<\/li>\r\n\t\t\t\t\t\t\t\t\t\t<li class=\"none nobackground \" >\r\n\r\n\t\t\t\t\t\t\t\t\t\t\t\t<a id=\"backforunical2693\" href=\"http:\/\/sns.qzone.qq.com\/cgi-bin\/qzshare\/cgi_qzshare_onekey?url=www.fabregat-perulles-sales.com\/actualidad\/wp-json\/wp\/v2\/posts\/2693&title=El TC declara la inconstitucionalidad de la \u201cplusval\u00eda\u201d municipal en determinados supuestos.\"  onclick=\"javascript:void window.open('http:\/\/sns.qzone.qq.com\/cgi-bin\/qzshare\/cgi_qzshare_onekey?url=www.fabregat-perulles-sales.com\/actualidad\/wp-json\/wp\/v2\/posts\/2693&title=El TC declara la inconstitucionalidad de la \u201cplusval\u00eda\u201d municipal en determinados supuestos.','1410949501326','width=700,height=500,toolbar=0,menubar=0,location=0,status=1,scrollbars=1,resizable=1,left=0,top=0');return false;\" style=\"background-position: -420px -120px \"><\/a>\r\n\t\t\t\t\t<\/li>\r\n\t\t\t\t\t\t\t\t\t\t<li class=\"none nobackground \" >\r\n\r\n\t\t\t\t\t\t\t\t\t\t\t\t<a id=\"backforunical2693\" href=\"http:\/\/service.weibo.com\/share\/share.php?url=www.fabregat-perulles-sales.com\/actualidad\/wp-json\/wp\/v2\/posts\/2693&appkey=&title=El TC declara la inconstitucionalidad de la \u201cplusval\u00eda\u201d municipal en determinados supuestos.&pic=&ralateUid=&\"  onclick=\"javascript:void window.open('http:\/\/service.weibo.com\/share\/share.php?url=www.fabregat-perulles-sales.com\/actualidad\/wp-json\/wp\/v2\/posts\/2693&appkey=&title=El TC declara la inconstitucionalidad de la \u201cplusval\u00eda\u201d municipal en determinados supuestos.&pic=&ralateUid=&','1410949501326','width=700,height=500,toolbar=0,menubar=0,location=0,status=1,scrollbars=1,resizable=1,left=0,top=0');return false;\" style=\"background-position: -450px -120px \"><\/a>\r\n\t\t\t\t\t<\/li>\r\n\t\t\t\t\t\t\t\t\t\t<li class=\"none nobackground \" >\r\n\r\n\t\t\t\t\t\t\t\t\t\t\t\t<a id=\"backforunical2693\" href=\"http:\/\/widget.renren.com\/dialog\/share?resourceUrl=www.fabregat-perulles-sales.com\/actualidad\/wp-json\/wp\/v2\/posts\/2693&srcUrl=www.fabregat-perulles-sales.com\/actualidad\/wp-json\/wp\/v2\/posts\/2693&title=El TC declara la inconstitucionalidad de la \u201cplusval\u00eda\u201d municipal en determinados supuestos.\"  onclick=\"javascript:void window.open('http:\/\/widget.renren.com\/dialog\/share?resourceUrl=www.fabregat-perulles-sales.com\/actualidad\/wp-json\/wp\/v2\/posts\/2693&srcUrl=www.fabregat-perulles-sales.com\/actualidad\/wp-json\/wp\/v2\/posts\/2693&title=El TC declara la inconstitucionalidad de la \u201cplusval\u00eda\u201d municipal en determinados supuestos.','1410949501326','width=700,height=500,toolbar=0,menubar=0,location=0,status=1,scrollbars=1,resizable=1,left=0,top=0');return false;\" style=\"background-position: -480px -120px \"><\/a>\r\n\t\t\t\t\t<\/li>\r\n\t\t\t\t\t\t\t\t\t\t<li class=\"none nobackground \" >\r\n\r\n\t\t\t\t\t\t\t\t\t\t\t\t<a id=\"backforunical2693\" href=\"http:\/\/n4g.com\/tips?url=www.fabregat-perulles-sales.com\/actualidad\/wp-json\/wp\/v2\/posts\/2693&title=El TC declara la inconstitucionalidad de la \u201cplusval\u00eda\u201d municipal en determinados supuestos.\"  onclick=\"javascript:void window.open('http:\/\/n4g.com\/tips?url=www.fabregat-perulles-sales.com\/actualidad\/wp-json\/wp\/v2\/posts\/2693&title=El TC declara la inconstitucionalidad de la \u201cplusval\u00eda\u201d municipal en determinados supuestos.','1410949501326','width=700,height=500,toolbar=0,menubar=0,location=0,status=1,scrollbars=1,resizable=1,left=0,top=0');return false;\" style=\"background-position: -510px -120px \"><\/a>\r\n\t\t\t\t\t<\/li>\r\n\t\t\t\t\t\t\t\t<\/ul>\r\n\t\t\t<div class=\"clear\"><\/div>\r\n\t\t<\/div>\r\n\t\t","protected":false},"excerpt":{"rendered":"<p>El Impuesto sobre el Incremento del Valor de los Terrenos de Naturaleza Urbana, m\u00e1s conocido como \u201cplusval\u00eda municipal\u201d, se devenga en el momento en que se transmite un bien inmueble urbano. Este impuesto, como indica su nombre, grava el incremento del valor de los terrenos urbanos entre su fecha de adquisici\u00f3n y la de su\u2026 <span class=\"read-more\"><a href=\"https:\/\/www.fabregat-perulles-sales.com\/actualidad\/el-tc-declara-la-inconstitucionalidad-de-la-plusvalia-municipal-en-determinados-supuestos\/\">Read More &raquo;<\/a><\/span><\/p>\n","protected":false},"author":3,"featured_media":0,"comment_status":"open","ping_status":"closed","sticky":false,"template":"","format":"standard","meta":[],"categories":[86,466,74,70],"tags":[904,829,906,905,907],"yoast_head":"<!-- This site is optimized with the Yoast SEO plugin v20.2.1 - https:\/\/yoast.com\/wordpress\/plugins\/seo\/ -->\n<title>El TC declara la inconstitucionalidad de la \u201cplusval\u00eda\u201d municipal en determinados supuestos<\/title>\n<meta name=\"description\" content=\"El pasado 17\/02\/2017 el Tribunal Constitucional declar\u00f3 parcialmente inconstitucionales y nulos varios art\u00edculos de la Norma Foral 16\/1989, de 5 de julio, del Impuesto sobre el Incremento del Valor de los Terrenos de Naturaleza Urbana del Territorio Hist\u00f3rico de Gipuzkoa en la medida que somet\u00edan a tributaci\u00f3n situaciones de inexistencia de incrementos de valor.\" \/>\n<meta name=\"robots\" content=\"index, follow, max-snippet:-1, max-image-preview:large, max-video-preview:-1\" \/>\n<link rel=\"canonical\" href=\"https:\/\/www.fabregat-perulles-sales.com\/actualidad\/el-tc-declara-la-inconstitucionalidad-de-la-plusvalia-municipal-en-determinados-supuestos\/\" \/>\n<meta property=\"og:locale\" content=\"en_US\" \/>\n<meta property=\"og:type\" content=\"article\" \/>\n<meta property=\"og:title\" content=\"El TC declara la inconstitucionalidad de la \u201cplusval\u00eda\u201d municipal en determinados supuestos\" \/>\n<meta property=\"og:description\" content=\"El pasado 17\/02\/2017 el Tribunal Constitucional declar\u00f3 parcialmente inconstitucionales y nulos varios art\u00edculos de la Norma Foral 16\/1989, de 5 de julio, del Impuesto sobre el Incremento del Valor de los Terrenos de Naturaleza Urbana del Territorio Hist\u00f3rico de Gipuzkoa en la medida que somet\u00edan a tributaci\u00f3n situaciones de inexistencia de incrementos de valor.\" \/>\n<meta property=\"og:url\" content=\"https:\/\/www.fabregat-perulles-sales.com\/actualidad\/el-tc-declara-la-inconstitucionalidad-de-la-plusvalia-municipal-en-determinados-supuestos\/\" \/>\n<meta property=\"og:site_name\" content=\"International Lawyers\" \/>\n<meta property=\"article:published_time\" content=\"2017-04-25T14:51:50+00:00\" \/>\n<meta property=\"article:modified_time\" content=\"2017-06-19T08:41:17+00:00\" \/>\n<meta name=\"author\" content=\"Victor\" \/>\n<meta name=\"twitter:card\" content=\"summary_large_image\" \/>\n<meta name=\"twitter:label1\" content=\"Written by\" \/>\n\t<meta name=\"twitter:data1\" content=\"Victor\" \/>\n\t<meta name=\"twitter:label2\" content=\"Est. reading time\" \/>\n\t<meta name=\"twitter:data2\" content=\"2 minutes\" \/>\n<script type=\"application\/ld+json\" class=\"yoast-schema-graph\">{\"@context\":\"https:\/\/schema.org\",\"@graph\":[{\"@type\":\"WebPage\",\"@id\":\"https:\/\/www.fabregat-perulles-sales.com\/actualidad\/el-tc-declara-la-inconstitucionalidad-de-la-plusvalia-municipal-en-determinados-supuestos\/\",\"url\":\"https:\/\/www.fabregat-perulles-sales.com\/actualidad\/el-tc-declara-la-inconstitucionalidad-de-la-plusvalia-municipal-en-determinados-supuestos\/\",\"name\":\"El TC declara la inconstitucionalidad de la \u201cplusval\u00eda\u201d municipal en determinados supuestos\",\"isPartOf\":{\"@id\":\"https:\/\/www.fabregat-perulles-sales.com\/actualidad\/#website\"},\"datePublished\":\"2017-04-25T14:51:50+00:00\",\"dateModified\":\"2017-06-19T08:41:17+00:00\",\"author\":{\"@id\":\"https:\/\/www.fabregat-perulles-sales.com\/actualidad\/#\/schema\/person\/cabc1d68c7778f01d5e069c2d98442e3\"},\"description\":\"El pasado 17\/02\/2017 el Tribunal Constitucional declar\u00f3 parcialmente inconstitucionales y nulos varios art\u00edculos de la Norma Foral 16\/1989, de 5 de julio, del Impuesto sobre el Incremento del Valor de los Terrenos de Naturaleza Urbana del Territorio Hist\u00f3rico de Gipuzkoa en la medida que somet\u00edan a tributaci\u00f3n situaciones de inexistencia de incrementos de valor.\",\"breadcrumb\":{\"@id\":\"https:\/\/www.fabregat-perulles-sales.com\/actualidad\/el-tc-declara-la-inconstitucionalidad-de-la-plusvalia-municipal-en-determinados-supuestos\/#breadcrumb\"},\"inLanguage\":\"en-US\",\"potentialAction\":[{\"@type\":\"ReadAction\",\"target\":[\"https:\/\/www.fabregat-perulles-sales.com\/actualidad\/el-tc-declara-la-inconstitucionalidad-de-la-plusvalia-municipal-en-determinados-supuestos\/\"]}]},{\"@type\":\"BreadcrumbList\",\"@id\":\"https:\/\/www.fabregat-perulles-sales.com\/actualidad\/el-tc-declara-la-inconstitucionalidad-de-la-plusvalia-municipal-en-determinados-supuestos\/#breadcrumb\",\"itemListElement\":[{\"@type\":\"ListItem\",\"position\":1,\"name\":\"Home\",\"item\":\"https:\/\/www.fabregat-perulles-sales.com\/actualidad\/\"},{\"@type\":\"ListItem\",\"position\":2,\"name\":\"El TC declara la inconstitucionalidad de la \u201cplusval\u00eda\u201d municipal en determinados supuestos.\"}]},{\"@type\":\"WebSite\",\"@id\":\"https:\/\/www.fabregat-perulles-sales.com\/actualidad\/#website\",\"url\":\"https:\/\/www.fabregat-perulles-sales.com\/actualidad\/\",\"name\":\"www.fabregat-perulles-sales.com\",\"description\":\"Fabregat Perulles Sales Abogados is a law firm of reference international market in the Spanish-German, Spanish-French, and Spanish-Italian. Is one of the first firms in Barcelona offering a Russian Desk.\",\"potentialAction\":[{\"@type\":\"SearchAction\",\"target\":{\"@type\":\"EntryPoint\",\"urlTemplate\":\"https:\/\/www.fabregat-perulles-sales.com\/actualidad\/?s={search_term_string}\"},\"query-input\":\"required name=search_term_string\"}],\"inLanguage\":\"en-US\"},{\"@type\":\"Person\",\"@id\":\"https:\/\/www.fabregat-perulles-sales.com\/actualidad\/#\/schema\/person\/cabc1d68c7778f01d5e069c2d98442e3\",\"name\":\"Victor\",\"image\":{\"@type\":\"ImageObject\",\"inLanguage\":\"en-US\",\"@id\":\"https:\/\/www.fabregat-perulles-sales.com\/actualidad\/#\/schema\/person\/image\/\",\"url\":\"https:\/\/secure.gravatar.com\/avatar\/756cb666a964d2960ffe307b8a53b271?s=96&d=mm&r=g\",\"contentUrl\":\"https:\/\/secure.gravatar.com\/avatar\/756cb666a964d2960ffe307b8a53b271?s=96&d=mm&r=g\",\"caption\":\"Victor\"},\"sameAs\":[\"http:\/\/www.fabregat-perulles-sales.com\"],\"url\":\"https:\/\/www.fabregat-perulles-sales.com\/actualidad\/author\/victor\/\"}]}<\/script>\n<!-- \/ Yoast SEO plugin. -->","yoast_head_json":{"title":"El TC declara la inconstitucionalidad de la \u201cplusval\u00eda\u201d municipal en determinados supuestos","description":"El pasado 17\/02\/2017 el Tribunal Constitucional declar\u00f3 parcialmente inconstitucionales y nulos varios art\u00edculos de la Norma Foral 16\/1989, de 5 de julio, del Impuesto sobre el Incremento del Valor de los Terrenos de Naturaleza Urbana del Territorio Hist\u00f3rico de Gipuzkoa en la medida que somet\u00edan a tributaci\u00f3n situaciones de inexistencia de incrementos de valor.","robots":{"index":"index","follow":"follow","max-snippet":"max-snippet:-1","max-image-preview":"max-image-preview:large","max-video-preview":"max-video-preview:-1"},"canonical":"https:\/\/www.fabregat-perulles-sales.com\/actualidad\/el-tc-declara-la-inconstitucionalidad-de-la-plusvalia-municipal-en-determinados-supuestos\/","og_locale":"en_US","og_type":"article","og_title":"El TC declara la inconstitucionalidad de la \u201cplusval\u00eda\u201d municipal en determinados supuestos","og_description":"El pasado 17\/02\/2017 el Tribunal Constitucional declar\u00f3 parcialmente inconstitucionales y nulos varios art\u00edculos de la Norma Foral 16\/1989, de 5 de julio, del Impuesto sobre el Incremento del Valor de los Terrenos de Naturaleza Urbana del Territorio Hist\u00f3rico de Gipuzkoa en la medida que somet\u00edan a tributaci\u00f3n situaciones de inexistencia de incrementos de valor.","og_url":"https:\/\/www.fabregat-perulles-sales.com\/actualidad\/el-tc-declara-la-inconstitucionalidad-de-la-plusvalia-municipal-en-determinados-supuestos\/","og_site_name":"International Lawyers","article_published_time":"2017-04-25T14:51:50+00:00","article_modified_time":"2017-06-19T08:41:17+00:00","author":"Victor","twitter_card":"summary_large_image","twitter_misc":{"Written by":"Victor","Est. reading time":"2 minutes"},"schema":{"@context":"https:\/\/schema.org","@graph":[{"@type":"WebPage","@id":"https:\/\/www.fabregat-perulles-sales.com\/actualidad\/el-tc-declara-la-inconstitucionalidad-de-la-plusvalia-municipal-en-determinados-supuestos\/","url":"https:\/\/www.fabregat-perulles-sales.com\/actualidad\/el-tc-declara-la-inconstitucionalidad-de-la-plusvalia-municipal-en-determinados-supuestos\/","name":"El TC declara la inconstitucionalidad de la \u201cplusval\u00eda\u201d municipal en determinados supuestos","isPartOf":{"@id":"https:\/\/www.fabregat-perulles-sales.com\/actualidad\/#website"},"datePublished":"2017-04-25T14:51:50+00:00","dateModified":"2017-06-19T08:41:17+00:00","author":{"@id":"https:\/\/www.fabregat-perulles-sales.com\/actualidad\/#\/schema\/person\/cabc1d68c7778f01d5e069c2d98442e3"},"description":"El pasado 17\/02\/2017 el Tribunal Constitucional declar\u00f3 parcialmente inconstitucionales y nulos varios art\u00edculos de la Norma Foral 16\/1989, de 5 de julio, del Impuesto sobre el Incremento del Valor de los Terrenos de Naturaleza Urbana del Territorio Hist\u00f3rico de Gipuzkoa en la medida que somet\u00edan a tributaci\u00f3n situaciones de inexistencia de incrementos de valor.","breadcrumb":{"@id":"https:\/\/www.fabregat-perulles-sales.com\/actualidad\/el-tc-declara-la-inconstitucionalidad-de-la-plusvalia-municipal-en-determinados-supuestos\/#breadcrumb"},"inLanguage":"en-US","potentialAction":[{"@type":"ReadAction","target":["https:\/\/www.fabregat-perulles-sales.com\/actualidad\/el-tc-declara-la-inconstitucionalidad-de-la-plusvalia-municipal-en-determinados-supuestos\/"]}]},{"@type":"BreadcrumbList","@id":"https:\/\/www.fabregat-perulles-sales.com\/actualidad\/el-tc-declara-la-inconstitucionalidad-de-la-plusvalia-municipal-en-determinados-supuestos\/#breadcrumb","itemListElement":[{"@type":"ListItem","position":1,"name":"Home","item":"https:\/\/www.fabregat-perulles-sales.com\/actualidad\/"},{"@type":"ListItem","position":2,"name":"El TC declara la inconstitucionalidad de la \u201cplusval\u00eda\u201d municipal en determinados supuestos."}]},{"@type":"WebSite","@id":"https:\/\/www.fabregat-perulles-sales.com\/actualidad\/#website","url":"https:\/\/www.fabregat-perulles-sales.com\/actualidad\/","name":"www.fabregat-perulles-sales.com","description":"Fabregat Perulles Sales Abogados is a law firm of reference international market in the Spanish-German, Spanish-French, and Spanish-Italian. Is one of the first firms in Barcelona offering a Russian Desk.","potentialAction":[{"@type":"SearchAction","target":{"@type":"EntryPoint","urlTemplate":"https:\/\/www.fabregat-perulles-sales.com\/actualidad\/?s={search_term_string}"},"query-input":"required name=search_term_string"}],"inLanguage":"en-US"},{"@type":"Person","@id":"https:\/\/www.fabregat-perulles-sales.com\/actualidad\/#\/schema\/person\/cabc1d68c7778f01d5e069c2d98442e3","name":"Victor","image":{"@type":"ImageObject","inLanguage":"en-US","@id":"https:\/\/www.fabregat-perulles-sales.com\/actualidad\/#\/schema\/person\/image\/","url":"https:\/\/secure.gravatar.com\/avatar\/756cb666a964d2960ffe307b8a53b271?s=96&d=mm&r=g","contentUrl":"https:\/\/secure.gravatar.com\/avatar\/756cb666a964d2960ffe307b8a53b271?s=96&d=mm&r=g","caption":"Victor"},"sameAs":["http:\/\/www.fabregat-perulles-sales.com"],"url":"https:\/\/www.fabregat-perulles-sales.com\/actualidad\/author\/victor\/"}]}},"amp_enabled":true,"_links":{"self":[{"href":"https:\/\/www.fabregat-perulles-sales.com\/actualidad\/wp-json\/wp\/v2\/posts\/2693"}],"collection":[{"href":"https:\/\/www.fabregat-perulles-sales.com\/actualidad\/wp-json\/wp\/v2\/posts"}],"about":[{"href":"https:\/\/www.fabregat-perulles-sales.com\/actualidad\/wp-json\/wp\/v2\/types\/post"}],"author":[{"embeddable":true,"href":"https:\/\/www.fabregat-perulles-sales.com\/actualidad\/wp-json\/wp\/v2\/users\/3"}],"replies":[{"embeddable":true,"href":"https:\/\/www.fabregat-perulles-sales.com\/actualidad\/wp-json\/wp\/v2\/comments?post=2693"}],"version-history":[{"count":3,"href":"https:\/\/www.fabregat-perulles-sales.com\/actualidad\/wp-json\/wp\/v2\/posts\/2693\/revisions"}],"predecessor-version":[{"id":2816,"href":"https:\/\/www.fabregat-perulles-sales.com\/actualidad\/wp-json\/wp\/v2\/posts\/2693\/revisions\/2816"}],"wp:attachment":[{"href":"https:\/\/www.fabregat-perulles-sales.com\/actualidad\/wp-json\/wp\/v2\/media?parent=2693"}],"wp:term":[{"taxonomy":"category","embeddable":true,"href":"https:\/\/www.fabregat-perulles-sales.com\/actualidad\/wp-json\/wp\/v2\/categories?post=2693"},{"taxonomy":"post_tag","embeddable":true,"href":"https:\/\/www.fabregat-perulles-sales.com\/actualidad\/wp-json\/wp\/v2\/tags?post=2693"}],"curies":[{"name":"wp","href":"https:\/\/api.w.org\/{rel}","templated":true}]}}