{"id":2689,"date":"2017-04-20T15:33:28","date_gmt":"2017-04-20T14:33:28","guid":{"rendered":"http:\/\/www.fabregat-perulles-sales.com\/actualidad\/?p=2689"},"modified":"2017-05-30T12:04:18","modified_gmt":"2017-05-30T11:04:18","slug":"nueva-regulacion-de-la-restitucion-de-bienes-culturales-sacados-ilegalmente-de-espana-o-de-otro-pais-de-la-ue","status":"publish","type":"post","link":"https:\/\/www.fabregat-perulles-sales.com\/actualidad\/nueva-regulacion-de-la-restitucion-de-bienes-culturales-sacados-ilegalmente-de-espana-o-de-otro-pais-de-la-ue\/","title":{"rendered":"Nueva regulaci\u00f3n de la restituci\u00f3n de bienes culturales sacados ilegalmente de Espa\u00f1a o de otro pa\u00eds de la UE"},"content":{"rendered":"<p><img decoding=\"async\" loading=\"lazy\" class=\"alignright size-medium wp-image-2690\" src=\"http:\/\/www.fabregat-perulles-sales.com\/actualidad\/wp-content\/uploads\/2017\/04\/restitucion-bienes-culturales-abogados-espanol-225x300.jpg\" alt=\"restituci\u00f3n bienes culturales jarra\" width=\"225\" height=\"300\" srcset=\"https:\/\/www.fabregat-perulles-sales.com\/actualidad\/wp-content\/uploads\/2017\/04\/restitucion-bienes-culturales-abogados-espanol-225x300.jpg 225w, https:\/\/www.fabregat-perulles-sales.com\/actualidad\/wp-content\/uploads\/2017\/04\/restitucion-bienes-culturales-abogados-espanol.jpg 540w\" sizes=\"(max-width: 225px) 100vw, 225px\" \/>El 20 de abril de 2017 ha entrado en vigor la <a href=\"http:\/\/noticias.juridicas.com\/base_datos\/Penal\/595504-l-1-2017-de-18-abr-restitucion-de-bienes-culturales-que-hayan-salido-de-forma.html\">Ley 1\/2017 de 18 de abril, sobre restituci\u00f3n de bienes culturales que hayan salido de forma ilegal del territorio espa\u00f1ol o de otro Estado miembro de la Uni\u00f3n Europea, por la que se incorpora al ordenamiento espa\u00f1ol la Directiva 2014\/60\/UE, del Parlamento Europeo y del Consejo de 15 de mayo de 2014.<\/a><\/p>\n<p>Dicha norma tiene por objeto principal regular:<\/p>\n<ol>\n<li>Las condiciones en que deben ser restituidos aquellos bienes culturales que hayan salido ilegalmente del territorio espa\u00f1ol, y se encuentren en territorio de otro Estado miembro de la Uni\u00f3n Europea.<\/li>\n<li>La acci\u00f3n de restituci\u00f3n que se pueda presentar ante las autoridades espa\u00f1olas sobre los bienes que hayan salido de forma ilegal de otro Estado miembro de la Uni\u00f3n Europea y que se encuentren en territorio espa\u00f1ol.<\/li>\n<\/ol>\n<p>A tal efecto, se establecen los requisitos de la acci\u00f3n de restituci\u00f3n, entre ellos, que la competencia jurisdiccional se atribuye al orden jurisdiccional civil del Estado requerido, tramit\u00e1ndose por las reglas de los juicios verbales, con determinadas especialidades.<\/p>\n<p><!--more--><\/p>\n<p>El procedimiento se regir\u00e1, de forma supletoria, por lo dispuesto en la <a href=\"http:\/\/noticias.juridicas.com\/base_datos\/Privado\/l1-2000.html\">Ley 1\/2000, de 7 de enero, de Enjuiciamiento Civil.<\/a><\/p>\n<p>Tendr\u00e1n legitimaci\u00f3n activa para interponer la acci\u00f3n de restituci\u00f3n aquellos Estados miembros de la Uni\u00f3n Europea, de cuyo territorio haya salido de forma ilegal el bien cultural. Por su parte, estar\u00e1n legitimados pasivamente s\u00f3lo quienes tuvieren en posesi\u00f3n o la simple tenencia del bien reclamado.<\/p>\n<p>En cuanto al objeto del procedimiento, el mismo debe circunscribirse a la referida acci\u00f3n de restituci\u00f3n, quedando excluidas cualesquiera otras cuestiones que puedan ser reclamadas a trav\u00e9s de acciones civiles, penales o de otra naturaleza.<\/p>\n<p>El plazo para interponer la acci\u00f3n de restituci\u00f3n prescribir\u00e1 a los tres a\u00f1os, a partir de la fecha en que la autoridad central competente del Estado miembro requirente haya tenido conocimiento del lugar en el que se encontraba el bien cultural y de la identidad del poseedor o del tenedor del mismo. En cualquier caso, la acci\u00f3n de restituci\u00f3n prescribir\u00e1 en un plazo de treinta a\u00f1os, a partir de la fecha en que el bien cultural haya salido de forma ilegal del territorio del Estado miembro requirente.<\/p>\n<p>Sin embargo, el plazo de prescripci\u00f3n ser\u00e1 de setenta y cinco a\u00f1os en casos de acci\u00f3n de restituci\u00f3n de bienes pertenecientes a colecciones p\u00fablicas y de bienes incluidos en los inventarios de instituciones eclesi\u00e1sticas o de otras instituciones religiosas que est\u00e9n sometidos a un r\u00e9gimen especial de protecci\u00f3n por la legislaci\u00f3n del Estado requirente.<\/p>\n<p>Por \u00faltimo, cuando quede probado que se trata de un bien cultural y su salida del territorio del Estado requirente ha sido ilegal, el juez ordenar\u00e1 la restituci\u00f3n material del bien cultural a dicho Estado. Asimismo, se establece la posibilidad de conceder al poseedor la indemnizaci\u00f3n que se considere equitativa por el juez, a tenor de las circunstancias que queden acreditadas en el proceso, siempre que aqu\u00e9l hubiere adquirido el bien de buena fe y pruebe que ha empleado la diligencia debida en el momento de la adquisici\u00f3n.<\/p>\n<p><script type=\"application\/ld+json\">\n{\n  \"@context\": \"http:\/\/schema.org\/\",\n  \"@type\": \"NewsArticle\",\n  \"headline\": \"Restituci\u00f3n bienes culturales en UE\",\n  \"datePublished\": \"2017-04-20\",\n  \"description\": \"El 20 de abril entr\u00f3 en vigor la nueva regulaci\u00f3n para el ejercicio de acciones de restituci\u00f3n de bienes culturales que hayan salido ilegalmente de un Estado.\",\n  \"image\": {\n    \"@type\": \"ImageObject\",\n    \"height\": \"300\",\n    \"width\": \"225\",\n    \"url\": \"http:\/\/www.fabregat-perulles-sales.com\/actualidad\/wp-content\/uploads\/2017\/04\/restitucion-bienes-culturales-abogados-espanol-225x300.jpg\"\n  },\n  \"author\": \"Fabregat Perulles Sales\",\n  \"publisher\": {\n    \"@type\": \"Organization\",\n    \"logo\": {\n      \"@type\": \"ImageObject\",\n      \"url\": \"http:\/\/www.fabregat-perulles-sales.com\/abogados-barcelona-barcelona-fabregat-perulles-sales\/Logo-Fabregat-Perulles-Sales-Abogados-alemanes-rusos-franceses-italianos-ingleses-negro.png\"\n    },\n    \"name\": \"Fabregat Perulles Sales\"\n  },\n  \"articleBody\": \"El 20 de abril de 2017 ha entrado en vigor la Ley 1\/2017 de 18 de abril, sobre restituci\u00f3n de bienes culturales que hayan salido de forma ilegal del territorio espa\u00f1ol o de otro Estado miembro de la Uni\u00f3n Europea, por la que se incorpora al ordenamiento espa\u00f1ol la Directiva 2014\/60\/UE, del Parlamento Europeo y del Consejo de 15 de mayo de 2014.<\/p>\n<p>Dicha norma tiene por objeto principal regular:<\/p>\n<p>Las condiciones en que deben ser restituidos aquellos bienes culturales que hayan salido ilegalmente del territorio espa\u00f1ol, y se encuentren en territorio de otro Estado miembro de la Uni\u00f3n Europea.\nLa acci\u00f3n de restituci\u00f3n que se pueda presentar ante las autoridades espa\u00f1olas sobre los bienes que hayan salido de forma ilegal de otro Estado miembro de la Uni\u00f3n Europea y que se encuentren en territorio espa\u00f1ol.\nA tal efecto, se establecen los requisitos de la acci\u00f3n de restituci\u00f3n, entre ellos, que la competencia jurisdiccional se atribuye al orden jurisdiccional civil del Estado requerido, tramit\u00e1ndose por las reglas de los juicios verbales, con determinadas especialidades.<\/p>\n<p>El procedimiento se regir\u00e1, de forma supletoria, por lo dispuesto en la Ley 1\/2000, de 7 de enero, de Enjuiciamiento Civil.<\/p>\n<p>Tendr\u00e1n legitimaci\u00f3n activa para interponer la acci\u00f3n de restituci\u00f3n aquellos Estados miembros de la Uni\u00f3n Europea, de cuyo territorio haya salido de forma ilegal el bien cultural. Por su parte, estar\u00e1n legitimados pasivamente s\u00f3lo quienes tuvieren en posesi\u00f3n o la simple tenencia del bien reclamado.<\/p>\n<p>En cuanto al objeto del procedimiento, el mismo debe circunscribirse a la referida acci\u00f3n de restituci\u00f3n, quedando excluidas cualesquiera otras cuestiones que puedan ser reclamadas a trav\u00e9s de acciones civiles, penales o de otra naturaleza.<\/p>\n<p>El plazo para interponer la acci\u00f3n de restituci\u00f3n prescribir\u00e1 a los tres a\u00f1os, a partir de la fecha en que la autoridad central competente del Estado miembro requirente haya tenido conocimiento del lugar en el que se encontraba el bien cultural y de la identidad del poseedor o del tenedor del mismo. En cualquier caso, la acci\u00f3n de restituci\u00f3n prescribir\u00e1 en un plazo de treinta a\u00f1os, a partir de la fecha en que el bien cultural haya salido de forma ilegal del territorio del Estado miembro requirente.<\/p>\n<p>Sin embargo, el plazo de prescripci\u00f3n ser\u00e1 de setenta y cinco a\u00f1os en casos de acci\u00f3n de restituci\u00f3n de bienes pertenecientes a colecciones p\u00fablicas y de bienes incluidos en los inventarios de instituciones eclesi\u00e1sticas o de otras instituciones religiosas que est\u00e9n sometidos a un r\u00e9gimen especial de protecci\u00f3n por la legislaci\u00f3n del Estado requirente.<\/p>\n<p>Por \u00faltimo, cuando quede probado que se trata de un bien cultural y su salida del territorio del Estado requirente ha sido ilegal, el juez ordenar\u00e1 la restituci\u00f3n material del bien cultural a dicho Estado. Asimismo, se establece la posibilidad de conceder al poseedor la indemnizaci\u00f3n que se considere equitativa por el juez, a tenor de las circunstancias que queden acreditadas en el proceso, siempre que aqu\u00e9l hubiere adquirido el bien de buena fe y pruebe que ha empleado la diligencia debida en el momento de la adquisici\u00f3n.\"\n}\n<\/script><\/p>\n\r\n\t\t<style>\r\n\t\t\t.huge-it-share-buttons {\r\n\t\t\t\tborder:0px solid #0FB5D6;\r\n\t\t\t\tborder-radius:5px;\r\n\t\t\t\tbackground:#3BD8FF;\r\n\t\t\t text-align:left; \t\t\t\t\t\t\t\t\t}\r\n\r\n\t\t\t#huge-it-share-buttons-top {margin-bottom:0px;}\r\n\t\t\t#huge-it-share-buttons-bottom {margin-top:0px;}\r\n\r\n\t\t\t.huge-it-share-buttons h3 {\r\n\t\t\t\tfont-size:25px ;\r\n\t\t\t\tfont-family:Arial,Helvetica Neue,Helvetica,sans-serif;\r\n\t\t\t\tcolor:#666666;\r\n\r\n\t\t\tdisplay:block;\t\t\t\tline-height:25px ;\r\n\r\n\t\t\t text-align:left; \t\t\t\t\t\t\t\t\t}\r\n\r\n\t\t\t.huge-it-share-buttons ul {\r\n\t\t\t float:left; \t\t\t\t\t\t\t\t\t}\r\n\r\n\t\t\t.huge-it-share-buttons ul li {\r\n\t\t\t\tmargin-left:3px;\r\n\t\t\t\tmargin-right:3px;\r\n\t\t\t\tpadding:0px;\r\n\t\t\t\tborder:0px ridge #E6354C;\r\n\t\t\t\tborder-radius:11px;\r\n\t\t\t\tbackground-color:#14CC9B;\r\n\t\t\t}\r\n\r\n\t\t\t.huge-it-share-buttons ul li #backforunical2689 {\r\n\t\t\t\tborder-bottom: 0;\r\n\t\t\t\tbackground-image:url('https:\/\/www.fabregat-perulles-sales.com\/actualidad\/wp-content\/plugins\/wp-share-buttons\/Front_end\/..\/images\/buttons.30.png');\r\n\t\t\t\twidth:30px;\r\n\t\t\t\theight:30px;\r\n\t\t\t}\r\n\r\n\t\t\t.front-shares-count {\r\n\t\t\t\tposition: absolute;\r\n\t\t\t\ttext-align: center;\r\n\t\t\t\tdisplay: block;\r\n\t\t\t}\r\n\r\n\t\t\t.shares_size20 .front-shares-count {\r\n\t\t\t\tfont-size: 10px;\r\n\t\t\t\ttop: 10px;\r\n\t\t\t\twidth: 20px;\r\n\t\t\t}\r\n\r\n\t\t\t.shares_size30 .front-shares-count {\r\n\t\t\t\tfont-size: 11px;\r\n\t\t\t\ttop: 15px;\r\n\t\t\t\twidth: 30px;\r\n\t\t\t}\r\n\r\n\t\t\t.shares_size40 .front-shares-count {\r\n\t\t\t\tfont-size: 12px;\r\n\t\t\t\ttop: 21px;\r\n\t\t\t\twidth: 40px;\r\n\t\t\t}\r\n\t\t<\/style>\r\n\t\t\r\n\t\t<div id=\"huge-it-share-buttons-top\" class=\"huge-it-share-buttons nobackground\">\r\n\t\t\t<h3>Share This:<\/h3>\r\n\t\t\t<ul class=\"huge-it-share-buttons-list \">\r\n\t\t\t\t\t\t\t\t\t<li class=\"nobackground \" >\r\n\r\n\t\t\t\t\t\t\t\t\t\t\t\t<a id=\"backforunical2689\" href=\"https:\/\/www.facebook.com\/sharer\/sharer.php?u=www.fabregat-perulles-sales.com\/actualidad\/wp-json\/wp\/v2\/posts\/2689\"  onclick=\"javascript:void window.open('https:\/\/www.facebook.com\/sharer\/sharer.php?u=www.fabregat-perulles-sales.com\/actualidad\/wp-json\/wp\/v2\/posts\/2689','1410949501326','width=700,height=500,toolbar=0,menubar=0,location=0,status=1,scrollbars=1,resizable=1,left=0,top=0');return false;\" style=\"background-position: -0px -120px \"><\/a>\r\n\t\t\t\t\t<\/li>\r\n\t\t\t\t\t\t\t\t\t\t<li class=\"nobackground \" >\r\n\r\n\t\t\t\t\t\t\t\t\t\t\t\t<a id=\"backforunical2689\" href=\"https:\/\/twitter.com\/share?status=www.fabregat-perulles-sales.com\/actualidad\/wp-json\/wp\/v2\/posts\/2689&text=Nueva regulaci\u00f3n de la restituci\u00f3n de bienes culturales sacados ilegalmente de Espa\u00f1a o de otro pa\u00eds de la UE\"  onclick=\"javascript:void window.open('https:\/\/twitter.com\/share?status=www.fabregat-perulles-sales.com\/actualidad\/wp-json\/wp\/v2\/posts\/2689&text=Nueva regulaci\u00f3n de la restituci\u00f3n de bienes culturales sacados ilegalmente de Espa\u00f1a o de otro pa\u00eds de la UE','1410949501326','width=700,height=500,toolbar=0,menubar=0,location=0,status=1,scrollbars=1,resizable=1,left=0,top=0');return false;\" style=\"background-position: -30px -120px \"><\/a>\r\n\t\t\t\t\t<\/li>\r\n\t\t\t\t\t\t\t\t\t\t<li class=\"none nobackground \" >\r\n\r\n\t\t\t\t\t\t\t\t\t\t\t\t<a id=\"backforunical2689\" href=\"http:\/\/www.pinterest.com\/pin\/create\/button\/?url=www.fabregat-perulles-sales.com\/actualidad\/wp-json\/wp\/v2\/posts\/2689&media=https:\/\/www.fabregat-perulles-sales.com\/actualidad\/wp-content\/plugins\/wp-share-buttons\/Front_end\/..\/images\/noimage.png&description=Nueva regulaci\u00f3n de la restituci\u00f3n de bienes culturales sacados ilegalmente de Espa\u00f1a o de otro pa\u00eds de la UE\"  onclick=\"javascript:void window.open('http:\/\/www.pinterest.com\/pin\/create\/button\/?url=www.fabregat-perulles-sales.com\/actualidad\/wp-json\/wp\/v2\/posts\/2689&media=https:\/\/www.fabregat-perulles-sales.com\/actualidad\/wp-content\/plugins\/wp-share-buttons\/Front_end\/..\/images\/noimage.png&description=Nueva regulaci\u00f3n de la restituci\u00f3n de bienes culturales sacados ilegalmente de Espa\u00f1a o de otro pa\u00eds de la UE','1410949501326','width=700,height=500,toolbar=0,menubar=0,location=0,status=1,scrollbars=1,resizable=1,left=0,top=0');return false;\" style=\"background-position: -60px -120px \"><\/a>\r\n\t\t\t\t\t<\/li>\r\n\t\t\t\t\t\t\t\t\t\t<li class=\"none nobackground \" >\r\n\r\n\t\t\t\t\t\t\t\t\t\t\t\t<a id=\"backforunical2689\" href=\"https:\/\/plus.google.com\/share?url=www.fabregat-perulles-sales.com\/actualidad\/wp-json\/wp\/v2\/posts\/2689\"  onclick=\"javascript:void window.open('https:\/\/plus.google.com\/share?url=www.fabregat-perulles-sales.com\/actualidad\/wp-json\/wp\/v2\/posts\/2689','1410949501326','width=700,height=500,toolbar=0,menubar=0,location=0,status=1,scrollbars=1,resizable=1,left=0,top=0');return false;\" style=\"background-position: -90px -120px \"><\/a>\r\n\t\t\t\t\t<\/li>\r\n\t\t\t\t\t\t\t\t\t\t<li class=\"nobackground \" >\r\n\r\n\t\t\t\t\t\t\t\t\t\t\t\t<a id=\"backforunical2689\" href=\"https:\/\/www.linkedin.com\/shareArticle?title=Nueva regulaci\u00f3n de la restituci\u00f3n de bienes culturales sacados ilegalmente de Espa\u00f1a o de otro pa\u00eds de la UE&mini=true&url=https:\/\/www.fabregat-perulles-sales.com\/actualidad\/wp-json\/wp\/v2\/posts\/2689\"  onclick=\"javascript:void window.open('https:\/\/www.linkedin.com\/shareArticle?title=Nueva regulaci\u00f3n de la restituci\u00f3n de bienes culturales sacados ilegalmente de Espa\u00f1a o de otro pa\u00eds de la UE&mini=true&url=https:\/\/www.fabregat-perulles-sales.com\/actualidad\/wp-json\/wp\/v2\/posts\/2689','1410949501326','width=700,height=500,toolbar=0,menubar=0,location=0,status=1,scrollbars=1,resizable=1,left=0,top=0');return false;\" style=\"background-position: -120px -120px \"><\/a>\r\n\t\t\t\t\t<\/li>\r\n\t\t\t\t\t\t\t\t\t\t<li class=\"none nobackground \" >\r\n\r\n\t\t\t\t\t\t\t\t\t\t\t\t<a id=\"backforunical2689\" href=\"https:\/\/www.tumblr.com\/share\/link?url=www.fabregat-perulles-sales.com\/actualidad\/wp-json\/wp\/v2\/posts\/2689&name=Nueva regulaci\u00f3n de la restituci\u00f3n de bienes culturales sacados ilegalmente de Espa\u00f1a o de otro pa\u00eds de la UE\"  onclick=\"javascript:void window.open('https:\/\/www.tumblr.com\/share\/link?url=www.fabregat-perulles-sales.com\/actualidad\/wp-json\/wp\/v2\/posts\/2689&name=Nueva regulaci\u00f3n de la restituci\u00f3n de bienes culturales sacados ilegalmente de Espa\u00f1a o de otro pa\u00eds de la UE','1410949501326','width=700,height=500,toolbar=0,menubar=0,location=0,status=1,scrollbars=1,resizable=1,left=0,top=0');return false;\" style=\"background-position: -150px -120px \"><\/a>\r\n\t\t\t\t\t<\/li>\r\n\t\t\t\t\t\t\t\t\t\t<li class=\"none nobackground \" >\r\n\r\n\t\t\t\t\t\t\t\t\t\t\t\t<a id=\"backforunical2689\" href=\"http:\/\/digg.com\/submit?phase=2&url=www.fabregat-perulles-sales.com\/actualidad\/wp-json\/wp\/v2\/posts\/2689&title=Nueva regulaci\u00f3n de la restituci\u00f3n de bienes culturales sacados ilegalmente de Espa\u00f1a o de otro pa\u00eds de la UE\"  onclick=\"javascript:void window.open('http:\/\/digg.com\/submit?phase=2&url=www.fabregat-perulles-sales.com\/actualidad\/wp-json\/wp\/v2\/posts\/2689&title=Nueva regulaci\u00f3n de la restituci\u00f3n de bienes culturales sacados ilegalmente de Espa\u00f1a o de otro pa\u00eds de la UE','1410949501326','width=700,height=500,toolbar=0,menubar=0,location=0,status=1,scrollbars=1,resizable=1,left=0,top=0');return false;\" style=\"background-position: -180px -120px \"><\/a>\r\n\t\t\t\t\t<\/li>\r\n\t\t\t\t\t\t\t\t\t\t<li class=\"none nobackground \" >\r\n\r\n\t\t\t\t\t\t\t\t\t\t\t\t<a id=\"backforunical2689\" href=\"http:\/\/www.stumbleupon.com\/submit?url=www.fabregat-perulles-sales.com\/actualidad\/wp-json\/wp\/v2\/posts\/2689&title=Nueva regulaci\u00f3n de la restituci\u00f3n de bienes culturales sacados ilegalmente de Espa\u00f1a o de otro pa\u00eds de la UE\"  onclick=\"javascript:void window.open('http:\/\/www.stumbleupon.com\/submit?url=www.fabregat-perulles-sales.com\/actualidad\/wp-json\/wp\/v2\/posts\/2689&title=Nueva regulaci\u00f3n de la restituci\u00f3n de bienes culturales sacados ilegalmente de Espa\u00f1a o de otro pa\u00eds de la UE','1410949501326','width=700,height=500,toolbar=0,menubar=0,location=0,status=1,scrollbars=1,resizable=1,left=0,top=0');return false;\" style=\"background-position: -210px -120px \"><\/a>\r\n\t\t\t\t\t<\/li>\r\n\t\t\t\t\t\t\t\t\t\t<li class=\"none nobackground \" >\r\n\r\n\t\t\t\t\t\t\t\t\t\t\t\t<a id=\"backforunical2689\" href=\"https:\/\/myspace.com\/post?l=3&u=www.fabregat-perulles-sales.com\/actualidad\/wp-json\/wp\/v2\/posts\/2689\"  onclick=\"javascript:void window.open('https:\/\/myspace.com\/post?l=3&u=www.fabregat-perulles-sales.com\/actualidad\/wp-json\/wp\/v2\/posts\/2689','1410949501326','width=700,height=500,toolbar=0,menubar=0,location=0,status=1,scrollbars=1,resizable=1,left=0,top=0');return false;\" style=\"background-position: -240px -120px \"><\/a>\r\n\t\t\t\t\t<\/li>\r\n\t\t\t\t\t\t\t\t\t\t<li class=\"nobackground \" >\r\n\r\n\t\t\t\t\t\t\t\t\t\t\t\t<a id=\"backforunical2689\" href=\"http:\/\/vk.com\/share.php?url=www.fabregat-perulles-sales.com\/actualidad\/wp-json\/wp\/v2\/posts\/2689&title=Nueva regulaci\u00f3n de la restituci\u00f3n de bienes culturales sacados ilegalmente de Espa\u00f1a o de otro pa\u00eds de la UE\"  onclick=\"javascript:void window.open('http:\/\/vk.com\/share.php?url=www.fabregat-perulles-sales.com\/actualidad\/wp-json\/wp\/v2\/posts\/2689&title=Nueva regulaci\u00f3n de la restituci\u00f3n de bienes culturales sacados ilegalmente de Espa\u00f1a o de otro pa\u00eds de la UE','1410949501326','width=700,height=500,toolbar=0,menubar=0,location=0,status=1,scrollbars=1,resizable=1,left=0,top=0');return false;\" style=\"background-position: -270px -120px \"><\/a>\r\n\t\t\t\t\t<\/li>\r\n\t\t\t\t\t\t\t\t\t\t<li class=\"none nobackground \" >\r\n\r\n\t\t\t\t\t\t\t\t\t\t\t\t<a id=\"backforunical2689\" href=\"http:\/\/www.reddit.com\/submit?url=www.fabregat-perulles-sales.com\/actualidad\/wp-json\/wp\/v2\/posts\/2689&title=Nueva regulaci\u00f3n de la restituci\u00f3n de bienes culturales sacados ilegalmente de Espa\u00f1a o de otro pa\u00eds de la UE\"  onclick=\"javascript:void window.open('http:\/\/www.reddit.com\/submit?url=www.fabregat-perulles-sales.com\/actualidad\/wp-json\/wp\/v2\/posts\/2689&title=Nueva regulaci\u00f3n de la restituci\u00f3n de bienes culturales sacados ilegalmente de Espa\u00f1a o de otro pa\u00eds de la UE','1410949501326','width=700,height=500,toolbar=0,menubar=0,location=0,status=1,scrollbars=1,resizable=1,left=0,top=0');return false;\" style=\"background-position: -300px -120px \"><\/a>\r\n\t\t\t\t\t<\/li>\r\n\t\t\t\t\t\t\t\t\t\t<li class=\"none nobackground \" >\r\n\r\n\t\t\t\t\t\t\t\t\t\t\t\t<a id=\"backforunical2689\" href=\"http:\/\/www.bebo.com\/c\/share?Url=www.fabregat-perulles-sales.com\/actualidad\/wp-json\/wp\/v2\/posts\/2689\"  onclick=\"javascript:void window.open('http:\/\/www.bebo.com\/c\/share?Url=www.fabregat-perulles-sales.com\/actualidad\/wp-json\/wp\/v2\/posts\/2689','1410949501326','width=700,height=500,toolbar=0,menubar=0,location=0,status=1,scrollbars=1,resizable=1,left=0,top=0');return false;\" style=\"background-position: -330px -120px \"><\/a>\r\n\t\t\t\t\t<\/li>\r\n\t\t\t\t\t\t\t\t\t\t<li class=\"none nobackground \" >\r\n\r\n\t\t\t\t\t\t\t\t\t\t\t\t<a id=\"backforunical2689\" href=\"https:\/\/delicious.com\/save?v=5&noui&jump=close&url=www.fabregat-perulles-sales.com\/actualidad\/wp-json\/wp\/v2\/posts\/2689&title=Nueva regulaci\u00f3n de la restituci\u00f3n de bienes culturales sacados ilegalmente de Espa\u00f1a o de otro pa\u00eds de la UE\"  onclick=\"javascript:void window.open('https:\/\/delicious.com\/save?v=5&noui&jump=close&url=www.fabregat-perulles-sales.com\/actualidad\/wp-json\/wp\/v2\/posts\/2689&title=Nueva regulaci\u00f3n de la restituci\u00f3n de bienes culturales sacados ilegalmente de Espa\u00f1a o de otro pa\u00eds de la UE','1410949501326','width=700,height=500,toolbar=0,menubar=0,location=0,status=1,scrollbars=1,resizable=1,left=0,top=0');return false;\" style=\"background-position: -360px -120px \"><\/a>\r\n\t\t\t\t\t<\/li>\r\n\t\t\t\t\t\t\t\t\t\t<li class=\"none nobackground \" >\r\n\r\n\t\t\t\t\t\t\t\t\t\t\t\t<a id=\"backforunical2689\" href=\"http:\/\/www.odnoklassniki.ru\/dk?st.cmd=addShare&st.s=2&st.noresize=on&st._surl=www.fabregat-perulles-sales.com\/actualidad\/wp-json\/wp\/v2\/posts\/2689\"  onclick=\"javascript:void window.open('http:\/\/www.odnoklassniki.ru\/dk?st.cmd=addShare&st.s=2&st.noresize=on&st._surl=www.fabregat-perulles-sales.com\/actualidad\/wp-json\/wp\/v2\/posts\/2689','1410949501326','width=700,height=500,toolbar=0,menubar=0,location=0,status=1,scrollbars=1,resizable=1,left=0,top=0');return false;\" style=\"background-position: -390px -120px \"><\/a>\r\n\t\t\t\t\t<\/li>\r\n\t\t\t\t\t\t\t\t\t\t<li class=\"none nobackground \" >\r\n\r\n\t\t\t\t\t\t\t\t\t\t\t\t<a id=\"backforunical2689\" href=\"http:\/\/sns.qzone.qq.com\/cgi-bin\/qzshare\/cgi_qzshare_onekey?url=www.fabregat-perulles-sales.com\/actualidad\/wp-json\/wp\/v2\/posts\/2689&title=Nueva regulaci\u00f3n de la restituci\u00f3n de bienes culturales sacados ilegalmente de Espa\u00f1a o de otro pa\u00eds de la UE\"  onclick=\"javascript:void window.open('http:\/\/sns.qzone.qq.com\/cgi-bin\/qzshare\/cgi_qzshare_onekey?url=www.fabregat-perulles-sales.com\/actualidad\/wp-json\/wp\/v2\/posts\/2689&title=Nueva regulaci\u00f3n de la restituci\u00f3n de bienes culturales sacados ilegalmente de Espa\u00f1a o de otro pa\u00eds de la UE','1410949501326','width=700,height=500,toolbar=0,menubar=0,location=0,status=1,scrollbars=1,resizable=1,left=0,top=0');return false;\" style=\"background-position: -420px -120px \"><\/a>\r\n\t\t\t\t\t<\/li>\r\n\t\t\t\t\t\t\t\t\t\t<li class=\"none nobackground \" >\r\n\r\n\t\t\t\t\t\t\t\t\t\t\t\t<a id=\"backforunical2689\" href=\"http:\/\/service.weibo.com\/share\/share.php?url=www.fabregat-perulles-sales.com\/actualidad\/wp-json\/wp\/v2\/posts\/2689&appkey=&title=Nueva regulaci\u00f3n de la restituci\u00f3n de bienes culturales sacados ilegalmente de Espa\u00f1a o de otro pa\u00eds de la UE&pic=&ralateUid=&\"  onclick=\"javascript:void window.open('http:\/\/service.weibo.com\/share\/share.php?url=www.fabregat-perulles-sales.com\/actualidad\/wp-json\/wp\/v2\/posts\/2689&appkey=&title=Nueva regulaci\u00f3n de la restituci\u00f3n de bienes culturales sacados ilegalmente de Espa\u00f1a o de otro pa\u00eds de la UE&pic=&ralateUid=&','1410949501326','width=700,height=500,toolbar=0,menubar=0,location=0,status=1,scrollbars=1,resizable=1,left=0,top=0');return false;\" style=\"background-position: -450px -120px \"><\/a>\r\n\t\t\t\t\t<\/li>\r\n\t\t\t\t\t\t\t\t\t\t<li class=\"none nobackground \" >\r\n\r\n\t\t\t\t\t\t\t\t\t\t\t\t<a id=\"backforunical2689\" href=\"http:\/\/widget.renren.com\/dialog\/share?resourceUrl=www.fabregat-perulles-sales.com\/actualidad\/wp-json\/wp\/v2\/posts\/2689&srcUrl=www.fabregat-perulles-sales.com\/actualidad\/wp-json\/wp\/v2\/posts\/2689&title=Nueva regulaci\u00f3n de la restituci\u00f3n de bienes culturales sacados ilegalmente de Espa\u00f1a o de otro pa\u00eds de la UE\"  onclick=\"javascript:void window.open('http:\/\/widget.renren.com\/dialog\/share?resourceUrl=www.fabregat-perulles-sales.com\/actualidad\/wp-json\/wp\/v2\/posts\/2689&srcUrl=www.fabregat-perulles-sales.com\/actualidad\/wp-json\/wp\/v2\/posts\/2689&title=Nueva regulaci\u00f3n de la restituci\u00f3n de bienes culturales sacados ilegalmente de Espa\u00f1a o de otro pa\u00eds de la UE','1410949501326','width=700,height=500,toolbar=0,menubar=0,location=0,status=1,scrollbars=1,resizable=1,left=0,top=0');return false;\" style=\"background-position: -480px -120px \"><\/a>\r\n\t\t\t\t\t<\/li>\r\n\t\t\t\t\t\t\t\t\t\t<li class=\"none nobackground \" >\r\n\r\n\t\t\t\t\t\t\t\t\t\t\t\t<a id=\"backforunical2689\" href=\"http:\/\/n4g.com\/tips?url=www.fabregat-perulles-sales.com\/actualidad\/wp-json\/wp\/v2\/posts\/2689&title=Nueva regulaci\u00f3n de la restituci\u00f3n de bienes culturales sacados ilegalmente de Espa\u00f1a o de otro pa\u00eds de la UE\"  onclick=\"javascript:void window.open('http:\/\/n4g.com\/tips?url=www.fabregat-perulles-sales.com\/actualidad\/wp-json\/wp\/v2\/posts\/2689&title=Nueva regulaci\u00f3n de la restituci\u00f3n de bienes culturales sacados ilegalmente de Espa\u00f1a o de otro pa\u00eds de la UE','1410949501326','width=700,height=500,toolbar=0,menubar=0,location=0,status=1,scrollbars=1,resizable=1,left=0,top=0');return false;\" style=\"background-position: -510px -120px \"><\/a>\r\n\t\t\t\t\t<\/li>\r\n\t\t\t\t\t\t\t\t<\/ul>\r\n\t\t\t<div class=\"clear\"><\/div>\r\n\t\t<\/div>\r\n\t\t","protected":false},"excerpt":{"rendered":"<p>El 20 de abril de 2017 ha entrado en vigor la Ley 1\/2017 de 18 de abril, sobre restituci\u00f3n de bienes culturales que hayan salido de forma ilegal del territorio espa\u00f1ol o de otro Estado miembro de la Uni\u00f3n Europea, por la que se incorpora al ordenamiento espa\u00f1ol la Directiva 2014\/60\/UE, del Parlamento Europeo y\u2026 <span class=\"read-more\"><a href=\"https:\/\/www.fabregat-perulles-sales.com\/actualidad\/nueva-regulacion-de-la-restitucion-de-bienes-culturales-sacados-ilegalmente-de-espana-o-de-otro-pais-de-la-ue\/\">Read More &raquo;<\/a><\/span><\/p>\n","protected":false},"author":3,"featured_media":0,"comment_status":"open","ping_status":"closed","sticky":false,"template":"","format":"standard","meta":[],"categories":[466,279,26],"tags":[903,902,485],"yoast_head":"<!-- This site is optimized with the Yoast SEO plugin v20.2.1 - https:\/\/yoast.com\/wordpress\/plugins\/seo\/ -->\n<title>Restituci\u00f3n bienes culturales en UE<\/title>\n<meta name=\"description\" content=\"El 20 de abril entr\u00f3 en vigor la nueva regulaci\u00f3n para el ejercicio de acciones de restituci\u00f3n de bienes culturales que hayan salido ilegalmente de un Estado.\" \/>\n<meta name=\"robots\" content=\"index, follow, max-snippet:-1, max-image-preview:large, max-video-preview:-1\" \/>\n<link rel=\"canonical\" href=\"https:\/\/www.fabregat-perulles-sales.com\/actualidad\/nueva-regulacion-de-la-restitucion-de-bienes-culturales-sacados-ilegalmente-de-espana-o-de-otro-pais-de-la-ue\/\" \/>\n<meta property=\"og:locale\" content=\"en_US\" \/>\n<meta property=\"og:type\" content=\"article\" \/>\n<meta property=\"og:title\" content=\"Restituci\u00f3n bienes culturales en UE\" \/>\n<meta property=\"og:description\" content=\"El 20 de abril entr\u00f3 en vigor la nueva regulaci\u00f3n para el ejercicio de acciones de restituci\u00f3n de bienes culturales que hayan salido ilegalmente de un Estado.\" \/>\n<meta property=\"og:url\" content=\"https:\/\/www.fabregat-perulles-sales.com\/actualidad\/nueva-regulacion-de-la-restitucion-de-bienes-culturales-sacados-ilegalmente-de-espana-o-de-otro-pais-de-la-ue\/\" \/>\n<meta property=\"og:site_name\" content=\"International Lawyers\" \/>\n<meta property=\"article:published_time\" content=\"2017-04-20T14:33:28+00:00\" \/>\n<meta property=\"article:modified_time\" content=\"2017-05-30T11:04:18+00:00\" \/>\n<meta property=\"og:image\" content=\"http:\/\/www.fabregat-perulles-sales.com\/actualidad\/wp-content\/uploads\/2017\/04\/restitucion-bienes-culturales-abogados-espanol-225x300.jpg\" \/>\n<meta name=\"author\" content=\"Victor\" \/>\n<meta name=\"twitter:card\" content=\"summary_large_image\" \/>\n<meta name=\"twitter:label1\" content=\"Written by\" \/>\n\t<meta name=\"twitter:data1\" content=\"Victor\" \/>\n\t<meta name=\"twitter:label2\" content=\"Est. reading time\" \/>\n\t<meta name=\"twitter:data2\" content=\"3 minutes\" \/>\n<script type=\"application\/ld+json\" class=\"yoast-schema-graph\">{\"@context\":\"https:\/\/schema.org\",\"@graph\":[{\"@type\":\"WebPage\",\"@id\":\"https:\/\/www.fabregat-perulles-sales.com\/actualidad\/nueva-regulacion-de-la-restitucion-de-bienes-culturales-sacados-ilegalmente-de-espana-o-de-otro-pais-de-la-ue\/\",\"url\":\"https:\/\/www.fabregat-perulles-sales.com\/actualidad\/nueva-regulacion-de-la-restitucion-de-bienes-culturales-sacados-ilegalmente-de-espana-o-de-otro-pais-de-la-ue\/\",\"name\":\"Restituci\u00f3n bienes culturales en UE\",\"isPartOf\":{\"@id\":\"https:\/\/www.fabregat-perulles-sales.com\/actualidad\/#website\"},\"datePublished\":\"2017-04-20T14:33:28+00:00\",\"dateModified\":\"2017-05-30T11:04:18+00:00\",\"author\":{\"@id\":\"https:\/\/www.fabregat-perulles-sales.com\/actualidad\/#\/schema\/person\/cabc1d68c7778f01d5e069c2d98442e3\"},\"description\":\"El 20 de abril entr\u00f3 en vigor la nueva regulaci\u00f3n para el ejercicio de acciones de restituci\u00f3n de bienes culturales que hayan salido ilegalmente de un Estado.\",\"breadcrumb\":{\"@id\":\"https:\/\/www.fabregat-perulles-sales.com\/actualidad\/nueva-regulacion-de-la-restitucion-de-bienes-culturales-sacados-ilegalmente-de-espana-o-de-otro-pais-de-la-ue\/#breadcrumb\"},\"inLanguage\":\"en-US\",\"potentialAction\":[{\"@type\":\"ReadAction\",\"target\":[\"https:\/\/www.fabregat-perulles-sales.com\/actualidad\/nueva-regulacion-de-la-restitucion-de-bienes-culturales-sacados-ilegalmente-de-espana-o-de-otro-pais-de-la-ue\/\"]}]},{\"@type\":\"BreadcrumbList\",\"@id\":\"https:\/\/www.fabregat-perulles-sales.com\/actualidad\/nueva-regulacion-de-la-restitucion-de-bienes-culturales-sacados-ilegalmente-de-espana-o-de-otro-pais-de-la-ue\/#breadcrumb\",\"itemListElement\":[{\"@type\":\"ListItem\",\"position\":1,\"name\":\"Home\",\"item\":\"https:\/\/www.fabregat-perulles-sales.com\/actualidad\/\"},{\"@type\":\"ListItem\",\"position\":2,\"name\":\"Nueva regulaci\u00f3n de la restituci\u00f3n de bienes culturales sacados ilegalmente de Espa\u00f1a o de otro pa\u00eds de la UE\"}]},{\"@type\":\"WebSite\",\"@id\":\"https:\/\/www.fabregat-perulles-sales.com\/actualidad\/#website\",\"url\":\"https:\/\/www.fabregat-perulles-sales.com\/actualidad\/\",\"name\":\"www.fabregat-perulles-sales.com\",\"description\":\"Fabregat Perulles Sales Abogados is a law firm of reference international market in the Spanish-German, Spanish-French, and Spanish-Italian. Is one of the first firms in Barcelona offering a Russian Desk.\",\"potentialAction\":[{\"@type\":\"SearchAction\",\"target\":{\"@type\":\"EntryPoint\",\"urlTemplate\":\"https:\/\/www.fabregat-perulles-sales.com\/actualidad\/?s={search_term_string}\"},\"query-input\":\"required name=search_term_string\"}],\"inLanguage\":\"en-US\"},{\"@type\":\"Person\",\"@id\":\"https:\/\/www.fabregat-perulles-sales.com\/actualidad\/#\/schema\/person\/cabc1d68c7778f01d5e069c2d98442e3\",\"name\":\"Victor\",\"image\":{\"@type\":\"ImageObject\",\"inLanguage\":\"en-US\",\"@id\":\"https:\/\/www.fabregat-perulles-sales.com\/actualidad\/#\/schema\/person\/image\/\",\"url\":\"https:\/\/secure.gravatar.com\/avatar\/756cb666a964d2960ffe307b8a53b271?s=96&d=mm&r=g\",\"contentUrl\":\"https:\/\/secure.gravatar.com\/avatar\/756cb666a964d2960ffe307b8a53b271?s=96&d=mm&r=g\",\"caption\":\"Victor\"},\"sameAs\":[\"http:\/\/www.fabregat-perulles-sales.com\"],\"url\":\"https:\/\/www.fabregat-perulles-sales.com\/actualidad\/author\/victor\/\"}]}<\/script>\n<!-- \/ Yoast SEO plugin. -->","yoast_head_json":{"title":"Restituci\u00f3n bienes culturales en UE","description":"El 20 de abril entr\u00f3 en vigor la nueva regulaci\u00f3n para el ejercicio de acciones de restituci\u00f3n de bienes culturales que hayan salido ilegalmente de un Estado.","robots":{"index":"index","follow":"follow","max-snippet":"max-snippet:-1","max-image-preview":"max-image-preview:large","max-video-preview":"max-video-preview:-1"},"canonical":"https:\/\/www.fabregat-perulles-sales.com\/actualidad\/nueva-regulacion-de-la-restitucion-de-bienes-culturales-sacados-ilegalmente-de-espana-o-de-otro-pais-de-la-ue\/","og_locale":"en_US","og_type":"article","og_title":"Restituci\u00f3n bienes culturales en UE","og_description":"El 20 de abril entr\u00f3 en vigor la nueva regulaci\u00f3n para el ejercicio de acciones de restituci\u00f3n de bienes culturales que hayan salido ilegalmente de un Estado.","og_url":"https:\/\/www.fabregat-perulles-sales.com\/actualidad\/nueva-regulacion-de-la-restitucion-de-bienes-culturales-sacados-ilegalmente-de-espana-o-de-otro-pais-de-la-ue\/","og_site_name":"International Lawyers","article_published_time":"2017-04-20T14:33:28+00:00","article_modified_time":"2017-05-30T11:04:18+00:00","og_image":[{"url":"http:\/\/www.fabregat-perulles-sales.com\/actualidad\/wp-content\/uploads\/2017\/04\/restitucion-bienes-culturales-abogados-espanol-225x300.jpg"}],"author":"Victor","twitter_card":"summary_large_image","twitter_misc":{"Written by":"Victor","Est. reading time":"3 minutes"},"schema":{"@context":"https:\/\/schema.org","@graph":[{"@type":"WebPage","@id":"https:\/\/www.fabregat-perulles-sales.com\/actualidad\/nueva-regulacion-de-la-restitucion-de-bienes-culturales-sacados-ilegalmente-de-espana-o-de-otro-pais-de-la-ue\/","url":"https:\/\/www.fabregat-perulles-sales.com\/actualidad\/nueva-regulacion-de-la-restitucion-de-bienes-culturales-sacados-ilegalmente-de-espana-o-de-otro-pais-de-la-ue\/","name":"Restituci\u00f3n bienes culturales en UE","isPartOf":{"@id":"https:\/\/www.fabregat-perulles-sales.com\/actualidad\/#website"},"datePublished":"2017-04-20T14:33:28+00:00","dateModified":"2017-05-30T11:04:18+00:00","author":{"@id":"https:\/\/www.fabregat-perulles-sales.com\/actualidad\/#\/schema\/person\/cabc1d68c7778f01d5e069c2d98442e3"},"description":"El 20 de abril entr\u00f3 en vigor la nueva regulaci\u00f3n para el ejercicio de acciones de restituci\u00f3n de bienes culturales que hayan salido ilegalmente de un Estado.","breadcrumb":{"@id":"https:\/\/www.fabregat-perulles-sales.com\/actualidad\/nueva-regulacion-de-la-restitucion-de-bienes-culturales-sacados-ilegalmente-de-espana-o-de-otro-pais-de-la-ue\/#breadcrumb"},"inLanguage":"en-US","potentialAction":[{"@type":"ReadAction","target":["https:\/\/www.fabregat-perulles-sales.com\/actualidad\/nueva-regulacion-de-la-restitucion-de-bienes-culturales-sacados-ilegalmente-de-espana-o-de-otro-pais-de-la-ue\/"]}]},{"@type":"BreadcrumbList","@id":"https:\/\/www.fabregat-perulles-sales.com\/actualidad\/nueva-regulacion-de-la-restitucion-de-bienes-culturales-sacados-ilegalmente-de-espana-o-de-otro-pais-de-la-ue\/#breadcrumb","itemListElement":[{"@type":"ListItem","position":1,"name":"Home","item":"https:\/\/www.fabregat-perulles-sales.com\/actualidad\/"},{"@type":"ListItem","position":2,"name":"Nueva regulaci\u00f3n de la restituci\u00f3n de bienes culturales sacados ilegalmente de Espa\u00f1a o de otro pa\u00eds de la UE"}]},{"@type":"WebSite","@id":"https:\/\/www.fabregat-perulles-sales.com\/actualidad\/#website","url":"https:\/\/www.fabregat-perulles-sales.com\/actualidad\/","name":"www.fabregat-perulles-sales.com","description":"Fabregat Perulles Sales Abogados is a law firm of reference international market in the Spanish-German, Spanish-French, and Spanish-Italian. Is one of the first firms in Barcelona offering a Russian Desk.","potentialAction":[{"@type":"SearchAction","target":{"@type":"EntryPoint","urlTemplate":"https:\/\/www.fabregat-perulles-sales.com\/actualidad\/?s={search_term_string}"},"query-input":"required name=search_term_string"}],"inLanguage":"en-US"},{"@type":"Person","@id":"https:\/\/www.fabregat-perulles-sales.com\/actualidad\/#\/schema\/person\/cabc1d68c7778f01d5e069c2d98442e3","name":"Victor","image":{"@type":"ImageObject","inLanguage":"en-US","@id":"https:\/\/www.fabregat-perulles-sales.com\/actualidad\/#\/schema\/person\/image\/","url":"https:\/\/secure.gravatar.com\/avatar\/756cb666a964d2960ffe307b8a53b271?s=96&d=mm&r=g","contentUrl":"https:\/\/secure.gravatar.com\/avatar\/756cb666a964d2960ffe307b8a53b271?s=96&d=mm&r=g","caption":"Victor"},"sameAs":["http:\/\/www.fabregat-perulles-sales.com"],"url":"https:\/\/www.fabregat-perulles-sales.com\/actualidad\/author\/victor\/"}]}},"amp_enabled":true,"_links":{"self":[{"href":"https:\/\/www.fabregat-perulles-sales.com\/actualidad\/wp-json\/wp\/v2\/posts\/2689"}],"collection":[{"href":"https:\/\/www.fabregat-perulles-sales.com\/actualidad\/wp-json\/wp\/v2\/posts"}],"about":[{"href":"https:\/\/www.fabregat-perulles-sales.com\/actualidad\/wp-json\/wp\/v2\/types\/post"}],"author":[{"embeddable":true,"href":"https:\/\/www.fabregat-perulles-sales.com\/actualidad\/wp-json\/wp\/v2\/users\/3"}],"replies":[{"embeddable":true,"href":"https:\/\/www.fabregat-perulles-sales.com\/actualidad\/wp-json\/wp\/v2\/comments?post=2689"}],"version-history":[{"count":3,"href":"https:\/\/www.fabregat-perulles-sales.com\/actualidad\/wp-json\/wp\/v2\/posts\/2689\/revisions"}],"predecessor-version":[{"id":2774,"href":"https:\/\/www.fabregat-perulles-sales.com\/actualidad\/wp-json\/wp\/v2\/posts\/2689\/revisions\/2774"}],"wp:attachment":[{"href":"https:\/\/www.fabregat-perulles-sales.com\/actualidad\/wp-json\/wp\/v2\/media?parent=2689"}],"wp:term":[{"taxonomy":"category","embeddable":true,"href":"https:\/\/www.fabregat-perulles-sales.com\/actualidad\/wp-json\/wp\/v2\/categories?post=2689"},{"taxonomy":"post_tag","embeddable":true,"href":"https:\/\/www.fabregat-perulles-sales.com\/actualidad\/wp-json\/wp\/v2\/tags?post=2689"}],"curies":[{"name":"wp","href":"https:\/\/api.w.org\/{rel}","templated":true}]}}