{"id":2633,"date":"2017-03-20T19:25:17","date_gmt":"2017-03-20T18:25:17","guid":{"rendered":"http:\/\/www.fabregat-perulles-sales.com\/actualidad\/?p=2633"},"modified":"2017-03-21T16:17:04","modified_gmt":"2017-03-21T15:17:04","slug":"fabregat-perulles-sales-a-participe-a-lelaboration-du-projet-lindice-de-securite-juridique-coordonne-par-la-premiere-universite-juridique-francaise-paris-ii","status":"publish","type":"post","link":"https:\/\/www.fabregat-perulles-sales.com\/actualidad\/fabregat-perulles-sales-a-participe-a-lelaboration-du-projet-lindice-de-securite-juridique-coordonne-par-la-premiere-universite-juridique-francaise-paris-ii\/","title":{"rendered":"FABREGAT PERULLES SALES a particip\u00e9 \u00e0 l\u2019\u00e9laboration du projet \u00ab l\u2019Indice de S\u00e9curit\u00e9 Juridique \u00bb coordonn\u00e9 par la premi\u00e8re universit\u00e9 juridique fran\u00e7aise \u2013  Paris II \u2013 Panth\u00e9on Assas."},"content":{"rendered":"<p><img decoding=\"async\" loading=\"lazy\" class=\"wp-image-2638 alignright\" src=\"http:\/\/www.fabregat-perulles-sales.com\/actualidad\/wp-content\/uploads\/2017\/03\/colaboraci\u00f3n-Universidad-Paris-II-Abogados-franc\u00e9s-2-300x300.jpg\" alt=\"\" width=\"219\" height=\"219\" srcset=\"https:\/\/www.fabregat-perulles-sales.com\/actualidad\/wp-content\/uploads\/2017\/03\/colaboraci\u00f3n-Universidad-Paris-II-Abogados-franc\u00e9s-2-300x300.jpg 300w, https:\/\/www.fabregat-perulles-sales.com\/actualidad\/wp-content\/uploads\/2017\/03\/colaboraci\u00f3n-Universidad-Paris-II-Abogados-franc\u00e9s-2-150x150.jpg 150w, https:\/\/www.fabregat-perulles-sales.com\/actualidad\/wp-content\/uploads\/2017\/03\/colaboraci\u00f3n-Universidad-Paris-II-Abogados-franc\u00e9s-2-660x660.jpg 660w, https:\/\/www.fabregat-perulles-sales.com\/actualidad\/wp-content\/uploads\/2017\/03\/colaboraci\u00f3n-Universidad-Paris-II-Abogados-franc\u00e9s-2.jpg 720w\" sizes=\"(max-width: 219px) 100vw, 219px\" \/><\/p>\n<p>Ledit projet, unique en Europe, est financ\u00e9 par la \u00ab\u00a0<a href=\"http:\/\/www.fondation-droitcontinental.org\/fr\/\"><strong>Fondation pour le droit continental<\/strong><\/a>\u00a0\u00bb(<a href=\"http:\/\/www.fondation-droitcontinental.org\/fr\/\">http:\/\/www.fondation-droitcontinental.org\/fr\/<\/a>) et a pour principal objet d\u2019\u00e9tudier six secteurs de droit (contrats, responsabilit\u00e9, droit des soci\u00e9t\u00e9s, droit immobilier, droit du travail et r\u00e8glement des diff\u00e9rends) de trei<br \/>\nze syst\u00e8mes diff\u00e9rents \u2013 dont l\u2019Espagne \u2013 afin de fournir une information fiable et pr\u00e9cise \u00e0 l\u2019ensemble des acteurs \u00e9conomiques, particuli\u00e8rement aux investisseurs internationaux, relatives \u00e0 la s\u00e9curit\u00e9 juridique et aux syst\u00e8mes de garanties des diff\u00e9rentes juridictions europ\u00e9ennes.<\/p>\n\r\n\t\t<style>\r\n\t\t\t.huge-it-share-buttons {\r\n\t\t\t\tborder:0px solid #0FB5D6;\r\n\t\t\t\tborder-radius:5px;\r\n\t\t\t\tbackground:#3BD8FF;\r\n\t\t\t text-align:left; \t\t\t\t\t\t\t\t\t}\r\n\r\n\t\t\t#huge-it-share-buttons-top {margin-bottom:0px;}\r\n\t\t\t#huge-it-share-buttons-bottom {margin-top:0px;}\r\n\r\n\t\t\t.huge-it-share-buttons h3 {\r\n\t\t\t\tfont-size:25px ;\r\n\t\t\t\tfont-family:Arial,Helvetica Neue,Helvetica,sans-serif;\r\n\t\t\t\tcolor:#666666;\r\n\r\n\t\t\tdisplay:block;\t\t\t\tline-height:25px ;\r\n\r\n\t\t\t text-align:left; \t\t\t\t\t\t\t\t\t}\r\n\r\n\t\t\t.huge-it-share-buttons ul {\r\n\t\t\t float:left; \t\t\t\t\t\t\t\t\t}\r\n\r\n\t\t\t.huge-it-share-buttons ul li {\r\n\t\t\t\tmargin-left:3px;\r\n\t\t\t\tmargin-right:3px;\r\n\t\t\t\tpadding:0px;\r\n\t\t\t\tborder:0px ridge #E6354C;\r\n\t\t\t\tborder-radius:11px;\r\n\t\t\t\tbackground-color:#14CC9B;\r\n\t\t\t}\r\n\r\n\t\t\t.huge-it-share-buttons ul li #backforunical2633 {\r\n\t\t\t\tborder-bottom: 0;\r\n\t\t\t\tbackground-image:url('https:\/\/www.fabregat-perulles-sales.com\/actualidad\/wp-content\/plugins\/wp-share-buttons\/Front_end\/..\/images\/buttons.30.png');\r\n\t\t\t\twidth:30px;\r\n\t\t\t\theight:30px;\r\n\t\t\t}\r\n\r\n\t\t\t.front-shares-count {\r\n\t\t\t\tposition: absolute;\r\n\t\t\t\ttext-align: center;\r\n\t\t\t\tdisplay: block;\r\n\t\t\t}\r\n\r\n\t\t\t.shares_size20 .front-shares-count {\r\n\t\t\t\tfont-size: 10px;\r\n\t\t\t\ttop: 10px;\r\n\t\t\t\twidth: 20px;\r\n\t\t\t}\r\n\r\n\t\t\t.shares_size30 .front-shares-count {\r\n\t\t\t\tfont-size: 11px;\r\n\t\t\t\ttop: 15px;\r\n\t\t\t\twidth: 30px;\r\n\t\t\t}\r\n\r\n\t\t\t.shares_size40 .front-shares-count {\r\n\t\t\t\tfont-size: 12px;\r\n\t\t\t\ttop: 21px;\r\n\t\t\t\twidth: 40px;\r\n\t\t\t}\r\n\t\t<\/style>\r\n\t\t\r\n\t\t<div id=\"huge-it-share-buttons-top\" class=\"huge-it-share-buttons nobackground\">\r\n\t\t\t<h3>Share This:<\/h3>\r\n\t\t\t<ul class=\"huge-it-share-buttons-list \">\r\n\t\t\t\t\t\t\t\t\t<li class=\"nobackground \" >\r\n\r\n\t\t\t\t\t\t\t\t\t\t\t\t<a id=\"backforunical2633\" href=\"https:\/\/www.facebook.com\/sharer\/sharer.php?u=www.fabregat-perulles-sales.com\/actualidad\/wp-json\/wp\/v2\/posts\/2633\"  onclick=\"javascript:void window.open('https:\/\/www.facebook.com\/sharer\/sharer.php?u=www.fabregat-perulles-sales.com\/actualidad\/wp-json\/wp\/v2\/posts\/2633','1410949501326','width=700,height=500,toolbar=0,menubar=0,location=0,status=1,scrollbars=1,resizable=1,left=0,top=0');return false;\" style=\"background-position: -0px -120px \"><\/a>\r\n\t\t\t\t\t<\/li>\r\n\t\t\t\t\t\t\t\t\t\t<li class=\"nobackground \" >\r\n\r\n\t\t\t\t\t\t\t\t\t\t\t\t<a id=\"backforunical2633\" href=\"https:\/\/twitter.com\/share?status=www.fabregat-perulles-sales.com\/actualidad\/wp-json\/wp\/v2\/posts\/2633&text=FABREGAT PERULLES SALES a particip\u00e9 \u00e0 l\u2019\u00e9laboration du projet \u00ab l\u2019Indice de S\u00e9curit\u00e9 Juridique \u00bb coordonn\u00e9 par la premi\u00e8re universit\u00e9 juridique fran\u00e7aise \u2013  Paris II \u2013 Panth\u00e9on Assas.\"  onclick=\"javascript:void window.open('https:\/\/twitter.com\/share?status=www.fabregat-perulles-sales.com\/actualidad\/wp-json\/wp\/v2\/posts\/2633&text=FABREGAT PERULLES SALES a particip\u00e9 \u00e0 l\u2019\u00e9laboration du projet \u00ab l\u2019Indice de S\u00e9curit\u00e9 Juridique \u00bb coordonn\u00e9 par la premi\u00e8re universit\u00e9 juridique fran\u00e7aise \u2013  Paris II \u2013 Panth\u00e9on Assas.','1410949501326','width=700,height=500,toolbar=0,menubar=0,location=0,status=1,scrollbars=1,resizable=1,left=0,top=0');return false;\" style=\"background-position: -30px -120px \"><\/a>\r\n\t\t\t\t\t<\/li>\r\n\t\t\t\t\t\t\t\t\t\t<li class=\"none nobackground \" >\r\n\r\n\t\t\t\t\t\t\t\t\t\t\t\t<a id=\"backforunical2633\" href=\"http:\/\/www.pinterest.com\/pin\/create\/button\/?url=www.fabregat-perulles-sales.com\/actualidad\/wp-json\/wp\/v2\/posts\/2633&media=https:\/\/www.fabregat-perulles-sales.com\/actualidad\/wp-content\/uploads\/2017\/03\/colaboraci\u00f3n-Universidad-Paris-II-Abogados-franc\u00e9s.jpg&description=FABREGAT PERULLES SALES a particip\u00e9 \u00e0 l\u2019\u00e9laboration du projet \u00ab l\u2019Indice de S\u00e9curit\u00e9 Juridique \u00bb coordonn\u00e9 par la premi\u00e8re universit\u00e9 juridique fran\u00e7aise \u2013  Paris II \u2013 Panth\u00e9on Assas.\"  onclick=\"javascript:void window.open('http:\/\/www.pinterest.com\/pin\/create\/button\/?url=www.fabregat-perulles-sales.com\/actualidad\/wp-json\/wp\/v2\/posts\/2633&media=https:\/\/www.fabregat-perulles-sales.com\/actualidad\/wp-content\/uploads\/2017\/03\/colaboraci\u00f3n-Universidad-Paris-II-Abogados-franc\u00e9s.jpg&description=FABREGAT PERULLES SALES a particip\u00e9 \u00e0 l\u2019\u00e9laboration du projet \u00ab l\u2019Indice de S\u00e9curit\u00e9 Juridique \u00bb coordonn\u00e9 par la premi\u00e8re universit\u00e9 juridique fran\u00e7aise \u2013  Paris II \u2013 Panth\u00e9on Assas.','1410949501326','width=700,height=500,toolbar=0,menubar=0,location=0,status=1,scrollbars=1,resizable=1,left=0,top=0');return false;\" style=\"background-position: -60px -120px \"><\/a>\r\n\t\t\t\t\t<\/li>\r\n\t\t\t\t\t\t\t\t\t\t<li class=\"none nobackground \" >\r\n\r\n\t\t\t\t\t\t\t\t\t\t\t\t<a id=\"backforunical2633\" href=\"https:\/\/plus.google.com\/share?url=www.fabregat-perulles-sales.com\/actualidad\/wp-json\/wp\/v2\/posts\/2633\"  onclick=\"javascript:void window.open('https:\/\/plus.google.com\/share?url=www.fabregat-perulles-sales.com\/actualidad\/wp-json\/wp\/v2\/posts\/2633','1410949501326','width=700,height=500,toolbar=0,menubar=0,location=0,status=1,scrollbars=1,resizable=1,left=0,top=0');return false;\" style=\"background-position: -90px -120px \"><\/a>\r\n\t\t\t\t\t<\/li>\r\n\t\t\t\t\t\t\t\t\t\t<li class=\"nobackground \" >\r\n\r\n\t\t\t\t\t\t\t\t\t\t\t\t<a id=\"backforunical2633\" href=\"https:\/\/www.linkedin.com\/shareArticle?title=FABREGAT PERULLES SALES a particip\u00e9 \u00e0 l\u2019\u00e9laboration du projet \u00ab l\u2019Indice de S\u00e9curit\u00e9 Juridique \u00bb coordonn\u00e9 par la premi\u00e8re universit\u00e9 juridique fran\u00e7aise \u2013  Paris II \u2013 Panth\u00e9on Assas.&mini=true&url=https:\/\/www.fabregat-perulles-sales.com\/actualidad\/wp-json\/wp\/v2\/posts\/2633\"  onclick=\"javascript:void window.open('https:\/\/www.linkedin.com\/shareArticle?title=FABREGAT PERULLES SALES a particip\u00e9 \u00e0 l\u2019\u00e9laboration du projet \u00ab l\u2019Indice de S\u00e9curit\u00e9 Juridique \u00bb coordonn\u00e9 par la premi\u00e8re universit\u00e9 juridique fran\u00e7aise \u2013  Paris II \u2013 Panth\u00e9on Assas.&mini=true&url=https:\/\/www.fabregat-perulles-sales.com\/actualidad\/wp-json\/wp\/v2\/posts\/2633','1410949501326','width=700,height=500,toolbar=0,menubar=0,location=0,status=1,scrollbars=1,resizable=1,left=0,top=0');return false;\" style=\"background-position: -120px -120px \"><\/a>\r\n\t\t\t\t\t<\/li>\r\n\t\t\t\t\t\t\t\t\t\t<li class=\"none nobackground \" >\r\n\r\n\t\t\t\t\t\t\t\t\t\t\t\t<a id=\"backforunical2633\" href=\"https:\/\/www.tumblr.com\/share\/link?url=www.fabregat-perulles-sales.com\/actualidad\/wp-json\/wp\/v2\/posts\/2633&name=FABREGAT PERULLES SALES a particip\u00e9 \u00e0 l\u2019\u00e9laboration du projet \u00ab l\u2019Indice de S\u00e9curit\u00e9 Juridique \u00bb coordonn\u00e9 par la premi\u00e8re universit\u00e9 juridique fran\u00e7aise \u2013  Paris II \u2013 Panth\u00e9on Assas.\"  onclick=\"javascript:void window.open('https:\/\/www.tumblr.com\/share\/link?url=www.fabregat-perulles-sales.com\/actualidad\/wp-json\/wp\/v2\/posts\/2633&name=FABREGAT PERULLES SALES a particip\u00e9 \u00e0 l\u2019\u00e9laboration du projet \u00ab l\u2019Indice de S\u00e9curit\u00e9 Juridique \u00bb coordonn\u00e9 par la premi\u00e8re universit\u00e9 juridique fran\u00e7aise \u2013  Paris II \u2013 Panth\u00e9on Assas.','1410949501326','width=700,height=500,toolbar=0,menubar=0,location=0,status=1,scrollbars=1,resizable=1,left=0,top=0');return false;\" style=\"background-position: -150px -120px \"><\/a>\r\n\t\t\t\t\t<\/li>\r\n\t\t\t\t\t\t\t\t\t\t<li class=\"none nobackground \" >\r\n\r\n\t\t\t\t\t\t\t\t\t\t\t\t<a id=\"backforunical2633\" href=\"http:\/\/digg.com\/submit?phase=2&url=www.fabregat-perulles-sales.com\/actualidad\/wp-json\/wp\/v2\/posts\/2633&title=FABREGAT PERULLES SALES a particip\u00e9 \u00e0 l\u2019\u00e9laboration du projet \u00ab l\u2019Indice de S\u00e9curit\u00e9 Juridique \u00bb coordonn\u00e9 par la premi\u00e8re universit\u00e9 juridique fran\u00e7aise \u2013  Paris II \u2013 Panth\u00e9on Assas.\"  onclick=\"javascript:void window.open('http:\/\/digg.com\/submit?phase=2&url=www.fabregat-perulles-sales.com\/actualidad\/wp-json\/wp\/v2\/posts\/2633&title=FABREGAT PERULLES SALES a particip\u00e9 \u00e0 l\u2019\u00e9laboration du projet \u00ab l\u2019Indice de S\u00e9curit\u00e9 Juridique \u00bb coordonn\u00e9 par la premi\u00e8re universit\u00e9 juridique fran\u00e7aise \u2013  Paris II \u2013 Panth\u00e9on Assas.','1410949501326','width=700,height=500,toolbar=0,menubar=0,location=0,status=1,scrollbars=1,resizable=1,left=0,top=0');return false;\" style=\"background-position: -180px -120px \"><\/a>\r\n\t\t\t\t\t<\/li>\r\n\t\t\t\t\t\t\t\t\t\t<li class=\"none nobackground \" >\r\n\r\n\t\t\t\t\t\t\t\t\t\t\t\t<a id=\"backforunical2633\" href=\"http:\/\/www.stumbleupon.com\/submit?url=www.fabregat-perulles-sales.com\/actualidad\/wp-json\/wp\/v2\/posts\/2633&title=FABREGAT PERULLES SALES a particip\u00e9 \u00e0 l\u2019\u00e9laboration du projet \u00ab l\u2019Indice de S\u00e9curit\u00e9 Juridique \u00bb coordonn\u00e9 par la premi\u00e8re universit\u00e9 juridique fran\u00e7aise \u2013  Paris II \u2013 Panth\u00e9on Assas.\"  onclick=\"javascript:void window.open('http:\/\/www.stumbleupon.com\/submit?url=www.fabregat-perulles-sales.com\/actualidad\/wp-json\/wp\/v2\/posts\/2633&title=FABREGAT PERULLES SALES a particip\u00e9 \u00e0 l\u2019\u00e9laboration du projet \u00ab l\u2019Indice de S\u00e9curit\u00e9 Juridique \u00bb coordonn\u00e9 par la premi\u00e8re universit\u00e9 juridique fran\u00e7aise \u2013  Paris II \u2013 Panth\u00e9on Assas.','1410949501326','width=700,height=500,toolbar=0,menubar=0,location=0,status=1,scrollbars=1,resizable=1,left=0,top=0');return false;\" style=\"background-position: -210px -120px \"><\/a>\r\n\t\t\t\t\t<\/li>\r\n\t\t\t\t\t\t\t\t\t\t<li class=\"none nobackground \" >\r\n\r\n\t\t\t\t\t\t\t\t\t\t\t\t<a id=\"backforunical2633\" href=\"https:\/\/myspace.com\/post?l=3&u=www.fabregat-perulles-sales.com\/actualidad\/wp-json\/wp\/v2\/posts\/2633\"  onclick=\"javascript:void window.open('https:\/\/myspace.com\/post?l=3&u=www.fabregat-perulles-sales.com\/actualidad\/wp-json\/wp\/v2\/posts\/2633','1410949501326','width=700,height=500,toolbar=0,menubar=0,location=0,status=1,scrollbars=1,resizable=1,left=0,top=0');return false;\" style=\"background-position: -240px -120px \"><\/a>\r\n\t\t\t\t\t<\/li>\r\n\t\t\t\t\t\t\t\t\t\t<li class=\"nobackground \" >\r\n\r\n\t\t\t\t\t\t\t\t\t\t\t\t<a id=\"backforunical2633\" href=\"http:\/\/vk.com\/share.php?url=www.fabregat-perulles-sales.com\/actualidad\/wp-json\/wp\/v2\/posts\/2633&title=FABREGAT PERULLES SALES a particip\u00e9 \u00e0 l\u2019\u00e9laboration du projet \u00ab l\u2019Indice de S\u00e9curit\u00e9 Juridique \u00bb coordonn\u00e9 par la premi\u00e8re universit\u00e9 juridique fran\u00e7aise \u2013  Paris II \u2013 Panth\u00e9on Assas.\"  onclick=\"javascript:void window.open('http:\/\/vk.com\/share.php?url=www.fabregat-perulles-sales.com\/actualidad\/wp-json\/wp\/v2\/posts\/2633&title=FABREGAT PERULLES SALES a particip\u00e9 \u00e0 l\u2019\u00e9laboration du projet \u00ab l\u2019Indice de S\u00e9curit\u00e9 Juridique \u00bb coordonn\u00e9 par la premi\u00e8re universit\u00e9 juridique fran\u00e7aise \u2013  Paris II \u2013 Panth\u00e9on Assas.','1410949501326','width=700,height=500,toolbar=0,menubar=0,location=0,status=1,scrollbars=1,resizable=1,left=0,top=0');return false;\" style=\"background-position: -270px -120px \"><\/a>\r\n\t\t\t\t\t<\/li>\r\n\t\t\t\t\t\t\t\t\t\t<li class=\"none nobackground \" >\r\n\r\n\t\t\t\t\t\t\t\t\t\t\t\t<a id=\"backforunical2633\" href=\"http:\/\/www.reddit.com\/submit?url=www.fabregat-perulles-sales.com\/actualidad\/wp-json\/wp\/v2\/posts\/2633&title=FABREGAT PERULLES SALES a particip\u00e9 \u00e0 l\u2019\u00e9laboration du projet \u00ab l\u2019Indice de S\u00e9curit\u00e9 Juridique \u00bb coordonn\u00e9 par la premi\u00e8re universit\u00e9 juridique fran\u00e7aise \u2013  Paris II \u2013 Panth\u00e9on Assas.\"  onclick=\"javascript:void window.open('http:\/\/www.reddit.com\/submit?url=www.fabregat-perulles-sales.com\/actualidad\/wp-json\/wp\/v2\/posts\/2633&title=FABREGAT PERULLES SALES a particip\u00e9 \u00e0 l\u2019\u00e9laboration du projet \u00ab l\u2019Indice de S\u00e9curit\u00e9 Juridique \u00bb coordonn\u00e9 par la premi\u00e8re universit\u00e9 juridique fran\u00e7aise \u2013  Paris II \u2013 Panth\u00e9on Assas.','1410949501326','width=700,height=500,toolbar=0,menubar=0,location=0,status=1,scrollbars=1,resizable=1,left=0,top=0');return false;\" style=\"background-position: -300px -120px \"><\/a>\r\n\t\t\t\t\t<\/li>\r\n\t\t\t\t\t\t\t\t\t\t<li class=\"none nobackground \" >\r\n\r\n\t\t\t\t\t\t\t\t\t\t\t\t<a id=\"backforunical2633\" href=\"http:\/\/www.bebo.com\/c\/share?Url=www.fabregat-perulles-sales.com\/actualidad\/wp-json\/wp\/v2\/posts\/2633\"  onclick=\"javascript:void window.open('http:\/\/www.bebo.com\/c\/share?Url=www.fabregat-perulles-sales.com\/actualidad\/wp-json\/wp\/v2\/posts\/2633','1410949501326','width=700,height=500,toolbar=0,menubar=0,location=0,status=1,scrollbars=1,resizable=1,left=0,top=0');return false;\" style=\"background-position: -330px -120px \"><\/a>\r\n\t\t\t\t\t<\/li>\r\n\t\t\t\t\t\t\t\t\t\t<li class=\"none nobackground \" >\r\n\r\n\t\t\t\t\t\t\t\t\t\t\t\t<a id=\"backforunical2633\" href=\"https:\/\/delicious.com\/save?v=5&noui&jump=close&url=www.fabregat-perulles-sales.com\/actualidad\/wp-json\/wp\/v2\/posts\/2633&title=FABREGAT PERULLES SALES a particip\u00e9 \u00e0 l\u2019\u00e9laboration du projet \u00ab l\u2019Indice de S\u00e9curit\u00e9 Juridique \u00bb coordonn\u00e9 par la premi\u00e8re universit\u00e9 juridique fran\u00e7aise \u2013  Paris II \u2013 Panth\u00e9on Assas.\"  onclick=\"javascript:void window.open('https:\/\/delicious.com\/save?v=5&noui&jump=close&url=www.fabregat-perulles-sales.com\/actualidad\/wp-json\/wp\/v2\/posts\/2633&title=FABREGAT PERULLES SALES a particip\u00e9 \u00e0 l\u2019\u00e9laboration du projet \u00ab l\u2019Indice de S\u00e9curit\u00e9 Juridique \u00bb coordonn\u00e9 par la premi\u00e8re universit\u00e9 juridique fran\u00e7aise \u2013  Paris II \u2013 Panth\u00e9on Assas.','1410949501326','width=700,height=500,toolbar=0,menubar=0,location=0,status=1,scrollbars=1,resizable=1,left=0,top=0');return false;\" style=\"background-position: -360px -120px \"><\/a>\r\n\t\t\t\t\t<\/li>\r\n\t\t\t\t\t\t\t\t\t\t<li class=\"none nobackground \" >\r\n\r\n\t\t\t\t\t\t\t\t\t\t\t\t<a id=\"backforunical2633\" href=\"http:\/\/www.odnoklassniki.ru\/dk?st.cmd=addShare&st.s=2&st.noresize=on&st._surl=www.fabregat-perulles-sales.com\/actualidad\/wp-json\/wp\/v2\/posts\/2633\"  onclick=\"javascript:void window.open('http:\/\/www.odnoklassniki.ru\/dk?st.cmd=addShare&st.s=2&st.noresize=on&st._surl=www.fabregat-perulles-sales.com\/actualidad\/wp-json\/wp\/v2\/posts\/2633','1410949501326','width=700,height=500,toolbar=0,menubar=0,location=0,status=1,scrollbars=1,resizable=1,left=0,top=0');return false;\" style=\"background-position: -390px -120px \"><\/a>\r\n\t\t\t\t\t<\/li>\r\n\t\t\t\t\t\t\t\t\t\t<li class=\"none nobackground \" >\r\n\r\n\t\t\t\t\t\t\t\t\t\t\t\t<a id=\"backforunical2633\" href=\"http:\/\/sns.qzone.qq.com\/cgi-bin\/qzshare\/cgi_qzshare_onekey?url=www.fabregat-perulles-sales.com\/actualidad\/wp-json\/wp\/v2\/posts\/2633&title=FABREGAT PERULLES SALES a particip\u00e9 \u00e0 l\u2019\u00e9laboration du projet \u00ab l\u2019Indice de S\u00e9curit\u00e9 Juridique \u00bb coordonn\u00e9 par la premi\u00e8re universit\u00e9 juridique fran\u00e7aise \u2013  Paris II \u2013 Panth\u00e9on Assas.\"  onclick=\"javascript:void window.open('http:\/\/sns.qzone.qq.com\/cgi-bin\/qzshare\/cgi_qzshare_onekey?url=www.fabregat-perulles-sales.com\/actualidad\/wp-json\/wp\/v2\/posts\/2633&title=FABREGAT PERULLES SALES a particip\u00e9 \u00e0 l\u2019\u00e9laboration du projet \u00ab l\u2019Indice de S\u00e9curit\u00e9 Juridique \u00bb coordonn\u00e9 par la premi\u00e8re universit\u00e9 juridique fran\u00e7aise \u2013  Paris II \u2013 Panth\u00e9on Assas.','1410949501326','width=700,height=500,toolbar=0,menubar=0,location=0,status=1,scrollbars=1,resizable=1,left=0,top=0');return false;\" style=\"background-position: -420px -120px \"><\/a>\r\n\t\t\t\t\t<\/li>\r\n\t\t\t\t\t\t\t\t\t\t<li class=\"none nobackground \" >\r\n\r\n\t\t\t\t\t\t\t\t\t\t\t\t<a id=\"backforunical2633\" href=\"http:\/\/service.weibo.com\/share\/share.php?url=www.fabregat-perulles-sales.com\/actualidad\/wp-json\/wp\/v2\/posts\/2633&appkey=&title=FABREGAT PERULLES SALES a particip\u00e9 \u00e0 l\u2019\u00e9laboration du projet \u00ab l\u2019Indice de S\u00e9curit\u00e9 Juridique \u00bb coordonn\u00e9 par la premi\u00e8re universit\u00e9 juridique fran\u00e7aise \u2013  Paris II \u2013 Panth\u00e9on Assas.&pic=&ralateUid=&\"  onclick=\"javascript:void window.open('http:\/\/service.weibo.com\/share\/share.php?url=www.fabregat-perulles-sales.com\/actualidad\/wp-json\/wp\/v2\/posts\/2633&appkey=&title=FABREGAT PERULLES SALES a particip\u00e9 \u00e0 l\u2019\u00e9laboration du projet \u00ab l\u2019Indice de S\u00e9curit\u00e9 Juridique \u00bb coordonn\u00e9 par la premi\u00e8re universit\u00e9 juridique fran\u00e7aise \u2013  Paris II \u2013 Panth\u00e9on Assas.&pic=&ralateUid=&','1410949501326','width=700,height=500,toolbar=0,menubar=0,location=0,status=1,scrollbars=1,resizable=1,left=0,top=0');return false;\" style=\"background-position: -450px -120px \"><\/a>\r\n\t\t\t\t\t<\/li>\r\n\t\t\t\t\t\t\t\t\t\t<li class=\"none nobackground \" >\r\n\r\n\t\t\t\t\t\t\t\t\t\t\t\t<a id=\"backforunical2633\" href=\"http:\/\/widget.renren.com\/dialog\/share?resourceUrl=www.fabregat-perulles-sales.com\/actualidad\/wp-json\/wp\/v2\/posts\/2633&srcUrl=www.fabregat-perulles-sales.com\/actualidad\/wp-json\/wp\/v2\/posts\/2633&title=FABREGAT PERULLES SALES a particip\u00e9 \u00e0 l\u2019\u00e9laboration du projet \u00ab l\u2019Indice de S\u00e9curit\u00e9 Juridique \u00bb coordonn\u00e9 par la premi\u00e8re universit\u00e9 juridique fran\u00e7aise \u2013  Paris II \u2013 Panth\u00e9on Assas.\"  onclick=\"javascript:void window.open('http:\/\/widget.renren.com\/dialog\/share?resourceUrl=www.fabregat-perulles-sales.com\/actualidad\/wp-json\/wp\/v2\/posts\/2633&srcUrl=www.fabregat-perulles-sales.com\/actualidad\/wp-json\/wp\/v2\/posts\/2633&title=FABREGAT PERULLES SALES a particip\u00e9 \u00e0 l\u2019\u00e9laboration du projet \u00ab l\u2019Indice de S\u00e9curit\u00e9 Juridique \u00bb coordonn\u00e9 par la premi\u00e8re universit\u00e9 juridique fran\u00e7aise \u2013  Paris II \u2013 Panth\u00e9on Assas.','1410949501326','width=700,height=500,toolbar=0,menubar=0,location=0,status=1,scrollbars=1,resizable=1,left=0,top=0');return false;\" style=\"background-position: -480px -120px \"><\/a>\r\n\t\t\t\t\t<\/li>\r\n\t\t\t\t\t\t\t\t\t\t<li class=\"none nobackground \" >\r\n\r\n\t\t\t\t\t\t\t\t\t\t\t\t<a id=\"backforunical2633\" href=\"http:\/\/n4g.com\/tips?url=www.fabregat-perulles-sales.com\/actualidad\/wp-json\/wp\/v2\/posts\/2633&title=FABREGAT PERULLES SALES a particip\u00e9 \u00e0 l\u2019\u00e9laboration du projet \u00ab l\u2019Indice de S\u00e9curit\u00e9 Juridique \u00bb coordonn\u00e9 par la premi\u00e8re universit\u00e9 juridique fran\u00e7aise \u2013  Paris II \u2013 Panth\u00e9on Assas.\"  onclick=\"javascript:void window.open('http:\/\/n4g.com\/tips?url=www.fabregat-perulles-sales.com\/actualidad\/wp-json\/wp\/v2\/posts\/2633&title=FABREGAT PERULLES SALES a particip\u00e9 \u00e0 l\u2019\u00e9laboration du projet \u00ab l\u2019Indice de S\u00e9curit\u00e9 Juridique \u00bb coordonn\u00e9 par la premi\u00e8re universit\u00e9 juridique fran\u00e7aise \u2013  Paris II \u2013 Panth\u00e9on Assas.','1410949501326','width=700,height=500,toolbar=0,menubar=0,location=0,status=1,scrollbars=1,resizable=1,left=0,top=0');return false;\" style=\"background-position: -510px -120px \"><\/a>\r\n\t\t\t\t\t<\/li>\r\n\t\t\t\t\t\t\t\t<\/ul>\r\n\t\t\t<div class=\"clear\"><\/div>\r\n\t\t<\/div>\r\n\t\t","protected":false},"excerpt":{"rendered":"<p>Ledit projet, unique en Europe, est financ\u00e9 par la \u00ab\u00a0Fondation pour le droit continental\u00a0\u00bb(http:\/\/www.fondation-droitcontinental.org\/fr\/) et a pour principal objet d\u2019\u00e9tudier six secteurs de droit (contrats, responsabilit\u00e9, droit des soci\u00e9t\u00e9s, droit immobilier, droit du travail et r\u00e8glement des diff\u00e9rends) de trei ze syst\u00e8mes diff\u00e9rents \u2013 dont l\u2019Espagne \u2013 afin de fournir une information fiable et pr\u00e9cise\u2026 <span class=\"read-more\"><a href=\"https:\/\/www.fabregat-perulles-sales.com\/actualidad\/fabregat-perulles-sales-a-participe-a-lelaboration-du-projet-lindice-de-securite-juridique-coordonne-par-la-premiere-universite-juridique-francaise-paris-ii\/\">Read More &raquo;<\/a><\/span><\/p>\n","protected":false},"author":3,"featured_media":2634,"comment_status":"open","ping_status":"closed","sticky":false,"template":"","format":"standard","meta":[],"categories":[457,470],"tags":[868,801,869],"yoast_head":"<!-- This site is optimized with the Yoast SEO plugin v20.2.1 - https:\/\/yoast.com\/wordpress\/plugins\/seo\/ -->\n<title>FPS et Indice de S\u00e9curit\u00e9 Juridique<\/title>\n<meta name=\"description\" content=\"FABREGAT PERULLES SALES a particip\u00e9 \u00e0 l\u2019\u00e9laboration du projet l\u2019Indice de S\u00e9curit\u00e9 Juridique coordonn\u00e9 l&#039;universit\u00e9 Paris II.\" \/>\n<meta name=\"robots\" content=\"index, follow, max-snippet:-1, max-image-preview:large, max-video-preview:-1\" \/>\n<link rel=\"canonical\" href=\"https:\/\/www.fabregat-perulles-sales.com\/actualidad\/fabregat-perulles-sales-a-participe-a-lelaboration-du-projet-lindice-de-securite-juridique-coordonne-par-la-premiere-universite-juridique-francaise-paris-ii\/\" \/>\n<meta property=\"og:locale\" content=\"en_US\" \/>\n<meta property=\"og:type\" content=\"article\" \/>\n<meta property=\"og:title\" content=\"FPS et Indice de S\u00e9curit\u00e9 Juridique\" \/>\n<meta property=\"og:description\" content=\"FABREGAT PERULLES SALES a particip\u00e9 \u00e0 l\u2019\u00e9laboration du projet l\u2019Indice de S\u00e9curit\u00e9 Juridique coordonn\u00e9 l&#039;universit\u00e9 Paris II.\" \/>\n<meta property=\"og:url\" content=\"https:\/\/www.fabregat-perulles-sales.com\/actualidad\/fabregat-perulles-sales-a-participe-a-lelaboration-du-projet-lindice-de-securite-juridique-coordonne-par-la-premiere-universite-juridique-francaise-paris-ii\/\" \/>\n<meta property=\"og:site_name\" content=\"International Lawyers\" \/>\n<meta property=\"article:published_time\" content=\"2017-03-20T18:25:17+00:00\" \/>\n<meta property=\"article:modified_time\" content=\"2017-03-21T15:17:04+00:00\" \/>\n<meta property=\"og:image\" content=\"https:\/\/www.fabregat-perulles-sales.com\/actualidad\/wp-content\/uploads\/2017\/03\/colaboraci\u00f3n-Universidad-Paris-II-Abogados-franc\u00e9s.jpg\" \/>\n\t<meta property=\"og:image:width\" content=\"450\" \/>\n\t<meta property=\"og:image:height\" content=\"454\" \/>\n\t<meta property=\"og:image:type\" content=\"image\/jpeg\" \/>\n<meta name=\"author\" content=\"Victor\" \/>\n<meta name=\"twitter:card\" content=\"summary_large_image\" \/>\n<meta name=\"twitter:label1\" content=\"Written by\" \/>\n\t<meta name=\"twitter:data1\" content=\"Victor\" \/>\n<script type=\"application\/ld+json\" class=\"yoast-schema-graph\">{\"@context\":\"https:\/\/schema.org\",\"@graph\":[{\"@type\":\"WebPage\",\"@id\":\"https:\/\/www.fabregat-perulles-sales.com\/actualidad\/fabregat-perulles-sales-a-participe-a-lelaboration-du-projet-lindice-de-securite-juridique-coordonne-par-la-premiere-universite-juridique-francaise-paris-ii\/\",\"url\":\"https:\/\/www.fabregat-perulles-sales.com\/actualidad\/fabregat-perulles-sales-a-participe-a-lelaboration-du-projet-lindice-de-securite-juridique-coordonne-par-la-premiere-universite-juridique-francaise-paris-ii\/\",\"name\":\"FPS et Indice de S\u00e9curit\u00e9 Juridique\",\"isPartOf\":{\"@id\":\"https:\/\/www.fabregat-perulles-sales.com\/actualidad\/#website\"},\"datePublished\":\"2017-03-20T18:25:17+00:00\",\"dateModified\":\"2017-03-21T15:17:04+00:00\",\"author\":{\"@id\":\"https:\/\/www.fabregat-perulles-sales.com\/actualidad\/#\/schema\/person\/cabc1d68c7778f01d5e069c2d98442e3\"},\"description\":\"FABREGAT PERULLES SALES a particip\u00e9 \u00e0 l\u2019\u00e9laboration du projet l\u2019Indice de S\u00e9curit\u00e9 Juridique coordonn\u00e9 l&#039;universit\u00e9 Paris II.\",\"breadcrumb\":{\"@id\":\"https:\/\/www.fabregat-perulles-sales.com\/actualidad\/fabregat-perulles-sales-a-participe-a-lelaboration-du-projet-lindice-de-securite-juridique-coordonne-par-la-premiere-universite-juridique-francaise-paris-ii\/#breadcrumb\"},\"inLanguage\":\"en-US\",\"potentialAction\":[{\"@type\":\"ReadAction\",\"target\":[\"https:\/\/www.fabregat-perulles-sales.com\/actualidad\/fabregat-perulles-sales-a-participe-a-lelaboration-du-projet-lindice-de-securite-juridique-coordonne-par-la-premiere-universite-juridique-francaise-paris-ii\/\"]}]},{\"@type\":\"BreadcrumbList\",\"@id\":\"https:\/\/www.fabregat-perulles-sales.com\/actualidad\/fabregat-perulles-sales-a-participe-a-lelaboration-du-projet-lindice-de-securite-juridique-coordonne-par-la-premiere-universite-juridique-francaise-paris-ii\/#breadcrumb\",\"itemListElement\":[{\"@type\":\"ListItem\",\"position\":1,\"name\":\"Home\",\"item\":\"https:\/\/www.fabregat-perulles-sales.com\/actualidad\/\"},{\"@type\":\"ListItem\",\"position\":2,\"name\":\"FABREGAT PERULLES SALES a particip\u00e9 \u00e0 l\u2019\u00e9laboration du projet \u00ab l\u2019Indice de S\u00e9curit\u00e9 Juridique \u00bb coordonn\u00e9 par la premi\u00e8re universit\u00e9 juridique fran\u00e7aise \u2013 Paris II \u2013 Panth\u00e9on Assas.\"}]},{\"@type\":\"WebSite\",\"@id\":\"https:\/\/www.fabregat-perulles-sales.com\/actualidad\/#website\",\"url\":\"https:\/\/www.fabregat-perulles-sales.com\/actualidad\/\",\"name\":\"www.fabregat-perulles-sales.com\",\"description\":\"Fabregat Perulles Sales Abogados is a law firm of reference international market in the Spanish-German, Spanish-French, and Spanish-Italian. Is one of the first firms in Barcelona offering a Russian Desk.\",\"potentialAction\":[{\"@type\":\"SearchAction\",\"target\":{\"@type\":\"EntryPoint\",\"urlTemplate\":\"https:\/\/www.fabregat-perulles-sales.com\/actualidad\/?s={search_term_string}\"},\"query-input\":\"required name=search_term_string\"}],\"inLanguage\":\"en-US\"},{\"@type\":\"Person\",\"@id\":\"https:\/\/www.fabregat-perulles-sales.com\/actualidad\/#\/schema\/person\/cabc1d68c7778f01d5e069c2d98442e3\",\"name\":\"Victor\",\"image\":{\"@type\":\"ImageObject\",\"inLanguage\":\"en-US\",\"@id\":\"https:\/\/www.fabregat-perulles-sales.com\/actualidad\/#\/schema\/person\/image\/\",\"url\":\"https:\/\/secure.gravatar.com\/avatar\/756cb666a964d2960ffe307b8a53b271?s=96&d=mm&r=g\",\"contentUrl\":\"https:\/\/secure.gravatar.com\/avatar\/756cb666a964d2960ffe307b8a53b271?s=96&d=mm&r=g\",\"caption\":\"Victor\"},\"sameAs\":[\"http:\/\/www.fabregat-perulles-sales.com\"],\"url\":\"https:\/\/www.fabregat-perulles-sales.com\/actualidad\/author\/victor\/\"}]}<\/script>\n<!-- \/ Yoast SEO plugin. -->","yoast_head_json":{"title":"FPS et Indice de S\u00e9curit\u00e9 Juridique","description":"FABREGAT PERULLES SALES a particip\u00e9 \u00e0 l\u2019\u00e9laboration du projet l\u2019Indice de S\u00e9curit\u00e9 Juridique coordonn\u00e9 l&#039;universit\u00e9 Paris II.","robots":{"index":"index","follow":"follow","max-snippet":"max-snippet:-1","max-image-preview":"max-image-preview:large","max-video-preview":"max-video-preview:-1"},"canonical":"https:\/\/www.fabregat-perulles-sales.com\/actualidad\/fabregat-perulles-sales-a-participe-a-lelaboration-du-projet-lindice-de-securite-juridique-coordonne-par-la-premiere-universite-juridique-francaise-paris-ii\/","og_locale":"en_US","og_type":"article","og_title":"FPS et Indice de S\u00e9curit\u00e9 Juridique","og_description":"FABREGAT PERULLES SALES a particip\u00e9 \u00e0 l\u2019\u00e9laboration du projet l\u2019Indice de S\u00e9curit\u00e9 Juridique coordonn\u00e9 l&#039;universit\u00e9 Paris II.","og_url":"https:\/\/www.fabregat-perulles-sales.com\/actualidad\/fabregat-perulles-sales-a-participe-a-lelaboration-du-projet-lindice-de-securite-juridique-coordonne-par-la-premiere-universite-juridique-francaise-paris-ii\/","og_site_name":"International Lawyers","article_published_time":"2017-03-20T18:25:17+00:00","article_modified_time":"2017-03-21T15:17:04+00:00","og_image":[{"width":450,"height":454,"url":"https:\/\/www.fabregat-perulles-sales.com\/actualidad\/wp-content\/uploads\/2017\/03\/colaboraci\u00f3n-Universidad-Paris-II-Abogados-franc\u00e9s.jpg","type":"image\/jpeg"}],"author":"Victor","twitter_card":"summary_large_image","twitter_misc":{"Written by":"Victor"},"schema":{"@context":"https:\/\/schema.org","@graph":[{"@type":"WebPage","@id":"https:\/\/www.fabregat-perulles-sales.com\/actualidad\/fabregat-perulles-sales-a-participe-a-lelaboration-du-projet-lindice-de-securite-juridique-coordonne-par-la-premiere-universite-juridique-francaise-paris-ii\/","url":"https:\/\/www.fabregat-perulles-sales.com\/actualidad\/fabregat-perulles-sales-a-participe-a-lelaboration-du-projet-lindice-de-securite-juridique-coordonne-par-la-premiere-universite-juridique-francaise-paris-ii\/","name":"FPS et Indice de S\u00e9curit\u00e9 Juridique","isPartOf":{"@id":"https:\/\/www.fabregat-perulles-sales.com\/actualidad\/#website"},"datePublished":"2017-03-20T18:25:17+00:00","dateModified":"2017-03-21T15:17:04+00:00","author":{"@id":"https:\/\/www.fabregat-perulles-sales.com\/actualidad\/#\/schema\/person\/cabc1d68c7778f01d5e069c2d98442e3"},"description":"FABREGAT PERULLES SALES a particip\u00e9 \u00e0 l\u2019\u00e9laboration du projet l\u2019Indice de S\u00e9curit\u00e9 Juridique coordonn\u00e9 l&#039;universit\u00e9 Paris II.","breadcrumb":{"@id":"https:\/\/www.fabregat-perulles-sales.com\/actualidad\/fabregat-perulles-sales-a-participe-a-lelaboration-du-projet-lindice-de-securite-juridique-coordonne-par-la-premiere-universite-juridique-francaise-paris-ii\/#breadcrumb"},"inLanguage":"en-US","potentialAction":[{"@type":"ReadAction","target":["https:\/\/www.fabregat-perulles-sales.com\/actualidad\/fabregat-perulles-sales-a-participe-a-lelaboration-du-projet-lindice-de-securite-juridique-coordonne-par-la-premiere-universite-juridique-francaise-paris-ii\/"]}]},{"@type":"BreadcrumbList","@id":"https:\/\/www.fabregat-perulles-sales.com\/actualidad\/fabregat-perulles-sales-a-participe-a-lelaboration-du-projet-lindice-de-securite-juridique-coordonne-par-la-premiere-universite-juridique-francaise-paris-ii\/#breadcrumb","itemListElement":[{"@type":"ListItem","position":1,"name":"Home","item":"https:\/\/www.fabregat-perulles-sales.com\/actualidad\/"},{"@type":"ListItem","position":2,"name":"FABREGAT PERULLES SALES a particip\u00e9 \u00e0 l\u2019\u00e9laboration du projet \u00ab l\u2019Indice de S\u00e9curit\u00e9 Juridique \u00bb coordonn\u00e9 par la premi\u00e8re universit\u00e9 juridique fran\u00e7aise \u2013 Paris II \u2013 Panth\u00e9on Assas."}]},{"@type":"WebSite","@id":"https:\/\/www.fabregat-perulles-sales.com\/actualidad\/#website","url":"https:\/\/www.fabregat-perulles-sales.com\/actualidad\/","name":"www.fabregat-perulles-sales.com","description":"Fabregat Perulles Sales Abogados is a law firm of reference international market in the Spanish-German, Spanish-French, and Spanish-Italian. Is one of the first firms in Barcelona offering a Russian Desk.","potentialAction":[{"@type":"SearchAction","target":{"@type":"EntryPoint","urlTemplate":"https:\/\/www.fabregat-perulles-sales.com\/actualidad\/?s={search_term_string}"},"query-input":"required name=search_term_string"}],"inLanguage":"en-US"},{"@type":"Person","@id":"https:\/\/www.fabregat-perulles-sales.com\/actualidad\/#\/schema\/person\/cabc1d68c7778f01d5e069c2d98442e3","name":"Victor","image":{"@type":"ImageObject","inLanguage":"en-US","@id":"https:\/\/www.fabregat-perulles-sales.com\/actualidad\/#\/schema\/person\/image\/","url":"https:\/\/secure.gravatar.com\/avatar\/756cb666a964d2960ffe307b8a53b271?s=96&d=mm&r=g","contentUrl":"https:\/\/secure.gravatar.com\/avatar\/756cb666a964d2960ffe307b8a53b271?s=96&d=mm&r=g","caption":"Victor"},"sameAs":["http:\/\/www.fabregat-perulles-sales.com"],"url":"https:\/\/www.fabregat-perulles-sales.com\/actualidad\/author\/victor\/"}]}},"amp_enabled":true,"_links":{"self":[{"href":"https:\/\/www.fabregat-perulles-sales.com\/actualidad\/wp-json\/wp\/v2\/posts\/2633"}],"collection":[{"href":"https:\/\/www.fabregat-perulles-sales.com\/actualidad\/wp-json\/wp\/v2\/posts"}],"about":[{"href":"https:\/\/www.fabregat-perulles-sales.com\/actualidad\/wp-json\/wp\/v2\/types\/post"}],"author":[{"embeddable":true,"href":"https:\/\/www.fabregat-perulles-sales.com\/actualidad\/wp-json\/wp\/v2\/users\/3"}],"replies":[{"embeddable":true,"href":"https:\/\/www.fabregat-perulles-sales.com\/actualidad\/wp-json\/wp\/v2\/comments?post=2633"}],"version-history":[{"count":8,"href":"https:\/\/www.fabregat-perulles-sales.com\/actualidad\/wp-json\/wp\/v2\/posts\/2633\/revisions"}],"predecessor-version":[{"id":2644,"href":"https:\/\/www.fabregat-perulles-sales.com\/actualidad\/wp-json\/wp\/v2\/posts\/2633\/revisions\/2644"}],"wp:featuredmedia":[{"embeddable":true,"href":"https:\/\/www.fabregat-perulles-sales.com\/actualidad\/wp-json\/wp\/v2\/media\/2634"}],"wp:attachment":[{"href":"https:\/\/www.fabregat-perulles-sales.com\/actualidad\/wp-json\/wp\/v2\/media?parent=2633"}],"wp:term":[{"taxonomy":"category","embeddable":true,"href":"https:\/\/www.fabregat-perulles-sales.com\/actualidad\/wp-json\/wp\/v2\/categories?post=2633"},{"taxonomy":"post_tag","embeddable":true,"href":"https:\/\/www.fabregat-perulles-sales.com\/actualidad\/wp-json\/wp\/v2\/tags?post=2633"}],"curies":[{"name":"wp","href":"https:\/\/api.w.org\/{rel}","templated":true}]}}