{"id":2620,"date":"2017-03-10T14:01:01","date_gmt":"2017-03-10T13:01:01","guid":{"rendered":"http:\/\/www.fabregat-perulles-sales.com\/actualidad\/?p=2620"},"modified":"2017-03-10T14:01:01","modified_gmt":"2017-03-10T13:01:01","slug":"rechtswidrige-ernennung-des-prasidenten-gultigkeit-der-handlungen-der-eigentumergemeinschaft","status":"publish","type":"post","link":"https:\/\/www.fabregat-perulles-sales.com\/actualidad\/rechtswidrige-ernennung-des-prasidenten-gultigkeit-der-handlungen-der-eigentumergemeinschaft\/","title":{"rendered":"Rechtswidrige Ernennung des Pr\u00e4sidenten: G\u00fcltigkeit der Handlungen der Eigent\u00fcmergemeinschaft."},"content":{"rendered":"<p>Der spanische Oberste Gerichtshof hat bereits in diversen Entscheidungen die Nichtigkeit der Ernennung des Pr\u00e4sidenten der Eigent\u00fcmergemeinschaft erkl\u00e4rt, wenn der Ernannte nicht <img decoding=\"async\" loading=\"lazy\" class=\"alignright size-medium wp-image-2617\" src=\"http:\/\/www.fabregat-perulles-sales.com\/actualidad\/wp-content\/uploads\/2017\/03\/fax-1889045_1920-300x300.jpg\" alt=\"\" width=\"300\" height=\"300\" srcset=\"https:\/\/www.fabregat-perulles-sales.com\/actualidad\/wp-content\/uploads\/2017\/03\/fax-1889045_1920-300x300.jpg 300w, https:\/\/www.fabregat-perulles-sales.com\/actualidad\/wp-content\/uploads\/2017\/03\/fax-1889045_1920-150x150.jpg 150w, https:\/\/www.fabregat-perulles-sales.com\/actualidad\/wp-content\/uploads\/2017\/03\/fax-1889045_1920-768x768.jpg 768w, https:\/\/www.fabregat-perulles-sales.com\/actualidad\/wp-content\/uploads\/2017\/03\/fax-1889045_1920-1024x1024.jpg 1024w, https:\/\/www.fabregat-perulles-sales.com\/actualidad\/wp-content\/uploads\/2017\/03\/fax-1889045_1920-660x660.jpg 660w, https:\/\/www.fabregat-perulles-sales.com\/actualidad\/wp-content\/uploads\/2017\/03\/fax-1889045_1920.jpg 1920w\" sizes=\"(max-width: 300px) 100vw, 300px\" \/>Eigent\u00fcmer in der Gemeinschaft war. Das spanische Wohnungseigentumsgesetz (\u201e<em>Ley de Propiedad<\/em><em> Horizontal<\/em>\u201c) fordert, dass der Pr\u00e4sident unter den Eigent\u00fcmern gew\u00e4hlt wird. Diese Norm wird als zwingend angesehen, weshalb jeder dagegen versto\u00dfende Akt gem\u00e4\u00df Artikel\u00a0 6.3 des spanischen B\u00fcrgerlichen Gesetzbuches unheilbar nichtig ist.\u00a0 In seiner Entscheidung vom 27. Januar 2017 hat der spanische Oberste Gerichtshof entschieden, dass diese Versammlungen und Beschl\u00fcsse g\u00fcltig seien, da die handelnde Person die Eigent\u00fcmergemeinschaft selbst sei. Sie selbst fasst die Beschl\u00fcsse und ist dazu auch vollkommen befugt. Im vom Gerichtshof entschiedenen Fall, forderte die Eigent\u00fcmergemeinschaft von den Beklagten die Bezahlung zweier beschlossener Gemeinschaftsbeitr\u00e4ge. Die Klage war erfolgreich in der ersten Instanz und im Berufungsverfahren wurde das erstinstanzliche Urteil best\u00e4tigt. Die Beklagten stellten sich dem entgegen und brachten die mangelnde Befugnis und Legitimation der Pr\u00e4sidentin an, die nicht Eigent\u00fcmerin, sondern ein Familienmitglied eines Eigent\u00fcmers war. Die Beitr\u00e4ge wurden w\u00e4hrend ihrer Pr\u00e4sidentschaft beschlossen, daher beantragten die Beklagten die entsprechenden Beschl\u00fcsse f\u00fcr nichtig zu erkl\u00e4ren. Jedoch hat der Oberste Gerichtshof, wie bereits aufgezeigt, entschieden, dass die von der Gemeinschaft beschlossenen Beitr\u00e4ge von der Unrechtm\u00e4\u00dfigkeit der Ernennung der Pr\u00e4sidentin unber\u00fchrt blieben, da sie von den Mitgliedern der Gemeinschaft selbst beschlossen wurden. So wurde das von den Beklagten eingereichte Rechtsmittel zur\u00fcckgewiesen.<\/p>\n<p>&nbsp;<\/p>\n<p>TS (Sala de lo Civil, Secci\u00f3n 1\u00aa) Sentencia num. 52\/2017 de 27 enero.<\/p>\n\r\n\t\t<style>\r\n\t\t\t.huge-it-share-buttons {\r\n\t\t\t\tborder:0px solid #0FB5D6;\r\n\t\t\t\tborder-radius:5px;\r\n\t\t\t\tbackground:#3BD8FF;\r\n\t\t\t text-align:left; \t\t\t\t\t\t\t\t\t}\r\n\r\n\t\t\t#huge-it-share-buttons-top {margin-bottom:0px;}\r\n\t\t\t#huge-it-share-buttons-bottom {margin-top:0px;}\r\n\r\n\t\t\t.huge-it-share-buttons h3 {\r\n\t\t\t\tfont-size:25px ;\r\n\t\t\t\tfont-family:Arial,Helvetica Neue,Helvetica,sans-serif;\r\n\t\t\t\tcolor:#666666;\r\n\r\n\t\t\tdisplay:block;\t\t\t\tline-height:25px ;\r\n\r\n\t\t\t text-align:left; \t\t\t\t\t\t\t\t\t}\r\n\r\n\t\t\t.huge-it-share-buttons ul {\r\n\t\t\t float:left; \t\t\t\t\t\t\t\t\t}\r\n\r\n\t\t\t.huge-it-share-buttons ul li {\r\n\t\t\t\tmargin-left:3px;\r\n\t\t\t\tmargin-right:3px;\r\n\t\t\t\tpadding:0px;\r\n\t\t\t\tborder:0px ridge #E6354C;\r\n\t\t\t\tborder-radius:11px;\r\n\t\t\t\tbackground-color:#14CC9B;\r\n\t\t\t}\r\n\r\n\t\t\t.huge-it-share-buttons ul li #backforunical2620 {\r\n\t\t\t\tborder-bottom: 0;\r\n\t\t\t\tbackground-image:url('https:\/\/www.fabregat-perulles-sales.com\/actualidad\/wp-content\/plugins\/wp-share-buttons\/Front_end\/..\/images\/buttons.30.png');\r\n\t\t\t\twidth:30px;\r\n\t\t\t\theight:30px;\r\n\t\t\t}\r\n\r\n\t\t\t.front-shares-count {\r\n\t\t\t\tposition: absolute;\r\n\t\t\t\ttext-align: center;\r\n\t\t\t\tdisplay: block;\r\n\t\t\t}\r\n\r\n\t\t\t.shares_size20 .front-shares-count {\r\n\t\t\t\tfont-size: 10px;\r\n\t\t\t\ttop: 10px;\r\n\t\t\t\twidth: 20px;\r\n\t\t\t}\r\n\r\n\t\t\t.shares_size30 .front-shares-count {\r\n\t\t\t\tfont-size: 11px;\r\n\t\t\t\ttop: 15px;\r\n\t\t\t\twidth: 30px;\r\n\t\t\t}\r\n\r\n\t\t\t.shares_size40 .front-shares-count {\r\n\t\t\t\tfont-size: 12px;\r\n\t\t\t\ttop: 21px;\r\n\t\t\t\twidth: 40px;\r\n\t\t\t}\r\n\t\t<\/style>\r\n\t\t\r\n\t\t<div id=\"huge-it-share-buttons-top\" class=\"huge-it-share-buttons nobackground\">\r\n\t\t\t<h3>Share This:<\/h3>\r\n\t\t\t<ul class=\"huge-it-share-buttons-list \">\r\n\t\t\t\t\t\t\t\t\t<li class=\"nobackground \" >\r\n\r\n\t\t\t\t\t\t\t\t\t\t\t\t<a id=\"backforunical2620\" href=\"https:\/\/www.facebook.com\/sharer\/sharer.php?u=www.fabregat-perulles-sales.com\/actualidad\/wp-json\/wp\/v2\/posts\/2620\"  onclick=\"javascript:void window.open('https:\/\/www.facebook.com\/sharer\/sharer.php?u=www.fabregat-perulles-sales.com\/actualidad\/wp-json\/wp\/v2\/posts\/2620','1410949501326','width=700,height=500,toolbar=0,menubar=0,location=0,status=1,scrollbars=1,resizable=1,left=0,top=0');return false;\" style=\"background-position: -0px -120px \"><\/a>\r\n\t\t\t\t\t<\/li>\r\n\t\t\t\t\t\t\t\t\t\t<li class=\"nobackground \" >\r\n\r\n\t\t\t\t\t\t\t\t\t\t\t\t<a id=\"backforunical2620\" href=\"https:\/\/twitter.com\/share?status=www.fabregat-perulles-sales.com\/actualidad\/wp-json\/wp\/v2\/posts\/2620&text=Rechtswidrige Ernennung des Pr\u00e4sidenten: G\u00fcltigkeit der Handlungen der Eigent\u00fcmergemeinschaft.\"  onclick=\"javascript:void window.open('https:\/\/twitter.com\/share?status=www.fabregat-perulles-sales.com\/actualidad\/wp-json\/wp\/v2\/posts\/2620&text=Rechtswidrige Ernennung des Pr\u00e4sidenten: G\u00fcltigkeit der Handlungen der Eigent\u00fcmergemeinschaft.','1410949501326','width=700,height=500,toolbar=0,menubar=0,location=0,status=1,scrollbars=1,resizable=1,left=0,top=0');return false;\" style=\"background-position: -30px -120px \"><\/a>\r\n\t\t\t\t\t<\/li>\r\n\t\t\t\t\t\t\t\t\t\t<li class=\"none nobackground \" >\r\n\r\n\t\t\t\t\t\t\t\t\t\t\t\t<a id=\"backforunical2620\" href=\"http:\/\/www.pinterest.com\/pin\/create\/button\/?url=www.fabregat-perulles-sales.com\/actualidad\/wp-json\/wp\/v2\/posts\/2620&media=https:\/\/www.fabregat-perulles-sales.com\/actualidad\/wp-content\/plugins\/wp-share-buttons\/Front_end\/..\/images\/noimage.png&description=Rechtswidrige Ernennung des Pr\u00e4sidenten: G\u00fcltigkeit der Handlungen der Eigent\u00fcmergemeinschaft.\"  onclick=\"javascript:void window.open('http:\/\/www.pinterest.com\/pin\/create\/button\/?url=www.fabregat-perulles-sales.com\/actualidad\/wp-json\/wp\/v2\/posts\/2620&media=https:\/\/www.fabregat-perulles-sales.com\/actualidad\/wp-content\/plugins\/wp-share-buttons\/Front_end\/..\/images\/noimage.png&description=Rechtswidrige Ernennung des Pr\u00e4sidenten: G\u00fcltigkeit der Handlungen der Eigent\u00fcmergemeinschaft.','1410949501326','width=700,height=500,toolbar=0,menubar=0,location=0,status=1,scrollbars=1,resizable=1,left=0,top=0');return false;\" style=\"background-position: -60px -120px \"><\/a>\r\n\t\t\t\t\t<\/li>\r\n\t\t\t\t\t\t\t\t\t\t<li class=\"none nobackground \" >\r\n\r\n\t\t\t\t\t\t\t\t\t\t\t\t<a id=\"backforunical2620\" href=\"https:\/\/plus.google.com\/share?url=www.fabregat-perulles-sales.com\/actualidad\/wp-json\/wp\/v2\/posts\/2620\"  onclick=\"javascript:void window.open('https:\/\/plus.google.com\/share?url=www.fabregat-perulles-sales.com\/actualidad\/wp-json\/wp\/v2\/posts\/2620','1410949501326','width=700,height=500,toolbar=0,menubar=0,location=0,status=1,scrollbars=1,resizable=1,left=0,top=0');return false;\" style=\"background-position: -90px -120px \"><\/a>\r\n\t\t\t\t\t<\/li>\r\n\t\t\t\t\t\t\t\t\t\t<li class=\"nobackground \" >\r\n\r\n\t\t\t\t\t\t\t\t\t\t\t\t<a id=\"backforunical2620\" href=\"https:\/\/www.linkedin.com\/shareArticle?title=Rechtswidrige Ernennung des Pr\u00e4sidenten: G\u00fcltigkeit der Handlungen der Eigent\u00fcmergemeinschaft.&mini=true&url=https:\/\/www.fabregat-perulles-sales.com\/actualidad\/wp-json\/wp\/v2\/posts\/2620\"  onclick=\"javascript:void window.open('https:\/\/www.linkedin.com\/shareArticle?title=Rechtswidrige Ernennung des Pr\u00e4sidenten: G\u00fcltigkeit der Handlungen der Eigent\u00fcmergemeinschaft.&mini=true&url=https:\/\/www.fabregat-perulles-sales.com\/actualidad\/wp-json\/wp\/v2\/posts\/2620','1410949501326','width=700,height=500,toolbar=0,menubar=0,location=0,status=1,scrollbars=1,resizable=1,left=0,top=0');return false;\" style=\"background-position: -120px -120px \"><\/a>\r\n\t\t\t\t\t<\/li>\r\n\t\t\t\t\t\t\t\t\t\t<li class=\"none nobackground \" >\r\n\r\n\t\t\t\t\t\t\t\t\t\t\t\t<a id=\"backforunical2620\" href=\"https:\/\/www.tumblr.com\/share\/link?url=www.fabregat-perulles-sales.com\/actualidad\/wp-json\/wp\/v2\/posts\/2620&name=Rechtswidrige Ernennung des Pr\u00e4sidenten: G\u00fcltigkeit der Handlungen der Eigent\u00fcmergemeinschaft.\"  onclick=\"javascript:void window.open('https:\/\/www.tumblr.com\/share\/link?url=www.fabregat-perulles-sales.com\/actualidad\/wp-json\/wp\/v2\/posts\/2620&name=Rechtswidrige Ernennung des Pr\u00e4sidenten: G\u00fcltigkeit der Handlungen der Eigent\u00fcmergemeinschaft.','1410949501326','width=700,height=500,toolbar=0,menubar=0,location=0,status=1,scrollbars=1,resizable=1,left=0,top=0');return false;\" style=\"background-position: -150px -120px \"><\/a>\r\n\t\t\t\t\t<\/li>\r\n\t\t\t\t\t\t\t\t\t\t<li class=\"none nobackground \" >\r\n\r\n\t\t\t\t\t\t\t\t\t\t\t\t<a id=\"backforunical2620\" href=\"http:\/\/digg.com\/submit?phase=2&url=www.fabregat-perulles-sales.com\/actualidad\/wp-json\/wp\/v2\/posts\/2620&title=Rechtswidrige Ernennung des Pr\u00e4sidenten: G\u00fcltigkeit der Handlungen der Eigent\u00fcmergemeinschaft.\"  onclick=\"javascript:void window.open('http:\/\/digg.com\/submit?phase=2&url=www.fabregat-perulles-sales.com\/actualidad\/wp-json\/wp\/v2\/posts\/2620&title=Rechtswidrige Ernennung des Pr\u00e4sidenten: G\u00fcltigkeit der Handlungen der Eigent\u00fcmergemeinschaft.','1410949501326','width=700,height=500,toolbar=0,menubar=0,location=0,status=1,scrollbars=1,resizable=1,left=0,top=0');return false;\" style=\"background-position: -180px -120px \"><\/a>\r\n\t\t\t\t\t<\/li>\r\n\t\t\t\t\t\t\t\t\t\t<li class=\"none nobackground \" >\r\n\r\n\t\t\t\t\t\t\t\t\t\t\t\t<a id=\"backforunical2620\" href=\"http:\/\/www.stumbleupon.com\/submit?url=www.fabregat-perulles-sales.com\/actualidad\/wp-json\/wp\/v2\/posts\/2620&title=Rechtswidrige Ernennung des Pr\u00e4sidenten: G\u00fcltigkeit der Handlungen der Eigent\u00fcmergemeinschaft.\"  onclick=\"javascript:void window.open('http:\/\/www.stumbleupon.com\/submit?url=www.fabregat-perulles-sales.com\/actualidad\/wp-json\/wp\/v2\/posts\/2620&title=Rechtswidrige Ernennung des Pr\u00e4sidenten: G\u00fcltigkeit der Handlungen der Eigent\u00fcmergemeinschaft.','1410949501326','width=700,height=500,toolbar=0,menubar=0,location=0,status=1,scrollbars=1,resizable=1,left=0,top=0');return false;\" style=\"background-position: -210px -120px \"><\/a>\r\n\t\t\t\t\t<\/li>\r\n\t\t\t\t\t\t\t\t\t\t<li class=\"none nobackground \" >\r\n\r\n\t\t\t\t\t\t\t\t\t\t\t\t<a id=\"backforunical2620\" href=\"https:\/\/myspace.com\/post?l=3&u=www.fabregat-perulles-sales.com\/actualidad\/wp-json\/wp\/v2\/posts\/2620\"  onclick=\"javascript:void window.open('https:\/\/myspace.com\/post?l=3&u=www.fabregat-perulles-sales.com\/actualidad\/wp-json\/wp\/v2\/posts\/2620','1410949501326','width=700,height=500,toolbar=0,menubar=0,location=0,status=1,scrollbars=1,resizable=1,left=0,top=0');return false;\" style=\"background-position: -240px -120px \"><\/a>\r\n\t\t\t\t\t<\/li>\r\n\t\t\t\t\t\t\t\t\t\t<li class=\"nobackground \" >\r\n\r\n\t\t\t\t\t\t\t\t\t\t\t\t<a id=\"backforunical2620\" href=\"http:\/\/vk.com\/share.php?url=www.fabregat-perulles-sales.com\/actualidad\/wp-json\/wp\/v2\/posts\/2620&title=Rechtswidrige Ernennung des Pr\u00e4sidenten: G\u00fcltigkeit der Handlungen der Eigent\u00fcmergemeinschaft.\"  onclick=\"javascript:void window.open('http:\/\/vk.com\/share.php?url=www.fabregat-perulles-sales.com\/actualidad\/wp-json\/wp\/v2\/posts\/2620&title=Rechtswidrige Ernennung des Pr\u00e4sidenten: G\u00fcltigkeit der Handlungen der Eigent\u00fcmergemeinschaft.','1410949501326','width=700,height=500,toolbar=0,menubar=0,location=0,status=1,scrollbars=1,resizable=1,left=0,top=0');return false;\" style=\"background-position: -270px -120px \"><\/a>\r\n\t\t\t\t\t<\/li>\r\n\t\t\t\t\t\t\t\t\t\t<li class=\"none nobackground \" >\r\n\r\n\t\t\t\t\t\t\t\t\t\t\t\t<a id=\"backforunical2620\" href=\"http:\/\/www.reddit.com\/submit?url=www.fabregat-perulles-sales.com\/actualidad\/wp-json\/wp\/v2\/posts\/2620&title=Rechtswidrige Ernennung des Pr\u00e4sidenten: G\u00fcltigkeit der Handlungen der Eigent\u00fcmergemeinschaft.\"  onclick=\"javascript:void window.open('http:\/\/www.reddit.com\/submit?url=www.fabregat-perulles-sales.com\/actualidad\/wp-json\/wp\/v2\/posts\/2620&title=Rechtswidrige Ernennung des Pr\u00e4sidenten: G\u00fcltigkeit der Handlungen der Eigent\u00fcmergemeinschaft.','1410949501326','width=700,height=500,toolbar=0,menubar=0,location=0,status=1,scrollbars=1,resizable=1,left=0,top=0');return false;\" style=\"background-position: -300px -120px \"><\/a>\r\n\t\t\t\t\t<\/li>\r\n\t\t\t\t\t\t\t\t\t\t<li class=\"none nobackground \" >\r\n\r\n\t\t\t\t\t\t\t\t\t\t\t\t<a id=\"backforunical2620\" href=\"http:\/\/www.bebo.com\/c\/share?Url=www.fabregat-perulles-sales.com\/actualidad\/wp-json\/wp\/v2\/posts\/2620\"  onclick=\"javascript:void window.open('http:\/\/www.bebo.com\/c\/share?Url=www.fabregat-perulles-sales.com\/actualidad\/wp-json\/wp\/v2\/posts\/2620','1410949501326','width=700,height=500,toolbar=0,menubar=0,location=0,status=1,scrollbars=1,resizable=1,left=0,top=0');return false;\" style=\"background-position: -330px -120px \"><\/a>\r\n\t\t\t\t\t<\/li>\r\n\t\t\t\t\t\t\t\t\t\t<li class=\"none nobackground \" >\r\n\r\n\t\t\t\t\t\t\t\t\t\t\t\t<a id=\"backforunical2620\" href=\"https:\/\/delicious.com\/save?v=5&noui&jump=close&url=www.fabregat-perulles-sales.com\/actualidad\/wp-json\/wp\/v2\/posts\/2620&title=Rechtswidrige Ernennung des Pr\u00e4sidenten: G\u00fcltigkeit der Handlungen der Eigent\u00fcmergemeinschaft.\"  onclick=\"javascript:void window.open('https:\/\/delicious.com\/save?v=5&noui&jump=close&url=www.fabregat-perulles-sales.com\/actualidad\/wp-json\/wp\/v2\/posts\/2620&title=Rechtswidrige Ernennung des Pr\u00e4sidenten: G\u00fcltigkeit der Handlungen der Eigent\u00fcmergemeinschaft.','1410949501326','width=700,height=500,toolbar=0,menubar=0,location=0,status=1,scrollbars=1,resizable=1,left=0,top=0');return false;\" style=\"background-position: -360px -120px \"><\/a>\r\n\t\t\t\t\t<\/li>\r\n\t\t\t\t\t\t\t\t\t\t<li class=\"none nobackground \" >\r\n\r\n\t\t\t\t\t\t\t\t\t\t\t\t<a id=\"backforunical2620\" href=\"http:\/\/www.odnoklassniki.ru\/dk?st.cmd=addShare&st.s=2&st.noresize=on&st._surl=www.fabregat-perulles-sales.com\/actualidad\/wp-json\/wp\/v2\/posts\/2620\"  onclick=\"javascript:void window.open('http:\/\/www.odnoklassniki.ru\/dk?st.cmd=addShare&st.s=2&st.noresize=on&st._surl=www.fabregat-perulles-sales.com\/actualidad\/wp-json\/wp\/v2\/posts\/2620','1410949501326','width=700,height=500,toolbar=0,menubar=0,location=0,status=1,scrollbars=1,resizable=1,left=0,top=0');return false;\" style=\"background-position: -390px -120px \"><\/a>\r\n\t\t\t\t\t<\/li>\r\n\t\t\t\t\t\t\t\t\t\t<li class=\"none nobackground \" >\r\n\r\n\t\t\t\t\t\t\t\t\t\t\t\t<a id=\"backforunical2620\" href=\"http:\/\/sns.qzone.qq.com\/cgi-bin\/qzshare\/cgi_qzshare_onekey?url=www.fabregat-perulles-sales.com\/actualidad\/wp-json\/wp\/v2\/posts\/2620&title=Rechtswidrige Ernennung des Pr\u00e4sidenten: G\u00fcltigkeit der Handlungen der Eigent\u00fcmergemeinschaft.\"  onclick=\"javascript:void window.open('http:\/\/sns.qzone.qq.com\/cgi-bin\/qzshare\/cgi_qzshare_onekey?url=www.fabregat-perulles-sales.com\/actualidad\/wp-json\/wp\/v2\/posts\/2620&title=Rechtswidrige Ernennung des Pr\u00e4sidenten: G\u00fcltigkeit der Handlungen der Eigent\u00fcmergemeinschaft.','1410949501326','width=700,height=500,toolbar=0,menubar=0,location=0,status=1,scrollbars=1,resizable=1,left=0,top=0');return false;\" style=\"background-position: -420px -120px \"><\/a>\r\n\t\t\t\t\t<\/li>\r\n\t\t\t\t\t\t\t\t\t\t<li class=\"none nobackground \" >\r\n\r\n\t\t\t\t\t\t\t\t\t\t\t\t<a id=\"backforunical2620\" href=\"http:\/\/service.weibo.com\/share\/share.php?url=www.fabregat-perulles-sales.com\/actualidad\/wp-json\/wp\/v2\/posts\/2620&appkey=&title=Rechtswidrige Ernennung des Pr\u00e4sidenten: G\u00fcltigkeit der Handlungen der Eigent\u00fcmergemeinschaft.&pic=&ralateUid=&\"  onclick=\"javascript:void window.open('http:\/\/service.weibo.com\/share\/share.php?url=www.fabregat-perulles-sales.com\/actualidad\/wp-json\/wp\/v2\/posts\/2620&appkey=&title=Rechtswidrige Ernennung des Pr\u00e4sidenten: G\u00fcltigkeit der Handlungen der Eigent\u00fcmergemeinschaft.&pic=&ralateUid=&','1410949501326','width=700,height=500,toolbar=0,menubar=0,location=0,status=1,scrollbars=1,resizable=1,left=0,top=0');return false;\" style=\"background-position: -450px -120px \"><\/a>\r\n\t\t\t\t\t<\/li>\r\n\t\t\t\t\t\t\t\t\t\t<li class=\"none nobackground \" >\r\n\r\n\t\t\t\t\t\t\t\t\t\t\t\t<a id=\"backforunical2620\" href=\"http:\/\/widget.renren.com\/dialog\/share?resourceUrl=www.fabregat-perulles-sales.com\/actualidad\/wp-json\/wp\/v2\/posts\/2620&srcUrl=www.fabregat-perulles-sales.com\/actualidad\/wp-json\/wp\/v2\/posts\/2620&title=Rechtswidrige Ernennung des Pr\u00e4sidenten: G\u00fcltigkeit der Handlungen der Eigent\u00fcmergemeinschaft.\"  onclick=\"javascript:void window.open('http:\/\/widget.renren.com\/dialog\/share?resourceUrl=www.fabregat-perulles-sales.com\/actualidad\/wp-json\/wp\/v2\/posts\/2620&srcUrl=www.fabregat-perulles-sales.com\/actualidad\/wp-json\/wp\/v2\/posts\/2620&title=Rechtswidrige Ernennung des Pr\u00e4sidenten: G\u00fcltigkeit der Handlungen der Eigent\u00fcmergemeinschaft.','1410949501326','width=700,height=500,toolbar=0,menubar=0,location=0,status=1,scrollbars=1,resizable=1,left=0,top=0');return false;\" style=\"background-position: -480px -120px \"><\/a>\r\n\t\t\t\t\t<\/li>\r\n\t\t\t\t\t\t\t\t\t\t<li class=\"none nobackground \" >\r\n\r\n\t\t\t\t\t\t\t\t\t\t\t\t<a id=\"backforunical2620\" href=\"http:\/\/n4g.com\/tips?url=www.fabregat-perulles-sales.com\/actualidad\/wp-json\/wp\/v2\/posts\/2620&title=Rechtswidrige Ernennung des Pr\u00e4sidenten: G\u00fcltigkeit der Handlungen der Eigent\u00fcmergemeinschaft.\"  onclick=\"javascript:void window.open('http:\/\/n4g.com\/tips?url=www.fabregat-perulles-sales.com\/actualidad\/wp-json\/wp\/v2\/posts\/2620&title=Rechtswidrige Ernennung des Pr\u00e4sidenten: G\u00fcltigkeit der Handlungen der Eigent\u00fcmergemeinschaft.','1410949501326','width=700,height=500,toolbar=0,menubar=0,location=0,status=1,scrollbars=1,resizable=1,left=0,top=0');return false;\" style=\"background-position: -510px -120px \"><\/a>\r\n\t\t\t\t\t<\/li>\r\n\t\t\t\t\t\t\t\t<\/ul>\r\n\t\t\t<div class=\"clear\"><\/div>\r\n\t\t<\/div>\r\n\t\t","protected":false},"excerpt":{"rendered":"<p>Der spanische Oberste Gerichtshof hat bereits in diversen Entscheidungen die Nichtigkeit der Ernennung des Pr\u00e4sidenten der Eigent\u00fcmergemeinschaft erkl\u00e4rt, wenn der Ernannte nicht Eigent\u00fcmer in der Gemeinschaft war. Das spanische Wohnungseigentumsgesetz (\u201eLey de Propiedad Horizontal\u201c) fordert, dass der Pr\u00e4sident unter den Eigent\u00fcmern gew\u00e4hlt wird. Diese Norm wird als zwingend angesehen, weshalb jeder dagegen versto\u00dfende Akt gem\u00e4\u00df\u2026 <span class=\"read-more\"><a href=\"https:\/\/www.fabregat-perulles-sales.com\/actualidad\/rechtswidrige-ernennung-des-prasidenten-gultigkeit-der-handlungen-der-eigentumergemeinschaft\/\">Read More &raquo;<\/a><\/span><\/p>\n","protected":false},"author":3,"featured_media":0,"comment_status":"open","ping_status":"closed","sticky":false,"template":"","format":"standard","meta":[],"categories":[14,468,248,74],"tags":[855,858,857,856],"yoast_head":"<!-- This site is optimized with the Yoast SEO plugin v20.2.1 - https:\/\/yoast.com\/wordpress\/plugins\/seo\/ -->\n<title>Rechtswidrige Ernennung des Pr\u00e4sidenten: G\u00fcltigkeit der Handlungen der Eigent\u00fcmergemeinschaft.<\/title>\n<meta name=\"description\" content=\"Was geschieht mit den Versammlungen und Beschl\u00fcssen, die die Eigent\u00fcmergemeinschaft w\u00e4hrend einer ung\u00fcltigen Pr\u00e4sidentschaft abh\u00e4lt bzw. fasst? Sind die Versammlungen und die darin gefassten Beschl\u00fcsse g\u00fcltig?\" \/>\n<meta name=\"robots\" content=\"index, follow, max-snippet:-1, max-image-preview:large, max-video-preview:-1\" \/>\n<link rel=\"canonical\" href=\"https:\/\/www.fabregat-perulles-sales.com\/actualidad\/rechtswidrige-ernennung-des-prasidenten-gultigkeit-der-handlungen-der-eigentumergemeinschaft\/\" \/>\n<meta property=\"og:locale\" content=\"en_US\" \/>\n<meta property=\"og:type\" content=\"article\" \/>\n<meta property=\"og:title\" content=\"Rechtswidrige Ernennung des Pr\u00e4sidenten: G\u00fcltigkeit der Handlungen der Eigent\u00fcmergemeinschaft.\" \/>\n<meta property=\"og:description\" content=\"Was geschieht mit den Versammlungen und Beschl\u00fcssen, die die Eigent\u00fcmergemeinschaft w\u00e4hrend einer ung\u00fcltigen Pr\u00e4sidentschaft abh\u00e4lt bzw. fasst? Sind die Versammlungen und die darin gefassten Beschl\u00fcsse g\u00fcltig?\" \/>\n<meta property=\"og:url\" content=\"https:\/\/www.fabregat-perulles-sales.com\/actualidad\/rechtswidrige-ernennung-des-prasidenten-gultigkeit-der-handlungen-der-eigentumergemeinschaft\/\" \/>\n<meta property=\"og:site_name\" content=\"International Lawyers\" \/>\n<meta property=\"article:published_time\" content=\"2017-03-10T13:01:01+00:00\" \/>\n<meta property=\"og:image\" content=\"http:\/\/www.fabregat-perulles-sales.com\/actualidad\/wp-content\/uploads\/2017\/03\/fax-1889045_1920-300x300.jpg\" \/>\n<meta name=\"author\" content=\"Victor\" \/>\n<meta name=\"twitter:card\" content=\"summary_large_image\" \/>\n<meta name=\"twitter:label1\" content=\"Written by\" \/>\n\t<meta name=\"twitter:data1\" content=\"Victor\" \/>\n\t<meta name=\"twitter:label2\" content=\"Est. reading time\" \/>\n\t<meta name=\"twitter:data2\" content=\"1 minute\" \/>\n<script type=\"application\/ld+json\" class=\"yoast-schema-graph\">{\"@context\":\"https:\/\/schema.org\",\"@graph\":[{\"@type\":\"WebPage\",\"@id\":\"https:\/\/www.fabregat-perulles-sales.com\/actualidad\/rechtswidrige-ernennung-des-prasidenten-gultigkeit-der-handlungen-der-eigentumergemeinschaft\/\",\"url\":\"https:\/\/www.fabregat-perulles-sales.com\/actualidad\/rechtswidrige-ernennung-des-prasidenten-gultigkeit-der-handlungen-der-eigentumergemeinschaft\/\",\"name\":\"Rechtswidrige Ernennung des Pr\u00e4sidenten: G\u00fcltigkeit der Handlungen der Eigent\u00fcmergemeinschaft.\",\"isPartOf\":{\"@id\":\"https:\/\/www.fabregat-perulles-sales.com\/actualidad\/#website\"},\"datePublished\":\"2017-03-10T13:01:01+00:00\",\"dateModified\":\"2017-03-10T13:01:01+00:00\",\"author\":{\"@id\":\"https:\/\/www.fabregat-perulles-sales.com\/actualidad\/#\/schema\/person\/cabc1d68c7778f01d5e069c2d98442e3\"},\"description\":\"Was geschieht mit den Versammlungen und Beschl\u00fcssen, die die Eigent\u00fcmergemeinschaft w\u00e4hrend einer ung\u00fcltigen Pr\u00e4sidentschaft abh\u00e4lt bzw. fasst? Sind die Versammlungen und die darin gefassten Beschl\u00fcsse g\u00fcltig?\",\"breadcrumb\":{\"@id\":\"https:\/\/www.fabregat-perulles-sales.com\/actualidad\/rechtswidrige-ernennung-des-prasidenten-gultigkeit-der-handlungen-der-eigentumergemeinschaft\/#breadcrumb\"},\"inLanguage\":\"en-US\",\"potentialAction\":[{\"@type\":\"ReadAction\",\"target\":[\"https:\/\/www.fabregat-perulles-sales.com\/actualidad\/rechtswidrige-ernennung-des-prasidenten-gultigkeit-der-handlungen-der-eigentumergemeinschaft\/\"]}]},{\"@type\":\"BreadcrumbList\",\"@id\":\"https:\/\/www.fabregat-perulles-sales.com\/actualidad\/rechtswidrige-ernennung-des-prasidenten-gultigkeit-der-handlungen-der-eigentumergemeinschaft\/#breadcrumb\",\"itemListElement\":[{\"@type\":\"ListItem\",\"position\":1,\"name\":\"Home\",\"item\":\"https:\/\/www.fabregat-perulles-sales.com\/actualidad\/\"},{\"@type\":\"ListItem\",\"position\":2,\"name\":\"Rechtswidrige Ernennung des Pr\u00e4sidenten: G\u00fcltigkeit der Handlungen der Eigent\u00fcmergemeinschaft.\"}]},{\"@type\":\"WebSite\",\"@id\":\"https:\/\/www.fabregat-perulles-sales.com\/actualidad\/#website\",\"url\":\"https:\/\/www.fabregat-perulles-sales.com\/actualidad\/\",\"name\":\"www.fabregat-perulles-sales.com\",\"description\":\"Fabregat Perulles Sales Abogados is a law firm of reference international market in the Spanish-German, Spanish-French, and Spanish-Italian. Is one of the first firms in Barcelona offering a Russian Desk.\",\"potentialAction\":[{\"@type\":\"SearchAction\",\"target\":{\"@type\":\"EntryPoint\",\"urlTemplate\":\"https:\/\/www.fabregat-perulles-sales.com\/actualidad\/?s={search_term_string}\"},\"query-input\":\"required name=search_term_string\"}],\"inLanguage\":\"en-US\"},{\"@type\":\"Person\",\"@id\":\"https:\/\/www.fabregat-perulles-sales.com\/actualidad\/#\/schema\/person\/cabc1d68c7778f01d5e069c2d98442e3\",\"name\":\"Victor\",\"image\":{\"@type\":\"ImageObject\",\"inLanguage\":\"en-US\",\"@id\":\"https:\/\/www.fabregat-perulles-sales.com\/actualidad\/#\/schema\/person\/image\/\",\"url\":\"https:\/\/secure.gravatar.com\/avatar\/756cb666a964d2960ffe307b8a53b271?s=96&d=mm&r=g\",\"contentUrl\":\"https:\/\/secure.gravatar.com\/avatar\/756cb666a964d2960ffe307b8a53b271?s=96&d=mm&r=g\",\"caption\":\"Victor\"},\"sameAs\":[\"http:\/\/www.fabregat-perulles-sales.com\"],\"url\":\"https:\/\/www.fabregat-perulles-sales.com\/actualidad\/author\/victor\/\"}]}<\/script>\n<!-- \/ Yoast SEO plugin. -->","yoast_head_json":{"title":"Rechtswidrige Ernennung des Pr\u00e4sidenten: G\u00fcltigkeit der Handlungen der Eigent\u00fcmergemeinschaft.","description":"Was geschieht mit den Versammlungen und Beschl\u00fcssen, die die Eigent\u00fcmergemeinschaft w\u00e4hrend einer ung\u00fcltigen Pr\u00e4sidentschaft abh\u00e4lt bzw. fasst? Sind die Versammlungen und die darin gefassten Beschl\u00fcsse g\u00fcltig?","robots":{"index":"index","follow":"follow","max-snippet":"max-snippet:-1","max-image-preview":"max-image-preview:large","max-video-preview":"max-video-preview:-1"},"canonical":"https:\/\/www.fabregat-perulles-sales.com\/actualidad\/rechtswidrige-ernennung-des-prasidenten-gultigkeit-der-handlungen-der-eigentumergemeinschaft\/","og_locale":"en_US","og_type":"article","og_title":"Rechtswidrige Ernennung des Pr\u00e4sidenten: G\u00fcltigkeit der Handlungen der Eigent\u00fcmergemeinschaft.","og_description":"Was geschieht mit den Versammlungen und Beschl\u00fcssen, die die Eigent\u00fcmergemeinschaft w\u00e4hrend einer ung\u00fcltigen Pr\u00e4sidentschaft abh\u00e4lt bzw. fasst? Sind die Versammlungen und die darin gefassten Beschl\u00fcsse g\u00fcltig?","og_url":"https:\/\/www.fabregat-perulles-sales.com\/actualidad\/rechtswidrige-ernennung-des-prasidenten-gultigkeit-der-handlungen-der-eigentumergemeinschaft\/","og_site_name":"International Lawyers","article_published_time":"2017-03-10T13:01:01+00:00","og_image":[{"url":"http:\/\/www.fabregat-perulles-sales.com\/actualidad\/wp-content\/uploads\/2017\/03\/fax-1889045_1920-300x300.jpg"}],"author":"Victor","twitter_card":"summary_large_image","twitter_misc":{"Written by":"Victor","Est. reading time":"1 minute"},"schema":{"@context":"https:\/\/schema.org","@graph":[{"@type":"WebPage","@id":"https:\/\/www.fabregat-perulles-sales.com\/actualidad\/rechtswidrige-ernennung-des-prasidenten-gultigkeit-der-handlungen-der-eigentumergemeinschaft\/","url":"https:\/\/www.fabregat-perulles-sales.com\/actualidad\/rechtswidrige-ernennung-des-prasidenten-gultigkeit-der-handlungen-der-eigentumergemeinschaft\/","name":"Rechtswidrige Ernennung des Pr\u00e4sidenten: G\u00fcltigkeit der Handlungen der Eigent\u00fcmergemeinschaft.","isPartOf":{"@id":"https:\/\/www.fabregat-perulles-sales.com\/actualidad\/#website"},"datePublished":"2017-03-10T13:01:01+00:00","dateModified":"2017-03-10T13:01:01+00:00","author":{"@id":"https:\/\/www.fabregat-perulles-sales.com\/actualidad\/#\/schema\/person\/cabc1d68c7778f01d5e069c2d98442e3"},"description":"Was geschieht mit den Versammlungen und Beschl\u00fcssen, die die Eigent\u00fcmergemeinschaft w\u00e4hrend einer ung\u00fcltigen Pr\u00e4sidentschaft abh\u00e4lt bzw. fasst? Sind die Versammlungen und die darin gefassten Beschl\u00fcsse g\u00fcltig?","breadcrumb":{"@id":"https:\/\/www.fabregat-perulles-sales.com\/actualidad\/rechtswidrige-ernennung-des-prasidenten-gultigkeit-der-handlungen-der-eigentumergemeinschaft\/#breadcrumb"},"inLanguage":"en-US","potentialAction":[{"@type":"ReadAction","target":["https:\/\/www.fabregat-perulles-sales.com\/actualidad\/rechtswidrige-ernennung-des-prasidenten-gultigkeit-der-handlungen-der-eigentumergemeinschaft\/"]}]},{"@type":"BreadcrumbList","@id":"https:\/\/www.fabregat-perulles-sales.com\/actualidad\/rechtswidrige-ernennung-des-prasidenten-gultigkeit-der-handlungen-der-eigentumergemeinschaft\/#breadcrumb","itemListElement":[{"@type":"ListItem","position":1,"name":"Home","item":"https:\/\/www.fabregat-perulles-sales.com\/actualidad\/"},{"@type":"ListItem","position":2,"name":"Rechtswidrige Ernennung des Pr\u00e4sidenten: G\u00fcltigkeit der Handlungen der Eigent\u00fcmergemeinschaft."}]},{"@type":"WebSite","@id":"https:\/\/www.fabregat-perulles-sales.com\/actualidad\/#website","url":"https:\/\/www.fabregat-perulles-sales.com\/actualidad\/","name":"www.fabregat-perulles-sales.com","description":"Fabregat Perulles Sales Abogados is a law firm of reference international market in the Spanish-German, Spanish-French, and Spanish-Italian. Is one of the first firms in Barcelona offering a Russian Desk.","potentialAction":[{"@type":"SearchAction","target":{"@type":"EntryPoint","urlTemplate":"https:\/\/www.fabregat-perulles-sales.com\/actualidad\/?s={search_term_string}"},"query-input":"required name=search_term_string"}],"inLanguage":"en-US"},{"@type":"Person","@id":"https:\/\/www.fabregat-perulles-sales.com\/actualidad\/#\/schema\/person\/cabc1d68c7778f01d5e069c2d98442e3","name":"Victor","image":{"@type":"ImageObject","inLanguage":"en-US","@id":"https:\/\/www.fabregat-perulles-sales.com\/actualidad\/#\/schema\/person\/image\/","url":"https:\/\/secure.gravatar.com\/avatar\/756cb666a964d2960ffe307b8a53b271?s=96&d=mm&r=g","contentUrl":"https:\/\/secure.gravatar.com\/avatar\/756cb666a964d2960ffe307b8a53b271?s=96&d=mm&r=g","caption":"Victor"},"sameAs":["http:\/\/www.fabregat-perulles-sales.com"],"url":"https:\/\/www.fabregat-perulles-sales.com\/actualidad\/author\/victor\/"}]}},"amp_enabled":true,"_links":{"self":[{"href":"https:\/\/www.fabregat-perulles-sales.com\/actualidad\/wp-json\/wp\/v2\/posts\/2620"}],"collection":[{"href":"https:\/\/www.fabregat-perulles-sales.com\/actualidad\/wp-json\/wp\/v2\/posts"}],"about":[{"href":"https:\/\/www.fabregat-perulles-sales.com\/actualidad\/wp-json\/wp\/v2\/types\/post"}],"author":[{"embeddable":true,"href":"https:\/\/www.fabregat-perulles-sales.com\/actualidad\/wp-json\/wp\/v2\/users\/3"}],"replies":[{"embeddable":true,"href":"https:\/\/www.fabregat-perulles-sales.com\/actualidad\/wp-json\/wp\/v2\/comments?post=2620"}],"version-history":[{"count":1,"href":"https:\/\/www.fabregat-perulles-sales.com\/actualidad\/wp-json\/wp\/v2\/posts\/2620\/revisions"}],"predecessor-version":[{"id":2621,"href":"https:\/\/www.fabregat-perulles-sales.com\/actualidad\/wp-json\/wp\/v2\/posts\/2620\/revisions\/2621"}],"wp:attachment":[{"href":"https:\/\/www.fabregat-perulles-sales.com\/actualidad\/wp-json\/wp\/v2\/media?parent=2620"}],"wp:term":[{"taxonomy":"category","embeddable":true,"href":"https:\/\/www.fabregat-perulles-sales.com\/actualidad\/wp-json\/wp\/v2\/categories?post=2620"},{"taxonomy":"post_tag","embeddable":true,"href":"https:\/\/www.fabregat-perulles-sales.com\/actualidad\/wp-json\/wp\/v2\/tags?post=2620"}],"curies":[{"name":"wp","href":"https:\/\/api.w.org\/{rel}","templated":true}]}}