{"id":2604,"date":"2017-03-09T13:18:37","date_gmt":"2017-03-09T12:18:37","guid":{"rendered":"http:\/\/www.fabregat-perulles-sales.com\/actualidad\/?p=2604"},"modified":"2017-03-09T13:25:04","modified_gmt":"2017-03-09T12:25:04","slug":"el-ministerio-de-economia-lanza-una-campana-contra-las-sociedades-que-no-depositen-cuentas-anuales","status":"publish","type":"post","link":"https:\/\/www.fabregat-perulles-sales.com\/actualidad\/el-ministerio-de-economia-lanza-una-campana-contra-las-sociedades-que-no-depositen-cuentas-anuales\/","title":{"rendered":"El Ministerio de Econom\u00eda lanza una campa\u00f1a contra las sociedades que no depositen cuentas anuales"},"content":{"rendered":"<p><img decoding=\"async\" loading=\"lazy\" class=\"alignright wp-image-2606\" src=\"http:\/\/www.fabregat-perulles-sales.com\/actualidad\/wp-content\/uploads\/2017\/03\/cuentas-anuales-abogados-espanol-300x177.jpg\" alt=\"\" width=\"329\" height=\"194\" srcset=\"https:\/\/www.fabregat-perulles-sales.com\/actualidad\/wp-content\/uploads\/2017\/03\/cuentas-anuales-abogados-espanol-300x177.jpg 300w, https:\/\/www.fabregat-perulles-sales.com\/actualidad\/wp-content\/uploads\/2017\/03\/cuentas-anuales-abogados-espanol-768x452.jpg 768w, https:\/\/www.fabregat-perulles-sales.com\/actualidad\/wp-content\/uploads\/2017\/03\/cuentas-anuales-abogados-espanol-660x388.jpg 660w, https:\/\/www.fabregat-perulles-sales.com\/actualidad\/wp-content\/uploads\/2017\/03\/cuentas-anuales-abogados-espanol.jpg 960w\" sizes=\"(max-width: 329px) 100vw, 329px\" \/>El Instituto de Contabilidad y Auditor\u00eda de Cuentas (ICAC), dependiente del Ministerio de Econom\u00eda y Competitividad, ha iniciado una campa\u00f1a\u00a0de apertura de expedientes sancionadores a las\u00a0sociedades que incumplan la obligaci\u00f3n de depositar sus cuentas anuales en el Registro Mercantil dentro del mes siguiente a su aprobaci\u00f3n.<\/p>\n<p>A fin de evitar posibles expedientes sancionadores y en cumplimiento con el art\u00edculo 279.1 del <a href=\"http:\/\/noticias.juridicas.com\/base_datos\/Privado\/rdleg1-2010.html\">Real Decreto Legislativo 1\/2010, de 2 de julio, por el que se aprueba el texto refundido de la Ley de Sociedades de Capital,<\/a> los administradores tienen la obligaci\u00f3n de depositar en el Registro Mercantil, <strong><u>la certificaci\u00f3n de los acuerdos de la junta de socios de aprobaci\u00f3n de dichas cuentas<\/u><\/strong>, debidamente firmadas, y de aplicaci\u00f3n del resultado, as\u00ed como, en su caso, de las <strong><u>cuentas consolidadas<\/u><\/strong>, a la que se adjuntar\u00e1 un ejemplar de cada una de ellas, <strong><u>junto con el informe de gesti\u00f3n<\/u><\/strong>, si fuera obligatorio, <strong><u>y el informe del auditor,<\/u><\/strong> cuando la sociedad est\u00e9 obligada a auditor\u00eda por una disposici\u00f3n legal o \u00e9sta se hubiera acordado a petici\u00f3n de la minor\u00eda o de forma.<\/p>\n<p><!--more--><\/p>\n<p>Hasta entonces, dicho incumplimiento derivaba en una posible responsabilidad contra el \u00f3rgano de administraci\u00f3n de la sociedad, no obstante, actualmente, la falta de dep\u00f3sito en el plazo establecido de las cuentas anuales dar\u00e1 lugar no solo a que <strong><u>no se inscriba en el Registro Mercantil documento alguno referido a la sociedad mientras el incumplimiento persista<\/u><\/strong> -con excepci\u00f3n de los t\u00edtulos relativos al cese o dimisi\u00f3n de administradores, gerentes, directores generales o liquidadores, y a la revocaci\u00f3n o renuncia de poderes, as\u00ed como a la disoluci\u00f3n de la sociedad y nombramiento de liquidadores (Art\u00edculo 282 LSC)- <strong><u>sino tambi\u00e9n a las siguientes sanciones:<\/u><\/strong><\/p>\n<ul>\n<li>Sanci\u00f3n del 0,5% del importe total del activo, m\u00e1s el 0,5% de la cifra de ventas que figura en la \u00faltima declaraci\u00f3n a la AEAT, debiendo presentarse el original de la misma. Con car\u00e1cter subsidiario, a falta de presentar \u00e9sta \u00faltima declaraci\u00f3n, la sanci\u00f3n se cuantifica en el 2% del capital social.<\/li>\n<\/ul>\n<ul>\n<li>Sin embargo, cabe mencionar que si se aporta la declaraci\u00f3n, pero la suma del 0,5% del activo y el 0,5% de las ventas resultara en un importe superior al 2% del capital social, la sanci\u00f3n aplicable ser\u00eda del 2% del capital reducido en un 10%.<\/li>\n<\/ul>\n<p>As\u00ed es que, dentro del primer mes de cada a\u00f1o, los Registradores Mercantiles tienen la obligaci\u00f3n de remitir a la Direcci\u00f3n General de los Registros y el Notariado, un listado de las sociedades incumplidoras, y \u00e9sta, a su vez, al ICAC, dentro del segundo mes, para la incoaci\u00f3n del correspondiente expediente sancionador (art\u00edculo 371 del <a href=\"https:\/\/www.boe.es\/buscar\/act.php?id=BOE-A-1996-17533\">Real Decreto 1784\/1996, de 19 de julio, por el que se aprueba el Reglamento del Registro Mercantil<\/a>).<\/p>\n<p>Cabe resaltar que la imposici\u00f3n a la sociedad de una multa por la falta de dep\u00f3sito de las cuentas anuales tiene unos l\u00edmites que se fijan en un m\u00ednimo de 1.200 euros y un m\u00e1ximo de 60.000 euros, en funci\u00f3n de la dimensi\u00f3n de la sociedad, esto es, del importe total de las partidas del activo y de su cifra de ventas, pudiendo llegar hasta los 300.000 euros por cada a\u00f1o de retraso en el cumplimiento aquellas sociedades o grupos que superen los 6 millones de facturaci\u00f3n.<\/p>\n<p>Una vez incoado el procedimiento sancionador, existe un periodo de alegaciones de 15 d\u00edas, siendo el plazo para resolver y notificar de 6 meses a contar desde la fecha del acuerdo de incoaci\u00f3n, y prescribiendo las infracciones a los tres a\u00f1os.<\/p>\n\r\n\t\t<style>\r\n\t\t\t.huge-it-share-buttons {\r\n\t\t\t\tborder:0px solid #0FB5D6;\r\n\t\t\t\tborder-radius:5px;\r\n\t\t\t\tbackground:#3BD8FF;\r\n\t\t\t text-align:left; \t\t\t\t\t\t\t\t\t}\r\n\r\n\t\t\t#huge-it-share-buttons-top {margin-bottom:0px;}\r\n\t\t\t#huge-it-share-buttons-bottom {margin-top:0px;}\r\n\r\n\t\t\t.huge-it-share-buttons h3 {\r\n\t\t\t\tfont-size:25px ;\r\n\t\t\t\tfont-family:Arial,Helvetica Neue,Helvetica,sans-serif;\r\n\t\t\t\tcolor:#666666;\r\n\r\n\t\t\tdisplay:block;\t\t\t\tline-height:25px ;\r\n\r\n\t\t\t text-align:left; \t\t\t\t\t\t\t\t\t}\r\n\r\n\t\t\t.huge-it-share-buttons ul {\r\n\t\t\t float:left; \t\t\t\t\t\t\t\t\t}\r\n\r\n\t\t\t.huge-it-share-buttons ul li {\r\n\t\t\t\tmargin-left:3px;\r\n\t\t\t\tmargin-right:3px;\r\n\t\t\t\tpadding:0px;\r\n\t\t\t\tborder:0px ridge #E6354C;\r\n\t\t\t\tborder-radius:11px;\r\n\t\t\t\tbackground-color:#14CC9B;\r\n\t\t\t}\r\n\r\n\t\t\t.huge-it-share-buttons ul li #backforunical2604 {\r\n\t\t\t\tborder-bottom: 0;\r\n\t\t\t\tbackground-image:url('https:\/\/www.fabregat-perulles-sales.com\/actualidad\/wp-content\/plugins\/wp-share-buttons\/Front_end\/..\/images\/buttons.30.png');\r\n\t\t\t\twidth:30px;\r\n\t\t\t\theight:30px;\r\n\t\t\t}\r\n\r\n\t\t\t.front-shares-count {\r\n\t\t\t\tposition: absolute;\r\n\t\t\t\ttext-align: center;\r\n\t\t\t\tdisplay: block;\r\n\t\t\t}\r\n\r\n\t\t\t.shares_size20 .front-shares-count {\r\n\t\t\t\tfont-size: 10px;\r\n\t\t\t\ttop: 10px;\r\n\t\t\t\twidth: 20px;\r\n\t\t\t}\r\n\r\n\t\t\t.shares_size30 .front-shares-count {\r\n\t\t\t\tfont-size: 11px;\r\n\t\t\t\ttop: 15px;\r\n\t\t\t\twidth: 30px;\r\n\t\t\t}\r\n\r\n\t\t\t.shares_size40 .front-shares-count {\r\n\t\t\t\tfont-size: 12px;\r\n\t\t\t\ttop: 21px;\r\n\t\t\t\twidth: 40px;\r\n\t\t\t}\r\n\t\t<\/style>\r\n\t\t\r\n\t\t<div id=\"huge-it-share-buttons-top\" class=\"huge-it-share-buttons nobackground\">\r\n\t\t\t<h3>Share This:<\/h3>\r\n\t\t\t<ul class=\"huge-it-share-buttons-list \">\r\n\t\t\t\t\t\t\t\t\t<li class=\"nobackground \" >\r\n\r\n\t\t\t\t\t\t\t\t\t\t\t\t<a id=\"backforunical2604\" href=\"https:\/\/www.facebook.com\/sharer\/sharer.php?u=www.fabregat-perulles-sales.com\/actualidad\/wp-json\/wp\/v2\/posts\/2604\"  onclick=\"javascript:void window.open('https:\/\/www.facebook.com\/sharer\/sharer.php?u=www.fabregat-perulles-sales.com\/actualidad\/wp-json\/wp\/v2\/posts\/2604','1410949501326','width=700,height=500,toolbar=0,menubar=0,location=0,status=1,scrollbars=1,resizable=1,left=0,top=0');return false;\" style=\"background-position: -0px -120px \"><\/a>\r\n\t\t\t\t\t<\/li>\r\n\t\t\t\t\t\t\t\t\t\t<li class=\"nobackground \" >\r\n\r\n\t\t\t\t\t\t\t\t\t\t\t\t<a id=\"backforunical2604\" href=\"https:\/\/twitter.com\/share?status=www.fabregat-perulles-sales.com\/actualidad\/wp-json\/wp\/v2\/posts\/2604&text=El Ministerio de Econom\u00eda lanza una campa\u00f1a contra las sociedades que no depositen cuentas anuales\"  onclick=\"javascript:void window.open('https:\/\/twitter.com\/share?status=www.fabregat-perulles-sales.com\/actualidad\/wp-json\/wp\/v2\/posts\/2604&text=El Ministerio de Econom\u00eda lanza una campa\u00f1a contra las sociedades que no depositen cuentas anuales','1410949501326','width=700,height=500,toolbar=0,menubar=0,location=0,status=1,scrollbars=1,resizable=1,left=0,top=0');return false;\" style=\"background-position: -30px -120px \"><\/a>\r\n\t\t\t\t\t<\/li>\r\n\t\t\t\t\t\t\t\t\t\t<li class=\"none nobackground \" >\r\n\r\n\t\t\t\t\t\t\t\t\t\t\t\t<a id=\"backforunical2604\" href=\"http:\/\/www.pinterest.com\/pin\/create\/button\/?url=www.fabregat-perulles-sales.com\/actualidad\/wp-json\/wp\/v2\/posts\/2604&media=https:\/\/www.fabregat-perulles-sales.com\/actualidad\/wp-content\/plugins\/wp-share-buttons\/Front_end\/..\/images\/noimage.png&description=El Ministerio de Econom\u00eda lanza una campa\u00f1a contra las sociedades que no depositen cuentas anuales\"  onclick=\"javascript:void window.open('http:\/\/www.pinterest.com\/pin\/create\/button\/?url=www.fabregat-perulles-sales.com\/actualidad\/wp-json\/wp\/v2\/posts\/2604&media=https:\/\/www.fabregat-perulles-sales.com\/actualidad\/wp-content\/plugins\/wp-share-buttons\/Front_end\/..\/images\/noimage.png&description=El Ministerio de Econom\u00eda lanza una campa\u00f1a contra las sociedades que no depositen cuentas anuales','1410949501326','width=700,height=500,toolbar=0,menubar=0,location=0,status=1,scrollbars=1,resizable=1,left=0,top=0');return false;\" style=\"background-position: -60px -120px \"><\/a>\r\n\t\t\t\t\t<\/li>\r\n\t\t\t\t\t\t\t\t\t\t<li class=\"none nobackground \" >\r\n\r\n\t\t\t\t\t\t\t\t\t\t\t\t<a id=\"backforunical2604\" href=\"https:\/\/plus.google.com\/share?url=www.fabregat-perulles-sales.com\/actualidad\/wp-json\/wp\/v2\/posts\/2604\"  onclick=\"javascript:void window.open('https:\/\/plus.google.com\/share?url=www.fabregat-perulles-sales.com\/actualidad\/wp-json\/wp\/v2\/posts\/2604','1410949501326','width=700,height=500,toolbar=0,menubar=0,location=0,status=1,scrollbars=1,resizable=1,left=0,top=0');return false;\" style=\"background-position: -90px -120px \"><\/a>\r\n\t\t\t\t\t<\/li>\r\n\t\t\t\t\t\t\t\t\t\t<li class=\"nobackground \" >\r\n\r\n\t\t\t\t\t\t\t\t\t\t\t\t<a id=\"backforunical2604\" href=\"https:\/\/www.linkedin.com\/shareArticle?title=El Ministerio de Econom\u00eda lanza una campa\u00f1a contra las sociedades que no depositen cuentas anuales&mini=true&url=https:\/\/www.fabregat-perulles-sales.com\/actualidad\/wp-json\/wp\/v2\/posts\/2604\"  onclick=\"javascript:void window.open('https:\/\/www.linkedin.com\/shareArticle?title=El Ministerio de Econom\u00eda lanza una campa\u00f1a contra las sociedades que no depositen cuentas anuales&mini=true&url=https:\/\/www.fabregat-perulles-sales.com\/actualidad\/wp-json\/wp\/v2\/posts\/2604','1410949501326','width=700,height=500,toolbar=0,menubar=0,location=0,status=1,scrollbars=1,resizable=1,left=0,top=0');return false;\" style=\"background-position: -120px -120px \"><\/a>\r\n\t\t\t\t\t<\/li>\r\n\t\t\t\t\t\t\t\t\t\t<li class=\"none nobackground \" >\r\n\r\n\t\t\t\t\t\t\t\t\t\t\t\t<a id=\"backforunical2604\" href=\"https:\/\/www.tumblr.com\/share\/link?url=www.fabregat-perulles-sales.com\/actualidad\/wp-json\/wp\/v2\/posts\/2604&name=El Ministerio de Econom\u00eda lanza una campa\u00f1a contra las sociedades que no depositen cuentas anuales\"  onclick=\"javascript:void window.open('https:\/\/www.tumblr.com\/share\/link?url=www.fabregat-perulles-sales.com\/actualidad\/wp-json\/wp\/v2\/posts\/2604&name=El Ministerio de Econom\u00eda lanza una campa\u00f1a contra las sociedades que no depositen cuentas anuales','1410949501326','width=700,height=500,toolbar=0,menubar=0,location=0,status=1,scrollbars=1,resizable=1,left=0,top=0');return false;\" style=\"background-position: -150px -120px \"><\/a>\r\n\t\t\t\t\t<\/li>\r\n\t\t\t\t\t\t\t\t\t\t<li class=\"none nobackground \" >\r\n\r\n\t\t\t\t\t\t\t\t\t\t\t\t<a id=\"backforunical2604\" href=\"http:\/\/digg.com\/submit?phase=2&url=www.fabregat-perulles-sales.com\/actualidad\/wp-json\/wp\/v2\/posts\/2604&title=El Ministerio de Econom\u00eda lanza una campa\u00f1a contra las sociedades que no depositen cuentas anuales\"  onclick=\"javascript:void window.open('http:\/\/digg.com\/submit?phase=2&url=www.fabregat-perulles-sales.com\/actualidad\/wp-json\/wp\/v2\/posts\/2604&title=El Ministerio de Econom\u00eda lanza una campa\u00f1a contra las sociedades que no depositen cuentas anuales','1410949501326','width=700,height=500,toolbar=0,menubar=0,location=0,status=1,scrollbars=1,resizable=1,left=0,top=0');return false;\" style=\"background-position: -180px -120px \"><\/a>\r\n\t\t\t\t\t<\/li>\r\n\t\t\t\t\t\t\t\t\t\t<li class=\"none nobackground \" >\r\n\r\n\t\t\t\t\t\t\t\t\t\t\t\t<a id=\"backforunical2604\" href=\"http:\/\/www.stumbleupon.com\/submit?url=www.fabregat-perulles-sales.com\/actualidad\/wp-json\/wp\/v2\/posts\/2604&title=El Ministerio de Econom\u00eda lanza una campa\u00f1a contra las sociedades que no depositen cuentas anuales\"  onclick=\"javascript:void window.open('http:\/\/www.stumbleupon.com\/submit?url=www.fabregat-perulles-sales.com\/actualidad\/wp-json\/wp\/v2\/posts\/2604&title=El Ministerio de Econom\u00eda lanza una campa\u00f1a contra las sociedades que no depositen cuentas anuales','1410949501326','width=700,height=500,toolbar=0,menubar=0,location=0,status=1,scrollbars=1,resizable=1,left=0,top=0');return false;\" style=\"background-position: -210px -120px \"><\/a>\r\n\t\t\t\t\t<\/li>\r\n\t\t\t\t\t\t\t\t\t\t<li class=\"none nobackground \" >\r\n\r\n\t\t\t\t\t\t\t\t\t\t\t\t<a id=\"backforunical2604\" href=\"https:\/\/myspace.com\/post?l=3&u=www.fabregat-perulles-sales.com\/actualidad\/wp-json\/wp\/v2\/posts\/2604\"  onclick=\"javascript:void window.open('https:\/\/myspace.com\/post?l=3&u=www.fabregat-perulles-sales.com\/actualidad\/wp-json\/wp\/v2\/posts\/2604','1410949501326','width=700,height=500,toolbar=0,menubar=0,location=0,status=1,scrollbars=1,resizable=1,left=0,top=0');return false;\" style=\"background-position: -240px -120px \"><\/a>\r\n\t\t\t\t\t<\/li>\r\n\t\t\t\t\t\t\t\t\t\t<li class=\"nobackground \" >\r\n\r\n\t\t\t\t\t\t\t\t\t\t\t\t<a id=\"backforunical2604\" href=\"http:\/\/vk.com\/share.php?url=www.fabregat-perulles-sales.com\/actualidad\/wp-json\/wp\/v2\/posts\/2604&title=El Ministerio de Econom\u00eda lanza una campa\u00f1a contra las sociedades que no depositen cuentas anuales\"  onclick=\"javascript:void window.open('http:\/\/vk.com\/share.php?url=www.fabregat-perulles-sales.com\/actualidad\/wp-json\/wp\/v2\/posts\/2604&title=El Ministerio de Econom\u00eda lanza una campa\u00f1a contra las sociedades que no depositen cuentas anuales','1410949501326','width=700,height=500,toolbar=0,menubar=0,location=0,status=1,scrollbars=1,resizable=1,left=0,top=0');return false;\" style=\"background-position: -270px -120px \"><\/a>\r\n\t\t\t\t\t<\/li>\r\n\t\t\t\t\t\t\t\t\t\t<li class=\"none nobackground \" >\r\n\r\n\t\t\t\t\t\t\t\t\t\t\t\t<a id=\"backforunical2604\" href=\"http:\/\/www.reddit.com\/submit?url=www.fabregat-perulles-sales.com\/actualidad\/wp-json\/wp\/v2\/posts\/2604&title=El Ministerio de Econom\u00eda lanza una campa\u00f1a contra las sociedades que no depositen cuentas anuales\"  onclick=\"javascript:void window.open('http:\/\/www.reddit.com\/submit?url=www.fabregat-perulles-sales.com\/actualidad\/wp-json\/wp\/v2\/posts\/2604&title=El Ministerio de Econom\u00eda lanza una campa\u00f1a contra las sociedades que no depositen cuentas anuales','1410949501326','width=700,height=500,toolbar=0,menubar=0,location=0,status=1,scrollbars=1,resizable=1,left=0,top=0');return false;\" style=\"background-position: -300px -120px \"><\/a>\r\n\t\t\t\t\t<\/li>\r\n\t\t\t\t\t\t\t\t\t\t<li class=\"none nobackground \" >\r\n\r\n\t\t\t\t\t\t\t\t\t\t\t\t<a id=\"backforunical2604\" href=\"http:\/\/www.bebo.com\/c\/share?Url=www.fabregat-perulles-sales.com\/actualidad\/wp-json\/wp\/v2\/posts\/2604\"  onclick=\"javascript:void window.open('http:\/\/www.bebo.com\/c\/share?Url=www.fabregat-perulles-sales.com\/actualidad\/wp-json\/wp\/v2\/posts\/2604','1410949501326','width=700,height=500,toolbar=0,menubar=0,location=0,status=1,scrollbars=1,resizable=1,left=0,top=0');return false;\" style=\"background-position: -330px -120px \"><\/a>\r\n\t\t\t\t\t<\/li>\r\n\t\t\t\t\t\t\t\t\t\t<li class=\"none nobackground \" >\r\n\r\n\t\t\t\t\t\t\t\t\t\t\t\t<a id=\"backforunical2604\" href=\"https:\/\/delicious.com\/save?v=5&noui&jump=close&url=www.fabregat-perulles-sales.com\/actualidad\/wp-json\/wp\/v2\/posts\/2604&title=El Ministerio de Econom\u00eda lanza una campa\u00f1a contra las sociedades que no depositen cuentas anuales\"  onclick=\"javascript:void window.open('https:\/\/delicious.com\/save?v=5&noui&jump=close&url=www.fabregat-perulles-sales.com\/actualidad\/wp-json\/wp\/v2\/posts\/2604&title=El Ministerio de Econom\u00eda lanza una campa\u00f1a contra las sociedades que no depositen cuentas anuales','1410949501326','width=700,height=500,toolbar=0,menubar=0,location=0,status=1,scrollbars=1,resizable=1,left=0,top=0');return false;\" style=\"background-position: -360px -120px \"><\/a>\r\n\t\t\t\t\t<\/li>\r\n\t\t\t\t\t\t\t\t\t\t<li class=\"none nobackground \" >\r\n\r\n\t\t\t\t\t\t\t\t\t\t\t\t<a id=\"backforunical2604\" href=\"http:\/\/www.odnoklassniki.ru\/dk?st.cmd=addShare&st.s=2&st.noresize=on&st._surl=www.fabregat-perulles-sales.com\/actualidad\/wp-json\/wp\/v2\/posts\/2604\"  onclick=\"javascript:void window.open('http:\/\/www.odnoklassniki.ru\/dk?st.cmd=addShare&st.s=2&st.noresize=on&st._surl=www.fabregat-perulles-sales.com\/actualidad\/wp-json\/wp\/v2\/posts\/2604','1410949501326','width=700,height=500,toolbar=0,menubar=0,location=0,status=1,scrollbars=1,resizable=1,left=0,top=0');return false;\" style=\"background-position: -390px -120px \"><\/a>\r\n\t\t\t\t\t<\/li>\r\n\t\t\t\t\t\t\t\t\t\t<li class=\"none nobackground \" >\r\n\r\n\t\t\t\t\t\t\t\t\t\t\t\t<a id=\"backforunical2604\" href=\"http:\/\/sns.qzone.qq.com\/cgi-bin\/qzshare\/cgi_qzshare_onekey?url=www.fabregat-perulles-sales.com\/actualidad\/wp-json\/wp\/v2\/posts\/2604&title=El Ministerio de Econom\u00eda lanza una campa\u00f1a contra las sociedades que no depositen cuentas anuales\"  onclick=\"javascript:void window.open('http:\/\/sns.qzone.qq.com\/cgi-bin\/qzshare\/cgi_qzshare_onekey?url=www.fabregat-perulles-sales.com\/actualidad\/wp-json\/wp\/v2\/posts\/2604&title=El Ministerio de Econom\u00eda lanza una campa\u00f1a contra las sociedades que no depositen cuentas anuales','1410949501326','width=700,height=500,toolbar=0,menubar=0,location=0,status=1,scrollbars=1,resizable=1,left=0,top=0');return false;\" style=\"background-position: -420px -120px \"><\/a>\r\n\t\t\t\t\t<\/li>\r\n\t\t\t\t\t\t\t\t\t\t<li class=\"none nobackground \" >\r\n\r\n\t\t\t\t\t\t\t\t\t\t\t\t<a id=\"backforunical2604\" href=\"http:\/\/service.weibo.com\/share\/share.php?url=www.fabregat-perulles-sales.com\/actualidad\/wp-json\/wp\/v2\/posts\/2604&appkey=&title=El Ministerio de Econom\u00eda lanza una campa\u00f1a contra las sociedades que no depositen cuentas anuales&pic=&ralateUid=&\"  onclick=\"javascript:void window.open('http:\/\/service.weibo.com\/share\/share.php?url=www.fabregat-perulles-sales.com\/actualidad\/wp-json\/wp\/v2\/posts\/2604&appkey=&title=El Ministerio de Econom\u00eda lanza una campa\u00f1a contra las sociedades que no depositen cuentas anuales&pic=&ralateUid=&','1410949501326','width=700,height=500,toolbar=0,menubar=0,location=0,status=1,scrollbars=1,resizable=1,left=0,top=0');return false;\" style=\"background-position: -450px -120px \"><\/a>\r\n\t\t\t\t\t<\/li>\r\n\t\t\t\t\t\t\t\t\t\t<li class=\"none nobackground \" >\r\n\r\n\t\t\t\t\t\t\t\t\t\t\t\t<a id=\"backforunical2604\" href=\"http:\/\/widget.renren.com\/dialog\/share?resourceUrl=www.fabregat-perulles-sales.com\/actualidad\/wp-json\/wp\/v2\/posts\/2604&srcUrl=www.fabregat-perulles-sales.com\/actualidad\/wp-json\/wp\/v2\/posts\/2604&title=El Ministerio de Econom\u00eda lanza una campa\u00f1a contra las sociedades que no depositen cuentas anuales\"  onclick=\"javascript:void window.open('http:\/\/widget.renren.com\/dialog\/share?resourceUrl=www.fabregat-perulles-sales.com\/actualidad\/wp-json\/wp\/v2\/posts\/2604&srcUrl=www.fabregat-perulles-sales.com\/actualidad\/wp-json\/wp\/v2\/posts\/2604&title=El Ministerio de Econom\u00eda lanza una campa\u00f1a contra las sociedades que no depositen cuentas anuales','1410949501326','width=700,height=500,toolbar=0,menubar=0,location=0,status=1,scrollbars=1,resizable=1,left=0,top=0');return false;\" style=\"background-position: -480px -120px \"><\/a>\r\n\t\t\t\t\t<\/li>\r\n\t\t\t\t\t\t\t\t\t\t<li class=\"none nobackground \" >\r\n\r\n\t\t\t\t\t\t\t\t\t\t\t\t<a id=\"backforunical2604\" href=\"http:\/\/n4g.com\/tips?url=www.fabregat-perulles-sales.com\/actualidad\/wp-json\/wp\/v2\/posts\/2604&title=El Ministerio de Econom\u00eda lanza una campa\u00f1a contra las sociedades que no depositen cuentas anuales\"  onclick=\"javascript:void window.open('http:\/\/n4g.com\/tips?url=www.fabregat-perulles-sales.com\/actualidad\/wp-json\/wp\/v2\/posts\/2604&title=El Ministerio de Econom\u00eda lanza una campa\u00f1a contra las sociedades que no depositen cuentas anuales','1410949501326','width=700,height=500,toolbar=0,menubar=0,location=0,status=1,scrollbars=1,resizable=1,left=0,top=0');return false;\" style=\"background-position: -510px -120px \"><\/a>\r\n\t\t\t\t\t<\/li>\r\n\t\t\t\t\t\t\t\t<\/ul>\r\n\t\t\t<div class=\"clear\"><\/div>\r\n\t\t<\/div>\r\n\t\t","protected":false},"excerpt":{"rendered":"<p>El Instituto de Contabilidad y Auditor\u00eda de Cuentas (ICAC), dependiente del Ministerio de Econom\u00eda y Competitividad, ha iniciado una campa\u00f1a\u00a0de apertura de expedientes sancionadores a las\u00a0sociedades que incumplan la obligaci\u00f3n de depositar sus cuentas anuales en el Registro Mercantil dentro del mes siguiente a su aprobaci\u00f3n. A fin de evitar posibles expedientes sancionadores y en\u2026 <span class=\"read-more\"><a href=\"https:\/\/www.fabregat-perulles-sales.com\/actualidad\/el-ministerio-de-economia-lanza-una-campana-contra-las-sociedades-que-no-depositen-cuentas-anuales\/\">Read More &raquo;<\/a><\/span><\/p>\n","protected":false},"author":3,"featured_media":0,"comment_status":"open","ping_status":"closed","sticky":false,"template":"","format":"standard","meta":[],"categories":[6,466,3],"tags":[847,849,848],"yoast_head":"<!-- This site is optimized with the Yoast SEO plugin v20.2.1 - https:\/\/yoast.com\/wordpress\/plugins\/seo\/ -->\n<title>Sanci\u00f3n incumplimiento dep\u00f3sito CCAA Abogados Espa\u00f1ol<\/title>\n<meta name=\"description\" content=\"El Instituto de Contabilidad y Auditor\u00eda de Cuentas (ICAC), dependiente del Ministerio de Econom\u00eda y Competitividad, ha iniciado una campa\u00f1a\u00a0de apertura\" \/>\n<meta name=\"robots\" content=\"index, follow, max-snippet:-1, max-image-preview:large, max-video-preview:-1\" \/>\n<link rel=\"canonical\" href=\"https:\/\/www.fabregat-perulles-sales.com\/actualidad\/el-ministerio-de-economia-lanza-una-campana-contra-las-sociedades-que-no-depositen-cuentas-anuales\/\" \/>\n<meta property=\"og:locale\" content=\"en_US\" \/>\n<meta property=\"og:type\" content=\"article\" \/>\n<meta property=\"og:title\" content=\"Sanci\u00f3n incumplimiento dep\u00f3sito CCAA Abogados Espa\u00f1ol\" \/>\n<meta property=\"og:description\" content=\"El Instituto de Contabilidad y Auditor\u00eda de Cuentas (ICAC), dependiente del Ministerio de Econom\u00eda y Competitividad, ha iniciado una campa\u00f1a\u00a0de apertura\" \/>\n<meta property=\"og:url\" content=\"https:\/\/www.fabregat-perulles-sales.com\/actualidad\/el-ministerio-de-economia-lanza-una-campana-contra-las-sociedades-que-no-depositen-cuentas-anuales\/\" \/>\n<meta property=\"og:site_name\" content=\"International Lawyers\" \/>\n<meta property=\"article:published_time\" content=\"2017-03-09T12:18:37+00:00\" \/>\n<meta property=\"article:modified_time\" content=\"2017-03-09T12:25:04+00:00\" \/>\n<meta property=\"og:image\" content=\"http:\/\/www.fabregat-perulles-sales.com\/actualidad\/wp-content\/uploads\/2017\/03\/cuentas-anuales-abogados-espanol-300x177.jpg\" \/>\n<meta name=\"author\" content=\"Victor\" \/>\n<meta name=\"twitter:card\" content=\"summary_large_image\" \/>\n<meta name=\"twitter:label1\" content=\"Written by\" \/>\n\t<meta name=\"twitter:data1\" content=\"Victor\" \/>\n\t<meta name=\"twitter:label2\" content=\"Est. reading time\" \/>\n\t<meta name=\"twitter:data2\" content=\"3 minutes\" \/>\n<script type=\"application\/ld+json\" class=\"yoast-schema-graph\">{\"@context\":\"https:\/\/schema.org\",\"@graph\":[{\"@type\":\"WebPage\",\"@id\":\"https:\/\/www.fabregat-perulles-sales.com\/actualidad\/el-ministerio-de-economia-lanza-una-campana-contra-las-sociedades-que-no-depositen-cuentas-anuales\/\",\"url\":\"https:\/\/www.fabregat-perulles-sales.com\/actualidad\/el-ministerio-de-economia-lanza-una-campana-contra-las-sociedades-que-no-depositen-cuentas-anuales\/\",\"name\":\"Sanci\u00f3n incumplimiento dep\u00f3sito CCAA Abogados Espa\u00f1ol\",\"isPartOf\":{\"@id\":\"https:\/\/www.fabregat-perulles-sales.com\/actualidad\/#website\"},\"datePublished\":\"2017-03-09T12:18:37+00:00\",\"dateModified\":\"2017-03-09T12:25:04+00:00\",\"author\":{\"@id\":\"https:\/\/www.fabregat-perulles-sales.com\/actualidad\/#\/schema\/person\/cabc1d68c7778f01d5e069c2d98442e3\"},\"description\":\"El Instituto de Contabilidad y Auditor\u00eda de Cuentas (ICAC), dependiente del Ministerio de Econom\u00eda y Competitividad, ha iniciado una campa\u00f1a\u00a0de apertura\",\"breadcrumb\":{\"@id\":\"https:\/\/www.fabregat-perulles-sales.com\/actualidad\/el-ministerio-de-economia-lanza-una-campana-contra-las-sociedades-que-no-depositen-cuentas-anuales\/#breadcrumb\"},\"inLanguage\":\"en-US\",\"potentialAction\":[{\"@type\":\"ReadAction\",\"target\":[\"https:\/\/www.fabregat-perulles-sales.com\/actualidad\/el-ministerio-de-economia-lanza-una-campana-contra-las-sociedades-que-no-depositen-cuentas-anuales\/\"]}]},{\"@type\":\"BreadcrumbList\",\"@id\":\"https:\/\/www.fabregat-perulles-sales.com\/actualidad\/el-ministerio-de-economia-lanza-una-campana-contra-las-sociedades-que-no-depositen-cuentas-anuales\/#breadcrumb\",\"itemListElement\":[{\"@type\":\"ListItem\",\"position\":1,\"name\":\"Home\",\"item\":\"https:\/\/www.fabregat-perulles-sales.com\/actualidad\/\"},{\"@type\":\"ListItem\",\"position\":2,\"name\":\"El Ministerio de Econom\u00eda lanza una campa\u00f1a contra las sociedades que no depositen cuentas anuales\"}]},{\"@type\":\"WebSite\",\"@id\":\"https:\/\/www.fabregat-perulles-sales.com\/actualidad\/#website\",\"url\":\"https:\/\/www.fabregat-perulles-sales.com\/actualidad\/\",\"name\":\"www.fabregat-perulles-sales.com\",\"description\":\"Fabregat Perulles Sales Abogados is a law firm of reference international market in the Spanish-German, Spanish-French, and Spanish-Italian. Is one of the first firms in Barcelona offering a Russian Desk.\",\"potentialAction\":[{\"@type\":\"SearchAction\",\"target\":{\"@type\":\"EntryPoint\",\"urlTemplate\":\"https:\/\/www.fabregat-perulles-sales.com\/actualidad\/?s={search_term_string}\"},\"query-input\":\"required name=search_term_string\"}],\"inLanguage\":\"en-US\"},{\"@type\":\"Person\",\"@id\":\"https:\/\/www.fabregat-perulles-sales.com\/actualidad\/#\/schema\/person\/cabc1d68c7778f01d5e069c2d98442e3\",\"name\":\"Victor\",\"image\":{\"@type\":\"ImageObject\",\"inLanguage\":\"en-US\",\"@id\":\"https:\/\/www.fabregat-perulles-sales.com\/actualidad\/#\/schema\/person\/image\/\",\"url\":\"https:\/\/secure.gravatar.com\/avatar\/756cb666a964d2960ffe307b8a53b271?s=96&d=mm&r=g\",\"contentUrl\":\"https:\/\/secure.gravatar.com\/avatar\/756cb666a964d2960ffe307b8a53b271?s=96&d=mm&r=g\",\"caption\":\"Victor\"},\"sameAs\":[\"http:\/\/www.fabregat-perulles-sales.com\"],\"url\":\"https:\/\/www.fabregat-perulles-sales.com\/actualidad\/author\/victor\/\"}]}<\/script>\n<!-- \/ Yoast SEO plugin. -->","yoast_head_json":{"title":"Sanci\u00f3n incumplimiento dep\u00f3sito CCAA Abogados Espa\u00f1ol","description":"El Instituto de Contabilidad y Auditor\u00eda de Cuentas (ICAC), dependiente del Ministerio de Econom\u00eda y Competitividad, ha iniciado una campa\u00f1a\u00a0de apertura","robots":{"index":"index","follow":"follow","max-snippet":"max-snippet:-1","max-image-preview":"max-image-preview:large","max-video-preview":"max-video-preview:-1"},"canonical":"https:\/\/www.fabregat-perulles-sales.com\/actualidad\/el-ministerio-de-economia-lanza-una-campana-contra-las-sociedades-que-no-depositen-cuentas-anuales\/","og_locale":"en_US","og_type":"article","og_title":"Sanci\u00f3n incumplimiento dep\u00f3sito CCAA Abogados Espa\u00f1ol","og_description":"El Instituto de Contabilidad y Auditor\u00eda de Cuentas (ICAC), dependiente del Ministerio de Econom\u00eda y Competitividad, ha iniciado una campa\u00f1a\u00a0de apertura","og_url":"https:\/\/www.fabregat-perulles-sales.com\/actualidad\/el-ministerio-de-economia-lanza-una-campana-contra-las-sociedades-que-no-depositen-cuentas-anuales\/","og_site_name":"International Lawyers","article_published_time":"2017-03-09T12:18:37+00:00","article_modified_time":"2017-03-09T12:25:04+00:00","og_image":[{"url":"http:\/\/www.fabregat-perulles-sales.com\/actualidad\/wp-content\/uploads\/2017\/03\/cuentas-anuales-abogados-espanol-300x177.jpg"}],"author":"Victor","twitter_card":"summary_large_image","twitter_misc":{"Written by":"Victor","Est. reading time":"3 minutes"},"schema":{"@context":"https:\/\/schema.org","@graph":[{"@type":"WebPage","@id":"https:\/\/www.fabregat-perulles-sales.com\/actualidad\/el-ministerio-de-economia-lanza-una-campana-contra-las-sociedades-que-no-depositen-cuentas-anuales\/","url":"https:\/\/www.fabregat-perulles-sales.com\/actualidad\/el-ministerio-de-economia-lanza-una-campana-contra-las-sociedades-que-no-depositen-cuentas-anuales\/","name":"Sanci\u00f3n incumplimiento dep\u00f3sito CCAA Abogados Espa\u00f1ol","isPartOf":{"@id":"https:\/\/www.fabregat-perulles-sales.com\/actualidad\/#website"},"datePublished":"2017-03-09T12:18:37+00:00","dateModified":"2017-03-09T12:25:04+00:00","author":{"@id":"https:\/\/www.fabregat-perulles-sales.com\/actualidad\/#\/schema\/person\/cabc1d68c7778f01d5e069c2d98442e3"},"description":"El Instituto de Contabilidad y Auditor\u00eda de Cuentas (ICAC), dependiente del Ministerio de Econom\u00eda y Competitividad, ha iniciado una campa\u00f1a\u00a0de apertura","breadcrumb":{"@id":"https:\/\/www.fabregat-perulles-sales.com\/actualidad\/el-ministerio-de-economia-lanza-una-campana-contra-las-sociedades-que-no-depositen-cuentas-anuales\/#breadcrumb"},"inLanguage":"en-US","potentialAction":[{"@type":"ReadAction","target":["https:\/\/www.fabregat-perulles-sales.com\/actualidad\/el-ministerio-de-economia-lanza-una-campana-contra-las-sociedades-que-no-depositen-cuentas-anuales\/"]}]},{"@type":"BreadcrumbList","@id":"https:\/\/www.fabregat-perulles-sales.com\/actualidad\/el-ministerio-de-economia-lanza-una-campana-contra-las-sociedades-que-no-depositen-cuentas-anuales\/#breadcrumb","itemListElement":[{"@type":"ListItem","position":1,"name":"Home","item":"https:\/\/www.fabregat-perulles-sales.com\/actualidad\/"},{"@type":"ListItem","position":2,"name":"El Ministerio de Econom\u00eda lanza una campa\u00f1a contra las sociedades que no depositen cuentas anuales"}]},{"@type":"WebSite","@id":"https:\/\/www.fabregat-perulles-sales.com\/actualidad\/#website","url":"https:\/\/www.fabregat-perulles-sales.com\/actualidad\/","name":"www.fabregat-perulles-sales.com","description":"Fabregat Perulles Sales Abogados is a law firm of reference international market in the Spanish-German, Spanish-French, and Spanish-Italian. Is one of the first firms in Barcelona offering a Russian Desk.","potentialAction":[{"@type":"SearchAction","target":{"@type":"EntryPoint","urlTemplate":"https:\/\/www.fabregat-perulles-sales.com\/actualidad\/?s={search_term_string}"},"query-input":"required name=search_term_string"}],"inLanguage":"en-US"},{"@type":"Person","@id":"https:\/\/www.fabregat-perulles-sales.com\/actualidad\/#\/schema\/person\/cabc1d68c7778f01d5e069c2d98442e3","name":"Victor","image":{"@type":"ImageObject","inLanguage":"en-US","@id":"https:\/\/www.fabregat-perulles-sales.com\/actualidad\/#\/schema\/person\/image\/","url":"https:\/\/secure.gravatar.com\/avatar\/756cb666a964d2960ffe307b8a53b271?s=96&d=mm&r=g","contentUrl":"https:\/\/secure.gravatar.com\/avatar\/756cb666a964d2960ffe307b8a53b271?s=96&d=mm&r=g","caption":"Victor"},"sameAs":["http:\/\/www.fabregat-perulles-sales.com"],"url":"https:\/\/www.fabregat-perulles-sales.com\/actualidad\/author\/victor\/"}]}},"amp_enabled":true,"_links":{"self":[{"href":"https:\/\/www.fabregat-perulles-sales.com\/actualidad\/wp-json\/wp\/v2\/posts\/2604"}],"collection":[{"href":"https:\/\/www.fabregat-perulles-sales.com\/actualidad\/wp-json\/wp\/v2\/posts"}],"about":[{"href":"https:\/\/www.fabregat-perulles-sales.com\/actualidad\/wp-json\/wp\/v2\/types\/post"}],"author":[{"embeddable":true,"href":"https:\/\/www.fabregat-perulles-sales.com\/actualidad\/wp-json\/wp\/v2\/users\/3"}],"replies":[{"embeddable":true,"href":"https:\/\/www.fabregat-perulles-sales.com\/actualidad\/wp-json\/wp\/v2\/comments?post=2604"}],"version-history":[{"count":10,"href":"https:\/\/www.fabregat-perulles-sales.com\/actualidad\/wp-json\/wp\/v2\/posts\/2604\/revisions"}],"predecessor-version":[{"id":2615,"href":"https:\/\/www.fabregat-perulles-sales.com\/actualidad\/wp-json\/wp\/v2\/posts\/2604\/revisions\/2615"}],"wp:attachment":[{"href":"https:\/\/www.fabregat-perulles-sales.com\/actualidad\/wp-json\/wp\/v2\/media?parent=2604"}],"wp:term":[{"taxonomy":"category","embeddable":true,"href":"https:\/\/www.fabregat-perulles-sales.com\/actualidad\/wp-json\/wp\/v2\/categories?post=2604"},{"taxonomy":"post_tag","embeddable":true,"href":"https:\/\/www.fabregat-perulles-sales.com\/actualidad\/wp-json\/wp\/v2\/tags?post=2604"}],"curies":[{"name":"wp","href":"https:\/\/api.w.org\/{rel}","templated":true}]}}