{"id":2563,"date":"2017-02-21T16:01:16","date_gmt":"2017-02-21T15:01:16","guid":{"rendered":"http:\/\/www.fabregat-perulles-sales.com\/actualidad\/?p=2563"},"modified":"2017-02-21T16:02:48","modified_gmt":"2017-02-21T15:02:48","slug":"que-ocurrira-con-las-sagep-despues-de-la-entrada-en-vigor-del-real-decreto-ley-por-el-que-se-modifica-el-regimen-de-los-trabajadores-para-la-prestacion-del-servicio-portuario-de-manipulacion-de","status":"publish","type":"post","link":"https:\/\/www.fabregat-perulles-sales.com\/actualidad\/que-ocurrira-con-las-sagep-despues-de-la-entrada-en-vigor-del-real-decreto-ley-por-el-que-se-modifica-el-regimen-de-los-trabajadores-para-la-prestacion-del-servicio-portuario-de-manipulacion-de\/","title":{"rendered":"\u00bfQu\u00e9 ocurrir\u00e1 con las SAGEP despu\u00e9s de la entrada en vigor del Real Decreto-Ley por el que se modifica el r\u00e9gimen de los trabajadores para la prestaci\u00f3n del servicio portuario de manipulaci\u00f3n de mercanc\u00edas?"},"content":{"rendered":"<p><img decoding=\"async\" loading=\"lazy\" class=\"alignright size-medium wp-image-2564\" src=\"http:\/\/www.fabregat-perulles-sales.com\/actualidad\/wp-content\/uploads\/2017\/02\/puerto-sagep-estibadores-300x198.jpg\" alt=\"\" width=\"300\" height=\"198\" srcset=\"https:\/\/www.fabregat-perulles-sales.com\/actualidad\/wp-content\/uploads\/2017\/02\/puerto-sagep-estibadores-300x198.jpg 300w, https:\/\/www.fabregat-perulles-sales.com\/actualidad\/wp-content\/uploads\/2017\/02\/puerto-sagep-estibadores.jpg 640w\" sizes=\"(max-width: 300px) 100vw, 300px\" \/>Est\u00e1 previsto que en los pr\u00f3ximos d\u00edas se publique el Real Decreto-Ley por el\u00a0que se vendr\u00e1 a modificar el\u00a0r\u00e9gimen de los trabajadores para la prestaci\u00f3n del servicio portuario de manipulaci\u00f3n de mercanc\u00edas.<\/p>\n<p>Mediante la entrada en vigor de dicho Real Decreto- Ley se pondr\u00e1 fin al incumplimiento de Espa\u00f1a a la <a href=\"http:\/\/observatorio.puertos.es\/DOC_PUBLICOS\/Sentencia%20del%20Tribunal%20Europeo%20de%20Justicia%20sobre%20el%20modelo%20de%20estiba%20espa%C3%B1ol.pdf\">Sentencia del Tribunal de Justicia de la Uni\u00f3n Europea de 11 de diciembre de 2014<\/a> siendo a partir de entonces libre la contrataci\u00f3n de dichos trabajadores.<!--more--><\/p>\n<p>Recordemos que la sentencia mencionada estableci\u00f3 que el r\u00e9gimen que se aplica hasta la fecha en Espa\u00f1a es contrario al derecho de\u00a0establecimiento (art\u00edculo 49 TFUE) al obligar a las empresas que deseen desarrollar la mencionada actividad, participar en el capital de la Sociedad An\u00f3nima de Gesti\u00f3n de Estibadores Portuarios (SAGEP) y adem\u00e1s contratar con car\u00e1cter prioritario a trabajadores puestos a disposici\u00f3n por dicha Sociedad.<\/p>\n<p>De momento, s\u00f3lo conocemos el <a href=\"http:\/\/www.europasur.es\/2017\/02\/10\/Borrador_Real_Decreto-Ley_Estiba_08_02_2017.pdf?hash=c5ba731b97786ffa474f1072d9d6b695233536af\">borrador del posible Real Decreto-Ley<\/a>, que prev\u00e9 el posible futuro de las SAGEP en su Disposici\u00f3n transitoria primera. En \u00e9sta se dice que desde la entrada en vigor del Real Decreto-Ley, que est\u00e1 prevista para el d\u00eda siguiente al de su publicaci\u00f3n en el BOE, se establece un periodo transitorio de tres a\u00f1os durante el cual las SAGEP subsistir\u00e1n, a excepci\u00f3n de que se extingan previamente.<\/p>\n<p>Durante los primeros seis meses de dicho periodo, los accionistas de las SAGEP deber\u00e1n tomar la decisi\u00f3n si quieren continuar en las SAGEP o separarse de \u00e9sta. En caso de querer separarse, deber\u00e1n transmitir sus acciones a los accionistas que decidan continuar, pero si no se llevase a cabo en el mencionado plazo \u00e9stas ser\u00e1n amortizadas con cargo a las propias SAGEP. Por otra parte, podr\u00eda ocurrir que no exista ning\u00fan accionista que desee continuar en las SAGEP. En dicho caso, las SAGEP se deber\u00e1n disolver siguiendo el r\u00e9gimen establecido en la Ley de Sociedades de Capital.<\/p>\n<p>Por el contrario, en caso de que las SAGEP subsistan despu\u00e9s del plazo de transici\u00f3n de tres a\u00f1os, <em>\u00e9stas lo har\u00e1n en r\u00e9gimen de libre concurrencia, en su caso, con los centros portuarios de empleo y las dem\u00e1s empresas de trabajo temporal. <\/em><\/p>\n\r\n\t\t<style>\r\n\t\t\t.huge-it-share-buttons {\r\n\t\t\t\tborder:0px solid #0FB5D6;\r\n\t\t\t\tborder-radius:5px;\r\n\t\t\t\tbackground:#3BD8FF;\r\n\t\t\t text-align:left; \t\t\t\t\t\t\t\t\t}\r\n\r\n\t\t\t#huge-it-share-buttons-top {margin-bottom:0px;}\r\n\t\t\t#huge-it-share-buttons-bottom {margin-top:0px;}\r\n\r\n\t\t\t.huge-it-share-buttons h3 {\r\n\t\t\t\tfont-size:25px ;\r\n\t\t\t\tfont-family:Arial,Helvetica Neue,Helvetica,sans-serif;\r\n\t\t\t\tcolor:#666666;\r\n\r\n\t\t\tdisplay:block;\t\t\t\tline-height:25px ;\r\n\r\n\t\t\t text-align:left; \t\t\t\t\t\t\t\t\t}\r\n\r\n\t\t\t.huge-it-share-buttons ul {\r\n\t\t\t float:left; \t\t\t\t\t\t\t\t\t}\r\n\r\n\t\t\t.huge-it-share-buttons ul li {\r\n\t\t\t\tmargin-left:3px;\r\n\t\t\t\tmargin-right:3px;\r\n\t\t\t\tpadding:0px;\r\n\t\t\t\tborder:0px ridge #E6354C;\r\n\t\t\t\tborder-radius:11px;\r\n\t\t\t\tbackground-color:#14CC9B;\r\n\t\t\t}\r\n\r\n\t\t\t.huge-it-share-buttons ul li #backforunical2563 {\r\n\t\t\t\tborder-bottom: 0;\r\n\t\t\t\tbackground-image:url('https:\/\/www.fabregat-perulles-sales.com\/actualidad\/wp-content\/plugins\/wp-share-buttons\/Front_end\/..\/images\/buttons.30.png');\r\n\t\t\t\twidth:30px;\r\n\t\t\t\theight:30px;\r\n\t\t\t}\r\n\r\n\t\t\t.front-shares-count {\r\n\t\t\t\tposition: absolute;\r\n\t\t\t\ttext-align: center;\r\n\t\t\t\tdisplay: block;\r\n\t\t\t}\r\n\r\n\t\t\t.shares_size20 .front-shares-count {\r\n\t\t\t\tfont-size: 10px;\r\n\t\t\t\ttop: 10px;\r\n\t\t\t\twidth: 20px;\r\n\t\t\t}\r\n\r\n\t\t\t.shares_size30 .front-shares-count {\r\n\t\t\t\tfont-size: 11px;\r\n\t\t\t\ttop: 15px;\r\n\t\t\t\twidth: 30px;\r\n\t\t\t}\r\n\r\n\t\t\t.shares_size40 .front-shares-count {\r\n\t\t\t\tfont-size: 12px;\r\n\t\t\t\ttop: 21px;\r\n\t\t\t\twidth: 40px;\r\n\t\t\t}\r\n\t\t<\/style>\r\n\t\t\r\n\t\t<div id=\"huge-it-share-buttons-top\" class=\"huge-it-share-buttons nobackground\">\r\n\t\t\t<h3>Share This:<\/h3>\r\n\t\t\t<ul class=\"huge-it-share-buttons-list \">\r\n\t\t\t\t\t\t\t\t\t<li class=\"nobackground \" >\r\n\r\n\t\t\t\t\t\t\t\t\t\t\t\t<a id=\"backforunical2563\" href=\"https:\/\/www.facebook.com\/sharer\/sharer.php?u=www.fabregat-perulles-sales.com\/actualidad\/wp-json\/wp\/v2\/posts\/2563\"  onclick=\"javascript:void window.open('https:\/\/www.facebook.com\/sharer\/sharer.php?u=www.fabregat-perulles-sales.com\/actualidad\/wp-json\/wp\/v2\/posts\/2563','1410949501326','width=700,height=500,toolbar=0,menubar=0,location=0,status=1,scrollbars=1,resizable=1,left=0,top=0');return false;\" style=\"background-position: -0px -120px \"><\/a>\r\n\t\t\t\t\t<\/li>\r\n\t\t\t\t\t\t\t\t\t\t<li class=\"nobackground \" >\r\n\r\n\t\t\t\t\t\t\t\t\t\t\t\t<a id=\"backforunical2563\" href=\"https:\/\/twitter.com\/share?status=www.fabregat-perulles-sales.com\/actualidad\/wp-json\/wp\/v2\/posts\/2563&text=\u00bfQu\u00e9 ocurrir\u00e1 con las SAGEP despu\u00e9s de la entrada en vigor del Real Decreto-Ley por el que se modifica el r\u00e9gimen de los trabajadores para la prestaci\u00f3n del servicio portuario de manipulaci\u00f3n de mercanc\u00edas?\"  onclick=\"javascript:void window.open('https:\/\/twitter.com\/share?status=www.fabregat-perulles-sales.com\/actualidad\/wp-json\/wp\/v2\/posts\/2563&text=\u00bfQu\u00e9 ocurrir\u00e1 con las SAGEP despu\u00e9s de la entrada en vigor del Real Decreto-Ley por el que se modifica el r\u00e9gimen de los trabajadores para la prestaci\u00f3n del servicio portuario de manipulaci\u00f3n de mercanc\u00edas?','1410949501326','width=700,height=500,toolbar=0,menubar=0,location=0,status=1,scrollbars=1,resizable=1,left=0,top=0');return false;\" style=\"background-position: -30px -120px \"><\/a>\r\n\t\t\t\t\t<\/li>\r\n\t\t\t\t\t\t\t\t\t\t<li class=\"none nobackground \" >\r\n\r\n\t\t\t\t\t\t\t\t\t\t\t\t<a id=\"backforunical2563\" href=\"http:\/\/www.pinterest.com\/pin\/create\/button\/?url=www.fabregat-perulles-sales.com\/actualidad\/wp-json\/wp\/v2\/posts\/2563&media=https:\/\/www.fabregat-perulles-sales.com\/actualidad\/wp-content\/plugins\/wp-share-buttons\/Front_end\/..\/images\/noimage.png&description=\u00bfQu\u00e9 ocurrir\u00e1 con las SAGEP despu\u00e9s de la entrada en vigor del Real Decreto-Ley por el que se modifica el r\u00e9gimen de los trabajadores para la prestaci\u00f3n del servicio portuario de manipulaci\u00f3n de mercanc\u00edas?\"  onclick=\"javascript:void window.open('http:\/\/www.pinterest.com\/pin\/create\/button\/?url=www.fabregat-perulles-sales.com\/actualidad\/wp-json\/wp\/v2\/posts\/2563&media=https:\/\/www.fabregat-perulles-sales.com\/actualidad\/wp-content\/plugins\/wp-share-buttons\/Front_end\/..\/images\/noimage.png&description=\u00bfQu\u00e9 ocurrir\u00e1 con las SAGEP despu\u00e9s de la entrada en vigor del Real Decreto-Ley por el que se modifica el r\u00e9gimen de los trabajadores para la prestaci\u00f3n del servicio portuario de manipulaci\u00f3n de mercanc\u00edas?','1410949501326','width=700,height=500,toolbar=0,menubar=0,location=0,status=1,scrollbars=1,resizable=1,left=0,top=0');return false;\" style=\"background-position: -60px -120px \"><\/a>\r\n\t\t\t\t\t<\/li>\r\n\t\t\t\t\t\t\t\t\t\t<li class=\"none nobackground \" >\r\n\r\n\t\t\t\t\t\t\t\t\t\t\t\t<a id=\"backforunical2563\" href=\"https:\/\/plus.google.com\/share?url=www.fabregat-perulles-sales.com\/actualidad\/wp-json\/wp\/v2\/posts\/2563\"  onclick=\"javascript:void window.open('https:\/\/plus.google.com\/share?url=www.fabregat-perulles-sales.com\/actualidad\/wp-json\/wp\/v2\/posts\/2563','1410949501326','width=700,height=500,toolbar=0,menubar=0,location=0,status=1,scrollbars=1,resizable=1,left=0,top=0');return false;\" style=\"background-position: -90px -120px \"><\/a>\r\n\t\t\t\t\t<\/li>\r\n\t\t\t\t\t\t\t\t\t\t<li class=\"nobackground \" >\r\n\r\n\t\t\t\t\t\t\t\t\t\t\t\t<a id=\"backforunical2563\" href=\"https:\/\/www.linkedin.com\/shareArticle?title=\u00bfQu\u00e9 ocurrir\u00e1 con las SAGEP despu\u00e9s de la entrada en vigor del Real Decreto-Ley por el que se modifica el r\u00e9gimen de los trabajadores para la prestaci\u00f3n del servicio portuario de manipulaci\u00f3n de mercanc\u00edas?&mini=true&url=https:\/\/www.fabregat-perulles-sales.com\/actualidad\/wp-json\/wp\/v2\/posts\/2563\"  onclick=\"javascript:void window.open('https:\/\/www.linkedin.com\/shareArticle?title=\u00bfQu\u00e9 ocurrir\u00e1 con las SAGEP despu\u00e9s de la entrada en vigor del Real Decreto-Ley por el que se modifica el r\u00e9gimen de los trabajadores para la prestaci\u00f3n del servicio portuario de manipulaci\u00f3n de mercanc\u00edas?&mini=true&url=https:\/\/www.fabregat-perulles-sales.com\/actualidad\/wp-json\/wp\/v2\/posts\/2563','1410949501326','width=700,height=500,toolbar=0,menubar=0,location=0,status=1,scrollbars=1,resizable=1,left=0,top=0');return false;\" style=\"background-position: -120px -120px \"><\/a>\r\n\t\t\t\t\t<\/li>\r\n\t\t\t\t\t\t\t\t\t\t<li class=\"none nobackground \" >\r\n\r\n\t\t\t\t\t\t\t\t\t\t\t\t<a id=\"backforunical2563\" href=\"https:\/\/www.tumblr.com\/share\/link?url=www.fabregat-perulles-sales.com\/actualidad\/wp-json\/wp\/v2\/posts\/2563&name=\u00bfQu\u00e9 ocurrir\u00e1 con las SAGEP despu\u00e9s de la entrada en vigor del Real Decreto-Ley por el que se modifica el r\u00e9gimen de los trabajadores para la prestaci\u00f3n del servicio portuario de manipulaci\u00f3n de mercanc\u00edas?\"  onclick=\"javascript:void window.open('https:\/\/www.tumblr.com\/share\/link?url=www.fabregat-perulles-sales.com\/actualidad\/wp-json\/wp\/v2\/posts\/2563&name=\u00bfQu\u00e9 ocurrir\u00e1 con las SAGEP despu\u00e9s de la entrada en vigor del Real Decreto-Ley por el que se modifica el r\u00e9gimen de los trabajadores para la prestaci\u00f3n del servicio portuario de manipulaci\u00f3n de mercanc\u00edas?','1410949501326','width=700,height=500,toolbar=0,menubar=0,location=0,status=1,scrollbars=1,resizable=1,left=0,top=0');return false;\" style=\"background-position: -150px -120px \"><\/a>\r\n\t\t\t\t\t<\/li>\r\n\t\t\t\t\t\t\t\t\t\t<li class=\"none nobackground \" >\r\n\r\n\t\t\t\t\t\t\t\t\t\t\t\t<a id=\"backforunical2563\" href=\"http:\/\/digg.com\/submit?phase=2&url=www.fabregat-perulles-sales.com\/actualidad\/wp-json\/wp\/v2\/posts\/2563&title=\u00bfQu\u00e9 ocurrir\u00e1 con las SAGEP despu\u00e9s de la entrada en vigor del Real Decreto-Ley por el que se modifica el r\u00e9gimen de los trabajadores para la prestaci\u00f3n del servicio portuario de manipulaci\u00f3n de mercanc\u00edas?\"  onclick=\"javascript:void window.open('http:\/\/digg.com\/submit?phase=2&url=www.fabregat-perulles-sales.com\/actualidad\/wp-json\/wp\/v2\/posts\/2563&title=\u00bfQu\u00e9 ocurrir\u00e1 con las SAGEP despu\u00e9s de la entrada en vigor del Real Decreto-Ley por el que se modifica el r\u00e9gimen de los trabajadores para la prestaci\u00f3n del servicio portuario de manipulaci\u00f3n de mercanc\u00edas?','1410949501326','width=700,height=500,toolbar=0,menubar=0,location=0,status=1,scrollbars=1,resizable=1,left=0,top=0');return false;\" style=\"background-position: -180px -120px \"><\/a>\r\n\t\t\t\t\t<\/li>\r\n\t\t\t\t\t\t\t\t\t\t<li class=\"none nobackground \" >\r\n\r\n\t\t\t\t\t\t\t\t\t\t\t\t<a id=\"backforunical2563\" href=\"http:\/\/www.stumbleupon.com\/submit?url=www.fabregat-perulles-sales.com\/actualidad\/wp-json\/wp\/v2\/posts\/2563&title=\u00bfQu\u00e9 ocurrir\u00e1 con las SAGEP despu\u00e9s de la entrada en vigor del Real Decreto-Ley por el que se modifica el r\u00e9gimen de los trabajadores para la prestaci\u00f3n del servicio portuario de manipulaci\u00f3n de mercanc\u00edas?\"  onclick=\"javascript:void window.open('http:\/\/www.stumbleupon.com\/submit?url=www.fabregat-perulles-sales.com\/actualidad\/wp-json\/wp\/v2\/posts\/2563&title=\u00bfQu\u00e9 ocurrir\u00e1 con las SAGEP despu\u00e9s de la entrada en vigor del Real Decreto-Ley por el que se modifica el r\u00e9gimen de los trabajadores para la prestaci\u00f3n del servicio portuario de manipulaci\u00f3n de mercanc\u00edas?','1410949501326','width=700,height=500,toolbar=0,menubar=0,location=0,status=1,scrollbars=1,resizable=1,left=0,top=0');return false;\" style=\"background-position: -210px -120px \"><\/a>\r\n\t\t\t\t\t<\/li>\r\n\t\t\t\t\t\t\t\t\t\t<li class=\"none nobackground \" >\r\n\r\n\t\t\t\t\t\t\t\t\t\t\t\t<a id=\"backforunical2563\" href=\"https:\/\/myspace.com\/post?l=3&u=www.fabregat-perulles-sales.com\/actualidad\/wp-json\/wp\/v2\/posts\/2563\"  onclick=\"javascript:void window.open('https:\/\/myspace.com\/post?l=3&u=www.fabregat-perulles-sales.com\/actualidad\/wp-json\/wp\/v2\/posts\/2563','1410949501326','width=700,height=500,toolbar=0,menubar=0,location=0,status=1,scrollbars=1,resizable=1,left=0,top=0');return false;\" style=\"background-position: -240px -120px \"><\/a>\r\n\t\t\t\t\t<\/li>\r\n\t\t\t\t\t\t\t\t\t\t<li class=\"nobackground \" >\r\n\r\n\t\t\t\t\t\t\t\t\t\t\t\t<a id=\"backforunical2563\" href=\"http:\/\/vk.com\/share.php?url=www.fabregat-perulles-sales.com\/actualidad\/wp-json\/wp\/v2\/posts\/2563&title=\u00bfQu\u00e9 ocurrir\u00e1 con las SAGEP despu\u00e9s de la entrada en vigor del Real Decreto-Ley por el que se modifica el r\u00e9gimen de los trabajadores para la prestaci\u00f3n del servicio portuario de manipulaci\u00f3n de mercanc\u00edas?\"  onclick=\"javascript:void window.open('http:\/\/vk.com\/share.php?url=www.fabregat-perulles-sales.com\/actualidad\/wp-json\/wp\/v2\/posts\/2563&title=\u00bfQu\u00e9 ocurrir\u00e1 con las SAGEP despu\u00e9s de la entrada en vigor del Real Decreto-Ley por el que se modifica el r\u00e9gimen de los trabajadores para la prestaci\u00f3n del servicio portuario de manipulaci\u00f3n de mercanc\u00edas?','1410949501326','width=700,height=500,toolbar=0,menubar=0,location=0,status=1,scrollbars=1,resizable=1,left=0,top=0');return false;\" style=\"background-position: -270px -120px \"><\/a>\r\n\t\t\t\t\t<\/li>\r\n\t\t\t\t\t\t\t\t\t\t<li class=\"none nobackground \" >\r\n\r\n\t\t\t\t\t\t\t\t\t\t\t\t<a id=\"backforunical2563\" href=\"http:\/\/www.reddit.com\/submit?url=www.fabregat-perulles-sales.com\/actualidad\/wp-json\/wp\/v2\/posts\/2563&title=\u00bfQu\u00e9 ocurrir\u00e1 con las SAGEP despu\u00e9s de la entrada en vigor del Real Decreto-Ley por el que se modifica el r\u00e9gimen de los trabajadores para la prestaci\u00f3n del servicio portuario de manipulaci\u00f3n de mercanc\u00edas?\"  onclick=\"javascript:void window.open('http:\/\/www.reddit.com\/submit?url=www.fabregat-perulles-sales.com\/actualidad\/wp-json\/wp\/v2\/posts\/2563&title=\u00bfQu\u00e9 ocurrir\u00e1 con las SAGEP despu\u00e9s de la entrada en vigor del Real Decreto-Ley por el que se modifica el r\u00e9gimen de los trabajadores para la prestaci\u00f3n del servicio portuario de manipulaci\u00f3n de mercanc\u00edas?','1410949501326','width=700,height=500,toolbar=0,menubar=0,location=0,status=1,scrollbars=1,resizable=1,left=0,top=0');return false;\" style=\"background-position: -300px -120px \"><\/a>\r\n\t\t\t\t\t<\/li>\r\n\t\t\t\t\t\t\t\t\t\t<li class=\"none nobackground \" >\r\n\r\n\t\t\t\t\t\t\t\t\t\t\t\t<a id=\"backforunical2563\" href=\"http:\/\/www.bebo.com\/c\/share?Url=www.fabregat-perulles-sales.com\/actualidad\/wp-json\/wp\/v2\/posts\/2563\"  onclick=\"javascript:void window.open('http:\/\/www.bebo.com\/c\/share?Url=www.fabregat-perulles-sales.com\/actualidad\/wp-json\/wp\/v2\/posts\/2563','1410949501326','width=700,height=500,toolbar=0,menubar=0,location=0,status=1,scrollbars=1,resizable=1,left=0,top=0');return false;\" style=\"background-position: -330px -120px \"><\/a>\r\n\t\t\t\t\t<\/li>\r\n\t\t\t\t\t\t\t\t\t\t<li class=\"none nobackground \" >\r\n\r\n\t\t\t\t\t\t\t\t\t\t\t\t<a id=\"backforunical2563\" href=\"https:\/\/delicious.com\/save?v=5&noui&jump=close&url=www.fabregat-perulles-sales.com\/actualidad\/wp-json\/wp\/v2\/posts\/2563&title=\u00bfQu\u00e9 ocurrir\u00e1 con las SAGEP despu\u00e9s de la entrada en vigor del Real Decreto-Ley por el que se modifica el r\u00e9gimen de los trabajadores para la prestaci\u00f3n del servicio portuario de manipulaci\u00f3n de mercanc\u00edas?\"  onclick=\"javascript:void window.open('https:\/\/delicious.com\/save?v=5&noui&jump=close&url=www.fabregat-perulles-sales.com\/actualidad\/wp-json\/wp\/v2\/posts\/2563&title=\u00bfQu\u00e9 ocurrir\u00e1 con las SAGEP despu\u00e9s de la entrada en vigor del Real Decreto-Ley por el que se modifica el r\u00e9gimen de los trabajadores para la prestaci\u00f3n del servicio portuario de manipulaci\u00f3n de mercanc\u00edas?','1410949501326','width=700,height=500,toolbar=0,menubar=0,location=0,status=1,scrollbars=1,resizable=1,left=0,top=0');return false;\" style=\"background-position: -360px -120px \"><\/a>\r\n\t\t\t\t\t<\/li>\r\n\t\t\t\t\t\t\t\t\t\t<li class=\"none nobackground \" >\r\n\r\n\t\t\t\t\t\t\t\t\t\t\t\t<a id=\"backforunical2563\" href=\"http:\/\/www.odnoklassniki.ru\/dk?st.cmd=addShare&st.s=2&st.noresize=on&st._surl=www.fabregat-perulles-sales.com\/actualidad\/wp-json\/wp\/v2\/posts\/2563\"  onclick=\"javascript:void window.open('http:\/\/www.odnoklassniki.ru\/dk?st.cmd=addShare&st.s=2&st.noresize=on&st._surl=www.fabregat-perulles-sales.com\/actualidad\/wp-json\/wp\/v2\/posts\/2563','1410949501326','width=700,height=500,toolbar=0,menubar=0,location=0,status=1,scrollbars=1,resizable=1,left=0,top=0');return false;\" style=\"background-position: -390px -120px \"><\/a>\r\n\t\t\t\t\t<\/li>\r\n\t\t\t\t\t\t\t\t\t\t<li class=\"none nobackground \" >\r\n\r\n\t\t\t\t\t\t\t\t\t\t\t\t<a id=\"backforunical2563\" href=\"http:\/\/sns.qzone.qq.com\/cgi-bin\/qzshare\/cgi_qzshare_onekey?url=www.fabregat-perulles-sales.com\/actualidad\/wp-json\/wp\/v2\/posts\/2563&title=\u00bfQu\u00e9 ocurrir\u00e1 con las SAGEP despu\u00e9s de la entrada en vigor del Real Decreto-Ley por el que se modifica el r\u00e9gimen de los trabajadores para la prestaci\u00f3n del servicio portuario de manipulaci\u00f3n de mercanc\u00edas?\"  onclick=\"javascript:void window.open('http:\/\/sns.qzone.qq.com\/cgi-bin\/qzshare\/cgi_qzshare_onekey?url=www.fabregat-perulles-sales.com\/actualidad\/wp-json\/wp\/v2\/posts\/2563&title=\u00bfQu\u00e9 ocurrir\u00e1 con las SAGEP despu\u00e9s de la entrada en vigor del Real Decreto-Ley por el que se modifica el r\u00e9gimen de los trabajadores para la prestaci\u00f3n del servicio portuario de manipulaci\u00f3n de mercanc\u00edas?','1410949501326','width=700,height=500,toolbar=0,menubar=0,location=0,status=1,scrollbars=1,resizable=1,left=0,top=0');return false;\" style=\"background-position: -420px -120px \"><\/a>\r\n\t\t\t\t\t<\/li>\r\n\t\t\t\t\t\t\t\t\t\t<li class=\"none nobackground \" >\r\n\r\n\t\t\t\t\t\t\t\t\t\t\t\t<a id=\"backforunical2563\" href=\"http:\/\/service.weibo.com\/share\/share.php?url=www.fabregat-perulles-sales.com\/actualidad\/wp-json\/wp\/v2\/posts\/2563&appkey=&title=\u00bfQu\u00e9 ocurrir\u00e1 con las SAGEP despu\u00e9s de la entrada en vigor del Real Decreto-Ley por el que se modifica el r\u00e9gimen de los trabajadores para la prestaci\u00f3n del servicio portuario de manipulaci\u00f3n de mercanc\u00edas?&pic=&ralateUid=&\"  onclick=\"javascript:void window.open('http:\/\/service.weibo.com\/share\/share.php?url=www.fabregat-perulles-sales.com\/actualidad\/wp-json\/wp\/v2\/posts\/2563&appkey=&title=\u00bfQu\u00e9 ocurrir\u00e1 con las SAGEP despu\u00e9s de la entrada en vigor del Real Decreto-Ley por el que se modifica el r\u00e9gimen de los trabajadores para la prestaci\u00f3n del servicio portuario de manipulaci\u00f3n de mercanc\u00edas?&pic=&ralateUid=&','1410949501326','width=700,height=500,toolbar=0,menubar=0,location=0,status=1,scrollbars=1,resizable=1,left=0,top=0');return false;\" style=\"background-position: -450px -120px \"><\/a>\r\n\t\t\t\t\t<\/li>\r\n\t\t\t\t\t\t\t\t\t\t<li class=\"none nobackground \" >\r\n\r\n\t\t\t\t\t\t\t\t\t\t\t\t<a id=\"backforunical2563\" href=\"http:\/\/widget.renren.com\/dialog\/share?resourceUrl=www.fabregat-perulles-sales.com\/actualidad\/wp-json\/wp\/v2\/posts\/2563&srcUrl=www.fabregat-perulles-sales.com\/actualidad\/wp-json\/wp\/v2\/posts\/2563&title=\u00bfQu\u00e9 ocurrir\u00e1 con las SAGEP despu\u00e9s de la entrada en vigor del Real Decreto-Ley por el que se modifica el r\u00e9gimen de los trabajadores para la prestaci\u00f3n del servicio portuario de manipulaci\u00f3n de mercanc\u00edas?\"  onclick=\"javascript:void window.open('http:\/\/widget.renren.com\/dialog\/share?resourceUrl=www.fabregat-perulles-sales.com\/actualidad\/wp-json\/wp\/v2\/posts\/2563&srcUrl=www.fabregat-perulles-sales.com\/actualidad\/wp-json\/wp\/v2\/posts\/2563&title=\u00bfQu\u00e9 ocurrir\u00e1 con las SAGEP despu\u00e9s de la entrada en vigor del Real Decreto-Ley por el que se modifica el r\u00e9gimen de los trabajadores para la prestaci\u00f3n del servicio portuario de manipulaci\u00f3n de mercanc\u00edas?','1410949501326','width=700,height=500,toolbar=0,menubar=0,location=0,status=1,scrollbars=1,resizable=1,left=0,top=0');return false;\" style=\"background-position: -480px -120px \"><\/a>\r\n\t\t\t\t\t<\/li>\r\n\t\t\t\t\t\t\t\t\t\t<li class=\"none nobackground \" >\r\n\r\n\t\t\t\t\t\t\t\t\t\t\t\t<a id=\"backforunical2563\" href=\"http:\/\/n4g.com\/tips?url=www.fabregat-perulles-sales.com\/actualidad\/wp-json\/wp\/v2\/posts\/2563&title=\u00bfQu\u00e9 ocurrir\u00e1 con las SAGEP despu\u00e9s de la entrada en vigor del Real Decreto-Ley por el que se modifica el r\u00e9gimen de los trabajadores para la prestaci\u00f3n del servicio portuario de manipulaci\u00f3n de mercanc\u00edas?\"  onclick=\"javascript:void window.open('http:\/\/n4g.com\/tips?url=www.fabregat-perulles-sales.com\/actualidad\/wp-json\/wp\/v2\/posts\/2563&title=\u00bfQu\u00e9 ocurrir\u00e1 con las SAGEP despu\u00e9s de la entrada en vigor del Real Decreto-Ley por el que se modifica el r\u00e9gimen de los trabajadores para la prestaci\u00f3n del servicio portuario de manipulaci\u00f3n de mercanc\u00edas?','1410949501326','width=700,height=500,toolbar=0,menubar=0,location=0,status=1,scrollbars=1,resizable=1,left=0,top=0');return false;\" style=\"background-position: -510px -120px \"><\/a>\r\n\t\t\t\t\t<\/li>\r\n\t\t\t\t\t\t\t\t<\/ul>\r\n\t\t\t<div class=\"clear\"><\/div>\r\n\t\t<\/div>\r\n\t\t","protected":false},"excerpt":{"rendered":"<p>Est\u00e1 previsto que en los pr\u00f3ximos d\u00edas se publique el Real Decreto-Ley por el\u00a0que se vendr\u00e1 a modificar el\u00a0r\u00e9gimen de los trabajadores para la prestaci\u00f3n del servicio portuario de manipulaci\u00f3n de mercanc\u00edas. Mediante la entrada en vigor de dicho Real Decreto- Ley se pondr\u00e1 fin al incumplimiento de Espa\u00f1a a la Sentencia del Tribunal de\u2026 <span class=\"read-more\"><a href=\"https:\/\/www.fabregat-perulles-sales.com\/actualidad\/que-ocurrira-con-las-sagep-despues-de-la-entrada-en-vigor-del-real-decreto-ley-por-el-que-se-modifica-el-regimen-de-los-trabajadores-para-la-prestacion-del-servicio-portuario-de-manipulacion-de\/\">Read More &raquo;<\/a><\/span><\/p>\n","protected":false},"author":3,"featured_media":0,"comment_status":"open","ping_status":"closed","sticky":false,"template":"","format":"standard","meta":[],"categories":[466,1,634],"tags":[818,819],"yoast_head":"<!-- This site is optimized with the Yoast SEO plugin v20.2.1 - https:\/\/yoast.com\/wordpress\/plugins\/seo\/ -->\n<title>Libre contrataci\u00f3n de los trabajadores para la prestaci\u00f3n del servicio portuario de manipulaci\u00f3n de mercanc\u00edas<\/title>\n<meta name=\"description\" content=\"Est\u00e1 previsto que en los pr\u00f3ximos d\u00edas se publique el Real Decreto-Ley por el\u00a0que se vendr\u00e1 a modificar el\u00a0r\u00e9gimen de los trabajadores para la prestaci\u00f3n\" \/>\n<meta name=\"robots\" content=\"index, follow, max-snippet:-1, max-image-preview:large, max-video-preview:-1\" \/>\n<link rel=\"canonical\" href=\"https:\/\/www.fabregat-perulles-sales.com\/actualidad\/que-ocurrira-con-las-sagep-despues-de-la-entrada-en-vigor-del-real-decreto-ley-por-el-que-se-modifica-el-regimen-de-los-trabajadores-para-la-prestacion-del-servicio-portuario-de-manipulacion-de\/\" \/>\n<meta property=\"og:locale\" content=\"en_US\" \/>\n<meta property=\"og:type\" content=\"article\" \/>\n<meta property=\"og:title\" content=\"Libre contrataci\u00f3n de los trabajadores para la prestaci\u00f3n del servicio portuario de manipulaci\u00f3n de mercanc\u00edas\" \/>\n<meta property=\"og:description\" content=\"Est\u00e1 previsto que en los pr\u00f3ximos d\u00edas se publique el Real Decreto-Ley por el\u00a0que se vendr\u00e1 a modificar el\u00a0r\u00e9gimen de los trabajadores para la prestaci\u00f3n\" \/>\n<meta property=\"og:url\" content=\"https:\/\/www.fabregat-perulles-sales.com\/actualidad\/que-ocurrira-con-las-sagep-despues-de-la-entrada-en-vigor-del-real-decreto-ley-por-el-que-se-modifica-el-regimen-de-los-trabajadores-para-la-prestacion-del-servicio-portuario-de-manipulacion-de\/\" \/>\n<meta property=\"og:site_name\" content=\"International Lawyers\" \/>\n<meta property=\"article:published_time\" content=\"2017-02-21T15:01:16+00:00\" \/>\n<meta property=\"article:modified_time\" content=\"2017-02-21T15:02:48+00:00\" \/>\n<meta property=\"og:image\" content=\"http:\/\/www.fabregat-perulles-sales.com\/actualidad\/wp-content\/uploads\/2017\/02\/puerto-sagep-estibadores-300x198.jpg\" \/>\n<meta name=\"author\" content=\"Victor\" \/>\n<meta name=\"twitter:card\" content=\"summary_large_image\" \/>\n<meta name=\"twitter:label1\" content=\"Written by\" \/>\n\t<meta name=\"twitter:data1\" content=\"Victor\" \/>\n\t<meta name=\"twitter:label2\" content=\"Est. reading time\" \/>\n\t<meta name=\"twitter:data2\" content=\"2 minutes\" \/>\n<script type=\"application\/ld+json\" class=\"yoast-schema-graph\">{\"@context\":\"https:\/\/schema.org\",\"@graph\":[{\"@type\":\"WebPage\",\"@id\":\"https:\/\/www.fabregat-perulles-sales.com\/actualidad\/que-ocurrira-con-las-sagep-despues-de-la-entrada-en-vigor-del-real-decreto-ley-por-el-que-se-modifica-el-regimen-de-los-trabajadores-para-la-prestacion-del-servicio-portuario-de-manipulacion-de\/\",\"url\":\"https:\/\/www.fabregat-perulles-sales.com\/actualidad\/que-ocurrira-con-las-sagep-despues-de-la-entrada-en-vigor-del-real-decreto-ley-por-el-que-se-modifica-el-regimen-de-los-trabajadores-para-la-prestacion-del-servicio-portuario-de-manipulacion-de\/\",\"name\":\"Libre contrataci\u00f3n de los trabajadores para la prestaci\u00f3n del servicio portuario de manipulaci\u00f3n de mercanc\u00edas\",\"isPartOf\":{\"@id\":\"https:\/\/www.fabregat-perulles-sales.com\/actualidad\/#website\"},\"datePublished\":\"2017-02-21T15:01:16+00:00\",\"dateModified\":\"2017-02-21T15:02:48+00:00\",\"author\":{\"@id\":\"https:\/\/www.fabregat-perulles-sales.com\/actualidad\/#\/schema\/person\/cabc1d68c7778f01d5e069c2d98442e3\"},\"description\":\"Est\u00e1 previsto que en los pr\u00f3ximos d\u00edas se publique el Real Decreto-Ley por el\u00a0que se vendr\u00e1 a modificar el\u00a0r\u00e9gimen de los trabajadores para la prestaci\u00f3n\",\"breadcrumb\":{\"@id\":\"https:\/\/www.fabregat-perulles-sales.com\/actualidad\/que-ocurrira-con-las-sagep-despues-de-la-entrada-en-vigor-del-real-decreto-ley-por-el-que-se-modifica-el-regimen-de-los-trabajadores-para-la-prestacion-del-servicio-portuario-de-manipulacion-de\/#breadcrumb\"},\"inLanguage\":\"en-US\",\"potentialAction\":[{\"@type\":\"ReadAction\",\"target\":[\"https:\/\/www.fabregat-perulles-sales.com\/actualidad\/que-ocurrira-con-las-sagep-despues-de-la-entrada-en-vigor-del-real-decreto-ley-por-el-que-se-modifica-el-regimen-de-los-trabajadores-para-la-prestacion-del-servicio-portuario-de-manipulacion-de\/\"]}]},{\"@type\":\"BreadcrumbList\",\"@id\":\"https:\/\/www.fabregat-perulles-sales.com\/actualidad\/que-ocurrira-con-las-sagep-despues-de-la-entrada-en-vigor-del-real-decreto-ley-por-el-que-se-modifica-el-regimen-de-los-trabajadores-para-la-prestacion-del-servicio-portuario-de-manipulacion-de\/#breadcrumb\",\"itemListElement\":[{\"@type\":\"ListItem\",\"position\":1,\"name\":\"Home\",\"item\":\"https:\/\/www.fabregat-perulles-sales.com\/actualidad\/\"},{\"@type\":\"ListItem\",\"position\":2,\"name\":\"\u00bfQu\u00e9 ocurrir\u00e1 con las SAGEP despu\u00e9s de la entrada en vigor del Real Decreto-Ley por el que se modifica el r\u00e9gimen de los trabajadores para la prestaci\u00f3n del servicio portuario de manipulaci\u00f3n de mercanc\u00edas?\"}]},{\"@type\":\"WebSite\",\"@id\":\"https:\/\/www.fabregat-perulles-sales.com\/actualidad\/#website\",\"url\":\"https:\/\/www.fabregat-perulles-sales.com\/actualidad\/\",\"name\":\"www.fabregat-perulles-sales.com\",\"description\":\"Fabregat Perulles Sales Abogados is a law firm of reference international market in the Spanish-German, Spanish-French, and Spanish-Italian. Is one of the first firms in Barcelona offering a Russian Desk.\",\"potentialAction\":[{\"@type\":\"SearchAction\",\"target\":{\"@type\":\"EntryPoint\",\"urlTemplate\":\"https:\/\/www.fabregat-perulles-sales.com\/actualidad\/?s={search_term_string}\"},\"query-input\":\"required name=search_term_string\"}],\"inLanguage\":\"en-US\"},{\"@type\":\"Person\",\"@id\":\"https:\/\/www.fabregat-perulles-sales.com\/actualidad\/#\/schema\/person\/cabc1d68c7778f01d5e069c2d98442e3\",\"name\":\"Victor\",\"image\":{\"@type\":\"ImageObject\",\"inLanguage\":\"en-US\",\"@id\":\"https:\/\/www.fabregat-perulles-sales.com\/actualidad\/#\/schema\/person\/image\/\",\"url\":\"https:\/\/secure.gravatar.com\/avatar\/756cb666a964d2960ffe307b8a53b271?s=96&d=mm&r=g\",\"contentUrl\":\"https:\/\/secure.gravatar.com\/avatar\/756cb666a964d2960ffe307b8a53b271?s=96&d=mm&r=g\",\"caption\":\"Victor\"},\"sameAs\":[\"http:\/\/www.fabregat-perulles-sales.com\"],\"url\":\"https:\/\/www.fabregat-perulles-sales.com\/actualidad\/author\/victor\/\"}]}<\/script>\n<!-- \/ Yoast SEO plugin. -->","yoast_head_json":{"title":"Libre contrataci\u00f3n de los trabajadores para la prestaci\u00f3n del servicio portuario de manipulaci\u00f3n de mercanc\u00edas","description":"Est\u00e1 previsto que en los pr\u00f3ximos d\u00edas se publique el Real Decreto-Ley por el\u00a0que se vendr\u00e1 a modificar el\u00a0r\u00e9gimen de los trabajadores para la prestaci\u00f3n","robots":{"index":"index","follow":"follow","max-snippet":"max-snippet:-1","max-image-preview":"max-image-preview:large","max-video-preview":"max-video-preview:-1"},"canonical":"https:\/\/www.fabregat-perulles-sales.com\/actualidad\/que-ocurrira-con-las-sagep-despues-de-la-entrada-en-vigor-del-real-decreto-ley-por-el-que-se-modifica-el-regimen-de-los-trabajadores-para-la-prestacion-del-servicio-portuario-de-manipulacion-de\/","og_locale":"en_US","og_type":"article","og_title":"Libre contrataci\u00f3n de los trabajadores para la prestaci\u00f3n del servicio portuario de manipulaci\u00f3n de mercanc\u00edas","og_description":"Est\u00e1 previsto que en los pr\u00f3ximos d\u00edas se publique el Real Decreto-Ley por el\u00a0que se vendr\u00e1 a modificar el\u00a0r\u00e9gimen de los trabajadores para la prestaci\u00f3n","og_url":"https:\/\/www.fabregat-perulles-sales.com\/actualidad\/que-ocurrira-con-las-sagep-despues-de-la-entrada-en-vigor-del-real-decreto-ley-por-el-que-se-modifica-el-regimen-de-los-trabajadores-para-la-prestacion-del-servicio-portuario-de-manipulacion-de\/","og_site_name":"International Lawyers","article_published_time":"2017-02-21T15:01:16+00:00","article_modified_time":"2017-02-21T15:02:48+00:00","og_image":[{"url":"http:\/\/www.fabregat-perulles-sales.com\/actualidad\/wp-content\/uploads\/2017\/02\/puerto-sagep-estibadores-300x198.jpg"}],"author":"Victor","twitter_card":"summary_large_image","twitter_misc":{"Written by":"Victor","Est. reading time":"2 minutes"},"schema":{"@context":"https:\/\/schema.org","@graph":[{"@type":"WebPage","@id":"https:\/\/www.fabregat-perulles-sales.com\/actualidad\/que-ocurrira-con-las-sagep-despues-de-la-entrada-en-vigor-del-real-decreto-ley-por-el-que-se-modifica-el-regimen-de-los-trabajadores-para-la-prestacion-del-servicio-portuario-de-manipulacion-de\/","url":"https:\/\/www.fabregat-perulles-sales.com\/actualidad\/que-ocurrira-con-las-sagep-despues-de-la-entrada-en-vigor-del-real-decreto-ley-por-el-que-se-modifica-el-regimen-de-los-trabajadores-para-la-prestacion-del-servicio-portuario-de-manipulacion-de\/","name":"Libre contrataci\u00f3n de los trabajadores para la prestaci\u00f3n del servicio portuario de manipulaci\u00f3n de mercanc\u00edas","isPartOf":{"@id":"https:\/\/www.fabregat-perulles-sales.com\/actualidad\/#website"},"datePublished":"2017-02-21T15:01:16+00:00","dateModified":"2017-02-21T15:02:48+00:00","author":{"@id":"https:\/\/www.fabregat-perulles-sales.com\/actualidad\/#\/schema\/person\/cabc1d68c7778f01d5e069c2d98442e3"},"description":"Est\u00e1 previsto que en los pr\u00f3ximos d\u00edas se publique el Real Decreto-Ley por el\u00a0que se vendr\u00e1 a modificar el\u00a0r\u00e9gimen de los trabajadores para la prestaci\u00f3n","breadcrumb":{"@id":"https:\/\/www.fabregat-perulles-sales.com\/actualidad\/que-ocurrira-con-las-sagep-despues-de-la-entrada-en-vigor-del-real-decreto-ley-por-el-que-se-modifica-el-regimen-de-los-trabajadores-para-la-prestacion-del-servicio-portuario-de-manipulacion-de\/#breadcrumb"},"inLanguage":"en-US","potentialAction":[{"@type":"ReadAction","target":["https:\/\/www.fabregat-perulles-sales.com\/actualidad\/que-ocurrira-con-las-sagep-despues-de-la-entrada-en-vigor-del-real-decreto-ley-por-el-que-se-modifica-el-regimen-de-los-trabajadores-para-la-prestacion-del-servicio-portuario-de-manipulacion-de\/"]}]},{"@type":"BreadcrumbList","@id":"https:\/\/www.fabregat-perulles-sales.com\/actualidad\/que-ocurrira-con-las-sagep-despues-de-la-entrada-en-vigor-del-real-decreto-ley-por-el-que-se-modifica-el-regimen-de-los-trabajadores-para-la-prestacion-del-servicio-portuario-de-manipulacion-de\/#breadcrumb","itemListElement":[{"@type":"ListItem","position":1,"name":"Home","item":"https:\/\/www.fabregat-perulles-sales.com\/actualidad\/"},{"@type":"ListItem","position":2,"name":"\u00bfQu\u00e9 ocurrir\u00e1 con las SAGEP despu\u00e9s de la entrada en vigor del Real Decreto-Ley por el que se modifica el r\u00e9gimen de los trabajadores para la prestaci\u00f3n del servicio portuario de manipulaci\u00f3n de mercanc\u00edas?"}]},{"@type":"WebSite","@id":"https:\/\/www.fabregat-perulles-sales.com\/actualidad\/#website","url":"https:\/\/www.fabregat-perulles-sales.com\/actualidad\/","name":"www.fabregat-perulles-sales.com","description":"Fabregat Perulles Sales Abogados is a law firm of reference international market in the Spanish-German, Spanish-French, and Spanish-Italian. Is one of the first firms in Barcelona offering a Russian Desk.","potentialAction":[{"@type":"SearchAction","target":{"@type":"EntryPoint","urlTemplate":"https:\/\/www.fabregat-perulles-sales.com\/actualidad\/?s={search_term_string}"},"query-input":"required name=search_term_string"}],"inLanguage":"en-US"},{"@type":"Person","@id":"https:\/\/www.fabregat-perulles-sales.com\/actualidad\/#\/schema\/person\/cabc1d68c7778f01d5e069c2d98442e3","name":"Victor","image":{"@type":"ImageObject","inLanguage":"en-US","@id":"https:\/\/www.fabregat-perulles-sales.com\/actualidad\/#\/schema\/person\/image\/","url":"https:\/\/secure.gravatar.com\/avatar\/756cb666a964d2960ffe307b8a53b271?s=96&d=mm&r=g","contentUrl":"https:\/\/secure.gravatar.com\/avatar\/756cb666a964d2960ffe307b8a53b271?s=96&d=mm&r=g","caption":"Victor"},"sameAs":["http:\/\/www.fabregat-perulles-sales.com"],"url":"https:\/\/www.fabregat-perulles-sales.com\/actualidad\/author\/victor\/"}]}},"amp_enabled":true,"_links":{"self":[{"href":"https:\/\/www.fabregat-perulles-sales.com\/actualidad\/wp-json\/wp\/v2\/posts\/2563"}],"collection":[{"href":"https:\/\/www.fabregat-perulles-sales.com\/actualidad\/wp-json\/wp\/v2\/posts"}],"about":[{"href":"https:\/\/www.fabregat-perulles-sales.com\/actualidad\/wp-json\/wp\/v2\/types\/post"}],"author":[{"embeddable":true,"href":"https:\/\/www.fabregat-perulles-sales.com\/actualidad\/wp-json\/wp\/v2\/users\/3"}],"replies":[{"embeddable":true,"href":"https:\/\/www.fabregat-perulles-sales.com\/actualidad\/wp-json\/wp\/v2\/comments?post=2563"}],"version-history":[{"count":4,"href":"https:\/\/www.fabregat-perulles-sales.com\/actualidad\/wp-json\/wp\/v2\/posts\/2563\/revisions"}],"predecessor-version":[{"id":2568,"href":"https:\/\/www.fabregat-perulles-sales.com\/actualidad\/wp-json\/wp\/v2\/posts\/2563\/revisions\/2568"}],"wp:attachment":[{"href":"https:\/\/www.fabregat-perulles-sales.com\/actualidad\/wp-json\/wp\/v2\/media?parent=2563"}],"wp:term":[{"taxonomy":"category","embeddable":true,"href":"https:\/\/www.fabregat-perulles-sales.com\/actualidad\/wp-json\/wp\/v2\/categories?post=2563"},{"taxonomy":"post_tag","embeddable":true,"href":"https:\/\/www.fabregat-perulles-sales.com\/actualidad\/wp-json\/wp\/v2\/tags?post=2563"}],"curies":[{"name":"wp","href":"https:\/\/api.w.org\/{rel}","templated":true}]}}