{"id":2451,"date":"2016-12-13T12:00:22","date_gmt":"2016-12-13T11:00:22","guid":{"rendered":"http:\/\/www.fabregat-perulles-sales.com\/actualidad\/?p=2451"},"modified":"2017-01-27T12:37:29","modified_gmt":"2017-01-27T11:37:29","slug":"registro-de-la-jornada-de-los-trabajadores-a-tiempo-parcial-y-tiempo-completo","status":"publish","type":"post","link":"https:\/\/www.fabregat-perulles-sales.com\/actualidad\/registro-de-la-jornada-de-los-trabajadores-a-tiempo-parcial-y-tiempo-completo\/","title":{"rendered":"Registro de la jornada de los trabajadores a tiempo parcial y tiempo completo"},"content":{"rendered":"<p>La aprobaci\u00f3n del <span style=\"text-decoration: underline;\">Real Decreto-ley 16\/2013, de 20 de diciembre<\/span>, de medidas para favorecer la contrataci\u00f3n estable y mejorar la empleabilidad de los trabajadores es de inter\u00e9s dado que marca un cambio relevante. Efectivamente, todas las empresas tienen la obligaci\u00f3n legal de llevar un <b>registro diario de la jornada de los trabajadores tanto a tiempo parcial como a tiempo completo. <\/b><\/p>\n<p>En efecto, la<b> Inspecci\u00f3n de Trabajo y de la Seguridad social<\/b>, en su plan de control actual, adem\u00e1s de estar requiriendo a las empresas inspeccionadas el registro de la jornada de los trabajadores a tiempo parcial, tambi\u00e9n exige el de los trabajadores a tiempo completo. En dicho registro debe de constar por una parte, la <b>hora de entrada y de salida<\/b> del trabajador y por otra parte, la <b>firma diaria<\/b> de \u00e9ste \u00faltimo. El registro de la jornada es un mecanismo de control de la realizaci\u00f3n de horas extraordinarias por los trabajadores y, por ende, de su correcta retribuci\u00f3n y cotizaci\u00f3n.<\/p>\n<p>Cabe precisar que antes de la aprobaci\u00f3n del mencionado Real Decreto-ley, el art\u00edculo 35.5 del Estatuto de los Trabajadores ya preve\u00eda la mencionada obligaci\u00f3n de registro de jornadas. Sin embargo, para los trabajadores a tiempo completo, si \u00e9stos no realizaban horas extraordinarias no se entend\u00eda como obligatorio llevar el registro diario de la jornada. Lo cierto es que hoy, la <b>interpretaci\u00f3n de la norma es m\u00e1s ampl\u00eda<\/b> y se ha de <b>cumplir con la obligaci\u00f3n de llevar un registro diario de la jornada de los trabajadores aun para los trabajadores a tiempo completo. <\/b><\/p>\n<p>Parece oportuno a\u00f1adir que ni el art\u00edculo 35.5 del estatuto ni el RD-Ley 16\/2013, de 20 de diciembre, establecen la <b>forma de llevar a cabo dicho registro<\/b>, y, hasta la fecha, no se ha elaborado un modelo normalizado u oficial por parte del Servicio P\u00fablico de Empleo. Pues es v\u00e1lido cualquier sistema o medio que permita registrar de modo permanente y objetivo la jornada de los trabajadores.<\/p>\n<p><i>\u00bfQu\u00e9 obligaciones tengo como empresa? <\/i><\/p>\n<p><!--more--><\/p>\n<p>Las empresas tienen tres obligaciones:<\/p>\n<p>1. la <b>obligaci\u00f3n de registrar d\u00eda a d\u00eda el n\u00famero de horas que realiza cada trabajador<\/b>, tanto si tiene un contrato a tiempo parcial como si tiene un contrato a tiempo completo, emitiendo documento en el que conste dicho registro y se totalice mensualmente.<\/p>\n<p>2. la <b>obligaci\u00f3n de entregar al trabajador, junto con su n\u00f3mina, una copia del c\u00f3mputo de horas realizadas en cada mes<\/b>, tanto las ordinarias como las complementarias.<\/p>\n<p>3. la de <b>conservar los res\u00famenes mensuales de los registros<\/b> de jornada durante un periodo <b>m\u00ednimo de cuatro a\u00f1os<\/b>.<\/p>\n<p>&nbsp;<\/p>\n<p><i>\u00bfQu\u00e9 horas deben de registrarse? <\/i><\/p>\n<p>Las <b>efectivamente realizadas<\/b> tanto <b>ordinarias<\/b> como<b> complementarias<\/b>.<\/p>\n<p>Cabe aportar una precisi\u00f3n a estos conceptos:<\/p>\n<p>&#8211;\u00a0\u00a0\u00a0\u00a0\u00a0\u00a0\u00a0\u00a0\u00a0 Las <b>horas complementarias<\/b> son horas <b>exclusivas de los contratos de trabajo a tiempo parcial indefinido<\/b>. Han de ser expresamente pactadas entre trabajador y empresario y no podr\u00e1n exceder el 30% de las horas ordinarias. Sin perjuicio del pacto de horas complementarias, en los contratos a tiempo parcial de duraci\u00f3n indefinida con una jornada de trabajo no inferior a diez horas semanales en c\u00f3mputo anual, el empresario podr\u00e1, en cualquier momento, ofrecer al trabajador la realizaci\u00f3n de horas complementarias de aceptaci\u00f3n voluntaria, cuyo n\u00famero no podr\u00e1 superar el 15%.Ambos porcentajes pueden ser mejorados por convenio colectivo.<\/p>\n<p>&#8211;\u00a0\u00a0\u00a0\u00a0\u00a0\u00a0\u00a0\u00a0\u00a0 Las <b>horas extraordinarias<\/b> son horas que pueden realizarse en todo tipo de contrato. Adem\u00e1s, son <b>aquellas horas de trabajo que se realicen sobre la duraci\u00f3n m\u00e1xima de la jornada ordinaria de trabajo<\/b>. La realizaci\u00f3n de dichas horas es <b>voluntaria<\/b>, salvo que su realizaci\u00f3n se haya pactado en convenio colectivo o contrato individual de trabajo. En ning\u00fan caso, el n\u00famero de horas extraordinarias <b>no podr\u00e1 ser superior a ochenta al a\u00f1o<\/b>.<\/p>\n<p><i>\u00bfPuedo ser sancionada como empresa? <\/i><\/p>\n<p>Si la Inspecci\u00f3n de Trabajo y de la Seguridad Social comprueba que hay un incumplimiento por parte de la empresa, \u00e9sta puede ser sancionada de la siguiente manera:<\/p>\n<table border=\"1\" cellspacing=\"0\" cellpadding=\"0\">\n<tbody>\n<tr>\n<td valign=\"top\" width=\"288\">Si el contrato es a tiempo parcial<\/td>\n<td valign=\"top\" width=\"288\">1. El <b>trabajador contratado a tiempo parcial se presumir\u00e1 contratado a jornada completa<\/b>.<\/p>\n<p>&nbsp;<\/p>\n<p>2. Cuando el contrato se presuma celebrado a jornada completo como consecuencia de la ausencia del registro y no quede acreditado el pago de los salarios correspondientes a dicha jornada, el <b>trabajador podr\u00e1 reclamar a la empresa el abono de las diferencias salariales que correspondiesen siempre uy cuando no haya pasado el plazo de prescripci\u00f3n de un a\u00f1o y de cuatro a\u00f1os en el caso de diferencias en las cotizaciones<\/b>.<\/p>\n<p>&nbsp;<\/p>\n<p>&nbsp;<\/td>\n<\/tr>\n<tr>\n<td valign=\"top\" width=\"288\">Si se comprueba el caso de incumplimiento de jornada<\/p>\n<p>&nbsp;<\/td>\n<td valign=\"top\" width=\"288\"><b>Multa a partir de los 625 euros con un grado m\u00e1ximo de 6.250 euros. <\/b><\/td>\n<\/tr>\n<tr>\n<td valign=\"top\" width=\"288\">Si el incumplimiento se debiera a cuestiones formales o documentales<\/p>\n<p>&nbsp;<\/td>\n<td valign=\"top\" width=\"288\"><b>Multa de entre 60 y 325 euros<\/b> por una <b>infracci\u00f3n administrativa considerada leve<\/b><\/p>\n<p>(art\u00edculo 6.6 de la LISOS)<\/p>\n<p>&nbsp;<\/td>\n<\/tr>\n<\/tbody>\n<\/table>\n<p>&nbsp;<\/p>\n<p>Cabe a\u00f1adir que las sanciones se contabilizan por <b>a\u00f1o natural<\/b> y por <b>centro de trabajo<\/b>.<\/p>\n\r\n\t\t<style>\r\n\t\t\t.huge-it-share-buttons {\r\n\t\t\t\tborder:0px solid #0FB5D6;\r\n\t\t\t\tborder-radius:5px;\r\n\t\t\t\tbackground:#3BD8FF;\r\n\t\t\t text-align:left; \t\t\t\t\t\t\t\t\t}\r\n\r\n\t\t\t#huge-it-share-buttons-top {margin-bottom:0px;}\r\n\t\t\t#huge-it-share-buttons-bottom {margin-top:0px;}\r\n\r\n\t\t\t.huge-it-share-buttons h3 {\r\n\t\t\t\tfont-size:25px ;\r\n\t\t\t\tfont-family:Arial,Helvetica Neue,Helvetica,sans-serif;\r\n\t\t\t\tcolor:#666666;\r\n\r\n\t\t\tdisplay:block;\t\t\t\tline-height:25px ;\r\n\r\n\t\t\t text-align:left; \t\t\t\t\t\t\t\t\t}\r\n\r\n\t\t\t.huge-it-share-buttons ul {\r\n\t\t\t float:left; \t\t\t\t\t\t\t\t\t}\r\n\r\n\t\t\t.huge-it-share-buttons ul li {\r\n\t\t\t\tmargin-left:3px;\r\n\t\t\t\tmargin-right:3px;\r\n\t\t\t\tpadding:0px;\r\n\t\t\t\tborder:0px ridge #E6354C;\r\n\t\t\t\tborder-radius:11px;\r\n\t\t\t\tbackground-color:#14CC9B;\r\n\t\t\t}\r\n\r\n\t\t\t.huge-it-share-buttons ul li #backforunical2451 {\r\n\t\t\t\tborder-bottom: 0;\r\n\t\t\t\tbackground-image:url('https:\/\/www.fabregat-perulles-sales.com\/actualidad\/wp-content\/plugins\/wp-share-buttons\/Front_end\/..\/images\/buttons.30.png');\r\n\t\t\t\twidth:30px;\r\n\t\t\t\theight:30px;\r\n\t\t\t}\r\n\r\n\t\t\t.front-shares-count {\r\n\t\t\t\tposition: absolute;\r\n\t\t\t\ttext-align: center;\r\n\t\t\t\tdisplay: block;\r\n\t\t\t}\r\n\r\n\t\t\t.shares_size20 .front-shares-count {\r\n\t\t\t\tfont-size: 10px;\r\n\t\t\t\ttop: 10px;\r\n\t\t\t\twidth: 20px;\r\n\t\t\t}\r\n\r\n\t\t\t.shares_size30 .front-shares-count {\r\n\t\t\t\tfont-size: 11px;\r\n\t\t\t\ttop: 15px;\r\n\t\t\t\twidth: 30px;\r\n\t\t\t}\r\n\r\n\t\t\t.shares_size40 .front-shares-count {\r\n\t\t\t\tfont-size: 12px;\r\n\t\t\t\ttop: 21px;\r\n\t\t\t\twidth: 40px;\r\n\t\t\t}\r\n\t\t<\/style>\r\n\t\t\r\n\t\t<div id=\"huge-it-share-buttons-top\" class=\"huge-it-share-buttons nobackground\">\r\n\t\t\t<h3>Share This:<\/h3>\r\n\t\t\t<ul class=\"huge-it-share-buttons-list \">\r\n\t\t\t\t\t\t\t\t\t<li class=\"nobackground \" >\r\n\r\n\t\t\t\t\t\t\t\t\t\t\t\t<a id=\"backforunical2451\" href=\"https:\/\/www.facebook.com\/sharer\/sharer.php?u=www.fabregat-perulles-sales.com\/actualidad\/wp-json\/wp\/v2\/posts\/2451\"  onclick=\"javascript:void window.open('https:\/\/www.facebook.com\/sharer\/sharer.php?u=www.fabregat-perulles-sales.com\/actualidad\/wp-json\/wp\/v2\/posts\/2451','1410949501326','width=700,height=500,toolbar=0,menubar=0,location=0,status=1,scrollbars=1,resizable=1,left=0,top=0');return false;\" style=\"background-position: -0px -120px \"><\/a>\r\n\t\t\t\t\t<\/li>\r\n\t\t\t\t\t\t\t\t\t\t<li class=\"nobackground \" >\r\n\r\n\t\t\t\t\t\t\t\t\t\t\t\t<a id=\"backforunical2451\" href=\"https:\/\/twitter.com\/share?status=www.fabregat-perulles-sales.com\/actualidad\/wp-json\/wp\/v2\/posts\/2451&text=Registro de la jornada de los trabajadores a tiempo parcial y tiempo completo\"  onclick=\"javascript:void window.open('https:\/\/twitter.com\/share?status=www.fabregat-perulles-sales.com\/actualidad\/wp-json\/wp\/v2\/posts\/2451&text=Registro de la jornada de los trabajadores a tiempo parcial y tiempo completo','1410949501326','width=700,height=500,toolbar=0,menubar=0,location=0,status=1,scrollbars=1,resizable=1,left=0,top=0');return false;\" style=\"background-position: -30px -120px \"><\/a>\r\n\t\t\t\t\t<\/li>\r\n\t\t\t\t\t\t\t\t\t\t<li class=\"none nobackground \" >\r\n\r\n\t\t\t\t\t\t\t\t\t\t\t\t<a id=\"backforunical2451\" href=\"http:\/\/www.pinterest.com\/pin\/create\/button\/?url=www.fabregat-perulles-sales.com\/actualidad\/wp-json\/wp\/v2\/posts\/2451&media=https:\/\/www.fabregat-perulles-sales.com\/actualidad\/wp-content\/plugins\/wp-share-buttons\/Front_end\/..\/images\/noimage.png&description=Registro de la jornada de los trabajadores a tiempo parcial y tiempo completo\"  onclick=\"javascript:void window.open('http:\/\/www.pinterest.com\/pin\/create\/button\/?url=www.fabregat-perulles-sales.com\/actualidad\/wp-json\/wp\/v2\/posts\/2451&media=https:\/\/www.fabregat-perulles-sales.com\/actualidad\/wp-content\/plugins\/wp-share-buttons\/Front_end\/..\/images\/noimage.png&description=Registro de la jornada de los trabajadores a tiempo parcial y tiempo completo','1410949501326','width=700,height=500,toolbar=0,menubar=0,location=0,status=1,scrollbars=1,resizable=1,left=0,top=0');return false;\" style=\"background-position: -60px -120px \"><\/a>\r\n\t\t\t\t\t<\/li>\r\n\t\t\t\t\t\t\t\t\t\t<li class=\"none nobackground \" >\r\n\r\n\t\t\t\t\t\t\t\t\t\t\t\t<a id=\"backforunical2451\" href=\"https:\/\/plus.google.com\/share?url=www.fabregat-perulles-sales.com\/actualidad\/wp-json\/wp\/v2\/posts\/2451\"  onclick=\"javascript:void window.open('https:\/\/plus.google.com\/share?url=www.fabregat-perulles-sales.com\/actualidad\/wp-json\/wp\/v2\/posts\/2451','1410949501326','width=700,height=500,toolbar=0,menubar=0,location=0,status=1,scrollbars=1,resizable=1,left=0,top=0');return false;\" style=\"background-position: -90px -120px \"><\/a>\r\n\t\t\t\t\t<\/li>\r\n\t\t\t\t\t\t\t\t\t\t<li class=\"nobackground \" >\r\n\r\n\t\t\t\t\t\t\t\t\t\t\t\t<a id=\"backforunical2451\" href=\"https:\/\/www.linkedin.com\/shareArticle?title=Registro de la jornada de los trabajadores a tiempo parcial y tiempo completo&mini=true&url=https:\/\/www.fabregat-perulles-sales.com\/actualidad\/wp-json\/wp\/v2\/posts\/2451\"  onclick=\"javascript:void window.open('https:\/\/www.linkedin.com\/shareArticle?title=Registro de la jornada de los trabajadores a tiempo parcial y tiempo completo&mini=true&url=https:\/\/www.fabregat-perulles-sales.com\/actualidad\/wp-json\/wp\/v2\/posts\/2451','1410949501326','width=700,height=500,toolbar=0,menubar=0,location=0,status=1,scrollbars=1,resizable=1,left=0,top=0');return false;\" style=\"background-position: -120px -120px \"><\/a>\r\n\t\t\t\t\t<\/li>\r\n\t\t\t\t\t\t\t\t\t\t<li class=\"none nobackground \" >\r\n\r\n\t\t\t\t\t\t\t\t\t\t\t\t<a id=\"backforunical2451\" href=\"https:\/\/www.tumblr.com\/share\/link?url=www.fabregat-perulles-sales.com\/actualidad\/wp-json\/wp\/v2\/posts\/2451&name=Registro de la jornada de los trabajadores a tiempo parcial y tiempo completo\"  onclick=\"javascript:void window.open('https:\/\/www.tumblr.com\/share\/link?url=www.fabregat-perulles-sales.com\/actualidad\/wp-json\/wp\/v2\/posts\/2451&name=Registro de la jornada de los trabajadores a tiempo parcial y tiempo completo','1410949501326','width=700,height=500,toolbar=0,menubar=0,location=0,status=1,scrollbars=1,resizable=1,left=0,top=0');return false;\" style=\"background-position: -150px -120px \"><\/a>\r\n\t\t\t\t\t<\/li>\r\n\t\t\t\t\t\t\t\t\t\t<li class=\"none nobackground \" >\r\n\r\n\t\t\t\t\t\t\t\t\t\t\t\t<a id=\"backforunical2451\" href=\"http:\/\/digg.com\/submit?phase=2&url=www.fabregat-perulles-sales.com\/actualidad\/wp-json\/wp\/v2\/posts\/2451&title=Registro de la jornada de los trabajadores a tiempo parcial y tiempo completo\"  onclick=\"javascript:void window.open('http:\/\/digg.com\/submit?phase=2&url=www.fabregat-perulles-sales.com\/actualidad\/wp-json\/wp\/v2\/posts\/2451&title=Registro de la jornada de los trabajadores a tiempo parcial y tiempo completo','1410949501326','width=700,height=500,toolbar=0,menubar=0,location=0,status=1,scrollbars=1,resizable=1,left=0,top=0');return false;\" style=\"background-position: -180px -120px \"><\/a>\r\n\t\t\t\t\t<\/li>\r\n\t\t\t\t\t\t\t\t\t\t<li class=\"none nobackground \" >\r\n\r\n\t\t\t\t\t\t\t\t\t\t\t\t<a id=\"backforunical2451\" href=\"http:\/\/www.stumbleupon.com\/submit?url=www.fabregat-perulles-sales.com\/actualidad\/wp-json\/wp\/v2\/posts\/2451&title=Registro de la jornada de los trabajadores a tiempo parcial y tiempo completo\"  onclick=\"javascript:void window.open('http:\/\/www.stumbleupon.com\/submit?url=www.fabregat-perulles-sales.com\/actualidad\/wp-json\/wp\/v2\/posts\/2451&title=Registro de la jornada de los trabajadores a tiempo parcial y tiempo completo','1410949501326','width=700,height=500,toolbar=0,menubar=0,location=0,status=1,scrollbars=1,resizable=1,left=0,top=0');return false;\" style=\"background-position: -210px -120px \"><\/a>\r\n\t\t\t\t\t<\/li>\r\n\t\t\t\t\t\t\t\t\t\t<li class=\"none nobackground \" >\r\n\r\n\t\t\t\t\t\t\t\t\t\t\t\t<a id=\"backforunical2451\" href=\"https:\/\/myspace.com\/post?l=3&u=www.fabregat-perulles-sales.com\/actualidad\/wp-json\/wp\/v2\/posts\/2451\"  onclick=\"javascript:void window.open('https:\/\/myspace.com\/post?l=3&u=www.fabregat-perulles-sales.com\/actualidad\/wp-json\/wp\/v2\/posts\/2451','1410949501326','width=700,height=500,toolbar=0,menubar=0,location=0,status=1,scrollbars=1,resizable=1,left=0,top=0');return false;\" style=\"background-position: -240px -120px \"><\/a>\r\n\t\t\t\t\t<\/li>\r\n\t\t\t\t\t\t\t\t\t\t<li class=\"nobackground \" >\r\n\r\n\t\t\t\t\t\t\t\t\t\t\t\t<a id=\"backforunical2451\" href=\"http:\/\/vk.com\/share.php?url=www.fabregat-perulles-sales.com\/actualidad\/wp-json\/wp\/v2\/posts\/2451&title=Registro de la jornada de los trabajadores a tiempo parcial y tiempo completo\"  onclick=\"javascript:void window.open('http:\/\/vk.com\/share.php?url=www.fabregat-perulles-sales.com\/actualidad\/wp-json\/wp\/v2\/posts\/2451&title=Registro de la jornada de los trabajadores a tiempo parcial y tiempo completo','1410949501326','width=700,height=500,toolbar=0,menubar=0,location=0,status=1,scrollbars=1,resizable=1,left=0,top=0');return false;\" style=\"background-position: -270px -120px \"><\/a>\r\n\t\t\t\t\t<\/li>\r\n\t\t\t\t\t\t\t\t\t\t<li class=\"none nobackground \" >\r\n\r\n\t\t\t\t\t\t\t\t\t\t\t\t<a id=\"backforunical2451\" href=\"http:\/\/www.reddit.com\/submit?url=www.fabregat-perulles-sales.com\/actualidad\/wp-json\/wp\/v2\/posts\/2451&title=Registro de la jornada de los trabajadores a tiempo parcial y tiempo completo\"  onclick=\"javascript:void window.open('http:\/\/www.reddit.com\/submit?url=www.fabregat-perulles-sales.com\/actualidad\/wp-json\/wp\/v2\/posts\/2451&title=Registro de la jornada de los trabajadores a tiempo parcial y tiempo completo','1410949501326','width=700,height=500,toolbar=0,menubar=0,location=0,status=1,scrollbars=1,resizable=1,left=0,top=0');return false;\" style=\"background-position: -300px -120px \"><\/a>\r\n\t\t\t\t\t<\/li>\r\n\t\t\t\t\t\t\t\t\t\t<li class=\"none nobackground \" >\r\n\r\n\t\t\t\t\t\t\t\t\t\t\t\t<a id=\"backforunical2451\" href=\"http:\/\/www.bebo.com\/c\/share?Url=www.fabregat-perulles-sales.com\/actualidad\/wp-json\/wp\/v2\/posts\/2451\"  onclick=\"javascript:void window.open('http:\/\/www.bebo.com\/c\/share?Url=www.fabregat-perulles-sales.com\/actualidad\/wp-json\/wp\/v2\/posts\/2451','1410949501326','width=700,height=500,toolbar=0,menubar=0,location=0,status=1,scrollbars=1,resizable=1,left=0,top=0');return false;\" style=\"background-position: -330px -120px \"><\/a>\r\n\t\t\t\t\t<\/li>\r\n\t\t\t\t\t\t\t\t\t\t<li class=\"none nobackground \" >\r\n\r\n\t\t\t\t\t\t\t\t\t\t\t\t<a id=\"backforunical2451\" href=\"https:\/\/delicious.com\/save?v=5&noui&jump=close&url=www.fabregat-perulles-sales.com\/actualidad\/wp-json\/wp\/v2\/posts\/2451&title=Registro de la jornada de los trabajadores a tiempo parcial y tiempo completo\"  onclick=\"javascript:void window.open('https:\/\/delicious.com\/save?v=5&noui&jump=close&url=www.fabregat-perulles-sales.com\/actualidad\/wp-json\/wp\/v2\/posts\/2451&title=Registro de la jornada de los trabajadores a tiempo parcial y tiempo completo','1410949501326','width=700,height=500,toolbar=0,menubar=0,location=0,status=1,scrollbars=1,resizable=1,left=0,top=0');return false;\" style=\"background-position: -360px -120px \"><\/a>\r\n\t\t\t\t\t<\/li>\r\n\t\t\t\t\t\t\t\t\t\t<li class=\"none nobackground \" >\r\n\r\n\t\t\t\t\t\t\t\t\t\t\t\t<a id=\"backforunical2451\" href=\"http:\/\/www.odnoklassniki.ru\/dk?st.cmd=addShare&st.s=2&st.noresize=on&st._surl=www.fabregat-perulles-sales.com\/actualidad\/wp-json\/wp\/v2\/posts\/2451\"  onclick=\"javascript:void window.open('http:\/\/www.odnoklassniki.ru\/dk?st.cmd=addShare&st.s=2&st.noresize=on&st._surl=www.fabregat-perulles-sales.com\/actualidad\/wp-json\/wp\/v2\/posts\/2451','1410949501326','width=700,height=500,toolbar=0,menubar=0,location=0,status=1,scrollbars=1,resizable=1,left=0,top=0');return false;\" style=\"background-position: -390px -120px \"><\/a>\r\n\t\t\t\t\t<\/li>\r\n\t\t\t\t\t\t\t\t\t\t<li class=\"none nobackground \" >\r\n\r\n\t\t\t\t\t\t\t\t\t\t\t\t<a id=\"backforunical2451\" href=\"http:\/\/sns.qzone.qq.com\/cgi-bin\/qzshare\/cgi_qzshare_onekey?url=www.fabregat-perulles-sales.com\/actualidad\/wp-json\/wp\/v2\/posts\/2451&title=Registro de la jornada de los trabajadores a tiempo parcial y tiempo completo\"  onclick=\"javascript:void window.open('http:\/\/sns.qzone.qq.com\/cgi-bin\/qzshare\/cgi_qzshare_onekey?url=www.fabregat-perulles-sales.com\/actualidad\/wp-json\/wp\/v2\/posts\/2451&title=Registro de la jornada de los trabajadores a tiempo parcial y tiempo completo','1410949501326','width=700,height=500,toolbar=0,menubar=0,location=0,status=1,scrollbars=1,resizable=1,left=0,top=0');return false;\" style=\"background-position: -420px -120px \"><\/a>\r\n\t\t\t\t\t<\/li>\r\n\t\t\t\t\t\t\t\t\t\t<li class=\"none nobackground \" >\r\n\r\n\t\t\t\t\t\t\t\t\t\t\t\t<a id=\"backforunical2451\" href=\"http:\/\/service.weibo.com\/share\/share.php?url=www.fabregat-perulles-sales.com\/actualidad\/wp-json\/wp\/v2\/posts\/2451&appkey=&title=Registro de la jornada de los trabajadores a tiempo parcial y tiempo completo&pic=&ralateUid=&\"  onclick=\"javascript:void window.open('http:\/\/service.weibo.com\/share\/share.php?url=www.fabregat-perulles-sales.com\/actualidad\/wp-json\/wp\/v2\/posts\/2451&appkey=&title=Registro de la jornada de los trabajadores a tiempo parcial y tiempo completo&pic=&ralateUid=&','1410949501326','width=700,height=500,toolbar=0,menubar=0,location=0,status=1,scrollbars=1,resizable=1,left=0,top=0');return false;\" style=\"background-position: -450px -120px \"><\/a>\r\n\t\t\t\t\t<\/li>\r\n\t\t\t\t\t\t\t\t\t\t<li class=\"none nobackground \" >\r\n\r\n\t\t\t\t\t\t\t\t\t\t\t\t<a id=\"backforunical2451\" href=\"http:\/\/widget.renren.com\/dialog\/share?resourceUrl=www.fabregat-perulles-sales.com\/actualidad\/wp-json\/wp\/v2\/posts\/2451&srcUrl=www.fabregat-perulles-sales.com\/actualidad\/wp-json\/wp\/v2\/posts\/2451&title=Registro de la jornada de los trabajadores a tiempo parcial y tiempo completo\"  onclick=\"javascript:void window.open('http:\/\/widget.renren.com\/dialog\/share?resourceUrl=www.fabregat-perulles-sales.com\/actualidad\/wp-json\/wp\/v2\/posts\/2451&srcUrl=www.fabregat-perulles-sales.com\/actualidad\/wp-json\/wp\/v2\/posts\/2451&title=Registro de la jornada de los trabajadores a tiempo parcial y tiempo completo','1410949501326','width=700,height=500,toolbar=0,menubar=0,location=0,status=1,scrollbars=1,resizable=1,left=0,top=0');return false;\" style=\"background-position: -480px -120px \"><\/a>\r\n\t\t\t\t\t<\/li>\r\n\t\t\t\t\t\t\t\t\t\t<li class=\"none nobackground \" >\r\n\r\n\t\t\t\t\t\t\t\t\t\t\t\t<a id=\"backforunical2451\" href=\"http:\/\/n4g.com\/tips?url=www.fabregat-perulles-sales.com\/actualidad\/wp-json\/wp\/v2\/posts\/2451&title=Registro de la jornada de los trabajadores a tiempo parcial y tiempo completo\"  onclick=\"javascript:void window.open('http:\/\/n4g.com\/tips?url=www.fabregat-perulles-sales.com\/actualidad\/wp-json\/wp\/v2\/posts\/2451&title=Registro de la jornada de los trabajadores a tiempo parcial y tiempo completo','1410949501326','width=700,height=500,toolbar=0,menubar=0,location=0,status=1,scrollbars=1,resizable=1,left=0,top=0');return false;\" style=\"background-position: -510px -120px \"><\/a>\r\n\t\t\t\t\t<\/li>\r\n\t\t\t\t\t\t\t\t<\/ul>\r\n\t\t\t<div class=\"clear\"><\/div>\r\n\t\t<\/div>\r\n\t\t","protected":false},"excerpt":{"rendered":"<p>La aprobaci\u00f3n del Real Decreto-ley 16\/2013, de 20 de diciembre, de medidas para favorecer la contrataci\u00f3n estable y mejorar la empleabilidad de los trabajadores es de inter\u00e9s dado que marca un cambio relevante. Efectivamente, todas las empresas tienen la obligaci\u00f3n legal de llevar un registro diario de la jornada de los trabajadores tanto a tiempo\u2026 <span class=\"read-more\"><a href=\"https:\/\/www.fabregat-perulles-sales.com\/actualidad\/registro-de-la-jornada-de-los-trabajadores-a-tiempo-parcial-y-tiempo-completo\/\">Read More &raquo;<\/a><\/span><\/p>\n","protected":false},"author":1,"featured_media":0,"comment_status":"open","ping_status":"closed","sticky":false,"template":"","format":"standard","meta":[],"categories":[466,230],"tags":[782,783,784],"yoast_head":"<!-- This site is optimized with the Yoast SEO plugin v20.2.1 - https:\/\/yoast.com\/wordpress\/plugins\/seo\/ -->\n<title>Registro jornada trabajadores<\/title>\n<meta name=\"description\" content=\"Medidas para favorecer la contrataci\u00f3n estable y mejorar la empleabilidad de los trabajadores es de inter\u00e9s dado que marca un cambio relevante.\" \/>\n<meta name=\"robots\" content=\"index, follow, max-snippet:-1, max-image-preview:large, max-video-preview:-1\" \/>\n<link rel=\"canonical\" href=\"https:\/\/www.fabregat-perulles-sales.com\/actualidad\/registro-de-la-jornada-de-los-trabajadores-a-tiempo-parcial-y-tiempo-completo\/\" \/>\n<meta property=\"og:locale\" content=\"en_US\" \/>\n<meta property=\"og:type\" content=\"article\" \/>\n<meta property=\"og:title\" content=\"Registro jornada trabajadores\" \/>\n<meta property=\"og:description\" content=\"Medidas para favorecer la contrataci\u00f3n estable y mejorar la empleabilidad de los trabajadores es de inter\u00e9s dado que marca un cambio relevante.\" \/>\n<meta property=\"og:url\" content=\"https:\/\/www.fabregat-perulles-sales.com\/actualidad\/registro-de-la-jornada-de-los-trabajadores-a-tiempo-parcial-y-tiempo-completo\/\" \/>\n<meta property=\"og:site_name\" content=\"International Lawyers\" \/>\n<meta property=\"article:published_time\" content=\"2016-12-13T11:00:22+00:00\" \/>\n<meta property=\"article:modified_time\" content=\"2017-01-27T11:37:29+00:00\" \/>\n<meta name=\"author\" content=\"admin\" \/>\n<meta name=\"twitter:card\" content=\"summary_large_image\" \/>\n<meta name=\"twitter:label1\" content=\"Written by\" \/>\n\t<meta name=\"twitter:data1\" content=\"admin\" \/>\n\t<meta name=\"twitter:label2\" content=\"Est. reading time\" \/>\n\t<meta name=\"twitter:data2\" content=\"4 minutes\" \/>\n<script type=\"application\/ld+json\" class=\"yoast-schema-graph\">{\"@context\":\"https:\/\/schema.org\",\"@graph\":[{\"@type\":\"WebPage\",\"@id\":\"https:\/\/www.fabregat-perulles-sales.com\/actualidad\/registro-de-la-jornada-de-los-trabajadores-a-tiempo-parcial-y-tiempo-completo\/\",\"url\":\"https:\/\/www.fabregat-perulles-sales.com\/actualidad\/registro-de-la-jornada-de-los-trabajadores-a-tiempo-parcial-y-tiempo-completo\/\",\"name\":\"Registro jornada trabajadores\",\"isPartOf\":{\"@id\":\"https:\/\/www.fabregat-perulles-sales.com\/actualidad\/#website\"},\"datePublished\":\"2016-12-13T11:00:22+00:00\",\"dateModified\":\"2017-01-27T11:37:29+00:00\",\"author\":{\"@id\":\"https:\/\/www.fabregat-perulles-sales.com\/actualidad\/#\/schema\/person\/b2d31a491075b263a315d2b3eead36c6\"},\"description\":\"Medidas para favorecer la contrataci\u00f3n estable y mejorar la empleabilidad de los trabajadores es de inter\u00e9s dado que marca un cambio relevante.\",\"breadcrumb\":{\"@id\":\"https:\/\/www.fabregat-perulles-sales.com\/actualidad\/registro-de-la-jornada-de-los-trabajadores-a-tiempo-parcial-y-tiempo-completo\/#breadcrumb\"},\"inLanguage\":\"en-US\",\"potentialAction\":[{\"@type\":\"ReadAction\",\"target\":[\"https:\/\/www.fabregat-perulles-sales.com\/actualidad\/registro-de-la-jornada-de-los-trabajadores-a-tiempo-parcial-y-tiempo-completo\/\"]}]},{\"@type\":\"BreadcrumbList\",\"@id\":\"https:\/\/www.fabregat-perulles-sales.com\/actualidad\/registro-de-la-jornada-de-los-trabajadores-a-tiempo-parcial-y-tiempo-completo\/#breadcrumb\",\"itemListElement\":[{\"@type\":\"ListItem\",\"position\":1,\"name\":\"Home\",\"item\":\"https:\/\/www.fabregat-perulles-sales.com\/actualidad\/\"},{\"@type\":\"ListItem\",\"position\":2,\"name\":\"Registro de la jornada de los trabajadores a tiempo parcial y tiempo completo\"}]},{\"@type\":\"WebSite\",\"@id\":\"https:\/\/www.fabregat-perulles-sales.com\/actualidad\/#website\",\"url\":\"https:\/\/www.fabregat-perulles-sales.com\/actualidad\/\",\"name\":\"www.fabregat-perulles-sales.com\",\"description\":\"Fabregat Perulles Sales Abogados is a law firm of reference international market in the Spanish-German, Spanish-French, and Spanish-Italian. Is one of the first firms in Barcelona offering a Russian Desk.\",\"potentialAction\":[{\"@type\":\"SearchAction\",\"target\":{\"@type\":\"EntryPoint\",\"urlTemplate\":\"https:\/\/www.fabregat-perulles-sales.com\/actualidad\/?s={search_term_string}\"},\"query-input\":\"required name=search_term_string\"}],\"inLanguage\":\"en-US\"},{\"@type\":\"Person\",\"@id\":\"https:\/\/www.fabregat-perulles-sales.com\/actualidad\/#\/schema\/person\/b2d31a491075b263a315d2b3eead36c6\",\"name\":\"admin\",\"image\":{\"@type\":\"ImageObject\",\"inLanguage\":\"en-US\",\"@id\":\"https:\/\/www.fabregat-perulles-sales.com\/actualidad\/#\/schema\/person\/image\/\",\"url\":\"https:\/\/secure.gravatar.com\/avatar\/c673997f99831703079a8144168e315a?s=96&d=mm&r=g\",\"contentUrl\":\"https:\/\/secure.gravatar.com\/avatar\/c673997f99831703079a8144168e315a?s=96&d=mm&r=g\",\"caption\":\"admin\"},\"url\":\"https:\/\/www.fabregat-perulles-sales.com\/actualidad\/author\/admin\/\"}]}<\/script>\n<!-- \/ Yoast SEO plugin. -->","yoast_head_json":{"title":"Registro jornada trabajadores","description":"Medidas para favorecer la contrataci\u00f3n estable y mejorar la empleabilidad de los trabajadores es de inter\u00e9s dado que marca un cambio relevante.","robots":{"index":"index","follow":"follow","max-snippet":"max-snippet:-1","max-image-preview":"max-image-preview:large","max-video-preview":"max-video-preview:-1"},"canonical":"https:\/\/www.fabregat-perulles-sales.com\/actualidad\/registro-de-la-jornada-de-los-trabajadores-a-tiempo-parcial-y-tiempo-completo\/","og_locale":"en_US","og_type":"article","og_title":"Registro jornada trabajadores","og_description":"Medidas para favorecer la contrataci\u00f3n estable y mejorar la empleabilidad de los trabajadores es de inter\u00e9s dado que marca un cambio relevante.","og_url":"https:\/\/www.fabregat-perulles-sales.com\/actualidad\/registro-de-la-jornada-de-los-trabajadores-a-tiempo-parcial-y-tiempo-completo\/","og_site_name":"International Lawyers","article_published_time":"2016-12-13T11:00:22+00:00","article_modified_time":"2017-01-27T11:37:29+00:00","author":"admin","twitter_card":"summary_large_image","twitter_misc":{"Written by":"admin","Est. reading time":"4 minutes"},"schema":{"@context":"https:\/\/schema.org","@graph":[{"@type":"WebPage","@id":"https:\/\/www.fabregat-perulles-sales.com\/actualidad\/registro-de-la-jornada-de-los-trabajadores-a-tiempo-parcial-y-tiempo-completo\/","url":"https:\/\/www.fabregat-perulles-sales.com\/actualidad\/registro-de-la-jornada-de-los-trabajadores-a-tiempo-parcial-y-tiempo-completo\/","name":"Registro jornada trabajadores","isPartOf":{"@id":"https:\/\/www.fabregat-perulles-sales.com\/actualidad\/#website"},"datePublished":"2016-12-13T11:00:22+00:00","dateModified":"2017-01-27T11:37:29+00:00","author":{"@id":"https:\/\/www.fabregat-perulles-sales.com\/actualidad\/#\/schema\/person\/b2d31a491075b263a315d2b3eead36c6"},"description":"Medidas para favorecer la contrataci\u00f3n estable y mejorar la empleabilidad de los trabajadores es de inter\u00e9s dado que marca un cambio relevante.","breadcrumb":{"@id":"https:\/\/www.fabregat-perulles-sales.com\/actualidad\/registro-de-la-jornada-de-los-trabajadores-a-tiempo-parcial-y-tiempo-completo\/#breadcrumb"},"inLanguage":"en-US","potentialAction":[{"@type":"ReadAction","target":["https:\/\/www.fabregat-perulles-sales.com\/actualidad\/registro-de-la-jornada-de-los-trabajadores-a-tiempo-parcial-y-tiempo-completo\/"]}]},{"@type":"BreadcrumbList","@id":"https:\/\/www.fabregat-perulles-sales.com\/actualidad\/registro-de-la-jornada-de-los-trabajadores-a-tiempo-parcial-y-tiempo-completo\/#breadcrumb","itemListElement":[{"@type":"ListItem","position":1,"name":"Home","item":"https:\/\/www.fabregat-perulles-sales.com\/actualidad\/"},{"@type":"ListItem","position":2,"name":"Registro de la jornada de los trabajadores a tiempo parcial y tiempo completo"}]},{"@type":"WebSite","@id":"https:\/\/www.fabregat-perulles-sales.com\/actualidad\/#website","url":"https:\/\/www.fabregat-perulles-sales.com\/actualidad\/","name":"www.fabregat-perulles-sales.com","description":"Fabregat Perulles Sales Abogados is a law firm of reference international market in the Spanish-German, Spanish-French, and Spanish-Italian. Is one of the first firms in Barcelona offering a Russian Desk.","potentialAction":[{"@type":"SearchAction","target":{"@type":"EntryPoint","urlTemplate":"https:\/\/www.fabregat-perulles-sales.com\/actualidad\/?s={search_term_string}"},"query-input":"required name=search_term_string"}],"inLanguage":"en-US"},{"@type":"Person","@id":"https:\/\/www.fabregat-perulles-sales.com\/actualidad\/#\/schema\/person\/b2d31a491075b263a315d2b3eead36c6","name":"admin","image":{"@type":"ImageObject","inLanguage":"en-US","@id":"https:\/\/www.fabregat-perulles-sales.com\/actualidad\/#\/schema\/person\/image\/","url":"https:\/\/secure.gravatar.com\/avatar\/c673997f99831703079a8144168e315a?s=96&d=mm&r=g","contentUrl":"https:\/\/secure.gravatar.com\/avatar\/c673997f99831703079a8144168e315a?s=96&d=mm&r=g","caption":"admin"},"url":"https:\/\/www.fabregat-perulles-sales.com\/actualidad\/author\/admin\/"}]}},"amp_enabled":true,"_links":{"self":[{"href":"https:\/\/www.fabregat-perulles-sales.com\/actualidad\/wp-json\/wp\/v2\/posts\/2451"}],"collection":[{"href":"https:\/\/www.fabregat-perulles-sales.com\/actualidad\/wp-json\/wp\/v2\/posts"}],"about":[{"href":"https:\/\/www.fabregat-perulles-sales.com\/actualidad\/wp-json\/wp\/v2\/types\/post"}],"author":[{"embeddable":true,"href":"https:\/\/www.fabregat-perulles-sales.com\/actualidad\/wp-json\/wp\/v2\/users\/1"}],"replies":[{"embeddable":true,"href":"https:\/\/www.fabregat-perulles-sales.com\/actualidad\/wp-json\/wp\/v2\/comments?post=2451"}],"version-history":[{"count":1,"href":"https:\/\/www.fabregat-perulles-sales.com\/actualidad\/wp-json\/wp\/v2\/posts\/2451\/revisions"}],"predecessor-version":[{"id":2452,"href":"https:\/\/www.fabregat-perulles-sales.com\/actualidad\/wp-json\/wp\/v2\/posts\/2451\/revisions\/2452"}],"wp:attachment":[{"href":"https:\/\/www.fabregat-perulles-sales.com\/actualidad\/wp-json\/wp\/v2\/media?parent=2451"}],"wp:term":[{"taxonomy":"category","embeddable":true,"href":"https:\/\/www.fabregat-perulles-sales.com\/actualidad\/wp-json\/wp\/v2\/categories?post=2451"},{"taxonomy":"post_tag","embeddable":true,"href":"https:\/\/www.fabregat-perulles-sales.com\/actualidad\/wp-json\/wp\/v2\/tags?post=2451"}],"curies":[{"name":"wp","href":"https:\/\/api.w.org\/{rel}","templated":true}]}}