{"id":2371,"date":"2016-09-07T17:32:56","date_gmt":"2016-09-07T16:32:56","guid":{"rendered":"http:\/\/www.fabregat-perulles-sales.com\/actualidad\/?p=2371"},"modified":"2016-09-07T17:32:56","modified_gmt":"2016-09-07T16:32:56","slug":"le-tribunal-constitutionnel-espagnol-declare-la-nullite-des-taxes-judiciaires","status":"publish","type":"post","link":"https:\/\/www.fabregat-perulles-sales.com\/actualidad\/le-tribunal-constitutionnel-espagnol-declare-la-nullite-des-taxes-judiciaires\/","title":{"rendered":"Le Tribunal Constitutionnel Espagnol d\u00e9clare la nullit\u00e9 des taxes judiciaires"},"content":{"rendered":"<p><a href=\"http:\/\/www.fabregat-perulles-sales.com\/actualidad\/wp-content\/uploads\/2016\/08\/mazo-juzgado-abogados-espanol.jpg\"><img decoding=\"async\" loading=\"lazy\" class=\"alignright size-medium wp-image-2349\" alt=\"tasas judiciales mazo juzgado\" src=\"http:\/\/www.fabregat-perulles-sales.com\/actualidad\/wp-content\/uploads\/2016\/08\/mazo-juzgado-abogados-espanol-300x225.jpg\" width=\"300\" height=\"225\" srcset=\"https:\/\/www.fabregat-perulles-sales.com\/actualidad\/wp-content\/uploads\/2016\/08\/mazo-juzgado-abogados-espanol-300x225.jpg 300w, https:\/\/www.fabregat-perulles-sales.com\/actualidad\/wp-content\/uploads\/2016\/08\/mazo-juzgado-abogados-espanol.jpg 960w\" sizes=\"(max-width: 300px) 100vw, 300px\" \/><\/a>Dans <span style=\"text-decoration: underline;\">l\u2019Arr\u00eat du 21\u00a0Juillet\u00a02016<\/span>, la Pl\u00e9ni\u00e8re du Tribunal Constitutionnel a d\u00e9clar\u00e9 inconstitutionnel les taxes judiciaires pr\u00e9vu dans l\u2019article 7\u00a0paragraphes\u00a01 et 2 de la <a title=\"nullit\u00e9 tases judiciaires\" href=\"http:\/\/noticias.juridicas.com\/base_datos\/Fiscal\/l10-2012.htmlhttp:\/\/\" target=\"_blank\"><span style=\"text-decoration: underline;\">Loi\u00a010\/2012, datant du 20 novembre<\/span><\/a>, r\u00e9gissant certaines taxes dans le domaine de l\u2019Administration de Justice et de l\u2019Institut National de Toxicologie et Science m\u00e9dico-l\u00e9gal.<\/p>\n<p>Les taxes, objet de r\u00e9solution du Tribunal, faisait uniquement r\u00e9f\u00e9rence \u00e0 celles exig\u00e9es aux personnes juridiques, puisque \u00e0 travers le <span style=\"text-decoration: underline;\">d\u00e9cret-loi royal 1\/2015<\/span> du 27 f\u00e9vrier, les <b>personnes\u00a0physiques\u00a0ont \u00e9t\u00e9\u00a0dispens\u00e9es\u00a0du paiement de ces derni\u00e8res<\/b>.<\/p>\n<p>D\u00e9j\u00e0 avant l\u2019entr\u00e9e en vigueur de la Loi\u00a010\/2012, les taxes judiciaires \u00e9t\u00e9 critiqu\u00e9 aussi bien dans le secteur politique que dans le secteur judiciaire, car elles \u00e9taient consid\u00e9r\u00e9es comme une atteinte au droit \u00e0 la protection juridictionnelle, garantie par l\u2019article 24 de la Constitution\u00a0Espagnol.<\/p>\n<p>La Loi, tr\u00e8s largement controvers\u00e9e, est n\u00e9e de deux objectifs :\u00a0d\u2019une part, elle devait en finir avec les recours abusifs et d\u2019autre part, elle devait assurer le financement mixte de la justice.<\/p>\n<p>Dans son Arr\u00eat, le Tribunal Constitutionnel a affirm\u00e9 que ces objectifs sont, en principe, l\u00e9gitimes. N\u00e9anmoins, la quantit\u00e9 de taxes judiciaires est disproportionn\u00e9e. Par cons\u00e9quent, les suivantes tasses judiciaires sont annul\u00e9es\u00a0:<\/p>\n<p><!--more--><\/p>\n<p>1) celle de 200 euros pour interposer le recours contentieux administratif abr\u00e9g\u00e9 et celle de 350 pour interposer le recours contentieux administratif ordinaire\u00a0;<\/p>\n<p>2) celle de 800 euros afin de promouvoir les recours en appel et \u00e9galement celle de 1.200 euros pour les recours en cassation et recours extraordinaires pour infraction proc\u00e9durale, dans l\u2019ordre civil\u00a0;<\/p>\n<p>3) celle de 800 euros pour le recours en appel et celle de 1.200 euros pour le recours en cassation quelles que soient ses modalit\u00e9s, dans l\u2019ordre contentieux-administratif\u00a0;<\/p>\n<p>4) ainsi que la nullit\u00e9 des taxes judiciaires de 500 euros des recours \u00a0en r\u00e9vision [\u00ab\u00a0<i>recurso de suplicaci\u00f3n<\/i>\u00a0\u00bb] et 750\u00a0 euros pour les recours en cassation quelles que soient ses modalit\u00e9s, les deux dans l\u2019ordre social.<\/p>\n<p>Aussi, le Tribunal Constitutionnel a d\u00e9clar\u00e9 l\u2019inconstitutionnalit\u00e9 des <b>quotas variables<\/b> dont le montant est le r\u00e9sultat de l\u2019application de la valeur \u00e9conomique du litige le taux d\u2019imposition qui correspond (cela correspond au 0,50% jusqu\u2019\u00e0 \u00a01.000.000 euros, et au 0,25, dans le reste des cas).<\/p>\n<p>Cependant, le Tribunal Constitutionnel a d\u00e9clar\u00e9 que l\u2019annulation des taxes uniques a des effets dans le cadre des proc\u00e9dures post\u00e9rieures \u00e0 sa d\u00e9cision. C\u2019est la raison pour laquelle, il ne sera possible de demander le remboursement\u00a0 des taxes d\u00e9j\u00e0 abonn\u00e9es.<\/p>\n\r\n\t\t<style>\r\n\t\t\t.huge-it-share-buttons {\r\n\t\t\t\tborder:0px solid #0FB5D6;\r\n\t\t\t\tborder-radius:5px;\r\n\t\t\t\tbackground:#3BD8FF;\r\n\t\t\t text-align:left; \t\t\t\t\t\t\t\t\t}\r\n\r\n\t\t\t#huge-it-share-buttons-top {margin-bottom:0px;}\r\n\t\t\t#huge-it-share-buttons-bottom {margin-top:0px;}\r\n\r\n\t\t\t.huge-it-share-buttons h3 {\r\n\t\t\t\tfont-size:25px ;\r\n\t\t\t\tfont-family:Arial,Helvetica Neue,Helvetica,sans-serif;\r\n\t\t\t\tcolor:#666666;\r\n\r\n\t\t\tdisplay:block;\t\t\t\tline-height:25px ;\r\n\r\n\t\t\t text-align:left; \t\t\t\t\t\t\t\t\t}\r\n\r\n\t\t\t.huge-it-share-buttons ul {\r\n\t\t\t float:left; \t\t\t\t\t\t\t\t\t}\r\n\r\n\t\t\t.huge-it-share-buttons ul li {\r\n\t\t\t\tmargin-left:3px;\r\n\t\t\t\tmargin-right:3px;\r\n\t\t\t\tpadding:0px;\r\n\t\t\t\tborder:0px ridge #E6354C;\r\n\t\t\t\tborder-radius:11px;\r\n\t\t\t\tbackground-color:#14CC9B;\r\n\t\t\t}\r\n\r\n\t\t\t.huge-it-share-buttons ul li #backforunical2371 {\r\n\t\t\t\tborder-bottom: 0;\r\n\t\t\t\tbackground-image:url('https:\/\/www.fabregat-perulles-sales.com\/actualidad\/wp-content\/plugins\/wp-share-buttons\/Front_end\/..\/images\/buttons.30.png');\r\n\t\t\t\twidth:30px;\r\n\t\t\t\theight:30px;\r\n\t\t\t}\r\n\r\n\t\t\t.front-shares-count {\r\n\t\t\t\tposition: absolute;\r\n\t\t\t\ttext-align: center;\r\n\t\t\t\tdisplay: block;\r\n\t\t\t}\r\n\r\n\t\t\t.shares_size20 .front-shares-count {\r\n\t\t\t\tfont-size: 10px;\r\n\t\t\t\ttop: 10px;\r\n\t\t\t\twidth: 20px;\r\n\t\t\t}\r\n\r\n\t\t\t.shares_size30 .front-shares-count {\r\n\t\t\t\tfont-size: 11px;\r\n\t\t\t\ttop: 15px;\r\n\t\t\t\twidth: 30px;\r\n\t\t\t}\r\n\r\n\t\t\t.shares_size40 .front-shares-count {\r\n\t\t\t\tfont-size: 12px;\r\n\t\t\t\ttop: 21px;\r\n\t\t\t\twidth: 40px;\r\n\t\t\t}\r\n\t\t<\/style>\r\n\t\t\r\n\t\t<div id=\"huge-it-share-buttons-top\" class=\"huge-it-share-buttons nobackground\">\r\n\t\t\t<h3>Share This:<\/h3>\r\n\t\t\t<ul class=\"huge-it-share-buttons-list \">\r\n\t\t\t\t\t\t\t\t\t<li class=\"nobackground \" >\r\n\r\n\t\t\t\t\t\t\t\t\t\t\t\t<a id=\"backforunical2371\" href=\"https:\/\/www.facebook.com\/sharer\/sharer.php?u=www.fabregat-perulles-sales.com\/actualidad\/wp-json\/wp\/v2\/posts\/2371\"  onclick=\"javascript:void window.open('https:\/\/www.facebook.com\/sharer\/sharer.php?u=www.fabregat-perulles-sales.com\/actualidad\/wp-json\/wp\/v2\/posts\/2371','1410949501326','width=700,height=500,toolbar=0,menubar=0,location=0,status=1,scrollbars=1,resizable=1,left=0,top=0');return false;\" style=\"background-position: -0px -120px \"><\/a>\r\n\t\t\t\t\t<\/li>\r\n\t\t\t\t\t\t\t\t\t\t<li class=\"nobackground \" >\r\n\r\n\t\t\t\t\t\t\t\t\t\t\t\t<a id=\"backforunical2371\" href=\"https:\/\/twitter.com\/share?status=www.fabregat-perulles-sales.com\/actualidad\/wp-json\/wp\/v2\/posts\/2371&text=Le Tribunal Constitutionnel Espagnol d\u00e9clare la nullit\u00e9 des taxes judiciaires\"  onclick=\"javascript:void window.open('https:\/\/twitter.com\/share?status=www.fabregat-perulles-sales.com\/actualidad\/wp-json\/wp\/v2\/posts\/2371&text=Le Tribunal Constitutionnel Espagnol d\u00e9clare la nullit\u00e9 des taxes judiciaires','1410949501326','width=700,height=500,toolbar=0,menubar=0,location=0,status=1,scrollbars=1,resizable=1,left=0,top=0');return false;\" style=\"background-position: -30px -120px \"><\/a>\r\n\t\t\t\t\t<\/li>\r\n\t\t\t\t\t\t\t\t\t\t<li class=\"none nobackground \" >\r\n\r\n\t\t\t\t\t\t\t\t\t\t\t\t<a id=\"backforunical2371\" href=\"http:\/\/www.pinterest.com\/pin\/create\/button\/?url=www.fabregat-perulles-sales.com\/actualidad\/wp-json\/wp\/v2\/posts\/2371&media=https:\/\/www.fabregat-perulles-sales.com\/actualidad\/wp-content\/plugins\/wp-share-buttons\/Front_end\/..\/images\/noimage.png&description=Le Tribunal Constitutionnel Espagnol d\u00e9clare la nullit\u00e9 des taxes judiciaires\"  onclick=\"javascript:void window.open('http:\/\/www.pinterest.com\/pin\/create\/button\/?url=www.fabregat-perulles-sales.com\/actualidad\/wp-json\/wp\/v2\/posts\/2371&media=https:\/\/www.fabregat-perulles-sales.com\/actualidad\/wp-content\/plugins\/wp-share-buttons\/Front_end\/..\/images\/noimage.png&description=Le Tribunal Constitutionnel Espagnol d\u00e9clare la nullit\u00e9 des taxes judiciaires','1410949501326','width=700,height=500,toolbar=0,menubar=0,location=0,status=1,scrollbars=1,resizable=1,left=0,top=0');return false;\" style=\"background-position: -60px -120px \"><\/a>\r\n\t\t\t\t\t<\/li>\r\n\t\t\t\t\t\t\t\t\t\t<li class=\"none nobackground \" >\r\n\r\n\t\t\t\t\t\t\t\t\t\t\t\t<a id=\"backforunical2371\" href=\"https:\/\/plus.google.com\/share?url=www.fabregat-perulles-sales.com\/actualidad\/wp-json\/wp\/v2\/posts\/2371\"  onclick=\"javascript:void window.open('https:\/\/plus.google.com\/share?url=www.fabregat-perulles-sales.com\/actualidad\/wp-json\/wp\/v2\/posts\/2371','1410949501326','width=700,height=500,toolbar=0,menubar=0,location=0,status=1,scrollbars=1,resizable=1,left=0,top=0');return false;\" style=\"background-position: -90px -120px \"><\/a>\r\n\t\t\t\t\t<\/li>\r\n\t\t\t\t\t\t\t\t\t\t<li class=\"nobackground \" >\r\n\r\n\t\t\t\t\t\t\t\t\t\t\t\t<a id=\"backforunical2371\" href=\"https:\/\/www.linkedin.com\/shareArticle?title=Le Tribunal Constitutionnel Espagnol d\u00e9clare la nullit\u00e9 des taxes judiciaires&mini=true&url=https:\/\/www.fabregat-perulles-sales.com\/actualidad\/wp-json\/wp\/v2\/posts\/2371\"  onclick=\"javascript:void window.open('https:\/\/www.linkedin.com\/shareArticle?title=Le Tribunal Constitutionnel Espagnol d\u00e9clare la nullit\u00e9 des taxes judiciaires&mini=true&url=https:\/\/www.fabregat-perulles-sales.com\/actualidad\/wp-json\/wp\/v2\/posts\/2371','1410949501326','width=700,height=500,toolbar=0,menubar=0,location=0,status=1,scrollbars=1,resizable=1,left=0,top=0');return false;\" style=\"background-position: -120px -120px \"><\/a>\r\n\t\t\t\t\t<\/li>\r\n\t\t\t\t\t\t\t\t\t\t<li class=\"none nobackground \" >\r\n\r\n\t\t\t\t\t\t\t\t\t\t\t\t<a id=\"backforunical2371\" href=\"https:\/\/www.tumblr.com\/share\/link?url=www.fabregat-perulles-sales.com\/actualidad\/wp-json\/wp\/v2\/posts\/2371&name=Le Tribunal Constitutionnel Espagnol d\u00e9clare la nullit\u00e9 des taxes judiciaires\"  onclick=\"javascript:void window.open('https:\/\/www.tumblr.com\/share\/link?url=www.fabregat-perulles-sales.com\/actualidad\/wp-json\/wp\/v2\/posts\/2371&name=Le Tribunal Constitutionnel Espagnol d\u00e9clare la nullit\u00e9 des taxes judiciaires','1410949501326','width=700,height=500,toolbar=0,menubar=0,location=0,status=1,scrollbars=1,resizable=1,left=0,top=0');return false;\" style=\"background-position: -150px -120px \"><\/a>\r\n\t\t\t\t\t<\/li>\r\n\t\t\t\t\t\t\t\t\t\t<li class=\"none nobackground \" >\r\n\r\n\t\t\t\t\t\t\t\t\t\t\t\t<a id=\"backforunical2371\" href=\"http:\/\/digg.com\/submit?phase=2&url=www.fabregat-perulles-sales.com\/actualidad\/wp-json\/wp\/v2\/posts\/2371&title=Le Tribunal Constitutionnel Espagnol d\u00e9clare la nullit\u00e9 des taxes judiciaires\"  onclick=\"javascript:void window.open('http:\/\/digg.com\/submit?phase=2&url=www.fabregat-perulles-sales.com\/actualidad\/wp-json\/wp\/v2\/posts\/2371&title=Le Tribunal Constitutionnel Espagnol d\u00e9clare la nullit\u00e9 des taxes judiciaires','1410949501326','width=700,height=500,toolbar=0,menubar=0,location=0,status=1,scrollbars=1,resizable=1,left=0,top=0');return false;\" style=\"background-position: -180px -120px \"><\/a>\r\n\t\t\t\t\t<\/li>\r\n\t\t\t\t\t\t\t\t\t\t<li class=\"none nobackground \" >\r\n\r\n\t\t\t\t\t\t\t\t\t\t\t\t<a id=\"backforunical2371\" href=\"http:\/\/www.stumbleupon.com\/submit?url=www.fabregat-perulles-sales.com\/actualidad\/wp-json\/wp\/v2\/posts\/2371&title=Le Tribunal Constitutionnel Espagnol d\u00e9clare la nullit\u00e9 des taxes judiciaires\"  onclick=\"javascript:void window.open('http:\/\/www.stumbleupon.com\/submit?url=www.fabregat-perulles-sales.com\/actualidad\/wp-json\/wp\/v2\/posts\/2371&title=Le Tribunal Constitutionnel Espagnol d\u00e9clare la nullit\u00e9 des taxes judiciaires','1410949501326','width=700,height=500,toolbar=0,menubar=0,location=0,status=1,scrollbars=1,resizable=1,left=0,top=0');return false;\" style=\"background-position: -210px -120px \"><\/a>\r\n\t\t\t\t\t<\/li>\r\n\t\t\t\t\t\t\t\t\t\t<li class=\"none nobackground \" >\r\n\r\n\t\t\t\t\t\t\t\t\t\t\t\t<a id=\"backforunical2371\" href=\"https:\/\/myspace.com\/post?l=3&u=www.fabregat-perulles-sales.com\/actualidad\/wp-json\/wp\/v2\/posts\/2371\"  onclick=\"javascript:void window.open('https:\/\/myspace.com\/post?l=3&u=www.fabregat-perulles-sales.com\/actualidad\/wp-json\/wp\/v2\/posts\/2371','1410949501326','width=700,height=500,toolbar=0,menubar=0,location=0,status=1,scrollbars=1,resizable=1,left=0,top=0');return false;\" style=\"background-position: -240px -120px \"><\/a>\r\n\t\t\t\t\t<\/li>\r\n\t\t\t\t\t\t\t\t\t\t<li class=\"nobackground \" >\r\n\r\n\t\t\t\t\t\t\t\t\t\t\t\t<a id=\"backforunical2371\" href=\"http:\/\/vk.com\/share.php?url=www.fabregat-perulles-sales.com\/actualidad\/wp-json\/wp\/v2\/posts\/2371&title=Le Tribunal Constitutionnel Espagnol d\u00e9clare la nullit\u00e9 des taxes judiciaires\"  onclick=\"javascript:void window.open('http:\/\/vk.com\/share.php?url=www.fabregat-perulles-sales.com\/actualidad\/wp-json\/wp\/v2\/posts\/2371&title=Le Tribunal Constitutionnel Espagnol d\u00e9clare la nullit\u00e9 des taxes judiciaires','1410949501326','width=700,height=500,toolbar=0,menubar=0,location=0,status=1,scrollbars=1,resizable=1,left=0,top=0');return false;\" style=\"background-position: -270px -120px \"><\/a>\r\n\t\t\t\t\t<\/li>\r\n\t\t\t\t\t\t\t\t\t\t<li class=\"none nobackground \" >\r\n\r\n\t\t\t\t\t\t\t\t\t\t\t\t<a id=\"backforunical2371\" href=\"http:\/\/www.reddit.com\/submit?url=www.fabregat-perulles-sales.com\/actualidad\/wp-json\/wp\/v2\/posts\/2371&title=Le Tribunal Constitutionnel Espagnol d\u00e9clare la nullit\u00e9 des taxes judiciaires\"  onclick=\"javascript:void window.open('http:\/\/www.reddit.com\/submit?url=www.fabregat-perulles-sales.com\/actualidad\/wp-json\/wp\/v2\/posts\/2371&title=Le Tribunal Constitutionnel Espagnol d\u00e9clare la nullit\u00e9 des taxes judiciaires','1410949501326','width=700,height=500,toolbar=0,menubar=0,location=0,status=1,scrollbars=1,resizable=1,left=0,top=0');return false;\" style=\"background-position: -300px -120px \"><\/a>\r\n\t\t\t\t\t<\/li>\r\n\t\t\t\t\t\t\t\t\t\t<li class=\"none nobackground \" >\r\n\r\n\t\t\t\t\t\t\t\t\t\t\t\t<a id=\"backforunical2371\" href=\"http:\/\/www.bebo.com\/c\/share?Url=www.fabregat-perulles-sales.com\/actualidad\/wp-json\/wp\/v2\/posts\/2371\"  onclick=\"javascript:void window.open('http:\/\/www.bebo.com\/c\/share?Url=www.fabregat-perulles-sales.com\/actualidad\/wp-json\/wp\/v2\/posts\/2371','1410949501326','width=700,height=500,toolbar=0,menubar=0,location=0,status=1,scrollbars=1,resizable=1,left=0,top=0');return false;\" style=\"background-position: -330px -120px \"><\/a>\r\n\t\t\t\t\t<\/li>\r\n\t\t\t\t\t\t\t\t\t\t<li class=\"none nobackground \" >\r\n\r\n\t\t\t\t\t\t\t\t\t\t\t\t<a id=\"backforunical2371\" href=\"https:\/\/delicious.com\/save?v=5&noui&jump=close&url=www.fabregat-perulles-sales.com\/actualidad\/wp-json\/wp\/v2\/posts\/2371&title=Le Tribunal Constitutionnel Espagnol d\u00e9clare la nullit\u00e9 des taxes judiciaires\"  onclick=\"javascript:void window.open('https:\/\/delicious.com\/save?v=5&noui&jump=close&url=www.fabregat-perulles-sales.com\/actualidad\/wp-json\/wp\/v2\/posts\/2371&title=Le Tribunal Constitutionnel Espagnol d\u00e9clare la nullit\u00e9 des taxes judiciaires','1410949501326','width=700,height=500,toolbar=0,menubar=0,location=0,status=1,scrollbars=1,resizable=1,left=0,top=0');return false;\" style=\"background-position: -360px -120px \"><\/a>\r\n\t\t\t\t\t<\/li>\r\n\t\t\t\t\t\t\t\t\t\t<li class=\"none nobackground \" >\r\n\r\n\t\t\t\t\t\t\t\t\t\t\t\t<a id=\"backforunical2371\" href=\"http:\/\/www.odnoklassniki.ru\/dk?st.cmd=addShare&st.s=2&st.noresize=on&st._surl=www.fabregat-perulles-sales.com\/actualidad\/wp-json\/wp\/v2\/posts\/2371\"  onclick=\"javascript:void window.open('http:\/\/www.odnoklassniki.ru\/dk?st.cmd=addShare&st.s=2&st.noresize=on&st._surl=www.fabregat-perulles-sales.com\/actualidad\/wp-json\/wp\/v2\/posts\/2371','1410949501326','width=700,height=500,toolbar=0,menubar=0,location=0,status=1,scrollbars=1,resizable=1,left=0,top=0');return false;\" style=\"background-position: -390px -120px \"><\/a>\r\n\t\t\t\t\t<\/li>\r\n\t\t\t\t\t\t\t\t\t\t<li class=\"none nobackground \" >\r\n\r\n\t\t\t\t\t\t\t\t\t\t\t\t<a id=\"backforunical2371\" href=\"http:\/\/sns.qzone.qq.com\/cgi-bin\/qzshare\/cgi_qzshare_onekey?url=www.fabregat-perulles-sales.com\/actualidad\/wp-json\/wp\/v2\/posts\/2371&title=Le Tribunal Constitutionnel Espagnol d\u00e9clare la nullit\u00e9 des taxes judiciaires\"  onclick=\"javascript:void window.open('http:\/\/sns.qzone.qq.com\/cgi-bin\/qzshare\/cgi_qzshare_onekey?url=www.fabregat-perulles-sales.com\/actualidad\/wp-json\/wp\/v2\/posts\/2371&title=Le Tribunal Constitutionnel Espagnol d\u00e9clare la nullit\u00e9 des taxes judiciaires','1410949501326','width=700,height=500,toolbar=0,menubar=0,location=0,status=1,scrollbars=1,resizable=1,left=0,top=0');return false;\" style=\"background-position: -420px -120px \"><\/a>\r\n\t\t\t\t\t<\/li>\r\n\t\t\t\t\t\t\t\t\t\t<li class=\"none nobackground \" >\r\n\r\n\t\t\t\t\t\t\t\t\t\t\t\t<a id=\"backforunical2371\" href=\"http:\/\/service.weibo.com\/share\/share.php?url=www.fabregat-perulles-sales.com\/actualidad\/wp-json\/wp\/v2\/posts\/2371&appkey=&title=Le Tribunal Constitutionnel Espagnol d\u00e9clare la nullit\u00e9 des taxes judiciaires&pic=&ralateUid=&\"  onclick=\"javascript:void window.open('http:\/\/service.weibo.com\/share\/share.php?url=www.fabregat-perulles-sales.com\/actualidad\/wp-json\/wp\/v2\/posts\/2371&appkey=&title=Le Tribunal Constitutionnel Espagnol d\u00e9clare la nullit\u00e9 des taxes judiciaires&pic=&ralateUid=&','1410949501326','width=700,height=500,toolbar=0,menubar=0,location=0,status=1,scrollbars=1,resizable=1,left=0,top=0');return false;\" style=\"background-position: -450px -120px \"><\/a>\r\n\t\t\t\t\t<\/li>\r\n\t\t\t\t\t\t\t\t\t\t<li class=\"none nobackground \" >\r\n\r\n\t\t\t\t\t\t\t\t\t\t\t\t<a id=\"backforunical2371\" href=\"http:\/\/widget.renren.com\/dialog\/share?resourceUrl=www.fabregat-perulles-sales.com\/actualidad\/wp-json\/wp\/v2\/posts\/2371&srcUrl=www.fabregat-perulles-sales.com\/actualidad\/wp-json\/wp\/v2\/posts\/2371&title=Le Tribunal Constitutionnel Espagnol d\u00e9clare la nullit\u00e9 des taxes judiciaires\"  onclick=\"javascript:void window.open('http:\/\/widget.renren.com\/dialog\/share?resourceUrl=www.fabregat-perulles-sales.com\/actualidad\/wp-json\/wp\/v2\/posts\/2371&srcUrl=www.fabregat-perulles-sales.com\/actualidad\/wp-json\/wp\/v2\/posts\/2371&title=Le Tribunal Constitutionnel Espagnol d\u00e9clare la nullit\u00e9 des taxes judiciaires','1410949501326','width=700,height=500,toolbar=0,menubar=0,location=0,status=1,scrollbars=1,resizable=1,left=0,top=0');return false;\" style=\"background-position: -480px -120px \"><\/a>\r\n\t\t\t\t\t<\/li>\r\n\t\t\t\t\t\t\t\t\t\t<li class=\"none nobackground \" >\r\n\r\n\t\t\t\t\t\t\t\t\t\t\t\t<a id=\"backforunical2371\" href=\"http:\/\/n4g.com\/tips?url=www.fabregat-perulles-sales.com\/actualidad\/wp-json\/wp\/v2\/posts\/2371&title=Le Tribunal Constitutionnel Espagnol d\u00e9clare la nullit\u00e9 des taxes judiciaires\"  onclick=\"javascript:void window.open('http:\/\/n4g.com\/tips?url=www.fabregat-perulles-sales.com\/actualidad\/wp-json\/wp\/v2\/posts\/2371&title=Le Tribunal Constitutionnel Espagnol d\u00e9clare la nullit\u00e9 des taxes judiciaires','1410949501326','width=700,height=500,toolbar=0,menubar=0,location=0,status=1,scrollbars=1,resizable=1,left=0,top=0');return false;\" style=\"background-position: -510px -120px \"><\/a>\r\n\t\t\t\t\t<\/li>\r\n\t\t\t\t\t\t\t\t<\/ul>\r\n\t\t\t<div class=\"clear\"><\/div>\r\n\t\t<\/div>\r\n\t\t","protected":false},"excerpt":{"rendered":"<p>Dans l\u2019Arr\u00eat du 21\u00a0Juillet\u00a02016, la Pl\u00e9ni\u00e8re du Tribunal Constitutionnel a d\u00e9clar\u00e9 inconstitutionnel les taxes judiciaires pr\u00e9vu dans l\u2019article 7\u00a0paragraphes\u00a01 et 2 de la Loi\u00a010\/2012, datant du 20 novembre, r\u00e9gissant certaines taxes dans le domaine de l\u2019Administration de Justice et de l\u2019Institut National de Toxicologie et Science m\u00e9dico-l\u00e9gal. Les taxes, objet de r\u00e9solution du Tribunal, faisait\u2026 <span class=\"read-more\"><a href=\"https:\/\/www.fabregat-perulles-sales.com\/actualidad\/le-tribunal-constitutionnel-espagnol-declare-la-nullite-des-taxes-judiciaires\/\">Read More &raquo;<\/a><\/span><\/p>\n","protected":false},"author":3,"featured_media":0,"comment_status":"open","ping_status":"closed","sticky":false,"template":"","format":"standard","meta":[],"categories":[470,248,26,70],"tags":[757,758,756],"yoast_head":"<!-- This site is optimized with the Yoast SEO plugin v20.2.1 - https:\/\/yoast.com\/wordpress\/plugins\/seo\/ -->\n<title>Nullit\u00e9 des taxes judiciaires. Avocats espagnols<\/title>\n<meta name=\"description\" content=\"Le Tribunal Constitutionnel Espagnol d\u00e9clare la nullit\u00e9 des taxes judiciaires\" \/>\n<meta name=\"robots\" content=\"index, follow, max-snippet:-1, max-image-preview:large, max-video-preview:-1\" \/>\n<link rel=\"canonical\" href=\"https:\/\/www.fabregat-perulles-sales.com\/actualidad\/le-tribunal-constitutionnel-espagnol-declare-la-nullite-des-taxes-judiciaires\/\" \/>\n<meta property=\"og:locale\" content=\"en_US\" \/>\n<meta property=\"og:type\" content=\"article\" \/>\n<meta property=\"og:title\" content=\"Nullit\u00e9 des taxes judiciaires. Avocats espagnols\" \/>\n<meta property=\"og:description\" content=\"Le Tribunal Constitutionnel Espagnol d\u00e9clare la nullit\u00e9 des taxes judiciaires\" \/>\n<meta property=\"og:url\" content=\"https:\/\/www.fabregat-perulles-sales.com\/actualidad\/le-tribunal-constitutionnel-espagnol-declare-la-nullite-des-taxes-judiciaires\/\" \/>\n<meta property=\"og:site_name\" content=\"International Lawyers\" \/>\n<meta property=\"article:published_time\" content=\"2016-09-07T16:32:56+00:00\" \/>\n<meta property=\"og:image\" content=\"http:\/\/www.fabregat-perulles-sales.com\/actualidad\/wp-content\/uploads\/2016\/08\/mazo-juzgado-abogados-espanol-300x225.jpg\" \/>\n<meta name=\"author\" content=\"Victor\" \/>\n<meta name=\"twitter:card\" content=\"summary_large_image\" \/>\n<meta name=\"twitter:label1\" content=\"Written by\" \/>\n\t<meta name=\"twitter:data1\" content=\"Victor\" \/>\n\t<meta name=\"twitter:label2\" content=\"Est. reading time\" \/>\n\t<meta name=\"twitter:data2\" content=\"2 minutes\" \/>\n<script type=\"application\/ld+json\" class=\"yoast-schema-graph\">{\"@context\":\"https:\/\/schema.org\",\"@graph\":[{\"@type\":\"WebPage\",\"@id\":\"https:\/\/www.fabregat-perulles-sales.com\/actualidad\/le-tribunal-constitutionnel-espagnol-declare-la-nullite-des-taxes-judiciaires\/\",\"url\":\"https:\/\/www.fabregat-perulles-sales.com\/actualidad\/le-tribunal-constitutionnel-espagnol-declare-la-nullite-des-taxes-judiciaires\/\",\"name\":\"Nullit\u00e9 des taxes judiciaires. Avocats espagnols\",\"isPartOf\":{\"@id\":\"https:\/\/www.fabregat-perulles-sales.com\/actualidad\/#website\"},\"datePublished\":\"2016-09-07T16:32:56+00:00\",\"dateModified\":\"2016-09-07T16:32:56+00:00\",\"author\":{\"@id\":\"https:\/\/www.fabregat-perulles-sales.com\/actualidad\/#\/schema\/person\/cabc1d68c7778f01d5e069c2d98442e3\"},\"description\":\"Le Tribunal Constitutionnel Espagnol d\u00e9clare la nullit\u00e9 des taxes judiciaires\",\"breadcrumb\":{\"@id\":\"https:\/\/www.fabregat-perulles-sales.com\/actualidad\/le-tribunal-constitutionnel-espagnol-declare-la-nullite-des-taxes-judiciaires\/#breadcrumb\"},\"inLanguage\":\"en-US\",\"potentialAction\":[{\"@type\":\"ReadAction\",\"target\":[\"https:\/\/www.fabregat-perulles-sales.com\/actualidad\/le-tribunal-constitutionnel-espagnol-declare-la-nullite-des-taxes-judiciaires\/\"]}]},{\"@type\":\"BreadcrumbList\",\"@id\":\"https:\/\/www.fabregat-perulles-sales.com\/actualidad\/le-tribunal-constitutionnel-espagnol-declare-la-nullite-des-taxes-judiciaires\/#breadcrumb\",\"itemListElement\":[{\"@type\":\"ListItem\",\"position\":1,\"name\":\"Home\",\"item\":\"https:\/\/www.fabregat-perulles-sales.com\/actualidad\/\"},{\"@type\":\"ListItem\",\"position\":2,\"name\":\"Le Tribunal Constitutionnel Espagnol d\u00e9clare la nullit\u00e9 des taxes judiciaires\"}]},{\"@type\":\"WebSite\",\"@id\":\"https:\/\/www.fabregat-perulles-sales.com\/actualidad\/#website\",\"url\":\"https:\/\/www.fabregat-perulles-sales.com\/actualidad\/\",\"name\":\"www.fabregat-perulles-sales.com\",\"description\":\"Fabregat Perulles Sales Abogados is a law firm of reference international market in the Spanish-German, Spanish-French, and Spanish-Italian. Is one of the first firms in Barcelona offering a Russian Desk.\",\"potentialAction\":[{\"@type\":\"SearchAction\",\"target\":{\"@type\":\"EntryPoint\",\"urlTemplate\":\"https:\/\/www.fabregat-perulles-sales.com\/actualidad\/?s={search_term_string}\"},\"query-input\":\"required name=search_term_string\"}],\"inLanguage\":\"en-US\"},{\"@type\":\"Person\",\"@id\":\"https:\/\/www.fabregat-perulles-sales.com\/actualidad\/#\/schema\/person\/cabc1d68c7778f01d5e069c2d98442e3\",\"name\":\"Victor\",\"image\":{\"@type\":\"ImageObject\",\"inLanguage\":\"en-US\",\"@id\":\"https:\/\/www.fabregat-perulles-sales.com\/actualidad\/#\/schema\/person\/image\/\",\"url\":\"https:\/\/secure.gravatar.com\/avatar\/756cb666a964d2960ffe307b8a53b271?s=96&d=mm&r=g\",\"contentUrl\":\"https:\/\/secure.gravatar.com\/avatar\/756cb666a964d2960ffe307b8a53b271?s=96&d=mm&r=g\",\"caption\":\"Victor\"},\"sameAs\":[\"http:\/\/www.fabregat-perulles-sales.com\"],\"url\":\"https:\/\/www.fabregat-perulles-sales.com\/actualidad\/author\/victor\/\"}]}<\/script>\n<!-- \/ Yoast SEO plugin. -->","yoast_head_json":{"title":"Nullit\u00e9 des taxes judiciaires. Avocats espagnols","description":"Le Tribunal Constitutionnel Espagnol d\u00e9clare la nullit\u00e9 des taxes judiciaires","robots":{"index":"index","follow":"follow","max-snippet":"max-snippet:-1","max-image-preview":"max-image-preview:large","max-video-preview":"max-video-preview:-1"},"canonical":"https:\/\/www.fabregat-perulles-sales.com\/actualidad\/le-tribunal-constitutionnel-espagnol-declare-la-nullite-des-taxes-judiciaires\/","og_locale":"en_US","og_type":"article","og_title":"Nullit\u00e9 des taxes judiciaires. Avocats espagnols","og_description":"Le Tribunal Constitutionnel Espagnol d\u00e9clare la nullit\u00e9 des taxes judiciaires","og_url":"https:\/\/www.fabregat-perulles-sales.com\/actualidad\/le-tribunal-constitutionnel-espagnol-declare-la-nullite-des-taxes-judiciaires\/","og_site_name":"International Lawyers","article_published_time":"2016-09-07T16:32:56+00:00","og_image":[{"url":"http:\/\/www.fabregat-perulles-sales.com\/actualidad\/wp-content\/uploads\/2016\/08\/mazo-juzgado-abogados-espanol-300x225.jpg"}],"author":"Victor","twitter_card":"summary_large_image","twitter_misc":{"Written by":"Victor","Est. reading time":"2 minutes"},"schema":{"@context":"https:\/\/schema.org","@graph":[{"@type":"WebPage","@id":"https:\/\/www.fabregat-perulles-sales.com\/actualidad\/le-tribunal-constitutionnel-espagnol-declare-la-nullite-des-taxes-judiciaires\/","url":"https:\/\/www.fabregat-perulles-sales.com\/actualidad\/le-tribunal-constitutionnel-espagnol-declare-la-nullite-des-taxes-judiciaires\/","name":"Nullit\u00e9 des taxes judiciaires. Avocats espagnols","isPartOf":{"@id":"https:\/\/www.fabregat-perulles-sales.com\/actualidad\/#website"},"datePublished":"2016-09-07T16:32:56+00:00","dateModified":"2016-09-07T16:32:56+00:00","author":{"@id":"https:\/\/www.fabregat-perulles-sales.com\/actualidad\/#\/schema\/person\/cabc1d68c7778f01d5e069c2d98442e3"},"description":"Le Tribunal Constitutionnel Espagnol d\u00e9clare la nullit\u00e9 des taxes judiciaires","breadcrumb":{"@id":"https:\/\/www.fabregat-perulles-sales.com\/actualidad\/le-tribunal-constitutionnel-espagnol-declare-la-nullite-des-taxes-judiciaires\/#breadcrumb"},"inLanguage":"en-US","potentialAction":[{"@type":"ReadAction","target":["https:\/\/www.fabregat-perulles-sales.com\/actualidad\/le-tribunal-constitutionnel-espagnol-declare-la-nullite-des-taxes-judiciaires\/"]}]},{"@type":"BreadcrumbList","@id":"https:\/\/www.fabregat-perulles-sales.com\/actualidad\/le-tribunal-constitutionnel-espagnol-declare-la-nullite-des-taxes-judiciaires\/#breadcrumb","itemListElement":[{"@type":"ListItem","position":1,"name":"Home","item":"https:\/\/www.fabregat-perulles-sales.com\/actualidad\/"},{"@type":"ListItem","position":2,"name":"Le Tribunal Constitutionnel Espagnol d\u00e9clare la nullit\u00e9 des taxes judiciaires"}]},{"@type":"WebSite","@id":"https:\/\/www.fabregat-perulles-sales.com\/actualidad\/#website","url":"https:\/\/www.fabregat-perulles-sales.com\/actualidad\/","name":"www.fabregat-perulles-sales.com","description":"Fabregat Perulles Sales Abogados is a law firm of reference international market in the Spanish-German, Spanish-French, and Spanish-Italian. Is one of the first firms in Barcelona offering a Russian Desk.","potentialAction":[{"@type":"SearchAction","target":{"@type":"EntryPoint","urlTemplate":"https:\/\/www.fabregat-perulles-sales.com\/actualidad\/?s={search_term_string}"},"query-input":"required name=search_term_string"}],"inLanguage":"en-US"},{"@type":"Person","@id":"https:\/\/www.fabregat-perulles-sales.com\/actualidad\/#\/schema\/person\/cabc1d68c7778f01d5e069c2d98442e3","name":"Victor","image":{"@type":"ImageObject","inLanguage":"en-US","@id":"https:\/\/www.fabregat-perulles-sales.com\/actualidad\/#\/schema\/person\/image\/","url":"https:\/\/secure.gravatar.com\/avatar\/756cb666a964d2960ffe307b8a53b271?s=96&d=mm&r=g","contentUrl":"https:\/\/secure.gravatar.com\/avatar\/756cb666a964d2960ffe307b8a53b271?s=96&d=mm&r=g","caption":"Victor"},"sameAs":["http:\/\/www.fabregat-perulles-sales.com"],"url":"https:\/\/www.fabregat-perulles-sales.com\/actualidad\/author\/victor\/"}]}},"amp_enabled":true,"_links":{"self":[{"href":"https:\/\/www.fabregat-perulles-sales.com\/actualidad\/wp-json\/wp\/v2\/posts\/2371"}],"collection":[{"href":"https:\/\/www.fabregat-perulles-sales.com\/actualidad\/wp-json\/wp\/v2\/posts"}],"about":[{"href":"https:\/\/www.fabregat-perulles-sales.com\/actualidad\/wp-json\/wp\/v2\/types\/post"}],"author":[{"embeddable":true,"href":"https:\/\/www.fabregat-perulles-sales.com\/actualidad\/wp-json\/wp\/v2\/users\/3"}],"replies":[{"embeddable":true,"href":"https:\/\/www.fabregat-perulles-sales.com\/actualidad\/wp-json\/wp\/v2\/comments?post=2371"}],"version-history":[{"count":1,"href":"https:\/\/www.fabregat-perulles-sales.com\/actualidad\/wp-json\/wp\/v2\/posts\/2371\/revisions"}],"predecessor-version":[{"id":2372,"href":"https:\/\/www.fabregat-perulles-sales.com\/actualidad\/wp-json\/wp\/v2\/posts\/2371\/revisions\/2372"}],"wp:attachment":[{"href":"https:\/\/www.fabregat-perulles-sales.com\/actualidad\/wp-json\/wp\/v2\/media?parent=2371"}],"wp:term":[{"taxonomy":"category","embeddable":true,"href":"https:\/\/www.fabregat-perulles-sales.com\/actualidad\/wp-json\/wp\/v2\/categories?post=2371"},{"taxonomy":"post_tag","embeddable":true,"href":"https:\/\/www.fabregat-perulles-sales.com\/actualidad\/wp-json\/wp\/v2\/tags?post=2371"}],"curies":[{"name":"wp","href":"https:\/\/api.w.org\/{rel}","templated":true}]}}