{"id":2303,"date":"2016-06-09T09:40:31","date_gmt":"2016-06-09T08:40:31","guid":{"rendered":"http:\/\/www.fabregat-perulles-sales.com\/actualidad\/?p=2303"},"modified":"2016-06-09T10:07:13","modified_gmt":"2016-06-09T09:07:13","slug":"nuevo-reglamento-general-de-proteccion-de-datos","status":"publish","type":"post","link":"https:\/\/www.fabregat-perulles-sales.com\/actualidad\/nuevo-reglamento-general-de-proteccion-de-datos\/","title":{"rendered":"NUEVO REGLAMENTO GENERAL DE PROTECCI\u00d3N DE DATOS"},"content":{"rendered":"<p><b>I.-\u00a0 <span style=\"text-decoration: underline;\">Entrada en vigor y aplicabilidad<\/span>:\u00a0 <a href=\"http:\/\/www.fabregat-perulles-sales.com\/actualidad\/wp-content\/uploads\/2016\/06\/proteccion-datos.jpg\"><img decoding=\"async\" loading=\"lazy\" class=\"alignright size-medium wp-image-2308\" alt=\"proteccion-datos\" src=\"http:\/\/www.fabregat-perulles-sales.com\/actualidad\/wp-content\/uploads\/2016\/06\/proteccion-datos-300x225.jpg\" width=\"392\" height=\"293\" srcset=\"https:\/\/www.fabregat-perulles-sales.com\/actualidad\/wp-content\/uploads\/2016\/06\/proteccion-datos-300x225.jpg 300w, https:\/\/www.fabregat-perulles-sales.com\/actualidad\/wp-content\/uploads\/2016\/06\/proteccion-datos.jpg 1024w\" sizes=\"(max-width: 392px) 100vw, 392px\" \/><\/a><\/b><\/p>\n<p>El pasado 25 de mayo de 2016 entr\u00f3 en vigor el <a title=\"Reglamento UE 2016\/679\" href=\"http:\/\/eur-lex.europa.eu\/legal-content\/ES\/TXT\/?uri=CELEX%3A32016R0679\" target=\"_blank\">Reglamento (UE) 2016\/679 del Parlamento Europeo y del Consejo<\/a>, de 27 de abril de 2016 (publicado en el DO de la UE de 4 de mayo), relativo a la protecci\u00f3n de las personas f\u00edsicas en lo que respecta al tratamiento de datos personales y a la libre circulaci\u00f3n de \u00e9stos, con el fin de garantizar un nivel uniforme, equivalente y elevado de protecci\u00f3n de las personas f\u00edsicas en todos los estados miembros, eliminando los actuales obst\u00e1culos a la circulaci\u00f3n de dichos datos dentro de la propia UE, en la que tales garant\u00edas actualmente son insuficientes o se aplican de manera fragmentada con la consecuente inseguridad jur\u00eddica que ello provoca.<\/p>\n<p>Sin embargo, no ser\u00e1 hasta dentro de dos a\u00f1os, el 25 de mayo de 2018, cuando comenzar\u00e1 a aplicarse, de forma que hasta entonces, tanto la <a title=\"Directiva 95\/46\" href=\"http:\/\/eur-lex.europa.eu\/legal-content\/ES\/TXT\/?uri=URISERV%3Al14012http:\/\/\" target=\"_blank\">Directiva 95\/46<\/a> como las normas nacionales que la trasponen, entre ellas la vigente Ley Org\u00e1nica de Protecci\u00f3n de Datos espa\u00f1ola, siguen siendo plenamente v\u00e1lidas y aplicables.<\/p>\n<p><b>II.-\u00a0 <span style=\"text-decoration: underline;\">Principales novedades<\/span>: <\/b><\/p>\n<p><b>1\u00ba.-\u00a0 Aplicaci\u00f3n tambi\u00e9n a empresas y organizaciones no establecidas en la UE: <\/b><\/p>\n<p>En la actualidad, la vigente Directiva 95\/46 se aplica \u00fanicamente a los responsables o encargados de tratamiento de datos establecidos en la UE, de tal forma que hay empresas no establecidas en la UE tratando datos personales, las cuales se rigen por normativas de otros pa\u00edses que no siempre ofrecen el mismo nivel de protecci\u00f3n que dicha normativa europea.<\/p>\n<p><!--more--><\/p>\n<p>El nuevo Reglamento introduce como novedad una garant\u00eda adicional a los ciudadanos europeos ya que el mismo ser\u00e1 de aplicaci\u00f3n, adem\u00e1s, a aquellas empresas y organizaciones que no est\u00e9n establecidas en la UE cuando realicen tratamientos derivados de una oferta de bienes o servicios destinados a ciudadanos de la UE o como consecuencia de una monitorizaci\u00f3n y seguimiento de su comportamiento, las cuales estar\u00e1n obligadas a nombrar un representante suyo en la UE.<\/p>\n<p><b>2\u00ba.- El <i>\u201cderecho al olvido\u201d<\/i> y el <i>\u201cderecho a la portabilidad\u201d<\/i> \u00a0como nuevas herramientas destacadas de control de los datos para los ciudadanos: <\/b><\/p>\n<p>Frente a los vigentes derechos de Acceso, Rectificaci\u00f3n, Cancelaci\u00f3n y Oposici\u00f3n de los usuarios, en relaci\u00f3n con sus datos personales que est\u00e9n siendo objeto de tratamiento, el nuevo Reglamento recoge ahora en su cap\u00edtulo III como Derechos del interesado, y bajo la aplicaci\u00f3n del principio de transparencia, los derechos de informaci\u00f3n \u00a0y acceso del interesado a sus datos (arts. 13 a 15), el derecho de rectificaci\u00f3n (art. 16) y el de supresi\u00f3n o \u201cderecho al olvido\u201d (art. 17), el derecho a la limitaci\u00f3n del tratamiento (art. 18), el de la \u201cportabilidad\u201d de los datos (art. 20), y el derecho de oposici\u00f3n (art. 21).<\/p>\n<p>De ellos destacan los novedosos derechos <i>\u201cal olvido\u201d<\/i> y <i>\u201ca la portabilidad\u201d <\/i>de los datos: Siendo el primero, el derecho de los ciudadanos a solicitar que sus datos sean suprimidos en los casos indicados e incluso a solicitar que se bloqueen en las listas de resultados de los buscadores los v\u00ednculos que conduzcan a informaciones que les afecten que sean obsoletas, incompletas, falsas o irrelevantes y que no sean de inter\u00e9s p\u00fablico, entre otras razones.\u00a0 Y, el segundo, el de la portabilidad, el derecho a solicitar al responsable que los est\u00e9 tratando de forma automatizada, el poder recuperarlos en un formato que permita transfer\u00edrselos a otro responsable que el ciudadano designe.<\/p>\n<p><b>3\u00ba.- Edad m\u00ednima prestaci\u00f3n consentimiento por ni\u00f1os en relaci\u00f3n con internet y redes sociales:\u00a0\u00a0 <\/b><\/p>\n<p>En Espa\u00f1a, el l\u00edmite de edad actual a partir del cual los menores pueden prestar su consentimiento para el tratamiento de sus datos personales en relaci\u00f3n con la oferta dirigida a los mismos a trav\u00e9s de servicios de la sociedad de la informaci\u00f3n (internet, redes sociales, etc.), se encuentra en los 14 a\u00f1os.\u00a0 El Reglamento lo fija en un m\u00ednimo de 16 a\u00f1os si bien permitir\u00e1 que los estados la fijen en una edad menor, sin que en ning\u00fan caso pueda ser inferior a los 13 a\u00f1os.<\/p>\n<p>Consentimiento que en todo caso deber\u00e1 ser verificable y el aviso de privacidad estar escrito en un lenguaje que los ni\u00f1os puedan entender.<\/p>\n<p><b>4\u00ba.- Medidas preventivas a adoptar por las empresas.\u00a0 La responsabilidad activa:\u00a0 <\/b><\/p>\n<p>El Reglamento establece toda una serie de medidas que las empresas deber\u00e1n adoptar con car\u00e1cter preventivo y anticipativo para garantizar el cumplimiento de los principios, derechos y garant\u00edas recogidos en \u00e9l, destacando las siguientes:<\/p>\n<p>&#8211;\u00a0\u00a0\u00a0\u00a0\u00a0\u00a0\u00a0\u00a0\u00a0 <b>Protecci\u00f3n de datos desde el dise\u00f1o y por defecto<\/b> (art. 25), adoptando medidas de seguridad, t\u00e9cnicas y organizativas, apropiadas (art. 32) como la seudominizaci\u00f3n y minimizaci\u00f3n de datos, y aquellas con miras a garantizar que, por defecto, solo sean tratados los datos personales estrictamente necesarios.<\/p>\n<p>&#8211;\u00a0\u00a0\u00a0\u00a0\u00a0\u00a0\u00a0\u00a0\u00a0 Obligaci\u00f3n de mantener un <b>registro de tratamientos<\/b> (art. 30)<\/p>\n<p>&#8211;\u00a0\u00a0\u00a0\u00a0\u00a0\u00a0\u00a0\u00a0\u00a0 Realizaci\u00f3n de <b>evaluaciones previas de impacto<\/b> sobre la protecci\u00f3n de datos (art. 35) y\u00a0 <b>consultas previas<\/b> (art. 36)<\/p>\n<p>&#8211;\u00a0\u00a0\u00a0\u00a0\u00a0\u00a0\u00a0\u00a0\u00a0 Designaci\u00f3n por el responsable y el encargado del tratamiento de los datos, de un <b>delegado<\/b> de protecci\u00f3n de datos (arts. 37 a 39)<\/p>\n<p>&#8211;\u00a0\u00a0\u00a0\u00a0\u00a0\u00a0\u00a0\u00a0\u00a0 <b>Notificaci\u00f3n de violaciones de la seguridad <\/b>de los datos a la autoridad de control (art. 33) y al interesado (art. 34)<\/p>\n<p>&#8211;\u00a0\u00a0\u00a0\u00a0\u00a0\u00a0\u00a0\u00a0\u00a0 Promoci\u00f3n de <b>c\u00f3digos de conducta<\/b> (art. 40) y mecanismos de <b>certificaci\u00f3n<\/b> (art. 42)<b><br \/>\n<\/b><\/p>\n<p><b>5\u00ba.- Sobre la validez en la obtenci\u00f3n del consentimiento:\u00a0 \u00a0\u00a0<\/b><\/p>\n<p>Conforme a la actual normativa, se admite como consentimiento v\u00e1lidamente otorgado el llamado consentimiento \u201ct\u00e1cito\u201d.<\/p>\n<p>Sin embargo, con la aplicaci\u00f3n del nuevo Reglamento dicha forma de obtenci\u00f3n del consentimiento para el tratamiento de datos personales dejar\u00e1 de ser v\u00e1lida.\u00a0 Y ello por cuanto la validez de la obtenci\u00f3n del consentimiento depender\u00e1 de que el mismo se preste de forma libre, informada, espec\u00edfica e inequ\u00edvoca, teniendo en cuenta en este \u00faltimo caso que para que se considere prestado de forma inequ\u00edvoca ser\u00e1 preciso una declaraci\u00f3n de los interesados o una acci\u00f3n positiva que indique el acuerdo de \u00e9stos, no pudiendo deducirse el consentimiento del silencio o de la inacci\u00f3n de los mismos.<\/p>\n<p>Adem\u00e1s, en algunos casos como aquellos en los que el consentimiento sea necesario para el tratamiento de datos sensibles, el consentimiento deber\u00e1 ser otorgado de manera \u201cexpl\u00edcita\u201d lo cual comporta que no podr\u00e1 entenderse concedido impl\u00edcitamente mediante alg\u00fan tipo de acci\u00f3n positiva sino que ser\u00e1 necesario contar con que la acci\u00f3n o declaraci\u00f3n se refieran expl\u00edcitamente al consentimiento y al tratamiento concreto de que se trate.<\/p>\n<p>Finalmente, y como novedad, el otorgamiento del consentimiento deber\u00e1 ser verificable, de tal forma que quienes recopilen datos personales deber\u00e1n poder demostrar que el interesado les otorg\u00f3 su consentimiento.\u00a0<strong> <\/strong><strong><\/strong><\/p>\n<p><strong>6\u00ba.-\u00a0 Sobre la informaci\u00f3n a incluir en los avisos de privacidad:\u00a0 <\/strong><\/p>\n<p>Con la actual Directiva y muchas leyes nacionales de trasposici\u00f3n no es necesario todav\u00eda la inclusi\u00f3n en los avisos de privacidad de las empresas de toda una serie de informaciones que, por el contrario, con la aplicabilidad del Reglamento s\u00ed deber\u00e1n proporcionarse de forma expresa: As\u00ed, a modo de ejemplo, y al margen de que tal y como exige el reglamento la informaci\u00f3n que se facilite deber\u00e1 ser f\u00e1cil de entender y presentarse en un lenguaje claro y conciso, deber\u00e1 explicarse la base legal para el tratamiento de los datos, los periodos de retenci\u00f3n de los mismos y la posibilidad de que los interesados dirijan sus reclamaciones a las Autoridades de Protecci\u00f3n de datos.\u00a0 <strong><\/strong><\/p>\n<p><b>7\u00ba.-\u00a0 Sobre el nuevo sistema de \u201cventanilla \u00fanica\u201d:\u00a0 <\/b><\/p>\n<p>Este nuevo sistema que introduce el Reglamento est\u00e1 pensado para que los responsables establecidos en varios Estados miembros o que, estando en un solo Estado miembro, hagan tratamientos que afecten significativamente a ciudadanos en varios Estados de la UE, tengan una \u00fanica Autoridad de protecci\u00f3n de datos como interlocutora.<\/p>\n<p>Adem\u00e1s, este nuevo sistema implicar\u00e1 tambi\u00e9n que cada Autoridad de protecci\u00f3n de datos europea, en\u00a0 lugar de analizar una denuncia o autorizar un tratamiento a nivel estrictamente nacional, valorar\u00e1 si el supuesto tiene car\u00e1cter transfronterizo, en cuyo caso se abrir\u00e1 un procedimiento de cooperaci\u00f3n entre todas las Autoridades afectadas buscando una soluci\u00f3n aceptable para todas ellas, de tal forma que si hubieran discrepancias insalvables, el caso se elevar\u00eda al Comit\u00e9 Europeo de Protecci\u00f3n de Datos (un organismo de la Uni\u00f3n integrado por los directores de todas las Autoridades de protecci\u00f3n de datos de la Uni\u00f3n) que resolver\u00e1 la controversia mediante decisiones vinculantes para las Autoridades implicadas.<\/p>\n<p>En todo caso, la ventanilla \u00fanica no afectar\u00e1 a empresas que s\u00f3lo est\u00e9n en un Estado miembro y que realicen tratamientos que afecten s\u00f3lo a interesados en ese Estado y tampoco supondr\u00e1 que los ciudadanos tengan que relacionarse con varias Autoridades o con Autoridades distintas de la del Estado donde residan.\u00a0 \u00c9stos siempre podr\u00e1n plantear sus reclamaciones o denuncias ante su propia Autoridad Nacional (En Espa\u00f1a, la Agencia Espa\u00f1ola de Protecci\u00f3n de datos), la cual ser\u00e1 la responsable de informar al ciudadano del resultado de su reclamaci\u00f3n o denuncia.<\/p>\n<p><b>III.-\u00a0 <span style=\"text-decoration: underline;\">Periodo de adaptaci\u00f3n.\u00a0 Medidas preventivas y correctoras a implantar<\/span>:\u00a0 <\/b><\/p>\n<p>Durante estos dos a\u00f1os, tanto los Estados miembros de la UE, las instituciones, as\u00ed como las empresas y organizaciones que traten datos deber\u00e1n prepararse y adaptarse para el momento en que el Reglamento sea ya aplicable.<\/p>\n<p>De hecho, desde <b>FABREGAT PERULLES SALES ABOGADOS<\/b> hacemos extensiva a todos nuestros clientes la recomendaci\u00f3n de la Agencia Espa\u00f1ola de Protecci\u00f3n de Datos, de <b>que las empresas empiecen ya a valorar la implantaci\u00f3n de algunas de las medidas previstas antes indicadas<\/b>, identificando el tipo de tratamientos que realizan, y el grado de complejidad del an\u00e1lisis de riesgo que deber\u00e1n llevar a cabo, planificando o estableciendo el registro de tratamientos de datos, implantando las evaluaciones de impacto, dise\u00f1ando e implantando los procedimientos de notificaci\u00f3n en caso de violaciones de seguridad, <strong>revisando los sistemas de registro del consentimiento para que sea posible verificarlo ante una auditor\u00eda, revisar los avisos de privacidad para verificar que se da toda la informaci\u00f3n legalmente exigible, <\/strong>etc., poni\u00e9ndonos a su disposici\u00f3n para aclararles cualquier duda al respecto y para valorar conjuntamente la oportunidad y necesidad de implantar todas y cada una de las medidas antes indicadas.<\/p>\n<p>Para ello, desde <b>FABREGAT PERULLES SALES ABOGADOS<\/b> haremos un seguimiento y les mantendremos informados de todas aquellas herramientas en cuyo desarrollo la propia AEPD ha manifestado estar ya trabajando y que facilitar\u00e1n la identificaci\u00f3n y valoraci\u00f3n de riesgos y en recomendaciones sobre la aplicaci\u00f3n de tales medidas, en especial relativas a las pymes que realizan los tratamientos m\u00e1s habituales en la gesti\u00f3n empresarial.<\/p>\n\r\n\t\t<style>\r\n\t\t\t.huge-it-share-buttons {\r\n\t\t\t\tborder:0px solid #0FB5D6;\r\n\t\t\t\tborder-radius:5px;\r\n\t\t\t\tbackground:#3BD8FF;\r\n\t\t\t text-align:left; \t\t\t\t\t\t\t\t\t}\r\n\r\n\t\t\t#huge-it-share-buttons-top {margin-bottom:0px;}\r\n\t\t\t#huge-it-share-buttons-bottom {margin-top:0px;}\r\n\r\n\t\t\t.huge-it-share-buttons h3 {\r\n\t\t\t\tfont-size:25px ;\r\n\t\t\t\tfont-family:Arial,Helvetica Neue,Helvetica,sans-serif;\r\n\t\t\t\tcolor:#666666;\r\n\r\n\t\t\tdisplay:block;\t\t\t\tline-height:25px ;\r\n\r\n\t\t\t text-align:left; \t\t\t\t\t\t\t\t\t}\r\n\r\n\t\t\t.huge-it-share-buttons ul {\r\n\t\t\t float:left; \t\t\t\t\t\t\t\t\t}\r\n\r\n\t\t\t.huge-it-share-buttons ul li {\r\n\t\t\t\tmargin-left:3px;\r\n\t\t\t\tmargin-right:3px;\r\n\t\t\t\tpadding:0px;\r\n\t\t\t\tborder:0px ridge #E6354C;\r\n\t\t\t\tborder-radius:11px;\r\n\t\t\t\tbackground-color:#14CC9B;\r\n\t\t\t}\r\n\r\n\t\t\t.huge-it-share-buttons ul li #backforunical2303 {\r\n\t\t\t\tborder-bottom: 0;\r\n\t\t\t\tbackground-image:url('https:\/\/www.fabregat-perulles-sales.com\/actualidad\/wp-content\/plugins\/wp-share-buttons\/Front_end\/..\/images\/buttons.30.png');\r\n\t\t\t\twidth:30px;\r\n\t\t\t\theight:30px;\r\n\t\t\t}\r\n\r\n\t\t\t.front-shares-count {\r\n\t\t\t\tposition: absolute;\r\n\t\t\t\ttext-align: center;\r\n\t\t\t\tdisplay: block;\r\n\t\t\t}\r\n\r\n\t\t\t.shares_size20 .front-shares-count {\r\n\t\t\t\tfont-size: 10px;\r\n\t\t\t\ttop: 10px;\r\n\t\t\t\twidth: 20px;\r\n\t\t\t}\r\n\r\n\t\t\t.shares_size30 .front-shares-count {\r\n\t\t\t\tfont-size: 11px;\r\n\t\t\t\ttop: 15px;\r\n\t\t\t\twidth: 30px;\r\n\t\t\t}\r\n\r\n\t\t\t.shares_size40 .front-shares-count {\r\n\t\t\t\tfont-size: 12px;\r\n\t\t\t\ttop: 21px;\r\n\t\t\t\twidth: 40px;\r\n\t\t\t}\r\n\t\t<\/style>\r\n\t\t\r\n\t\t<div id=\"huge-it-share-buttons-top\" class=\"huge-it-share-buttons nobackground\">\r\n\t\t\t<h3>Share This:<\/h3>\r\n\t\t\t<ul class=\"huge-it-share-buttons-list \">\r\n\t\t\t\t\t\t\t\t\t<li class=\"nobackground \" >\r\n\r\n\t\t\t\t\t\t\t\t\t\t\t\t<a id=\"backforunical2303\" href=\"https:\/\/www.facebook.com\/sharer\/sharer.php?u=www.fabregat-perulles-sales.com\/actualidad\/wp-json\/wp\/v2\/posts\/2303\"  onclick=\"javascript:void window.open('https:\/\/www.facebook.com\/sharer\/sharer.php?u=www.fabregat-perulles-sales.com\/actualidad\/wp-json\/wp\/v2\/posts\/2303','1410949501326','width=700,height=500,toolbar=0,menubar=0,location=0,status=1,scrollbars=1,resizable=1,left=0,top=0');return false;\" style=\"background-position: -0px -120px \"><\/a>\r\n\t\t\t\t\t<\/li>\r\n\t\t\t\t\t\t\t\t\t\t<li class=\"nobackground \" >\r\n\r\n\t\t\t\t\t\t\t\t\t\t\t\t<a id=\"backforunical2303\" href=\"https:\/\/twitter.com\/share?status=www.fabregat-perulles-sales.com\/actualidad\/wp-json\/wp\/v2\/posts\/2303&text=NUEVO REGLAMENTO GENERAL DE PROTECCI\u00d3N DE DATOS\"  onclick=\"javascript:void window.open('https:\/\/twitter.com\/share?status=www.fabregat-perulles-sales.com\/actualidad\/wp-json\/wp\/v2\/posts\/2303&text=NUEVO REGLAMENTO GENERAL DE PROTECCI\u00d3N DE DATOS','1410949501326','width=700,height=500,toolbar=0,menubar=0,location=0,status=1,scrollbars=1,resizable=1,left=0,top=0');return false;\" style=\"background-position: -30px -120px \"><\/a>\r\n\t\t\t\t\t<\/li>\r\n\t\t\t\t\t\t\t\t\t\t<li class=\"none nobackground \" >\r\n\r\n\t\t\t\t\t\t\t\t\t\t\t\t<a id=\"backforunical2303\" href=\"http:\/\/www.pinterest.com\/pin\/create\/button\/?url=www.fabregat-perulles-sales.com\/actualidad\/wp-json\/wp\/v2\/posts\/2303&media=https:\/\/www.fabregat-perulles-sales.com\/actualidad\/wp-content\/plugins\/wp-share-buttons\/Front_end\/..\/images\/noimage.png&description=NUEVO REGLAMENTO GENERAL DE PROTECCI\u00d3N DE DATOS\"  onclick=\"javascript:void window.open('http:\/\/www.pinterest.com\/pin\/create\/button\/?url=www.fabregat-perulles-sales.com\/actualidad\/wp-json\/wp\/v2\/posts\/2303&media=https:\/\/www.fabregat-perulles-sales.com\/actualidad\/wp-content\/plugins\/wp-share-buttons\/Front_end\/..\/images\/noimage.png&description=NUEVO REGLAMENTO GENERAL DE PROTECCI\u00d3N DE DATOS','1410949501326','width=700,height=500,toolbar=0,menubar=0,location=0,status=1,scrollbars=1,resizable=1,left=0,top=0');return false;\" style=\"background-position: -60px -120px \"><\/a>\r\n\t\t\t\t\t<\/li>\r\n\t\t\t\t\t\t\t\t\t\t<li class=\"none nobackground \" >\r\n\r\n\t\t\t\t\t\t\t\t\t\t\t\t<a id=\"backforunical2303\" href=\"https:\/\/plus.google.com\/share?url=www.fabregat-perulles-sales.com\/actualidad\/wp-json\/wp\/v2\/posts\/2303\"  onclick=\"javascript:void window.open('https:\/\/plus.google.com\/share?url=www.fabregat-perulles-sales.com\/actualidad\/wp-json\/wp\/v2\/posts\/2303','1410949501326','width=700,height=500,toolbar=0,menubar=0,location=0,status=1,scrollbars=1,resizable=1,left=0,top=0');return false;\" style=\"background-position: -90px -120px \"><\/a>\r\n\t\t\t\t\t<\/li>\r\n\t\t\t\t\t\t\t\t\t\t<li class=\"nobackground \" >\r\n\r\n\t\t\t\t\t\t\t\t\t\t\t\t<a id=\"backforunical2303\" href=\"https:\/\/www.linkedin.com\/shareArticle?title=NUEVO REGLAMENTO GENERAL DE PROTECCI\u00d3N DE DATOS&mini=true&url=https:\/\/www.fabregat-perulles-sales.com\/actualidad\/wp-json\/wp\/v2\/posts\/2303\"  onclick=\"javascript:void window.open('https:\/\/www.linkedin.com\/shareArticle?title=NUEVO REGLAMENTO GENERAL DE PROTECCI\u00d3N DE DATOS&mini=true&url=https:\/\/www.fabregat-perulles-sales.com\/actualidad\/wp-json\/wp\/v2\/posts\/2303','1410949501326','width=700,height=500,toolbar=0,menubar=0,location=0,status=1,scrollbars=1,resizable=1,left=0,top=0');return false;\" style=\"background-position: -120px -120px \"><\/a>\r\n\t\t\t\t\t<\/li>\r\n\t\t\t\t\t\t\t\t\t\t<li class=\"none nobackground \" >\r\n\r\n\t\t\t\t\t\t\t\t\t\t\t\t<a id=\"backforunical2303\" href=\"https:\/\/www.tumblr.com\/share\/link?url=www.fabregat-perulles-sales.com\/actualidad\/wp-json\/wp\/v2\/posts\/2303&name=NUEVO REGLAMENTO GENERAL DE PROTECCI\u00d3N DE DATOS\"  onclick=\"javascript:void window.open('https:\/\/www.tumblr.com\/share\/link?url=www.fabregat-perulles-sales.com\/actualidad\/wp-json\/wp\/v2\/posts\/2303&name=NUEVO REGLAMENTO GENERAL DE PROTECCI\u00d3N DE DATOS','1410949501326','width=700,height=500,toolbar=0,menubar=0,location=0,status=1,scrollbars=1,resizable=1,left=0,top=0');return false;\" style=\"background-position: -150px -120px \"><\/a>\r\n\t\t\t\t\t<\/li>\r\n\t\t\t\t\t\t\t\t\t\t<li class=\"none nobackground \" >\r\n\r\n\t\t\t\t\t\t\t\t\t\t\t\t<a id=\"backforunical2303\" href=\"http:\/\/digg.com\/submit?phase=2&url=www.fabregat-perulles-sales.com\/actualidad\/wp-json\/wp\/v2\/posts\/2303&title=NUEVO REGLAMENTO GENERAL DE PROTECCI\u00d3N DE DATOS\"  onclick=\"javascript:void window.open('http:\/\/digg.com\/submit?phase=2&url=www.fabregat-perulles-sales.com\/actualidad\/wp-json\/wp\/v2\/posts\/2303&title=NUEVO REGLAMENTO GENERAL DE PROTECCI\u00d3N DE DATOS','1410949501326','width=700,height=500,toolbar=0,menubar=0,location=0,status=1,scrollbars=1,resizable=1,left=0,top=0');return false;\" style=\"background-position: -180px -120px \"><\/a>\r\n\t\t\t\t\t<\/li>\r\n\t\t\t\t\t\t\t\t\t\t<li class=\"none nobackground \" >\r\n\r\n\t\t\t\t\t\t\t\t\t\t\t\t<a id=\"backforunical2303\" href=\"http:\/\/www.stumbleupon.com\/submit?url=www.fabregat-perulles-sales.com\/actualidad\/wp-json\/wp\/v2\/posts\/2303&title=NUEVO REGLAMENTO GENERAL DE PROTECCI\u00d3N DE DATOS\"  onclick=\"javascript:void window.open('http:\/\/www.stumbleupon.com\/submit?url=www.fabregat-perulles-sales.com\/actualidad\/wp-json\/wp\/v2\/posts\/2303&title=NUEVO REGLAMENTO GENERAL DE PROTECCI\u00d3N DE DATOS','1410949501326','width=700,height=500,toolbar=0,menubar=0,location=0,status=1,scrollbars=1,resizable=1,left=0,top=0');return false;\" style=\"background-position: -210px -120px \"><\/a>\r\n\t\t\t\t\t<\/li>\r\n\t\t\t\t\t\t\t\t\t\t<li class=\"none nobackground \" >\r\n\r\n\t\t\t\t\t\t\t\t\t\t\t\t<a id=\"backforunical2303\" href=\"https:\/\/myspace.com\/post?l=3&u=www.fabregat-perulles-sales.com\/actualidad\/wp-json\/wp\/v2\/posts\/2303\"  onclick=\"javascript:void window.open('https:\/\/myspace.com\/post?l=3&u=www.fabregat-perulles-sales.com\/actualidad\/wp-json\/wp\/v2\/posts\/2303','1410949501326','width=700,height=500,toolbar=0,menubar=0,location=0,status=1,scrollbars=1,resizable=1,left=0,top=0');return false;\" style=\"background-position: -240px -120px \"><\/a>\r\n\t\t\t\t\t<\/li>\r\n\t\t\t\t\t\t\t\t\t\t<li class=\"nobackground \" >\r\n\r\n\t\t\t\t\t\t\t\t\t\t\t\t<a id=\"backforunical2303\" href=\"http:\/\/vk.com\/share.php?url=www.fabregat-perulles-sales.com\/actualidad\/wp-json\/wp\/v2\/posts\/2303&title=NUEVO REGLAMENTO GENERAL DE PROTECCI\u00d3N DE DATOS\"  onclick=\"javascript:void window.open('http:\/\/vk.com\/share.php?url=www.fabregat-perulles-sales.com\/actualidad\/wp-json\/wp\/v2\/posts\/2303&title=NUEVO REGLAMENTO GENERAL DE PROTECCI\u00d3N DE DATOS','1410949501326','width=700,height=500,toolbar=0,menubar=0,location=0,status=1,scrollbars=1,resizable=1,left=0,top=0');return false;\" style=\"background-position: -270px -120px \"><\/a>\r\n\t\t\t\t\t<\/li>\r\n\t\t\t\t\t\t\t\t\t\t<li class=\"none nobackground \" >\r\n\r\n\t\t\t\t\t\t\t\t\t\t\t\t<a id=\"backforunical2303\" href=\"http:\/\/www.reddit.com\/submit?url=www.fabregat-perulles-sales.com\/actualidad\/wp-json\/wp\/v2\/posts\/2303&title=NUEVO REGLAMENTO GENERAL DE PROTECCI\u00d3N DE DATOS\"  onclick=\"javascript:void window.open('http:\/\/www.reddit.com\/submit?url=www.fabregat-perulles-sales.com\/actualidad\/wp-json\/wp\/v2\/posts\/2303&title=NUEVO REGLAMENTO GENERAL DE PROTECCI\u00d3N DE DATOS','1410949501326','width=700,height=500,toolbar=0,menubar=0,location=0,status=1,scrollbars=1,resizable=1,left=0,top=0');return false;\" style=\"background-position: -300px -120px \"><\/a>\r\n\t\t\t\t\t<\/li>\r\n\t\t\t\t\t\t\t\t\t\t<li class=\"none nobackground \" >\r\n\r\n\t\t\t\t\t\t\t\t\t\t\t\t<a id=\"backforunical2303\" href=\"http:\/\/www.bebo.com\/c\/share?Url=www.fabregat-perulles-sales.com\/actualidad\/wp-json\/wp\/v2\/posts\/2303\"  onclick=\"javascript:void window.open('http:\/\/www.bebo.com\/c\/share?Url=www.fabregat-perulles-sales.com\/actualidad\/wp-json\/wp\/v2\/posts\/2303','1410949501326','width=700,height=500,toolbar=0,menubar=0,location=0,status=1,scrollbars=1,resizable=1,left=0,top=0');return false;\" style=\"background-position: -330px -120px \"><\/a>\r\n\t\t\t\t\t<\/li>\r\n\t\t\t\t\t\t\t\t\t\t<li class=\"none nobackground \" >\r\n\r\n\t\t\t\t\t\t\t\t\t\t\t\t<a id=\"backforunical2303\" href=\"https:\/\/delicious.com\/save?v=5&noui&jump=close&url=www.fabregat-perulles-sales.com\/actualidad\/wp-json\/wp\/v2\/posts\/2303&title=NUEVO REGLAMENTO GENERAL DE PROTECCI\u00d3N DE DATOS\"  onclick=\"javascript:void window.open('https:\/\/delicious.com\/save?v=5&noui&jump=close&url=www.fabregat-perulles-sales.com\/actualidad\/wp-json\/wp\/v2\/posts\/2303&title=NUEVO REGLAMENTO GENERAL DE PROTECCI\u00d3N DE DATOS','1410949501326','width=700,height=500,toolbar=0,menubar=0,location=0,status=1,scrollbars=1,resizable=1,left=0,top=0');return false;\" style=\"background-position: -360px -120px \"><\/a>\r\n\t\t\t\t\t<\/li>\r\n\t\t\t\t\t\t\t\t\t\t<li class=\"none nobackground \" >\r\n\r\n\t\t\t\t\t\t\t\t\t\t\t\t<a id=\"backforunical2303\" href=\"http:\/\/www.odnoklassniki.ru\/dk?st.cmd=addShare&st.s=2&st.noresize=on&st._surl=www.fabregat-perulles-sales.com\/actualidad\/wp-json\/wp\/v2\/posts\/2303\"  onclick=\"javascript:void window.open('http:\/\/www.odnoklassniki.ru\/dk?st.cmd=addShare&st.s=2&st.noresize=on&st._surl=www.fabregat-perulles-sales.com\/actualidad\/wp-json\/wp\/v2\/posts\/2303','1410949501326','width=700,height=500,toolbar=0,menubar=0,location=0,status=1,scrollbars=1,resizable=1,left=0,top=0');return false;\" style=\"background-position: -390px -120px \"><\/a>\r\n\t\t\t\t\t<\/li>\r\n\t\t\t\t\t\t\t\t\t\t<li class=\"none nobackground \" >\r\n\r\n\t\t\t\t\t\t\t\t\t\t\t\t<a id=\"backforunical2303\" href=\"http:\/\/sns.qzone.qq.com\/cgi-bin\/qzshare\/cgi_qzshare_onekey?url=www.fabregat-perulles-sales.com\/actualidad\/wp-json\/wp\/v2\/posts\/2303&title=NUEVO REGLAMENTO GENERAL DE PROTECCI\u00d3N DE DATOS\"  onclick=\"javascript:void window.open('http:\/\/sns.qzone.qq.com\/cgi-bin\/qzshare\/cgi_qzshare_onekey?url=www.fabregat-perulles-sales.com\/actualidad\/wp-json\/wp\/v2\/posts\/2303&title=NUEVO REGLAMENTO GENERAL DE PROTECCI\u00d3N DE DATOS','1410949501326','width=700,height=500,toolbar=0,menubar=0,location=0,status=1,scrollbars=1,resizable=1,left=0,top=0');return false;\" style=\"background-position: -420px -120px \"><\/a>\r\n\t\t\t\t\t<\/li>\r\n\t\t\t\t\t\t\t\t\t\t<li class=\"none nobackground \" >\r\n\r\n\t\t\t\t\t\t\t\t\t\t\t\t<a id=\"backforunical2303\" href=\"http:\/\/service.weibo.com\/share\/share.php?url=www.fabregat-perulles-sales.com\/actualidad\/wp-json\/wp\/v2\/posts\/2303&appkey=&title=NUEVO REGLAMENTO GENERAL DE PROTECCI\u00d3N DE DATOS&pic=&ralateUid=&\"  onclick=\"javascript:void window.open('http:\/\/service.weibo.com\/share\/share.php?url=www.fabregat-perulles-sales.com\/actualidad\/wp-json\/wp\/v2\/posts\/2303&appkey=&title=NUEVO REGLAMENTO GENERAL DE PROTECCI\u00d3N DE DATOS&pic=&ralateUid=&','1410949501326','width=700,height=500,toolbar=0,menubar=0,location=0,status=1,scrollbars=1,resizable=1,left=0,top=0');return false;\" style=\"background-position: -450px -120px \"><\/a>\r\n\t\t\t\t\t<\/li>\r\n\t\t\t\t\t\t\t\t\t\t<li class=\"none nobackground \" >\r\n\r\n\t\t\t\t\t\t\t\t\t\t\t\t<a id=\"backforunical2303\" href=\"http:\/\/widget.renren.com\/dialog\/share?resourceUrl=www.fabregat-perulles-sales.com\/actualidad\/wp-json\/wp\/v2\/posts\/2303&srcUrl=www.fabregat-perulles-sales.com\/actualidad\/wp-json\/wp\/v2\/posts\/2303&title=NUEVO REGLAMENTO GENERAL DE PROTECCI\u00d3N DE DATOS\"  onclick=\"javascript:void window.open('http:\/\/widget.renren.com\/dialog\/share?resourceUrl=www.fabregat-perulles-sales.com\/actualidad\/wp-json\/wp\/v2\/posts\/2303&srcUrl=www.fabregat-perulles-sales.com\/actualidad\/wp-json\/wp\/v2\/posts\/2303&title=NUEVO REGLAMENTO GENERAL DE PROTECCI\u00d3N DE DATOS','1410949501326','width=700,height=500,toolbar=0,menubar=0,location=0,status=1,scrollbars=1,resizable=1,left=0,top=0');return false;\" style=\"background-position: -480px -120px \"><\/a>\r\n\t\t\t\t\t<\/li>\r\n\t\t\t\t\t\t\t\t\t\t<li class=\"none nobackground \" >\r\n\r\n\t\t\t\t\t\t\t\t\t\t\t\t<a id=\"backforunical2303\" href=\"http:\/\/n4g.com\/tips?url=www.fabregat-perulles-sales.com\/actualidad\/wp-json\/wp\/v2\/posts\/2303&title=NUEVO REGLAMENTO GENERAL DE PROTECCI\u00d3N DE DATOS\"  onclick=\"javascript:void window.open('http:\/\/n4g.com\/tips?url=www.fabregat-perulles-sales.com\/actualidad\/wp-json\/wp\/v2\/posts\/2303&title=NUEVO REGLAMENTO GENERAL DE PROTECCI\u00d3N DE DATOS','1410949501326','width=700,height=500,toolbar=0,menubar=0,location=0,status=1,scrollbars=1,resizable=1,left=0,top=0');return false;\" style=\"background-position: -510px -120px \"><\/a>\r\n\t\t\t\t\t<\/li>\r\n\t\t\t\t\t\t\t\t<\/ul>\r\n\t\t\t<div class=\"clear\"><\/div>\r\n\t\t<\/div>\r\n\t\t","protected":false},"excerpt":{"rendered":"<p>I.-\u00a0 Entrada en vigor y aplicabilidad:\u00a0 El pasado 25 de mayo de 2016 entr\u00f3 en vigor el Reglamento (UE) 2016\/679 del Parlamento Europeo y del Consejo, de 27 de abril de 2016 (publicado en el DO de la UE de 4 de mayo), relativo a la protecci\u00f3n de las personas f\u00edsicas en lo que respecta\u2026 <span class=\"read-more\"><a href=\"https:\/\/www.fabregat-perulles-sales.com\/actualidad\/nuevo-reglamento-general-de-proteccion-de-datos\/\">Read More &raquo;<\/a><\/span><\/p>\n","protected":false},"author":3,"featured_media":0,"comment_status":"open","ping_status":"closed","sticky":false,"template":"","format":"standard","meta":[],"categories":[466,457],"tags":[390,736],"yoast_head":"<!-- This site is optimized with the Yoast SEO plugin v20.2.1 - https:\/\/yoast.com\/wordpress\/plugins\/seo\/ -->\n<title>Entra en vigor pero no amplicaci\u00f3n el pasado 25 de mayo el Reglamento del Parlamento Europeo para la Protecci\u00f3n de Datos<\/title>\n<meta name=\"description\" content=\"El pasado 25 de mayo de 2016 entr\u00f3 en vigor el Reglamento (UE) 2016\/679 del Parlamento Europeo y del Consejo, de 27 de abril de 2016 (publicado en el DO de la UE de 4 de mayo), relativo a la protecci\u00f3n de las personas f\u00edsicas en lo que respecta al tratamiento de datos personales y a la libre circulaci\u00f3n de \u00e9stos, con el fin de garantizar un nivel uniforme, equivalente y elevado de protecci\u00f3n de las personas f\u00edsicas en todos los estados miembros, eliminando los actuales obst\u00e1culos a la circulaci\u00f3n de dichos datos dentro de la propia UE, en la que tales garant\u00edas actualmente son insuficientes o se aplican de manera fragmentada con la consecuente inseguridad jur\u00eddica que ello provoca.\" \/>\n<meta name=\"robots\" content=\"index, follow, max-snippet:-1, max-image-preview:large, max-video-preview:-1\" \/>\n<link rel=\"canonical\" href=\"https:\/\/www.fabregat-perulles-sales.com\/actualidad\/nuevo-reglamento-general-de-proteccion-de-datos\/\" \/>\n<meta property=\"og:locale\" content=\"en_US\" \/>\n<meta property=\"og:type\" content=\"article\" \/>\n<meta property=\"og:title\" content=\"Entra en vigor pero no amplicaci\u00f3n el pasado 25 de mayo el Reglamento del Parlamento Europeo para la Protecci\u00f3n de Datos\" \/>\n<meta property=\"og:description\" content=\"El pasado 25 de mayo de 2016 entr\u00f3 en vigor el Reglamento (UE) 2016\/679 del Parlamento Europeo y del Consejo, de 27 de abril de 2016 (publicado en el DO de la UE de 4 de mayo), relativo a la protecci\u00f3n de las personas f\u00edsicas en lo que respecta al tratamiento de datos personales y a la libre circulaci\u00f3n de \u00e9stos, con el fin de garantizar un nivel uniforme, equivalente y elevado de protecci\u00f3n de las personas f\u00edsicas en todos los estados miembros, eliminando los actuales obst\u00e1culos a la circulaci\u00f3n de dichos datos dentro de la propia UE, en la que tales garant\u00edas actualmente son insuficientes o se aplican de manera fragmentada con la consecuente inseguridad jur\u00eddica que ello provoca.\" \/>\n<meta property=\"og:url\" content=\"https:\/\/www.fabregat-perulles-sales.com\/actualidad\/nuevo-reglamento-general-de-proteccion-de-datos\/\" \/>\n<meta property=\"og:site_name\" content=\"International Lawyers\" \/>\n<meta property=\"article:published_time\" content=\"2016-06-09T08:40:31+00:00\" \/>\n<meta property=\"article:modified_time\" content=\"2016-06-09T09:07:13+00:00\" \/>\n<meta property=\"og:image\" content=\"http:\/\/www.fabregat-perulles-sales.com\/actualidad\/wp-content\/uploads\/2016\/06\/proteccion-datos-300x225.jpg\" \/>\n<meta name=\"author\" content=\"Victor\" \/>\n<meta name=\"twitter:card\" content=\"summary_large_image\" \/>\n<meta name=\"twitter:label1\" content=\"Written by\" \/>\n\t<meta name=\"twitter:data1\" content=\"Victor\" \/>\n\t<meta name=\"twitter:label2\" content=\"Est. reading time\" \/>\n\t<meta name=\"twitter:data2\" content=\"9 minutes\" \/>\n<script type=\"application\/ld+json\" class=\"yoast-schema-graph\">{\"@context\":\"https:\/\/schema.org\",\"@graph\":[{\"@type\":\"WebPage\",\"@id\":\"https:\/\/www.fabregat-perulles-sales.com\/actualidad\/nuevo-reglamento-general-de-proteccion-de-datos\/\",\"url\":\"https:\/\/www.fabregat-perulles-sales.com\/actualidad\/nuevo-reglamento-general-de-proteccion-de-datos\/\",\"name\":\"Entra en vigor pero no amplicaci\u00f3n el pasado 25 de mayo el Reglamento del Parlamento Europeo para la Protecci\u00f3n de Datos\",\"isPartOf\":{\"@id\":\"https:\/\/www.fabregat-perulles-sales.com\/actualidad\/#website\"},\"datePublished\":\"2016-06-09T08:40:31+00:00\",\"dateModified\":\"2016-06-09T09:07:13+00:00\",\"author\":{\"@id\":\"https:\/\/www.fabregat-perulles-sales.com\/actualidad\/#\/schema\/person\/cabc1d68c7778f01d5e069c2d98442e3\"},\"description\":\"El pasado 25 de mayo de 2016 entr\u00f3 en vigor el Reglamento (UE) 2016\/679 del Parlamento Europeo y del Consejo, de 27 de abril de 2016 (publicado en el DO de la UE de 4 de mayo), relativo a la protecci\u00f3n de las personas f\u00edsicas en lo que respecta al tratamiento de datos personales y a la libre circulaci\u00f3n de \u00e9stos, con el fin de garantizar un nivel uniforme, equivalente y elevado de protecci\u00f3n de las personas f\u00edsicas en todos los estados miembros, eliminando los actuales obst\u00e1culos a la circulaci\u00f3n de dichos datos dentro de la propia UE, en la que tales garant\u00edas actualmente son insuficientes o se aplican de manera fragmentada con la consecuente inseguridad jur\u00eddica que ello provoca.\",\"breadcrumb\":{\"@id\":\"https:\/\/www.fabregat-perulles-sales.com\/actualidad\/nuevo-reglamento-general-de-proteccion-de-datos\/#breadcrumb\"},\"inLanguage\":\"en-US\",\"potentialAction\":[{\"@type\":\"ReadAction\",\"target\":[\"https:\/\/www.fabregat-perulles-sales.com\/actualidad\/nuevo-reglamento-general-de-proteccion-de-datos\/\"]}]},{\"@type\":\"BreadcrumbList\",\"@id\":\"https:\/\/www.fabregat-perulles-sales.com\/actualidad\/nuevo-reglamento-general-de-proteccion-de-datos\/#breadcrumb\",\"itemListElement\":[{\"@type\":\"ListItem\",\"position\":1,\"name\":\"Home\",\"item\":\"https:\/\/www.fabregat-perulles-sales.com\/actualidad\/\"},{\"@type\":\"ListItem\",\"position\":2,\"name\":\"NUEVO REGLAMENTO GENERAL DE PROTECCI\u00d3N DE DATOS\"}]},{\"@type\":\"WebSite\",\"@id\":\"https:\/\/www.fabregat-perulles-sales.com\/actualidad\/#website\",\"url\":\"https:\/\/www.fabregat-perulles-sales.com\/actualidad\/\",\"name\":\"www.fabregat-perulles-sales.com\",\"description\":\"Fabregat Perulles Sales Abogados is a law firm of reference international market in the Spanish-German, Spanish-French, and Spanish-Italian. Is one of the first firms in Barcelona offering a Russian Desk.\",\"potentialAction\":[{\"@type\":\"SearchAction\",\"target\":{\"@type\":\"EntryPoint\",\"urlTemplate\":\"https:\/\/www.fabregat-perulles-sales.com\/actualidad\/?s={search_term_string}\"},\"query-input\":\"required name=search_term_string\"}],\"inLanguage\":\"en-US\"},{\"@type\":\"Person\",\"@id\":\"https:\/\/www.fabregat-perulles-sales.com\/actualidad\/#\/schema\/person\/cabc1d68c7778f01d5e069c2d98442e3\",\"name\":\"Victor\",\"image\":{\"@type\":\"ImageObject\",\"inLanguage\":\"en-US\",\"@id\":\"https:\/\/www.fabregat-perulles-sales.com\/actualidad\/#\/schema\/person\/image\/\",\"url\":\"https:\/\/secure.gravatar.com\/avatar\/756cb666a964d2960ffe307b8a53b271?s=96&d=mm&r=g\",\"contentUrl\":\"https:\/\/secure.gravatar.com\/avatar\/756cb666a964d2960ffe307b8a53b271?s=96&d=mm&r=g\",\"caption\":\"Victor\"},\"sameAs\":[\"http:\/\/www.fabregat-perulles-sales.com\"],\"url\":\"https:\/\/www.fabregat-perulles-sales.com\/actualidad\/author\/victor\/\"}]}<\/script>\n<!-- \/ Yoast SEO plugin. -->","yoast_head_json":{"title":"Entra en vigor pero no amplicaci\u00f3n el pasado 25 de mayo el Reglamento del Parlamento Europeo para la Protecci\u00f3n de Datos","description":"El pasado 25 de mayo de 2016 entr\u00f3 en vigor el Reglamento (UE) 2016\/679 del Parlamento Europeo y del Consejo, de 27 de abril de 2016 (publicado en el DO de la UE de 4 de mayo), relativo a la protecci\u00f3n de las personas f\u00edsicas en lo que respecta al tratamiento de datos personales y a la libre circulaci\u00f3n de \u00e9stos, con el fin de garantizar un nivel uniforme, equivalente y elevado de protecci\u00f3n de las personas f\u00edsicas en todos los estados miembros, eliminando los actuales obst\u00e1culos a la circulaci\u00f3n de dichos datos dentro de la propia UE, en la que tales garant\u00edas actualmente son insuficientes o se aplican de manera fragmentada con la consecuente inseguridad jur\u00eddica que ello provoca.","robots":{"index":"index","follow":"follow","max-snippet":"max-snippet:-1","max-image-preview":"max-image-preview:large","max-video-preview":"max-video-preview:-1"},"canonical":"https:\/\/www.fabregat-perulles-sales.com\/actualidad\/nuevo-reglamento-general-de-proteccion-de-datos\/","og_locale":"en_US","og_type":"article","og_title":"Entra en vigor pero no amplicaci\u00f3n el pasado 25 de mayo el Reglamento del Parlamento Europeo para la Protecci\u00f3n de Datos","og_description":"El pasado 25 de mayo de 2016 entr\u00f3 en vigor el Reglamento (UE) 2016\/679 del Parlamento Europeo y del Consejo, de 27 de abril de 2016 (publicado en el DO de la UE de 4 de mayo), relativo a la protecci\u00f3n de las personas f\u00edsicas en lo que respecta al tratamiento de datos personales y a la libre circulaci\u00f3n de \u00e9stos, con el fin de garantizar un nivel uniforme, equivalente y elevado de protecci\u00f3n de las personas f\u00edsicas en todos los estados miembros, eliminando los actuales obst\u00e1culos a la circulaci\u00f3n de dichos datos dentro de la propia UE, en la que tales garant\u00edas actualmente son insuficientes o se aplican de manera fragmentada con la consecuente inseguridad jur\u00eddica que ello provoca.","og_url":"https:\/\/www.fabregat-perulles-sales.com\/actualidad\/nuevo-reglamento-general-de-proteccion-de-datos\/","og_site_name":"International Lawyers","article_published_time":"2016-06-09T08:40:31+00:00","article_modified_time":"2016-06-09T09:07:13+00:00","og_image":[{"url":"http:\/\/www.fabregat-perulles-sales.com\/actualidad\/wp-content\/uploads\/2016\/06\/proteccion-datos-300x225.jpg"}],"author":"Victor","twitter_card":"summary_large_image","twitter_misc":{"Written by":"Victor","Est. reading time":"9 minutes"},"schema":{"@context":"https:\/\/schema.org","@graph":[{"@type":"WebPage","@id":"https:\/\/www.fabregat-perulles-sales.com\/actualidad\/nuevo-reglamento-general-de-proteccion-de-datos\/","url":"https:\/\/www.fabregat-perulles-sales.com\/actualidad\/nuevo-reglamento-general-de-proteccion-de-datos\/","name":"Entra en vigor pero no amplicaci\u00f3n el pasado 25 de mayo el Reglamento del Parlamento Europeo para la Protecci\u00f3n de Datos","isPartOf":{"@id":"https:\/\/www.fabregat-perulles-sales.com\/actualidad\/#website"},"datePublished":"2016-06-09T08:40:31+00:00","dateModified":"2016-06-09T09:07:13+00:00","author":{"@id":"https:\/\/www.fabregat-perulles-sales.com\/actualidad\/#\/schema\/person\/cabc1d68c7778f01d5e069c2d98442e3"},"description":"El pasado 25 de mayo de 2016 entr\u00f3 en vigor el Reglamento (UE) 2016\/679 del Parlamento Europeo y del Consejo, de 27 de abril de 2016 (publicado en el DO de la UE de 4 de mayo), relativo a la protecci\u00f3n de las personas f\u00edsicas en lo que respecta al tratamiento de datos personales y a la libre circulaci\u00f3n de \u00e9stos, con el fin de garantizar un nivel uniforme, equivalente y elevado de protecci\u00f3n de las personas f\u00edsicas en todos los estados miembros, eliminando los actuales obst\u00e1culos a la circulaci\u00f3n de dichos datos dentro de la propia UE, en la que tales garant\u00edas actualmente son insuficientes o se aplican de manera fragmentada con la consecuente inseguridad jur\u00eddica que ello provoca.","breadcrumb":{"@id":"https:\/\/www.fabregat-perulles-sales.com\/actualidad\/nuevo-reglamento-general-de-proteccion-de-datos\/#breadcrumb"},"inLanguage":"en-US","potentialAction":[{"@type":"ReadAction","target":["https:\/\/www.fabregat-perulles-sales.com\/actualidad\/nuevo-reglamento-general-de-proteccion-de-datos\/"]}]},{"@type":"BreadcrumbList","@id":"https:\/\/www.fabregat-perulles-sales.com\/actualidad\/nuevo-reglamento-general-de-proteccion-de-datos\/#breadcrumb","itemListElement":[{"@type":"ListItem","position":1,"name":"Home","item":"https:\/\/www.fabregat-perulles-sales.com\/actualidad\/"},{"@type":"ListItem","position":2,"name":"NUEVO REGLAMENTO GENERAL DE PROTECCI\u00d3N DE DATOS"}]},{"@type":"WebSite","@id":"https:\/\/www.fabregat-perulles-sales.com\/actualidad\/#website","url":"https:\/\/www.fabregat-perulles-sales.com\/actualidad\/","name":"www.fabregat-perulles-sales.com","description":"Fabregat Perulles Sales Abogados is a law firm of reference international market in the Spanish-German, Spanish-French, and Spanish-Italian. Is one of the first firms in Barcelona offering a Russian Desk.","potentialAction":[{"@type":"SearchAction","target":{"@type":"EntryPoint","urlTemplate":"https:\/\/www.fabregat-perulles-sales.com\/actualidad\/?s={search_term_string}"},"query-input":"required name=search_term_string"}],"inLanguage":"en-US"},{"@type":"Person","@id":"https:\/\/www.fabregat-perulles-sales.com\/actualidad\/#\/schema\/person\/cabc1d68c7778f01d5e069c2d98442e3","name":"Victor","image":{"@type":"ImageObject","inLanguage":"en-US","@id":"https:\/\/www.fabregat-perulles-sales.com\/actualidad\/#\/schema\/person\/image\/","url":"https:\/\/secure.gravatar.com\/avatar\/756cb666a964d2960ffe307b8a53b271?s=96&d=mm&r=g","contentUrl":"https:\/\/secure.gravatar.com\/avatar\/756cb666a964d2960ffe307b8a53b271?s=96&d=mm&r=g","caption":"Victor"},"sameAs":["http:\/\/www.fabregat-perulles-sales.com"],"url":"https:\/\/www.fabregat-perulles-sales.com\/actualidad\/author\/victor\/"}]}},"amp_enabled":true,"_links":{"self":[{"href":"https:\/\/www.fabregat-perulles-sales.com\/actualidad\/wp-json\/wp\/v2\/posts\/2303"}],"collection":[{"href":"https:\/\/www.fabregat-perulles-sales.com\/actualidad\/wp-json\/wp\/v2\/posts"}],"about":[{"href":"https:\/\/www.fabregat-perulles-sales.com\/actualidad\/wp-json\/wp\/v2\/types\/post"}],"author":[{"embeddable":true,"href":"https:\/\/www.fabregat-perulles-sales.com\/actualidad\/wp-json\/wp\/v2\/users\/3"}],"replies":[{"embeddable":true,"href":"https:\/\/www.fabregat-perulles-sales.com\/actualidad\/wp-json\/wp\/v2\/comments?post=2303"}],"version-history":[{"count":5,"href":"https:\/\/www.fabregat-perulles-sales.com\/actualidad\/wp-json\/wp\/v2\/posts\/2303\/revisions"}],"predecessor-version":[{"id":2305,"href":"https:\/\/www.fabregat-perulles-sales.com\/actualidad\/wp-json\/wp\/v2\/posts\/2303\/revisions\/2305"}],"wp:attachment":[{"href":"https:\/\/www.fabregat-perulles-sales.com\/actualidad\/wp-json\/wp\/v2\/media?parent=2303"}],"wp:term":[{"taxonomy":"category","embeddable":true,"href":"https:\/\/www.fabregat-perulles-sales.com\/actualidad\/wp-json\/wp\/v2\/categories?post=2303"},{"taxonomy":"post_tag","embeddable":true,"href":"https:\/\/www.fabregat-perulles-sales.com\/actualidad\/wp-json\/wp\/v2\/tags?post=2303"}],"curies":[{"name":"wp","href":"https:\/\/api.w.org\/{rel}","templated":true}]}}