{"id":2300,"date":"2016-06-07T09:57:19","date_gmt":"2016-06-07T08:57:19","guid":{"rendered":"http:\/\/www.fabregat-perulles-sales.com\/actualidad\/?p=2300"},"modified":"2017-02-28T16:58:43","modified_gmt":"2017-02-28T15:58:43","slug":"quel-est-le-delai-pour-executer-une-decision-judiciaire-etrangere-en-espagne","status":"publish","type":"post","link":"https:\/\/www.fabregat-perulles-sales.com\/actualidad\/quel-est-le-delai-pour-executer-une-decision-judiciaire-etrangere-en-espagne\/","title":{"rendered":"Quel est le d\u00e9lai pour ex\u00e9cuter une d\u00e9cision judiciaire \u00e9trang\u00e8re en Espagne?"},"content":{"rendered":"<p><a href=\"http:\/\/www.fabregat-perulles-sales.com\/actualidad\/wp-content\/uploads\/2016\/06\/mazo-juez-abogados-espanol.jpg\"><img decoding=\"async\" loading=\"lazy\" class=\"alignright size-medium wp-image-2294\" src=\"http:\/\/www.fabregat-perulles-sales.com\/actualidad\/wp-content\/uploads\/2016\/06\/mazo-juez-abogados-espanol-300x204.jpg\" alt=\"ejecuci\u00f3n sentencia extranjera mazo\" width=\"300\" height=\"204\" srcset=\"https:\/\/www.fabregat-perulles-sales.com\/actualidad\/wp-content\/uploads\/2016\/06\/mazo-juez-abogados-espanol-300x204.jpg 300w, https:\/\/www.fabregat-perulles-sales.com\/actualidad\/wp-content\/uploads\/2016\/06\/mazo-juez-abogados-espanol.jpg 960w\" sizes=\"(max-width: 300px) 100vw, 300px\" \/><\/a>\u00c0 cons\u00e9quence de l\u00b4augment des relations au-del\u00e0 des fronti\u00e8res, autant entre priv\u00e9s comme entre entreprises au cadre du droit civil et des affaires, \u00a0l\u00b4existence de d\u00e9cisions d\u00b4un \u00c9tat membre qui doivent \u00eatre ex\u00e9cut\u00e9es en Espagne, est de plus en plus fr\u00e9quente.<\/p>\n<p>La proc\u00e9dure concernant l\u00b4ex\u00e9cution des d\u00e9cisions \u00e9trang\u00e8res rendues dans un \u00c9tat membre en mati\u00e8re civile et commerciale est pr\u00e9vue au <a href=\"http:\/\/eur-lex.europa.eu\/LexUriServ\/LexUriServ.do?uri=CELEX:32001R0044:fr:HTML\" target=\"_blank\">R\u00e8glement Communautaire CE 44\/2001 (\u201cBruxelles I\u201d)<\/a> et, plus tard, au <a href=\"http:\/\/eur-lex.europa.eu\/LexUriServ\/LexUriServ.do?uri=OJ:L:2012:351:0001:0032:fr:PDF\" target=\"_blank\">R\u00e8glement Communautaire 1215\/2012 (\u201cBruxelles I bis\u201d)<\/a>. Ce dernier est d\u00b4application pour les actions en justice exerc\u00e9es depuis le 10 janvier 2015, aussi comme aux documents publics et transactions judiciaires formalis\u00e9s ou approuv\u00e9s depuis la m\u00eame date.<\/p>\n<p>L\u00b4ex\u00e9cution en Espagne de d\u00e9cisions d\u00b4un autre \u00c9tat membre fait appara\u00eetre une importante question: le d\u00e9lais de forclusion pour pouvoir solliciter l\u00b4ex\u00e9cution des jugements. Le crit\u00e8re \u00e0 utiliser n\u00b4est pas clair, puisque aucun des deux R\u00e8glements \u00e9tablit aucun d\u00e9lais commun de forclusion de l\u00b4ex\u00e9cution de d\u00e9cisions, pour tous les \u00c9tats membres.<\/p>\n<p>Face au manque de pr\u00e9vision des deux R\u00e8glements au respect du limite temporaire pour l\u00b4ex\u00e9cution des d\u00e9cisions d\u00b4autres \u00c9tats membres, la Cour Supr\u00eame dans sa d\u00e9cision 537\/2014, de 16 Octobre, a d\u00e9termin\u00e9 que pour l\u00b4ex\u00e9cution des jugements \u00e9trangers en Espagne sous la protection du R\u00e8glement 44\/2001, sera d\u00b4application l\u00b4article 518 de la <a title=\"d\u00e9lai pour ex\u00e9cuter une d\u00e9cision judiciaire\" href=\"http:\/\/noticias.juridicas.com\/base_datos\/Privado\/l1-2000.html\" target=\"_blank\">Loi de proc\u00e9dure civile espagnole<\/a>, qui \u00e9tablit un d\u00e9lai de forclusion de cinq ans depuis qu\u00b4il y a une d\u00e9cision d\u00e9finitive rendue par une juridiction \u00e9trang\u00e8re. N\u00e9anmoins, le R\u00e8glement 44\/2001 \u00e9tablit que la \u201clex fori\u201d sera d\u00b4application \u00e0 la proc\u00e9dure d\u00b4ex\u00e9cution.<\/p>\n<p><!--more--><\/p>\n<p>L\u00b4application de ce terme est justifi\u00e9e par la D\u00e9cision de la Haute Cour sous la protection du principe de s\u00e9curit\u00e9 juridique, puisque\u00a0: \u201cce ne serai pas compatible avec ce principe, face au manque de pr\u00e9vision sp\u00e9cifique de terme de prescription ou forclusion pour la demande d\u00b4ex\u00e9cution d\u00b4un jugement d\u00b4un \u00c9tat Membre au r\u00e9gime du R\u00e8glement (CE) 44\/2001, que la demande pourrai se pr\u00e9senter \u00e0 tout moment, ou dans un tel d\u00e9lai que serait disproportionnellement majeur que celui pr\u00e9vu pour les jugements nationales\u201d.<\/p>\n<p>En ce qui concerne au moment ad\u00e9quat de la proc\u00e9dure pour opposer la forclusion de la demande d\u00b4ex\u00e9cution, La Cour Supr\u00eame admet qu\u00b4il est possible de r\u00e9aliser le recours pr\u00e9vu par l\u00b4article 43 du R\u00e8glement 44\/2001, au cas o\u00f9 le d\u00e9lais de cinq ans depuis que la d\u00e9cision \u00e9trang\u00e8re fut d\u00e9finitive, ai termin\u00e9, puisque m\u00eame n\u00b4\u00e9tant pas pr\u00e9vu express\u00e9ment comme une cause de contestation, ayant expir\u00e9 l\u00b4action ex\u00e9cutive, n\u00b4aurait aucun sens ajourner son appr\u00e9ciation \u00e0 un moment post\u00e9rieur de la proc\u00e9dure.<\/p>\n<p>D\u00b4autre part, le R\u00e8glement 1215\/2012, continue sans \u00e9tablir une limite temporaire expresse pour l\u00b4ex\u00e9cution de d\u00e9cisions \u00e9trang\u00e8res, mais dispose, d\u00b4accord avec le principe d\u00b4application de la \u201clex fori\u201d \u00e0 la proc\u00e9dure d\u00b4ex\u00e9cution, que: \u201cles d\u00e9cisions qui proviennent d\u00b4un \u00c9tat membre et qui disposent de force ex\u00e9cutoire dans l\u00b4\u00c9tat membre requis seront ex\u00e9cut\u00e9es dans ce m\u00eame pays dans les m\u00eames conditions que si elles aurait \u00e9t\u00e9 rendues dans l\u00b4\u00c9tat membre requis\u201d (article 41).<\/p>\n<p>Encore, l\u00b4article 30 du R\u00e8glement 1215\/2012 \u00e9tabli que\u00a0: \u201cquand une partie s\u00b4oppose \u00e0 l\u00b4ex\u00e9cution d\u00b4une d\u00e9cision rendue dans un autre \u00c9tat membre, doit pouvoir ouvrir la m\u00eame proc\u00e9dure, dans la mesure du possible et conform\u00e9ment \u00e0 l\u00b4ordre juridique de l\u00b4\u00c9tat membre requis, en plus des motifs de d\u00e9ni pr\u00e9vus par le pr\u00e9sent R\u00e8glement, aussi ceux \u00e9tablis par le Droit national, compris dans les termes que celui-ci dispose\u201d.<\/p>\n<p>En fait, la Cour Supr\u00eame eut compte de la r\u00e9daction du R\u00e8glement 1215\/2012, que m\u00eame si ce n\u00b4\u00e9tait pas applicable au cas concret, \u00e9clairci la volont\u00e9 du l\u00e9gislateur europ\u00e9en, qui d\u00b4une certaine fa\u00e7on renforce l\u00b4application de la \u201clex fori\u201d dans l\u00b4ex\u00e9cution des d\u00e9cisions judiciaires \u00e9trang\u00e8res. Pourtant, ces d\u00e9cisions pourrons \u00eatre ex\u00e9cut\u00e9es en Espagne au maximum dans un d\u00e9lai de cinq ans depuis qu\u00b4elles seront d\u00e9finitives.<\/p>\n<p>&nbsp;<\/p>\n\r\n\t\t<style>\r\n\t\t\t.huge-it-share-buttons {\r\n\t\t\t\tborder:0px solid #0FB5D6;\r\n\t\t\t\tborder-radius:5px;\r\n\t\t\t\tbackground:#3BD8FF;\r\n\t\t\t text-align:left; \t\t\t\t\t\t\t\t\t}\r\n\r\n\t\t\t#huge-it-share-buttons-top {margin-bottom:0px;}\r\n\t\t\t#huge-it-share-buttons-bottom {margin-top:0px;}\r\n\r\n\t\t\t.huge-it-share-buttons h3 {\r\n\t\t\t\tfont-size:25px ;\r\n\t\t\t\tfont-family:Arial,Helvetica Neue,Helvetica,sans-serif;\r\n\t\t\t\tcolor:#666666;\r\n\r\n\t\t\tdisplay:block;\t\t\t\tline-height:25px ;\r\n\r\n\t\t\t text-align:left; \t\t\t\t\t\t\t\t\t}\r\n\r\n\t\t\t.huge-it-share-buttons ul {\r\n\t\t\t float:left; \t\t\t\t\t\t\t\t\t}\r\n\r\n\t\t\t.huge-it-share-buttons ul li {\r\n\t\t\t\tmargin-left:3px;\r\n\t\t\t\tmargin-right:3px;\r\n\t\t\t\tpadding:0px;\r\n\t\t\t\tborder:0px ridge #E6354C;\r\n\t\t\t\tborder-radius:11px;\r\n\t\t\t\tbackground-color:#14CC9B;\r\n\t\t\t}\r\n\r\n\t\t\t.huge-it-share-buttons ul li #backforunical2300 {\r\n\t\t\t\tborder-bottom: 0;\r\n\t\t\t\tbackground-image:url('https:\/\/www.fabregat-perulles-sales.com\/actualidad\/wp-content\/plugins\/wp-share-buttons\/Front_end\/..\/images\/buttons.30.png');\r\n\t\t\t\twidth:30px;\r\n\t\t\t\theight:30px;\r\n\t\t\t}\r\n\r\n\t\t\t.front-shares-count {\r\n\t\t\t\tposition: absolute;\r\n\t\t\t\ttext-align: center;\r\n\t\t\t\tdisplay: block;\r\n\t\t\t}\r\n\r\n\t\t\t.shares_size20 .front-shares-count {\r\n\t\t\t\tfont-size: 10px;\r\n\t\t\t\ttop: 10px;\r\n\t\t\t\twidth: 20px;\r\n\t\t\t}\r\n\r\n\t\t\t.shares_size30 .front-shares-count {\r\n\t\t\t\tfont-size: 11px;\r\n\t\t\t\ttop: 15px;\r\n\t\t\t\twidth: 30px;\r\n\t\t\t}\r\n\r\n\t\t\t.shares_size40 .front-shares-count {\r\n\t\t\t\tfont-size: 12px;\r\n\t\t\t\ttop: 21px;\r\n\t\t\t\twidth: 40px;\r\n\t\t\t}\r\n\t\t<\/style>\r\n\t\t\r\n\t\t<div id=\"huge-it-share-buttons-top\" class=\"huge-it-share-buttons nobackground\">\r\n\t\t\t<h3>Share This:<\/h3>\r\n\t\t\t<ul class=\"huge-it-share-buttons-list \">\r\n\t\t\t\t\t\t\t\t\t<li class=\"nobackground \" >\r\n\r\n\t\t\t\t\t\t\t\t\t\t\t\t<a id=\"backforunical2300\" href=\"https:\/\/www.facebook.com\/sharer\/sharer.php?u=www.fabregat-perulles-sales.com\/actualidad\/wp-json\/wp\/v2\/posts\/2300\"  onclick=\"javascript:void window.open('https:\/\/www.facebook.com\/sharer\/sharer.php?u=www.fabregat-perulles-sales.com\/actualidad\/wp-json\/wp\/v2\/posts\/2300','1410949501326','width=700,height=500,toolbar=0,menubar=0,location=0,status=1,scrollbars=1,resizable=1,left=0,top=0');return false;\" style=\"background-position: -0px -120px \"><\/a>\r\n\t\t\t\t\t<\/li>\r\n\t\t\t\t\t\t\t\t\t\t<li class=\"nobackground \" >\r\n\r\n\t\t\t\t\t\t\t\t\t\t\t\t<a id=\"backforunical2300\" href=\"https:\/\/twitter.com\/share?status=www.fabregat-perulles-sales.com\/actualidad\/wp-json\/wp\/v2\/posts\/2300&text=Quel est le d\u00e9lai pour ex\u00e9cuter une d\u00e9cision judiciaire \u00e9trang\u00e8re en Espagne?\"  onclick=\"javascript:void window.open('https:\/\/twitter.com\/share?status=www.fabregat-perulles-sales.com\/actualidad\/wp-json\/wp\/v2\/posts\/2300&text=Quel est le d\u00e9lai pour ex\u00e9cuter une d\u00e9cision judiciaire \u00e9trang\u00e8re en Espagne?','1410949501326','width=700,height=500,toolbar=0,menubar=0,location=0,status=1,scrollbars=1,resizable=1,left=0,top=0');return false;\" style=\"background-position: -30px -120px \"><\/a>\r\n\t\t\t\t\t<\/li>\r\n\t\t\t\t\t\t\t\t\t\t<li class=\"none nobackground \" >\r\n\r\n\t\t\t\t\t\t\t\t\t\t\t\t<a id=\"backforunical2300\" href=\"http:\/\/www.pinterest.com\/pin\/create\/button\/?url=www.fabregat-perulles-sales.com\/actualidad\/wp-json\/wp\/v2\/posts\/2300&media=https:\/\/www.fabregat-perulles-sales.com\/actualidad\/wp-content\/plugins\/wp-share-buttons\/Front_end\/..\/images\/noimage.png&description=Quel est le d\u00e9lai pour ex\u00e9cuter une d\u00e9cision judiciaire \u00e9trang\u00e8re en Espagne?\"  onclick=\"javascript:void window.open('http:\/\/www.pinterest.com\/pin\/create\/button\/?url=www.fabregat-perulles-sales.com\/actualidad\/wp-json\/wp\/v2\/posts\/2300&media=https:\/\/www.fabregat-perulles-sales.com\/actualidad\/wp-content\/plugins\/wp-share-buttons\/Front_end\/..\/images\/noimage.png&description=Quel est le d\u00e9lai pour ex\u00e9cuter une d\u00e9cision judiciaire \u00e9trang\u00e8re en Espagne?','1410949501326','width=700,height=500,toolbar=0,menubar=0,location=0,status=1,scrollbars=1,resizable=1,left=0,top=0');return false;\" style=\"background-position: -60px -120px \"><\/a>\r\n\t\t\t\t\t<\/li>\r\n\t\t\t\t\t\t\t\t\t\t<li class=\"none nobackground \" >\r\n\r\n\t\t\t\t\t\t\t\t\t\t\t\t<a id=\"backforunical2300\" href=\"https:\/\/plus.google.com\/share?url=www.fabregat-perulles-sales.com\/actualidad\/wp-json\/wp\/v2\/posts\/2300\"  onclick=\"javascript:void window.open('https:\/\/plus.google.com\/share?url=www.fabregat-perulles-sales.com\/actualidad\/wp-json\/wp\/v2\/posts\/2300','1410949501326','width=700,height=500,toolbar=0,menubar=0,location=0,status=1,scrollbars=1,resizable=1,left=0,top=0');return false;\" style=\"background-position: -90px -120px \"><\/a>\r\n\t\t\t\t\t<\/li>\r\n\t\t\t\t\t\t\t\t\t\t<li class=\"nobackground \" >\r\n\r\n\t\t\t\t\t\t\t\t\t\t\t\t<a id=\"backforunical2300\" href=\"https:\/\/www.linkedin.com\/shareArticle?title=Quel est le d\u00e9lai pour ex\u00e9cuter une d\u00e9cision judiciaire \u00e9trang\u00e8re en Espagne?&mini=true&url=https:\/\/www.fabregat-perulles-sales.com\/actualidad\/wp-json\/wp\/v2\/posts\/2300\"  onclick=\"javascript:void window.open('https:\/\/www.linkedin.com\/shareArticle?title=Quel est le d\u00e9lai pour ex\u00e9cuter une d\u00e9cision judiciaire \u00e9trang\u00e8re en Espagne?&mini=true&url=https:\/\/www.fabregat-perulles-sales.com\/actualidad\/wp-json\/wp\/v2\/posts\/2300','1410949501326','width=700,height=500,toolbar=0,menubar=0,location=0,status=1,scrollbars=1,resizable=1,left=0,top=0');return false;\" style=\"background-position: -120px -120px \"><\/a>\r\n\t\t\t\t\t<\/li>\r\n\t\t\t\t\t\t\t\t\t\t<li class=\"none nobackground \" >\r\n\r\n\t\t\t\t\t\t\t\t\t\t\t\t<a id=\"backforunical2300\" href=\"https:\/\/www.tumblr.com\/share\/link?url=www.fabregat-perulles-sales.com\/actualidad\/wp-json\/wp\/v2\/posts\/2300&name=Quel est le d\u00e9lai pour ex\u00e9cuter une d\u00e9cision judiciaire \u00e9trang\u00e8re en Espagne?\"  onclick=\"javascript:void window.open('https:\/\/www.tumblr.com\/share\/link?url=www.fabregat-perulles-sales.com\/actualidad\/wp-json\/wp\/v2\/posts\/2300&name=Quel est le d\u00e9lai pour ex\u00e9cuter une d\u00e9cision judiciaire \u00e9trang\u00e8re en Espagne?','1410949501326','width=700,height=500,toolbar=0,menubar=0,location=0,status=1,scrollbars=1,resizable=1,left=0,top=0');return false;\" style=\"background-position: -150px -120px \"><\/a>\r\n\t\t\t\t\t<\/li>\r\n\t\t\t\t\t\t\t\t\t\t<li class=\"none nobackground \" >\r\n\r\n\t\t\t\t\t\t\t\t\t\t\t\t<a id=\"backforunical2300\" href=\"http:\/\/digg.com\/submit?phase=2&url=www.fabregat-perulles-sales.com\/actualidad\/wp-json\/wp\/v2\/posts\/2300&title=Quel est le d\u00e9lai pour ex\u00e9cuter une d\u00e9cision judiciaire \u00e9trang\u00e8re en Espagne?\"  onclick=\"javascript:void window.open('http:\/\/digg.com\/submit?phase=2&url=www.fabregat-perulles-sales.com\/actualidad\/wp-json\/wp\/v2\/posts\/2300&title=Quel est le d\u00e9lai pour ex\u00e9cuter une d\u00e9cision judiciaire \u00e9trang\u00e8re en Espagne?','1410949501326','width=700,height=500,toolbar=0,menubar=0,location=0,status=1,scrollbars=1,resizable=1,left=0,top=0');return false;\" style=\"background-position: -180px -120px \"><\/a>\r\n\t\t\t\t\t<\/li>\r\n\t\t\t\t\t\t\t\t\t\t<li class=\"none nobackground \" >\r\n\r\n\t\t\t\t\t\t\t\t\t\t\t\t<a id=\"backforunical2300\" href=\"http:\/\/www.stumbleupon.com\/submit?url=www.fabregat-perulles-sales.com\/actualidad\/wp-json\/wp\/v2\/posts\/2300&title=Quel est le d\u00e9lai pour ex\u00e9cuter une d\u00e9cision judiciaire \u00e9trang\u00e8re en Espagne?\"  onclick=\"javascript:void window.open('http:\/\/www.stumbleupon.com\/submit?url=www.fabregat-perulles-sales.com\/actualidad\/wp-json\/wp\/v2\/posts\/2300&title=Quel est le d\u00e9lai pour ex\u00e9cuter une d\u00e9cision judiciaire \u00e9trang\u00e8re en Espagne?','1410949501326','width=700,height=500,toolbar=0,menubar=0,location=0,status=1,scrollbars=1,resizable=1,left=0,top=0');return false;\" style=\"background-position: -210px -120px \"><\/a>\r\n\t\t\t\t\t<\/li>\r\n\t\t\t\t\t\t\t\t\t\t<li class=\"none nobackground \" >\r\n\r\n\t\t\t\t\t\t\t\t\t\t\t\t<a id=\"backforunical2300\" href=\"https:\/\/myspace.com\/post?l=3&u=www.fabregat-perulles-sales.com\/actualidad\/wp-json\/wp\/v2\/posts\/2300\"  onclick=\"javascript:void window.open('https:\/\/myspace.com\/post?l=3&u=www.fabregat-perulles-sales.com\/actualidad\/wp-json\/wp\/v2\/posts\/2300','1410949501326','width=700,height=500,toolbar=0,menubar=0,location=0,status=1,scrollbars=1,resizable=1,left=0,top=0');return false;\" style=\"background-position: -240px -120px \"><\/a>\r\n\t\t\t\t\t<\/li>\r\n\t\t\t\t\t\t\t\t\t\t<li class=\"nobackground \" >\r\n\r\n\t\t\t\t\t\t\t\t\t\t\t\t<a id=\"backforunical2300\" href=\"http:\/\/vk.com\/share.php?url=www.fabregat-perulles-sales.com\/actualidad\/wp-json\/wp\/v2\/posts\/2300&title=Quel est le d\u00e9lai pour ex\u00e9cuter une d\u00e9cision judiciaire \u00e9trang\u00e8re en Espagne?\"  onclick=\"javascript:void window.open('http:\/\/vk.com\/share.php?url=www.fabregat-perulles-sales.com\/actualidad\/wp-json\/wp\/v2\/posts\/2300&title=Quel est le d\u00e9lai pour ex\u00e9cuter une d\u00e9cision judiciaire \u00e9trang\u00e8re en Espagne?','1410949501326','width=700,height=500,toolbar=0,menubar=0,location=0,status=1,scrollbars=1,resizable=1,left=0,top=0');return false;\" style=\"background-position: -270px -120px \"><\/a>\r\n\t\t\t\t\t<\/li>\r\n\t\t\t\t\t\t\t\t\t\t<li class=\"none nobackground \" >\r\n\r\n\t\t\t\t\t\t\t\t\t\t\t\t<a id=\"backforunical2300\" href=\"http:\/\/www.reddit.com\/submit?url=www.fabregat-perulles-sales.com\/actualidad\/wp-json\/wp\/v2\/posts\/2300&title=Quel est le d\u00e9lai pour ex\u00e9cuter une d\u00e9cision judiciaire \u00e9trang\u00e8re en Espagne?\"  onclick=\"javascript:void window.open('http:\/\/www.reddit.com\/submit?url=www.fabregat-perulles-sales.com\/actualidad\/wp-json\/wp\/v2\/posts\/2300&title=Quel est le d\u00e9lai pour ex\u00e9cuter une d\u00e9cision judiciaire \u00e9trang\u00e8re en Espagne?','1410949501326','width=700,height=500,toolbar=0,menubar=0,location=0,status=1,scrollbars=1,resizable=1,left=0,top=0');return false;\" style=\"background-position: -300px -120px \"><\/a>\r\n\t\t\t\t\t<\/li>\r\n\t\t\t\t\t\t\t\t\t\t<li class=\"none nobackground \" >\r\n\r\n\t\t\t\t\t\t\t\t\t\t\t\t<a id=\"backforunical2300\" href=\"http:\/\/www.bebo.com\/c\/share?Url=www.fabregat-perulles-sales.com\/actualidad\/wp-json\/wp\/v2\/posts\/2300\"  onclick=\"javascript:void window.open('http:\/\/www.bebo.com\/c\/share?Url=www.fabregat-perulles-sales.com\/actualidad\/wp-json\/wp\/v2\/posts\/2300','1410949501326','width=700,height=500,toolbar=0,menubar=0,location=0,status=1,scrollbars=1,resizable=1,left=0,top=0');return false;\" style=\"background-position: -330px -120px \"><\/a>\r\n\t\t\t\t\t<\/li>\r\n\t\t\t\t\t\t\t\t\t\t<li class=\"none nobackground \" >\r\n\r\n\t\t\t\t\t\t\t\t\t\t\t\t<a id=\"backforunical2300\" href=\"https:\/\/delicious.com\/save?v=5&noui&jump=close&url=www.fabregat-perulles-sales.com\/actualidad\/wp-json\/wp\/v2\/posts\/2300&title=Quel est le d\u00e9lai pour ex\u00e9cuter une d\u00e9cision judiciaire \u00e9trang\u00e8re en Espagne?\"  onclick=\"javascript:void window.open('https:\/\/delicious.com\/save?v=5&noui&jump=close&url=www.fabregat-perulles-sales.com\/actualidad\/wp-json\/wp\/v2\/posts\/2300&title=Quel est le d\u00e9lai pour ex\u00e9cuter une d\u00e9cision judiciaire \u00e9trang\u00e8re en Espagne?','1410949501326','width=700,height=500,toolbar=0,menubar=0,location=0,status=1,scrollbars=1,resizable=1,left=0,top=0');return false;\" style=\"background-position: -360px -120px \"><\/a>\r\n\t\t\t\t\t<\/li>\r\n\t\t\t\t\t\t\t\t\t\t<li class=\"none nobackground \" >\r\n\r\n\t\t\t\t\t\t\t\t\t\t\t\t<a id=\"backforunical2300\" href=\"http:\/\/www.odnoklassniki.ru\/dk?st.cmd=addShare&st.s=2&st.noresize=on&st._surl=www.fabregat-perulles-sales.com\/actualidad\/wp-json\/wp\/v2\/posts\/2300\"  onclick=\"javascript:void window.open('http:\/\/www.odnoklassniki.ru\/dk?st.cmd=addShare&st.s=2&st.noresize=on&st._surl=www.fabregat-perulles-sales.com\/actualidad\/wp-json\/wp\/v2\/posts\/2300','1410949501326','width=700,height=500,toolbar=0,menubar=0,location=0,status=1,scrollbars=1,resizable=1,left=0,top=0');return false;\" style=\"background-position: -390px -120px \"><\/a>\r\n\t\t\t\t\t<\/li>\r\n\t\t\t\t\t\t\t\t\t\t<li class=\"none nobackground \" >\r\n\r\n\t\t\t\t\t\t\t\t\t\t\t\t<a id=\"backforunical2300\" href=\"http:\/\/sns.qzone.qq.com\/cgi-bin\/qzshare\/cgi_qzshare_onekey?url=www.fabregat-perulles-sales.com\/actualidad\/wp-json\/wp\/v2\/posts\/2300&title=Quel est le d\u00e9lai pour ex\u00e9cuter une d\u00e9cision judiciaire \u00e9trang\u00e8re en Espagne?\"  onclick=\"javascript:void window.open('http:\/\/sns.qzone.qq.com\/cgi-bin\/qzshare\/cgi_qzshare_onekey?url=www.fabregat-perulles-sales.com\/actualidad\/wp-json\/wp\/v2\/posts\/2300&title=Quel est le d\u00e9lai pour ex\u00e9cuter une d\u00e9cision judiciaire \u00e9trang\u00e8re en Espagne?','1410949501326','width=700,height=500,toolbar=0,menubar=0,location=0,status=1,scrollbars=1,resizable=1,left=0,top=0');return false;\" style=\"background-position: -420px -120px \"><\/a>\r\n\t\t\t\t\t<\/li>\r\n\t\t\t\t\t\t\t\t\t\t<li class=\"none nobackground \" >\r\n\r\n\t\t\t\t\t\t\t\t\t\t\t\t<a id=\"backforunical2300\" href=\"http:\/\/service.weibo.com\/share\/share.php?url=www.fabregat-perulles-sales.com\/actualidad\/wp-json\/wp\/v2\/posts\/2300&appkey=&title=Quel est le d\u00e9lai pour ex\u00e9cuter une d\u00e9cision judiciaire \u00e9trang\u00e8re en Espagne?&pic=&ralateUid=&\"  onclick=\"javascript:void window.open('http:\/\/service.weibo.com\/share\/share.php?url=www.fabregat-perulles-sales.com\/actualidad\/wp-json\/wp\/v2\/posts\/2300&appkey=&title=Quel est le d\u00e9lai pour ex\u00e9cuter une d\u00e9cision judiciaire \u00e9trang\u00e8re en Espagne?&pic=&ralateUid=&','1410949501326','width=700,height=500,toolbar=0,menubar=0,location=0,status=1,scrollbars=1,resizable=1,left=0,top=0');return false;\" style=\"background-position: -450px -120px \"><\/a>\r\n\t\t\t\t\t<\/li>\r\n\t\t\t\t\t\t\t\t\t\t<li class=\"none nobackground \" >\r\n\r\n\t\t\t\t\t\t\t\t\t\t\t\t<a id=\"backforunical2300\" href=\"http:\/\/widget.renren.com\/dialog\/share?resourceUrl=www.fabregat-perulles-sales.com\/actualidad\/wp-json\/wp\/v2\/posts\/2300&srcUrl=www.fabregat-perulles-sales.com\/actualidad\/wp-json\/wp\/v2\/posts\/2300&title=Quel est le d\u00e9lai pour ex\u00e9cuter une d\u00e9cision judiciaire \u00e9trang\u00e8re en Espagne?\"  onclick=\"javascript:void window.open('http:\/\/widget.renren.com\/dialog\/share?resourceUrl=www.fabregat-perulles-sales.com\/actualidad\/wp-json\/wp\/v2\/posts\/2300&srcUrl=www.fabregat-perulles-sales.com\/actualidad\/wp-json\/wp\/v2\/posts\/2300&title=Quel est le d\u00e9lai pour ex\u00e9cuter une d\u00e9cision judiciaire \u00e9trang\u00e8re en Espagne?','1410949501326','width=700,height=500,toolbar=0,menubar=0,location=0,status=1,scrollbars=1,resizable=1,left=0,top=0');return false;\" style=\"background-position: -480px -120px \"><\/a>\r\n\t\t\t\t\t<\/li>\r\n\t\t\t\t\t\t\t\t\t\t<li class=\"none nobackground \" >\r\n\r\n\t\t\t\t\t\t\t\t\t\t\t\t<a id=\"backforunical2300\" href=\"http:\/\/n4g.com\/tips?url=www.fabregat-perulles-sales.com\/actualidad\/wp-json\/wp\/v2\/posts\/2300&title=Quel est le d\u00e9lai pour ex\u00e9cuter une d\u00e9cision judiciaire \u00e9trang\u00e8re en Espagne?\"  onclick=\"javascript:void window.open('http:\/\/n4g.com\/tips?url=www.fabregat-perulles-sales.com\/actualidad\/wp-json\/wp\/v2\/posts\/2300&title=Quel est le d\u00e9lai pour ex\u00e9cuter une d\u00e9cision judiciaire \u00e9trang\u00e8re en Espagne?','1410949501326','width=700,height=500,toolbar=0,menubar=0,location=0,status=1,scrollbars=1,resizable=1,left=0,top=0');return false;\" style=\"background-position: -510px -120px \"><\/a>\r\n\t\t\t\t\t<\/li>\r\n\t\t\t\t\t\t\t\t<\/ul>\r\n\t\t\t<div class=\"clear\"><\/div>\r\n\t\t<\/div>\r\n\t\t","protected":false},"excerpt":{"rendered":"<p>\u00c0 cons\u00e9quence de l\u00b4augment des relations au-del\u00e0 des fronti\u00e8res, autant entre priv\u00e9s comme entre entreprises au cadre du droit civil et des affaires, \u00a0l\u00b4existence de d\u00e9cisions d\u00b4un \u00c9tat membre qui doivent \u00eatre ex\u00e9cut\u00e9es en Espagne, est de plus en plus fr\u00e9quente. La proc\u00e9dure concernant l\u00b4ex\u00e9cution des d\u00e9cisions \u00e9trang\u00e8res rendues dans un \u00c9tat membre en mati\u00e8re\u2026 <span class=\"read-more\"><a href=\"https:\/\/www.fabregat-perulles-sales.com\/actualidad\/quel-est-le-delai-pour-executer-une-decision-judiciaire-etrangere-en-espagne\/\">Read More &raquo;<\/a><\/span><\/p>\n","protected":false},"author":3,"featured_media":0,"comment_status":"open","ping_status":"closed","sticky":false,"template":"","format":"standard","meta":[],"categories":[279,470,248,3,26],"tags":[735,734,733],"yoast_head":"<!-- This site is optimized with the Yoast SEO plugin v20.2.1 - https:\/\/yoast.com\/wordpress\/plugins\/seo\/ -->\n<title>Ex\u00e9cution de d\u00e9cisions judiciaires \u00e9trang\u00e8res. Avocats. Espagne<\/title>\n<meta name=\"description\" content=\"Le d\u00e9lai pour l\u00b4ex\u00e9cution de d\u00e9cisions judiciaires \u00e9trang\u00e8res est celui pr\u00e9vu par la lex fori, c\u00b4est \u00e0 dire, la loi du for.\" \/>\n<meta name=\"robots\" content=\"index, follow, max-snippet:-1, max-image-preview:large, max-video-preview:-1\" \/>\n<link rel=\"canonical\" href=\"https:\/\/www.fabregat-perulles-sales.com\/actualidad\/quel-est-le-delai-pour-executer-une-decision-judiciaire-etrangere-en-espagne\/\" \/>\n<meta property=\"og:locale\" content=\"en_US\" \/>\n<meta property=\"og:type\" content=\"article\" \/>\n<meta property=\"og:title\" content=\"Ex\u00e9cution de d\u00e9cisions judiciaires \u00e9trang\u00e8res. Avocats. Espagne\" \/>\n<meta property=\"og:description\" content=\"Le d\u00e9lai pour l\u00b4ex\u00e9cution de d\u00e9cisions judiciaires \u00e9trang\u00e8res est celui pr\u00e9vu par la lex fori, c\u00b4est \u00e0 dire, la loi du for.\" \/>\n<meta property=\"og:url\" content=\"https:\/\/www.fabregat-perulles-sales.com\/actualidad\/quel-est-le-delai-pour-executer-une-decision-judiciaire-etrangere-en-espagne\/\" \/>\n<meta property=\"og:site_name\" content=\"International Lawyers\" \/>\n<meta property=\"article:published_time\" content=\"2016-06-07T08:57:19+00:00\" \/>\n<meta property=\"article:modified_time\" content=\"2017-02-28T15:58:43+00:00\" \/>\n<meta property=\"og:image\" content=\"http:\/\/www.fabregat-perulles-sales.com\/actualidad\/wp-content\/uploads\/2016\/06\/mazo-juez-abogados-espanol-300x204.jpg\" \/>\n<meta name=\"author\" content=\"Victor\" \/>\n<meta name=\"twitter:card\" content=\"summary_large_image\" \/>\n<meta name=\"twitter:label1\" content=\"Written by\" \/>\n\t<meta name=\"twitter:data1\" content=\"Victor\" \/>\n\t<meta name=\"twitter:label2\" content=\"Est. reading time\" \/>\n\t<meta name=\"twitter:data2\" content=\"4 minutes\" \/>\n<script type=\"application\/ld+json\" class=\"yoast-schema-graph\">{\"@context\":\"https:\/\/schema.org\",\"@graph\":[{\"@type\":\"WebPage\",\"@id\":\"https:\/\/www.fabregat-perulles-sales.com\/actualidad\/quel-est-le-delai-pour-executer-une-decision-judiciaire-etrangere-en-espagne\/\",\"url\":\"https:\/\/www.fabregat-perulles-sales.com\/actualidad\/quel-est-le-delai-pour-executer-une-decision-judiciaire-etrangere-en-espagne\/\",\"name\":\"Ex\u00e9cution de d\u00e9cisions judiciaires \u00e9trang\u00e8res. Avocats. Espagne\",\"isPartOf\":{\"@id\":\"https:\/\/www.fabregat-perulles-sales.com\/actualidad\/#website\"},\"datePublished\":\"2016-06-07T08:57:19+00:00\",\"dateModified\":\"2017-02-28T15:58:43+00:00\",\"author\":{\"@id\":\"https:\/\/www.fabregat-perulles-sales.com\/actualidad\/#\/schema\/person\/cabc1d68c7778f01d5e069c2d98442e3\"},\"description\":\"Le d\u00e9lai pour l\u00b4ex\u00e9cution de d\u00e9cisions judiciaires \u00e9trang\u00e8res est celui pr\u00e9vu par la lex fori, c\u00b4est \u00e0 dire, la loi du for.\",\"breadcrumb\":{\"@id\":\"https:\/\/www.fabregat-perulles-sales.com\/actualidad\/quel-est-le-delai-pour-executer-une-decision-judiciaire-etrangere-en-espagne\/#breadcrumb\"},\"inLanguage\":\"en-US\",\"potentialAction\":[{\"@type\":\"ReadAction\",\"target\":[\"https:\/\/www.fabregat-perulles-sales.com\/actualidad\/quel-est-le-delai-pour-executer-une-decision-judiciaire-etrangere-en-espagne\/\"]}]},{\"@type\":\"BreadcrumbList\",\"@id\":\"https:\/\/www.fabregat-perulles-sales.com\/actualidad\/quel-est-le-delai-pour-executer-une-decision-judiciaire-etrangere-en-espagne\/#breadcrumb\",\"itemListElement\":[{\"@type\":\"ListItem\",\"position\":1,\"name\":\"Home\",\"item\":\"https:\/\/www.fabregat-perulles-sales.com\/actualidad\/\"},{\"@type\":\"ListItem\",\"position\":2,\"name\":\"Quel est le d\u00e9lai pour ex\u00e9cuter une d\u00e9cision judiciaire \u00e9trang\u00e8re en Espagne?\"}]},{\"@type\":\"WebSite\",\"@id\":\"https:\/\/www.fabregat-perulles-sales.com\/actualidad\/#website\",\"url\":\"https:\/\/www.fabregat-perulles-sales.com\/actualidad\/\",\"name\":\"www.fabregat-perulles-sales.com\",\"description\":\"Fabregat Perulles Sales Abogados is a law firm of reference international market in the Spanish-German, Spanish-French, and Spanish-Italian. Is one of the first firms in Barcelona offering a Russian Desk.\",\"potentialAction\":[{\"@type\":\"SearchAction\",\"target\":{\"@type\":\"EntryPoint\",\"urlTemplate\":\"https:\/\/www.fabregat-perulles-sales.com\/actualidad\/?s={search_term_string}\"},\"query-input\":\"required name=search_term_string\"}],\"inLanguage\":\"en-US\"},{\"@type\":\"Person\",\"@id\":\"https:\/\/www.fabregat-perulles-sales.com\/actualidad\/#\/schema\/person\/cabc1d68c7778f01d5e069c2d98442e3\",\"name\":\"Victor\",\"image\":{\"@type\":\"ImageObject\",\"inLanguage\":\"en-US\",\"@id\":\"https:\/\/www.fabregat-perulles-sales.com\/actualidad\/#\/schema\/person\/image\/\",\"url\":\"https:\/\/secure.gravatar.com\/avatar\/756cb666a964d2960ffe307b8a53b271?s=96&d=mm&r=g\",\"contentUrl\":\"https:\/\/secure.gravatar.com\/avatar\/756cb666a964d2960ffe307b8a53b271?s=96&d=mm&r=g\",\"caption\":\"Victor\"},\"sameAs\":[\"http:\/\/www.fabregat-perulles-sales.com\"],\"url\":\"https:\/\/www.fabregat-perulles-sales.com\/actualidad\/author\/victor\/\"}]}<\/script>\n<!-- \/ Yoast SEO plugin. -->","yoast_head_json":{"title":"Ex\u00e9cution de d\u00e9cisions judiciaires \u00e9trang\u00e8res. Avocats. Espagne","description":"Le d\u00e9lai pour l\u00b4ex\u00e9cution de d\u00e9cisions judiciaires \u00e9trang\u00e8res est celui pr\u00e9vu par la lex fori, c\u00b4est \u00e0 dire, la loi du for.","robots":{"index":"index","follow":"follow","max-snippet":"max-snippet:-1","max-image-preview":"max-image-preview:large","max-video-preview":"max-video-preview:-1"},"canonical":"https:\/\/www.fabregat-perulles-sales.com\/actualidad\/quel-est-le-delai-pour-executer-une-decision-judiciaire-etrangere-en-espagne\/","og_locale":"en_US","og_type":"article","og_title":"Ex\u00e9cution de d\u00e9cisions judiciaires \u00e9trang\u00e8res. Avocats. Espagne","og_description":"Le d\u00e9lai pour l\u00b4ex\u00e9cution de d\u00e9cisions judiciaires \u00e9trang\u00e8res est celui pr\u00e9vu par la lex fori, c\u00b4est \u00e0 dire, la loi du for.","og_url":"https:\/\/www.fabregat-perulles-sales.com\/actualidad\/quel-est-le-delai-pour-executer-une-decision-judiciaire-etrangere-en-espagne\/","og_site_name":"International Lawyers","article_published_time":"2016-06-07T08:57:19+00:00","article_modified_time":"2017-02-28T15:58:43+00:00","og_image":[{"url":"http:\/\/www.fabregat-perulles-sales.com\/actualidad\/wp-content\/uploads\/2016\/06\/mazo-juez-abogados-espanol-300x204.jpg"}],"author":"Victor","twitter_card":"summary_large_image","twitter_misc":{"Written by":"Victor","Est. reading time":"4 minutes"},"schema":{"@context":"https:\/\/schema.org","@graph":[{"@type":"WebPage","@id":"https:\/\/www.fabregat-perulles-sales.com\/actualidad\/quel-est-le-delai-pour-executer-une-decision-judiciaire-etrangere-en-espagne\/","url":"https:\/\/www.fabregat-perulles-sales.com\/actualidad\/quel-est-le-delai-pour-executer-une-decision-judiciaire-etrangere-en-espagne\/","name":"Ex\u00e9cution de d\u00e9cisions judiciaires \u00e9trang\u00e8res. Avocats. Espagne","isPartOf":{"@id":"https:\/\/www.fabregat-perulles-sales.com\/actualidad\/#website"},"datePublished":"2016-06-07T08:57:19+00:00","dateModified":"2017-02-28T15:58:43+00:00","author":{"@id":"https:\/\/www.fabregat-perulles-sales.com\/actualidad\/#\/schema\/person\/cabc1d68c7778f01d5e069c2d98442e3"},"description":"Le d\u00e9lai pour l\u00b4ex\u00e9cution de d\u00e9cisions judiciaires \u00e9trang\u00e8res est celui pr\u00e9vu par la lex fori, c\u00b4est \u00e0 dire, la loi du for.","breadcrumb":{"@id":"https:\/\/www.fabregat-perulles-sales.com\/actualidad\/quel-est-le-delai-pour-executer-une-decision-judiciaire-etrangere-en-espagne\/#breadcrumb"},"inLanguage":"en-US","potentialAction":[{"@type":"ReadAction","target":["https:\/\/www.fabregat-perulles-sales.com\/actualidad\/quel-est-le-delai-pour-executer-une-decision-judiciaire-etrangere-en-espagne\/"]}]},{"@type":"BreadcrumbList","@id":"https:\/\/www.fabregat-perulles-sales.com\/actualidad\/quel-est-le-delai-pour-executer-une-decision-judiciaire-etrangere-en-espagne\/#breadcrumb","itemListElement":[{"@type":"ListItem","position":1,"name":"Home","item":"https:\/\/www.fabregat-perulles-sales.com\/actualidad\/"},{"@type":"ListItem","position":2,"name":"Quel est le d\u00e9lai pour ex\u00e9cuter une d\u00e9cision judiciaire \u00e9trang\u00e8re en Espagne?"}]},{"@type":"WebSite","@id":"https:\/\/www.fabregat-perulles-sales.com\/actualidad\/#website","url":"https:\/\/www.fabregat-perulles-sales.com\/actualidad\/","name":"www.fabregat-perulles-sales.com","description":"Fabregat Perulles Sales Abogados is a law firm of reference international market in the Spanish-German, Spanish-French, and Spanish-Italian. Is one of the first firms in Barcelona offering a Russian Desk.","potentialAction":[{"@type":"SearchAction","target":{"@type":"EntryPoint","urlTemplate":"https:\/\/www.fabregat-perulles-sales.com\/actualidad\/?s={search_term_string}"},"query-input":"required name=search_term_string"}],"inLanguage":"en-US"},{"@type":"Person","@id":"https:\/\/www.fabregat-perulles-sales.com\/actualidad\/#\/schema\/person\/cabc1d68c7778f01d5e069c2d98442e3","name":"Victor","image":{"@type":"ImageObject","inLanguage":"en-US","@id":"https:\/\/www.fabregat-perulles-sales.com\/actualidad\/#\/schema\/person\/image\/","url":"https:\/\/secure.gravatar.com\/avatar\/756cb666a964d2960ffe307b8a53b271?s=96&d=mm&r=g","contentUrl":"https:\/\/secure.gravatar.com\/avatar\/756cb666a964d2960ffe307b8a53b271?s=96&d=mm&r=g","caption":"Victor"},"sameAs":["http:\/\/www.fabregat-perulles-sales.com"],"url":"https:\/\/www.fabregat-perulles-sales.com\/actualidad\/author\/victor\/"}]}},"amp_enabled":true,"_links":{"self":[{"href":"https:\/\/www.fabregat-perulles-sales.com\/actualidad\/wp-json\/wp\/v2\/posts\/2300"}],"collection":[{"href":"https:\/\/www.fabregat-perulles-sales.com\/actualidad\/wp-json\/wp\/v2\/posts"}],"about":[{"href":"https:\/\/www.fabregat-perulles-sales.com\/actualidad\/wp-json\/wp\/v2\/types\/post"}],"author":[{"embeddable":true,"href":"https:\/\/www.fabregat-perulles-sales.com\/actualidad\/wp-json\/wp\/v2\/users\/3"}],"replies":[{"embeddable":true,"href":"https:\/\/www.fabregat-perulles-sales.com\/actualidad\/wp-json\/wp\/v2\/comments?post=2300"}],"version-history":[{"count":4,"href":"https:\/\/www.fabregat-perulles-sales.com\/actualidad\/wp-json\/wp\/v2\/posts\/2300\/revisions"}],"predecessor-version":[{"id":2586,"href":"https:\/\/www.fabregat-perulles-sales.com\/actualidad\/wp-json\/wp\/v2\/posts\/2300\/revisions\/2586"}],"wp:attachment":[{"href":"https:\/\/www.fabregat-perulles-sales.com\/actualidad\/wp-json\/wp\/v2\/media?parent=2300"}],"wp:term":[{"taxonomy":"category","embeddable":true,"href":"https:\/\/www.fabregat-perulles-sales.com\/actualidad\/wp-json\/wp\/v2\/categories?post=2300"},{"taxonomy":"post_tag","embeddable":true,"href":"https:\/\/www.fabregat-perulles-sales.com\/actualidad\/wp-json\/wp\/v2\/tags?post=2300"}],"curies":[{"name":"wp","href":"https:\/\/api.w.org\/{rel}","templated":true}]}}