{"id":2242,"date":"2016-04-13T16:50:11","date_gmt":"2016-04-13T15:50:11","guid":{"rendered":"http:\/\/www.fabregat-perulles-sales.com\/actualidad\/?p=2242"},"modified":"2016-04-13T16:50:11","modified_gmt":"2016-04-13T15:50:11","slug":"entrada-en-vigor-del-reglamento-20152424-del-parlamento-europeo-y-del-consejo-de-16-de-diciembre-de-2015","status":"publish","type":"post","link":"https:\/\/www.fabregat-perulles-sales.com\/actualidad\/entrada-en-vigor-del-reglamento-20152424-del-parlamento-europeo-y-del-consejo-de-16-de-diciembre-de-2015\/","title":{"rendered":"ENTRADA EN VIGOR DEL REGLAMENTO 2015\/2424 DEL PARLAMENTO EUROPEO Y DEL CONSEJO DE 16 DE DICIEMBRE DE 2015"},"content":{"rendered":"<p><a href=\"http:\/\/www.fabregat-perulles-sales.com\/actualidad\/wp-content\/uploads\/2016\/04\/europa-banderas-comision-abogados-espa\u00f1ol.jpg\"><img decoding=\"async\" loading=\"lazy\" class=\"alignright size-full wp-image-2243\" alt=\"Marca Comunitaria Banderas\" src=\"http:\/\/www.fabregat-perulles-sales.com\/actualidad\/wp-content\/uploads\/2016\/04\/europa-banderas-comision-abogados-espa\u00f1ol.jpg\" width=\"244\" height=\"160\" \/><\/a>El pasado 23 de marzo entr\u00f3 en vigor el <a title=\"Marca comunitaria\" href=\"http:\/\/eur-lex.europa.eu\/legal-content\/ES\/TXT\/?uri=CELEX%3A32015R2424\" target=\"_blank\">Reglamento 2015\/2424 del Parlamento Europeo <\/a>y del Consejo de 16 de diciembre de 2015 por el que se establecen normas de ejecuci\u00f3n del <a title=\"Marca comunitaria\" href=\"http:\/\/eur-lex.europa.eu\/legal-content\/ES\/TXT\/?uri=celex:31994R0040\" target=\"_blank\">Reglamento (CE) n\u00ba 40\/94 del Consejo sobre la Marca Comunitaria<\/a>, y se deroga el Reglamento (CE) no 2869\/95 de la Comisi\u00f3n, relativo a las tasas que se han de abonar a la Oficina de Armonizaci\u00f3n del Mercado Interior (marcas, dise\u00f1os y modelos).<\/p>\n<p>El paquete incluye una nueva Directiva de Marcas de la Uni\u00f3n Europea, donde se armonizan las leyes de marcas nacionales de los Estados miembros de la Uni\u00f3n Europea y se incorporan una serie de enmiendas al Reglamento. Con esta publicaci\u00f3n se culmina un trabajo de siete a\u00f1os de duraci\u00f3n encaminado a reformar el sistema de marcas de la Uni\u00f3n Europea.<\/p>\n<p>Antes de centrarnos en las concretas modificaciones que a continuaci\u00f3n analizaremos, podemos concluir que todas ellas est\u00e1n encaminadas a tratar de reforzar y mejorar la protecci\u00f3n de las marcas, buscando adaptarse a los cambios y novedades que traen consigo la r\u00e1pida evoluci\u00f3n de la sociedad y la fuerte emersi\u00f3n de las nuevas tecnolog\u00edas.<\/p>\n<p><!--more--><\/p>\n<p><b>PRINCIPALES OBJETIVOS:<\/b><\/p>\n<p>Con esta reforma se pretende atender a las exigencias reflejadas en el Tratado de Lisboa y sus <span style=\"text-decoration: underline;\">principales objetivos<\/span> pueden ser resumidos de la siguiente manera:<\/p>\n<ul>\n<li><span style=\"text-decoration: underline;\">En primer lugar<\/span> modernizar las disposiciones vigentes, tratando de adaptar y aumentar la terminolog\u00eda. Para ello se decide suprimir ambig\u00fcedades, con lo que se consigue aumentar la seguridad jur\u00eddica.<\/li>\n<li><span style=\"text-decoration: underline;\">En segundo lugar<\/span> potenciar el marco de cooperaci\u00f3n entre la OAMI y las oficinas nacionales.<\/li>\n<li><span style=\"text-decoration: underline;\">En tercer lugar<\/span> simplificar procedimientos de tramitaci\u00f3n, creando un sistema m\u00e1s accesible y eficiente con unos costes menores.<\/li>\n<\/ul>\n<p>A todo ello habr\u00eda que sumar la adaptaci\u00f3n del anterior Reglamento a los avances experimentados con la fuerte irrupci\u00f3n de las nuevas tecnolog\u00edas y el dominio de internet.<\/p>\n<p><b>MODIFICACIONES M\u00c1S SIGNIFICATIVAS:<\/b><\/p>\n<p>En cuanto a las modificaciones llevadas a cabo por el mencionado Reglamento, a continuaci\u00f3n nos ce\u00f1imos en aquellas con un car\u00e1cter m\u00e1s significativo, lo que no significa que no existan m\u00e1s modificaciones ni sustituciones al respecto.<\/p>\n<p>En lo referente a la <b>terminolog\u00eda:<\/b><\/p>\n<ul>\n<li><span style=\"text-decoration: line-through;\">\u00b7\u00a0\u00a0\u00a0\u00a0\u00a0\u00a0\u00a0\u00a0 <\/span>Se sustituye el t\u00e9rmino \u201cmarca comunitaria\u201d por \u201cmarca de la Uni\u00f3n Europea\u201d.<\/li>\n<li><span style=\"text-decoration: line-through;\">\u00b7\u00a0\u00a0\u00a0\u00a0\u00a0\u00a0\u00a0\u00a0 <\/span>\u00a0La OAMI pasa a llamarse oficina de la Propiedad Intelectual de la Uni\u00f3n Europea (EUIPO).<\/li>\n<li><span style=\"text-decoration: line-through;\">\u00b7\u00a0\u00a0\u00a0\u00a0\u00a0\u00a0\u00a0\u00a0 <\/span>\u00a0El Tribunal de Marcas Comunitarias pasa a denominarse Tribunal de Marcas de la Uni\u00f3n Europea.<\/li>\n<\/ul>\n<p>En cuanto a <b>aspectos formales, procedimentales y tasas<\/b> cabe mencionar:<\/p>\n<ul>\n<li><span style=\"text-decoration: underline;\">En primer lugar<\/span>, la supresi\u00f3n, a la hora de solicitar la inscripci\u00f3n de una marca, del requisito de representaci\u00f3n gr\u00e1fica que ven\u00eda exigiendo el anterior Reglamento de acuerdo con la definici\u00f3n de Marca de la Uni\u00f3n. Con esta reforma, la cual no entrar\u00e1 en vigor hasta el 1 de octubre de 2017, se permite que un signo sea representado de cualquier forma que se considere adecuada y no necesariamente por medios gr\u00e1ficos. Con ello, se aplica un criterio m\u00e1s flexible, tratando de adaptarse a las nuevas tecnolog\u00edas y a las abundantes posibilidades que \u00e9stas nos ofrecen: marcas sonoras, olfativas, soporte tecnol\u00f3gico, etc. Resulta verdaderamente incierto saber c\u00f3mo se va a materializar en la pr\u00e1ctica la aplicaci\u00f3n de esta norma, siendo especialmente interesante para aquellas empresas dedicadas a perfumer\u00eda (marca olfativa) o al sector audiovisual (marca sonora).<\/li>\n<li><span style=\"text-decoration: underline;\">En segundo luga<\/span>r, en relaci\u00f3n a la designaci\u00f3n de productos y servicios, su clasificaci\u00f3n, y de que se pueda determinar el alcance de la protecci\u00f3n que se solicita, se va a exigir que el solicitante identifique los productos y servicios de la solicitud con la suficiente claridad y precisi\u00f3n. Con ello, cuando se utilicen t\u00e9rminos gen\u00e9ricos, se entender\u00e1 que \u00e9stos incluyen todos los productos y servicios claramente comprendidos en el tenor literal de la indicaci\u00f3n o t\u00e9rmino considerado.<\/li>\n<li><span style=\"text-decoration: underline;\">En tercer lugar<\/span>, en cuanto a la regularizaci\u00f3n de estos productos y servicios para los que se va a solicitar la protecci\u00f3n de la marca, desde ahora se deber\u00e1 identificar a los mismos de una manera m\u00e1s precisa. No obstante, se contempla un periodo transitorio de 6 meses desde la entrada en vigor del nuevo Reglamento (hasta el 23 de septiembre de 2016) para que los titulares de marcas registradas antes del 22 de junio 2012, que est\u00e9n registradas respecto de un t\u00edtulo integro de una clase de la Clasificaci\u00f3n de Niza, puedan presentar una declaraci\u00f3n e indicar de forma clara, precisa y espec\u00edfica los productos y servicios a los que se extend\u00eda inicialmente la intenci\u00f3n del titular, aparte de los claramente comprendidos en el tenor literal. Por tanto, el titular deber\u00e1 hacer constar un inciso en cuanto a su regulaci\u00f3n, en el que declare que su intenci\u00f3n en la fecha de presentaci\u00f3n era buscar protecci\u00f3n m\u00e1s all\u00e1 de aquellos comprendidos en el tenor literal, debiendo especificar los productos concretos a los que inicialmente se extend\u00eda su intenci\u00f3n.<\/li>\n<\/ul>\n<p>En lo referente a las <b>observaciones de terceros<\/b>, se ampl\u00eda el plazo para formular alegaciones, pudiendo ser presentadas tan pronto como se tenga conocimiento de una solicitud y el plazo finalizar\u00e1 cuando concluya el plazo de oposici\u00f3n o en caso de que se formule oposici\u00f3n contra la marca, antes de que se dicte una resoluci\u00f3n definitiva sobre la oposici\u00f3n.<\/p>\n<p>En relaci\u00f3n con la <b>prueba de uso de las marcas oponentes<\/b>, se cambia la fecha del comienzo de los cinco a\u00f1os de justificaci\u00f3n de uso de la marca o marcas oponentes en el proceso de oposici\u00f3n, sustituyendo el apartado segundo del art\u00edculo 42 del Reglamento (CE) 207\/2009 <i>(\u201c<span style=\"text-decoration: underline;\">en el curso de los cinco a\u00f1os anteriores a la publicaci\u00f3n de la solicitud de la marca comunitaria\u201d<\/span><\/i><span style=\"text-decoration: underline;\">)<\/span> por la afirmaci\u00f3n <i>\u201c<span style=\"text-decoration: underline;\">A instancia del solicitante, el titular de una marca en la Uni\u00f3n anterior que haya formulado oposici\u00f3n presentar\u00e1 la prueba de que, en el curso de los cinco a\u00f1os anteriores a la fecha de presentaci\u00f3n o la fecha de prioridad de la solicitud de marca de la Uni\u00f3n\u201d<\/span><\/i><\/p>\n<p>En lo que respecta al <b>importe de las tasas<\/b>, se efect\u00faan una serie de cambios encaminados a la rebaja de los costes de los diferentes procesos y a la reducci\u00f3n de la duraci\u00f3n del procedimiento<\/p>\n<p>En cuanto<b> a prohibiciones absolutas<\/b> y su pr\u00e1ctica, se introduce una novedad en lo que respecta a marcas cuyas traducciones se encuentran incursas en prohibiciones absolutas, al tenerse en cuenta tambi\u00e9n los idiomas no comunitarios, y en caso de que una vez traducido al idioma comunitario no cumpla con los requisitos exigidos, su registro ser\u00e1 rotundamente rechazado por motivos absolutos. En cuanto a estos motivos de denegaci\u00f3n absoluta, se atribuye a la UEIPO la facultad de reabrir su examen, de oficio, en cualquier momento antes del registro.<\/p>\n<p>En lo que respecta a <b>la importaci\u00f3n<\/b> y con el fin de reforzar la protecci\u00f3n que confiere una marca y combatir con eficacia las falsificaciones, el titular de una marca de la Uni\u00f3n debe poder impedir que, en el tr\u00e1fico econ\u00f3mico, terceros introduzcan mercanc\u00edas en la Uni\u00f3n cuando se trate de mercanc\u00edas que provengan de terceros pa\u00edses y lleven sin autorizaci\u00f3n una marca id\u00e9ntica o esencialmente id\u00e9ntica a la marca de la Uni\u00f3n, registrada con respecto a esas mercanc\u00edas. Esta aclaraci\u00f3n cobra especialmente importancia en los casos de compras por particulares de productos piratas a trav\u00e9s del abanico de posibilidades que ofrecen las nuevas tecnolog\u00edas, especialmente Internet.<\/p>\n<p><b>Respecto a productos falsificados<\/b>, se permitir\u00e1 a los titulares de marcas de la Uni\u00f3n impedir la entrada de mercanc\u00edas infractoras y su inclusi\u00f3n en cualquier r\u00e9gimen aduanero, incluido en tr\u00e1nsito, incluso cuando tales mercanc\u00edas no est\u00e9n destinadas a comercializarse en la Uni\u00f3n. Se supera con esta disposici\u00f3n la carga que ten\u00eda el titular marcario de acreditar que la mercanc\u00eda falsificada estaba destinada a una comercializaci\u00f3n en la Uni\u00f3n Europea. Esta jurisprudencia hab\u00eda generado cr\u00edticas de los titulares de marcas por considerar esta imposici\u00f3n de probar la intenci\u00f3n de comercializaci\u00f3n en la Uni\u00f3n Europea por parte de tercero como una gravosa carga.<\/p>\n<p>Por \u00faltimo, para complementar las disposiciones vigentes en materia de marcas comunitarias colectivas y subsanar el actual <b>desequilibrio entre los sistemas nacionales y el sistema comunitario<\/b>, se hizo necesario a\u00f1adir una serie de disposiciones espec\u00edficas destinadas a proteger las marcas de certificaci\u00f3n de la Uni\u00f3n Europea, siendo una marca de certificaci\u00f3n aquella que permite distinguir los productos o servicios que el titular certifica respecto a los materiales, el modo de fabricaci\u00f3n, la calidad, la precisi\u00f3n u otras caracter\u00edsticas (con excepci\u00f3n de la procedencia geogr\u00e1fica), de los productos o servicios que no posean esa certificaci\u00f3n. Para ello el solicitante deber\u00e1 presentar un reglamento de uso.<\/p>\n\r\n\t\t<style>\r\n\t\t\t.huge-it-share-buttons {\r\n\t\t\t\tborder:0px solid #0FB5D6;\r\n\t\t\t\tborder-radius:5px;\r\n\t\t\t\tbackground:#3BD8FF;\r\n\t\t\t text-align:left; \t\t\t\t\t\t\t\t\t}\r\n\r\n\t\t\t#huge-it-share-buttons-top {margin-bottom:0px;}\r\n\t\t\t#huge-it-share-buttons-bottom {margin-top:0px;}\r\n\r\n\t\t\t.huge-it-share-buttons h3 {\r\n\t\t\t\tfont-size:25px ;\r\n\t\t\t\tfont-family:Arial,Helvetica Neue,Helvetica,sans-serif;\r\n\t\t\t\tcolor:#666666;\r\n\r\n\t\t\tdisplay:block;\t\t\t\tline-height:25px ;\r\n\r\n\t\t\t text-align:left; \t\t\t\t\t\t\t\t\t}\r\n\r\n\t\t\t.huge-it-share-buttons ul {\r\n\t\t\t float:left; \t\t\t\t\t\t\t\t\t}\r\n\r\n\t\t\t.huge-it-share-buttons ul li {\r\n\t\t\t\tmargin-left:3px;\r\n\t\t\t\tmargin-right:3px;\r\n\t\t\t\tpadding:0px;\r\n\t\t\t\tborder:0px ridge #E6354C;\r\n\t\t\t\tborder-radius:11px;\r\n\t\t\t\tbackground-color:#14CC9B;\r\n\t\t\t}\r\n\r\n\t\t\t.huge-it-share-buttons ul li #backforunical2242 {\r\n\t\t\t\tborder-bottom: 0;\r\n\t\t\t\tbackground-image:url('https:\/\/www.fabregat-perulles-sales.com\/actualidad\/wp-content\/plugins\/wp-share-buttons\/Front_end\/..\/images\/buttons.30.png');\r\n\t\t\t\twidth:30px;\r\n\t\t\t\theight:30px;\r\n\t\t\t}\r\n\r\n\t\t\t.front-shares-count {\r\n\t\t\t\tposition: absolute;\r\n\t\t\t\ttext-align: center;\r\n\t\t\t\tdisplay: block;\r\n\t\t\t}\r\n\r\n\t\t\t.shares_size20 .front-shares-count {\r\n\t\t\t\tfont-size: 10px;\r\n\t\t\t\ttop: 10px;\r\n\t\t\t\twidth: 20px;\r\n\t\t\t}\r\n\r\n\t\t\t.shares_size30 .front-shares-count {\r\n\t\t\t\tfont-size: 11px;\r\n\t\t\t\ttop: 15px;\r\n\t\t\t\twidth: 30px;\r\n\t\t\t}\r\n\r\n\t\t\t.shares_size40 .front-shares-count {\r\n\t\t\t\tfont-size: 12px;\r\n\t\t\t\ttop: 21px;\r\n\t\t\t\twidth: 40px;\r\n\t\t\t}\r\n\t\t<\/style>\r\n\t\t\r\n\t\t<div id=\"huge-it-share-buttons-top\" class=\"huge-it-share-buttons nobackground\">\r\n\t\t\t<h3>Share This:<\/h3>\r\n\t\t\t<ul class=\"huge-it-share-buttons-list \">\r\n\t\t\t\t\t\t\t\t\t<li class=\"nobackground \" >\r\n\r\n\t\t\t\t\t\t\t\t\t\t\t\t<a id=\"backforunical2242\" href=\"https:\/\/www.facebook.com\/sharer\/sharer.php?u=www.fabregat-perulles-sales.com\/actualidad\/wp-json\/wp\/v2\/posts\/2242\"  onclick=\"javascript:void window.open('https:\/\/www.facebook.com\/sharer\/sharer.php?u=www.fabregat-perulles-sales.com\/actualidad\/wp-json\/wp\/v2\/posts\/2242','1410949501326','width=700,height=500,toolbar=0,menubar=0,location=0,status=1,scrollbars=1,resizable=1,left=0,top=0');return false;\" style=\"background-position: -0px -120px \"><\/a>\r\n\t\t\t\t\t<\/li>\r\n\t\t\t\t\t\t\t\t\t\t<li class=\"nobackground \" >\r\n\r\n\t\t\t\t\t\t\t\t\t\t\t\t<a id=\"backforunical2242\" href=\"https:\/\/twitter.com\/share?status=www.fabregat-perulles-sales.com\/actualidad\/wp-json\/wp\/v2\/posts\/2242&text=ENTRADA EN VIGOR DEL REGLAMENTO 2015\/2424 DEL PARLAMENTO EUROPEO Y DEL CONSEJO DE 16 DE DICIEMBRE DE 2015\"  onclick=\"javascript:void window.open('https:\/\/twitter.com\/share?status=www.fabregat-perulles-sales.com\/actualidad\/wp-json\/wp\/v2\/posts\/2242&text=ENTRADA EN VIGOR DEL REGLAMENTO 2015\/2424 DEL PARLAMENTO EUROPEO Y DEL CONSEJO DE 16 DE DICIEMBRE DE 2015','1410949501326','width=700,height=500,toolbar=0,menubar=0,location=0,status=1,scrollbars=1,resizable=1,left=0,top=0');return false;\" style=\"background-position: -30px -120px \"><\/a>\r\n\t\t\t\t\t<\/li>\r\n\t\t\t\t\t\t\t\t\t\t<li class=\"none nobackground \" >\r\n\r\n\t\t\t\t\t\t\t\t\t\t\t\t<a id=\"backforunical2242\" href=\"http:\/\/www.pinterest.com\/pin\/create\/button\/?url=www.fabregat-perulles-sales.com\/actualidad\/wp-json\/wp\/v2\/posts\/2242&media=https:\/\/www.fabregat-perulles-sales.com\/actualidad\/wp-content\/plugins\/wp-share-buttons\/Front_end\/..\/images\/noimage.png&description=ENTRADA EN VIGOR DEL REGLAMENTO 2015\/2424 DEL PARLAMENTO EUROPEO Y DEL CONSEJO DE 16 DE DICIEMBRE DE 2015\"  onclick=\"javascript:void window.open('http:\/\/www.pinterest.com\/pin\/create\/button\/?url=www.fabregat-perulles-sales.com\/actualidad\/wp-json\/wp\/v2\/posts\/2242&media=https:\/\/www.fabregat-perulles-sales.com\/actualidad\/wp-content\/plugins\/wp-share-buttons\/Front_end\/..\/images\/noimage.png&description=ENTRADA EN VIGOR DEL REGLAMENTO 2015\/2424 DEL PARLAMENTO EUROPEO Y DEL CONSEJO DE 16 DE DICIEMBRE DE 2015','1410949501326','width=700,height=500,toolbar=0,menubar=0,location=0,status=1,scrollbars=1,resizable=1,left=0,top=0');return false;\" style=\"background-position: -60px -120px \"><\/a>\r\n\t\t\t\t\t<\/li>\r\n\t\t\t\t\t\t\t\t\t\t<li class=\"none nobackground \" >\r\n\r\n\t\t\t\t\t\t\t\t\t\t\t\t<a id=\"backforunical2242\" href=\"https:\/\/plus.google.com\/share?url=www.fabregat-perulles-sales.com\/actualidad\/wp-json\/wp\/v2\/posts\/2242\"  onclick=\"javascript:void window.open('https:\/\/plus.google.com\/share?url=www.fabregat-perulles-sales.com\/actualidad\/wp-json\/wp\/v2\/posts\/2242','1410949501326','width=700,height=500,toolbar=0,menubar=0,location=0,status=1,scrollbars=1,resizable=1,left=0,top=0');return false;\" style=\"background-position: -90px -120px \"><\/a>\r\n\t\t\t\t\t<\/li>\r\n\t\t\t\t\t\t\t\t\t\t<li class=\"nobackground \" >\r\n\r\n\t\t\t\t\t\t\t\t\t\t\t\t<a id=\"backforunical2242\" href=\"https:\/\/www.linkedin.com\/shareArticle?title=ENTRADA EN VIGOR DEL REGLAMENTO 2015\/2424 DEL PARLAMENTO EUROPEO Y DEL CONSEJO DE 16 DE DICIEMBRE DE 2015&mini=true&url=https:\/\/www.fabregat-perulles-sales.com\/actualidad\/wp-json\/wp\/v2\/posts\/2242\"  onclick=\"javascript:void window.open('https:\/\/www.linkedin.com\/shareArticle?title=ENTRADA EN VIGOR DEL REGLAMENTO 2015\/2424 DEL PARLAMENTO EUROPEO Y DEL CONSEJO DE 16 DE DICIEMBRE DE 2015&mini=true&url=https:\/\/www.fabregat-perulles-sales.com\/actualidad\/wp-json\/wp\/v2\/posts\/2242','1410949501326','width=700,height=500,toolbar=0,menubar=0,location=0,status=1,scrollbars=1,resizable=1,left=0,top=0');return false;\" style=\"background-position: -120px -120px \"><\/a>\r\n\t\t\t\t\t<\/li>\r\n\t\t\t\t\t\t\t\t\t\t<li class=\"none nobackground \" >\r\n\r\n\t\t\t\t\t\t\t\t\t\t\t\t<a id=\"backforunical2242\" href=\"https:\/\/www.tumblr.com\/share\/link?url=www.fabregat-perulles-sales.com\/actualidad\/wp-json\/wp\/v2\/posts\/2242&name=ENTRADA EN VIGOR DEL REGLAMENTO 2015\/2424 DEL PARLAMENTO EUROPEO Y DEL CONSEJO DE 16 DE DICIEMBRE DE 2015\"  onclick=\"javascript:void window.open('https:\/\/www.tumblr.com\/share\/link?url=www.fabregat-perulles-sales.com\/actualidad\/wp-json\/wp\/v2\/posts\/2242&name=ENTRADA EN VIGOR DEL REGLAMENTO 2015\/2424 DEL PARLAMENTO EUROPEO Y DEL CONSEJO DE 16 DE DICIEMBRE DE 2015','1410949501326','width=700,height=500,toolbar=0,menubar=0,location=0,status=1,scrollbars=1,resizable=1,left=0,top=0');return false;\" style=\"background-position: -150px -120px \"><\/a>\r\n\t\t\t\t\t<\/li>\r\n\t\t\t\t\t\t\t\t\t\t<li class=\"none nobackground \" >\r\n\r\n\t\t\t\t\t\t\t\t\t\t\t\t<a id=\"backforunical2242\" href=\"http:\/\/digg.com\/submit?phase=2&url=www.fabregat-perulles-sales.com\/actualidad\/wp-json\/wp\/v2\/posts\/2242&title=ENTRADA EN VIGOR DEL REGLAMENTO 2015\/2424 DEL PARLAMENTO EUROPEO Y DEL CONSEJO DE 16 DE DICIEMBRE DE 2015\"  onclick=\"javascript:void window.open('http:\/\/digg.com\/submit?phase=2&url=www.fabregat-perulles-sales.com\/actualidad\/wp-json\/wp\/v2\/posts\/2242&title=ENTRADA EN VIGOR DEL REGLAMENTO 2015\/2424 DEL PARLAMENTO EUROPEO Y DEL CONSEJO DE 16 DE DICIEMBRE DE 2015','1410949501326','width=700,height=500,toolbar=0,menubar=0,location=0,status=1,scrollbars=1,resizable=1,left=0,top=0');return false;\" style=\"background-position: -180px -120px \"><\/a>\r\n\t\t\t\t\t<\/li>\r\n\t\t\t\t\t\t\t\t\t\t<li class=\"none nobackground \" >\r\n\r\n\t\t\t\t\t\t\t\t\t\t\t\t<a id=\"backforunical2242\" href=\"http:\/\/www.stumbleupon.com\/submit?url=www.fabregat-perulles-sales.com\/actualidad\/wp-json\/wp\/v2\/posts\/2242&title=ENTRADA EN VIGOR DEL REGLAMENTO 2015\/2424 DEL PARLAMENTO EUROPEO Y DEL CONSEJO DE 16 DE DICIEMBRE DE 2015\"  onclick=\"javascript:void window.open('http:\/\/www.stumbleupon.com\/submit?url=www.fabregat-perulles-sales.com\/actualidad\/wp-json\/wp\/v2\/posts\/2242&title=ENTRADA EN VIGOR DEL REGLAMENTO 2015\/2424 DEL PARLAMENTO EUROPEO Y DEL CONSEJO DE 16 DE DICIEMBRE DE 2015','1410949501326','width=700,height=500,toolbar=0,menubar=0,location=0,status=1,scrollbars=1,resizable=1,left=0,top=0');return false;\" style=\"background-position: -210px -120px \"><\/a>\r\n\t\t\t\t\t<\/li>\r\n\t\t\t\t\t\t\t\t\t\t<li class=\"none nobackground \" >\r\n\r\n\t\t\t\t\t\t\t\t\t\t\t\t<a id=\"backforunical2242\" href=\"https:\/\/myspace.com\/post?l=3&u=www.fabregat-perulles-sales.com\/actualidad\/wp-json\/wp\/v2\/posts\/2242\"  onclick=\"javascript:void window.open('https:\/\/myspace.com\/post?l=3&u=www.fabregat-perulles-sales.com\/actualidad\/wp-json\/wp\/v2\/posts\/2242','1410949501326','width=700,height=500,toolbar=0,menubar=0,location=0,status=1,scrollbars=1,resizable=1,left=0,top=0');return false;\" style=\"background-position: -240px -120px \"><\/a>\r\n\t\t\t\t\t<\/li>\r\n\t\t\t\t\t\t\t\t\t\t<li class=\"nobackground \" >\r\n\r\n\t\t\t\t\t\t\t\t\t\t\t\t<a id=\"backforunical2242\" href=\"http:\/\/vk.com\/share.php?url=www.fabregat-perulles-sales.com\/actualidad\/wp-json\/wp\/v2\/posts\/2242&title=ENTRADA EN VIGOR DEL REGLAMENTO 2015\/2424 DEL PARLAMENTO EUROPEO Y DEL CONSEJO DE 16 DE DICIEMBRE DE 2015\"  onclick=\"javascript:void window.open('http:\/\/vk.com\/share.php?url=www.fabregat-perulles-sales.com\/actualidad\/wp-json\/wp\/v2\/posts\/2242&title=ENTRADA EN VIGOR DEL REGLAMENTO 2015\/2424 DEL PARLAMENTO EUROPEO Y DEL CONSEJO DE 16 DE DICIEMBRE DE 2015','1410949501326','width=700,height=500,toolbar=0,menubar=0,location=0,status=1,scrollbars=1,resizable=1,left=0,top=0');return false;\" style=\"background-position: -270px -120px \"><\/a>\r\n\t\t\t\t\t<\/li>\r\n\t\t\t\t\t\t\t\t\t\t<li class=\"none nobackground \" >\r\n\r\n\t\t\t\t\t\t\t\t\t\t\t\t<a id=\"backforunical2242\" href=\"http:\/\/www.reddit.com\/submit?url=www.fabregat-perulles-sales.com\/actualidad\/wp-json\/wp\/v2\/posts\/2242&title=ENTRADA EN VIGOR DEL REGLAMENTO 2015\/2424 DEL PARLAMENTO EUROPEO Y DEL CONSEJO DE 16 DE DICIEMBRE DE 2015\"  onclick=\"javascript:void window.open('http:\/\/www.reddit.com\/submit?url=www.fabregat-perulles-sales.com\/actualidad\/wp-json\/wp\/v2\/posts\/2242&title=ENTRADA EN VIGOR DEL REGLAMENTO 2015\/2424 DEL PARLAMENTO EUROPEO Y DEL CONSEJO DE 16 DE DICIEMBRE DE 2015','1410949501326','width=700,height=500,toolbar=0,menubar=0,location=0,status=1,scrollbars=1,resizable=1,left=0,top=0');return false;\" style=\"background-position: -300px -120px \"><\/a>\r\n\t\t\t\t\t<\/li>\r\n\t\t\t\t\t\t\t\t\t\t<li class=\"none nobackground \" >\r\n\r\n\t\t\t\t\t\t\t\t\t\t\t\t<a id=\"backforunical2242\" href=\"http:\/\/www.bebo.com\/c\/share?Url=www.fabregat-perulles-sales.com\/actualidad\/wp-json\/wp\/v2\/posts\/2242\"  onclick=\"javascript:void window.open('http:\/\/www.bebo.com\/c\/share?Url=www.fabregat-perulles-sales.com\/actualidad\/wp-json\/wp\/v2\/posts\/2242','1410949501326','width=700,height=500,toolbar=0,menubar=0,location=0,status=1,scrollbars=1,resizable=1,left=0,top=0');return false;\" style=\"background-position: -330px -120px \"><\/a>\r\n\t\t\t\t\t<\/li>\r\n\t\t\t\t\t\t\t\t\t\t<li class=\"none nobackground \" >\r\n\r\n\t\t\t\t\t\t\t\t\t\t\t\t<a id=\"backforunical2242\" href=\"https:\/\/delicious.com\/save?v=5&noui&jump=close&url=www.fabregat-perulles-sales.com\/actualidad\/wp-json\/wp\/v2\/posts\/2242&title=ENTRADA EN VIGOR DEL REGLAMENTO 2015\/2424 DEL PARLAMENTO EUROPEO Y DEL CONSEJO DE 16 DE DICIEMBRE DE 2015\"  onclick=\"javascript:void window.open('https:\/\/delicious.com\/save?v=5&noui&jump=close&url=www.fabregat-perulles-sales.com\/actualidad\/wp-json\/wp\/v2\/posts\/2242&title=ENTRADA EN VIGOR DEL REGLAMENTO 2015\/2424 DEL PARLAMENTO EUROPEO Y DEL CONSEJO DE 16 DE DICIEMBRE DE 2015','1410949501326','width=700,height=500,toolbar=0,menubar=0,location=0,status=1,scrollbars=1,resizable=1,left=0,top=0');return false;\" style=\"background-position: -360px -120px \"><\/a>\r\n\t\t\t\t\t<\/li>\r\n\t\t\t\t\t\t\t\t\t\t<li class=\"none nobackground \" >\r\n\r\n\t\t\t\t\t\t\t\t\t\t\t\t<a id=\"backforunical2242\" href=\"http:\/\/www.odnoklassniki.ru\/dk?st.cmd=addShare&st.s=2&st.noresize=on&st._surl=www.fabregat-perulles-sales.com\/actualidad\/wp-json\/wp\/v2\/posts\/2242\"  onclick=\"javascript:void window.open('http:\/\/www.odnoklassniki.ru\/dk?st.cmd=addShare&st.s=2&st.noresize=on&st._surl=www.fabregat-perulles-sales.com\/actualidad\/wp-json\/wp\/v2\/posts\/2242','1410949501326','width=700,height=500,toolbar=0,menubar=0,location=0,status=1,scrollbars=1,resizable=1,left=0,top=0');return false;\" style=\"background-position: -390px -120px \"><\/a>\r\n\t\t\t\t\t<\/li>\r\n\t\t\t\t\t\t\t\t\t\t<li class=\"none nobackground \" >\r\n\r\n\t\t\t\t\t\t\t\t\t\t\t\t<a id=\"backforunical2242\" href=\"http:\/\/sns.qzone.qq.com\/cgi-bin\/qzshare\/cgi_qzshare_onekey?url=www.fabregat-perulles-sales.com\/actualidad\/wp-json\/wp\/v2\/posts\/2242&title=ENTRADA EN VIGOR DEL REGLAMENTO 2015\/2424 DEL PARLAMENTO EUROPEO Y DEL CONSEJO DE 16 DE DICIEMBRE DE 2015\"  onclick=\"javascript:void window.open('http:\/\/sns.qzone.qq.com\/cgi-bin\/qzshare\/cgi_qzshare_onekey?url=www.fabregat-perulles-sales.com\/actualidad\/wp-json\/wp\/v2\/posts\/2242&title=ENTRADA EN VIGOR DEL REGLAMENTO 2015\/2424 DEL PARLAMENTO EUROPEO Y DEL CONSEJO DE 16 DE DICIEMBRE DE 2015','1410949501326','width=700,height=500,toolbar=0,menubar=0,location=0,status=1,scrollbars=1,resizable=1,left=0,top=0');return false;\" style=\"background-position: -420px -120px \"><\/a>\r\n\t\t\t\t\t<\/li>\r\n\t\t\t\t\t\t\t\t\t\t<li class=\"none nobackground \" >\r\n\r\n\t\t\t\t\t\t\t\t\t\t\t\t<a id=\"backforunical2242\" href=\"http:\/\/service.weibo.com\/share\/share.php?url=www.fabregat-perulles-sales.com\/actualidad\/wp-json\/wp\/v2\/posts\/2242&appkey=&title=ENTRADA EN VIGOR DEL REGLAMENTO 2015\/2424 DEL PARLAMENTO EUROPEO Y DEL CONSEJO DE 16 DE DICIEMBRE DE 2015&pic=&ralateUid=&\"  onclick=\"javascript:void window.open('http:\/\/service.weibo.com\/share\/share.php?url=www.fabregat-perulles-sales.com\/actualidad\/wp-json\/wp\/v2\/posts\/2242&appkey=&title=ENTRADA EN VIGOR DEL REGLAMENTO 2015\/2424 DEL PARLAMENTO EUROPEO Y DEL CONSEJO DE 16 DE DICIEMBRE DE 2015&pic=&ralateUid=&','1410949501326','width=700,height=500,toolbar=0,menubar=0,location=0,status=1,scrollbars=1,resizable=1,left=0,top=0');return false;\" style=\"background-position: -450px -120px \"><\/a>\r\n\t\t\t\t\t<\/li>\r\n\t\t\t\t\t\t\t\t\t\t<li class=\"none nobackground \" >\r\n\r\n\t\t\t\t\t\t\t\t\t\t\t\t<a id=\"backforunical2242\" href=\"http:\/\/widget.renren.com\/dialog\/share?resourceUrl=www.fabregat-perulles-sales.com\/actualidad\/wp-json\/wp\/v2\/posts\/2242&srcUrl=www.fabregat-perulles-sales.com\/actualidad\/wp-json\/wp\/v2\/posts\/2242&title=ENTRADA EN VIGOR DEL REGLAMENTO 2015\/2424 DEL PARLAMENTO EUROPEO Y DEL CONSEJO DE 16 DE DICIEMBRE DE 2015\"  onclick=\"javascript:void window.open('http:\/\/widget.renren.com\/dialog\/share?resourceUrl=www.fabregat-perulles-sales.com\/actualidad\/wp-json\/wp\/v2\/posts\/2242&srcUrl=www.fabregat-perulles-sales.com\/actualidad\/wp-json\/wp\/v2\/posts\/2242&title=ENTRADA EN VIGOR DEL REGLAMENTO 2015\/2424 DEL PARLAMENTO EUROPEO Y DEL CONSEJO DE 16 DE DICIEMBRE DE 2015','1410949501326','width=700,height=500,toolbar=0,menubar=0,location=0,status=1,scrollbars=1,resizable=1,left=0,top=0');return false;\" style=\"background-position: -480px -120px \"><\/a>\r\n\t\t\t\t\t<\/li>\r\n\t\t\t\t\t\t\t\t\t\t<li class=\"none nobackground \" >\r\n\r\n\t\t\t\t\t\t\t\t\t\t\t\t<a id=\"backforunical2242\" href=\"http:\/\/n4g.com\/tips?url=www.fabregat-perulles-sales.com\/actualidad\/wp-json\/wp\/v2\/posts\/2242&title=ENTRADA EN VIGOR DEL REGLAMENTO 2015\/2424 DEL PARLAMENTO EUROPEO Y DEL CONSEJO DE 16 DE DICIEMBRE DE 2015\"  onclick=\"javascript:void window.open('http:\/\/n4g.com\/tips?url=www.fabregat-perulles-sales.com\/actualidad\/wp-json\/wp\/v2\/posts\/2242&title=ENTRADA EN VIGOR DEL REGLAMENTO 2015\/2424 DEL PARLAMENTO EUROPEO Y DEL CONSEJO DE 16 DE DICIEMBRE DE 2015','1410949501326','width=700,height=500,toolbar=0,menubar=0,location=0,status=1,scrollbars=1,resizable=1,left=0,top=0');return false;\" style=\"background-position: -510px -120px \"><\/a>\r\n\t\t\t\t\t<\/li>\r\n\t\t\t\t\t\t\t\t<\/ul>\r\n\t\t\t<div class=\"clear\"><\/div>\r\n\t\t<\/div>\r\n\t\t","protected":false},"excerpt":{"rendered":"<p>El pasado 23 de marzo entr\u00f3 en vigor el Reglamento 2015\/2424 del Parlamento Europeo y del Consejo de 16 de diciembre de 2015 por el que se establecen normas de ejecuci\u00f3n del Reglamento (CE) n\u00ba 40\/94 del Consejo sobre la Marca Comunitaria, y se deroga el Reglamento (CE) no 2869\/95 de la Comisi\u00f3n, relativo a\u2026 <span class=\"read-more\"><a href=\"https:\/\/www.fabregat-perulles-sales.com\/actualidad\/entrada-en-vigor-del-reglamento-20152424-del-parlamento-europeo-y-del-consejo-de-16-de-diciembre-de-2015\/\">Read More &raquo;<\/a><\/span><\/p>\n","protected":false},"author":3,"featured_media":0,"comment_status":"open","ping_status":"closed","sticky":false,"template":"","format":"standard","meta":[],"categories":[466,279],"tags":[717,715,716,485],"yoast_head":"<!-- This site is optimized with the Yoast SEO plugin v20.2.1 - https:\/\/yoast.com\/wordpress\/plugins\/seo\/ -->\n<title>Nueva regulaci\u00f3n de la Marca de la Uni\u00f3n Europea Abogados espa\u00f1ol<\/title>\n<meta name=\"description\" content=\"El nuevo Reglamento UE relativo a la marca de la Uni\u00f3n Europea potencia la cooperaci\u00f3n entre organismos competentes y simplifica procedimientos de tramitaci\u00f3n.\" \/>\n<meta name=\"robots\" content=\"index, follow, max-snippet:-1, max-image-preview:large, max-video-preview:-1\" \/>\n<link rel=\"canonical\" href=\"https:\/\/www.fabregat-perulles-sales.com\/actualidad\/entrada-en-vigor-del-reglamento-20152424-del-parlamento-europeo-y-del-consejo-de-16-de-diciembre-de-2015\/\" \/>\n<meta property=\"og:locale\" content=\"en_US\" \/>\n<meta property=\"og:type\" content=\"article\" \/>\n<meta property=\"og:title\" content=\"Nueva regulaci\u00f3n de la Marca de la Uni\u00f3n Europea Abogados espa\u00f1ol\" \/>\n<meta property=\"og:description\" content=\"El nuevo Reglamento UE relativo a la marca de la Uni\u00f3n Europea potencia la cooperaci\u00f3n entre organismos competentes y simplifica procedimientos de tramitaci\u00f3n.\" \/>\n<meta property=\"og:url\" content=\"https:\/\/www.fabregat-perulles-sales.com\/actualidad\/entrada-en-vigor-del-reglamento-20152424-del-parlamento-europeo-y-del-consejo-de-16-de-diciembre-de-2015\/\" \/>\n<meta property=\"og:site_name\" content=\"International Lawyers\" \/>\n<meta property=\"article:published_time\" content=\"2016-04-13T15:50:11+00:00\" \/>\n<meta name=\"author\" content=\"Victor\" \/>\n<meta name=\"twitter:card\" content=\"summary_large_image\" \/>\n<meta name=\"twitter:label1\" content=\"Written by\" \/>\n\t<meta name=\"twitter:data1\" content=\"Victor\" \/>\n\t<meta name=\"twitter:label2\" content=\"Est. reading time\" \/>\n\t<meta name=\"twitter:data2\" content=\"8 minutes\" \/>\n<script type=\"application\/ld+json\" class=\"yoast-schema-graph\">{\"@context\":\"https:\/\/schema.org\",\"@graph\":[{\"@type\":\"WebPage\",\"@id\":\"https:\/\/www.fabregat-perulles-sales.com\/actualidad\/entrada-en-vigor-del-reglamento-20152424-del-parlamento-europeo-y-del-consejo-de-16-de-diciembre-de-2015\/\",\"url\":\"https:\/\/www.fabregat-perulles-sales.com\/actualidad\/entrada-en-vigor-del-reglamento-20152424-del-parlamento-europeo-y-del-consejo-de-16-de-diciembre-de-2015\/\",\"name\":\"Nueva regulaci\u00f3n de la Marca de la Uni\u00f3n Europea Abogados espa\u00f1ol\",\"isPartOf\":{\"@id\":\"https:\/\/www.fabregat-perulles-sales.com\/actualidad\/#website\"},\"datePublished\":\"2016-04-13T15:50:11+00:00\",\"dateModified\":\"2016-04-13T15:50:11+00:00\",\"author\":{\"@id\":\"https:\/\/www.fabregat-perulles-sales.com\/actualidad\/#\/schema\/person\/cabc1d68c7778f01d5e069c2d98442e3\"},\"description\":\"El nuevo Reglamento UE relativo a la marca de la Uni\u00f3n Europea potencia la cooperaci\u00f3n entre organismos competentes y simplifica procedimientos de tramitaci\u00f3n.\",\"breadcrumb\":{\"@id\":\"https:\/\/www.fabregat-perulles-sales.com\/actualidad\/entrada-en-vigor-del-reglamento-20152424-del-parlamento-europeo-y-del-consejo-de-16-de-diciembre-de-2015\/#breadcrumb\"},\"inLanguage\":\"en-US\",\"potentialAction\":[{\"@type\":\"ReadAction\",\"target\":[\"https:\/\/www.fabregat-perulles-sales.com\/actualidad\/entrada-en-vigor-del-reglamento-20152424-del-parlamento-europeo-y-del-consejo-de-16-de-diciembre-de-2015\/\"]}]},{\"@type\":\"BreadcrumbList\",\"@id\":\"https:\/\/www.fabregat-perulles-sales.com\/actualidad\/entrada-en-vigor-del-reglamento-20152424-del-parlamento-europeo-y-del-consejo-de-16-de-diciembre-de-2015\/#breadcrumb\",\"itemListElement\":[{\"@type\":\"ListItem\",\"position\":1,\"name\":\"Home\",\"item\":\"https:\/\/www.fabregat-perulles-sales.com\/actualidad\/\"},{\"@type\":\"ListItem\",\"position\":2,\"name\":\"ENTRADA EN VIGOR DEL REGLAMENTO 2015\/2424 DEL PARLAMENTO EUROPEO Y DEL CONSEJO DE 16 DE DICIEMBRE DE 2015\"}]},{\"@type\":\"WebSite\",\"@id\":\"https:\/\/www.fabregat-perulles-sales.com\/actualidad\/#website\",\"url\":\"https:\/\/www.fabregat-perulles-sales.com\/actualidad\/\",\"name\":\"www.fabregat-perulles-sales.com\",\"description\":\"Fabregat Perulles Sales Abogados is a law firm of reference international market in the Spanish-German, Spanish-French, and Spanish-Italian. Is one of the first firms in Barcelona offering a Russian Desk.\",\"potentialAction\":[{\"@type\":\"SearchAction\",\"target\":{\"@type\":\"EntryPoint\",\"urlTemplate\":\"https:\/\/www.fabregat-perulles-sales.com\/actualidad\/?s={search_term_string}\"},\"query-input\":\"required name=search_term_string\"}],\"inLanguage\":\"en-US\"},{\"@type\":\"Person\",\"@id\":\"https:\/\/www.fabregat-perulles-sales.com\/actualidad\/#\/schema\/person\/cabc1d68c7778f01d5e069c2d98442e3\",\"name\":\"Victor\",\"image\":{\"@type\":\"ImageObject\",\"inLanguage\":\"en-US\",\"@id\":\"https:\/\/www.fabregat-perulles-sales.com\/actualidad\/#\/schema\/person\/image\/\",\"url\":\"https:\/\/secure.gravatar.com\/avatar\/756cb666a964d2960ffe307b8a53b271?s=96&d=mm&r=g\",\"contentUrl\":\"https:\/\/secure.gravatar.com\/avatar\/756cb666a964d2960ffe307b8a53b271?s=96&d=mm&r=g\",\"caption\":\"Victor\"},\"sameAs\":[\"http:\/\/www.fabregat-perulles-sales.com\"],\"url\":\"https:\/\/www.fabregat-perulles-sales.com\/actualidad\/author\/victor\/\"}]}<\/script>\n<!-- \/ Yoast SEO plugin. -->","yoast_head_json":{"title":"Nueva regulaci\u00f3n de la Marca de la Uni\u00f3n Europea Abogados espa\u00f1ol","description":"El nuevo Reglamento UE relativo a la marca de la Uni\u00f3n Europea potencia la cooperaci\u00f3n entre organismos competentes y simplifica procedimientos de tramitaci\u00f3n.","robots":{"index":"index","follow":"follow","max-snippet":"max-snippet:-1","max-image-preview":"max-image-preview:large","max-video-preview":"max-video-preview:-1"},"canonical":"https:\/\/www.fabregat-perulles-sales.com\/actualidad\/entrada-en-vigor-del-reglamento-20152424-del-parlamento-europeo-y-del-consejo-de-16-de-diciembre-de-2015\/","og_locale":"en_US","og_type":"article","og_title":"Nueva regulaci\u00f3n de la Marca de la Uni\u00f3n Europea Abogados espa\u00f1ol","og_description":"El nuevo Reglamento UE relativo a la marca de la Uni\u00f3n Europea potencia la cooperaci\u00f3n entre organismos competentes y simplifica procedimientos de tramitaci\u00f3n.","og_url":"https:\/\/www.fabregat-perulles-sales.com\/actualidad\/entrada-en-vigor-del-reglamento-20152424-del-parlamento-europeo-y-del-consejo-de-16-de-diciembre-de-2015\/","og_site_name":"International Lawyers","article_published_time":"2016-04-13T15:50:11+00:00","author":"Victor","twitter_card":"summary_large_image","twitter_misc":{"Written by":"Victor","Est. reading time":"8 minutes"},"schema":{"@context":"https:\/\/schema.org","@graph":[{"@type":"WebPage","@id":"https:\/\/www.fabregat-perulles-sales.com\/actualidad\/entrada-en-vigor-del-reglamento-20152424-del-parlamento-europeo-y-del-consejo-de-16-de-diciembre-de-2015\/","url":"https:\/\/www.fabregat-perulles-sales.com\/actualidad\/entrada-en-vigor-del-reglamento-20152424-del-parlamento-europeo-y-del-consejo-de-16-de-diciembre-de-2015\/","name":"Nueva regulaci\u00f3n de la Marca de la Uni\u00f3n Europea Abogados espa\u00f1ol","isPartOf":{"@id":"https:\/\/www.fabregat-perulles-sales.com\/actualidad\/#website"},"datePublished":"2016-04-13T15:50:11+00:00","dateModified":"2016-04-13T15:50:11+00:00","author":{"@id":"https:\/\/www.fabregat-perulles-sales.com\/actualidad\/#\/schema\/person\/cabc1d68c7778f01d5e069c2d98442e3"},"description":"El nuevo Reglamento UE relativo a la marca de la Uni\u00f3n Europea potencia la cooperaci\u00f3n entre organismos competentes y simplifica procedimientos de tramitaci\u00f3n.","breadcrumb":{"@id":"https:\/\/www.fabregat-perulles-sales.com\/actualidad\/entrada-en-vigor-del-reglamento-20152424-del-parlamento-europeo-y-del-consejo-de-16-de-diciembre-de-2015\/#breadcrumb"},"inLanguage":"en-US","potentialAction":[{"@type":"ReadAction","target":["https:\/\/www.fabregat-perulles-sales.com\/actualidad\/entrada-en-vigor-del-reglamento-20152424-del-parlamento-europeo-y-del-consejo-de-16-de-diciembre-de-2015\/"]}]},{"@type":"BreadcrumbList","@id":"https:\/\/www.fabregat-perulles-sales.com\/actualidad\/entrada-en-vigor-del-reglamento-20152424-del-parlamento-europeo-y-del-consejo-de-16-de-diciembre-de-2015\/#breadcrumb","itemListElement":[{"@type":"ListItem","position":1,"name":"Home","item":"https:\/\/www.fabregat-perulles-sales.com\/actualidad\/"},{"@type":"ListItem","position":2,"name":"ENTRADA EN VIGOR DEL REGLAMENTO 2015\/2424 DEL PARLAMENTO EUROPEO Y DEL CONSEJO DE 16 DE DICIEMBRE DE 2015"}]},{"@type":"WebSite","@id":"https:\/\/www.fabregat-perulles-sales.com\/actualidad\/#website","url":"https:\/\/www.fabregat-perulles-sales.com\/actualidad\/","name":"www.fabregat-perulles-sales.com","description":"Fabregat Perulles Sales Abogados is a law firm of reference international market in the Spanish-German, Spanish-French, and Spanish-Italian. Is one of the first firms in Barcelona offering a Russian Desk.","potentialAction":[{"@type":"SearchAction","target":{"@type":"EntryPoint","urlTemplate":"https:\/\/www.fabregat-perulles-sales.com\/actualidad\/?s={search_term_string}"},"query-input":"required name=search_term_string"}],"inLanguage":"en-US"},{"@type":"Person","@id":"https:\/\/www.fabregat-perulles-sales.com\/actualidad\/#\/schema\/person\/cabc1d68c7778f01d5e069c2d98442e3","name":"Victor","image":{"@type":"ImageObject","inLanguage":"en-US","@id":"https:\/\/www.fabregat-perulles-sales.com\/actualidad\/#\/schema\/person\/image\/","url":"https:\/\/secure.gravatar.com\/avatar\/756cb666a964d2960ffe307b8a53b271?s=96&d=mm&r=g","contentUrl":"https:\/\/secure.gravatar.com\/avatar\/756cb666a964d2960ffe307b8a53b271?s=96&d=mm&r=g","caption":"Victor"},"sameAs":["http:\/\/www.fabregat-perulles-sales.com"],"url":"https:\/\/www.fabregat-perulles-sales.com\/actualidad\/author\/victor\/"}]}},"amp_enabled":true,"_links":{"self":[{"href":"https:\/\/www.fabregat-perulles-sales.com\/actualidad\/wp-json\/wp\/v2\/posts\/2242"}],"collection":[{"href":"https:\/\/www.fabregat-perulles-sales.com\/actualidad\/wp-json\/wp\/v2\/posts"}],"about":[{"href":"https:\/\/www.fabregat-perulles-sales.com\/actualidad\/wp-json\/wp\/v2\/types\/post"}],"author":[{"embeddable":true,"href":"https:\/\/www.fabregat-perulles-sales.com\/actualidad\/wp-json\/wp\/v2\/users\/3"}],"replies":[{"embeddable":true,"href":"https:\/\/www.fabregat-perulles-sales.com\/actualidad\/wp-json\/wp\/v2\/comments?post=2242"}],"version-history":[{"count":1,"href":"https:\/\/www.fabregat-perulles-sales.com\/actualidad\/wp-json\/wp\/v2\/posts\/2242\/revisions"}],"predecessor-version":[{"id":2244,"href":"https:\/\/www.fabregat-perulles-sales.com\/actualidad\/wp-json\/wp\/v2\/posts\/2242\/revisions\/2244"}],"wp:attachment":[{"href":"https:\/\/www.fabregat-perulles-sales.com\/actualidad\/wp-json\/wp\/v2\/media?parent=2242"}],"wp:term":[{"taxonomy":"category","embeddable":true,"href":"https:\/\/www.fabregat-perulles-sales.com\/actualidad\/wp-json\/wp\/v2\/categories?post=2242"},{"taxonomy":"post_tag","embeddable":true,"href":"https:\/\/www.fabregat-perulles-sales.com\/actualidad\/wp-json\/wp\/v2\/tags?post=2242"}],"curies":[{"name":"wp","href":"https:\/\/api.w.org\/{rel}","templated":true}]}}