{"id":2209,"date":"2016-02-25T12:08:59","date_gmt":"2016-02-25T11:08:59","guid":{"rendered":"http:\/\/www.fabregat-perulles-sales.com\/actualidad\/?p=2209"},"modified":"2016-03-09T12:20:34","modified_gmt":"2016-03-09T11:20:34","slug":"adoption-du-reglement-sur-limpot-des-logements-inoccupes-en-catalogne","status":"publish","type":"post","link":"https:\/\/www.fabregat-perulles-sales.com\/actualidad\/adoption-du-reglement-sur-limpot-des-logements-inoccupes-en-catalogne\/","title":{"rendered":"Adoption du R\u00e8glement sur l\u2019imp\u00f4t des \u00ablogements inoccup\u00e9s\u00bb en Catalogne"},"content":{"rendered":"<p>Le <a href=\"http:\/\/portaldogc.gencat.cat\/utilsEADOP\/PDF\/7061\/1475411.pdf\">R\u00e8glement sur l\u2019imp\u00f4t des \u00ablogements inoccup\u00e9s\u00bb<\/a> a \u00e9t\u00e9 adopt\u00e9 le 16 f\u00e9vrier dernier dans le but de d\u00e9velopper les dispositions de la <a href=\"https:\/\/www.boe.es\/diario_boe\/txt.php?id=BOE-A-2015-9206\">Loi espagnole 14\/2015, du 21 juillet<\/a>, qui avait d\u00e9j\u00e0 implant\u00e9 le principe de ce nouvel imp\u00f4t en Catalogne.<\/p>\n<p><!--more--><\/p>\n<p>La Loi d\u00e9finit les logements inoccup\u00e9s comme \u00e9tant tous ceux qui le sont de fa\u00e7on permanente pendant plus de\u00a0deux ans sans cause justifi\u00e9e (p.e. travaux de r\u00e9habilitation ou existence d\u2019un litige sur la propri\u00e9t\u00e9).<\/p>\n<p>Certaines habitations ne seront pas frapp\u00e9es par cet imp\u00f4t en raison de leurs situations ou caract\u00e9ristiques, comme par exemple les appartements touristiques. Les personnes physiques propri\u00e9taires d\u2019immeubles sont exclues du champs d\u2019application de l\u2019imp\u00f4t.<\/p>\n<p>Le R\u00e8glement r\u00e9cemment publi\u00e9 confirme la base imposable annonc\u00e9e par la Loi 14\/2015, calcul\u00e9e en fonction de la surface utile en m\u00e8tres carr\u00e9s du bien immeuble.<\/p>\n<p>Par ailleurs, le R\u00e8glement fixe un d\u00e9lai de pr\u00e9sentation de l\u2019autoliquidation de l&#8217;imp\u00f4t qui devra intervenir entre le 1<sup>er<\/sup> et le 20<sup>\u00e8me<\/sup> jour du mois suivant la date de son paiement, par voie t\u00e9l\u00e9matique.<\/p>\n\r\n\t\t<style>\r\n\t\t\t.huge-it-share-buttons {\r\n\t\t\t\tborder:0px solid #0FB5D6;\r\n\t\t\t\tborder-radius:5px;\r\n\t\t\t\tbackground:#3BD8FF;\r\n\t\t\t text-align:left; \t\t\t\t\t\t\t\t\t}\r\n\r\n\t\t\t#huge-it-share-buttons-top {margin-bottom:0px;}\r\n\t\t\t#huge-it-share-buttons-bottom {margin-top:0px;}\r\n\r\n\t\t\t.huge-it-share-buttons h3 {\r\n\t\t\t\tfont-size:25px ;\r\n\t\t\t\tfont-family:Arial,Helvetica Neue,Helvetica,sans-serif;\r\n\t\t\t\tcolor:#666666;\r\n\r\n\t\t\tdisplay:block;\t\t\t\tline-height:25px ;\r\n\r\n\t\t\t text-align:left; \t\t\t\t\t\t\t\t\t}\r\n\r\n\t\t\t.huge-it-share-buttons ul {\r\n\t\t\t float:left; \t\t\t\t\t\t\t\t\t}\r\n\r\n\t\t\t.huge-it-share-buttons ul li {\r\n\t\t\t\tmargin-left:3px;\r\n\t\t\t\tmargin-right:3px;\r\n\t\t\t\tpadding:0px;\r\n\t\t\t\tborder:0px ridge #E6354C;\r\n\t\t\t\tborder-radius:11px;\r\n\t\t\t\tbackground-color:#14CC9B;\r\n\t\t\t}\r\n\r\n\t\t\t.huge-it-share-buttons ul li #backforunical2209 {\r\n\t\t\t\tborder-bottom: 0;\r\n\t\t\t\tbackground-image:url('https:\/\/www.fabregat-perulles-sales.com\/actualidad\/wp-content\/plugins\/wp-share-buttons\/Front_end\/..\/images\/buttons.30.png');\r\n\t\t\t\twidth:30px;\r\n\t\t\t\theight:30px;\r\n\t\t\t}\r\n\r\n\t\t\t.front-shares-count {\r\n\t\t\t\tposition: absolute;\r\n\t\t\t\ttext-align: center;\r\n\t\t\t\tdisplay: block;\r\n\t\t\t}\r\n\r\n\t\t\t.shares_size20 .front-shares-count {\r\n\t\t\t\tfont-size: 10px;\r\n\t\t\t\ttop: 10px;\r\n\t\t\t\twidth: 20px;\r\n\t\t\t}\r\n\r\n\t\t\t.shares_size30 .front-shares-count {\r\n\t\t\t\tfont-size: 11px;\r\n\t\t\t\ttop: 15px;\r\n\t\t\t\twidth: 30px;\r\n\t\t\t}\r\n\r\n\t\t\t.shares_size40 .front-shares-count {\r\n\t\t\t\tfont-size: 12px;\r\n\t\t\t\ttop: 21px;\r\n\t\t\t\twidth: 40px;\r\n\t\t\t}\r\n\t\t<\/style>\r\n\t\t\r\n\t\t<div id=\"huge-it-share-buttons-top\" class=\"huge-it-share-buttons nobackground\">\r\n\t\t\t<h3>Share This:<\/h3>\r\n\t\t\t<ul class=\"huge-it-share-buttons-list \">\r\n\t\t\t\t\t\t\t\t\t<li class=\"nobackground \" >\r\n\r\n\t\t\t\t\t\t\t\t\t\t\t\t<a id=\"backforunical2209\" href=\"https:\/\/www.facebook.com\/sharer\/sharer.php?u=www.fabregat-perulles-sales.com\/actualidad\/wp-json\/wp\/v2\/posts\/2209\"  onclick=\"javascript:void window.open('https:\/\/www.facebook.com\/sharer\/sharer.php?u=www.fabregat-perulles-sales.com\/actualidad\/wp-json\/wp\/v2\/posts\/2209','1410949501326','width=700,height=500,toolbar=0,menubar=0,location=0,status=1,scrollbars=1,resizable=1,left=0,top=0');return false;\" style=\"background-position: -0px -120px \"><\/a>\r\n\t\t\t\t\t<\/li>\r\n\t\t\t\t\t\t\t\t\t\t<li class=\"nobackground \" >\r\n\r\n\t\t\t\t\t\t\t\t\t\t\t\t<a id=\"backforunical2209\" href=\"https:\/\/twitter.com\/share?status=www.fabregat-perulles-sales.com\/actualidad\/wp-json\/wp\/v2\/posts\/2209&text=Adoption du R\u00e8glement sur l\u2019imp\u00f4t des \u00ablogements inoccup\u00e9s\u00bb en Catalogne\"  onclick=\"javascript:void window.open('https:\/\/twitter.com\/share?status=www.fabregat-perulles-sales.com\/actualidad\/wp-json\/wp\/v2\/posts\/2209&text=Adoption du R\u00e8glement sur l\u2019imp\u00f4t des \u00ablogements inoccup\u00e9s\u00bb en Catalogne','1410949501326','width=700,height=500,toolbar=0,menubar=0,location=0,status=1,scrollbars=1,resizable=1,left=0,top=0');return false;\" style=\"background-position: -30px -120px \"><\/a>\r\n\t\t\t\t\t<\/li>\r\n\t\t\t\t\t\t\t\t\t\t<li class=\"none nobackground \" >\r\n\r\n\t\t\t\t\t\t\t\t\t\t\t\t<a id=\"backforunical2209\" href=\"http:\/\/www.pinterest.com\/pin\/create\/button\/?url=www.fabregat-perulles-sales.com\/actualidad\/wp-json\/wp\/v2\/posts\/2209&media=https:\/\/www.fabregat-perulles-sales.com\/actualidad\/wp-content\/plugins\/wp-share-buttons\/Front_end\/..\/images\/noimage.png&description=Adoption du R\u00e8glement sur l\u2019imp\u00f4t des \u00ablogements inoccup\u00e9s\u00bb en Catalogne\"  onclick=\"javascript:void window.open('http:\/\/www.pinterest.com\/pin\/create\/button\/?url=www.fabregat-perulles-sales.com\/actualidad\/wp-json\/wp\/v2\/posts\/2209&media=https:\/\/www.fabregat-perulles-sales.com\/actualidad\/wp-content\/plugins\/wp-share-buttons\/Front_end\/..\/images\/noimage.png&description=Adoption du R\u00e8glement sur l\u2019imp\u00f4t des \u00ablogements inoccup\u00e9s\u00bb en Catalogne','1410949501326','width=700,height=500,toolbar=0,menubar=0,location=0,status=1,scrollbars=1,resizable=1,left=0,top=0');return false;\" style=\"background-position: -60px -120px \"><\/a>\r\n\t\t\t\t\t<\/li>\r\n\t\t\t\t\t\t\t\t\t\t<li class=\"none nobackground \" >\r\n\r\n\t\t\t\t\t\t\t\t\t\t\t\t<a id=\"backforunical2209\" href=\"https:\/\/plus.google.com\/share?url=www.fabregat-perulles-sales.com\/actualidad\/wp-json\/wp\/v2\/posts\/2209\"  onclick=\"javascript:void window.open('https:\/\/plus.google.com\/share?url=www.fabregat-perulles-sales.com\/actualidad\/wp-json\/wp\/v2\/posts\/2209','1410949501326','width=700,height=500,toolbar=0,menubar=0,location=0,status=1,scrollbars=1,resizable=1,left=0,top=0');return false;\" style=\"background-position: -90px -120px \"><\/a>\r\n\t\t\t\t\t<\/li>\r\n\t\t\t\t\t\t\t\t\t\t<li class=\"nobackground \" >\r\n\r\n\t\t\t\t\t\t\t\t\t\t\t\t<a id=\"backforunical2209\" href=\"https:\/\/www.linkedin.com\/shareArticle?title=Adoption du R\u00e8glement sur l\u2019imp\u00f4t des \u00ablogements inoccup\u00e9s\u00bb en Catalogne&mini=true&url=https:\/\/www.fabregat-perulles-sales.com\/actualidad\/wp-json\/wp\/v2\/posts\/2209\"  onclick=\"javascript:void window.open('https:\/\/www.linkedin.com\/shareArticle?title=Adoption du R\u00e8glement sur l\u2019imp\u00f4t des \u00ablogements inoccup\u00e9s\u00bb en Catalogne&mini=true&url=https:\/\/www.fabregat-perulles-sales.com\/actualidad\/wp-json\/wp\/v2\/posts\/2209','1410949501326','width=700,height=500,toolbar=0,menubar=0,location=0,status=1,scrollbars=1,resizable=1,left=0,top=0');return false;\" style=\"background-position: -120px -120px \"><\/a>\r\n\t\t\t\t\t<\/li>\r\n\t\t\t\t\t\t\t\t\t\t<li class=\"none nobackground \" >\r\n\r\n\t\t\t\t\t\t\t\t\t\t\t\t<a id=\"backforunical2209\" href=\"https:\/\/www.tumblr.com\/share\/link?url=www.fabregat-perulles-sales.com\/actualidad\/wp-json\/wp\/v2\/posts\/2209&name=Adoption du R\u00e8glement sur l\u2019imp\u00f4t des \u00ablogements inoccup\u00e9s\u00bb en Catalogne\"  onclick=\"javascript:void window.open('https:\/\/www.tumblr.com\/share\/link?url=www.fabregat-perulles-sales.com\/actualidad\/wp-json\/wp\/v2\/posts\/2209&name=Adoption du R\u00e8glement sur l\u2019imp\u00f4t des \u00ablogements inoccup\u00e9s\u00bb en Catalogne','1410949501326','width=700,height=500,toolbar=0,menubar=0,location=0,status=1,scrollbars=1,resizable=1,left=0,top=0');return false;\" style=\"background-position: -150px -120px \"><\/a>\r\n\t\t\t\t\t<\/li>\r\n\t\t\t\t\t\t\t\t\t\t<li class=\"none nobackground \" >\r\n\r\n\t\t\t\t\t\t\t\t\t\t\t\t<a id=\"backforunical2209\" href=\"http:\/\/digg.com\/submit?phase=2&url=www.fabregat-perulles-sales.com\/actualidad\/wp-json\/wp\/v2\/posts\/2209&title=Adoption du R\u00e8glement sur l\u2019imp\u00f4t des \u00ablogements inoccup\u00e9s\u00bb en Catalogne\"  onclick=\"javascript:void window.open('http:\/\/digg.com\/submit?phase=2&url=www.fabregat-perulles-sales.com\/actualidad\/wp-json\/wp\/v2\/posts\/2209&title=Adoption du R\u00e8glement sur l\u2019imp\u00f4t des \u00ablogements inoccup\u00e9s\u00bb en Catalogne','1410949501326','width=700,height=500,toolbar=0,menubar=0,location=0,status=1,scrollbars=1,resizable=1,left=0,top=0');return false;\" style=\"background-position: -180px -120px \"><\/a>\r\n\t\t\t\t\t<\/li>\r\n\t\t\t\t\t\t\t\t\t\t<li class=\"none nobackground \" >\r\n\r\n\t\t\t\t\t\t\t\t\t\t\t\t<a id=\"backforunical2209\" href=\"http:\/\/www.stumbleupon.com\/submit?url=www.fabregat-perulles-sales.com\/actualidad\/wp-json\/wp\/v2\/posts\/2209&title=Adoption du R\u00e8glement sur l\u2019imp\u00f4t des \u00ablogements inoccup\u00e9s\u00bb en Catalogne\"  onclick=\"javascript:void window.open('http:\/\/www.stumbleupon.com\/submit?url=www.fabregat-perulles-sales.com\/actualidad\/wp-json\/wp\/v2\/posts\/2209&title=Adoption du R\u00e8glement sur l\u2019imp\u00f4t des \u00ablogements inoccup\u00e9s\u00bb en Catalogne','1410949501326','width=700,height=500,toolbar=0,menubar=0,location=0,status=1,scrollbars=1,resizable=1,left=0,top=0');return false;\" style=\"background-position: -210px -120px \"><\/a>\r\n\t\t\t\t\t<\/li>\r\n\t\t\t\t\t\t\t\t\t\t<li class=\"none nobackground \" >\r\n\r\n\t\t\t\t\t\t\t\t\t\t\t\t<a id=\"backforunical2209\" href=\"https:\/\/myspace.com\/post?l=3&u=www.fabregat-perulles-sales.com\/actualidad\/wp-json\/wp\/v2\/posts\/2209\"  onclick=\"javascript:void window.open('https:\/\/myspace.com\/post?l=3&u=www.fabregat-perulles-sales.com\/actualidad\/wp-json\/wp\/v2\/posts\/2209','1410949501326','width=700,height=500,toolbar=0,menubar=0,location=0,status=1,scrollbars=1,resizable=1,left=0,top=0');return false;\" style=\"background-position: -240px -120px \"><\/a>\r\n\t\t\t\t\t<\/li>\r\n\t\t\t\t\t\t\t\t\t\t<li class=\"nobackground \" >\r\n\r\n\t\t\t\t\t\t\t\t\t\t\t\t<a id=\"backforunical2209\" href=\"http:\/\/vk.com\/share.php?url=www.fabregat-perulles-sales.com\/actualidad\/wp-json\/wp\/v2\/posts\/2209&title=Adoption du R\u00e8glement sur l\u2019imp\u00f4t des \u00ablogements inoccup\u00e9s\u00bb en Catalogne\"  onclick=\"javascript:void window.open('http:\/\/vk.com\/share.php?url=www.fabregat-perulles-sales.com\/actualidad\/wp-json\/wp\/v2\/posts\/2209&title=Adoption du R\u00e8glement sur l\u2019imp\u00f4t des \u00ablogements inoccup\u00e9s\u00bb en Catalogne','1410949501326','width=700,height=500,toolbar=0,menubar=0,location=0,status=1,scrollbars=1,resizable=1,left=0,top=0');return false;\" style=\"background-position: -270px -120px \"><\/a>\r\n\t\t\t\t\t<\/li>\r\n\t\t\t\t\t\t\t\t\t\t<li class=\"none nobackground \" >\r\n\r\n\t\t\t\t\t\t\t\t\t\t\t\t<a id=\"backforunical2209\" href=\"http:\/\/www.reddit.com\/submit?url=www.fabregat-perulles-sales.com\/actualidad\/wp-json\/wp\/v2\/posts\/2209&title=Adoption du R\u00e8glement sur l\u2019imp\u00f4t des \u00ablogements inoccup\u00e9s\u00bb en Catalogne\"  onclick=\"javascript:void window.open('http:\/\/www.reddit.com\/submit?url=www.fabregat-perulles-sales.com\/actualidad\/wp-json\/wp\/v2\/posts\/2209&title=Adoption du R\u00e8glement sur l\u2019imp\u00f4t des \u00ablogements inoccup\u00e9s\u00bb en Catalogne','1410949501326','width=700,height=500,toolbar=0,menubar=0,location=0,status=1,scrollbars=1,resizable=1,left=0,top=0');return false;\" style=\"background-position: -300px -120px \"><\/a>\r\n\t\t\t\t\t<\/li>\r\n\t\t\t\t\t\t\t\t\t\t<li class=\"none nobackground \" >\r\n\r\n\t\t\t\t\t\t\t\t\t\t\t\t<a id=\"backforunical2209\" href=\"http:\/\/www.bebo.com\/c\/share?Url=www.fabregat-perulles-sales.com\/actualidad\/wp-json\/wp\/v2\/posts\/2209\"  onclick=\"javascript:void window.open('http:\/\/www.bebo.com\/c\/share?Url=www.fabregat-perulles-sales.com\/actualidad\/wp-json\/wp\/v2\/posts\/2209','1410949501326','width=700,height=500,toolbar=0,menubar=0,location=0,status=1,scrollbars=1,resizable=1,left=0,top=0');return false;\" style=\"background-position: -330px -120px \"><\/a>\r\n\t\t\t\t\t<\/li>\r\n\t\t\t\t\t\t\t\t\t\t<li class=\"none nobackground \" >\r\n\r\n\t\t\t\t\t\t\t\t\t\t\t\t<a id=\"backforunical2209\" href=\"https:\/\/delicious.com\/save?v=5&noui&jump=close&url=www.fabregat-perulles-sales.com\/actualidad\/wp-json\/wp\/v2\/posts\/2209&title=Adoption du R\u00e8glement sur l\u2019imp\u00f4t des \u00ablogements inoccup\u00e9s\u00bb en Catalogne\"  onclick=\"javascript:void window.open('https:\/\/delicious.com\/save?v=5&noui&jump=close&url=www.fabregat-perulles-sales.com\/actualidad\/wp-json\/wp\/v2\/posts\/2209&title=Adoption du R\u00e8glement sur l\u2019imp\u00f4t des \u00ablogements inoccup\u00e9s\u00bb en Catalogne','1410949501326','width=700,height=500,toolbar=0,menubar=0,location=0,status=1,scrollbars=1,resizable=1,left=0,top=0');return false;\" style=\"background-position: -360px -120px \"><\/a>\r\n\t\t\t\t\t<\/li>\r\n\t\t\t\t\t\t\t\t\t\t<li class=\"none nobackground \" >\r\n\r\n\t\t\t\t\t\t\t\t\t\t\t\t<a id=\"backforunical2209\" href=\"http:\/\/www.odnoklassniki.ru\/dk?st.cmd=addShare&st.s=2&st.noresize=on&st._surl=www.fabregat-perulles-sales.com\/actualidad\/wp-json\/wp\/v2\/posts\/2209\"  onclick=\"javascript:void window.open('http:\/\/www.odnoklassniki.ru\/dk?st.cmd=addShare&st.s=2&st.noresize=on&st._surl=www.fabregat-perulles-sales.com\/actualidad\/wp-json\/wp\/v2\/posts\/2209','1410949501326','width=700,height=500,toolbar=0,menubar=0,location=0,status=1,scrollbars=1,resizable=1,left=0,top=0');return false;\" style=\"background-position: -390px -120px \"><\/a>\r\n\t\t\t\t\t<\/li>\r\n\t\t\t\t\t\t\t\t\t\t<li class=\"none nobackground \" >\r\n\r\n\t\t\t\t\t\t\t\t\t\t\t\t<a id=\"backforunical2209\" href=\"http:\/\/sns.qzone.qq.com\/cgi-bin\/qzshare\/cgi_qzshare_onekey?url=www.fabregat-perulles-sales.com\/actualidad\/wp-json\/wp\/v2\/posts\/2209&title=Adoption du R\u00e8glement sur l\u2019imp\u00f4t des \u00ablogements inoccup\u00e9s\u00bb en Catalogne\"  onclick=\"javascript:void window.open('http:\/\/sns.qzone.qq.com\/cgi-bin\/qzshare\/cgi_qzshare_onekey?url=www.fabregat-perulles-sales.com\/actualidad\/wp-json\/wp\/v2\/posts\/2209&title=Adoption du R\u00e8glement sur l\u2019imp\u00f4t des \u00ablogements inoccup\u00e9s\u00bb en Catalogne','1410949501326','width=700,height=500,toolbar=0,menubar=0,location=0,status=1,scrollbars=1,resizable=1,left=0,top=0');return false;\" style=\"background-position: -420px -120px \"><\/a>\r\n\t\t\t\t\t<\/li>\r\n\t\t\t\t\t\t\t\t\t\t<li class=\"none nobackground \" >\r\n\r\n\t\t\t\t\t\t\t\t\t\t\t\t<a id=\"backforunical2209\" href=\"http:\/\/service.weibo.com\/share\/share.php?url=www.fabregat-perulles-sales.com\/actualidad\/wp-json\/wp\/v2\/posts\/2209&appkey=&title=Adoption du R\u00e8glement sur l\u2019imp\u00f4t des \u00ablogements inoccup\u00e9s\u00bb en Catalogne&pic=&ralateUid=&\"  onclick=\"javascript:void window.open('http:\/\/service.weibo.com\/share\/share.php?url=www.fabregat-perulles-sales.com\/actualidad\/wp-json\/wp\/v2\/posts\/2209&appkey=&title=Adoption du R\u00e8glement sur l\u2019imp\u00f4t des \u00ablogements inoccup\u00e9s\u00bb en Catalogne&pic=&ralateUid=&','1410949501326','width=700,height=500,toolbar=0,menubar=0,location=0,status=1,scrollbars=1,resizable=1,left=0,top=0');return false;\" style=\"background-position: -450px -120px \"><\/a>\r\n\t\t\t\t\t<\/li>\r\n\t\t\t\t\t\t\t\t\t\t<li class=\"none nobackground \" >\r\n\r\n\t\t\t\t\t\t\t\t\t\t\t\t<a id=\"backforunical2209\" href=\"http:\/\/widget.renren.com\/dialog\/share?resourceUrl=www.fabregat-perulles-sales.com\/actualidad\/wp-json\/wp\/v2\/posts\/2209&srcUrl=www.fabregat-perulles-sales.com\/actualidad\/wp-json\/wp\/v2\/posts\/2209&title=Adoption du R\u00e8glement sur l\u2019imp\u00f4t des \u00ablogements inoccup\u00e9s\u00bb en Catalogne\"  onclick=\"javascript:void window.open('http:\/\/widget.renren.com\/dialog\/share?resourceUrl=www.fabregat-perulles-sales.com\/actualidad\/wp-json\/wp\/v2\/posts\/2209&srcUrl=www.fabregat-perulles-sales.com\/actualidad\/wp-json\/wp\/v2\/posts\/2209&title=Adoption du R\u00e8glement sur l\u2019imp\u00f4t des \u00ablogements inoccup\u00e9s\u00bb en Catalogne','1410949501326','width=700,height=500,toolbar=0,menubar=0,location=0,status=1,scrollbars=1,resizable=1,left=0,top=0');return false;\" style=\"background-position: -480px -120px \"><\/a>\r\n\t\t\t\t\t<\/li>\r\n\t\t\t\t\t\t\t\t\t\t<li class=\"none nobackground \" >\r\n\r\n\t\t\t\t\t\t\t\t\t\t\t\t<a id=\"backforunical2209\" href=\"http:\/\/n4g.com\/tips?url=www.fabregat-perulles-sales.com\/actualidad\/wp-json\/wp\/v2\/posts\/2209&title=Adoption du R\u00e8glement sur l\u2019imp\u00f4t des \u00ablogements inoccup\u00e9s\u00bb en Catalogne\"  onclick=\"javascript:void window.open('http:\/\/n4g.com\/tips?url=www.fabregat-perulles-sales.com\/actualidad\/wp-json\/wp\/v2\/posts\/2209&title=Adoption du R\u00e8glement sur l\u2019imp\u00f4t des \u00ablogements inoccup\u00e9s\u00bb en Catalogne','1410949501326','width=700,height=500,toolbar=0,menubar=0,location=0,status=1,scrollbars=1,resizable=1,left=0,top=0');return false;\" style=\"background-position: -510px -120px \"><\/a>\r\n\t\t\t\t\t<\/li>\r\n\t\t\t\t\t\t\t\t<\/ul>\r\n\t\t\t<div class=\"clear\"><\/div>\r\n\t\t<\/div>\r\n\t\t","protected":false},"excerpt":{"rendered":"<p>Le R\u00e8glement sur l\u2019imp\u00f4t des \u00ablogements inoccup\u00e9s\u00bb a \u00e9t\u00e9 adopt\u00e9 le 16 f\u00e9vrier dernier dans le but de d\u00e9velopper les dispositions de la Loi espagnole 14\/2015, du 21 juillet, qui avait d\u00e9j\u00e0 implant\u00e9 le principe de ce nouvel imp\u00f4t en Catalogne. Share This:<\/p>\n","protected":false},"author":3,"featured_media":0,"comment_status":"open","ping_status":"closed","sticky":false,"template":"","format":"standard","meta":[],"categories":[470,74,25,70],"tags":[703,701,702,700],"yoast_head":"<!-- This site is optimized with the Yoast SEO plugin v20.2.1 - https:\/\/yoast.com\/wordpress\/plugins\/seo\/ -->\n<title>Adoption du R\u00e8glement sur l\u2019imp\u00f4t des \u00ablogements inoccup\u00e9s\u00bb en Catalogne | International Lawyers<\/title>\n<meta name=\"description\" content=\"Le R\u00e8glement sur l\u2019imp\u00f4t des \u00ablogements inoccup\u00e9s\u00bb a \u00e9t\u00e9 adopt\u00e9 le 16 f\u00e9vrier dernier dans le but de d\u00e9velopper les dispositions de la Loi espagnole\" \/>\n<meta name=\"robots\" content=\"index, follow, max-snippet:-1, max-image-preview:large, max-video-preview:-1\" \/>\n<link rel=\"canonical\" href=\"https:\/\/www.fabregat-perulles-sales.com\/actualidad\/adoption-du-reglement-sur-limpot-des-logements-inoccupes-en-catalogne\/\" \/>\n<meta property=\"og:locale\" content=\"en_US\" \/>\n<meta property=\"og:type\" content=\"article\" \/>\n<meta property=\"og:title\" content=\"Adoption du R\u00e8glement sur l\u2019imp\u00f4t des \u00ablogements inoccup\u00e9s\u00bb en Catalogne | International Lawyers\" \/>\n<meta property=\"og:description\" content=\"Le R\u00e8glement sur l\u2019imp\u00f4t des \u00ablogements inoccup\u00e9s\u00bb a \u00e9t\u00e9 adopt\u00e9 le 16 f\u00e9vrier dernier dans le but de d\u00e9velopper les dispositions de la Loi espagnole\" \/>\n<meta property=\"og:url\" content=\"https:\/\/www.fabregat-perulles-sales.com\/actualidad\/adoption-du-reglement-sur-limpot-des-logements-inoccupes-en-catalogne\/\" \/>\n<meta property=\"og:site_name\" content=\"International Lawyers\" \/>\n<meta property=\"article:published_time\" content=\"2016-02-25T11:08:59+00:00\" \/>\n<meta property=\"article:modified_time\" content=\"2016-03-09T11:20:34+00:00\" \/>\n<meta name=\"author\" content=\"Victor\" \/>\n<meta name=\"twitter:card\" content=\"summary_large_image\" \/>\n<meta name=\"twitter:label1\" content=\"Written by\" \/>\n\t<meta name=\"twitter:data1\" content=\"Victor\" \/>\n\t<meta name=\"twitter:label2\" content=\"Est. reading time\" \/>\n\t<meta name=\"twitter:data2\" content=\"1 minute\" \/>\n<script type=\"application\/ld+json\" class=\"yoast-schema-graph\">{\"@context\":\"https:\/\/schema.org\",\"@graph\":[{\"@type\":\"WebPage\",\"@id\":\"https:\/\/www.fabregat-perulles-sales.com\/actualidad\/adoption-du-reglement-sur-limpot-des-logements-inoccupes-en-catalogne\/\",\"url\":\"https:\/\/www.fabregat-perulles-sales.com\/actualidad\/adoption-du-reglement-sur-limpot-des-logements-inoccupes-en-catalogne\/\",\"name\":\"Adoption du R\u00e8glement sur l\u2019imp\u00f4t des \u00ablogements inoccup\u00e9s\u00bb en Catalogne | International Lawyers\",\"isPartOf\":{\"@id\":\"https:\/\/www.fabregat-perulles-sales.com\/actualidad\/#website\"},\"datePublished\":\"2016-02-25T11:08:59+00:00\",\"dateModified\":\"2016-03-09T11:20:34+00:00\",\"author\":{\"@id\":\"https:\/\/www.fabregat-perulles-sales.com\/actualidad\/#\/schema\/person\/cabc1d68c7778f01d5e069c2d98442e3\"},\"description\":\"Le R\u00e8glement sur l\u2019imp\u00f4t des \u00ablogements inoccup\u00e9s\u00bb a \u00e9t\u00e9 adopt\u00e9 le 16 f\u00e9vrier dernier dans le but de d\u00e9velopper les dispositions de la Loi espagnole\",\"breadcrumb\":{\"@id\":\"https:\/\/www.fabregat-perulles-sales.com\/actualidad\/adoption-du-reglement-sur-limpot-des-logements-inoccupes-en-catalogne\/#breadcrumb\"},\"inLanguage\":\"en-US\",\"potentialAction\":[{\"@type\":\"ReadAction\",\"target\":[\"https:\/\/www.fabregat-perulles-sales.com\/actualidad\/adoption-du-reglement-sur-limpot-des-logements-inoccupes-en-catalogne\/\"]}]},{\"@type\":\"BreadcrumbList\",\"@id\":\"https:\/\/www.fabregat-perulles-sales.com\/actualidad\/adoption-du-reglement-sur-limpot-des-logements-inoccupes-en-catalogne\/#breadcrumb\",\"itemListElement\":[{\"@type\":\"ListItem\",\"position\":1,\"name\":\"Home\",\"item\":\"https:\/\/www.fabregat-perulles-sales.com\/actualidad\/\"},{\"@type\":\"ListItem\",\"position\":2,\"name\":\"Adoption du R\u00e8glement sur l\u2019imp\u00f4t des \u00ablogements inoccup\u00e9s\u00bb en Catalogne\"}]},{\"@type\":\"WebSite\",\"@id\":\"https:\/\/www.fabregat-perulles-sales.com\/actualidad\/#website\",\"url\":\"https:\/\/www.fabregat-perulles-sales.com\/actualidad\/\",\"name\":\"www.fabregat-perulles-sales.com\",\"description\":\"Fabregat Perulles Sales Abogados is a law firm of reference international market in the Spanish-German, Spanish-French, and Spanish-Italian. Is one of the first firms in Barcelona offering a Russian Desk.\",\"potentialAction\":[{\"@type\":\"SearchAction\",\"target\":{\"@type\":\"EntryPoint\",\"urlTemplate\":\"https:\/\/www.fabregat-perulles-sales.com\/actualidad\/?s={search_term_string}\"},\"query-input\":\"required name=search_term_string\"}],\"inLanguage\":\"en-US\"},{\"@type\":\"Person\",\"@id\":\"https:\/\/www.fabregat-perulles-sales.com\/actualidad\/#\/schema\/person\/cabc1d68c7778f01d5e069c2d98442e3\",\"name\":\"Victor\",\"image\":{\"@type\":\"ImageObject\",\"inLanguage\":\"en-US\",\"@id\":\"https:\/\/www.fabregat-perulles-sales.com\/actualidad\/#\/schema\/person\/image\/\",\"url\":\"https:\/\/secure.gravatar.com\/avatar\/756cb666a964d2960ffe307b8a53b271?s=96&d=mm&r=g\",\"contentUrl\":\"https:\/\/secure.gravatar.com\/avatar\/756cb666a964d2960ffe307b8a53b271?s=96&d=mm&r=g\",\"caption\":\"Victor\"},\"sameAs\":[\"http:\/\/www.fabregat-perulles-sales.com\"],\"url\":\"https:\/\/www.fabregat-perulles-sales.com\/actualidad\/author\/victor\/\"}]}<\/script>\n<!-- \/ Yoast SEO plugin. -->","yoast_head_json":{"title":"Adoption du R\u00e8glement sur l\u2019imp\u00f4t des \u00ablogements inoccup\u00e9s\u00bb en Catalogne | International Lawyers","description":"Le R\u00e8glement sur l\u2019imp\u00f4t des \u00ablogements inoccup\u00e9s\u00bb a \u00e9t\u00e9 adopt\u00e9 le 16 f\u00e9vrier dernier dans le but de d\u00e9velopper les dispositions de la Loi espagnole","robots":{"index":"index","follow":"follow","max-snippet":"max-snippet:-1","max-image-preview":"max-image-preview:large","max-video-preview":"max-video-preview:-1"},"canonical":"https:\/\/www.fabregat-perulles-sales.com\/actualidad\/adoption-du-reglement-sur-limpot-des-logements-inoccupes-en-catalogne\/","og_locale":"en_US","og_type":"article","og_title":"Adoption du R\u00e8glement sur l\u2019imp\u00f4t des \u00ablogements inoccup\u00e9s\u00bb en Catalogne | International Lawyers","og_description":"Le R\u00e8glement sur l\u2019imp\u00f4t des \u00ablogements inoccup\u00e9s\u00bb a \u00e9t\u00e9 adopt\u00e9 le 16 f\u00e9vrier dernier dans le but de d\u00e9velopper les dispositions de la Loi espagnole","og_url":"https:\/\/www.fabregat-perulles-sales.com\/actualidad\/adoption-du-reglement-sur-limpot-des-logements-inoccupes-en-catalogne\/","og_site_name":"International Lawyers","article_published_time":"2016-02-25T11:08:59+00:00","article_modified_time":"2016-03-09T11:20:34+00:00","author":"Victor","twitter_card":"summary_large_image","twitter_misc":{"Written by":"Victor","Est. reading time":"1 minute"},"schema":{"@context":"https:\/\/schema.org","@graph":[{"@type":"WebPage","@id":"https:\/\/www.fabregat-perulles-sales.com\/actualidad\/adoption-du-reglement-sur-limpot-des-logements-inoccupes-en-catalogne\/","url":"https:\/\/www.fabregat-perulles-sales.com\/actualidad\/adoption-du-reglement-sur-limpot-des-logements-inoccupes-en-catalogne\/","name":"Adoption du R\u00e8glement sur l\u2019imp\u00f4t des \u00ablogements inoccup\u00e9s\u00bb en Catalogne | International Lawyers","isPartOf":{"@id":"https:\/\/www.fabregat-perulles-sales.com\/actualidad\/#website"},"datePublished":"2016-02-25T11:08:59+00:00","dateModified":"2016-03-09T11:20:34+00:00","author":{"@id":"https:\/\/www.fabregat-perulles-sales.com\/actualidad\/#\/schema\/person\/cabc1d68c7778f01d5e069c2d98442e3"},"description":"Le R\u00e8glement sur l\u2019imp\u00f4t des \u00ablogements inoccup\u00e9s\u00bb a \u00e9t\u00e9 adopt\u00e9 le 16 f\u00e9vrier dernier dans le but de d\u00e9velopper les dispositions de la Loi espagnole","breadcrumb":{"@id":"https:\/\/www.fabregat-perulles-sales.com\/actualidad\/adoption-du-reglement-sur-limpot-des-logements-inoccupes-en-catalogne\/#breadcrumb"},"inLanguage":"en-US","potentialAction":[{"@type":"ReadAction","target":["https:\/\/www.fabregat-perulles-sales.com\/actualidad\/adoption-du-reglement-sur-limpot-des-logements-inoccupes-en-catalogne\/"]}]},{"@type":"BreadcrumbList","@id":"https:\/\/www.fabregat-perulles-sales.com\/actualidad\/adoption-du-reglement-sur-limpot-des-logements-inoccupes-en-catalogne\/#breadcrumb","itemListElement":[{"@type":"ListItem","position":1,"name":"Home","item":"https:\/\/www.fabregat-perulles-sales.com\/actualidad\/"},{"@type":"ListItem","position":2,"name":"Adoption du R\u00e8glement sur l\u2019imp\u00f4t des \u00ablogements inoccup\u00e9s\u00bb en Catalogne"}]},{"@type":"WebSite","@id":"https:\/\/www.fabregat-perulles-sales.com\/actualidad\/#website","url":"https:\/\/www.fabregat-perulles-sales.com\/actualidad\/","name":"www.fabregat-perulles-sales.com","description":"Fabregat Perulles Sales Abogados is a law firm of reference international market in the Spanish-German, Spanish-French, and Spanish-Italian. Is one of the first firms in Barcelona offering a Russian Desk.","potentialAction":[{"@type":"SearchAction","target":{"@type":"EntryPoint","urlTemplate":"https:\/\/www.fabregat-perulles-sales.com\/actualidad\/?s={search_term_string}"},"query-input":"required name=search_term_string"}],"inLanguage":"en-US"},{"@type":"Person","@id":"https:\/\/www.fabregat-perulles-sales.com\/actualidad\/#\/schema\/person\/cabc1d68c7778f01d5e069c2d98442e3","name":"Victor","image":{"@type":"ImageObject","inLanguage":"en-US","@id":"https:\/\/www.fabregat-perulles-sales.com\/actualidad\/#\/schema\/person\/image\/","url":"https:\/\/secure.gravatar.com\/avatar\/756cb666a964d2960ffe307b8a53b271?s=96&d=mm&r=g","contentUrl":"https:\/\/secure.gravatar.com\/avatar\/756cb666a964d2960ffe307b8a53b271?s=96&d=mm&r=g","caption":"Victor"},"sameAs":["http:\/\/www.fabregat-perulles-sales.com"],"url":"https:\/\/www.fabregat-perulles-sales.com\/actualidad\/author\/victor\/"}]}},"amp_enabled":true,"_links":{"self":[{"href":"https:\/\/www.fabregat-perulles-sales.com\/actualidad\/wp-json\/wp\/v2\/posts\/2209"}],"collection":[{"href":"https:\/\/www.fabregat-perulles-sales.com\/actualidad\/wp-json\/wp\/v2\/posts"}],"about":[{"href":"https:\/\/www.fabregat-perulles-sales.com\/actualidad\/wp-json\/wp\/v2\/types\/post"}],"author":[{"embeddable":true,"href":"https:\/\/www.fabregat-perulles-sales.com\/actualidad\/wp-json\/wp\/v2\/users\/3"}],"replies":[{"embeddable":true,"href":"https:\/\/www.fabregat-perulles-sales.com\/actualidad\/wp-json\/wp\/v2\/comments?post=2209"}],"version-history":[{"count":3,"href":"https:\/\/www.fabregat-perulles-sales.com\/actualidad\/wp-json\/wp\/v2\/posts\/2209\/revisions"}],"predecessor-version":[{"id":2212,"href":"https:\/\/www.fabregat-perulles-sales.com\/actualidad\/wp-json\/wp\/v2\/posts\/2209\/revisions\/2212"}],"wp:attachment":[{"href":"https:\/\/www.fabregat-perulles-sales.com\/actualidad\/wp-json\/wp\/v2\/media?parent=2209"}],"wp:term":[{"taxonomy":"category","embeddable":true,"href":"https:\/\/www.fabregat-perulles-sales.com\/actualidad\/wp-json\/wp\/v2\/categories?post=2209"},{"taxonomy":"post_tag","embeddable":true,"href":"https:\/\/www.fabregat-perulles-sales.com\/actualidad\/wp-json\/wp\/v2\/tags?post=2209"}],"curies":[{"name":"wp","href":"https:\/\/api.w.org\/{rel}","templated":true}]}}