{"id":2077,"date":"2015-11-06T13:00:41","date_gmt":"2015-11-06T12:00:41","guid":{"rendered":"http:\/\/www.fabregat-perulles-sales.com\/actualidad\/?p=2077"},"modified":"2017-05-23T14:03:42","modified_gmt":"2017-05-23T13:03:42","slug":"forum-shopping-in-ue-tra-forum-e-ius-i","status":"publish","type":"post","link":"https:\/\/www.fabregat-perulles-sales.com\/actualidad\/forum-shopping-in-ue-tra-forum-e-ius-i\/","title":{"rendered":"\u201cForum shopping in UE, tra Forum e Ius\u201d (I)"},"content":{"rendered":"<p><b><a href=\"http:\/\/www.fabregat-perulles-sales.com\/actualidad\/wp-content\/uploads\/2015\/10\/competencia-judicial-internacional-ue-abogados-espa\u00f1ol.png\"><img decoding=\"async\" loading=\"lazy\" class=\"alignright size-medium wp-image-1997\" alt=\"competenza giurisdizionale internazionale martelleto\" src=\"http:\/\/www.fabregat-perulles-sales.com\/actualidad\/wp-content\/uploads\/2015\/10\/competencia-judicial-internacional-ue-abogados-espa\u00f1ol-300x237.png\" width=\"300\" height=\"237\" srcset=\"https:\/\/www.fabregat-perulles-sales.com\/actualidad\/wp-content\/uploads\/2015\/10\/competencia-judicial-internacional-ue-abogados-espa\u00f1ol-300x237.png 300w, https:\/\/www.fabregat-perulles-sales.com\/actualidad\/wp-content\/uploads\/2015\/10\/competencia-judicial-internacional-ue-abogados-espa\u00f1ol.png 473w\" sizes=\"(max-width: 300px) 100vw, 300px\" \/><\/a><\/b>Lo scorso18 settembre, l\u2019avvocato Fernando Sales Bellido, co-fondatore partner dello Studio Legale Fabregat Perulles Sales Abogados, ha partecipato come relatore al 28 Convengo dell\u2019Associazione Internazionale Giuristi Lingua Italiana (<a title=\"diritto internazionale privato \" href=\"http:\/\/www.aigli.com\/\" target=\"_blank\">AIGLI<\/a>), della quale \u00e8 anche partner e membro del Consiglio Direttivo.<\/p>\n<p>In questo post, e in quelli seguenti, trover\u00e0 pubblicato lo studio sull\u2019evoluzione del Forum Shopping, alla luce della normativa e la prassi recente nell&#8217;ambito dell\u2019Unione Europea.<\/p>\n<p>&nbsp;<\/p>\n<p><b>I.- Evoluzione del Diritto Internazionale Privato<\/b>.<\/p>\n<p>Oggigiorno la dottrina sembra essere unanime nel considerare che le materie tradizionalmente oggetto di speciale attenzione per il Diritto Internazionale Privato, come ad esempio le questioni inerenti al diritto applicabile, sono state rivoluzionate dalla forte irruzione sulla scena accademica e pratica delle problematiche insorte in tema di Competenza Giudiziale Internazionale degli Stati, unitamente alle difficolt\u00e0 che sono sorte in tema di attribuzione \/ distribuzione della competenza giudiziale a ognuno degli Stati, cos\u00ec come tra gli Stati, per vedere sottoposte al loro giudizio quelle questioni che, a seguito della globalizzazione e della internazionalizzazione delle relazioni commerciali \u2013 poi giuridiche \u2013 presentano con sempre maggior frequenza elementi di diritto internazionale privato.<\/p>\n<p><!--more--><\/p>\n<p>Per dirlo con le parole del Professor Fernandez Arroyo, Diego P <a title=\"\" href=\"#_ftn1\"><b><b>[1]<\/b><\/b><\/a><b> <\/b>che a sua volta cita<b> <\/b>E. Jayme<a title=\"\" href=\"#_ftn2\"><b><b>[2]<\/b><\/b><\/a>, \u201c<i>Oggigiorno risulta essere una verit\u00e0 lapalissiana il fatto che le questioni \u201cprocessuali\u201d e di \u201ccooperazione\u201d del Diritto Internazionale Privato si sono spostate in ci\u00f2 che concerne il loro interesse e sviluppo verso le questioni relative al diritto di fondo applicabile, le quali tradizionalmente erano considerate il contenuto essenziale \u2013 e, in alcuni casi, l\u2019unico \u2013<\/i> <i>della disciplina. Si tratta di un cambiamento direttamente collegato all\u2019aumento esponenziale della casistica di Diritto Internazionale Privato, vale a dire con il passaggio da un Diritto Internazionale Privato accademico a un Diritto internazionale Privato reale<\/i>.\u201d<\/p>\n<p>\u00c8 fuori di dubbio che le cause che hanno contribuito a creare tale sostanziale modificazione della materia, che \u00e8 stata tradizionalmente oggetto di analisi del Diritto Internazionale Privato, sono molteplici e di ben diversa importanza, tanto che la loro analisi supera l\u2019ambito di questo lavoro.<\/p>\n<p>Tuttavia si devono tra queste mettere in evidenza quelle che presentino una speciale relazione con la materia che stiamo analizzando.<\/p>\n<p>In primo luogo dobbiamo mettere in evidenza che l\u2019accesso alla giustizia, nonch\u00e9 il diritto di ottenere un processo equo e nel rispetto del diritto alla difesa, costituiscono un diritto fondamentale dell\u2019individuo, diritto che si trova non solo riconosciuto nelle legislazioni del nostro ambito culturale, ma anche a livello sovranazionale nell\u2019articolo 6 della Convenzione per la salvaguardia dei Diritti dell\u2019Uomo e delle Libert\u00e0 fondamentali<b>.<a title=\"\" href=\"#_ftn3\"><b>[3]<\/b><\/a> <\/b>Questa sua condizione di diritto fondamentale ha fatto s\u00ec che gli Stati abbiano prestato e continuino a prestare una speciale attenzione a tale materia e, specificamente, ai diversi aspetti \u00a0che possono interessare il diritto di accesso alla giustizia, ambito nel quale presenta senza dubbio rilevanza fondamentale la materia specifica della Competenza Giudiziale Internazionale.<\/p>\n<p>In secondo luogo, possiamo individuare un altro insieme di questioni, queste s\u00ec di natura pi\u00f9 che altro pratica, quali sono l\u2019applicazione da parte del Giudice del foro della <i>lex fori<\/i>, come rimedio alla mancanza della prova del diritto straniero addotto dalla parte. \u00a0In effetti l\u2019applicazione della <i>lex fori<\/i> (a volte anche come rimedio onde evitare che venga negata giustizia<a title=\"\" href=\"#_ftn4\">[4]<\/a>) attenua la problematica insorta \u2013 e di conseguenza l\u2019interesse su tale argomento \u2013 con riguardo all\u2019applicazione della norma di conflitto come quella norma attraverso cui designare la legge sostitutiva in applicazione della quale si giudicher\u00e0 il tema di cui si tratta.<\/p>\n<p>Allo stesso modo va sottolineato che le diverse questioni che insorgono nell\u2019ambito del riconoscimento e dell\u2019esecuzione delle sentenze e quindi in relazione all\u2019efficacia stessa del processo \u2013 ottenimento definitivo della tutela giudiziale richiesta, come parte integrante del diritto alla difesa \u2013 hanno pure meritato speciale interesse a scapito delle \u201cclassiche\u201d questioni di Diritto internazionale Privato.<\/p>\n<p>La scelta adeguata del foro, la cui rilevanza si manifesta solo una volta che la situazione conflittiva \u00e8 insorta, \u00e8 una questione che sebbene meriti attenzione in sede domestica (ad esempio in sede di prossimit\u00e0 dei fatti che dovranno essere oggetto della prova, per esempio, del riconoscimento periziale), ha nondimeno un\u2019importanza fondamentale quando tale scelta del foro (scelta per omissione, o semplice dimenticanza) si manifesta in dispute transfrontaliere, o in dispute che presentino qualche elemento di internazionalit\u00e0, in base al quale fatto sar\u00e0 necessaria l\u2019applicazione delle norme di Diritto Internazionale Privato dello Stato nel quale abbia avuto luogo o sia stata presentata la controversia.<\/p>\n<p>In effetti le particolarit\u00e0 specifiche del diritto internazionale privato e, in particolar modo, l\u2019ingresso in scena di diversi ordinamenti giuridici che si presentano al giurista col fine di attirare verso le proprie giurisdizioni la disputa di cui si tratta, fanno s\u00ec che la prima questione o difficolt\u00e0 che si presenta alla parte sia la scelta del foro competente, scelta che, tra i molteplici altri aspetti, potr\u00e0 influenzare addirittura la norma di diritto sostanziale in base alla quale verr\u00e0 risolta la controversia nella misura in cui, eventualit\u00e0 che come si \u00e8 detto \u00e8 molto frequente, il Giudice che sia chiamato a decidere la disputa abbia la tendenza \u201cnaturale\u201d ad applicare la <i>lex fori.<\/i><\/p>\n<p>Da quanto sopra si deduce facilmente che attraverso la scelta del foro, tra i vari vantaggi, ci\u00f2 che si potrebbe stare per scegliere \u00e8 la legge sostanziale applicabile alla controversia, una scelta che, se fatta in modo consapevole, verr\u00e0 dettata da criteri di opportunit\u00e0 della parte attorea e addirittura, come si vedr\u00e0, di chi intuisce che potr\u00e0 essere convenuto in giudizio. Vedremo inoltre come l\u2019esercizio di tale \u201cfacolt\u00e0\u201d di scelta non debba essere definita <i>ab initio<\/i> come negativa, dal momento che i suoi effetti perversi si manifesteranno solo ed unicamente nel caso in cui se ne abusi.<\/p>\n<p>Nonostante ci\u00f2 la scelta del foro o del tribunale \u00e8 una delle questioni, seppur di grande importanza, alla quale le parti non prestano eccessiva attenzione al momento di negoziare e formalizzare i contratti con i quali vogliono regolare le loro relazioni giuridiche, arrivando addirittura fino al punto di omettere, in pi\u00f9 occasioni di quanto si possa immaginare, qualsiasi tipo di riferimento alle stesse, omissione che, in alcuni casi, \u00e8 un\u2019effettiva omissione, in altri casi un silenzio interessato e in altri casi ancora il risultato della mancanza di un accordo sulla questione.<\/p>\n<p>In effetti non \u00e8 un caso che le clausole che attribuiscono la competenza alle giurisdizioni statali o le clausole o contratti compromissori di arbitrato siano conosciute come \u201cmidnight clauses\u201d, dal momento che il loro contenuto, nella maggior parte dei casi, viene concordato al termine della negoziazione sugli aspetti commerciali dell\u2019affare di cui si sta trattando, essendo una conseguenza di tali circostanze, quelle chiamate in sede arbitrale clausole patologiche, <i>nomen <\/i>che senza ombra di dubbio si potrebbe applicare anche alle clausole di attribuzione di giurisdizione difettosa, nella misura in cui queste ultime non presentino i requisiti richiesti dalla norma applicabile affinch\u00e9 le stesse possano essere pienamente efficaci (ad esempio la designazione di un tribunale inesistente) o vengano altrimenti letteralmente omesse.<\/p>\n<p>Sono queste le questioni, molte di esse di ordine pratico, che hanno motivato il crescente interesse del legislatore<a title=\"\" href=\"#_ftn5\">[5]<\/a> per le tematiche e le questioni relative alla Competenza Giudiziale Internazionale, nonch\u00e9 in parallelo il disinteresse per l\u2019argomento riguardante la legge applicabile che ha tradizionalmente riempito di contenuti la materia specifica del Diritto Internazionale Privato.<\/p>\n<p>Come conseguenza di quanto sopra \u2013 tra le altre ragioni in virt\u00f9 della sua particolare relazione con il diritto alla difesa \u2013 viene posta in evidenza la rilevanza della questione che \u00e8 oggetto del nostro lavoro, vale a dire la scelta del foro competente e le conseguenze che dalla scelta del foro possono tradursi nell\u2019applicazione di questo o quell\u2019ordinamento giuridico alla relazione giuridica oggetto del contendere, in poche parole, l\u2019importanza di quel fenomeno conosciuto o denominato \u201c<i>Forum<\/i> <i>shopping<\/i>\u201d.<\/p>\n<p>&nbsp;<\/p>\n<div><br clear=\"all\" \/><\/p>\n<hr align=\"left\" size=\"1\" \/>\n<div>\n<p><a title=\"\" href=\"#_ftnref1\">[1]<\/a> \u201c<b>ASPECTOS ESENCIALES DE LA COMPETENCIA JUDICIAL INTERNACIONAL EN VISTAS DE SU REGLAMENTACION INTERAMERICANA\u201d. <\/b>Profesor de la Universidad Complutense de Madrid, Consultor internacional (UE, CAN, BID\/MERCOSUR), Miembro de las delegaciones argentinas (OEA-CIDIP VII, UNCITRAL, Conferencia de La Haya de Derecho Internacional Privado).<\/p>\n<p><b><i>Trad: <\/i><\/b><b>\u201cASPETTI ESSENZIALI DELLA COMPETENZA GIUDIZIALE INTERNAZIONALE DI FRONTE ALLA SUA REGOLAMENTAZIONE INTERAMERICANA\u201d.<\/b> Professore dell\u2019Universit\u00e0 Complutense di Madrid, Consulente internazionale (UE, CAN, BID\/MERCOSUR), Membro delle delegazioni argentine (OEA-CIDIP VII, UNCITRAL, Conferenza de L\u2019 Haya di Diritto Internazionale Privato).<\/p>\n<\/div>\n<div>\n<p>[2] Ver E. JAYME, \u00ab Identit\u00e9 culturelle et int\u00e9gration: le droit international priv\u00e9 postmoderne \u00bb, <i>Recueil des Cours<\/i>, t. 251 (1995), pp. 47-48. B. AUDIT, \u00ab Le droit international priv\u00e9 en qu\u00eate d\u2019universalit\u00e9. Cours g\u00e9n\u00e9ral (2001) \u00bb, <i>Recueil des cours<\/i>, t. 305 (2003), p. 478 (\u201cla situaci\u00f3n ha cambiado totalmente con el verdadero desarrollo de las relaciones privadas internacionales a lo largo del siglo XX, hasta colocar hoy en primer plano las cuestiones vinculadas con la administraci\u00f3n de las jurisdicciones de los Estados y de la justicia internacional de derecho privado\u201d).<\/p>\n<p><i>Trad: <\/i>Si veda E. JAYME, \u00ab Identit\u00e0 culturale e integrazione: il diritto internazionale privato postmoderno \u00bb, <i>Raccolta dei Corsi<\/i>, t. 251 (1995), pp. 47-48. B. AUDIT, \u00ab Il diritto internazionale privato alla ricerca di universalit\u00e0. Corso generale (2001) \u00bb, <i>Raccolta dei Corsi<\/i>, t. 305 (2003), p. 478 (\u201cla situazione \u00e8 totalmente cambiata con il reale sviluppo delle relazioni private internazionali nel corso del XX secolo, fino a mettere oggi in primo piano le questioni relative all\u2019amministrazione delle giurisdizioni degli Stati e della giustizia internazionale di diritto privato\u201d).<\/p>\n<\/div>\n<div>\n<p><a title=\"\" href=\"#_ftnref3\">[3]<\/a> <a href=\"http:\/\/conventions.coe.int\/Treaty\/ITA\/Treaties\/Html\/005.htm\">http:\/\/conventions.coe.int\/Treaty\/ITA\/Treaties\/Html\/005.htm<\/a><\/p>\n<p><b>Articolo 6 \u2013 Diritto ad un processo equo.\u00a0 <\/b><\/p>\n<p>1.\u00a0Ogni persona ha diritto ad un\u2019equa e pubblica udienza entro un termine ragione\u00advole, davanti a un tribunale indipendente e imparziale costituito per legge, al fine della determinazione sia dei suoi diritti e dei suoi doveri di carattere civile, sia della fondatezza di ogni accusa penale che gli venga rivolta. La sentenza deve essere resa pubblicamente, ma l\u2019accesso alla sala d\u2019udienza pu\u00f2 essere vietato alla stampa e al pubblico durante tutto o una parte del processo nell\u2019interesse della morale, dell\u2019or\u00addine pubblico o della sicurezza nazionale in una societ\u00e0 democratica, quando lo esi\u00adgono gli interessi dei minori o la tutela della vita privata delle parti nel processo, nella misura giudicata strettamente necessaria dal tribunale quando, in speciali cir\u00adcostanze, la pubblicit\u00e0 potrebbe pregiudicare gli interessi della giustizia.<\/p>\n<p>2.\u00a0Ogni persona accusata di un reato \u00e8 presunta innocente sino a quando la sua col\u00adpevolezza non sia stata legalmente accertata.<\/p>\n<p>3.\u00a0Ogni accusato ha segnatamente diritto a:<\/p>\n<p>a. essere informato, nel pi\u00f9 breve tempo possibile, in una lingua a lui com\u00adpren\u00adsibile e in un modo dettagliato, della natura e dei motivi dell\u2019accusa ele\u00advata a suo carico;<\/p>\n<p>b. disporre del tempo e delle facilitazioni necessarie per preparare la sua di\u00adfesa;<\/p>\n<p>c. difendersi da s\u00e9 o avere l\u2019assistenza di un difensore di propria scelta e, se non ha i mezzi per ricompensare un difensore, poter essere assistito gratui\u00adtamente da un avvocato d\u2019ufficio quando lo esigano gli interessi della giusti\u00adzia;<\/p>\n<p>d. interrogare o far interrogare i testimoni a carico ed ottenere la convoca\u00adzione e l\u2019interrogazione dei testimoni a discarico nelle stesse condizioni dei te\u00adsti\u00admoni a carico;<\/p>\n<p>e. farsi assistere gratuitamente da un interprete se non comprende o non parla la lingua impiegata nell\u2019udienza.<\/p>\n<\/div>\n<div>\n<p><a title=\"\" href=\"#_ftnref4\">[4]<\/a> En sede de Derecho espa\u00f1ol, podemos citar como ejemplo, Sentencia del Tribunal Supremo. Sala de lo Civil STS 1868\/2015 &#8211;\u00a0 Id Cendoj: 28079110012015100235<\/p>\n<p><i>Trad: <\/i>In sede di Diritto spagnolo possiamo citare come esempio la Sentenza del Tribunale Supremo. Sezione Civile STS 1868\/2015 &#8211;\u00a0 Id Cendoj: 28079110012015100235<\/p>\n<\/div>\n<div>\n<p><a title=\"\" href=\"#_ftnref5\">[5]<\/a> No puede olvidarse, como se ver\u00e1, que el Estado a trav\u00e9s de sus normas de Competencia Judicial Internacional se est\u00e1 posicionado en el tr\u00e1fico siendo estas expresi\u00f3n de decisiones pol\u00edticas, econ\u00f3micas y estrat\u00e9gicas.<\/p>\n<p><i>Trad: <\/i>Non si pu\u00f2 dimenticare, come si vedr\u00e0, che lo Stato mediante le proprie norme di Competenza Giudiziale Internazionale sta trovando la sua posizione, consideranto che tali norme sono l\u2019espressione di decisioni politiche, economiche e strategiche.<\/p>\n<\/div>\n<\/div>\n\r\n\t\t<style>\r\n\t\t\t.huge-it-share-buttons {\r\n\t\t\t\tborder:0px solid #0FB5D6;\r\n\t\t\t\tborder-radius:5px;\r\n\t\t\t\tbackground:#3BD8FF;\r\n\t\t\t text-align:left; \t\t\t\t\t\t\t\t\t}\r\n\r\n\t\t\t#huge-it-share-buttons-top {margin-bottom:0px;}\r\n\t\t\t#huge-it-share-buttons-bottom {margin-top:0px;}\r\n\r\n\t\t\t.huge-it-share-buttons h3 {\r\n\t\t\t\tfont-size:25px ;\r\n\t\t\t\tfont-family:Arial,Helvetica Neue,Helvetica,sans-serif;\r\n\t\t\t\tcolor:#666666;\r\n\r\n\t\t\tdisplay:block;\t\t\t\tline-height:25px ;\r\n\r\n\t\t\t text-align:left; \t\t\t\t\t\t\t\t\t}\r\n\r\n\t\t\t.huge-it-share-buttons ul {\r\n\t\t\t float:left; \t\t\t\t\t\t\t\t\t}\r\n\r\n\t\t\t.huge-it-share-buttons ul li {\r\n\t\t\t\tmargin-left:3px;\r\n\t\t\t\tmargin-right:3px;\r\n\t\t\t\tpadding:0px;\r\n\t\t\t\tborder:0px ridge #E6354C;\r\n\t\t\t\tborder-radius:11px;\r\n\t\t\t\tbackground-color:#14CC9B;\r\n\t\t\t}\r\n\r\n\t\t\t.huge-it-share-buttons ul li #backforunical2077 {\r\n\t\t\t\tborder-bottom: 0;\r\n\t\t\t\tbackground-image:url('https:\/\/www.fabregat-perulles-sales.com\/actualidad\/wp-content\/plugins\/wp-share-buttons\/Front_end\/..\/images\/buttons.30.png');\r\n\t\t\t\twidth:30px;\r\n\t\t\t\theight:30px;\r\n\t\t\t}\r\n\r\n\t\t\t.front-shares-count {\r\n\t\t\t\tposition: absolute;\r\n\t\t\t\ttext-align: center;\r\n\t\t\t\tdisplay: block;\r\n\t\t\t}\r\n\r\n\t\t\t.shares_size20 .front-shares-count {\r\n\t\t\t\tfont-size: 10px;\r\n\t\t\t\ttop: 10px;\r\n\t\t\t\twidth: 20px;\r\n\t\t\t}\r\n\r\n\t\t\t.shares_size30 .front-shares-count {\r\n\t\t\t\tfont-size: 11px;\r\n\t\t\t\ttop: 15px;\r\n\t\t\t\twidth: 30px;\r\n\t\t\t}\r\n\r\n\t\t\t.shares_size40 .front-shares-count {\r\n\t\t\t\tfont-size: 12px;\r\n\t\t\t\ttop: 21px;\r\n\t\t\t\twidth: 40px;\r\n\t\t\t}\r\n\t\t<\/style>\r\n\t\t\r\n\t\t<div id=\"huge-it-share-buttons-top\" class=\"huge-it-share-buttons nobackground\">\r\n\t\t\t<h3>Share This:<\/h3>\r\n\t\t\t<ul class=\"huge-it-share-buttons-list \">\r\n\t\t\t\t\t\t\t\t\t<li class=\"nobackground \" >\r\n\r\n\t\t\t\t\t\t\t\t\t\t\t\t<a id=\"backforunical2077\" href=\"https:\/\/www.facebook.com\/sharer\/sharer.php?u=www.fabregat-perulles-sales.com\/actualidad\/wp-json\/wp\/v2\/posts\/2077\"  onclick=\"javascript:void window.open('https:\/\/www.facebook.com\/sharer\/sharer.php?u=www.fabregat-perulles-sales.com\/actualidad\/wp-json\/wp\/v2\/posts\/2077','1410949501326','width=700,height=500,toolbar=0,menubar=0,location=0,status=1,scrollbars=1,resizable=1,left=0,top=0');return false;\" style=\"background-position: -0px -120px \"><\/a>\r\n\t\t\t\t\t<\/li>\r\n\t\t\t\t\t\t\t\t\t\t<li class=\"nobackground \" >\r\n\r\n\t\t\t\t\t\t\t\t\t\t\t\t<a id=\"backforunical2077\" href=\"https:\/\/twitter.com\/share?status=www.fabregat-perulles-sales.com\/actualidad\/wp-json\/wp\/v2\/posts\/2077&text=\u201cForum shopping in UE, tra Forum e Ius\u201d (I)\"  onclick=\"javascript:void window.open('https:\/\/twitter.com\/share?status=www.fabregat-perulles-sales.com\/actualidad\/wp-json\/wp\/v2\/posts\/2077&text=\u201cForum shopping in UE, tra Forum e Ius\u201d (I)','1410949501326','width=700,height=500,toolbar=0,menubar=0,location=0,status=1,scrollbars=1,resizable=1,left=0,top=0');return false;\" style=\"background-position: -30px -120px \"><\/a>\r\n\t\t\t\t\t<\/li>\r\n\t\t\t\t\t\t\t\t\t\t<li class=\"none nobackground \" >\r\n\r\n\t\t\t\t\t\t\t\t\t\t\t\t<a id=\"backforunical2077\" href=\"http:\/\/www.pinterest.com\/pin\/create\/button\/?url=www.fabregat-perulles-sales.com\/actualidad\/wp-json\/wp\/v2\/posts\/2077&media=https:\/\/www.fabregat-perulles-sales.com\/actualidad\/wp-content\/plugins\/wp-share-buttons\/Front_end\/..\/images\/noimage.png&description=\u201cForum shopping in UE, tra Forum e Ius\u201d (I)\"  onclick=\"javascript:void window.open('http:\/\/www.pinterest.com\/pin\/create\/button\/?url=www.fabregat-perulles-sales.com\/actualidad\/wp-json\/wp\/v2\/posts\/2077&media=https:\/\/www.fabregat-perulles-sales.com\/actualidad\/wp-content\/plugins\/wp-share-buttons\/Front_end\/..\/images\/noimage.png&description=\u201cForum shopping in UE, tra Forum e Ius\u201d (I)','1410949501326','width=700,height=500,toolbar=0,menubar=0,location=0,status=1,scrollbars=1,resizable=1,left=0,top=0');return false;\" style=\"background-position: -60px -120px \"><\/a>\r\n\t\t\t\t\t<\/li>\r\n\t\t\t\t\t\t\t\t\t\t<li class=\"none nobackground \" >\r\n\r\n\t\t\t\t\t\t\t\t\t\t\t\t<a id=\"backforunical2077\" href=\"https:\/\/plus.google.com\/share?url=www.fabregat-perulles-sales.com\/actualidad\/wp-json\/wp\/v2\/posts\/2077\"  onclick=\"javascript:void window.open('https:\/\/plus.google.com\/share?url=www.fabregat-perulles-sales.com\/actualidad\/wp-json\/wp\/v2\/posts\/2077','1410949501326','width=700,height=500,toolbar=0,menubar=0,location=0,status=1,scrollbars=1,resizable=1,left=0,top=0');return false;\" style=\"background-position: -90px -120px \"><\/a>\r\n\t\t\t\t\t<\/li>\r\n\t\t\t\t\t\t\t\t\t\t<li class=\"nobackground \" >\r\n\r\n\t\t\t\t\t\t\t\t\t\t\t\t<a id=\"backforunical2077\" href=\"https:\/\/www.linkedin.com\/shareArticle?title=\u201cForum shopping in UE, tra Forum e Ius\u201d (I)&mini=true&url=https:\/\/www.fabregat-perulles-sales.com\/actualidad\/wp-json\/wp\/v2\/posts\/2077\"  onclick=\"javascript:void window.open('https:\/\/www.linkedin.com\/shareArticle?title=\u201cForum shopping in UE, tra Forum e Ius\u201d (I)&mini=true&url=https:\/\/www.fabregat-perulles-sales.com\/actualidad\/wp-json\/wp\/v2\/posts\/2077','1410949501326','width=700,height=500,toolbar=0,menubar=0,location=0,status=1,scrollbars=1,resizable=1,left=0,top=0');return false;\" style=\"background-position: -120px -120px \"><\/a>\r\n\t\t\t\t\t<\/li>\r\n\t\t\t\t\t\t\t\t\t\t<li class=\"none nobackground \" >\r\n\r\n\t\t\t\t\t\t\t\t\t\t\t\t<a id=\"backforunical2077\" href=\"https:\/\/www.tumblr.com\/share\/link?url=www.fabregat-perulles-sales.com\/actualidad\/wp-json\/wp\/v2\/posts\/2077&name=\u201cForum shopping in UE, tra Forum e Ius\u201d (I)\"  onclick=\"javascript:void window.open('https:\/\/www.tumblr.com\/share\/link?url=www.fabregat-perulles-sales.com\/actualidad\/wp-json\/wp\/v2\/posts\/2077&name=\u201cForum shopping in UE, tra Forum e Ius\u201d (I)','1410949501326','width=700,height=500,toolbar=0,menubar=0,location=0,status=1,scrollbars=1,resizable=1,left=0,top=0');return false;\" style=\"background-position: -150px -120px \"><\/a>\r\n\t\t\t\t\t<\/li>\r\n\t\t\t\t\t\t\t\t\t\t<li class=\"none nobackground \" >\r\n\r\n\t\t\t\t\t\t\t\t\t\t\t\t<a id=\"backforunical2077\" href=\"http:\/\/digg.com\/submit?phase=2&url=www.fabregat-perulles-sales.com\/actualidad\/wp-json\/wp\/v2\/posts\/2077&title=\u201cForum shopping in UE, tra Forum e Ius\u201d (I)\"  onclick=\"javascript:void window.open('http:\/\/digg.com\/submit?phase=2&url=www.fabregat-perulles-sales.com\/actualidad\/wp-json\/wp\/v2\/posts\/2077&title=\u201cForum shopping in UE, tra Forum e Ius\u201d (I)','1410949501326','width=700,height=500,toolbar=0,menubar=0,location=0,status=1,scrollbars=1,resizable=1,left=0,top=0');return false;\" style=\"background-position: -180px -120px \"><\/a>\r\n\t\t\t\t\t<\/li>\r\n\t\t\t\t\t\t\t\t\t\t<li class=\"none nobackground \" >\r\n\r\n\t\t\t\t\t\t\t\t\t\t\t\t<a id=\"backforunical2077\" href=\"http:\/\/www.stumbleupon.com\/submit?url=www.fabregat-perulles-sales.com\/actualidad\/wp-json\/wp\/v2\/posts\/2077&title=\u201cForum shopping in UE, tra Forum e Ius\u201d (I)\"  onclick=\"javascript:void window.open('http:\/\/www.stumbleupon.com\/submit?url=www.fabregat-perulles-sales.com\/actualidad\/wp-json\/wp\/v2\/posts\/2077&title=\u201cForum shopping in UE, tra Forum e Ius\u201d (I)','1410949501326','width=700,height=500,toolbar=0,menubar=0,location=0,status=1,scrollbars=1,resizable=1,left=0,top=0');return false;\" style=\"background-position: -210px -120px \"><\/a>\r\n\t\t\t\t\t<\/li>\r\n\t\t\t\t\t\t\t\t\t\t<li class=\"none nobackground \" >\r\n\r\n\t\t\t\t\t\t\t\t\t\t\t\t<a id=\"backforunical2077\" href=\"https:\/\/myspace.com\/post?l=3&u=www.fabregat-perulles-sales.com\/actualidad\/wp-json\/wp\/v2\/posts\/2077\"  onclick=\"javascript:void window.open('https:\/\/myspace.com\/post?l=3&u=www.fabregat-perulles-sales.com\/actualidad\/wp-json\/wp\/v2\/posts\/2077','1410949501326','width=700,height=500,toolbar=0,menubar=0,location=0,status=1,scrollbars=1,resizable=1,left=0,top=0');return false;\" style=\"background-position: -240px -120px \"><\/a>\r\n\t\t\t\t\t<\/li>\r\n\t\t\t\t\t\t\t\t\t\t<li class=\"nobackground \" >\r\n\r\n\t\t\t\t\t\t\t\t\t\t\t\t<a id=\"backforunical2077\" href=\"http:\/\/vk.com\/share.php?url=www.fabregat-perulles-sales.com\/actualidad\/wp-json\/wp\/v2\/posts\/2077&title=\u201cForum shopping in UE, tra Forum e Ius\u201d (I)\"  onclick=\"javascript:void window.open('http:\/\/vk.com\/share.php?url=www.fabregat-perulles-sales.com\/actualidad\/wp-json\/wp\/v2\/posts\/2077&title=\u201cForum shopping in UE, tra Forum e Ius\u201d (I)','1410949501326','width=700,height=500,toolbar=0,menubar=0,location=0,status=1,scrollbars=1,resizable=1,left=0,top=0');return false;\" style=\"background-position: -270px -120px \"><\/a>\r\n\t\t\t\t\t<\/li>\r\n\t\t\t\t\t\t\t\t\t\t<li class=\"none nobackground \" >\r\n\r\n\t\t\t\t\t\t\t\t\t\t\t\t<a id=\"backforunical2077\" href=\"http:\/\/www.reddit.com\/submit?url=www.fabregat-perulles-sales.com\/actualidad\/wp-json\/wp\/v2\/posts\/2077&title=\u201cForum shopping in UE, tra Forum e Ius\u201d (I)\"  onclick=\"javascript:void window.open('http:\/\/www.reddit.com\/submit?url=www.fabregat-perulles-sales.com\/actualidad\/wp-json\/wp\/v2\/posts\/2077&title=\u201cForum shopping in UE, tra Forum e Ius\u201d (I)','1410949501326','width=700,height=500,toolbar=0,menubar=0,location=0,status=1,scrollbars=1,resizable=1,left=0,top=0');return false;\" style=\"background-position: -300px -120px \"><\/a>\r\n\t\t\t\t\t<\/li>\r\n\t\t\t\t\t\t\t\t\t\t<li class=\"none nobackground \" >\r\n\r\n\t\t\t\t\t\t\t\t\t\t\t\t<a id=\"backforunical2077\" href=\"http:\/\/www.bebo.com\/c\/share?Url=www.fabregat-perulles-sales.com\/actualidad\/wp-json\/wp\/v2\/posts\/2077\"  onclick=\"javascript:void window.open('http:\/\/www.bebo.com\/c\/share?Url=www.fabregat-perulles-sales.com\/actualidad\/wp-json\/wp\/v2\/posts\/2077','1410949501326','width=700,height=500,toolbar=0,menubar=0,location=0,status=1,scrollbars=1,resizable=1,left=0,top=0');return false;\" style=\"background-position: -330px -120px \"><\/a>\r\n\t\t\t\t\t<\/li>\r\n\t\t\t\t\t\t\t\t\t\t<li class=\"none nobackground \" >\r\n\r\n\t\t\t\t\t\t\t\t\t\t\t\t<a id=\"backforunical2077\" href=\"https:\/\/delicious.com\/save?v=5&noui&jump=close&url=www.fabregat-perulles-sales.com\/actualidad\/wp-json\/wp\/v2\/posts\/2077&title=\u201cForum shopping in UE, tra Forum e Ius\u201d (I)\"  onclick=\"javascript:void window.open('https:\/\/delicious.com\/save?v=5&noui&jump=close&url=www.fabregat-perulles-sales.com\/actualidad\/wp-json\/wp\/v2\/posts\/2077&title=\u201cForum shopping in UE, tra Forum e Ius\u201d (I)','1410949501326','width=700,height=500,toolbar=0,menubar=0,location=0,status=1,scrollbars=1,resizable=1,left=0,top=0');return false;\" style=\"background-position: -360px -120px \"><\/a>\r\n\t\t\t\t\t<\/li>\r\n\t\t\t\t\t\t\t\t\t\t<li class=\"none nobackground \" >\r\n\r\n\t\t\t\t\t\t\t\t\t\t\t\t<a id=\"backforunical2077\" href=\"http:\/\/www.odnoklassniki.ru\/dk?st.cmd=addShare&st.s=2&st.noresize=on&st._surl=www.fabregat-perulles-sales.com\/actualidad\/wp-json\/wp\/v2\/posts\/2077\"  onclick=\"javascript:void window.open('http:\/\/www.odnoklassniki.ru\/dk?st.cmd=addShare&st.s=2&st.noresize=on&st._surl=www.fabregat-perulles-sales.com\/actualidad\/wp-json\/wp\/v2\/posts\/2077','1410949501326','width=700,height=500,toolbar=0,menubar=0,location=0,status=1,scrollbars=1,resizable=1,left=0,top=0');return false;\" style=\"background-position: -390px -120px \"><\/a>\r\n\t\t\t\t\t<\/li>\r\n\t\t\t\t\t\t\t\t\t\t<li class=\"none nobackground \" >\r\n\r\n\t\t\t\t\t\t\t\t\t\t\t\t<a id=\"backforunical2077\" href=\"http:\/\/sns.qzone.qq.com\/cgi-bin\/qzshare\/cgi_qzshare_onekey?url=www.fabregat-perulles-sales.com\/actualidad\/wp-json\/wp\/v2\/posts\/2077&title=\u201cForum shopping in UE, tra Forum e Ius\u201d (I)\"  onclick=\"javascript:void window.open('http:\/\/sns.qzone.qq.com\/cgi-bin\/qzshare\/cgi_qzshare_onekey?url=www.fabregat-perulles-sales.com\/actualidad\/wp-json\/wp\/v2\/posts\/2077&title=\u201cForum shopping in UE, tra Forum e Ius\u201d (I)','1410949501326','width=700,height=500,toolbar=0,menubar=0,location=0,status=1,scrollbars=1,resizable=1,left=0,top=0');return false;\" style=\"background-position: -420px -120px \"><\/a>\r\n\t\t\t\t\t<\/li>\r\n\t\t\t\t\t\t\t\t\t\t<li class=\"none nobackground \" >\r\n\r\n\t\t\t\t\t\t\t\t\t\t\t\t<a id=\"backforunical2077\" href=\"http:\/\/service.weibo.com\/share\/share.php?url=www.fabregat-perulles-sales.com\/actualidad\/wp-json\/wp\/v2\/posts\/2077&appkey=&title=\u201cForum shopping in UE, tra Forum e Ius\u201d (I)&pic=&ralateUid=&\"  onclick=\"javascript:void window.open('http:\/\/service.weibo.com\/share\/share.php?url=www.fabregat-perulles-sales.com\/actualidad\/wp-json\/wp\/v2\/posts\/2077&appkey=&title=\u201cForum shopping in UE, tra Forum e Ius\u201d (I)&pic=&ralateUid=&','1410949501326','width=700,height=500,toolbar=0,menubar=0,location=0,status=1,scrollbars=1,resizable=1,left=0,top=0');return false;\" style=\"background-position: -450px -120px \"><\/a>\r\n\t\t\t\t\t<\/li>\r\n\t\t\t\t\t\t\t\t\t\t<li class=\"none nobackground \" >\r\n\r\n\t\t\t\t\t\t\t\t\t\t\t\t<a id=\"backforunical2077\" href=\"http:\/\/widget.renren.com\/dialog\/share?resourceUrl=www.fabregat-perulles-sales.com\/actualidad\/wp-json\/wp\/v2\/posts\/2077&srcUrl=www.fabregat-perulles-sales.com\/actualidad\/wp-json\/wp\/v2\/posts\/2077&title=\u201cForum shopping in UE, tra Forum e Ius\u201d (I)\"  onclick=\"javascript:void window.open('http:\/\/widget.renren.com\/dialog\/share?resourceUrl=www.fabregat-perulles-sales.com\/actualidad\/wp-json\/wp\/v2\/posts\/2077&srcUrl=www.fabregat-perulles-sales.com\/actualidad\/wp-json\/wp\/v2\/posts\/2077&title=\u201cForum shopping in UE, tra Forum e Ius\u201d (I)','1410949501326','width=700,height=500,toolbar=0,menubar=0,location=0,status=1,scrollbars=1,resizable=1,left=0,top=0');return false;\" style=\"background-position: -480px -120px \"><\/a>\r\n\t\t\t\t\t<\/li>\r\n\t\t\t\t\t\t\t\t\t\t<li class=\"none nobackground \" >\r\n\r\n\t\t\t\t\t\t\t\t\t\t\t\t<a id=\"backforunical2077\" href=\"http:\/\/n4g.com\/tips?url=www.fabregat-perulles-sales.com\/actualidad\/wp-json\/wp\/v2\/posts\/2077&title=\u201cForum shopping in UE, tra Forum e Ius\u201d (I)\"  onclick=\"javascript:void window.open('http:\/\/n4g.com\/tips?url=www.fabregat-perulles-sales.com\/actualidad\/wp-json\/wp\/v2\/posts\/2077&title=\u201cForum shopping in UE, tra Forum e Ius\u201d (I)','1410949501326','width=700,height=500,toolbar=0,menubar=0,location=0,status=1,scrollbars=1,resizable=1,left=0,top=0');return false;\" style=\"background-position: -510px -120px \"><\/a>\r\n\t\t\t\t\t<\/li>\r\n\t\t\t\t\t\t\t\t<\/ul>\r\n\t\t\t<div class=\"clear\"><\/div>\r\n\t\t<\/div>\r\n\t\t","protected":false},"excerpt":{"rendered":"<p>Lo scorso18 settembre, l\u2019avvocato Fernando Sales Bellido, co-fondatore partner dello Studio Legale Fabregat Perulles Sales Abogados, ha partecipato come relatore al 28 Convengo dell\u2019Associazione Internazionale Giuristi Lingua Italiana (AIGLI), della quale \u00e8 anche partner e membro del Consiglio Direttivo. In questo post, e in quelli seguenti, trover\u00e0 pubblicato lo studio sull\u2019evoluzione del Forum Shopping, alla\u2026 <span class=\"read-more\"><a href=\"https:\/\/www.fabregat-perulles-sales.com\/actualidad\/forum-shopping-in-ue-tra-forum-e-ius-i\/\">Read More &raquo;<\/a><\/span><\/p>\n","protected":false},"author":3,"featured_media":0,"comment_status":"open","ping_status":"closed","sticky":false,"template":"","format":"standard","meta":[],"categories":[279,457,472,26],"tags":[649,595,648,647],"yoast_head":"<!-- This site is optimized with the Yoast SEO plugin v20.2.1 - https:\/\/yoast.com\/wordpress\/plugins\/seo\/ -->\n<title>Forum Shopping in UE, tra Forum e Ius. Avvocati. Italiano<\/title>\n<meta name=\"description\" content=\"Forum Shopping in UE. L&#039;importanza di scegliere il foro competente e le conseguenze di questa scelta.\" \/>\n<meta name=\"robots\" content=\"index, follow, max-snippet:-1, max-image-preview:large, max-video-preview:-1\" \/>\n<link rel=\"canonical\" href=\"https:\/\/www.fabregat-perulles-sales.com\/actualidad\/forum-shopping-in-ue-tra-forum-e-ius-i\/\" \/>\n<meta property=\"og:locale\" content=\"en_US\" \/>\n<meta property=\"og:type\" content=\"article\" \/>\n<meta property=\"og:title\" content=\"Forum Shopping in UE, tra Forum e Ius. Avvocati. Italiano\" \/>\n<meta property=\"og:description\" content=\"Forum Shopping in UE. L&#039;importanza di scegliere il foro competente e le conseguenze di questa scelta.\" \/>\n<meta property=\"og:url\" content=\"https:\/\/www.fabregat-perulles-sales.com\/actualidad\/forum-shopping-in-ue-tra-forum-e-ius-i\/\" \/>\n<meta property=\"og:site_name\" content=\"International Lawyers\" \/>\n<meta property=\"article:published_time\" content=\"2015-11-06T12:00:41+00:00\" \/>\n<meta property=\"article:modified_time\" content=\"2017-05-23T13:03:42+00:00\" \/>\n<meta name=\"author\" content=\"Victor\" \/>\n<meta name=\"twitter:card\" content=\"summary_large_image\" \/>\n<meta name=\"twitter:label1\" content=\"Written by\" \/>\n\t<meta name=\"twitter:data1\" content=\"Victor\" \/>\n\t<meta name=\"twitter:label2\" content=\"Est. reading time\" \/>\n\t<meta name=\"twitter:data2\" content=\"10 minutes\" \/>\n<script type=\"application\/ld+json\" class=\"yoast-schema-graph\">{\"@context\":\"https:\/\/schema.org\",\"@graph\":[{\"@type\":\"WebPage\",\"@id\":\"https:\/\/www.fabregat-perulles-sales.com\/actualidad\/forum-shopping-in-ue-tra-forum-e-ius-i\/\",\"url\":\"https:\/\/www.fabregat-perulles-sales.com\/actualidad\/forum-shopping-in-ue-tra-forum-e-ius-i\/\",\"name\":\"Forum Shopping in UE, tra Forum e Ius. Avvocati. Italiano\",\"isPartOf\":{\"@id\":\"https:\/\/www.fabregat-perulles-sales.com\/actualidad\/#website\"},\"datePublished\":\"2015-11-06T12:00:41+00:00\",\"dateModified\":\"2017-05-23T13:03:42+00:00\",\"author\":{\"@id\":\"https:\/\/www.fabregat-perulles-sales.com\/actualidad\/#\/schema\/person\/cabc1d68c7778f01d5e069c2d98442e3\"},\"description\":\"Forum Shopping in UE. L'importanza di scegliere il foro competente e le conseguenze di questa scelta.\",\"breadcrumb\":{\"@id\":\"https:\/\/www.fabregat-perulles-sales.com\/actualidad\/forum-shopping-in-ue-tra-forum-e-ius-i\/#breadcrumb\"},\"inLanguage\":\"en-US\",\"potentialAction\":[{\"@type\":\"ReadAction\",\"target\":[\"https:\/\/www.fabregat-perulles-sales.com\/actualidad\/forum-shopping-in-ue-tra-forum-e-ius-i\/\"]}]},{\"@type\":\"BreadcrumbList\",\"@id\":\"https:\/\/www.fabregat-perulles-sales.com\/actualidad\/forum-shopping-in-ue-tra-forum-e-ius-i\/#breadcrumb\",\"itemListElement\":[{\"@type\":\"ListItem\",\"position\":1,\"name\":\"Home\",\"item\":\"https:\/\/www.fabregat-perulles-sales.com\/actualidad\/\"},{\"@type\":\"ListItem\",\"position\":2,\"name\":\"\u201cForum shopping in UE, tra Forum e Ius\u201d (I)\"}]},{\"@type\":\"WebSite\",\"@id\":\"https:\/\/www.fabregat-perulles-sales.com\/actualidad\/#website\",\"url\":\"https:\/\/www.fabregat-perulles-sales.com\/actualidad\/\",\"name\":\"www.fabregat-perulles-sales.com\",\"description\":\"Fabregat Perulles Sales Abogados is a law firm of reference international market in the Spanish-German, Spanish-French, and Spanish-Italian. Is one of the first firms in Barcelona offering a Russian Desk.\",\"potentialAction\":[{\"@type\":\"SearchAction\",\"target\":{\"@type\":\"EntryPoint\",\"urlTemplate\":\"https:\/\/www.fabregat-perulles-sales.com\/actualidad\/?s={search_term_string}\"},\"query-input\":\"required name=search_term_string\"}],\"inLanguage\":\"en-US\"},{\"@type\":\"Person\",\"@id\":\"https:\/\/www.fabregat-perulles-sales.com\/actualidad\/#\/schema\/person\/cabc1d68c7778f01d5e069c2d98442e3\",\"name\":\"Victor\",\"image\":{\"@type\":\"ImageObject\",\"inLanguage\":\"en-US\",\"@id\":\"https:\/\/www.fabregat-perulles-sales.com\/actualidad\/#\/schema\/person\/image\/\",\"url\":\"https:\/\/secure.gravatar.com\/avatar\/756cb666a964d2960ffe307b8a53b271?s=96&d=mm&r=g\",\"contentUrl\":\"https:\/\/secure.gravatar.com\/avatar\/756cb666a964d2960ffe307b8a53b271?s=96&d=mm&r=g\",\"caption\":\"Victor\"},\"sameAs\":[\"http:\/\/www.fabregat-perulles-sales.com\"],\"url\":\"https:\/\/www.fabregat-perulles-sales.com\/actualidad\/author\/victor\/\"}]}<\/script>\n<!-- \/ Yoast SEO plugin. -->","yoast_head_json":{"title":"Forum Shopping in UE, tra Forum e Ius. Avvocati. Italiano","description":"Forum Shopping in UE. L'importanza di scegliere il foro competente e le conseguenze di questa scelta.","robots":{"index":"index","follow":"follow","max-snippet":"max-snippet:-1","max-image-preview":"max-image-preview:large","max-video-preview":"max-video-preview:-1"},"canonical":"https:\/\/www.fabregat-perulles-sales.com\/actualidad\/forum-shopping-in-ue-tra-forum-e-ius-i\/","og_locale":"en_US","og_type":"article","og_title":"Forum Shopping in UE, tra Forum e Ius. Avvocati. Italiano","og_description":"Forum Shopping in UE. L'importanza di scegliere il foro competente e le conseguenze di questa scelta.","og_url":"https:\/\/www.fabregat-perulles-sales.com\/actualidad\/forum-shopping-in-ue-tra-forum-e-ius-i\/","og_site_name":"International Lawyers","article_published_time":"2015-11-06T12:00:41+00:00","article_modified_time":"2017-05-23T13:03:42+00:00","author":"Victor","twitter_card":"summary_large_image","twitter_misc":{"Written by":"Victor","Est. reading time":"10 minutes"},"schema":{"@context":"https:\/\/schema.org","@graph":[{"@type":"WebPage","@id":"https:\/\/www.fabregat-perulles-sales.com\/actualidad\/forum-shopping-in-ue-tra-forum-e-ius-i\/","url":"https:\/\/www.fabregat-perulles-sales.com\/actualidad\/forum-shopping-in-ue-tra-forum-e-ius-i\/","name":"Forum Shopping in UE, tra Forum e Ius. Avvocati. Italiano","isPartOf":{"@id":"https:\/\/www.fabregat-perulles-sales.com\/actualidad\/#website"},"datePublished":"2015-11-06T12:00:41+00:00","dateModified":"2017-05-23T13:03:42+00:00","author":{"@id":"https:\/\/www.fabregat-perulles-sales.com\/actualidad\/#\/schema\/person\/cabc1d68c7778f01d5e069c2d98442e3"},"description":"Forum Shopping in UE. L'importanza di scegliere il foro competente e le conseguenze di questa scelta.","breadcrumb":{"@id":"https:\/\/www.fabregat-perulles-sales.com\/actualidad\/forum-shopping-in-ue-tra-forum-e-ius-i\/#breadcrumb"},"inLanguage":"en-US","potentialAction":[{"@type":"ReadAction","target":["https:\/\/www.fabregat-perulles-sales.com\/actualidad\/forum-shopping-in-ue-tra-forum-e-ius-i\/"]}]},{"@type":"BreadcrumbList","@id":"https:\/\/www.fabregat-perulles-sales.com\/actualidad\/forum-shopping-in-ue-tra-forum-e-ius-i\/#breadcrumb","itemListElement":[{"@type":"ListItem","position":1,"name":"Home","item":"https:\/\/www.fabregat-perulles-sales.com\/actualidad\/"},{"@type":"ListItem","position":2,"name":"\u201cForum shopping in UE, tra Forum e Ius\u201d (I)"}]},{"@type":"WebSite","@id":"https:\/\/www.fabregat-perulles-sales.com\/actualidad\/#website","url":"https:\/\/www.fabregat-perulles-sales.com\/actualidad\/","name":"www.fabregat-perulles-sales.com","description":"Fabregat Perulles Sales Abogados is a law firm of reference international market in the Spanish-German, Spanish-French, and Spanish-Italian. Is one of the first firms in Barcelona offering a Russian Desk.","potentialAction":[{"@type":"SearchAction","target":{"@type":"EntryPoint","urlTemplate":"https:\/\/www.fabregat-perulles-sales.com\/actualidad\/?s={search_term_string}"},"query-input":"required name=search_term_string"}],"inLanguage":"en-US"},{"@type":"Person","@id":"https:\/\/www.fabregat-perulles-sales.com\/actualidad\/#\/schema\/person\/cabc1d68c7778f01d5e069c2d98442e3","name":"Victor","image":{"@type":"ImageObject","inLanguage":"en-US","@id":"https:\/\/www.fabregat-perulles-sales.com\/actualidad\/#\/schema\/person\/image\/","url":"https:\/\/secure.gravatar.com\/avatar\/756cb666a964d2960ffe307b8a53b271?s=96&d=mm&r=g","contentUrl":"https:\/\/secure.gravatar.com\/avatar\/756cb666a964d2960ffe307b8a53b271?s=96&d=mm&r=g","caption":"Victor"},"sameAs":["http:\/\/www.fabregat-perulles-sales.com"],"url":"https:\/\/www.fabregat-perulles-sales.com\/actualidad\/author\/victor\/"}]}},"amp_enabled":true,"_links":{"self":[{"href":"https:\/\/www.fabregat-perulles-sales.com\/actualidad\/wp-json\/wp\/v2\/posts\/2077"}],"collection":[{"href":"https:\/\/www.fabregat-perulles-sales.com\/actualidad\/wp-json\/wp\/v2\/posts"}],"about":[{"href":"https:\/\/www.fabregat-perulles-sales.com\/actualidad\/wp-json\/wp\/v2\/types\/post"}],"author":[{"embeddable":true,"href":"https:\/\/www.fabregat-perulles-sales.com\/actualidad\/wp-json\/wp\/v2\/users\/3"}],"replies":[{"embeddable":true,"href":"https:\/\/www.fabregat-perulles-sales.com\/actualidad\/wp-json\/wp\/v2\/comments?post=2077"}],"version-history":[{"count":4,"href":"https:\/\/www.fabregat-perulles-sales.com\/actualidad\/wp-json\/wp\/v2\/posts\/2077\/revisions"}],"predecessor-version":[{"id":2740,"href":"https:\/\/www.fabregat-perulles-sales.com\/actualidad\/wp-json\/wp\/v2\/posts\/2077\/revisions\/2740"}],"wp:attachment":[{"href":"https:\/\/www.fabregat-perulles-sales.com\/actualidad\/wp-json\/wp\/v2\/media?parent=2077"}],"wp:term":[{"taxonomy":"category","embeddable":true,"href":"https:\/\/www.fabregat-perulles-sales.com\/actualidad\/wp-json\/wp\/v2\/categories?post=2077"},{"taxonomy":"post_tag","embeddable":true,"href":"https:\/\/www.fabregat-perulles-sales.com\/actualidad\/wp-json\/wp\/v2\/tags?post=2077"}],"curies":[{"name":"wp","href":"https:\/\/api.w.org\/{rel}","templated":true}]}}