{"id":2023,"date":"2015-10-23T15:04:16","date_gmt":"2015-10-23T14:04:16","guid":{"rendered":"http:\/\/www.fabregat-perulles-sales.com\/actualidad\/?p=2023"},"modified":"2017-05-23T13:59:34","modified_gmt":"2017-05-23T12:59:34","slug":"forum-shopping-en-la-ue-entre-forum-y-ius-vii","status":"publish","type":"post","link":"https:\/\/www.fabregat-perulles-sales.com\/actualidad\/forum-shopping-en-la-ue-entre-forum-y-ius-vii\/","title":{"rendered":"F\u00f3rum shopping en la UE, entre F\u00f3rum y Ius (VII)"},"content":{"rendered":"<p><b>X. 4.- Posici\u00f3n del Tribunal de Justicia de la Uni\u00f3n Europea ante maniobras de <i>f\u00f3rum<\/i> <i>Shopping<\/i>. Interpretaci\u00f3n estricta del concepto de litispendencia comunitaria. <a href=\"http:\/\/www.fabregat-perulles-sales.com\/actualidad\/wp-content\/uploads\/2015\/10\/competencia-judicial-internacional-ue-abogados-espa\u00f1ol.png\"><img decoding=\"async\" loading=\"lazy\" class=\"alignright size-medium wp-image-1997\" src=\"http:\/\/www.fabregat-perulles-sales.com\/actualidad\/wp-content\/uploads\/2015\/10\/competencia-judicial-internacional-ue-abogados-espa\u00f1ol-300x237.png\" alt=\"competencia judicial internacional ue mazo\" width=\"300\" height=\"237\" srcset=\"https:\/\/www.fabregat-perulles-sales.com\/actualidad\/wp-content\/uploads\/2015\/10\/competencia-judicial-internacional-ue-abogados-espa\u00f1ol-300x237.png 300w, https:\/\/www.fabregat-perulles-sales.com\/actualidad\/wp-content\/uploads\/2015\/10\/competencia-judicial-internacional-ue-abogados-espa\u00f1ol.png 473w\" sizes=\"(max-width: 300px) 100vw, 300px\" \/><\/a><\/b><\/p>\n<p><b><\/b>Sin perjuicio de la innovaci\u00f3n y de la eficacia que puedan desplegar el nuevo texto del <a title=\"competencia judicial internacional\" href=\"http:\/\/eur-lex.europa.eu\/legal-content\/ES\/TXT\/?uri=CELEX:32012R1215\" target=\"_blank\" rel=\"noopener noreferrer\">Reglamento 1215\/ 2012 <\/a>as\u00ed como en especial, su art\u00edculo 31.2, \u00a0es lo cierto que la Jurisprudencia del Tribunal de la Uni\u00f3n Europea se mostrado excesivamente reticente \u00a0-a juicio de un sector de la doctrina- a remediar situaciones de <i>f\u00f3rum<\/i> <i>Shopping<\/i> que fueren reflejo de actuaciones de abuso.<\/p>\n<p>Hasta la fecha, han sido paradigm\u00e1ticas de esta situaci\u00f3n tres sentencias, dictadas en los asuntos Tatry (C-406\/92) Gasser (C-116\/02) y Turner (C-159\/02), por las razones que exponemos a continuaci\u00f3n.<\/p>\n<p>De inicio, debe indicarse que, la doctrina resultante del asunto <b>Gasser (C-116\/02)<\/b> parecer\u00eda haberse superado por la nueva redacci\u00f3n del art\u00edculo 31.2 del Reglamento en la medida en que se confiere una suerte de primac\u00eda al Tribunal que tiene atribuida su competencia por m\u00e9ritos de la aplicaci\u00f3n de los foros de competencia por acuerdo de pr\u00f3rroga de competencia regulados en el art\u00edculo 25.<\/p>\n<p>En cuanto a la primera de las resoluciones citadas, dictada en el asunto <b>Tatry (C-406\/92)<span style=\"text-decoration: underline;\">,<\/span><\/b> el Tribunal entiende que en el supuesto en que dos demandas que tengan la misma causa y el mismo objeto, y cuando las partes del segundo procedimiento coincidan s\u00f3lo parcialmente con las partes del procedimiento iniciado anteriormente en otro Estado contratante, s\u00f3lo exige que se inhiba el \u00f3rgano jurisdiccional ante el que se ha planteado el segundo procedimiento si las partes del litigio pendiente ante el mismo son tambi\u00e9n partes del procedimiento anteriormente iniciado.<\/p>\n<p><!--more--><\/p>\n<p>Se concluye por el Tribunal que el art\u00edculo 21 (del Convenio Bruselas) no impide que contin\u00fae el procedimiento entre las dem\u00e1s partes<a title=\"\" href=\"#_ftn1\">[1]<\/a>. \u00a0Como puede colegirse, la raz\u00f3n del Tribunal descansa en una interpretaci\u00f3n muy restrictiva del concepto de litispendencia al exigir la plena identidad de las partes. As\u00ed lo dice expresamente en el p\u00e1rrafo 33 de la resoluci\u00f3n citada:<i> \u201c<\/i>33 A la luz del tenor literal del art\u00edculo 21 del Convenio y del objetivo anteriormente expuesto, dicho art\u00edculo debe interpretarse en el sentido de que exige, como requisito de la obligaci\u00f3n de inhibirse del segundo fuero ante el que se ha planteado el procedimiento, que las partes de los dos procedimientos sean id\u00e9nticas.\u201d<\/p>\n<p>Por su parte, en el asunto <b>Turner (C-159\/02),<\/b> sustanciado estando ya en vigor el <a title=\"competencia judicial internacional\" href=\"https:\/\/www.boe.es\/buscar\/doc.php?id=DOUE-L-2001-80073\" target=\"_blank\" rel=\"noopener noreferrer\">Reglamento 44\/2001<\/a>, la Corte rechaza expl\u00edcitamente la posibilidad del dictado de una orden de inhibici\u00f3n en la medida en que, entiende que, de procederse de esta forma, se estar\u00eda privando al Tribunal de su propia facultad de examinar y ejercer su competencia y ello, y aqu\u00ed es lo relevante a los efectos del presente trabajo, a\u00fan cuando se haya\u00a0 constatado una actuaci\u00f3n de mala fe tendente a la obstaculizaci\u00f3n del procedimiento.<\/p>\n<p>Dicha interpretaci\u00f3n, es sostenida tambi\u00e9n por el Tribunal en el asunto <b>C<\/b><b>\u2011185\/07 Allianz vs <\/b><b>West Tankers <\/b><a title=\"\" href=\"#_ftn2\">[2]<\/a>.<\/p>\n<p>Menci\u00f3n separada merece la Sentencia citada dictada en el <b>asunto Gasser (C-116\/02<\/b>) cuya virtualidad, adem\u00e1s de mantener la negativa del Tribunal a reconocer las <i>anti-suit injunction<\/i>, declara no haber lugar a otorgar primac\u00eda a los acuerdos de pr\u00f3rroga de competencia o mejor, no ser estos de suficiente entidad para sostener la abstenci\u00f3n del Tribunal ante el que se hubiere presentado la demanda bas\u00e1ndose en distinto foro competencial. Concluye por tanto que \u201cel tribunal ante el que se ha formulado la segunda demanda y cuya competencia ha sido reivindicada en virtud de una cl\u00e1usula atributiva de competencia debe suspender el procedimiento hasta que el tribunal ante el que se formul\u00f3 la primera demanda se declare incompetente \u201d <b>apostillando adem\u00e1s que<\/b> \u201cno pueden establecerse excepciones a sus disposiciones cuando, por lo general, la duraci\u00f3n de los procesos ante los \u00f3rganos jurisdiccionales del Estado contratante en el que se encuentra el tribunal ante el que se ha formulado la primera demanda es excesivamente larga\u201d.<\/p>\n<p>Ciertamente, como indic\u00e1bamos al inicio, la tesis de dicha sentencia se ha visto superada por el tenor del actuar art\u00edculo 31.2, en la medida en que: \u201c Sin perjuicio de lo dispuesto en el art\u00edculo 26, si se presenta una demanda ante un \u00f3rgano jurisdiccional de un Estado miembro que tenga competencia exclusiva en virtud de un acuerdo contemplado en el art\u00edculo 25, <b><span style=\"text-decoration: underline;\">cualquier \u00f3rgano jurisdiccional de otro Estado miembro suspender\u00e1 <\/span><\/b>el procedimiento hasta que el \u00f3rgano jurisdiccional ante el que se present\u00f3 la demanda en virtud del acuerdo de que se trate se declare incompetente con arreglo al acuerdo.\u201d<\/p>\n<p>&nbsp;<\/p>\n<p><b>X.5.- Inaplicaci\u00f3n de las <i>Anti-suit injuctions<\/i> y el llamado <i>F\u00f3rum non conveniens<\/i>\u00a0 como instituciones impeditivas de <i>F\u00f3rum<\/i> <i>Shopping<\/i><\/b>.<\/p>\n<p>Ha resultado ser asimismo paradigm\u00e1tica, la reticencia que el legislador comunitario \u2013y tambi\u00e9n del Tribunal de Justica como se ha visto- \u00a0ha mostrado hist\u00f3ricamente para \u201cimportar\u201d de los sistemas de <i>Common law,<\/i> alguna de las instituciones que tradicionalmente se han empleado para combatir situaciones de <i>f\u00f3rum<\/i> <i>shopping<\/i>, como son, las <i>Anti-suit injuctions<\/i> y el llamado <i>F\u00f3rum non conveniens<\/i>.<\/p>\n<p>Ciertamente a d\u00eda de hoy el Reglamento 1215\/2012, ha optado por mantener el silencio que al efecto guardaron sus antecedentes legislativos, por lo que entendemos que la Jurisprudencia existente ser\u00e1 igualmente v\u00e1lida en supuestos que caigan bajo el amparo de la nueva regulaci\u00f3n<a title=\"\" href=\"#_ftn3\">[3]<\/a> ya que entendemos que el tenor del Considerando 24, adem\u00e1s de no tener car\u00e1cter normativo, no tendr\u00e1 peso espec\u00edfico suficiente para modificar el sentido del cuerpo jurisprudencial creado en torno a esta materia.<\/p>\n<p><b>1.-<i> Anti-suit injuctions<\/i><\/b><i>:<\/i><\/p>\n<p>En esencia, mediante dichas resoluciones se ordena a la parte abstenerse de iniciar un procedimiento o la prosecuci\u00f3n de los mismos una vez iniciado este.<\/p>\n<p>El Tribunal de Justicia de la Uni\u00f3n Europea (TJUE), ha tenido oportunidad de pronunciarse acerca de la compatibilidad o no de dicha instituci\u00f3n con el sistema de Bruselas, siendo que la respuesta ha sido y se ha mantenido hasta la fecha, negativa a considerar compatibles dichas \u00a0<i>anti-suit injuction<\/i> con el sistema del Convenido antes y hoy del Reglamento.<\/p>\n<p>Como antecedente podemos traer a colaci\u00f3n la Sentencia de\u00a0 27 abril 2004,\u00a0 Turner c.\u00a0 Grovit, aff. C-159\/02 y m\u00e1s recientemente la Sentencia de 10 de febrero de 2009, as. Allianz \/ West Tankers, cuyo pronunciamiento m\u00e1s significativo reproducimos<a title=\"\" href=\"#_ftn4\">[4]<\/a>.<\/p>\n<p><b>2.- <i>F\u00f3rum non conveniens<span style=\"text-decoration: underline;\">. <\/span><\/i><\/b><\/p>\n<p>De forma breve, podemos significar que mediante la doctrina del <i>F\u00f3rum non conveniens,<\/i> se permite a las jurisdicciones de Common Law rechazar <i>ad limine<\/i> una pretensi\u00f3n que a su criterio muestre m\u00e1s relaci\u00f3n o mayores puntos de conexi\u00f3n con la jurisdicci\u00f3n de un tercer Estado<a title=\"\" href=\"#_ftn5\">[5]<\/a>.<\/p>\n<p>Parte de la doctrina, pero fundamentalmente la Jurisprudencia del Tribunal de las Comunidades Europeas (TJUE) se ha mostrado radicalmente contrario a utilizar en sede comunitaria\u00a0 dicho doctrina o recurso de equidad, en varias ocasiones en las que se ha podido pronunciar sobre la materia. Exponente de dicha negativa se encuentra en la Sentencia\u00a0 de 1 de marzo de 2005,\u00a0 <b>Owusu vs Jackson, As. C-281\/02<\/b><a title=\"\" href=\"#_ftn6\">[6]<\/a>, en la que se deniega declinar la competencia del Juzgado a favor de los Tribunales de Jamaica, a pesar de que muchos de los elementos\u00a0 significativos de las relaciones jur\u00eddicas debatidas\u00a0 se hallaban espec\u00edficamente relacionados con el estado Jamaicano.<\/p>\n<p>&nbsp;<\/p>\n<p><b>XI.- Conclusiones. <\/b><b><\/b><\/p>\n<p>A modo de conclusi\u00f3n, podemos decir que si bien con la nueva redacci\u00f3n del art\u00edculo 31.2 el Reglamento 1215\/2012 ha introducido una eficaz herramienta de lucha contra el <i>f\u00f3rum shopping<\/i>, no es menos cierto que, en la materia que nos ha ocupado, el legislador comunitario habr\u00eda perdido una buena oportunidad para regular de forma efectiva alguna de las cuestiones que han presentado mayores dificultades pr\u00e1cticas y han suscitado mayores discusiones doctrinales, durante la vigencia del Reglamento 44\/2001 \u2013y su antecedente el Convenio de Bruselas- como pueden ser, entre otros aspectos, aquellos relativos a <b>i)<\/b> la extrema rigidez del concepto que litispendencia que el Tribunal ha forjado en sus distintas resoluciones dictadas en interpretaci\u00f3n del Reglamento, <b>ii) <\/b>la introducci\u00f3n de instituciones como el llamado <i>f\u00f3rum non conveniens,<\/i> en el texto del reglamento, y <b>iii) <\/b>solventar en mejor medida, las dificultades interpretativas que siguen manteni\u00e9ndose acerca de la relaci\u00f3n entre el arbitraje y el Reglamento, cuanto menos en lo relativo a la validez de la cl\u00e1usula compromisoria,\u00a0 al apoyo jurisdiccional al arbitraje, al reconocimiento y ejecuci\u00f3n de sentencias, entre los m\u00e1s significativos, y todo ello, en aras a superar las cr\u00edticas que suscit\u00f3 en su momento la decisi\u00f3n adoptada por la Corte de Justicia en el asunto C-185\/07 West Tankers y que hoy parece que sustancialmente pueden considerarse igualmente vigentes.<\/p>\n<p>Al hilo de lo anterior, y constatada la insuficiencia de los remedios que regula el Reglamento para luchar contra pr\u00e1cticas abusivas de f\u00f3rum shopping,\u00a0 una parte de la doctrina<a title=\"\" href=\"#_ftn7\">[7]<\/a> sostiene la conveniencia de <i>lege ferenda<\/i> de recurrir a instituciones propias del derecho sustantivo para combatir <i>ex ante<\/i>, e incluso, <i>ex post<\/i>, los efectos del <i>f\u00f3rum shopping<\/i>, recurso que se concretar\u00eda en la aplicaci\u00f3n de la teor\u00eda del abuso de derecho. En un plano dogm\u00e1tico, en el concreto caso espa\u00f1ol, como remedio <i>ex ante,<\/i> podr\u00eda acudirse al tenor del art\u00edculo 11 de la <a title=\"competencia judicial internacional\" href=\"http:\/\/noticias.juridicas.com\/base_datos\/Admin\/lo6-1985.html\" target=\"_blank\" rel=\"noopener noreferrer\">LOPJ<\/a><a title=\"\" href=\"#_ftn8\">[8]<\/a> .<\/p>\n<p>Por otra parte, tampoco podemos olvidar que el propio Reglamento contiene una norma de cierre, en sede de reconocimiento y por tanto, de materializaci\u00f3n de la tutela pretendida, como es la excepci\u00f3n de contravenci\u00f3n manifiesta del Orden P\u00fablico prevista y regulada en su art\u00edculo 45. Las dificultades de oponer dicha excepci\u00f3n a resoluciones dictadas por los Tribunales de un estado miembro, son evidentes, y su aplicaci\u00f3n radicalmente extraordinario, en la medida en que el Reglamento se basa en la rec\u00edproca confianza de los Estados miembros, descansa en el principio de libre circulaci\u00f3n de resoluciones judiciales y, no se olvide, el Tribunal que ha dictado la resoluci\u00f3n ostenta competencia en aplicaci\u00f3n de las normas del propio Reglamento. Sin embargo, y a pesar de su car\u00e1cter, repetimos, radicalmente extraordinario, tal excepci\u00f3n existe y, por ende, el legislador comunitario ha querido dar y da efectivamente un margen a los Estados miembros para impedir las actuaciones que se consideren susceptibles de suponer una vulneraci\u00f3n de su propio orden p\u00fablico, esto es, sus valores de convivencia m\u00e1s esenciales.<\/p>\n<p>En el concreto caso espa\u00f1ol, el orden p\u00fablico -en este caso, internacional- protege, entre otros aspectos, pero muy especialmente el derecho de defensa de la parte, al ser considerado este \u00faltimo como uno de los valores supremos del ordenamiento jur\u00eddico, hall\u00e1ndose reconocido este \u00faltimo a nivel constitucional \u2013norma suprema del Estado- en el art\u00edculo 24 de <a title=\"derecho de defensa\" href=\"http:\/\/noticias.juridicas.com\/base_datos\/Admin\/constitucion.html\" target=\"_blank\" rel=\"noopener noreferrer\">Constituci\u00f3n espa\u00f1ola<\/a><a title=\"\" href=\"#_ftn9\">[9]<\/a>. Por ende, y en un plano dogm\u00e1tico, y previa prueba plena no solo de la vulneraci\u00f3n del derecho defensa, sino de la efectiva indefensi\u00f3n que se hubiere podido producir como consecuencia de una actuaci\u00f3n abusiva de f\u00f3rum shopping, no resultar\u00eda descabellado invocarse \u00a0la excepci\u00f3n de contravenci\u00f3n orden p\u00fablico en aras a evitar el reconocimiento y ejecuci\u00f3n de la resoluci\u00f3n de que se trate.<\/p>\n<div>\n<p>&nbsp;<\/p>\n<hr align=\"left\" size=\"1\" \/>\n<div>\n<p><a title=\"\" href=\"#_ftnref1\">[1]<\/a> Vide P\u00e1rrafos 29\u00a0 y siguientes de la Sentencia.<\/p>\n<\/div>\n<div>\n<p><a title=\"\" href=\"#_ftnref2\">[2]<\/a> 29\u00a0\u00a0\u00a0\u00a0\u00a0\u00a0Ne consegue, anzitutto, che una anti-suit injunction, come quella di cui alla causa principale, non rispetta, come ha rilevato l\u2019avvocato generale al paragrafo 57 delle sue conclusioni, il principio generale risultante dalla giurisprudenza della Corte relativa alla Convenzione di Bruxelles, secondo cui ciascun giudice adito accerta esso stesso, in forza delle disposizioni ad esso applicabili, la propria competenza a pronunciarsi sulla controversia ad esso sottoposta (v., in tal senso, sentenza Gasser, cit., punti\u00a048 e 49). Al riguardo si deve ricordare che il regolamento n.\u00a044\/2001 non autorizza, salvo limitate eccezioni, senza pertinenza con la causa principale, il sindacato della competenza di un giudice di uno Stato membro da parte di un giudice di un altro Stato membro (sentenze 27 giugno 1991, causa C\u2011351\/89, Overseas Union Insurance e\u00a0a., Racc.\u00a0pag.\u00a03317, punto\u00a024, e Turner, cit., punto\u00a026). Tale competenza \u00e8 determinata direttamente dalle norme stabilite da detto regolamento, tra cui quelle riguardanti il suo ambito di applicazione. Un giudice di uno Stato membro non \u00e8 quindi in nessun caso pi\u00f9 qualificato a pronunciarsi sulla competenza rispetto a un giudice di un altro Stato membro (citate sentenze Overseas Union Insurance e\u00a0a., punto\u00a023, e Gasser, punto\u00a048).<\/p>\n<p>30\u00a0\u00a0\u00a0\u00a0\u00a0\u00a0Inoltre, ostacolando un giudice di un altro Stato membro nell\u2019esercizio dei poteri che il regolamento n.\u00a044\/2001 gli attribuisce, vale a dire nel decidere, in base alle norme che definiscono l\u2019ambito di applicazione per materia del regolamento n.\u00a044\/2001, tra cui il suo art.\u00a01, n.\u00a02, lett.\u00a0d), se il detto regolamento sia applicabile, una siffatta anti-suit injunction va, allo stesso tempo, in senso opposto alla fiducia che gli Stati membri accordano reciprocamente ai loro sistemi giuridici e alle loro istituzioni giudiziarie e sulla quale \u00e8 fondato il sistema di competenze del regolamento n.\u00a044\/2001 (v., in tal senso, sentenza Turner, cit., punto\u00a024).<\/p>\n<p>31\u00a0\u00a0\u00a0\u00a0\u00a0\u00a0Infine, se attraverso una anti-suit injunction fosse impedito al Tribunale di Siracusa di esaminare esso stesso la questione preliminare di validit\u00e0 o di applicabilit\u00e0 dell\u2019accordo arbitrale, una parte potrebbe sottrarsi al procedimento limitandosi ad eccepire detto accordo e il ricorrente, che considerasse quest\u2019ultimo caduco, inoperante o inapplicabile, si vedrebbe in tal modo impedire l\u2019accesso al giudice nazionale da lui adito ai sensi dell\u2019art.\u00a05, punto\u00a03, del regolamento n.\u00a044\/2001 e sarebbe pertanto privato di una forma di tutela giurisdizionale alla quale ha diritto.<\/p>\n<p>32\u00a0\u00a0\u00a0\u00a0\u00a0\u00a0Di conseguenza, una anti-suit injunction, quale quella di cui alla causa principale, \u00e8 incompatibile con il regolamento n.\u00a044\/2001.<\/p>\n<\/div>\n<div>\n<p><a title=\"\" href=\"#_ftnref3\">[3]<\/a> Este silencio y la negativa de la Jurisprudencia del Tribunal de Justicia se muestran contrario al Principio 2.4 de los PRINCIPIOS ALI\/UNIDROIT DEL PROCESO CIVIL TRANSNACIONAL cuyo tenor es el siguiente: \u201c Se puede declinar la jurisdicci\u00f3n o suspenderse el procedimiento cuando el tribunal sea manifiestamente inadecuado en comparaci\u00f3n con otro m\u00e1s apropiado para ejercerla.\u201d<\/p>\n<p>Sin perjuicio de ello, debemos se\u00f1alar que como indica el Comentario al indicado principio, el recurso a dicho principio no puede hacerse en detrimento de los derecho de defensa de una de las partes.<\/p>\n<\/div>\n<div>\n<p><a title=\"\" href=\"#_ftnref4\">[4]<\/a>\u00a0 Sentencia del Tribunal de Justicia ( Gran sala) de 10 de febrero de 2009:<\/p>\n<p>\u201c29\u00a0\u00a0\u00a0\u00a0\u00a0\u00a0Ne consegue, anzitutto, che una anti-suit injunction, come quella di cui alla causa principale, non rispetta, come ha rilevato l\u2019avvocato generale al paragrafo 57 delle sue conclusioni, il principio generale risultante dalla giurisprudenza della Corte relativa alla Convenzione di Bruxelles, secondo cui ciascun giudice adito accerta esso stesso, in forza delle disposizioni ad esso applicabili, la propria competenza a pronunciarsi sulla controversia ad esso sottoposta (v., in tal senso, sentenza Gasser, cit., punti\u00a048 e 49). Al riguardo si deve ricordare che il regolamento n.\u00a044\/2001 non autorizza, salvo limitate eccezioni, senza pertinenza con la causa principale, il sindacato della competenza di un giudice di uno Stato membro da parte di un giudice di un altro Stato membro (sentenze 27 giugno 1991, causa C\u2011351\/89, Overseas Union Insurance e\u00a0a., Racc.\u00a0pag.\u00a03317, punto\u00a024, e Turner, cit., punto\u00a026). Tale competenza \u00e8 determinata direttamente dalle norme stabilite da detto regolamento, tra cui quelle riguardanti il suo ambito di applicazione. Un giudice di uno Stato membro non \u00e8 quindi in nessun caso pi\u00f9 qualificato a pronunciarsi sulla competenza rispetto a un giudice di un altro Stato membro (citate sentenze Overseas Union Insurance e\u00a0a., punto\u00a023, e Gasser, punto\u00a048).<\/p>\n<p>30\u00a0\u00a0\u00a0\u00a0\u00a0\u00a0Inoltre, ostacolando un giudice di un altro Stato membro nell\u2019esercizio dei poteri che il regolamento n.\u00a044\/2001 gli attribuisce, vale a dire nel decidere, in base alle norme che definiscono l\u2019ambito di applicazione per materia del regolamento n.\u00a044\/2001, tra cui il suo art.\u00a01, n.\u00a02, lett.\u00a0d), se il detto regolamento sia applicabile, una siffatta anti-suit injunction va, allo stesso tempo, in senso opposto alla fiducia che gli Stati membri accordano reciprocamente ai loro sistemi giuridici e alle loro istituzioni giudiziarie e sulla quale \u00e8 fondato il sistema di competenze del regolamento n.\u00a044\/2001 (v., in tal senso, sentenza Turner, cit., punto\u00a024).<\/p>\n<p>31\u00a0\u00a0\u00a0\u00a0\u00a0\u00a0Infine, se attraverso una anti-suit injunction fosse impedito al Tribunale di Siracusa di esaminare esso stesso la questione preliminare di validit\u00e0 o di applicabilit\u00e0 dell\u2019accordo arbitrale, una parte potrebbe sottrarsi al procedimento limitandosi ad eccepire detto accordo e il ricorrente, che considerasse quest\u2019ultimo caduco, inoperante o inapplicabile, si vedrebbe in tal modo impedire l\u2019accesso al giudice nazionale da lui adito ai sensi dell\u2019art.\u00a05, punto\u00a03, del regolamento n.\u00a044\/2001 e sarebbe pertanto privato di una forma di tutela giurisdizionale alla quale ha diritto.<\/p>\n<p>32\u00a0\u00a0\u00a0\u00a0\u00a0\u00a0Di conseguenza, una anti-suit injunction, quale quella di cui alla causa principale, \u00e8 incompatibile con il regolamento n.\u00a044\/2001.\u201d.<\/p>\n<p>[5] The Doctrine of Forum Non Convenienes in Anglo-American Law Paxton Blair Columbia Law Review Vol.29, No.1 (Jan.,1929), pp.1-34. Traemos a colaci\u00f3n esta opini\u00f3n significando la fecha de su publicaci\u00f3n, lo que pone de manifiesto la tradici\u00f3n que dicha instituci\u00f3n tiene en el derecho anglosaj\u00f3n.<\/p>\n<\/div>\n<div>\n<p><a title=\"\" href=\"#_ftnref6\">[6]<\/a> Sentenza\u00a0 della Corte de 1 de marzo de 2005,\u00a0 Owusu vs Jackson, As. C-281\/02<\/p>\n<p>\u201cSulla compatibilit\u00e0 dell\u2019eccezione del forum non conveniens con la Convenzione di Bruxelles:<\/p>\n<p>37<\/p>\n<p>Deve osservarsi, anzitutto, che l\u2019art.\u00a02 della Convenzione di Bruxelles ha carattere imperativo e che, come risulta dalla sua stessa lettera, la norma di principio che esso prevede \u00e8 derogabile solo in casi espressamente previsti dalla Convenzione medesima (v., sul carattere obbligatorio del sistema di competenza attuato con la Convenzione di Bruxelles, sentenze 9 dicembre 2003, causa C-116\/02, Gasser, Racc. pag. I-14693, punto 72, e 27 aprile 2004, causa C-159\/02, Turner, Racc. pag. I-3565, punto 24). Orbene, \u00e8 pacifico che un\u2019eccezione fondata sulla teoria del forum non conveniens non \u00e8 stata prevista dagli autori della Convenzione, ancorch\u00e9 sia stata discussa la questione in sede di stesura della Convenzione 9 ottobre 1978 relativa all\u2019adesione del Regno di Danimarca, dell\u2019Irlanda e del Regno Unito, come emerge dalla relazione sulla Convenzione stessa, presentata dal sig. Schlosser (GU 1979, C\u00a059, pag. 71, punti 77 e 78).<\/p>\n<p>38<\/p>\n<p>Il rispetto del principio della certezza del diritto, che costituisce uno degli obiettivi della Convenzione di Bruxelles (v., segnatamente, sentenze 28 settembre 1999, causa C-440\/97, GIE Groupe Concorde e a., Racc. pag. I\u20116307, punto 23, e 19 febbraio 2002, causa C-256\/00, Besix, Racc. pag. I\u20111699, punto 24), non sarebbe pienamente garantito se si dovesse consentire ad un giudice competente ai sensi della detta Convenzione di applicare l\u2019eccezione del forum non conveniens.<\/p>\n<p>39<\/p>\n<p>Infatti, ai sensi del suo preambolo, la Convenzione di Bruxelles mira a potenziare nella Comunit\u00e0 la tutela giuridica delle persone residenti nel suo territorio, prevedendo norme comuni sulla competenza tali da assicurare certezza in merito alla ripartizione delle competenze tra i vari giudici nazionali che possono essere aditi in occasione di una controversia determinata (sentenza Besix, cit., punto 25).<\/p>\n<p>40<\/p>\n<p>La Corte ha cos\u00ec ritenuto che il principio della certezza del diritto richiede, in particolare, che le norme sulla competenza che derogano al principio generale enunciato nell\u2019art.\u00a02 della Convenzione di Bruxelles siano interpretate in modo da consentire ad un convenuto normalmente accorto di prevedere ragionevolmente dinanzi a quale giudice, diverso da quello dello Stato del proprio domicilio, potr\u00e0 essere citato (sentenze citate GIE Groupe Concorde e a., punto 24, e Besix, punto 26).<\/p>\n<p>41<\/p>\n<p>Orbene, l\u2019applicazione della teoria del forum non conveniens, che lascia un ampio margine di discrezionalit\u00e0 al giudice adito quanto alla questione se un foro straniero sia maggiormente idoneo a pronunciarsi sul merito di una controversia, \u00e8 tale da pregiudicare la prevedibilit\u00e0 delle norme sulla competenza previste dalla Convenzione di Bruxelles, in particolare di quella di cui all\u2019art.\u00a02 e, conseguentemente, il principio di certezza del diritto, quale fondamento della Convenzione medesima.<\/p>\n<p>42<\/p>\n<p>La tutela giuridica delle persone residenti nella Comunit\u00e0 sarebbe parimenti pregiudicata. Infatti, da una parte, il convenuto, generalmente in grado di difendersi meglio dinanzi ai giudici del proprio domicilio, non potrebbe, in circostanze come quelle della causa principale, prevedere ragionevolmente dinanzi a quale altro giudice rischierebbe di essere citato. D\u2019altra parte, nell\u2019ipotesi in cui venga sollevata un\u2019eccezione relativa all\u2019esistenza di un foro straniero pi\u00f9 idoneo a conoscere della controversia, spetta all\u2019attore dimostrare che non potrebbe ottenere giustizia dinanzi al detto foro straniero o, ove il giudice adito ritenga di accogliere l\u2019eccezione, che il foro medesimo, in definitiva, non \u00e8 competente a conoscere della controversia o che l\u2019attore, in realt\u00e0, non ha accesso ad una giustizia effettiva dinanzi ad esso, a prescindere dal costo che rappresentano la proposizione di una nuova azione dinanzi al giudice di un altro Stato e il protrarsi dei tempi del giudizio.<\/p>\n<p>43<\/p>\n<p>Inoltre, l\u2019ammissibilit\u00e0 dell\u2019eccezione del forum non conveniens nel contesto della Convenzione di Bruxelles rischierebbe di inficiare l\u2019applicazione uniforme delle norme sulla competenza in essa previste, essendo la detta eccezione riconosciuta solo in un numero limitato di Stati contraenti, mentre il fine della Convenzione di Bruxelles consiste proprio nel prevedere norme comuni, restando escluse le norme nazionali divergenti.<\/p>\n<p>44<\/p>\n<p>I convenuti principali sottolineano le conseguenze pratiche negative che discenderebbero dall\u2019obbligo che incomberebbe, nella specie, sui giudici inglesi di pronunciarsi sul merito della controversia, in particolare riguardo ai costi del giudizio, alla possibilit\u00e0 di rimborso delle spese in Inghilterra in caso di rigetto dell\u2019azione proposta, alle difficolt\u00e0 logistiche legate alla distanza geografica, alla necessit\u00e0 di valutare il merito della controversia in base a criteri vigenti in Giamaica, alla possibilit\u00e0 di ottenere in Giamaica l\u2019esecuzione di una sentenza contumaciale e all\u2019impossibilit\u00e0 di prevedere una domanda riconvenzionale nei confronti degli altri convenuti.<\/p>\n<p>45<\/p>\n<p>A tale riguardo, a prescindere dall\u2019effettivit\u00e0 di tali difficolt\u00e0, \u00e8 sufficiente osservare che siffatte considerazioni, di cui non si pu\u00f2 tener conto proprio in sede di applicazione dell\u2019eccezione del forum non conveniens, non sono tali da rimettere in questione il carattere obbligatorio della regola fondamentale sulla competenza, di cui all\u2019art.\u00a02 della Convenzione di Bruxelles, per le ragioni precedentemente chiarite.<\/p>\n<p>46<\/p>\n<p>Alla luce delle suesposte considerazioni, occorre risolvere la prima questione nel senso che la Convenzione di Bruxelles osta a che il giudice di uno Stato contraente declini la competenza conferitagli dall\u2019art.\u00a02 della Convenzione medesima sulla base del rilievo che il giudice di uno Stato non contraente costituirebbe un foro maggiormente idoneo a decidere la controversia in questione, anche se non si pone la questione della competenza del giudice di un altro Stato contraente, o tale controversia non presenta alcun altro fattore di collegamento con un altro Stato contraente.\u201d<\/p>\n<\/div>\n<div>\n<p><a title=\"\" href=\"#_ftnref7\">[7]<\/a> En este sentido puede verse en extenso el trabajo de USUNIER, Laurence: <i>Le Nouveau R\u00e8glement Bruxelles I bis<\/i>, ed. Bruylant, 2014, pagina 503 y ss, en el que exponen con detalle dicha tesis.<\/p>\n<\/div>\n<div>\n<p><a title=\"\" href=\"#_ftnref8\">[8]<\/a> Vide nota 26.<\/p>\n<\/div>\n<div>\n<p><a title=\"\" href=\"#_ftnref9\">[9]<\/a> Constituci\u00f3n de 27 de diciembre 1978.<\/p>\n<p>TITULO \u00a0I. De los derechos y deberes fundamentales<\/p>\n<p>Cap\u00edtulo II \u00a0Derechos y libertades<\/p>\n<p>Secci\u00f3n 1\u00aa. De los derechos fundamentales y de las libertades p\u00fablicas.<\/p>\n<p>Art\u00edculo 24. [Derecho a la tutela judicial efectiva]<\/p>\n<p>1. Todas las personas tienen derecho a obtener la tutela efectiva de los jueces y tribunales en el ejercicio de sus derechos e intereses leg\u00edtimos, sin que, en ning\u00fan caso, pueda producirse indefensi\u00f3n.<\/p>\n<p>2. Asimismo, todos tienen derecho al Juez ordinario predeterminado por la ley, a la defensa y a la asistencia de letrado, a ser informados de la acusaci\u00f3n formulada contra ellos, a un proceso p\u00fablico sin dilaciones indebidas y con todas las garant\u00edas, a utilizar los medios de prueba pertinentes para su defensa, a no declarar contra s\u00ed mismo, a no confesarse culpables y a la presunci\u00f3n de inocencia.<\/p>\n<p>La ley regular\u00e1 los casos en que, por raz\u00f3n de parentesco o de secreto profesional, no se estar\u00e1 obligado a declarar sobre hechos presuntamente delictivos.<\/p>\n<p>&nbsp;<\/p>\n<p>&nbsp;<\/p>\n<p>&nbsp;<\/p>\n<\/div>\n<\/div>\n\r\n\t\t<style>\r\n\t\t\t.huge-it-share-buttons {\r\n\t\t\t\tborder:0px solid #0FB5D6;\r\n\t\t\t\tborder-radius:5px;\r\n\t\t\t\tbackground:#3BD8FF;\r\n\t\t\t text-align:left; \t\t\t\t\t\t\t\t\t}\r\n\r\n\t\t\t#huge-it-share-buttons-top {margin-bottom:0px;}\r\n\t\t\t#huge-it-share-buttons-bottom {margin-top:0px;}\r\n\r\n\t\t\t.huge-it-share-buttons h3 {\r\n\t\t\t\tfont-size:25px ;\r\n\t\t\t\tfont-family:Arial,Helvetica Neue,Helvetica,sans-serif;\r\n\t\t\t\tcolor:#666666;\r\n\r\n\t\t\tdisplay:block;\t\t\t\tline-height:25px ;\r\n\r\n\t\t\t text-align:left; \t\t\t\t\t\t\t\t\t}\r\n\r\n\t\t\t.huge-it-share-buttons ul {\r\n\t\t\t float:left; \t\t\t\t\t\t\t\t\t}\r\n\r\n\t\t\t.huge-it-share-buttons ul li {\r\n\t\t\t\tmargin-left:3px;\r\n\t\t\t\tmargin-right:3px;\r\n\t\t\t\tpadding:0px;\r\n\t\t\t\tborder:0px ridge #E6354C;\r\n\t\t\t\tborder-radius:11px;\r\n\t\t\t\tbackground-color:#14CC9B;\r\n\t\t\t}\r\n\r\n\t\t\t.huge-it-share-buttons ul li #backforunical2023 {\r\n\t\t\t\tborder-bottom: 0;\r\n\t\t\t\tbackground-image:url('https:\/\/www.fabregat-perulles-sales.com\/actualidad\/wp-content\/plugins\/wp-share-buttons\/Front_end\/..\/images\/buttons.30.png');\r\n\t\t\t\twidth:30px;\r\n\t\t\t\theight:30px;\r\n\t\t\t}\r\n\r\n\t\t\t.front-shares-count {\r\n\t\t\t\tposition: absolute;\r\n\t\t\t\ttext-align: center;\r\n\t\t\t\tdisplay: block;\r\n\t\t\t}\r\n\r\n\t\t\t.shares_size20 .front-shares-count {\r\n\t\t\t\tfont-size: 10px;\r\n\t\t\t\ttop: 10px;\r\n\t\t\t\twidth: 20px;\r\n\t\t\t}\r\n\r\n\t\t\t.shares_size30 .front-shares-count {\r\n\t\t\t\tfont-size: 11px;\r\n\t\t\t\ttop: 15px;\r\n\t\t\t\twidth: 30px;\r\n\t\t\t}\r\n\r\n\t\t\t.shares_size40 .front-shares-count {\r\n\t\t\t\tfont-size: 12px;\r\n\t\t\t\ttop: 21px;\r\n\t\t\t\twidth: 40px;\r\n\t\t\t}\r\n\t\t<\/style>\r\n\t\t\r\n\t\t<div id=\"huge-it-share-buttons-top\" class=\"huge-it-share-buttons nobackground\">\r\n\t\t\t<h3>Share This:<\/h3>\r\n\t\t\t<ul class=\"huge-it-share-buttons-list \">\r\n\t\t\t\t\t\t\t\t\t<li class=\"nobackground \" >\r\n\r\n\t\t\t\t\t\t\t\t\t\t\t\t<a id=\"backforunical2023\" href=\"https:\/\/www.facebook.com\/sharer\/sharer.php?u=www.fabregat-perulles-sales.com\/actualidad\/wp-json\/wp\/v2\/posts\/2023\"  onclick=\"javascript:void window.open('https:\/\/www.facebook.com\/sharer\/sharer.php?u=www.fabregat-perulles-sales.com\/actualidad\/wp-json\/wp\/v2\/posts\/2023','1410949501326','width=700,height=500,toolbar=0,menubar=0,location=0,status=1,scrollbars=1,resizable=1,left=0,top=0');return false;\" style=\"background-position: -0px -120px \"><\/a>\r\n\t\t\t\t\t<\/li>\r\n\t\t\t\t\t\t\t\t\t\t<li class=\"nobackground \" >\r\n\r\n\t\t\t\t\t\t\t\t\t\t\t\t<a id=\"backforunical2023\" href=\"https:\/\/twitter.com\/share?status=www.fabregat-perulles-sales.com\/actualidad\/wp-json\/wp\/v2\/posts\/2023&text=F\u00f3rum shopping en la UE, entre F\u00f3rum y Ius (VII)\"  onclick=\"javascript:void window.open('https:\/\/twitter.com\/share?status=www.fabregat-perulles-sales.com\/actualidad\/wp-json\/wp\/v2\/posts\/2023&text=F\u00f3rum shopping en la UE, entre F\u00f3rum y Ius (VII)','1410949501326','width=700,height=500,toolbar=0,menubar=0,location=0,status=1,scrollbars=1,resizable=1,left=0,top=0');return false;\" style=\"background-position: -30px -120px \"><\/a>\r\n\t\t\t\t\t<\/li>\r\n\t\t\t\t\t\t\t\t\t\t<li class=\"none nobackground \" >\r\n\r\n\t\t\t\t\t\t\t\t\t\t\t\t<a id=\"backforunical2023\" href=\"http:\/\/www.pinterest.com\/pin\/create\/button\/?url=www.fabregat-perulles-sales.com\/actualidad\/wp-json\/wp\/v2\/posts\/2023&media=https:\/\/www.fabregat-perulles-sales.com\/actualidad\/wp-content\/plugins\/wp-share-buttons\/Front_end\/..\/images\/noimage.png&description=F\u00f3rum shopping en la UE, entre F\u00f3rum y Ius (VII)\"  onclick=\"javascript:void window.open('http:\/\/www.pinterest.com\/pin\/create\/button\/?url=www.fabregat-perulles-sales.com\/actualidad\/wp-json\/wp\/v2\/posts\/2023&media=https:\/\/www.fabregat-perulles-sales.com\/actualidad\/wp-content\/plugins\/wp-share-buttons\/Front_end\/..\/images\/noimage.png&description=F\u00f3rum shopping en la UE, entre F\u00f3rum y Ius (VII)','1410949501326','width=700,height=500,toolbar=0,menubar=0,location=0,status=1,scrollbars=1,resizable=1,left=0,top=0');return false;\" style=\"background-position: -60px -120px \"><\/a>\r\n\t\t\t\t\t<\/li>\r\n\t\t\t\t\t\t\t\t\t\t<li class=\"none nobackground \" >\r\n\r\n\t\t\t\t\t\t\t\t\t\t\t\t<a id=\"backforunical2023\" href=\"https:\/\/plus.google.com\/share?url=www.fabregat-perulles-sales.com\/actualidad\/wp-json\/wp\/v2\/posts\/2023\"  onclick=\"javascript:void window.open('https:\/\/plus.google.com\/share?url=www.fabregat-perulles-sales.com\/actualidad\/wp-json\/wp\/v2\/posts\/2023','1410949501326','width=700,height=500,toolbar=0,menubar=0,location=0,status=1,scrollbars=1,resizable=1,left=0,top=0');return false;\" style=\"background-position: -90px -120px \"><\/a>\r\n\t\t\t\t\t<\/li>\r\n\t\t\t\t\t\t\t\t\t\t<li class=\"nobackground \" >\r\n\r\n\t\t\t\t\t\t\t\t\t\t\t\t<a id=\"backforunical2023\" href=\"https:\/\/www.linkedin.com\/shareArticle?title=F\u00f3rum shopping en la UE, entre F\u00f3rum y Ius (VII)&mini=true&url=https:\/\/www.fabregat-perulles-sales.com\/actualidad\/wp-json\/wp\/v2\/posts\/2023\"  onclick=\"javascript:void window.open('https:\/\/www.linkedin.com\/shareArticle?title=F\u00f3rum shopping en la UE, entre F\u00f3rum y Ius (VII)&mini=true&url=https:\/\/www.fabregat-perulles-sales.com\/actualidad\/wp-json\/wp\/v2\/posts\/2023','1410949501326','width=700,height=500,toolbar=0,menubar=0,location=0,status=1,scrollbars=1,resizable=1,left=0,top=0');return false;\" style=\"background-position: -120px -120px \"><\/a>\r\n\t\t\t\t\t<\/li>\r\n\t\t\t\t\t\t\t\t\t\t<li class=\"none nobackground \" >\r\n\r\n\t\t\t\t\t\t\t\t\t\t\t\t<a id=\"backforunical2023\" href=\"https:\/\/www.tumblr.com\/share\/link?url=www.fabregat-perulles-sales.com\/actualidad\/wp-json\/wp\/v2\/posts\/2023&name=F\u00f3rum shopping en la UE, entre F\u00f3rum y Ius (VII)\"  onclick=\"javascript:void window.open('https:\/\/www.tumblr.com\/share\/link?url=www.fabregat-perulles-sales.com\/actualidad\/wp-json\/wp\/v2\/posts\/2023&name=F\u00f3rum shopping en la UE, entre F\u00f3rum y Ius (VII)','1410949501326','width=700,height=500,toolbar=0,menubar=0,location=0,status=1,scrollbars=1,resizable=1,left=0,top=0');return false;\" style=\"background-position: -150px -120px \"><\/a>\r\n\t\t\t\t\t<\/li>\r\n\t\t\t\t\t\t\t\t\t\t<li class=\"none nobackground \" >\r\n\r\n\t\t\t\t\t\t\t\t\t\t\t\t<a id=\"backforunical2023\" href=\"http:\/\/digg.com\/submit?phase=2&url=www.fabregat-perulles-sales.com\/actualidad\/wp-json\/wp\/v2\/posts\/2023&title=F\u00f3rum shopping en la UE, entre F\u00f3rum y Ius (VII)\"  onclick=\"javascript:void window.open('http:\/\/digg.com\/submit?phase=2&url=www.fabregat-perulles-sales.com\/actualidad\/wp-json\/wp\/v2\/posts\/2023&title=F\u00f3rum shopping en la UE, entre F\u00f3rum y Ius (VII)','1410949501326','width=700,height=500,toolbar=0,menubar=0,location=0,status=1,scrollbars=1,resizable=1,left=0,top=0');return false;\" style=\"background-position: -180px -120px \"><\/a>\r\n\t\t\t\t\t<\/li>\r\n\t\t\t\t\t\t\t\t\t\t<li class=\"none nobackground \" >\r\n\r\n\t\t\t\t\t\t\t\t\t\t\t\t<a id=\"backforunical2023\" href=\"http:\/\/www.stumbleupon.com\/submit?url=www.fabregat-perulles-sales.com\/actualidad\/wp-json\/wp\/v2\/posts\/2023&title=F\u00f3rum shopping en la UE, entre F\u00f3rum y Ius (VII)\"  onclick=\"javascript:void window.open('http:\/\/www.stumbleupon.com\/submit?url=www.fabregat-perulles-sales.com\/actualidad\/wp-json\/wp\/v2\/posts\/2023&title=F\u00f3rum shopping en la UE, entre F\u00f3rum y Ius (VII)','1410949501326','width=700,height=500,toolbar=0,menubar=0,location=0,status=1,scrollbars=1,resizable=1,left=0,top=0');return false;\" style=\"background-position: -210px -120px \"><\/a>\r\n\t\t\t\t\t<\/li>\r\n\t\t\t\t\t\t\t\t\t\t<li class=\"none nobackground \" >\r\n\r\n\t\t\t\t\t\t\t\t\t\t\t\t<a id=\"backforunical2023\" href=\"https:\/\/myspace.com\/post?l=3&u=www.fabregat-perulles-sales.com\/actualidad\/wp-json\/wp\/v2\/posts\/2023\"  onclick=\"javascript:void window.open('https:\/\/myspace.com\/post?l=3&u=www.fabregat-perulles-sales.com\/actualidad\/wp-json\/wp\/v2\/posts\/2023','1410949501326','width=700,height=500,toolbar=0,menubar=0,location=0,status=1,scrollbars=1,resizable=1,left=0,top=0');return false;\" style=\"background-position: -240px -120px \"><\/a>\r\n\t\t\t\t\t<\/li>\r\n\t\t\t\t\t\t\t\t\t\t<li class=\"nobackground \" >\r\n\r\n\t\t\t\t\t\t\t\t\t\t\t\t<a id=\"backforunical2023\" href=\"http:\/\/vk.com\/share.php?url=www.fabregat-perulles-sales.com\/actualidad\/wp-json\/wp\/v2\/posts\/2023&title=F\u00f3rum shopping en la UE, entre F\u00f3rum y Ius (VII)\"  onclick=\"javascript:void window.open('http:\/\/vk.com\/share.php?url=www.fabregat-perulles-sales.com\/actualidad\/wp-json\/wp\/v2\/posts\/2023&title=F\u00f3rum shopping en la UE, entre F\u00f3rum y Ius (VII)','1410949501326','width=700,height=500,toolbar=0,menubar=0,location=0,status=1,scrollbars=1,resizable=1,left=0,top=0');return false;\" style=\"background-position: -270px -120px \"><\/a>\r\n\t\t\t\t\t<\/li>\r\n\t\t\t\t\t\t\t\t\t\t<li class=\"none nobackground \" >\r\n\r\n\t\t\t\t\t\t\t\t\t\t\t\t<a id=\"backforunical2023\" href=\"http:\/\/www.reddit.com\/submit?url=www.fabregat-perulles-sales.com\/actualidad\/wp-json\/wp\/v2\/posts\/2023&title=F\u00f3rum shopping en la UE, entre F\u00f3rum y Ius (VII)\"  onclick=\"javascript:void window.open('http:\/\/www.reddit.com\/submit?url=www.fabregat-perulles-sales.com\/actualidad\/wp-json\/wp\/v2\/posts\/2023&title=F\u00f3rum shopping en la UE, entre F\u00f3rum y Ius (VII)','1410949501326','width=700,height=500,toolbar=0,menubar=0,location=0,status=1,scrollbars=1,resizable=1,left=0,top=0');return false;\" style=\"background-position: -300px -120px \"><\/a>\r\n\t\t\t\t\t<\/li>\r\n\t\t\t\t\t\t\t\t\t\t<li class=\"none nobackground \" >\r\n\r\n\t\t\t\t\t\t\t\t\t\t\t\t<a id=\"backforunical2023\" href=\"http:\/\/www.bebo.com\/c\/share?Url=www.fabregat-perulles-sales.com\/actualidad\/wp-json\/wp\/v2\/posts\/2023\"  onclick=\"javascript:void window.open('http:\/\/www.bebo.com\/c\/share?Url=www.fabregat-perulles-sales.com\/actualidad\/wp-json\/wp\/v2\/posts\/2023','1410949501326','width=700,height=500,toolbar=0,menubar=0,location=0,status=1,scrollbars=1,resizable=1,left=0,top=0');return false;\" style=\"background-position: -330px -120px \"><\/a>\r\n\t\t\t\t\t<\/li>\r\n\t\t\t\t\t\t\t\t\t\t<li class=\"none nobackground \" >\r\n\r\n\t\t\t\t\t\t\t\t\t\t\t\t<a id=\"backforunical2023\" href=\"https:\/\/delicious.com\/save?v=5&noui&jump=close&url=www.fabregat-perulles-sales.com\/actualidad\/wp-json\/wp\/v2\/posts\/2023&title=F\u00f3rum shopping en la UE, entre F\u00f3rum y Ius (VII)\"  onclick=\"javascript:void window.open('https:\/\/delicious.com\/save?v=5&noui&jump=close&url=www.fabregat-perulles-sales.com\/actualidad\/wp-json\/wp\/v2\/posts\/2023&title=F\u00f3rum shopping en la UE, entre F\u00f3rum y Ius (VII)','1410949501326','width=700,height=500,toolbar=0,menubar=0,location=0,status=1,scrollbars=1,resizable=1,left=0,top=0');return false;\" style=\"background-position: -360px -120px \"><\/a>\r\n\t\t\t\t\t<\/li>\r\n\t\t\t\t\t\t\t\t\t\t<li class=\"none nobackground \" >\r\n\r\n\t\t\t\t\t\t\t\t\t\t\t\t<a id=\"backforunical2023\" href=\"http:\/\/www.odnoklassniki.ru\/dk?st.cmd=addShare&st.s=2&st.noresize=on&st._surl=www.fabregat-perulles-sales.com\/actualidad\/wp-json\/wp\/v2\/posts\/2023\"  onclick=\"javascript:void window.open('http:\/\/www.odnoklassniki.ru\/dk?st.cmd=addShare&st.s=2&st.noresize=on&st._surl=www.fabregat-perulles-sales.com\/actualidad\/wp-json\/wp\/v2\/posts\/2023','1410949501326','width=700,height=500,toolbar=0,menubar=0,location=0,status=1,scrollbars=1,resizable=1,left=0,top=0');return false;\" style=\"background-position: -390px -120px \"><\/a>\r\n\t\t\t\t\t<\/li>\r\n\t\t\t\t\t\t\t\t\t\t<li class=\"none nobackground \" >\r\n\r\n\t\t\t\t\t\t\t\t\t\t\t\t<a id=\"backforunical2023\" href=\"http:\/\/sns.qzone.qq.com\/cgi-bin\/qzshare\/cgi_qzshare_onekey?url=www.fabregat-perulles-sales.com\/actualidad\/wp-json\/wp\/v2\/posts\/2023&title=F\u00f3rum shopping en la UE, entre F\u00f3rum y Ius (VII)\"  onclick=\"javascript:void window.open('http:\/\/sns.qzone.qq.com\/cgi-bin\/qzshare\/cgi_qzshare_onekey?url=www.fabregat-perulles-sales.com\/actualidad\/wp-json\/wp\/v2\/posts\/2023&title=F\u00f3rum shopping en la UE, entre F\u00f3rum y Ius (VII)','1410949501326','width=700,height=500,toolbar=0,menubar=0,location=0,status=1,scrollbars=1,resizable=1,left=0,top=0');return false;\" style=\"background-position: -420px -120px \"><\/a>\r\n\t\t\t\t\t<\/li>\r\n\t\t\t\t\t\t\t\t\t\t<li class=\"none nobackground \" >\r\n\r\n\t\t\t\t\t\t\t\t\t\t\t\t<a id=\"backforunical2023\" href=\"http:\/\/service.weibo.com\/share\/share.php?url=www.fabregat-perulles-sales.com\/actualidad\/wp-json\/wp\/v2\/posts\/2023&appkey=&title=F\u00f3rum shopping en la UE, entre F\u00f3rum y Ius (VII)&pic=&ralateUid=&\"  onclick=\"javascript:void window.open('http:\/\/service.weibo.com\/share\/share.php?url=www.fabregat-perulles-sales.com\/actualidad\/wp-json\/wp\/v2\/posts\/2023&appkey=&title=F\u00f3rum shopping en la UE, entre F\u00f3rum y Ius (VII)&pic=&ralateUid=&','1410949501326','width=700,height=500,toolbar=0,menubar=0,location=0,status=1,scrollbars=1,resizable=1,left=0,top=0');return false;\" style=\"background-position: -450px -120px \"><\/a>\r\n\t\t\t\t\t<\/li>\r\n\t\t\t\t\t\t\t\t\t\t<li class=\"none nobackground \" >\r\n\r\n\t\t\t\t\t\t\t\t\t\t\t\t<a id=\"backforunical2023\" href=\"http:\/\/widget.renren.com\/dialog\/share?resourceUrl=www.fabregat-perulles-sales.com\/actualidad\/wp-json\/wp\/v2\/posts\/2023&srcUrl=www.fabregat-perulles-sales.com\/actualidad\/wp-json\/wp\/v2\/posts\/2023&title=F\u00f3rum shopping en la UE, entre F\u00f3rum y Ius (VII)\"  onclick=\"javascript:void window.open('http:\/\/widget.renren.com\/dialog\/share?resourceUrl=www.fabregat-perulles-sales.com\/actualidad\/wp-json\/wp\/v2\/posts\/2023&srcUrl=www.fabregat-perulles-sales.com\/actualidad\/wp-json\/wp\/v2\/posts\/2023&title=F\u00f3rum shopping en la UE, entre F\u00f3rum y Ius (VII)','1410949501326','width=700,height=500,toolbar=0,menubar=0,location=0,status=1,scrollbars=1,resizable=1,left=0,top=0');return false;\" style=\"background-position: -480px -120px \"><\/a>\r\n\t\t\t\t\t<\/li>\r\n\t\t\t\t\t\t\t\t\t\t<li class=\"none nobackground \" >\r\n\r\n\t\t\t\t\t\t\t\t\t\t\t\t<a id=\"backforunical2023\" href=\"http:\/\/n4g.com\/tips?url=www.fabregat-perulles-sales.com\/actualidad\/wp-json\/wp\/v2\/posts\/2023&title=F\u00f3rum shopping en la UE, entre F\u00f3rum y Ius (VII)\"  onclick=\"javascript:void window.open('http:\/\/n4g.com\/tips?url=www.fabregat-perulles-sales.com\/actualidad\/wp-json\/wp\/v2\/posts\/2023&title=F\u00f3rum shopping en la UE, entre F\u00f3rum y Ius (VII)','1410949501326','width=700,height=500,toolbar=0,menubar=0,location=0,status=1,scrollbars=1,resizable=1,left=0,top=0');return false;\" style=\"background-position: -510px -120px \"><\/a>\r\n\t\t\t\t\t<\/li>\r\n\t\t\t\t\t\t\t\t<\/ul>\r\n\t\t\t<div class=\"clear\"><\/div>\r\n\t\t<\/div>\r\n\t\t","protected":false},"excerpt":{"rendered":"<p>X. 4.- Posici\u00f3n del Tribunal de Justicia de la Uni\u00f3n Europea ante maniobras de f\u00f3rum Shopping. Interpretaci\u00f3n estricta del concepto de litispendencia comunitaria. Sin perjuicio de la innovaci\u00f3n y de la eficacia que puedan desplegar el nuevo texto del Reglamento 1215\/ 2012 as\u00ed como en especial, su art\u00edculo 31.2, \u00a0es lo cierto que la Jurisprudencia\u2026 <span class=\"read-more\"><a href=\"https:\/\/www.fabregat-perulles-sales.com\/actualidad\/forum-shopping-en-la-ue-entre-forum-y-ius-vii\/\">Read More &raquo;<\/a><\/span><\/p>\n","protected":false},"author":3,"featured_media":0,"comment_status":"open","ping_status":"closed","sticky":false,"template":"","format":"standard","meta":[],"categories":[466,279,457,248,26],"tags":[595,607,606,605],"yoast_head":"<!-- This site is optimized with the Yoast SEO plugin v20.2.1 - https:\/\/yoast.com\/wordpress\/plugins\/seo\/ -->\n<title>El F\u00f3rum Shopping en la UE. Jurisprudencia. Abogados. Espa\u00f1ol<\/title>\n<meta name=\"description\" content=\"La Jurisprudencia del Tribunal de la Uni\u00f3n Europea se mostrado reticente a remediar situaciones de f\u00f3rum Shopping que fueren reflejo de actuaciones de abuso.\" \/>\n<meta name=\"robots\" content=\"index, follow, max-snippet:-1, max-image-preview:large, max-video-preview:-1\" \/>\n<link rel=\"canonical\" href=\"https:\/\/www.fabregat-perulles-sales.com\/actualidad\/forum-shopping-en-la-ue-entre-forum-y-ius-vii\/\" \/>\n<meta property=\"og:locale\" content=\"en_US\" \/>\n<meta property=\"og:type\" content=\"article\" \/>\n<meta property=\"og:title\" content=\"El F\u00f3rum Shopping en la UE. Jurisprudencia. Abogados. Espa\u00f1ol\" \/>\n<meta property=\"og:description\" content=\"La Jurisprudencia del Tribunal de la Uni\u00f3n Europea se mostrado reticente a remediar situaciones de f\u00f3rum Shopping que fueren reflejo de actuaciones de abuso.\" \/>\n<meta property=\"og:url\" content=\"https:\/\/www.fabregat-perulles-sales.com\/actualidad\/forum-shopping-en-la-ue-entre-forum-y-ius-vii\/\" \/>\n<meta property=\"og:site_name\" content=\"International Lawyers\" \/>\n<meta property=\"article:published_time\" content=\"2015-10-23T14:04:16+00:00\" \/>\n<meta property=\"article:modified_time\" content=\"2017-05-23T12:59:34+00:00\" \/>\n<meta name=\"author\" content=\"Victor\" \/>\n<meta name=\"twitter:card\" content=\"summary_large_image\" \/>\n<meta name=\"twitter:label1\" content=\"Written by\" \/>\n\t<meta name=\"twitter:data1\" content=\"Victor\" \/>\n\t<meta name=\"twitter:label2\" content=\"Est. reading time\" \/>\n\t<meta name=\"twitter:data2\" content=\"20 minutes\" \/>\n<script type=\"application\/ld+json\" class=\"yoast-schema-graph\">{\"@context\":\"https:\/\/schema.org\",\"@graph\":[{\"@type\":\"WebPage\",\"@id\":\"https:\/\/www.fabregat-perulles-sales.com\/actualidad\/forum-shopping-en-la-ue-entre-forum-y-ius-vii\/\",\"url\":\"https:\/\/www.fabregat-perulles-sales.com\/actualidad\/forum-shopping-en-la-ue-entre-forum-y-ius-vii\/\",\"name\":\"El F\u00f3rum Shopping en la UE. Jurisprudencia. Abogados. Espa\u00f1ol\",\"isPartOf\":{\"@id\":\"https:\/\/www.fabregat-perulles-sales.com\/actualidad\/#website\"},\"datePublished\":\"2015-10-23T14:04:16+00:00\",\"dateModified\":\"2017-05-23T12:59:34+00:00\",\"author\":{\"@id\":\"https:\/\/www.fabregat-perulles-sales.com\/actualidad\/#\/schema\/person\/cabc1d68c7778f01d5e069c2d98442e3\"},\"description\":\"La Jurisprudencia del Tribunal de la Uni\u00f3n Europea se mostrado reticente a remediar situaciones de f\u00f3rum Shopping que fueren reflejo de actuaciones de abuso.\",\"breadcrumb\":{\"@id\":\"https:\/\/www.fabregat-perulles-sales.com\/actualidad\/forum-shopping-en-la-ue-entre-forum-y-ius-vii\/#breadcrumb\"},\"inLanguage\":\"en-US\",\"potentialAction\":[{\"@type\":\"ReadAction\",\"target\":[\"https:\/\/www.fabregat-perulles-sales.com\/actualidad\/forum-shopping-en-la-ue-entre-forum-y-ius-vii\/\"]}]},{\"@type\":\"BreadcrumbList\",\"@id\":\"https:\/\/www.fabregat-perulles-sales.com\/actualidad\/forum-shopping-en-la-ue-entre-forum-y-ius-vii\/#breadcrumb\",\"itemListElement\":[{\"@type\":\"ListItem\",\"position\":1,\"name\":\"Home\",\"item\":\"https:\/\/www.fabregat-perulles-sales.com\/actualidad\/\"},{\"@type\":\"ListItem\",\"position\":2,\"name\":\"F\u00f3rum shopping en la UE, entre F\u00f3rum y Ius (VII)\"}]},{\"@type\":\"WebSite\",\"@id\":\"https:\/\/www.fabregat-perulles-sales.com\/actualidad\/#website\",\"url\":\"https:\/\/www.fabregat-perulles-sales.com\/actualidad\/\",\"name\":\"www.fabregat-perulles-sales.com\",\"description\":\"Fabregat Perulles Sales Abogados is a law firm of reference international market in the Spanish-German, Spanish-French, and Spanish-Italian. Is one of the first firms in Barcelona offering a Russian Desk.\",\"potentialAction\":[{\"@type\":\"SearchAction\",\"target\":{\"@type\":\"EntryPoint\",\"urlTemplate\":\"https:\/\/www.fabregat-perulles-sales.com\/actualidad\/?s={search_term_string}\"},\"query-input\":\"required name=search_term_string\"}],\"inLanguage\":\"en-US\"},{\"@type\":\"Person\",\"@id\":\"https:\/\/www.fabregat-perulles-sales.com\/actualidad\/#\/schema\/person\/cabc1d68c7778f01d5e069c2d98442e3\",\"name\":\"Victor\",\"image\":{\"@type\":\"ImageObject\",\"inLanguage\":\"en-US\",\"@id\":\"https:\/\/www.fabregat-perulles-sales.com\/actualidad\/#\/schema\/person\/image\/\",\"url\":\"https:\/\/secure.gravatar.com\/avatar\/756cb666a964d2960ffe307b8a53b271?s=96&d=mm&r=g\",\"contentUrl\":\"https:\/\/secure.gravatar.com\/avatar\/756cb666a964d2960ffe307b8a53b271?s=96&d=mm&r=g\",\"caption\":\"Victor\"},\"sameAs\":[\"http:\/\/www.fabregat-perulles-sales.com\"],\"url\":\"https:\/\/www.fabregat-perulles-sales.com\/actualidad\/author\/victor\/\"}]}<\/script>\n<!-- \/ Yoast SEO plugin. -->","yoast_head_json":{"title":"El F\u00f3rum Shopping en la UE. Jurisprudencia. Abogados. Espa\u00f1ol","description":"La Jurisprudencia del Tribunal de la Uni\u00f3n Europea se mostrado reticente a remediar situaciones de f\u00f3rum Shopping que fueren reflejo de actuaciones de abuso.","robots":{"index":"index","follow":"follow","max-snippet":"max-snippet:-1","max-image-preview":"max-image-preview:large","max-video-preview":"max-video-preview:-1"},"canonical":"https:\/\/www.fabregat-perulles-sales.com\/actualidad\/forum-shopping-en-la-ue-entre-forum-y-ius-vii\/","og_locale":"en_US","og_type":"article","og_title":"El F\u00f3rum Shopping en la UE. Jurisprudencia. Abogados. Espa\u00f1ol","og_description":"La Jurisprudencia del Tribunal de la Uni\u00f3n Europea se mostrado reticente a remediar situaciones de f\u00f3rum Shopping que fueren reflejo de actuaciones de abuso.","og_url":"https:\/\/www.fabregat-perulles-sales.com\/actualidad\/forum-shopping-en-la-ue-entre-forum-y-ius-vii\/","og_site_name":"International Lawyers","article_published_time":"2015-10-23T14:04:16+00:00","article_modified_time":"2017-05-23T12:59:34+00:00","author":"Victor","twitter_card":"summary_large_image","twitter_misc":{"Written by":"Victor","Est. reading time":"20 minutes"},"schema":{"@context":"https:\/\/schema.org","@graph":[{"@type":"WebPage","@id":"https:\/\/www.fabregat-perulles-sales.com\/actualidad\/forum-shopping-en-la-ue-entre-forum-y-ius-vii\/","url":"https:\/\/www.fabregat-perulles-sales.com\/actualidad\/forum-shopping-en-la-ue-entre-forum-y-ius-vii\/","name":"El F\u00f3rum Shopping en la UE. Jurisprudencia. Abogados. Espa\u00f1ol","isPartOf":{"@id":"https:\/\/www.fabregat-perulles-sales.com\/actualidad\/#website"},"datePublished":"2015-10-23T14:04:16+00:00","dateModified":"2017-05-23T12:59:34+00:00","author":{"@id":"https:\/\/www.fabregat-perulles-sales.com\/actualidad\/#\/schema\/person\/cabc1d68c7778f01d5e069c2d98442e3"},"description":"La Jurisprudencia del Tribunal de la Uni\u00f3n Europea se mostrado reticente a remediar situaciones de f\u00f3rum Shopping que fueren reflejo de actuaciones de abuso.","breadcrumb":{"@id":"https:\/\/www.fabregat-perulles-sales.com\/actualidad\/forum-shopping-en-la-ue-entre-forum-y-ius-vii\/#breadcrumb"},"inLanguage":"en-US","potentialAction":[{"@type":"ReadAction","target":["https:\/\/www.fabregat-perulles-sales.com\/actualidad\/forum-shopping-en-la-ue-entre-forum-y-ius-vii\/"]}]},{"@type":"BreadcrumbList","@id":"https:\/\/www.fabregat-perulles-sales.com\/actualidad\/forum-shopping-en-la-ue-entre-forum-y-ius-vii\/#breadcrumb","itemListElement":[{"@type":"ListItem","position":1,"name":"Home","item":"https:\/\/www.fabregat-perulles-sales.com\/actualidad\/"},{"@type":"ListItem","position":2,"name":"F\u00f3rum shopping en la UE, entre F\u00f3rum y Ius (VII)"}]},{"@type":"WebSite","@id":"https:\/\/www.fabregat-perulles-sales.com\/actualidad\/#website","url":"https:\/\/www.fabregat-perulles-sales.com\/actualidad\/","name":"www.fabregat-perulles-sales.com","description":"Fabregat Perulles Sales Abogados is a law firm of reference international market in the Spanish-German, Spanish-French, and Spanish-Italian. Is one of the first firms in Barcelona offering a Russian Desk.","potentialAction":[{"@type":"SearchAction","target":{"@type":"EntryPoint","urlTemplate":"https:\/\/www.fabregat-perulles-sales.com\/actualidad\/?s={search_term_string}"},"query-input":"required name=search_term_string"}],"inLanguage":"en-US"},{"@type":"Person","@id":"https:\/\/www.fabregat-perulles-sales.com\/actualidad\/#\/schema\/person\/cabc1d68c7778f01d5e069c2d98442e3","name":"Victor","image":{"@type":"ImageObject","inLanguage":"en-US","@id":"https:\/\/www.fabregat-perulles-sales.com\/actualidad\/#\/schema\/person\/image\/","url":"https:\/\/secure.gravatar.com\/avatar\/756cb666a964d2960ffe307b8a53b271?s=96&d=mm&r=g","contentUrl":"https:\/\/secure.gravatar.com\/avatar\/756cb666a964d2960ffe307b8a53b271?s=96&d=mm&r=g","caption":"Victor"},"sameAs":["http:\/\/www.fabregat-perulles-sales.com"],"url":"https:\/\/www.fabregat-perulles-sales.com\/actualidad\/author\/victor\/"}]}},"amp_enabled":true,"_links":{"self":[{"href":"https:\/\/www.fabregat-perulles-sales.com\/actualidad\/wp-json\/wp\/v2\/posts\/2023"}],"collection":[{"href":"https:\/\/www.fabregat-perulles-sales.com\/actualidad\/wp-json\/wp\/v2\/posts"}],"about":[{"href":"https:\/\/www.fabregat-perulles-sales.com\/actualidad\/wp-json\/wp\/v2\/types\/post"}],"author":[{"embeddable":true,"href":"https:\/\/www.fabregat-perulles-sales.com\/actualidad\/wp-json\/wp\/v2\/users\/3"}],"replies":[{"embeddable":true,"href":"https:\/\/www.fabregat-perulles-sales.com\/actualidad\/wp-json\/wp\/v2\/comments?post=2023"}],"version-history":[{"count":3,"href":"https:\/\/www.fabregat-perulles-sales.com\/actualidad\/wp-json\/wp\/v2\/posts\/2023\/revisions"}],"predecessor-version":[{"id":2729,"href":"https:\/\/www.fabregat-perulles-sales.com\/actualidad\/wp-json\/wp\/v2\/posts\/2023\/revisions\/2729"}],"wp:attachment":[{"href":"https:\/\/www.fabregat-perulles-sales.com\/actualidad\/wp-json\/wp\/v2\/media?parent=2023"}],"wp:term":[{"taxonomy":"category","embeddable":true,"href":"https:\/\/www.fabregat-perulles-sales.com\/actualidad\/wp-json\/wp\/v2\/categories?post=2023"},{"taxonomy":"post_tag","embeddable":true,"href":"https:\/\/www.fabregat-perulles-sales.com\/actualidad\/wp-json\/wp\/v2\/tags?post=2023"}],"curies":[{"name":"wp","href":"https:\/\/api.w.org\/{rel}","templated":true}]}}