{"id":1891,"date":"2015-08-27T11:37:20","date_gmt":"2015-08-27T10:37:20","guid":{"rendered":"http:\/\/www.fabregat-perulles-sales.com\/actualidad\/?p=1891"},"modified":"2015-08-27T11:37:20","modified_gmt":"2015-08-27T10:37:20","slug":"ley-102015-de-26-de-mayo-para-la-salvaguardia-del-patrimonio-cultural-inmaterial","status":"publish","type":"post","link":"https:\/\/www.fabregat-perulles-sales.com\/actualidad\/ley-102015-de-26-de-mayo-para-la-salvaguardia-del-patrimonio-cultural-inmaterial\/","title":{"rendered":"Ley 10\/2015, de 26 de mayo, para la salvaguardia del Patrimonio Cultural Inmaterial"},"content":{"rendered":"<p>La <a href=\"http:\/\/noticias.juridicas.com\/base_datos\/Admin\/553587-l-10-2015-de-26-may-salvaguardia-del-patrimonio-cultural-inmaterial.html\">Ley 10\/2015, para la salvaguardia del Patrimonio Cultural Inmaterial<\/a>, publicada en el BOE el 26 de mayo de 2015, regula la <b><span style=\"text-decoration: underline;\">acci\u00f3n general de salvaguardia que deben ejercer los poderes p\u00fablicos sobre los bienes que integran el patrimonio cultural inmaterial, en sus respectivos \u00e1mbitos de competencias<\/span><\/b>.<\/p>\n<p>La Constituci\u00f3n Espa\u00f1ola de 1978 ya ofreci\u00f3 por primera vez un marco conceptual claramente abierto al patrimonio inmaterial y, posteriormente la Ley 16\/1985, de 25 de junio, del Patrimonio Hist\u00f3rico Espa\u00f1ol, comenz\u00f3 a considerar expl\u00edcitamente los valores inmateriales anunciados en la Constituci\u00f3n, sobretodo en el seno del patrimonio etnogr\u00e1fico.<\/p>\n<p>Sin embargo, el punto culminante del proceso del patrimonio inmaterial se sit\u00faa en el Derecho Internacional, en concreto en la acci\u00f3n de la UNESCO, cuyo hito mayor es la Convenci\u00f3n para la Salvaguardia del Patrimonio Cultural Inmaterial, de 2003.<\/p>\n<p><!--more--><\/p>\n<p>En este sentido, y siguiendo la doctrina del Tribunal Constitucional (STC 17\/1991), la presente ley persigue <i>\u201c<\/i><i>fijar el estatuto peculiar de los bienes culturales, que \u00abcomprende, en primer lugar, \u00ablos tratamientos generales\u00bb a los que se refiere espec\u00edficamente la citada Sentencia del Tribunal Constitucional 49\/1984 y, entre ellos, espec\u00edficamente, aquellos principios institucionales que reclaman una definici\u00f3n unitaria\u00bb (F.J. 3.\u00ba)\u201d.<\/i><i><\/i><\/p>\n<p>El patrimonio cultural inmaterial es definido como \u201c<i>los <b><span style=\"text-decoration: underline;\">usos, representaciones, expresiones, conocimientos y t\u00e9cnicas<\/span><\/b> que <b><span style=\"text-decoration: underline;\">las comunidades, los grupos y en algunos casos los individuos, reconozcan como parte integrante de su patrimonio cultural<\/span><\/b>, y en particular:<\/i><\/p>\n<p><b><i>a) <span style=\"text-decoration: underline;\">Tradiciones y expresiones orales<\/span><\/i><\/b><i>, incluidas las modalidades y particularidades ling\u00fc\u00edsticas como veh\u00edculo del patrimonio cultural inmaterial; as\u00ed como la toponimia tradicional como instrumento para la concreci\u00f3n de la denominaci\u00f3n geogr\u00e1fica de los territorios;<\/i><\/p>\n<p><b><i>b) <span style=\"text-decoration: underline;\">artes del espect\u00e1culo<\/span><\/i><\/b><i>;<\/i><\/p>\n<p><b><i>c) <span style=\"text-decoration: underline;\">usos sociales, rituales y actos festivos<\/span><\/i><\/b><i>;<\/i><\/p>\n<p><b><i>d) <span style=\"text-decoration: underline;\">conocimientos y usos<\/span><\/i><\/b><i> relacionados con la <b><span style=\"text-decoration: underline;\">naturaleza y el universo<\/span><\/b>;<\/i><\/p>\n<p><b><i>e) <span style=\"text-decoration: underline;\">t\u00e9cnicas artesanales tradicionales<\/span><\/i><\/b><i>;<\/i><\/p>\n<p><b><i>f) <span style=\"text-decoration: underline;\">gastronom\u00eda, elaboraciones culinarias y alimentaci\u00f3n<\/span><\/i><\/b><i>;<\/i><\/p>\n<p><b><i>g) <span style=\"text-decoration: underline;\">aprovechamientos espec\u00edficos<\/span><\/i><\/b><i> de los paisajes naturales;<\/i><\/p>\n<p><b><i>h) <span style=\"text-decoration: underline;\">formas de socializaci\u00f3n colectiva y organizaciones<\/span><\/i><\/b><i>;<\/i><\/p>\n<p><b><i>i) <span style=\"text-decoration: underline;\">manifestaciones sonoras, m\u00fasica y danza tradicional<\/span><\/i><\/b><i>\u201d.<\/i><\/p>\n<p>Adem\u00e1s de fijar el concepto b\u00e1sico y general de patrimonio inmaterial, la nueva norma pretende determinar los principios y derechos fundamentales implicados con el patrimonio, establecer mecanismos administrativos y org\u00e1nicos generales de inserci\u00f3n del conjunto del patrimonio cultural inmaterial espa\u00f1ol, regular los instrumentos operativos de actuaci\u00f3n, y sentar las finalidades generales de los diferentes \u00e1mbitos y sectores para una mejor salvaguardia y conocimiento del patrimonio inmaterial.<\/p>\n<p>Finalmente, la Ley tambi\u00e9n introduce nuevas medidas de defensa ante la posible expoliaci\u00f3n y exportaci\u00f3n del patrimonio cultural inmaterial.<\/p>\n\r\n\t\t<style>\r\n\t\t\t.huge-it-share-buttons {\r\n\t\t\t\tborder:0px solid #0FB5D6;\r\n\t\t\t\tborder-radius:5px;\r\n\t\t\t\tbackground:#3BD8FF;\r\n\t\t\t text-align:left; \t\t\t\t\t\t\t\t\t}\r\n\r\n\t\t\t#huge-it-share-buttons-top {margin-bottom:0px;}\r\n\t\t\t#huge-it-share-buttons-bottom {margin-top:0px;}\r\n\r\n\t\t\t.huge-it-share-buttons h3 {\r\n\t\t\t\tfont-size:25px ;\r\n\t\t\t\tfont-family:Arial,Helvetica Neue,Helvetica,sans-serif;\r\n\t\t\t\tcolor:#666666;\r\n\r\n\t\t\tdisplay:block;\t\t\t\tline-height:25px ;\r\n\r\n\t\t\t text-align:left; \t\t\t\t\t\t\t\t\t}\r\n\r\n\t\t\t.huge-it-share-buttons ul {\r\n\t\t\t float:left; \t\t\t\t\t\t\t\t\t}\r\n\r\n\t\t\t.huge-it-share-buttons ul li {\r\n\t\t\t\tmargin-left:3px;\r\n\t\t\t\tmargin-right:3px;\r\n\t\t\t\tpadding:0px;\r\n\t\t\t\tborder:0px ridge #E6354C;\r\n\t\t\t\tborder-radius:11px;\r\n\t\t\t\tbackground-color:#14CC9B;\r\n\t\t\t}\r\n\r\n\t\t\t.huge-it-share-buttons ul li #backforunical1891 {\r\n\t\t\t\tborder-bottom: 0;\r\n\t\t\t\tbackground-image:url('https:\/\/www.fabregat-perulles-sales.com\/actualidad\/wp-content\/plugins\/wp-share-buttons\/Front_end\/..\/images\/buttons.30.png');\r\n\t\t\t\twidth:30px;\r\n\t\t\t\theight:30px;\r\n\t\t\t}\r\n\r\n\t\t\t.front-shares-count {\r\n\t\t\t\tposition: absolute;\r\n\t\t\t\ttext-align: center;\r\n\t\t\t\tdisplay: block;\r\n\t\t\t}\r\n\r\n\t\t\t.shares_size20 .front-shares-count {\r\n\t\t\t\tfont-size: 10px;\r\n\t\t\t\ttop: 10px;\r\n\t\t\t\twidth: 20px;\r\n\t\t\t}\r\n\r\n\t\t\t.shares_size30 .front-shares-count {\r\n\t\t\t\tfont-size: 11px;\r\n\t\t\t\ttop: 15px;\r\n\t\t\t\twidth: 30px;\r\n\t\t\t}\r\n\r\n\t\t\t.shares_size40 .front-shares-count {\r\n\t\t\t\tfont-size: 12px;\r\n\t\t\t\ttop: 21px;\r\n\t\t\t\twidth: 40px;\r\n\t\t\t}\r\n\t\t<\/style>\r\n\t\t\r\n\t\t<div id=\"huge-it-share-buttons-top\" class=\"huge-it-share-buttons nobackground\">\r\n\t\t\t<h3>Share This:<\/h3>\r\n\t\t\t<ul class=\"huge-it-share-buttons-list \">\r\n\t\t\t\t\t\t\t\t\t<li class=\"nobackground \" >\r\n\r\n\t\t\t\t\t\t\t\t\t\t\t\t<a id=\"backforunical1891\" href=\"https:\/\/www.facebook.com\/sharer\/sharer.php?u=www.fabregat-perulles-sales.com\/actualidad\/wp-json\/wp\/v2\/posts\/1891\"  onclick=\"javascript:void window.open('https:\/\/www.facebook.com\/sharer\/sharer.php?u=www.fabregat-perulles-sales.com\/actualidad\/wp-json\/wp\/v2\/posts\/1891','1410949501326','width=700,height=500,toolbar=0,menubar=0,location=0,status=1,scrollbars=1,resizable=1,left=0,top=0');return false;\" style=\"background-position: -0px -120px \"><\/a>\r\n\t\t\t\t\t<\/li>\r\n\t\t\t\t\t\t\t\t\t\t<li class=\"nobackground \" >\r\n\r\n\t\t\t\t\t\t\t\t\t\t\t\t<a id=\"backforunical1891\" href=\"https:\/\/twitter.com\/share?status=www.fabregat-perulles-sales.com\/actualidad\/wp-json\/wp\/v2\/posts\/1891&text=Ley 10\/2015, de 26 de mayo, para la salvaguardia del Patrimonio Cultural Inmaterial\"  onclick=\"javascript:void window.open('https:\/\/twitter.com\/share?status=www.fabregat-perulles-sales.com\/actualidad\/wp-json\/wp\/v2\/posts\/1891&text=Ley 10\/2015, de 26 de mayo, para la salvaguardia del Patrimonio Cultural Inmaterial','1410949501326','width=700,height=500,toolbar=0,menubar=0,location=0,status=1,scrollbars=1,resizable=1,left=0,top=0');return false;\" style=\"background-position: -30px -120px \"><\/a>\r\n\t\t\t\t\t<\/li>\r\n\t\t\t\t\t\t\t\t\t\t<li class=\"none nobackground \" >\r\n\r\n\t\t\t\t\t\t\t\t\t\t\t\t<a id=\"backforunical1891\" href=\"http:\/\/www.pinterest.com\/pin\/create\/button\/?url=www.fabregat-perulles-sales.com\/actualidad\/wp-json\/wp\/v2\/posts\/1891&media=https:\/\/www.fabregat-perulles-sales.com\/actualidad\/wp-content\/plugins\/wp-share-buttons\/Front_end\/..\/images\/noimage.png&description=Ley 10\/2015, de 26 de mayo, para la salvaguardia del Patrimonio Cultural Inmaterial\"  onclick=\"javascript:void window.open('http:\/\/www.pinterest.com\/pin\/create\/button\/?url=www.fabregat-perulles-sales.com\/actualidad\/wp-json\/wp\/v2\/posts\/1891&media=https:\/\/www.fabregat-perulles-sales.com\/actualidad\/wp-content\/plugins\/wp-share-buttons\/Front_end\/..\/images\/noimage.png&description=Ley 10\/2015, de 26 de mayo, para la salvaguardia del Patrimonio Cultural Inmaterial','1410949501326','width=700,height=500,toolbar=0,menubar=0,location=0,status=1,scrollbars=1,resizable=1,left=0,top=0');return false;\" style=\"background-position: -60px -120px \"><\/a>\r\n\t\t\t\t\t<\/li>\r\n\t\t\t\t\t\t\t\t\t\t<li class=\"none nobackground \" >\r\n\r\n\t\t\t\t\t\t\t\t\t\t\t\t<a id=\"backforunical1891\" href=\"https:\/\/plus.google.com\/share?url=www.fabregat-perulles-sales.com\/actualidad\/wp-json\/wp\/v2\/posts\/1891\"  onclick=\"javascript:void window.open('https:\/\/plus.google.com\/share?url=www.fabregat-perulles-sales.com\/actualidad\/wp-json\/wp\/v2\/posts\/1891','1410949501326','width=700,height=500,toolbar=0,menubar=0,location=0,status=1,scrollbars=1,resizable=1,left=0,top=0');return false;\" style=\"background-position: -90px -120px \"><\/a>\r\n\t\t\t\t\t<\/li>\r\n\t\t\t\t\t\t\t\t\t\t<li class=\"nobackground \" >\r\n\r\n\t\t\t\t\t\t\t\t\t\t\t\t<a id=\"backforunical1891\" href=\"https:\/\/www.linkedin.com\/shareArticle?title=Ley 10\/2015, de 26 de mayo, para la salvaguardia del Patrimonio Cultural Inmaterial&mini=true&url=https:\/\/www.fabregat-perulles-sales.com\/actualidad\/wp-json\/wp\/v2\/posts\/1891\"  onclick=\"javascript:void window.open('https:\/\/www.linkedin.com\/shareArticle?title=Ley 10\/2015, de 26 de mayo, para la salvaguardia del Patrimonio Cultural Inmaterial&mini=true&url=https:\/\/www.fabregat-perulles-sales.com\/actualidad\/wp-json\/wp\/v2\/posts\/1891','1410949501326','width=700,height=500,toolbar=0,menubar=0,location=0,status=1,scrollbars=1,resizable=1,left=0,top=0');return false;\" style=\"background-position: -120px -120px \"><\/a>\r\n\t\t\t\t\t<\/li>\r\n\t\t\t\t\t\t\t\t\t\t<li class=\"none nobackground \" >\r\n\r\n\t\t\t\t\t\t\t\t\t\t\t\t<a id=\"backforunical1891\" href=\"https:\/\/www.tumblr.com\/share\/link?url=www.fabregat-perulles-sales.com\/actualidad\/wp-json\/wp\/v2\/posts\/1891&name=Ley 10\/2015, de 26 de mayo, para la salvaguardia del Patrimonio Cultural Inmaterial\"  onclick=\"javascript:void window.open('https:\/\/www.tumblr.com\/share\/link?url=www.fabregat-perulles-sales.com\/actualidad\/wp-json\/wp\/v2\/posts\/1891&name=Ley 10\/2015, de 26 de mayo, para la salvaguardia del Patrimonio Cultural Inmaterial','1410949501326','width=700,height=500,toolbar=0,menubar=0,location=0,status=1,scrollbars=1,resizable=1,left=0,top=0');return false;\" style=\"background-position: -150px -120px \"><\/a>\r\n\t\t\t\t\t<\/li>\r\n\t\t\t\t\t\t\t\t\t\t<li class=\"none nobackground \" >\r\n\r\n\t\t\t\t\t\t\t\t\t\t\t\t<a id=\"backforunical1891\" href=\"http:\/\/digg.com\/submit?phase=2&url=www.fabregat-perulles-sales.com\/actualidad\/wp-json\/wp\/v2\/posts\/1891&title=Ley 10\/2015, de 26 de mayo, para la salvaguardia del Patrimonio Cultural Inmaterial\"  onclick=\"javascript:void window.open('http:\/\/digg.com\/submit?phase=2&url=www.fabregat-perulles-sales.com\/actualidad\/wp-json\/wp\/v2\/posts\/1891&title=Ley 10\/2015, de 26 de mayo, para la salvaguardia del Patrimonio Cultural Inmaterial','1410949501326','width=700,height=500,toolbar=0,menubar=0,location=0,status=1,scrollbars=1,resizable=1,left=0,top=0');return false;\" style=\"background-position: -180px -120px \"><\/a>\r\n\t\t\t\t\t<\/li>\r\n\t\t\t\t\t\t\t\t\t\t<li class=\"none nobackground \" >\r\n\r\n\t\t\t\t\t\t\t\t\t\t\t\t<a id=\"backforunical1891\" href=\"http:\/\/www.stumbleupon.com\/submit?url=www.fabregat-perulles-sales.com\/actualidad\/wp-json\/wp\/v2\/posts\/1891&title=Ley 10\/2015, de 26 de mayo, para la salvaguardia del Patrimonio Cultural Inmaterial\"  onclick=\"javascript:void window.open('http:\/\/www.stumbleupon.com\/submit?url=www.fabregat-perulles-sales.com\/actualidad\/wp-json\/wp\/v2\/posts\/1891&title=Ley 10\/2015, de 26 de mayo, para la salvaguardia del Patrimonio Cultural Inmaterial','1410949501326','width=700,height=500,toolbar=0,menubar=0,location=0,status=1,scrollbars=1,resizable=1,left=0,top=0');return false;\" style=\"background-position: -210px -120px \"><\/a>\r\n\t\t\t\t\t<\/li>\r\n\t\t\t\t\t\t\t\t\t\t<li class=\"none nobackground \" >\r\n\r\n\t\t\t\t\t\t\t\t\t\t\t\t<a id=\"backforunical1891\" href=\"https:\/\/myspace.com\/post?l=3&u=www.fabregat-perulles-sales.com\/actualidad\/wp-json\/wp\/v2\/posts\/1891\"  onclick=\"javascript:void window.open('https:\/\/myspace.com\/post?l=3&u=www.fabregat-perulles-sales.com\/actualidad\/wp-json\/wp\/v2\/posts\/1891','1410949501326','width=700,height=500,toolbar=0,menubar=0,location=0,status=1,scrollbars=1,resizable=1,left=0,top=0');return false;\" style=\"background-position: -240px -120px \"><\/a>\r\n\t\t\t\t\t<\/li>\r\n\t\t\t\t\t\t\t\t\t\t<li class=\"nobackground \" >\r\n\r\n\t\t\t\t\t\t\t\t\t\t\t\t<a id=\"backforunical1891\" href=\"http:\/\/vk.com\/share.php?url=www.fabregat-perulles-sales.com\/actualidad\/wp-json\/wp\/v2\/posts\/1891&title=Ley 10\/2015, de 26 de mayo, para la salvaguardia del Patrimonio Cultural Inmaterial\"  onclick=\"javascript:void window.open('http:\/\/vk.com\/share.php?url=www.fabregat-perulles-sales.com\/actualidad\/wp-json\/wp\/v2\/posts\/1891&title=Ley 10\/2015, de 26 de mayo, para la salvaguardia del Patrimonio Cultural Inmaterial','1410949501326','width=700,height=500,toolbar=0,menubar=0,location=0,status=1,scrollbars=1,resizable=1,left=0,top=0');return false;\" style=\"background-position: -270px -120px \"><\/a>\r\n\t\t\t\t\t<\/li>\r\n\t\t\t\t\t\t\t\t\t\t<li class=\"none nobackground \" >\r\n\r\n\t\t\t\t\t\t\t\t\t\t\t\t<a id=\"backforunical1891\" href=\"http:\/\/www.reddit.com\/submit?url=www.fabregat-perulles-sales.com\/actualidad\/wp-json\/wp\/v2\/posts\/1891&title=Ley 10\/2015, de 26 de mayo, para la salvaguardia del Patrimonio Cultural Inmaterial\"  onclick=\"javascript:void window.open('http:\/\/www.reddit.com\/submit?url=www.fabregat-perulles-sales.com\/actualidad\/wp-json\/wp\/v2\/posts\/1891&title=Ley 10\/2015, de 26 de mayo, para la salvaguardia del Patrimonio Cultural Inmaterial','1410949501326','width=700,height=500,toolbar=0,menubar=0,location=0,status=1,scrollbars=1,resizable=1,left=0,top=0');return false;\" style=\"background-position: -300px -120px \"><\/a>\r\n\t\t\t\t\t<\/li>\r\n\t\t\t\t\t\t\t\t\t\t<li class=\"none nobackground \" >\r\n\r\n\t\t\t\t\t\t\t\t\t\t\t\t<a id=\"backforunical1891\" href=\"http:\/\/www.bebo.com\/c\/share?Url=www.fabregat-perulles-sales.com\/actualidad\/wp-json\/wp\/v2\/posts\/1891\"  onclick=\"javascript:void window.open('http:\/\/www.bebo.com\/c\/share?Url=www.fabregat-perulles-sales.com\/actualidad\/wp-json\/wp\/v2\/posts\/1891','1410949501326','width=700,height=500,toolbar=0,menubar=0,location=0,status=1,scrollbars=1,resizable=1,left=0,top=0');return false;\" style=\"background-position: -330px -120px \"><\/a>\r\n\t\t\t\t\t<\/li>\r\n\t\t\t\t\t\t\t\t\t\t<li class=\"none nobackground \" >\r\n\r\n\t\t\t\t\t\t\t\t\t\t\t\t<a id=\"backforunical1891\" href=\"https:\/\/delicious.com\/save?v=5&noui&jump=close&url=www.fabregat-perulles-sales.com\/actualidad\/wp-json\/wp\/v2\/posts\/1891&title=Ley 10\/2015, de 26 de mayo, para la salvaguardia del Patrimonio Cultural Inmaterial\"  onclick=\"javascript:void window.open('https:\/\/delicious.com\/save?v=5&noui&jump=close&url=www.fabregat-perulles-sales.com\/actualidad\/wp-json\/wp\/v2\/posts\/1891&title=Ley 10\/2015, de 26 de mayo, para la salvaguardia del Patrimonio Cultural Inmaterial','1410949501326','width=700,height=500,toolbar=0,menubar=0,location=0,status=1,scrollbars=1,resizable=1,left=0,top=0');return false;\" style=\"background-position: -360px -120px \"><\/a>\r\n\t\t\t\t\t<\/li>\r\n\t\t\t\t\t\t\t\t\t\t<li class=\"none nobackground \" >\r\n\r\n\t\t\t\t\t\t\t\t\t\t\t\t<a id=\"backforunical1891\" href=\"http:\/\/www.odnoklassniki.ru\/dk?st.cmd=addShare&st.s=2&st.noresize=on&st._surl=www.fabregat-perulles-sales.com\/actualidad\/wp-json\/wp\/v2\/posts\/1891\"  onclick=\"javascript:void window.open('http:\/\/www.odnoklassniki.ru\/dk?st.cmd=addShare&st.s=2&st.noresize=on&st._surl=www.fabregat-perulles-sales.com\/actualidad\/wp-json\/wp\/v2\/posts\/1891','1410949501326','width=700,height=500,toolbar=0,menubar=0,location=0,status=1,scrollbars=1,resizable=1,left=0,top=0');return false;\" style=\"background-position: -390px -120px \"><\/a>\r\n\t\t\t\t\t<\/li>\r\n\t\t\t\t\t\t\t\t\t\t<li class=\"none nobackground \" >\r\n\r\n\t\t\t\t\t\t\t\t\t\t\t\t<a id=\"backforunical1891\" href=\"http:\/\/sns.qzone.qq.com\/cgi-bin\/qzshare\/cgi_qzshare_onekey?url=www.fabregat-perulles-sales.com\/actualidad\/wp-json\/wp\/v2\/posts\/1891&title=Ley 10\/2015, de 26 de mayo, para la salvaguardia del Patrimonio Cultural Inmaterial\"  onclick=\"javascript:void window.open('http:\/\/sns.qzone.qq.com\/cgi-bin\/qzshare\/cgi_qzshare_onekey?url=www.fabregat-perulles-sales.com\/actualidad\/wp-json\/wp\/v2\/posts\/1891&title=Ley 10\/2015, de 26 de mayo, para la salvaguardia del Patrimonio Cultural Inmaterial','1410949501326','width=700,height=500,toolbar=0,menubar=0,location=0,status=1,scrollbars=1,resizable=1,left=0,top=0');return false;\" style=\"background-position: -420px -120px \"><\/a>\r\n\t\t\t\t\t<\/li>\r\n\t\t\t\t\t\t\t\t\t\t<li class=\"none nobackground \" >\r\n\r\n\t\t\t\t\t\t\t\t\t\t\t\t<a id=\"backforunical1891\" href=\"http:\/\/service.weibo.com\/share\/share.php?url=www.fabregat-perulles-sales.com\/actualidad\/wp-json\/wp\/v2\/posts\/1891&appkey=&title=Ley 10\/2015, de 26 de mayo, para la salvaguardia del Patrimonio Cultural Inmaterial&pic=&ralateUid=&\"  onclick=\"javascript:void window.open('http:\/\/service.weibo.com\/share\/share.php?url=www.fabregat-perulles-sales.com\/actualidad\/wp-json\/wp\/v2\/posts\/1891&appkey=&title=Ley 10\/2015, de 26 de mayo, para la salvaguardia del Patrimonio Cultural Inmaterial&pic=&ralateUid=&','1410949501326','width=700,height=500,toolbar=0,menubar=0,location=0,status=1,scrollbars=1,resizable=1,left=0,top=0');return false;\" style=\"background-position: -450px -120px \"><\/a>\r\n\t\t\t\t\t<\/li>\r\n\t\t\t\t\t\t\t\t\t\t<li class=\"none nobackground \" >\r\n\r\n\t\t\t\t\t\t\t\t\t\t\t\t<a id=\"backforunical1891\" href=\"http:\/\/widget.renren.com\/dialog\/share?resourceUrl=www.fabregat-perulles-sales.com\/actualidad\/wp-json\/wp\/v2\/posts\/1891&srcUrl=www.fabregat-perulles-sales.com\/actualidad\/wp-json\/wp\/v2\/posts\/1891&title=Ley 10\/2015, de 26 de mayo, para la salvaguardia del Patrimonio Cultural Inmaterial\"  onclick=\"javascript:void window.open('http:\/\/widget.renren.com\/dialog\/share?resourceUrl=www.fabregat-perulles-sales.com\/actualidad\/wp-json\/wp\/v2\/posts\/1891&srcUrl=www.fabregat-perulles-sales.com\/actualidad\/wp-json\/wp\/v2\/posts\/1891&title=Ley 10\/2015, de 26 de mayo, para la salvaguardia del Patrimonio Cultural Inmaterial','1410949501326','width=700,height=500,toolbar=0,menubar=0,location=0,status=1,scrollbars=1,resizable=1,left=0,top=0');return false;\" style=\"background-position: -480px -120px \"><\/a>\r\n\t\t\t\t\t<\/li>\r\n\t\t\t\t\t\t\t\t\t\t<li class=\"none nobackground \" >\r\n\r\n\t\t\t\t\t\t\t\t\t\t\t\t<a id=\"backforunical1891\" href=\"http:\/\/n4g.com\/tips?url=www.fabregat-perulles-sales.com\/actualidad\/wp-json\/wp\/v2\/posts\/1891&title=Ley 10\/2015, de 26 de mayo, para la salvaguardia del Patrimonio Cultural Inmaterial\"  onclick=\"javascript:void window.open('http:\/\/n4g.com\/tips?url=www.fabregat-perulles-sales.com\/actualidad\/wp-json\/wp\/v2\/posts\/1891&title=Ley 10\/2015, de 26 de mayo, para la salvaguardia del Patrimonio Cultural Inmaterial','1410949501326','width=700,height=500,toolbar=0,menubar=0,location=0,status=1,scrollbars=1,resizable=1,left=0,top=0');return false;\" style=\"background-position: -510px -120px \"><\/a>\r\n\t\t\t\t\t<\/li>\r\n\t\t\t\t\t\t\t\t<\/ul>\r\n\t\t\t<div class=\"clear\"><\/div>\r\n\t\t<\/div>\r\n\t\t","protected":false},"excerpt":{"rendered":"<p>La Ley 10\/2015, para la salvaguardia del Patrimonio Cultural Inmaterial, publicada en el BOE el 26 de mayo de 2015, regula la acci\u00f3n general de salvaguardia que deben ejercer los poderes p\u00fablicos sobre los bienes que integran el patrimonio cultural inmaterial, en sus respectivos \u00e1mbitos de competencias. La Constituci\u00f3n Espa\u00f1ola de 1978 ya ofreci\u00f3 por\u2026 <span class=\"read-more\"><a href=\"https:\/\/www.fabregat-perulles-sales.com\/actualidad\/ley-102015-de-26-de-mayo-para-la-salvaguardia-del-patrimonio-cultural-inmaterial\/\">Read More &raquo;<\/a><\/span><\/p>\n","protected":false},"author":3,"featured_media":0,"comment_status":"open","ping_status":"closed","sticky":false,"template":"","format":"standard","meta":[],"categories":[86,466],"tags":[555,553,554],"yoast_head":"<!-- This site is optimized with the Yoast SEO plugin v20.2.1 - https:\/\/yoast.com\/wordpress\/plugins\/seo\/ -->\n<title>Ley 10\/2015, de 26 de mayo, para la salvaguardia del Patrimonio Cultural Inmaterial | International Lawyers<\/title>\n<meta name=\"description\" content=\"La Ley 10\/2015, para la salvaguardia del Patrimonio Cultural Inmaterial, publicada en el BOE el 26 de mayo de 2015, regula la acci\u00f3n general de\" \/>\n<meta name=\"robots\" content=\"index, follow, max-snippet:-1, max-image-preview:large, max-video-preview:-1\" \/>\n<link rel=\"canonical\" href=\"https:\/\/www.fabregat-perulles-sales.com\/actualidad\/ley-102015-de-26-de-mayo-para-la-salvaguardia-del-patrimonio-cultural-inmaterial\/\" \/>\n<meta property=\"og:locale\" content=\"en_US\" \/>\n<meta property=\"og:type\" content=\"article\" \/>\n<meta property=\"og:title\" content=\"Ley 10\/2015, de 26 de mayo, para la salvaguardia del Patrimonio Cultural Inmaterial | International Lawyers\" \/>\n<meta property=\"og:description\" content=\"La Ley 10\/2015, para la salvaguardia del Patrimonio Cultural Inmaterial, publicada en el BOE el 26 de mayo de 2015, regula la acci\u00f3n general de\" \/>\n<meta property=\"og:url\" content=\"https:\/\/www.fabregat-perulles-sales.com\/actualidad\/ley-102015-de-26-de-mayo-para-la-salvaguardia-del-patrimonio-cultural-inmaterial\/\" \/>\n<meta property=\"og:site_name\" content=\"International Lawyers\" \/>\n<meta property=\"article:published_time\" content=\"2015-08-27T10:37:20+00:00\" \/>\n<meta name=\"author\" content=\"Victor\" \/>\n<meta name=\"twitter:card\" content=\"summary_large_image\" \/>\n<meta name=\"twitter:label1\" content=\"Written by\" \/>\n\t<meta name=\"twitter:data1\" content=\"Victor\" \/>\n\t<meta name=\"twitter:label2\" content=\"Est. reading time\" \/>\n\t<meta name=\"twitter:data2\" content=\"2 minutes\" \/>\n<script type=\"application\/ld+json\" class=\"yoast-schema-graph\">{\"@context\":\"https:\/\/schema.org\",\"@graph\":[{\"@type\":\"WebPage\",\"@id\":\"https:\/\/www.fabregat-perulles-sales.com\/actualidad\/ley-102015-de-26-de-mayo-para-la-salvaguardia-del-patrimonio-cultural-inmaterial\/\",\"url\":\"https:\/\/www.fabregat-perulles-sales.com\/actualidad\/ley-102015-de-26-de-mayo-para-la-salvaguardia-del-patrimonio-cultural-inmaterial\/\",\"name\":\"Ley 10\/2015, de 26 de mayo, para la salvaguardia del Patrimonio Cultural Inmaterial | International Lawyers\",\"isPartOf\":{\"@id\":\"https:\/\/www.fabregat-perulles-sales.com\/actualidad\/#website\"},\"datePublished\":\"2015-08-27T10:37:20+00:00\",\"dateModified\":\"2015-08-27T10:37:20+00:00\",\"author\":{\"@id\":\"https:\/\/www.fabregat-perulles-sales.com\/actualidad\/#\/schema\/person\/cabc1d68c7778f01d5e069c2d98442e3\"},\"description\":\"La Ley 10\/2015, para la salvaguardia del Patrimonio Cultural Inmaterial, publicada en el BOE el 26 de mayo de 2015, regula la acci\u00f3n general de\",\"breadcrumb\":{\"@id\":\"https:\/\/www.fabregat-perulles-sales.com\/actualidad\/ley-102015-de-26-de-mayo-para-la-salvaguardia-del-patrimonio-cultural-inmaterial\/#breadcrumb\"},\"inLanguage\":\"en-US\",\"potentialAction\":[{\"@type\":\"ReadAction\",\"target\":[\"https:\/\/www.fabregat-perulles-sales.com\/actualidad\/ley-102015-de-26-de-mayo-para-la-salvaguardia-del-patrimonio-cultural-inmaterial\/\"]}]},{\"@type\":\"BreadcrumbList\",\"@id\":\"https:\/\/www.fabregat-perulles-sales.com\/actualidad\/ley-102015-de-26-de-mayo-para-la-salvaguardia-del-patrimonio-cultural-inmaterial\/#breadcrumb\",\"itemListElement\":[{\"@type\":\"ListItem\",\"position\":1,\"name\":\"Home\",\"item\":\"https:\/\/www.fabregat-perulles-sales.com\/actualidad\/\"},{\"@type\":\"ListItem\",\"position\":2,\"name\":\"Ley 10\/2015, de 26 de mayo, para la salvaguardia del Patrimonio Cultural Inmaterial\"}]},{\"@type\":\"WebSite\",\"@id\":\"https:\/\/www.fabregat-perulles-sales.com\/actualidad\/#website\",\"url\":\"https:\/\/www.fabregat-perulles-sales.com\/actualidad\/\",\"name\":\"www.fabregat-perulles-sales.com\",\"description\":\"Fabregat Perulles Sales Abogados is a law firm of reference international market in the Spanish-German, Spanish-French, and Spanish-Italian. Is one of the first firms in Barcelona offering a Russian Desk.\",\"potentialAction\":[{\"@type\":\"SearchAction\",\"target\":{\"@type\":\"EntryPoint\",\"urlTemplate\":\"https:\/\/www.fabregat-perulles-sales.com\/actualidad\/?s={search_term_string}\"},\"query-input\":\"required name=search_term_string\"}],\"inLanguage\":\"en-US\"},{\"@type\":\"Person\",\"@id\":\"https:\/\/www.fabregat-perulles-sales.com\/actualidad\/#\/schema\/person\/cabc1d68c7778f01d5e069c2d98442e3\",\"name\":\"Victor\",\"image\":{\"@type\":\"ImageObject\",\"inLanguage\":\"en-US\",\"@id\":\"https:\/\/www.fabregat-perulles-sales.com\/actualidad\/#\/schema\/person\/image\/\",\"url\":\"https:\/\/secure.gravatar.com\/avatar\/756cb666a964d2960ffe307b8a53b271?s=96&d=mm&r=g\",\"contentUrl\":\"https:\/\/secure.gravatar.com\/avatar\/756cb666a964d2960ffe307b8a53b271?s=96&d=mm&r=g\",\"caption\":\"Victor\"},\"sameAs\":[\"http:\/\/www.fabregat-perulles-sales.com\"],\"url\":\"https:\/\/www.fabregat-perulles-sales.com\/actualidad\/author\/victor\/\"}]}<\/script>\n<!-- \/ Yoast SEO plugin. -->","yoast_head_json":{"title":"Ley 10\/2015, de 26 de mayo, para la salvaguardia del Patrimonio Cultural Inmaterial | International Lawyers","description":"La Ley 10\/2015, para la salvaguardia del Patrimonio Cultural Inmaterial, publicada en el BOE el 26 de mayo de 2015, regula la acci\u00f3n general de","robots":{"index":"index","follow":"follow","max-snippet":"max-snippet:-1","max-image-preview":"max-image-preview:large","max-video-preview":"max-video-preview:-1"},"canonical":"https:\/\/www.fabregat-perulles-sales.com\/actualidad\/ley-102015-de-26-de-mayo-para-la-salvaguardia-del-patrimonio-cultural-inmaterial\/","og_locale":"en_US","og_type":"article","og_title":"Ley 10\/2015, de 26 de mayo, para la salvaguardia del Patrimonio Cultural Inmaterial | International Lawyers","og_description":"La Ley 10\/2015, para la salvaguardia del Patrimonio Cultural Inmaterial, publicada en el BOE el 26 de mayo de 2015, regula la acci\u00f3n general de","og_url":"https:\/\/www.fabregat-perulles-sales.com\/actualidad\/ley-102015-de-26-de-mayo-para-la-salvaguardia-del-patrimonio-cultural-inmaterial\/","og_site_name":"International Lawyers","article_published_time":"2015-08-27T10:37:20+00:00","author":"Victor","twitter_card":"summary_large_image","twitter_misc":{"Written by":"Victor","Est. reading time":"2 minutes"},"schema":{"@context":"https:\/\/schema.org","@graph":[{"@type":"WebPage","@id":"https:\/\/www.fabregat-perulles-sales.com\/actualidad\/ley-102015-de-26-de-mayo-para-la-salvaguardia-del-patrimonio-cultural-inmaterial\/","url":"https:\/\/www.fabregat-perulles-sales.com\/actualidad\/ley-102015-de-26-de-mayo-para-la-salvaguardia-del-patrimonio-cultural-inmaterial\/","name":"Ley 10\/2015, de 26 de mayo, para la salvaguardia del Patrimonio Cultural Inmaterial | International Lawyers","isPartOf":{"@id":"https:\/\/www.fabregat-perulles-sales.com\/actualidad\/#website"},"datePublished":"2015-08-27T10:37:20+00:00","dateModified":"2015-08-27T10:37:20+00:00","author":{"@id":"https:\/\/www.fabregat-perulles-sales.com\/actualidad\/#\/schema\/person\/cabc1d68c7778f01d5e069c2d98442e3"},"description":"La Ley 10\/2015, para la salvaguardia del Patrimonio Cultural Inmaterial, publicada en el BOE el 26 de mayo de 2015, regula la acci\u00f3n general de","breadcrumb":{"@id":"https:\/\/www.fabregat-perulles-sales.com\/actualidad\/ley-102015-de-26-de-mayo-para-la-salvaguardia-del-patrimonio-cultural-inmaterial\/#breadcrumb"},"inLanguage":"en-US","potentialAction":[{"@type":"ReadAction","target":["https:\/\/www.fabregat-perulles-sales.com\/actualidad\/ley-102015-de-26-de-mayo-para-la-salvaguardia-del-patrimonio-cultural-inmaterial\/"]}]},{"@type":"BreadcrumbList","@id":"https:\/\/www.fabregat-perulles-sales.com\/actualidad\/ley-102015-de-26-de-mayo-para-la-salvaguardia-del-patrimonio-cultural-inmaterial\/#breadcrumb","itemListElement":[{"@type":"ListItem","position":1,"name":"Home","item":"https:\/\/www.fabregat-perulles-sales.com\/actualidad\/"},{"@type":"ListItem","position":2,"name":"Ley 10\/2015, de 26 de mayo, para la salvaguardia del Patrimonio Cultural Inmaterial"}]},{"@type":"WebSite","@id":"https:\/\/www.fabregat-perulles-sales.com\/actualidad\/#website","url":"https:\/\/www.fabregat-perulles-sales.com\/actualidad\/","name":"www.fabregat-perulles-sales.com","description":"Fabregat Perulles Sales Abogados is a law firm of reference international market in the Spanish-German, Spanish-French, and Spanish-Italian. Is one of the first firms in Barcelona offering a Russian Desk.","potentialAction":[{"@type":"SearchAction","target":{"@type":"EntryPoint","urlTemplate":"https:\/\/www.fabregat-perulles-sales.com\/actualidad\/?s={search_term_string}"},"query-input":"required name=search_term_string"}],"inLanguage":"en-US"},{"@type":"Person","@id":"https:\/\/www.fabregat-perulles-sales.com\/actualidad\/#\/schema\/person\/cabc1d68c7778f01d5e069c2d98442e3","name":"Victor","image":{"@type":"ImageObject","inLanguage":"en-US","@id":"https:\/\/www.fabregat-perulles-sales.com\/actualidad\/#\/schema\/person\/image\/","url":"https:\/\/secure.gravatar.com\/avatar\/756cb666a964d2960ffe307b8a53b271?s=96&d=mm&r=g","contentUrl":"https:\/\/secure.gravatar.com\/avatar\/756cb666a964d2960ffe307b8a53b271?s=96&d=mm&r=g","caption":"Victor"},"sameAs":["http:\/\/www.fabregat-perulles-sales.com"],"url":"https:\/\/www.fabregat-perulles-sales.com\/actualidad\/author\/victor\/"}]}},"amp_enabled":true,"_links":{"self":[{"href":"https:\/\/www.fabregat-perulles-sales.com\/actualidad\/wp-json\/wp\/v2\/posts\/1891"}],"collection":[{"href":"https:\/\/www.fabregat-perulles-sales.com\/actualidad\/wp-json\/wp\/v2\/posts"}],"about":[{"href":"https:\/\/www.fabregat-perulles-sales.com\/actualidad\/wp-json\/wp\/v2\/types\/post"}],"author":[{"embeddable":true,"href":"https:\/\/www.fabregat-perulles-sales.com\/actualidad\/wp-json\/wp\/v2\/users\/3"}],"replies":[{"embeddable":true,"href":"https:\/\/www.fabregat-perulles-sales.com\/actualidad\/wp-json\/wp\/v2\/comments?post=1891"}],"version-history":[{"count":1,"href":"https:\/\/www.fabregat-perulles-sales.com\/actualidad\/wp-json\/wp\/v2\/posts\/1891\/revisions"}],"predecessor-version":[{"id":1892,"href":"https:\/\/www.fabregat-perulles-sales.com\/actualidad\/wp-json\/wp\/v2\/posts\/1891\/revisions\/1892"}],"wp:attachment":[{"href":"https:\/\/www.fabregat-perulles-sales.com\/actualidad\/wp-json\/wp\/v2\/media?parent=1891"}],"wp:term":[{"taxonomy":"category","embeddable":true,"href":"https:\/\/www.fabregat-perulles-sales.com\/actualidad\/wp-json\/wp\/v2\/categories?post=1891"},{"taxonomy":"post_tag","embeddable":true,"href":"https:\/\/www.fabregat-perulles-sales.com\/actualidad\/wp-json\/wp\/v2\/tags?post=1891"}],"curies":[{"name":"wp","href":"https:\/\/api.w.org\/{rel}","templated":true}]}}