{"id":1848,"date":"2015-05-11T11:23:43","date_gmt":"2015-05-11T10:23:43","guid":{"rendered":"http:\/\/www.fabregat-perulles-sales.com\/actualidad\/?p=1848"},"modified":"2015-05-11T11:24:42","modified_gmt":"2015-05-11T10:24:42","slug":"aportaciones-de-ley-organica-12015-de-30-de-marzo-sobre-el-regimen-de-responsabilidad-penal-de-las-personas-juridicas","status":"publish","type":"post","link":"https:\/\/www.fabregat-perulles-sales.com\/actualidad\/aportaciones-de-ley-organica-12015-de-30-de-marzo-sobre-el-regimen-de-responsabilidad-penal-de-las-personas-juridicas\/","title":{"rendered":"Aportaciones de Ley Org\u00e1nica 1\/2015, de 30 de marzo, en materia de responsabilidad penal de las personas jur\u00eddicas"},"content":{"rendered":"<p>La modificaci\u00f3n del <span style=\"text-decoration: underline;\">art\u00edculo 31 del C\u00f3digo Penal<\/span> y la introducci\u00f3n de los art\u00edculos 31 bis a 31 quinques aportadas por la <a href=\"http:\/\/www.boe.es\/diario_boe\/txt.php?id=BOE-A-2015-3439\">Ley Org\u00e1nica 1\/2015, de 30 de marzo<\/a> viene a precisar los <b>sujetos y los supuestos<\/b> de los que puede derivarse la responsabilidad penal de las personas jur\u00eddicas, e introduce como <b>causa de exenci\u00f3n<\/b> de la misma el desarrollo de un <b>programa de prevenci\u00f3n<\/b> (programa de <i>compliance<\/i> penal) que permita reducir los riesgos de comisi\u00f3n de un delito.<\/p>\n<p><!--more--><\/p>\n<p>La normativa desarrolla el r\u00e9gimen de exenci\u00f3n de responsabilidad de la persona jur\u00eddica en funci\u00f3n del cargo que el autor del delito ostenta dentro de la misma, distinguiendo entre:<\/p>\n<ul>\n<li>Los representantes legales de las personas jur\u00eddicas y quienes actuando individualmente o como integrantes de un \u00f3rgano de la persona jur\u00eddica, est\u00e1n autorizados para tomar d<strong>ecisiones en nombre de la persona jur\u00eddica<\/strong> u ostentan <strong>facultades de organizaci\u00f3n y control<\/strong> dentro de la misma.<\/li>\n<\/ul>\n<ul>\n<li>Aquellos que est\u00e1n <strong>sometidos a la autoridad de las personas f\u00edsicas<\/strong> mencionadas en el apartado anterior y que hayan podido realizar los hechos por haberse incumplido gravemente por aqu\u00e9llos los deberes de supervisi\u00f3n, vigilancia y control de su actividad atendidas las concretas circunstancias del caso.<\/li>\n<\/ul>\n<p>La persona jur\u00eddica quedar\u00e1 exenta de responsabilidad por los delitos cometidos por los sujetos comprendidos en el primer grupo si cumple determinadas condiciones cumulativas en materia de supervisi\u00f3n enumeradas en la disposici\u00f3n.<\/p>\n<p>Para las peque\u00f1as entidades, es decir, aquellas que est\u00e9n autorizadas a presentar cuenta de p\u00e9rdidas y ganancias abreviada, bastar\u00e1 con que las funciones de supervisi\u00f3n previstas como condici\u00f3n de exenci\u00f3n sean asumidas por su propio \u00f3rgano de administraci\u00f3n.<\/p>\n<p>En cuanto a los delitos cometidos por el segundo grupo de sujetos, la ley prev\u00e9 que la persona jur\u00eddica quedar\u00e1 exenta si, antes de la comisi\u00f3n del delito, ha adoptado y ejecutado eficazmente un <b>modelo de organizaci\u00f3n y gesti\u00f3n<\/b> adecuado para prevenir delitos o para reducir de forma significativa el riesgo de su comisi\u00f3n. La ley enumera una serie de\u00a0 requisitos m\u00ednimos que deber\u00e1n respetar el referido modelo de organizaci\u00f3n y gesti\u00f3n.<\/p>\n<p>En ambos casos y en los casos en los que los requisitos exigidos para la exenci\u00f3n total de la responsabilidad penal de las personas jur\u00eddicas solamente puedan ser objeto de <b>acreditaci\u00f3n parcial<\/b>, esta circunstancia ser\u00e1 valorada a los efectos de <b>atenuaci\u00f3n de la pena<\/b>.<\/p>\n<p>Cabe se\u00f1alar que la ley mantiene las <b>mismas circunstancias atenuantes<\/b> de la responsabilidad penal establecidas en la regulaci\u00f3n anterior, con excepci\u00f3n de la introducci\u00f3n del nuevo supuesto anteriormente mencionado.<\/p>\n<p>Finalmente, se establece una exoneraci\u00f3n para el Estado, las Administraciones p\u00fablicas territoriales e institucionales,\u00a0\u00a0 los Organismos Reguladores, las Agencias y Entidades p\u00fablicas Empresariales, a las organizaciones internacionales de derecho p\u00fablico, ni a aquellas otras que ejerzan potestades p\u00fablicas de soberan\u00eda o administrativas. En el caso de las Sociedades mercantiles p\u00fablicas, estas se hallaran parcialmente exentas.<\/p>\n\r\n\t\t<style>\r\n\t\t\t.huge-it-share-buttons {\r\n\t\t\t\tborder:0px solid #0FB5D6;\r\n\t\t\t\tborder-radius:5px;\r\n\t\t\t\tbackground:#3BD8FF;\r\n\t\t\t text-align:left; \t\t\t\t\t\t\t\t\t}\r\n\r\n\t\t\t#huge-it-share-buttons-top {margin-bottom:0px;}\r\n\t\t\t#huge-it-share-buttons-bottom {margin-top:0px;}\r\n\r\n\t\t\t.huge-it-share-buttons h3 {\r\n\t\t\t\tfont-size:25px ;\r\n\t\t\t\tfont-family:Arial,Helvetica Neue,Helvetica,sans-serif;\r\n\t\t\t\tcolor:#666666;\r\n\r\n\t\t\tdisplay:block;\t\t\t\tline-height:25px ;\r\n\r\n\t\t\t text-align:left; \t\t\t\t\t\t\t\t\t}\r\n\r\n\t\t\t.huge-it-share-buttons ul {\r\n\t\t\t float:left; \t\t\t\t\t\t\t\t\t}\r\n\r\n\t\t\t.huge-it-share-buttons ul li {\r\n\t\t\t\tmargin-left:3px;\r\n\t\t\t\tmargin-right:3px;\r\n\t\t\t\tpadding:0px;\r\n\t\t\t\tborder:0px ridge #E6354C;\r\n\t\t\t\tborder-radius:11px;\r\n\t\t\t\tbackground-color:#14CC9B;\r\n\t\t\t}\r\n\r\n\t\t\t.huge-it-share-buttons ul li #backforunical1848 {\r\n\t\t\t\tborder-bottom: 0;\r\n\t\t\t\tbackground-image:url('https:\/\/www.fabregat-perulles-sales.com\/actualidad\/wp-content\/plugins\/wp-share-buttons\/Front_end\/..\/images\/buttons.30.png');\r\n\t\t\t\twidth:30px;\r\n\t\t\t\theight:30px;\r\n\t\t\t}\r\n\r\n\t\t\t.front-shares-count {\r\n\t\t\t\tposition: absolute;\r\n\t\t\t\ttext-align: center;\r\n\t\t\t\tdisplay: block;\r\n\t\t\t}\r\n\r\n\t\t\t.shares_size20 .front-shares-count {\r\n\t\t\t\tfont-size: 10px;\r\n\t\t\t\ttop: 10px;\r\n\t\t\t\twidth: 20px;\r\n\t\t\t}\r\n\r\n\t\t\t.shares_size30 .front-shares-count {\r\n\t\t\t\tfont-size: 11px;\r\n\t\t\t\ttop: 15px;\r\n\t\t\t\twidth: 30px;\r\n\t\t\t}\r\n\r\n\t\t\t.shares_size40 .front-shares-count {\r\n\t\t\t\tfont-size: 12px;\r\n\t\t\t\ttop: 21px;\r\n\t\t\t\twidth: 40px;\r\n\t\t\t}\r\n\t\t<\/style>\r\n\t\t\r\n\t\t<div id=\"huge-it-share-buttons-top\" class=\"huge-it-share-buttons nobackground\">\r\n\t\t\t<h3>Share This:<\/h3>\r\n\t\t\t<ul class=\"huge-it-share-buttons-list \">\r\n\t\t\t\t\t\t\t\t\t<li class=\"nobackground \" >\r\n\r\n\t\t\t\t\t\t\t\t\t\t\t\t<a id=\"backforunical1848\" href=\"https:\/\/www.facebook.com\/sharer\/sharer.php?u=www.fabregat-perulles-sales.com\/actualidad\/wp-json\/wp\/v2\/posts\/1848\"  onclick=\"javascript:void window.open('https:\/\/www.facebook.com\/sharer\/sharer.php?u=www.fabregat-perulles-sales.com\/actualidad\/wp-json\/wp\/v2\/posts\/1848','1410949501326','width=700,height=500,toolbar=0,menubar=0,location=0,status=1,scrollbars=1,resizable=1,left=0,top=0');return false;\" style=\"background-position: -0px -120px \"><\/a>\r\n\t\t\t\t\t<\/li>\r\n\t\t\t\t\t\t\t\t\t\t<li class=\"nobackground \" >\r\n\r\n\t\t\t\t\t\t\t\t\t\t\t\t<a id=\"backforunical1848\" href=\"https:\/\/twitter.com\/share?status=www.fabregat-perulles-sales.com\/actualidad\/wp-json\/wp\/v2\/posts\/1848&text=Aportaciones de Ley Org\u00e1nica 1\/2015, de 30 de marzo, en materia de responsabilidad penal de las personas jur\u00eddicas\"  onclick=\"javascript:void window.open('https:\/\/twitter.com\/share?status=www.fabregat-perulles-sales.com\/actualidad\/wp-json\/wp\/v2\/posts\/1848&text=Aportaciones de Ley Org\u00e1nica 1\/2015, de 30 de marzo, en materia de responsabilidad penal de las personas jur\u00eddicas','1410949501326','width=700,height=500,toolbar=0,menubar=0,location=0,status=1,scrollbars=1,resizable=1,left=0,top=0');return false;\" style=\"background-position: -30px -120px \"><\/a>\r\n\t\t\t\t\t<\/li>\r\n\t\t\t\t\t\t\t\t\t\t<li class=\"none nobackground \" >\r\n\r\n\t\t\t\t\t\t\t\t\t\t\t\t<a id=\"backforunical1848\" href=\"http:\/\/www.pinterest.com\/pin\/create\/button\/?url=www.fabregat-perulles-sales.com\/actualidad\/wp-json\/wp\/v2\/posts\/1848&media=https:\/\/www.fabregat-perulles-sales.com\/actualidad\/wp-content\/plugins\/wp-share-buttons\/Front_end\/..\/images\/noimage.png&description=Aportaciones de Ley Org\u00e1nica 1\/2015, de 30 de marzo, en materia de responsabilidad penal de las personas jur\u00eddicas\"  onclick=\"javascript:void window.open('http:\/\/www.pinterest.com\/pin\/create\/button\/?url=www.fabregat-perulles-sales.com\/actualidad\/wp-json\/wp\/v2\/posts\/1848&media=https:\/\/www.fabregat-perulles-sales.com\/actualidad\/wp-content\/plugins\/wp-share-buttons\/Front_end\/..\/images\/noimage.png&description=Aportaciones de Ley Org\u00e1nica 1\/2015, de 30 de marzo, en materia de responsabilidad penal de las personas jur\u00eddicas','1410949501326','width=700,height=500,toolbar=0,menubar=0,location=0,status=1,scrollbars=1,resizable=1,left=0,top=0');return false;\" style=\"background-position: -60px -120px \"><\/a>\r\n\t\t\t\t\t<\/li>\r\n\t\t\t\t\t\t\t\t\t\t<li class=\"none nobackground \" >\r\n\r\n\t\t\t\t\t\t\t\t\t\t\t\t<a id=\"backforunical1848\" href=\"https:\/\/plus.google.com\/share?url=www.fabregat-perulles-sales.com\/actualidad\/wp-json\/wp\/v2\/posts\/1848\"  onclick=\"javascript:void window.open('https:\/\/plus.google.com\/share?url=www.fabregat-perulles-sales.com\/actualidad\/wp-json\/wp\/v2\/posts\/1848','1410949501326','width=700,height=500,toolbar=0,menubar=0,location=0,status=1,scrollbars=1,resizable=1,left=0,top=0');return false;\" style=\"background-position: -90px -120px \"><\/a>\r\n\t\t\t\t\t<\/li>\r\n\t\t\t\t\t\t\t\t\t\t<li class=\"nobackground \" >\r\n\r\n\t\t\t\t\t\t\t\t\t\t\t\t<a id=\"backforunical1848\" href=\"https:\/\/www.linkedin.com\/shareArticle?title=Aportaciones de Ley Org\u00e1nica 1\/2015, de 30 de marzo, en materia de responsabilidad penal de las personas jur\u00eddicas&mini=true&url=https:\/\/www.fabregat-perulles-sales.com\/actualidad\/wp-json\/wp\/v2\/posts\/1848\"  onclick=\"javascript:void window.open('https:\/\/www.linkedin.com\/shareArticle?title=Aportaciones de Ley Org\u00e1nica 1\/2015, de 30 de marzo, en materia de responsabilidad penal de las personas jur\u00eddicas&mini=true&url=https:\/\/www.fabregat-perulles-sales.com\/actualidad\/wp-json\/wp\/v2\/posts\/1848','1410949501326','width=700,height=500,toolbar=0,menubar=0,location=0,status=1,scrollbars=1,resizable=1,left=0,top=0');return false;\" style=\"background-position: -120px -120px \"><\/a>\r\n\t\t\t\t\t<\/li>\r\n\t\t\t\t\t\t\t\t\t\t<li class=\"none nobackground \" >\r\n\r\n\t\t\t\t\t\t\t\t\t\t\t\t<a id=\"backforunical1848\" href=\"https:\/\/www.tumblr.com\/share\/link?url=www.fabregat-perulles-sales.com\/actualidad\/wp-json\/wp\/v2\/posts\/1848&name=Aportaciones de Ley Org\u00e1nica 1\/2015, de 30 de marzo, en materia de responsabilidad penal de las personas jur\u00eddicas\"  onclick=\"javascript:void window.open('https:\/\/www.tumblr.com\/share\/link?url=www.fabregat-perulles-sales.com\/actualidad\/wp-json\/wp\/v2\/posts\/1848&name=Aportaciones de Ley Org\u00e1nica 1\/2015, de 30 de marzo, en materia de responsabilidad penal de las personas jur\u00eddicas','1410949501326','width=700,height=500,toolbar=0,menubar=0,location=0,status=1,scrollbars=1,resizable=1,left=0,top=0');return false;\" style=\"background-position: -150px -120px \"><\/a>\r\n\t\t\t\t\t<\/li>\r\n\t\t\t\t\t\t\t\t\t\t<li class=\"none nobackground \" >\r\n\r\n\t\t\t\t\t\t\t\t\t\t\t\t<a id=\"backforunical1848\" href=\"http:\/\/digg.com\/submit?phase=2&url=www.fabregat-perulles-sales.com\/actualidad\/wp-json\/wp\/v2\/posts\/1848&title=Aportaciones de Ley Org\u00e1nica 1\/2015, de 30 de marzo, en materia de responsabilidad penal de las personas jur\u00eddicas\"  onclick=\"javascript:void window.open('http:\/\/digg.com\/submit?phase=2&url=www.fabregat-perulles-sales.com\/actualidad\/wp-json\/wp\/v2\/posts\/1848&title=Aportaciones de Ley Org\u00e1nica 1\/2015, de 30 de marzo, en materia de responsabilidad penal de las personas jur\u00eddicas','1410949501326','width=700,height=500,toolbar=0,menubar=0,location=0,status=1,scrollbars=1,resizable=1,left=0,top=0');return false;\" style=\"background-position: -180px -120px \"><\/a>\r\n\t\t\t\t\t<\/li>\r\n\t\t\t\t\t\t\t\t\t\t<li class=\"none nobackground \" >\r\n\r\n\t\t\t\t\t\t\t\t\t\t\t\t<a id=\"backforunical1848\" href=\"http:\/\/www.stumbleupon.com\/submit?url=www.fabregat-perulles-sales.com\/actualidad\/wp-json\/wp\/v2\/posts\/1848&title=Aportaciones de Ley Org\u00e1nica 1\/2015, de 30 de marzo, en materia de responsabilidad penal de las personas jur\u00eddicas\"  onclick=\"javascript:void window.open('http:\/\/www.stumbleupon.com\/submit?url=www.fabregat-perulles-sales.com\/actualidad\/wp-json\/wp\/v2\/posts\/1848&title=Aportaciones de Ley Org\u00e1nica 1\/2015, de 30 de marzo, en materia de responsabilidad penal de las personas jur\u00eddicas','1410949501326','width=700,height=500,toolbar=0,menubar=0,location=0,status=1,scrollbars=1,resizable=1,left=0,top=0');return false;\" style=\"background-position: -210px -120px \"><\/a>\r\n\t\t\t\t\t<\/li>\r\n\t\t\t\t\t\t\t\t\t\t<li class=\"none nobackground \" >\r\n\r\n\t\t\t\t\t\t\t\t\t\t\t\t<a id=\"backforunical1848\" href=\"https:\/\/myspace.com\/post?l=3&u=www.fabregat-perulles-sales.com\/actualidad\/wp-json\/wp\/v2\/posts\/1848\"  onclick=\"javascript:void window.open('https:\/\/myspace.com\/post?l=3&u=www.fabregat-perulles-sales.com\/actualidad\/wp-json\/wp\/v2\/posts\/1848','1410949501326','width=700,height=500,toolbar=0,menubar=0,location=0,status=1,scrollbars=1,resizable=1,left=0,top=0');return false;\" style=\"background-position: -240px -120px \"><\/a>\r\n\t\t\t\t\t<\/li>\r\n\t\t\t\t\t\t\t\t\t\t<li class=\"nobackground \" >\r\n\r\n\t\t\t\t\t\t\t\t\t\t\t\t<a id=\"backforunical1848\" href=\"http:\/\/vk.com\/share.php?url=www.fabregat-perulles-sales.com\/actualidad\/wp-json\/wp\/v2\/posts\/1848&title=Aportaciones de Ley Org\u00e1nica 1\/2015, de 30 de marzo, en materia de responsabilidad penal de las personas jur\u00eddicas\"  onclick=\"javascript:void window.open('http:\/\/vk.com\/share.php?url=www.fabregat-perulles-sales.com\/actualidad\/wp-json\/wp\/v2\/posts\/1848&title=Aportaciones de Ley Org\u00e1nica 1\/2015, de 30 de marzo, en materia de responsabilidad penal de las personas jur\u00eddicas','1410949501326','width=700,height=500,toolbar=0,menubar=0,location=0,status=1,scrollbars=1,resizable=1,left=0,top=0');return false;\" style=\"background-position: -270px -120px \"><\/a>\r\n\t\t\t\t\t<\/li>\r\n\t\t\t\t\t\t\t\t\t\t<li class=\"none nobackground \" >\r\n\r\n\t\t\t\t\t\t\t\t\t\t\t\t<a id=\"backforunical1848\" href=\"http:\/\/www.reddit.com\/submit?url=www.fabregat-perulles-sales.com\/actualidad\/wp-json\/wp\/v2\/posts\/1848&title=Aportaciones de Ley Org\u00e1nica 1\/2015, de 30 de marzo, en materia de responsabilidad penal de las personas jur\u00eddicas\"  onclick=\"javascript:void window.open('http:\/\/www.reddit.com\/submit?url=www.fabregat-perulles-sales.com\/actualidad\/wp-json\/wp\/v2\/posts\/1848&title=Aportaciones de Ley Org\u00e1nica 1\/2015, de 30 de marzo, en materia de responsabilidad penal de las personas jur\u00eddicas','1410949501326','width=700,height=500,toolbar=0,menubar=0,location=0,status=1,scrollbars=1,resizable=1,left=0,top=0');return false;\" style=\"background-position: -300px -120px \"><\/a>\r\n\t\t\t\t\t<\/li>\r\n\t\t\t\t\t\t\t\t\t\t<li class=\"none nobackground \" >\r\n\r\n\t\t\t\t\t\t\t\t\t\t\t\t<a id=\"backforunical1848\" href=\"http:\/\/www.bebo.com\/c\/share?Url=www.fabregat-perulles-sales.com\/actualidad\/wp-json\/wp\/v2\/posts\/1848\"  onclick=\"javascript:void window.open('http:\/\/www.bebo.com\/c\/share?Url=www.fabregat-perulles-sales.com\/actualidad\/wp-json\/wp\/v2\/posts\/1848','1410949501326','width=700,height=500,toolbar=0,menubar=0,location=0,status=1,scrollbars=1,resizable=1,left=0,top=0');return false;\" style=\"background-position: -330px -120px \"><\/a>\r\n\t\t\t\t\t<\/li>\r\n\t\t\t\t\t\t\t\t\t\t<li class=\"none nobackground \" >\r\n\r\n\t\t\t\t\t\t\t\t\t\t\t\t<a id=\"backforunical1848\" href=\"https:\/\/delicious.com\/save?v=5&noui&jump=close&url=www.fabregat-perulles-sales.com\/actualidad\/wp-json\/wp\/v2\/posts\/1848&title=Aportaciones de Ley Org\u00e1nica 1\/2015, de 30 de marzo, en materia de responsabilidad penal de las personas jur\u00eddicas\"  onclick=\"javascript:void window.open('https:\/\/delicious.com\/save?v=5&noui&jump=close&url=www.fabregat-perulles-sales.com\/actualidad\/wp-json\/wp\/v2\/posts\/1848&title=Aportaciones de Ley Org\u00e1nica 1\/2015, de 30 de marzo, en materia de responsabilidad penal de las personas jur\u00eddicas','1410949501326','width=700,height=500,toolbar=0,menubar=0,location=0,status=1,scrollbars=1,resizable=1,left=0,top=0');return false;\" style=\"background-position: -360px -120px \"><\/a>\r\n\t\t\t\t\t<\/li>\r\n\t\t\t\t\t\t\t\t\t\t<li class=\"none nobackground \" >\r\n\r\n\t\t\t\t\t\t\t\t\t\t\t\t<a id=\"backforunical1848\" href=\"http:\/\/www.odnoklassniki.ru\/dk?st.cmd=addShare&st.s=2&st.noresize=on&st._surl=www.fabregat-perulles-sales.com\/actualidad\/wp-json\/wp\/v2\/posts\/1848\"  onclick=\"javascript:void window.open('http:\/\/www.odnoklassniki.ru\/dk?st.cmd=addShare&st.s=2&st.noresize=on&st._surl=www.fabregat-perulles-sales.com\/actualidad\/wp-json\/wp\/v2\/posts\/1848','1410949501326','width=700,height=500,toolbar=0,menubar=0,location=0,status=1,scrollbars=1,resizable=1,left=0,top=0');return false;\" style=\"background-position: -390px -120px \"><\/a>\r\n\t\t\t\t\t<\/li>\r\n\t\t\t\t\t\t\t\t\t\t<li class=\"none nobackground \" >\r\n\r\n\t\t\t\t\t\t\t\t\t\t\t\t<a id=\"backforunical1848\" href=\"http:\/\/sns.qzone.qq.com\/cgi-bin\/qzshare\/cgi_qzshare_onekey?url=www.fabregat-perulles-sales.com\/actualidad\/wp-json\/wp\/v2\/posts\/1848&title=Aportaciones de Ley Org\u00e1nica 1\/2015, de 30 de marzo, en materia de responsabilidad penal de las personas jur\u00eddicas\"  onclick=\"javascript:void window.open('http:\/\/sns.qzone.qq.com\/cgi-bin\/qzshare\/cgi_qzshare_onekey?url=www.fabregat-perulles-sales.com\/actualidad\/wp-json\/wp\/v2\/posts\/1848&title=Aportaciones de Ley Org\u00e1nica 1\/2015, de 30 de marzo, en materia de responsabilidad penal de las personas jur\u00eddicas','1410949501326','width=700,height=500,toolbar=0,menubar=0,location=0,status=1,scrollbars=1,resizable=1,left=0,top=0');return false;\" style=\"background-position: -420px -120px \"><\/a>\r\n\t\t\t\t\t<\/li>\r\n\t\t\t\t\t\t\t\t\t\t<li class=\"none nobackground \" >\r\n\r\n\t\t\t\t\t\t\t\t\t\t\t\t<a id=\"backforunical1848\" href=\"http:\/\/service.weibo.com\/share\/share.php?url=www.fabregat-perulles-sales.com\/actualidad\/wp-json\/wp\/v2\/posts\/1848&appkey=&title=Aportaciones de Ley Org\u00e1nica 1\/2015, de 30 de marzo, en materia de responsabilidad penal de las personas jur\u00eddicas&pic=&ralateUid=&\"  onclick=\"javascript:void window.open('http:\/\/service.weibo.com\/share\/share.php?url=www.fabregat-perulles-sales.com\/actualidad\/wp-json\/wp\/v2\/posts\/1848&appkey=&title=Aportaciones de Ley Org\u00e1nica 1\/2015, de 30 de marzo, en materia de responsabilidad penal de las personas jur\u00eddicas&pic=&ralateUid=&','1410949501326','width=700,height=500,toolbar=0,menubar=0,location=0,status=1,scrollbars=1,resizable=1,left=0,top=0');return false;\" style=\"background-position: -450px -120px \"><\/a>\r\n\t\t\t\t\t<\/li>\r\n\t\t\t\t\t\t\t\t\t\t<li class=\"none nobackground \" >\r\n\r\n\t\t\t\t\t\t\t\t\t\t\t\t<a id=\"backforunical1848\" href=\"http:\/\/widget.renren.com\/dialog\/share?resourceUrl=www.fabregat-perulles-sales.com\/actualidad\/wp-json\/wp\/v2\/posts\/1848&srcUrl=www.fabregat-perulles-sales.com\/actualidad\/wp-json\/wp\/v2\/posts\/1848&title=Aportaciones de Ley Org\u00e1nica 1\/2015, de 30 de marzo, en materia de responsabilidad penal de las personas jur\u00eddicas\"  onclick=\"javascript:void window.open('http:\/\/widget.renren.com\/dialog\/share?resourceUrl=www.fabregat-perulles-sales.com\/actualidad\/wp-json\/wp\/v2\/posts\/1848&srcUrl=www.fabregat-perulles-sales.com\/actualidad\/wp-json\/wp\/v2\/posts\/1848&title=Aportaciones de Ley Org\u00e1nica 1\/2015, de 30 de marzo, en materia de responsabilidad penal de las personas jur\u00eddicas','1410949501326','width=700,height=500,toolbar=0,menubar=0,location=0,status=1,scrollbars=1,resizable=1,left=0,top=0');return false;\" style=\"background-position: -480px -120px \"><\/a>\r\n\t\t\t\t\t<\/li>\r\n\t\t\t\t\t\t\t\t\t\t<li class=\"none nobackground \" >\r\n\r\n\t\t\t\t\t\t\t\t\t\t\t\t<a id=\"backforunical1848\" href=\"http:\/\/n4g.com\/tips?url=www.fabregat-perulles-sales.com\/actualidad\/wp-json\/wp\/v2\/posts\/1848&title=Aportaciones de Ley Org\u00e1nica 1\/2015, de 30 de marzo, en materia de responsabilidad penal de las personas jur\u00eddicas\"  onclick=\"javascript:void window.open('http:\/\/n4g.com\/tips?url=www.fabregat-perulles-sales.com\/actualidad\/wp-json\/wp\/v2\/posts\/1848&title=Aportaciones de Ley Org\u00e1nica 1\/2015, de 30 de marzo, en materia de responsabilidad penal de las personas jur\u00eddicas','1410949501326','width=700,height=500,toolbar=0,menubar=0,location=0,status=1,scrollbars=1,resizable=1,left=0,top=0');return false;\" style=\"background-position: -510px -120px \"><\/a>\r\n\t\t\t\t\t<\/li>\r\n\t\t\t\t\t\t\t\t<\/ul>\r\n\t\t\t<div class=\"clear\"><\/div>\r\n\t\t<\/div>\r\n\t\t","protected":false},"excerpt":{"rendered":"<p>La modificaci\u00f3n del art\u00edculo 31 del C\u00f3digo Penal y la introducci\u00f3n de los art\u00edculos 31 bis a 31 quinques aportadas por la Ley Org\u00e1nica 1\/2015, de 30 de marzo viene a precisar los sujetos y los supuestos de los que puede derivarse la responsabilidad penal de las personas jur\u00eddicas, e introduce como causa de exenci\u00f3n\u2026 <span class=\"read-more\"><a href=\"https:\/\/www.fabregat-perulles-sales.com\/actualidad\/aportaciones-de-ley-organica-12015-de-30-de-marzo-sobre-el-regimen-de-responsabilidad-penal-de-las-personas-juridicas\/\">Read More &raquo;<\/a><\/span><\/p>\n","protected":false},"author":3,"featured_media":0,"comment_status":"open","ping_status":"closed","sticky":false,"template":"","format":"standard","meta":[],"categories":[6,42,466],"tags":[183,535,534,533,536,515],"yoast_head":"<!-- This site is optimized with the Yoast SEO plugin v20.2.1 - https:\/\/yoast.com\/wordpress\/plugins\/seo\/ -->\n<title>Aportaciones de Ley Org\u00e1nica 1\/2015, de 30 de marzo, en materia de responsabilidad penal de las personas jur\u00eddicas | International Lawyers<\/title>\n<meta name=\"description\" content=\"La modificaci\u00f3n del art\u00edculo 31 del C\u00f3digo Penal y la introducci\u00f3n de los art\u00edculos 31 bis a 31 quinques aportadas por la Ley Org\u00e1nica 1\/2015, de 30 de\" \/>\n<meta name=\"robots\" content=\"index, follow, max-snippet:-1, max-image-preview:large, max-video-preview:-1\" \/>\n<link rel=\"canonical\" href=\"https:\/\/www.fabregat-perulles-sales.com\/actualidad\/aportaciones-de-ley-organica-12015-de-30-de-marzo-sobre-el-regimen-de-responsabilidad-penal-de-las-personas-juridicas\/\" \/>\n<meta property=\"og:locale\" content=\"en_US\" \/>\n<meta property=\"og:type\" content=\"article\" \/>\n<meta property=\"og:title\" content=\"Aportaciones de Ley Org\u00e1nica 1\/2015, de 30 de marzo, en materia de responsabilidad penal de las personas jur\u00eddicas | International Lawyers\" \/>\n<meta property=\"og:description\" content=\"La modificaci\u00f3n del art\u00edculo 31 del C\u00f3digo Penal y la introducci\u00f3n de los art\u00edculos 31 bis a 31 quinques aportadas por la Ley Org\u00e1nica 1\/2015, de 30 de\" \/>\n<meta property=\"og:url\" content=\"https:\/\/www.fabregat-perulles-sales.com\/actualidad\/aportaciones-de-ley-organica-12015-de-30-de-marzo-sobre-el-regimen-de-responsabilidad-penal-de-las-personas-juridicas\/\" \/>\n<meta property=\"og:site_name\" content=\"International Lawyers\" \/>\n<meta property=\"article:published_time\" content=\"2015-05-11T10:23:43+00:00\" \/>\n<meta property=\"article:modified_time\" content=\"2015-05-11T10:24:42+00:00\" \/>\n<meta name=\"author\" content=\"Victor\" \/>\n<meta name=\"twitter:card\" content=\"summary_large_image\" \/>\n<meta name=\"twitter:label1\" content=\"Written by\" \/>\n\t<meta name=\"twitter:data1\" content=\"Victor\" \/>\n\t<meta name=\"twitter:label2\" content=\"Est. reading time\" \/>\n\t<meta name=\"twitter:data2\" content=\"3 minutes\" \/>\n<script type=\"application\/ld+json\" class=\"yoast-schema-graph\">{\"@context\":\"https:\/\/schema.org\",\"@graph\":[{\"@type\":\"WebPage\",\"@id\":\"https:\/\/www.fabregat-perulles-sales.com\/actualidad\/aportaciones-de-ley-organica-12015-de-30-de-marzo-sobre-el-regimen-de-responsabilidad-penal-de-las-personas-juridicas\/\",\"url\":\"https:\/\/www.fabregat-perulles-sales.com\/actualidad\/aportaciones-de-ley-organica-12015-de-30-de-marzo-sobre-el-regimen-de-responsabilidad-penal-de-las-personas-juridicas\/\",\"name\":\"Aportaciones de Ley Org\u00e1nica 1\/2015, de 30 de marzo, en materia de responsabilidad penal de las personas jur\u00eddicas | International Lawyers\",\"isPartOf\":{\"@id\":\"https:\/\/www.fabregat-perulles-sales.com\/actualidad\/#website\"},\"datePublished\":\"2015-05-11T10:23:43+00:00\",\"dateModified\":\"2015-05-11T10:24:42+00:00\",\"author\":{\"@id\":\"https:\/\/www.fabregat-perulles-sales.com\/actualidad\/#\/schema\/person\/cabc1d68c7778f01d5e069c2d98442e3\"},\"description\":\"La modificaci\u00f3n del art\u00edculo 31 del C\u00f3digo Penal y la introducci\u00f3n de los art\u00edculos 31 bis a 31 quinques aportadas por la Ley Org\u00e1nica 1\/2015, de 30 de\",\"breadcrumb\":{\"@id\":\"https:\/\/www.fabregat-perulles-sales.com\/actualidad\/aportaciones-de-ley-organica-12015-de-30-de-marzo-sobre-el-regimen-de-responsabilidad-penal-de-las-personas-juridicas\/#breadcrumb\"},\"inLanguage\":\"en-US\",\"potentialAction\":[{\"@type\":\"ReadAction\",\"target\":[\"https:\/\/www.fabregat-perulles-sales.com\/actualidad\/aportaciones-de-ley-organica-12015-de-30-de-marzo-sobre-el-regimen-de-responsabilidad-penal-de-las-personas-juridicas\/\"]}]},{\"@type\":\"BreadcrumbList\",\"@id\":\"https:\/\/www.fabregat-perulles-sales.com\/actualidad\/aportaciones-de-ley-organica-12015-de-30-de-marzo-sobre-el-regimen-de-responsabilidad-penal-de-las-personas-juridicas\/#breadcrumb\",\"itemListElement\":[{\"@type\":\"ListItem\",\"position\":1,\"name\":\"Home\",\"item\":\"https:\/\/www.fabregat-perulles-sales.com\/actualidad\/\"},{\"@type\":\"ListItem\",\"position\":2,\"name\":\"Aportaciones de Ley Org\u00e1nica 1\/2015, de 30 de marzo, en materia de responsabilidad penal de las personas jur\u00eddicas\"}]},{\"@type\":\"WebSite\",\"@id\":\"https:\/\/www.fabregat-perulles-sales.com\/actualidad\/#website\",\"url\":\"https:\/\/www.fabregat-perulles-sales.com\/actualidad\/\",\"name\":\"www.fabregat-perulles-sales.com\",\"description\":\"Fabregat Perulles Sales Abogados is a law firm of reference international market in the Spanish-German, Spanish-French, and Spanish-Italian. Is one of the first firms in Barcelona offering a Russian Desk.\",\"potentialAction\":[{\"@type\":\"SearchAction\",\"target\":{\"@type\":\"EntryPoint\",\"urlTemplate\":\"https:\/\/www.fabregat-perulles-sales.com\/actualidad\/?s={search_term_string}\"},\"query-input\":\"required name=search_term_string\"}],\"inLanguage\":\"en-US\"},{\"@type\":\"Person\",\"@id\":\"https:\/\/www.fabregat-perulles-sales.com\/actualidad\/#\/schema\/person\/cabc1d68c7778f01d5e069c2d98442e3\",\"name\":\"Victor\",\"image\":{\"@type\":\"ImageObject\",\"inLanguage\":\"en-US\",\"@id\":\"https:\/\/www.fabregat-perulles-sales.com\/actualidad\/#\/schema\/person\/image\/\",\"url\":\"https:\/\/secure.gravatar.com\/avatar\/756cb666a964d2960ffe307b8a53b271?s=96&d=mm&r=g\",\"contentUrl\":\"https:\/\/secure.gravatar.com\/avatar\/756cb666a964d2960ffe307b8a53b271?s=96&d=mm&r=g\",\"caption\":\"Victor\"},\"sameAs\":[\"http:\/\/www.fabregat-perulles-sales.com\"],\"url\":\"https:\/\/www.fabregat-perulles-sales.com\/actualidad\/author\/victor\/\"}]}<\/script>\n<!-- \/ Yoast SEO plugin. -->","yoast_head_json":{"title":"Aportaciones de Ley Org\u00e1nica 1\/2015, de 30 de marzo, en materia de responsabilidad penal de las personas jur\u00eddicas | International Lawyers","description":"La modificaci\u00f3n del art\u00edculo 31 del C\u00f3digo Penal y la introducci\u00f3n de los art\u00edculos 31 bis a 31 quinques aportadas por la Ley Org\u00e1nica 1\/2015, de 30 de","robots":{"index":"index","follow":"follow","max-snippet":"max-snippet:-1","max-image-preview":"max-image-preview:large","max-video-preview":"max-video-preview:-1"},"canonical":"https:\/\/www.fabregat-perulles-sales.com\/actualidad\/aportaciones-de-ley-organica-12015-de-30-de-marzo-sobre-el-regimen-de-responsabilidad-penal-de-las-personas-juridicas\/","og_locale":"en_US","og_type":"article","og_title":"Aportaciones de Ley Org\u00e1nica 1\/2015, de 30 de marzo, en materia de responsabilidad penal de las personas jur\u00eddicas | International Lawyers","og_description":"La modificaci\u00f3n del art\u00edculo 31 del C\u00f3digo Penal y la introducci\u00f3n de los art\u00edculos 31 bis a 31 quinques aportadas por la Ley Org\u00e1nica 1\/2015, de 30 de","og_url":"https:\/\/www.fabregat-perulles-sales.com\/actualidad\/aportaciones-de-ley-organica-12015-de-30-de-marzo-sobre-el-regimen-de-responsabilidad-penal-de-las-personas-juridicas\/","og_site_name":"International Lawyers","article_published_time":"2015-05-11T10:23:43+00:00","article_modified_time":"2015-05-11T10:24:42+00:00","author":"Victor","twitter_card":"summary_large_image","twitter_misc":{"Written by":"Victor","Est. reading time":"3 minutes"},"schema":{"@context":"https:\/\/schema.org","@graph":[{"@type":"WebPage","@id":"https:\/\/www.fabregat-perulles-sales.com\/actualidad\/aportaciones-de-ley-organica-12015-de-30-de-marzo-sobre-el-regimen-de-responsabilidad-penal-de-las-personas-juridicas\/","url":"https:\/\/www.fabregat-perulles-sales.com\/actualidad\/aportaciones-de-ley-organica-12015-de-30-de-marzo-sobre-el-regimen-de-responsabilidad-penal-de-las-personas-juridicas\/","name":"Aportaciones de Ley Org\u00e1nica 1\/2015, de 30 de marzo, en materia de responsabilidad penal de las personas jur\u00eddicas | International Lawyers","isPartOf":{"@id":"https:\/\/www.fabregat-perulles-sales.com\/actualidad\/#website"},"datePublished":"2015-05-11T10:23:43+00:00","dateModified":"2015-05-11T10:24:42+00:00","author":{"@id":"https:\/\/www.fabregat-perulles-sales.com\/actualidad\/#\/schema\/person\/cabc1d68c7778f01d5e069c2d98442e3"},"description":"La modificaci\u00f3n del art\u00edculo 31 del C\u00f3digo Penal y la introducci\u00f3n de los art\u00edculos 31 bis a 31 quinques aportadas por la Ley Org\u00e1nica 1\/2015, de 30 de","breadcrumb":{"@id":"https:\/\/www.fabregat-perulles-sales.com\/actualidad\/aportaciones-de-ley-organica-12015-de-30-de-marzo-sobre-el-regimen-de-responsabilidad-penal-de-las-personas-juridicas\/#breadcrumb"},"inLanguage":"en-US","potentialAction":[{"@type":"ReadAction","target":["https:\/\/www.fabregat-perulles-sales.com\/actualidad\/aportaciones-de-ley-organica-12015-de-30-de-marzo-sobre-el-regimen-de-responsabilidad-penal-de-las-personas-juridicas\/"]}]},{"@type":"BreadcrumbList","@id":"https:\/\/www.fabregat-perulles-sales.com\/actualidad\/aportaciones-de-ley-organica-12015-de-30-de-marzo-sobre-el-regimen-de-responsabilidad-penal-de-las-personas-juridicas\/#breadcrumb","itemListElement":[{"@type":"ListItem","position":1,"name":"Home","item":"https:\/\/www.fabregat-perulles-sales.com\/actualidad\/"},{"@type":"ListItem","position":2,"name":"Aportaciones de Ley Org\u00e1nica 1\/2015, de 30 de marzo, en materia de responsabilidad penal de las personas jur\u00eddicas"}]},{"@type":"WebSite","@id":"https:\/\/www.fabregat-perulles-sales.com\/actualidad\/#website","url":"https:\/\/www.fabregat-perulles-sales.com\/actualidad\/","name":"www.fabregat-perulles-sales.com","description":"Fabregat Perulles Sales Abogados is a law firm of reference international market in the Spanish-German, Spanish-French, and Spanish-Italian. Is one of the first firms in Barcelona offering a Russian Desk.","potentialAction":[{"@type":"SearchAction","target":{"@type":"EntryPoint","urlTemplate":"https:\/\/www.fabregat-perulles-sales.com\/actualidad\/?s={search_term_string}"},"query-input":"required name=search_term_string"}],"inLanguage":"en-US"},{"@type":"Person","@id":"https:\/\/www.fabregat-perulles-sales.com\/actualidad\/#\/schema\/person\/cabc1d68c7778f01d5e069c2d98442e3","name":"Victor","image":{"@type":"ImageObject","inLanguage":"en-US","@id":"https:\/\/www.fabregat-perulles-sales.com\/actualidad\/#\/schema\/person\/image\/","url":"https:\/\/secure.gravatar.com\/avatar\/756cb666a964d2960ffe307b8a53b271?s=96&d=mm&r=g","contentUrl":"https:\/\/secure.gravatar.com\/avatar\/756cb666a964d2960ffe307b8a53b271?s=96&d=mm&r=g","caption":"Victor"},"sameAs":["http:\/\/www.fabregat-perulles-sales.com"],"url":"https:\/\/www.fabregat-perulles-sales.com\/actualidad\/author\/victor\/"}]}},"amp_enabled":true,"_links":{"self":[{"href":"https:\/\/www.fabregat-perulles-sales.com\/actualidad\/wp-json\/wp\/v2\/posts\/1848"}],"collection":[{"href":"https:\/\/www.fabregat-perulles-sales.com\/actualidad\/wp-json\/wp\/v2\/posts"}],"about":[{"href":"https:\/\/www.fabregat-perulles-sales.com\/actualidad\/wp-json\/wp\/v2\/types\/post"}],"author":[{"embeddable":true,"href":"https:\/\/www.fabregat-perulles-sales.com\/actualidad\/wp-json\/wp\/v2\/users\/3"}],"replies":[{"embeddable":true,"href":"https:\/\/www.fabregat-perulles-sales.com\/actualidad\/wp-json\/wp\/v2\/comments?post=1848"}],"version-history":[{"count":6,"href":"https:\/\/www.fabregat-perulles-sales.com\/actualidad\/wp-json\/wp\/v2\/posts\/1848\/revisions"}],"predecessor-version":[{"id":1854,"href":"https:\/\/www.fabregat-perulles-sales.com\/actualidad\/wp-json\/wp\/v2\/posts\/1848\/revisions\/1854"}],"wp:attachment":[{"href":"https:\/\/www.fabregat-perulles-sales.com\/actualidad\/wp-json\/wp\/v2\/media?parent=1848"}],"wp:term":[{"taxonomy":"category","embeddable":true,"href":"https:\/\/www.fabregat-perulles-sales.com\/actualidad\/wp-json\/wp\/v2\/categories?post=1848"},{"taxonomy":"post_tag","embeddable":true,"href":"https:\/\/www.fabregat-perulles-sales.com\/actualidad\/wp-json\/wp\/v2\/tags?post=1848"}],"curies":[{"name":"wp","href":"https:\/\/api.w.org\/{rel}","templated":true}]}}