{"id":1836,"date":"2015-05-07T10:12:40","date_gmt":"2015-05-07T09:12:40","guid":{"rendered":"http:\/\/www.fabregat-perulles-sales.com\/actualidad\/?p=1836"},"modified":"2015-05-07T10:12:40","modified_gmt":"2015-05-07T09:12:40","slug":"ley-42015-de-27-de-abril-del-estatuto-de-la-victima-del-delito","status":"publish","type":"post","link":"https:\/\/www.fabregat-perulles-sales.com\/actualidad\/ley-42015-de-27-de-abril-del-estatuto-de-la-victima-del-delito\/","title":{"rendered":"Ley 4\/2015, de 27 de abril, del Estatuto de la v\u00edctima del delito"},"content":{"rendered":"<p><a href=\"http:\/\/www.boe.es\/diario_boe\/txt.php?id=BOE-A-2015-4606\">La Ley 4\/2015, de 27 de abril<\/a>, del Estatuto de la v\u00edctima del delito transpone al ordenamiento espa\u00f1ol la exigencia de m\u00ednimos establecidos por la Directiva 2012\/29\/UE del Parlamento Europeo y del Consejo, de 25 de octubre de 2012, por la que se establecen normas m\u00ednimas sobre los derechos, el apoyo y la protecci\u00f3n de las v\u00edctimas de delitos.<\/p>\n<p><!--more--><\/p>\n<p>El texto tiene vocaci\u00f3n de ser el cat\u00e1logo general de los <b>derechos procesales y extraprocesales<\/b> de todas las v\u00edctimas de delitos, sin perjuicio de las remisiones a normativa especial en materia de v\u00edctimas con especiales necesidades o con especial vulnerabilidad.<\/p>\n<p>La regulaci\u00f3n parte de un concepto amplio de v\u00edctima, comprensivo de aquella que lo es por cualquier delito y con independencia de la naturaleza del perjuicio f\u00edsico, moral o material que se le haya irrogado. Considera a la <b>v\u00edctima directa<\/b>, pero tambi\u00e9n a <b>v\u00edctimas indirectas, como familiares o asimilados<\/b>.<\/p>\n<p>Los derechos que en el texto se recogen ser\u00e1n de aplicaci\u00f3n a <strong>todas las v\u00edctimas de delitos ocurridos en Espa\u00f1a<\/strong> o que puedan ser perseguidos en Espa\u00f1a, con independencia de la nacionalidad de la v\u00edctima o de si disfrutan o no de residencia legal.<\/p>\n<p>Le Ley articula su contenido de la siguiente manera:<\/p>\n<ul>\n<li><b>T\u00edtulo preliminar:<\/b> incluye cat\u00e1logo general de derechos comunes a todas las v\u00edctimas, refiri\u00e9ndose tanto a los servicios de apoyo como a los de justicia reparadora que se establezcan legalmente, y a las actuaciones a lo largo del proceso penal en todas sus fases.<br \/>\nSe recogen, entre otros, el derecho a la informaci\u00f3n, a la protecci\u00f3n y al apoyo en todo caso, el derecho a participar activamente en el proceso penal, el derecho al reconocimiento como tal v\u00edctima y el derecho a un trato respetuoso, profesional, individualizado y no discriminatorio.<\/li>\n<\/ul>\n<ul>\n<li><b>El T\u00edtulo I:<\/b> reconoce una serie de derechos extraprocesales, tambi\u00e9n comunes a todas las v\u00edctimas, con independencia de que sean parte en un proceso penal o hayan decidido o no ejercer alg\u00fan tipo de acci\u00f3n, incluso con anterioridad a la iniciaci\u00f3n del proceso penal.<\/li>\n<\/ul>\n<ul>\n<li><b>El T\u00edtulo II<\/b>: sistematiza los derechos de la v\u00edctima en cuanto a su participaci\u00f3n en el proceso penal, independientemente de las medidas de protecci\u00f3n de la v\u00edctima en el proceso.<\/li>\n<\/ul>\n<ul>\n<li><b>T\u00edtulo III:<\/b> aborda cuestiones relativas a la protecci\u00f3n y reconocimiento de las v\u00edctimas, as\u00ed como las medidas de protecci\u00f3n espec\u00edficas para cierto tipo de v\u00edctimas.<\/li>\n<\/ul>\n<ul>\n<li><b>El T\u00edtulo IV<\/b>: recoge una serie de disposiciones comunes como son, por ejemplo, las relativas a la organizaci\u00f3n y funcionamiento de las Oficinas de Asistencia a las V\u00edctimas de delito, el fomento de la formaci\u00f3n de operadores jur\u00eddicos y del personal al servicio de la Administraci\u00f3n de Justicia en el trato a las v\u00edctimas, la sensibilizaci\u00f3n y concienciaci\u00f3n mediante campa\u00f1as de informaci\u00f3n, la investigaci\u00f3n y educaci\u00f3n en materia de apoyo, protecci\u00f3n y solidaridad con las v\u00edctimas, la cooperaci\u00f3n con la sociedad civil y en el \u00e1mbito internacional.<\/li>\n<\/ul>\n<p>Finalmente, la Ley prev\u00e9 la creaci\u00f3n y su ulterior <strong>desarrollo reglamentario<\/strong> de un mecanismo de evaluaci\u00f3n peri\u00f3dica global del sistema de apoyo y protecci\u00f3n a las v\u00edctimas, con participaci\u00f3n de los agentes y colectivos implicados, e introduce las respectivas modificaciones a la Ley de Enjuiciamiento Criminal y a la Ley Org\u00e1nica 10\/1995, de 23 de noviembre, del C\u00f3digo Penal.<\/p>\n\r\n\t\t<style>\r\n\t\t\t.huge-it-share-buttons {\r\n\t\t\t\tborder:0px solid #0FB5D6;\r\n\t\t\t\tborder-radius:5px;\r\n\t\t\t\tbackground:#3BD8FF;\r\n\t\t\t text-align:left; \t\t\t\t\t\t\t\t\t}\r\n\r\n\t\t\t#huge-it-share-buttons-top {margin-bottom:0px;}\r\n\t\t\t#huge-it-share-buttons-bottom {margin-top:0px;}\r\n\r\n\t\t\t.huge-it-share-buttons h3 {\r\n\t\t\t\tfont-size:25px ;\r\n\t\t\t\tfont-family:Arial,Helvetica Neue,Helvetica,sans-serif;\r\n\t\t\t\tcolor:#666666;\r\n\r\n\t\t\tdisplay:block;\t\t\t\tline-height:25px ;\r\n\r\n\t\t\t text-align:left; \t\t\t\t\t\t\t\t\t}\r\n\r\n\t\t\t.huge-it-share-buttons ul {\r\n\t\t\t float:left; \t\t\t\t\t\t\t\t\t}\r\n\r\n\t\t\t.huge-it-share-buttons ul li {\r\n\t\t\t\tmargin-left:3px;\r\n\t\t\t\tmargin-right:3px;\r\n\t\t\t\tpadding:0px;\r\n\t\t\t\tborder:0px ridge #E6354C;\r\n\t\t\t\tborder-radius:11px;\r\n\t\t\t\tbackground-color:#14CC9B;\r\n\t\t\t}\r\n\r\n\t\t\t.huge-it-share-buttons ul li #backforunical1836 {\r\n\t\t\t\tborder-bottom: 0;\r\n\t\t\t\tbackground-image:url('https:\/\/www.fabregat-perulles-sales.com\/actualidad\/wp-content\/plugins\/wp-share-buttons\/Front_end\/..\/images\/buttons.30.png');\r\n\t\t\t\twidth:30px;\r\n\t\t\t\theight:30px;\r\n\t\t\t}\r\n\r\n\t\t\t.front-shares-count {\r\n\t\t\t\tposition: absolute;\r\n\t\t\t\ttext-align: center;\r\n\t\t\t\tdisplay: block;\r\n\t\t\t}\r\n\r\n\t\t\t.shares_size20 .front-shares-count {\r\n\t\t\t\tfont-size: 10px;\r\n\t\t\t\ttop: 10px;\r\n\t\t\t\twidth: 20px;\r\n\t\t\t}\r\n\r\n\t\t\t.shares_size30 .front-shares-count {\r\n\t\t\t\tfont-size: 11px;\r\n\t\t\t\ttop: 15px;\r\n\t\t\t\twidth: 30px;\r\n\t\t\t}\r\n\r\n\t\t\t.shares_size40 .front-shares-count {\r\n\t\t\t\tfont-size: 12px;\r\n\t\t\t\ttop: 21px;\r\n\t\t\t\twidth: 40px;\r\n\t\t\t}\r\n\t\t<\/style>\r\n\t\t\r\n\t\t<div id=\"huge-it-share-buttons-top\" class=\"huge-it-share-buttons nobackground\">\r\n\t\t\t<h3>Share This:<\/h3>\r\n\t\t\t<ul class=\"huge-it-share-buttons-list \">\r\n\t\t\t\t\t\t\t\t\t<li class=\"nobackground \" >\r\n\r\n\t\t\t\t\t\t\t\t\t\t\t\t<a id=\"backforunical1836\" href=\"https:\/\/www.facebook.com\/sharer\/sharer.php?u=www.fabregat-perulles-sales.com\/actualidad\/wp-json\/wp\/v2\/posts\/1836\"  onclick=\"javascript:void window.open('https:\/\/www.facebook.com\/sharer\/sharer.php?u=www.fabregat-perulles-sales.com\/actualidad\/wp-json\/wp\/v2\/posts\/1836','1410949501326','width=700,height=500,toolbar=0,menubar=0,location=0,status=1,scrollbars=1,resizable=1,left=0,top=0');return false;\" style=\"background-position: -0px -120px \"><\/a>\r\n\t\t\t\t\t<\/li>\r\n\t\t\t\t\t\t\t\t\t\t<li class=\"nobackground \" >\r\n\r\n\t\t\t\t\t\t\t\t\t\t\t\t<a id=\"backforunical1836\" href=\"https:\/\/twitter.com\/share?status=www.fabregat-perulles-sales.com\/actualidad\/wp-json\/wp\/v2\/posts\/1836&text=Ley 4\/2015, de 27 de abril, del Estatuto de la v\u00edctima del delito\"  onclick=\"javascript:void window.open('https:\/\/twitter.com\/share?status=www.fabregat-perulles-sales.com\/actualidad\/wp-json\/wp\/v2\/posts\/1836&text=Ley 4\/2015, de 27 de abril, del Estatuto de la v\u00edctima del delito','1410949501326','width=700,height=500,toolbar=0,menubar=0,location=0,status=1,scrollbars=1,resizable=1,left=0,top=0');return false;\" style=\"background-position: -30px -120px \"><\/a>\r\n\t\t\t\t\t<\/li>\r\n\t\t\t\t\t\t\t\t\t\t<li class=\"none nobackground \" >\r\n\r\n\t\t\t\t\t\t\t\t\t\t\t\t<a id=\"backforunical1836\" href=\"http:\/\/www.pinterest.com\/pin\/create\/button\/?url=www.fabregat-perulles-sales.com\/actualidad\/wp-json\/wp\/v2\/posts\/1836&media=https:\/\/www.fabregat-perulles-sales.com\/actualidad\/wp-content\/plugins\/wp-share-buttons\/Front_end\/..\/images\/noimage.png&description=Ley 4\/2015, de 27 de abril, del Estatuto de la v\u00edctima del delito\"  onclick=\"javascript:void window.open('http:\/\/www.pinterest.com\/pin\/create\/button\/?url=www.fabregat-perulles-sales.com\/actualidad\/wp-json\/wp\/v2\/posts\/1836&media=https:\/\/www.fabregat-perulles-sales.com\/actualidad\/wp-content\/plugins\/wp-share-buttons\/Front_end\/..\/images\/noimage.png&description=Ley 4\/2015, de 27 de abril, del Estatuto de la v\u00edctima del delito','1410949501326','width=700,height=500,toolbar=0,menubar=0,location=0,status=1,scrollbars=1,resizable=1,left=0,top=0');return false;\" style=\"background-position: -60px -120px \"><\/a>\r\n\t\t\t\t\t<\/li>\r\n\t\t\t\t\t\t\t\t\t\t<li class=\"none nobackground \" >\r\n\r\n\t\t\t\t\t\t\t\t\t\t\t\t<a id=\"backforunical1836\" href=\"https:\/\/plus.google.com\/share?url=www.fabregat-perulles-sales.com\/actualidad\/wp-json\/wp\/v2\/posts\/1836\"  onclick=\"javascript:void window.open('https:\/\/plus.google.com\/share?url=www.fabregat-perulles-sales.com\/actualidad\/wp-json\/wp\/v2\/posts\/1836','1410949501326','width=700,height=500,toolbar=0,menubar=0,location=0,status=1,scrollbars=1,resizable=1,left=0,top=0');return false;\" style=\"background-position: -90px -120px \"><\/a>\r\n\t\t\t\t\t<\/li>\r\n\t\t\t\t\t\t\t\t\t\t<li class=\"nobackground \" >\r\n\r\n\t\t\t\t\t\t\t\t\t\t\t\t<a id=\"backforunical1836\" href=\"https:\/\/www.linkedin.com\/shareArticle?title=Ley 4\/2015, de 27 de abril, del Estatuto de la v\u00edctima del delito&mini=true&url=https:\/\/www.fabregat-perulles-sales.com\/actualidad\/wp-json\/wp\/v2\/posts\/1836\"  onclick=\"javascript:void window.open('https:\/\/www.linkedin.com\/shareArticle?title=Ley 4\/2015, de 27 de abril, del Estatuto de la v\u00edctima del delito&mini=true&url=https:\/\/www.fabregat-perulles-sales.com\/actualidad\/wp-json\/wp\/v2\/posts\/1836','1410949501326','width=700,height=500,toolbar=0,menubar=0,location=0,status=1,scrollbars=1,resizable=1,left=0,top=0');return false;\" style=\"background-position: -120px -120px \"><\/a>\r\n\t\t\t\t\t<\/li>\r\n\t\t\t\t\t\t\t\t\t\t<li class=\"none nobackground \" >\r\n\r\n\t\t\t\t\t\t\t\t\t\t\t\t<a id=\"backforunical1836\" href=\"https:\/\/www.tumblr.com\/share\/link?url=www.fabregat-perulles-sales.com\/actualidad\/wp-json\/wp\/v2\/posts\/1836&name=Ley 4\/2015, de 27 de abril, del Estatuto de la v\u00edctima del delito\"  onclick=\"javascript:void window.open('https:\/\/www.tumblr.com\/share\/link?url=www.fabregat-perulles-sales.com\/actualidad\/wp-json\/wp\/v2\/posts\/1836&name=Ley 4\/2015, de 27 de abril, del Estatuto de la v\u00edctima del delito','1410949501326','width=700,height=500,toolbar=0,menubar=0,location=0,status=1,scrollbars=1,resizable=1,left=0,top=0');return false;\" style=\"background-position: -150px -120px \"><\/a>\r\n\t\t\t\t\t<\/li>\r\n\t\t\t\t\t\t\t\t\t\t<li class=\"none nobackground \" >\r\n\r\n\t\t\t\t\t\t\t\t\t\t\t\t<a id=\"backforunical1836\" href=\"http:\/\/digg.com\/submit?phase=2&url=www.fabregat-perulles-sales.com\/actualidad\/wp-json\/wp\/v2\/posts\/1836&title=Ley 4\/2015, de 27 de abril, del Estatuto de la v\u00edctima del delito\"  onclick=\"javascript:void window.open('http:\/\/digg.com\/submit?phase=2&url=www.fabregat-perulles-sales.com\/actualidad\/wp-json\/wp\/v2\/posts\/1836&title=Ley 4\/2015, de 27 de abril, del Estatuto de la v\u00edctima del delito','1410949501326','width=700,height=500,toolbar=0,menubar=0,location=0,status=1,scrollbars=1,resizable=1,left=0,top=0');return false;\" style=\"background-position: -180px -120px \"><\/a>\r\n\t\t\t\t\t<\/li>\r\n\t\t\t\t\t\t\t\t\t\t<li class=\"none nobackground \" >\r\n\r\n\t\t\t\t\t\t\t\t\t\t\t\t<a id=\"backforunical1836\" href=\"http:\/\/www.stumbleupon.com\/submit?url=www.fabregat-perulles-sales.com\/actualidad\/wp-json\/wp\/v2\/posts\/1836&title=Ley 4\/2015, de 27 de abril, del Estatuto de la v\u00edctima del delito\"  onclick=\"javascript:void window.open('http:\/\/www.stumbleupon.com\/submit?url=www.fabregat-perulles-sales.com\/actualidad\/wp-json\/wp\/v2\/posts\/1836&title=Ley 4\/2015, de 27 de abril, del Estatuto de la v\u00edctima del delito','1410949501326','width=700,height=500,toolbar=0,menubar=0,location=0,status=1,scrollbars=1,resizable=1,left=0,top=0');return false;\" style=\"background-position: -210px -120px \"><\/a>\r\n\t\t\t\t\t<\/li>\r\n\t\t\t\t\t\t\t\t\t\t<li class=\"none nobackground \" >\r\n\r\n\t\t\t\t\t\t\t\t\t\t\t\t<a id=\"backforunical1836\" href=\"https:\/\/myspace.com\/post?l=3&u=www.fabregat-perulles-sales.com\/actualidad\/wp-json\/wp\/v2\/posts\/1836\"  onclick=\"javascript:void window.open('https:\/\/myspace.com\/post?l=3&u=www.fabregat-perulles-sales.com\/actualidad\/wp-json\/wp\/v2\/posts\/1836','1410949501326','width=700,height=500,toolbar=0,menubar=0,location=0,status=1,scrollbars=1,resizable=1,left=0,top=0');return false;\" style=\"background-position: -240px -120px \"><\/a>\r\n\t\t\t\t\t<\/li>\r\n\t\t\t\t\t\t\t\t\t\t<li class=\"nobackground \" >\r\n\r\n\t\t\t\t\t\t\t\t\t\t\t\t<a id=\"backforunical1836\" href=\"http:\/\/vk.com\/share.php?url=www.fabregat-perulles-sales.com\/actualidad\/wp-json\/wp\/v2\/posts\/1836&title=Ley 4\/2015, de 27 de abril, del Estatuto de la v\u00edctima del delito\"  onclick=\"javascript:void window.open('http:\/\/vk.com\/share.php?url=www.fabregat-perulles-sales.com\/actualidad\/wp-json\/wp\/v2\/posts\/1836&title=Ley 4\/2015, de 27 de abril, del Estatuto de la v\u00edctima del delito','1410949501326','width=700,height=500,toolbar=0,menubar=0,location=0,status=1,scrollbars=1,resizable=1,left=0,top=0');return false;\" style=\"background-position: -270px -120px \"><\/a>\r\n\t\t\t\t\t<\/li>\r\n\t\t\t\t\t\t\t\t\t\t<li class=\"none nobackground \" >\r\n\r\n\t\t\t\t\t\t\t\t\t\t\t\t<a id=\"backforunical1836\" href=\"http:\/\/www.reddit.com\/submit?url=www.fabregat-perulles-sales.com\/actualidad\/wp-json\/wp\/v2\/posts\/1836&title=Ley 4\/2015, de 27 de abril, del Estatuto de la v\u00edctima del delito\"  onclick=\"javascript:void window.open('http:\/\/www.reddit.com\/submit?url=www.fabregat-perulles-sales.com\/actualidad\/wp-json\/wp\/v2\/posts\/1836&title=Ley 4\/2015, de 27 de abril, del Estatuto de la v\u00edctima del delito','1410949501326','width=700,height=500,toolbar=0,menubar=0,location=0,status=1,scrollbars=1,resizable=1,left=0,top=0');return false;\" style=\"background-position: -300px -120px \"><\/a>\r\n\t\t\t\t\t<\/li>\r\n\t\t\t\t\t\t\t\t\t\t<li class=\"none nobackground \" >\r\n\r\n\t\t\t\t\t\t\t\t\t\t\t\t<a id=\"backforunical1836\" href=\"http:\/\/www.bebo.com\/c\/share?Url=www.fabregat-perulles-sales.com\/actualidad\/wp-json\/wp\/v2\/posts\/1836\"  onclick=\"javascript:void window.open('http:\/\/www.bebo.com\/c\/share?Url=www.fabregat-perulles-sales.com\/actualidad\/wp-json\/wp\/v2\/posts\/1836','1410949501326','width=700,height=500,toolbar=0,menubar=0,location=0,status=1,scrollbars=1,resizable=1,left=0,top=0');return false;\" style=\"background-position: -330px -120px \"><\/a>\r\n\t\t\t\t\t<\/li>\r\n\t\t\t\t\t\t\t\t\t\t<li class=\"none nobackground \" >\r\n\r\n\t\t\t\t\t\t\t\t\t\t\t\t<a id=\"backforunical1836\" href=\"https:\/\/delicious.com\/save?v=5&noui&jump=close&url=www.fabregat-perulles-sales.com\/actualidad\/wp-json\/wp\/v2\/posts\/1836&title=Ley 4\/2015, de 27 de abril, del Estatuto de la v\u00edctima del delito\"  onclick=\"javascript:void window.open('https:\/\/delicious.com\/save?v=5&noui&jump=close&url=www.fabregat-perulles-sales.com\/actualidad\/wp-json\/wp\/v2\/posts\/1836&title=Ley 4\/2015, de 27 de abril, del Estatuto de la v\u00edctima del delito','1410949501326','width=700,height=500,toolbar=0,menubar=0,location=0,status=1,scrollbars=1,resizable=1,left=0,top=0');return false;\" style=\"background-position: -360px -120px \"><\/a>\r\n\t\t\t\t\t<\/li>\r\n\t\t\t\t\t\t\t\t\t\t<li class=\"none nobackground \" >\r\n\r\n\t\t\t\t\t\t\t\t\t\t\t\t<a id=\"backforunical1836\" href=\"http:\/\/www.odnoklassniki.ru\/dk?st.cmd=addShare&st.s=2&st.noresize=on&st._surl=www.fabregat-perulles-sales.com\/actualidad\/wp-json\/wp\/v2\/posts\/1836\"  onclick=\"javascript:void window.open('http:\/\/www.odnoklassniki.ru\/dk?st.cmd=addShare&st.s=2&st.noresize=on&st._surl=www.fabregat-perulles-sales.com\/actualidad\/wp-json\/wp\/v2\/posts\/1836','1410949501326','width=700,height=500,toolbar=0,menubar=0,location=0,status=1,scrollbars=1,resizable=1,left=0,top=0');return false;\" style=\"background-position: -390px -120px \"><\/a>\r\n\t\t\t\t\t<\/li>\r\n\t\t\t\t\t\t\t\t\t\t<li class=\"none nobackground \" >\r\n\r\n\t\t\t\t\t\t\t\t\t\t\t\t<a id=\"backforunical1836\" href=\"http:\/\/sns.qzone.qq.com\/cgi-bin\/qzshare\/cgi_qzshare_onekey?url=www.fabregat-perulles-sales.com\/actualidad\/wp-json\/wp\/v2\/posts\/1836&title=Ley 4\/2015, de 27 de abril, del Estatuto de la v\u00edctima del delito\"  onclick=\"javascript:void window.open('http:\/\/sns.qzone.qq.com\/cgi-bin\/qzshare\/cgi_qzshare_onekey?url=www.fabregat-perulles-sales.com\/actualidad\/wp-json\/wp\/v2\/posts\/1836&title=Ley 4\/2015, de 27 de abril, del Estatuto de la v\u00edctima del delito','1410949501326','width=700,height=500,toolbar=0,menubar=0,location=0,status=1,scrollbars=1,resizable=1,left=0,top=0');return false;\" style=\"background-position: -420px -120px \"><\/a>\r\n\t\t\t\t\t<\/li>\r\n\t\t\t\t\t\t\t\t\t\t<li class=\"none nobackground \" >\r\n\r\n\t\t\t\t\t\t\t\t\t\t\t\t<a id=\"backforunical1836\" href=\"http:\/\/service.weibo.com\/share\/share.php?url=www.fabregat-perulles-sales.com\/actualidad\/wp-json\/wp\/v2\/posts\/1836&appkey=&title=Ley 4\/2015, de 27 de abril, del Estatuto de la v\u00edctima del delito&pic=&ralateUid=&\"  onclick=\"javascript:void window.open('http:\/\/service.weibo.com\/share\/share.php?url=www.fabregat-perulles-sales.com\/actualidad\/wp-json\/wp\/v2\/posts\/1836&appkey=&title=Ley 4\/2015, de 27 de abril, del Estatuto de la v\u00edctima del delito&pic=&ralateUid=&','1410949501326','width=700,height=500,toolbar=0,menubar=0,location=0,status=1,scrollbars=1,resizable=1,left=0,top=0');return false;\" style=\"background-position: -450px -120px \"><\/a>\r\n\t\t\t\t\t<\/li>\r\n\t\t\t\t\t\t\t\t\t\t<li class=\"none nobackground \" >\r\n\r\n\t\t\t\t\t\t\t\t\t\t\t\t<a id=\"backforunical1836\" href=\"http:\/\/widget.renren.com\/dialog\/share?resourceUrl=www.fabregat-perulles-sales.com\/actualidad\/wp-json\/wp\/v2\/posts\/1836&srcUrl=www.fabregat-perulles-sales.com\/actualidad\/wp-json\/wp\/v2\/posts\/1836&title=Ley 4\/2015, de 27 de abril, del Estatuto de la v\u00edctima del delito\"  onclick=\"javascript:void window.open('http:\/\/widget.renren.com\/dialog\/share?resourceUrl=www.fabregat-perulles-sales.com\/actualidad\/wp-json\/wp\/v2\/posts\/1836&srcUrl=www.fabregat-perulles-sales.com\/actualidad\/wp-json\/wp\/v2\/posts\/1836&title=Ley 4\/2015, de 27 de abril, del Estatuto de la v\u00edctima del delito','1410949501326','width=700,height=500,toolbar=0,menubar=0,location=0,status=1,scrollbars=1,resizable=1,left=0,top=0');return false;\" style=\"background-position: -480px -120px \"><\/a>\r\n\t\t\t\t\t<\/li>\r\n\t\t\t\t\t\t\t\t\t\t<li class=\"none nobackground \" >\r\n\r\n\t\t\t\t\t\t\t\t\t\t\t\t<a id=\"backforunical1836\" href=\"http:\/\/n4g.com\/tips?url=www.fabregat-perulles-sales.com\/actualidad\/wp-json\/wp\/v2\/posts\/1836&title=Ley 4\/2015, de 27 de abril, del Estatuto de la v\u00edctima del delito\"  onclick=\"javascript:void window.open('http:\/\/n4g.com\/tips?url=www.fabregat-perulles-sales.com\/actualidad\/wp-json\/wp\/v2\/posts\/1836&title=Ley 4\/2015, de 27 de abril, del Estatuto de la v\u00edctima del delito','1410949501326','width=700,height=500,toolbar=0,menubar=0,location=0,status=1,scrollbars=1,resizable=1,left=0,top=0');return false;\" style=\"background-position: -510px -120px \"><\/a>\r\n\t\t\t\t\t<\/li>\r\n\t\t\t\t\t\t\t\t<\/ul>\r\n\t\t\t<div class=\"clear\"><\/div>\r\n\t\t<\/div>\r\n\t\t","protected":false},"excerpt":{"rendered":"<p>La Ley 4\/2015, de 27 de abril, del Estatuto de la v\u00edctima del delito transpone al ordenamiento espa\u00f1ol la exigencia de m\u00ednimos establecidos por la Directiva 2012\/29\/UE del Parlamento Europeo y del Consejo, de 25 de octubre de 2012, por la que se establecen normas m\u00ednimas sobre los derechos, el apoyo y la protecci\u00f3n de\u2026 <span class=\"read-more\"><a href=\"https:\/\/www.fabregat-perulles-sales.com\/actualidad\/ley-42015-de-27-de-abril-del-estatuto-de-la-victima-del-delito\/\">Read More &raquo;<\/a><\/span><\/p>\n","protected":false},"author":3,"featured_media":0,"comment_status":"open","ping_status":"closed","sticky":false,"template":"","format":"standard","meta":[],"categories":[42,466],"tags":[776,531,532,530],"yoast_head":"<!-- This site is optimized with the Yoast SEO plugin v20.2.1 - https:\/\/yoast.com\/wordpress\/plugins\/seo\/ -->\n<title>Ley 4\/2015, de 27 de abril, del Estatuto de la v\u00edctima del delito | International Lawyers<\/title>\n<meta name=\"description\" content=\"La Ley 4\/2015, de 27 de abril, del Estatuto de la v\u00edctima del delito transpone al ordenamiento espa\u00f1ol la exigencia de m\u00ednimos establecidos por la\" \/>\n<meta name=\"robots\" content=\"index, follow, max-snippet:-1, max-image-preview:large, max-video-preview:-1\" \/>\n<link rel=\"canonical\" href=\"https:\/\/www.fabregat-perulles-sales.com\/actualidad\/ley-42015-de-27-de-abril-del-estatuto-de-la-victima-del-delito\/\" \/>\n<meta property=\"og:locale\" content=\"en_US\" \/>\n<meta property=\"og:type\" content=\"article\" \/>\n<meta property=\"og:title\" content=\"Ley 4\/2015, de 27 de abril, del Estatuto de la v\u00edctima del delito | International Lawyers\" \/>\n<meta property=\"og:description\" content=\"La Ley 4\/2015, de 27 de abril, del Estatuto de la v\u00edctima del delito transpone al ordenamiento espa\u00f1ol la exigencia de m\u00ednimos establecidos por la\" \/>\n<meta property=\"og:url\" content=\"https:\/\/www.fabregat-perulles-sales.com\/actualidad\/ley-42015-de-27-de-abril-del-estatuto-de-la-victima-del-delito\/\" \/>\n<meta property=\"og:site_name\" content=\"International Lawyers\" \/>\n<meta property=\"article:published_time\" content=\"2015-05-07T09:12:40+00:00\" \/>\n<meta name=\"author\" content=\"Victor\" \/>\n<meta name=\"twitter:card\" content=\"summary_large_image\" \/>\n<meta name=\"twitter:label1\" content=\"Written by\" \/>\n\t<meta name=\"twitter:data1\" content=\"Victor\" \/>\n\t<meta name=\"twitter:label2\" content=\"Est. reading time\" \/>\n\t<meta name=\"twitter:data2\" content=\"3 minutes\" \/>\n<script type=\"application\/ld+json\" class=\"yoast-schema-graph\">{\"@context\":\"https:\/\/schema.org\",\"@graph\":[{\"@type\":\"WebPage\",\"@id\":\"https:\/\/www.fabregat-perulles-sales.com\/actualidad\/ley-42015-de-27-de-abril-del-estatuto-de-la-victima-del-delito\/\",\"url\":\"https:\/\/www.fabregat-perulles-sales.com\/actualidad\/ley-42015-de-27-de-abril-del-estatuto-de-la-victima-del-delito\/\",\"name\":\"Ley 4\/2015, de 27 de abril, del Estatuto de la v\u00edctima del delito | International Lawyers\",\"isPartOf\":{\"@id\":\"https:\/\/www.fabregat-perulles-sales.com\/actualidad\/#website\"},\"datePublished\":\"2015-05-07T09:12:40+00:00\",\"dateModified\":\"2015-05-07T09:12:40+00:00\",\"author\":{\"@id\":\"https:\/\/www.fabregat-perulles-sales.com\/actualidad\/#\/schema\/person\/cabc1d68c7778f01d5e069c2d98442e3\"},\"description\":\"La Ley 4\/2015, de 27 de abril, del Estatuto de la v\u00edctima del delito transpone al ordenamiento espa\u00f1ol la exigencia de m\u00ednimos establecidos por la\",\"breadcrumb\":{\"@id\":\"https:\/\/www.fabregat-perulles-sales.com\/actualidad\/ley-42015-de-27-de-abril-del-estatuto-de-la-victima-del-delito\/#breadcrumb\"},\"inLanguage\":\"en-US\",\"potentialAction\":[{\"@type\":\"ReadAction\",\"target\":[\"https:\/\/www.fabregat-perulles-sales.com\/actualidad\/ley-42015-de-27-de-abril-del-estatuto-de-la-victima-del-delito\/\"]}]},{\"@type\":\"BreadcrumbList\",\"@id\":\"https:\/\/www.fabregat-perulles-sales.com\/actualidad\/ley-42015-de-27-de-abril-del-estatuto-de-la-victima-del-delito\/#breadcrumb\",\"itemListElement\":[{\"@type\":\"ListItem\",\"position\":1,\"name\":\"Home\",\"item\":\"https:\/\/www.fabregat-perulles-sales.com\/actualidad\/\"},{\"@type\":\"ListItem\",\"position\":2,\"name\":\"Ley 4\/2015, de 27 de abril, del Estatuto de la v\u00edctima del delito\"}]},{\"@type\":\"WebSite\",\"@id\":\"https:\/\/www.fabregat-perulles-sales.com\/actualidad\/#website\",\"url\":\"https:\/\/www.fabregat-perulles-sales.com\/actualidad\/\",\"name\":\"www.fabregat-perulles-sales.com\",\"description\":\"Fabregat Perulles Sales Abogados is a law firm of reference international market in the Spanish-German, Spanish-French, and Spanish-Italian. Is one of the first firms in Barcelona offering a Russian Desk.\",\"potentialAction\":[{\"@type\":\"SearchAction\",\"target\":{\"@type\":\"EntryPoint\",\"urlTemplate\":\"https:\/\/www.fabregat-perulles-sales.com\/actualidad\/?s={search_term_string}\"},\"query-input\":\"required name=search_term_string\"}],\"inLanguage\":\"en-US\"},{\"@type\":\"Person\",\"@id\":\"https:\/\/www.fabregat-perulles-sales.com\/actualidad\/#\/schema\/person\/cabc1d68c7778f01d5e069c2d98442e3\",\"name\":\"Victor\",\"image\":{\"@type\":\"ImageObject\",\"inLanguage\":\"en-US\",\"@id\":\"https:\/\/www.fabregat-perulles-sales.com\/actualidad\/#\/schema\/person\/image\/\",\"url\":\"https:\/\/secure.gravatar.com\/avatar\/756cb666a964d2960ffe307b8a53b271?s=96&d=mm&r=g\",\"contentUrl\":\"https:\/\/secure.gravatar.com\/avatar\/756cb666a964d2960ffe307b8a53b271?s=96&d=mm&r=g\",\"caption\":\"Victor\"},\"sameAs\":[\"http:\/\/www.fabregat-perulles-sales.com\"],\"url\":\"https:\/\/www.fabregat-perulles-sales.com\/actualidad\/author\/victor\/\"}]}<\/script>\n<!-- \/ Yoast SEO plugin. -->","yoast_head_json":{"title":"Ley 4\/2015, de 27 de abril, del Estatuto de la v\u00edctima del delito | International Lawyers","description":"La Ley 4\/2015, de 27 de abril, del Estatuto de la v\u00edctima del delito transpone al ordenamiento espa\u00f1ol la exigencia de m\u00ednimos establecidos por la","robots":{"index":"index","follow":"follow","max-snippet":"max-snippet:-1","max-image-preview":"max-image-preview:large","max-video-preview":"max-video-preview:-1"},"canonical":"https:\/\/www.fabregat-perulles-sales.com\/actualidad\/ley-42015-de-27-de-abril-del-estatuto-de-la-victima-del-delito\/","og_locale":"en_US","og_type":"article","og_title":"Ley 4\/2015, de 27 de abril, del Estatuto de la v\u00edctima del delito | International Lawyers","og_description":"La Ley 4\/2015, de 27 de abril, del Estatuto de la v\u00edctima del delito transpone al ordenamiento espa\u00f1ol la exigencia de m\u00ednimos establecidos por la","og_url":"https:\/\/www.fabregat-perulles-sales.com\/actualidad\/ley-42015-de-27-de-abril-del-estatuto-de-la-victima-del-delito\/","og_site_name":"International Lawyers","article_published_time":"2015-05-07T09:12:40+00:00","author":"Victor","twitter_card":"summary_large_image","twitter_misc":{"Written by":"Victor","Est. reading time":"3 minutes"},"schema":{"@context":"https:\/\/schema.org","@graph":[{"@type":"WebPage","@id":"https:\/\/www.fabregat-perulles-sales.com\/actualidad\/ley-42015-de-27-de-abril-del-estatuto-de-la-victima-del-delito\/","url":"https:\/\/www.fabregat-perulles-sales.com\/actualidad\/ley-42015-de-27-de-abril-del-estatuto-de-la-victima-del-delito\/","name":"Ley 4\/2015, de 27 de abril, del Estatuto de la v\u00edctima del delito | International Lawyers","isPartOf":{"@id":"https:\/\/www.fabregat-perulles-sales.com\/actualidad\/#website"},"datePublished":"2015-05-07T09:12:40+00:00","dateModified":"2015-05-07T09:12:40+00:00","author":{"@id":"https:\/\/www.fabregat-perulles-sales.com\/actualidad\/#\/schema\/person\/cabc1d68c7778f01d5e069c2d98442e3"},"description":"La Ley 4\/2015, de 27 de abril, del Estatuto de la v\u00edctima del delito transpone al ordenamiento espa\u00f1ol la exigencia de m\u00ednimos establecidos por la","breadcrumb":{"@id":"https:\/\/www.fabregat-perulles-sales.com\/actualidad\/ley-42015-de-27-de-abril-del-estatuto-de-la-victima-del-delito\/#breadcrumb"},"inLanguage":"en-US","potentialAction":[{"@type":"ReadAction","target":["https:\/\/www.fabregat-perulles-sales.com\/actualidad\/ley-42015-de-27-de-abril-del-estatuto-de-la-victima-del-delito\/"]}]},{"@type":"BreadcrumbList","@id":"https:\/\/www.fabregat-perulles-sales.com\/actualidad\/ley-42015-de-27-de-abril-del-estatuto-de-la-victima-del-delito\/#breadcrumb","itemListElement":[{"@type":"ListItem","position":1,"name":"Home","item":"https:\/\/www.fabregat-perulles-sales.com\/actualidad\/"},{"@type":"ListItem","position":2,"name":"Ley 4\/2015, de 27 de abril, del Estatuto de la v\u00edctima del delito"}]},{"@type":"WebSite","@id":"https:\/\/www.fabregat-perulles-sales.com\/actualidad\/#website","url":"https:\/\/www.fabregat-perulles-sales.com\/actualidad\/","name":"www.fabregat-perulles-sales.com","description":"Fabregat Perulles Sales Abogados is a law firm of reference international market in the Spanish-German, Spanish-French, and Spanish-Italian. Is one of the first firms in Barcelona offering a Russian Desk.","potentialAction":[{"@type":"SearchAction","target":{"@type":"EntryPoint","urlTemplate":"https:\/\/www.fabregat-perulles-sales.com\/actualidad\/?s={search_term_string}"},"query-input":"required name=search_term_string"}],"inLanguage":"en-US"},{"@type":"Person","@id":"https:\/\/www.fabregat-perulles-sales.com\/actualidad\/#\/schema\/person\/cabc1d68c7778f01d5e069c2d98442e3","name":"Victor","image":{"@type":"ImageObject","inLanguage":"en-US","@id":"https:\/\/www.fabregat-perulles-sales.com\/actualidad\/#\/schema\/person\/image\/","url":"https:\/\/secure.gravatar.com\/avatar\/756cb666a964d2960ffe307b8a53b271?s=96&d=mm&r=g","contentUrl":"https:\/\/secure.gravatar.com\/avatar\/756cb666a964d2960ffe307b8a53b271?s=96&d=mm&r=g","caption":"Victor"},"sameAs":["http:\/\/www.fabregat-perulles-sales.com"],"url":"https:\/\/www.fabregat-perulles-sales.com\/actualidad\/author\/victor\/"}]}},"amp_enabled":true,"_links":{"self":[{"href":"https:\/\/www.fabregat-perulles-sales.com\/actualidad\/wp-json\/wp\/v2\/posts\/1836"}],"collection":[{"href":"https:\/\/www.fabregat-perulles-sales.com\/actualidad\/wp-json\/wp\/v2\/posts"}],"about":[{"href":"https:\/\/www.fabregat-perulles-sales.com\/actualidad\/wp-json\/wp\/v2\/types\/post"}],"author":[{"embeddable":true,"href":"https:\/\/www.fabregat-perulles-sales.com\/actualidad\/wp-json\/wp\/v2\/users\/3"}],"replies":[{"embeddable":true,"href":"https:\/\/www.fabregat-perulles-sales.com\/actualidad\/wp-json\/wp\/v2\/comments?post=1836"}],"version-history":[{"count":11,"href":"https:\/\/www.fabregat-perulles-sales.com\/actualidad\/wp-json\/wp\/v2\/posts\/1836\/revisions"}],"predecessor-version":[{"id":1847,"href":"https:\/\/www.fabregat-perulles-sales.com\/actualidad\/wp-json\/wp\/v2\/posts\/1836\/revisions\/1847"}],"wp:attachment":[{"href":"https:\/\/www.fabregat-perulles-sales.com\/actualidad\/wp-json\/wp\/v2\/media?parent=1836"}],"wp:term":[{"taxonomy":"category","embeddable":true,"href":"https:\/\/www.fabregat-perulles-sales.com\/actualidad\/wp-json\/wp\/v2\/categories?post=1836"},{"taxonomy":"post_tag","embeddable":true,"href":"https:\/\/www.fabregat-perulles-sales.com\/actualidad\/wp-json\/wp\/v2\/tags?post=1836"}],"curies":[{"name":"wp","href":"https:\/\/api.w.org\/{rel}","templated":true}]}}