{"id":1819,"date":"2015-04-17T08:40:44","date_gmt":"2015-04-17T07:40:44","guid":{"rendered":"http:\/\/www.fabregat-perulles-sales.com\/actualidad\/?p=1819"},"modified":"2015-04-17T08:40:44","modified_gmt":"2015-04-17T07:40:44","slug":"nuevo-regimen-de-actualizacion-de-la-renta-a-partir-del-1-de-abril-de-2015","status":"publish","type":"post","link":"https:\/\/www.fabregat-perulles-sales.com\/actualidad\/nuevo-regimen-de-actualizacion-de-la-renta-a-partir-del-1-de-abril-de-2015\/","title":{"rendered":"Nuevo r\u00e9gimen de actualizaci\u00f3n de la renta a partir del 1 de abril de 2015"},"content":{"rendered":"<p>La aprobaci\u00f3n de la Ley 2\/2015, de desindexaci\u00f3n de la econom\u00eda, que entr\u00f3 en vigor el pasado 1 de abril, introduce un nuevo r\u00e9gimen para la actualizaci\u00f3n de las rentas en los contratos de arrendamientos sometidos a la Ley 29\/1994 de Arrendamientos Urbanos y a la Ley de 49\/2003, de 26 de noviembre, de Arrendamientos R\u00fasticos.<\/p>\n<p><!--more--><\/p>\n<p>La nueva redacci\u00f3n del art\u00edculo 18.1 de la LAU se aplica \u00fanicamente a <span style=\"text-decoration: underline;\">los contratos celebrados con posterioridad al 1 de abril de 2015<\/span>. Para dichos contratos,\u00a0 la renta s\u00f3lo podr\u00e1 ser revisada en la fecha en que se cumpla cada a\u00f1o de vigencia del contrato si las partes lo han acordado<span style=\"text-decoration: underline;\"> expresamente<\/span>, y se calcular\u00e1 mediante el mecanismo de revisi\u00f3n de valores monetarios por ellas fijado. En caso de que no hayan previsto ning\u00fan m\u00e9todo de c\u00e1lculo, la renta se actualizar\u00e1 en funci\u00f3n de la variaci\u00f3n anual del \u00cdndice de Garant\u00eda de Competitividad a fecha de cada revisi\u00f3n.<\/p>\n<p>Sin embargo, <span style=\"text-decoration: underline;\">los contratos celebrados entre el 6 de junio de 2013 y 31 de marzo de 2015<\/span> contin\u00faan rigi\u00e9ndose por la versi\u00f3n anterior del art\u00edculo 18.1 LAU, dada por la Ley 4\/2013, de 4 de\u00a0 junio.\u00a0 La revisi\u00f3n de la renta en la fecha en que se cumpla cada a\u00f1o de vigencia del contrato no requiere pacto expreso entre las partes. En caso de proceder a dicha actualizaci\u00f3n, se atender\u00e1 a los t\u00e9rminos previstos por las partes y en su defecto se aplicar\u00e1 la variaci\u00f3n porcentual experimentada por el \u00edndice general nacional del sistema de \u00cdndices de Precios al Consumo (IPC).<\/p>\n<p>Asimismo cabe recordar el r\u00e9gimen dado por la redacci\u00f3n original del art\u00edculo 18.1 LAU que contin\u00faa aplic\u00e1ndose a aquellos <span style=\"text-decoration: underline;\">contratos celebrados entre el 1 de enero de 1995 y 5 de junio de 2013<\/span>. La referida disposici\u00f3n tampoco prev\u00e9 la necesidad de pacto expreso entre las partes para que puedan proceder a la revisi\u00f3n anual de la renta. En el caso de que as\u00ed lo decidan, durante los cinco primeros a\u00f1os de vigencia del contrato la actualizaci\u00f3n de la renta se calcular\u00e1 aplicando obligatoriamente la variaci\u00f3n porcentual experimentada por el IPC. Pasado dicho plazo y durante los tres a\u00f1os de pr\u00f3rroga legal, se aplicar\u00e1 este mismo \u00edndice, siempre y cuando las partes no hubieran fijado un sistema distinto.<\/p>\n\r\n\t\t<style>\r\n\t\t\t.huge-it-share-buttons {\r\n\t\t\t\tborder:0px solid #0FB5D6;\r\n\t\t\t\tborder-radius:5px;\r\n\t\t\t\tbackground:#3BD8FF;\r\n\t\t\t text-align:left; \t\t\t\t\t\t\t\t\t}\r\n\r\n\t\t\t#huge-it-share-buttons-top {margin-bottom:0px;}\r\n\t\t\t#huge-it-share-buttons-bottom {margin-top:0px;}\r\n\r\n\t\t\t.huge-it-share-buttons h3 {\r\n\t\t\t\tfont-size:25px ;\r\n\t\t\t\tfont-family:Arial,Helvetica Neue,Helvetica,sans-serif;\r\n\t\t\t\tcolor:#666666;\r\n\r\n\t\t\tdisplay:block;\t\t\t\tline-height:25px ;\r\n\r\n\t\t\t text-align:left; \t\t\t\t\t\t\t\t\t}\r\n\r\n\t\t\t.huge-it-share-buttons ul {\r\n\t\t\t float:left; \t\t\t\t\t\t\t\t\t}\r\n\r\n\t\t\t.huge-it-share-buttons ul li {\r\n\t\t\t\tmargin-left:3px;\r\n\t\t\t\tmargin-right:3px;\r\n\t\t\t\tpadding:0px;\r\n\t\t\t\tborder:0px ridge #E6354C;\r\n\t\t\t\tborder-radius:11px;\r\n\t\t\t\tbackground-color:#14CC9B;\r\n\t\t\t}\r\n\r\n\t\t\t.huge-it-share-buttons ul li #backforunical1819 {\r\n\t\t\t\tborder-bottom: 0;\r\n\t\t\t\tbackground-image:url('https:\/\/www.fabregat-perulles-sales.com\/actualidad\/wp-content\/plugins\/wp-share-buttons\/Front_end\/..\/images\/buttons.30.png');\r\n\t\t\t\twidth:30px;\r\n\t\t\t\theight:30px;\r\n\t\t\t}\r\n\r\n\t\t\t.front-shares-count {\r\n\t\t\t\tposition: absolute;\r\n\t\t\t\ttext-align: center;\r\n\t\t\t\tdisplay: block;\r\n\t\t\t}\r\n\r\n\t\t\t.shares_size20 .front-shares-count {\r\n\t\t\t\tfont-size: 10px;\r\n\t\t\t\ttop: 10px;\r\n\t\t\t\twidth: 20px;\r\n\t\t\t}\r\n\r\n\t\t\t.shares_size30 .front-shares-count {\r\n\t\t\t\tfont-size: 11px;\r\n\t\t\t\ttop: 15px;\r\n\t\t\t\twidth: 30px;\r\n\t\t\t}\r\n\r\n\t\t\t.shares_size40 .front-shares-count {\r\n\t\t\t\tfont-size: 12px;\r\n\t\t\t\ttop: 21px;\r\n\t\t\t\twidth: 40px;\r\n\t\t\t}\r\n\t\t<\/style>\r\n\t\t\r\n\t\t<div id=\"huge-it-share-buttons-top\" class=\"huge-it-share-buttons nobackground\">\r\n\t\t\t<h3>Share This:<\/h3>\r\n\t\t\t<ul class=\"huge-it-share-buttons-list \">\r\n\t\t\t\t\t\t\t\t\t<li class=\"nobackground \" >\r\n\r\n\t\t\t\t\t\t\t\t\t\t\t\t<a id=\"backforunical1819\" href=\"https:\/\/www.facebook.com\/sharer\/sharer.php?u=www.fabregat-perulles-sales.com\/actualidad\/wp-json\/wp\/v2\/posts\/1819\"  onclick=\"javascript:void window.open('https:\/\/www.facebook.com\/sharer\/sharer.php?u=www.fabregat-perulles-sales.com\/actualidad\/wp-json\/wp\/v2\/posts\/1819','1410949501326','width=700,height=500,toolbar=0,menubar=0,location=0,status=1,scrollbars=1,resizable=1,left=0,top=0');return false;\" style=\"background-position: -0px -120px \"><\/a>\r\n\t\t\t\t\t<\/li>\r\n\t\t\t\t\t\t\t\t\t\t<li class=\"nobackground \" >\r\n\r\n\t\t\t\t\t\t\t\t\t\t\t\t<a id=\"backforunical1819\" href=\"https:\/\/twitter.com\/share?status=www.fabregat-perulles-sales.com\/actualidad\/wp-json\/wp\/v2\/posts\/1819&text=Nuevo r\u00e9gimen de actualizaci\u00f3n de la renta a partir del 1 de abril de 2015\"  onclick=\"javascript:void window.open('https:\/\/twitter.com\/share?status=www.fabregat-perulles-sales.com\/actualidad\/wp-json\/wp\/v2\/posts\/1819&text=Nuevo r\u00e9gimen de actualizaci\u00f3n de la renta a partir del 1 de abril de 2015','1410949501326','width=700,height=500,toolbar=0,menubar=0,location=0,status=1,scrollbars=1,resizable=1,left=0,top=0');return false;\" style=\"background-position: -30px -120px \"><\/a>\r\n\t\t\t\t\t<\/li>\r\n\t\t\t\t\t\t\t\t\t\t<li class=\"none nobackground \" >\r\n\r\n\t\t\t\t\t\t\t\t\t\t\t\t<a id=\"backforunical1819\" href=\"http:\/\/www.pinterest.com\/pin\/create\/button\/?url=www.fabregat-perulles-sales.com\/actualidad\/wp-json\/wp\/v2\/posts\/1819&media=https:\/\/www.fabregat-perulles-sales.com\/actualidad\/wp-content\/plugins\/wp-share-buttons\/Front_end\/..\/images\/noimage.png&description=Nuevo r\u00e9gimen de actualizaci\u00f3n de la renta a partir del 1 de abril de 2015\"  onclick=\"javascript:void window.open('http:\/\/www.pinterest.com\/pin\/create\/button\/?url=www.fabregat-perulles-sales.com\/actualidad\/wp-json\/wp\/v2\/posts\/1819&media=https:\/\/www.fabregat-perulles-sales.com\/actualidad\/wp-content\/plugins\/wp-share-buttons\/Front_end\/..\/images\/noimage.png&description=Nuevo r\u00e9gimen de actualizaci\u00f3n de la renta a partir del 1 de abril de 2015','1410949501326','width=700,height=500,toolbar=0,menubar=0,location=0,status=1,scrollbars=1,resizable=1,left=0,top=0');return false;\" style=\"background-position: -60px -120px \"><\/a>\r\n\t\t\t\t\t<\/li>\r\n\t\t\t\t\t\t\t\t\t\t<li class=\"none nobackground \" >\r\n\r\n\t\t\t\t\t\t\t\t\t\t\t\t<a id=\"backforunical1819\" href=\"https:\/\/plus.google.com\/share?url=www.fabregat-perulles-sales.com\/actualidad\/wp-json\/wp\/v2\/posts\/1819\"  onclick=\"javascript:void window.open('https:\/\/plus.google.com\/share?url=www.fabregat-perulles-sales.com\/actualidad\/wp-json\/wp\/v2\/posts\/1819','1410949501326','width=700,height=500,toolbar=0,menubar=0,location=0,status=1,scrollbars=1,resizable=1,left=0,top=0');return false;\" style=\"background-position: -90px -120px \"><\/a>\r\n\t\t\t\t\t<\/li>\r\n\t\t\t\t\t\t\t\t\t\t<li class=\"nobackground \" >\r\n\r\n\t\t\t\t\t\t\t\t\t\t\t\t<a id=\"backforunical1819\" href=\"https:\/\/www.linkedin.com\/shareArticle?title=Nuevo r\u00e9gimen de actualizaci\u00f3n de la renta a partir del 1 de abril de 2015&mini=true&url=https:\/\/www.fabregat-perulles-sales.com\/actualidad\/wp-json\/wp\/v2\/posts\/1819\"  onclick=\"javascript:void window.open('https:\/\/www.linkedin.com\/shareArticle?title=Nuevo r\u00e9gimen de actualizaci\u00f3n de la renta a partir del 1 de abril de 2015&mini=true&url=https:\/\/www.fabregat-perulles-sales.com\/actualidad\/wp-json\/wp\/v2\/posts\/1819','1410949501326','width=700,height=500,toolbar=0,menubar=0,location=0,status=1,scrollbars=1,resizable=1,left=0,top=0');return false;\" style=\"background-position: -120px -120px \"><\/a>\r\n\t\t\t\t\t<\/li>\r\n\t\t\t\t\t\t\t\t\t\t<li class=\"none nobackground \" >\r\n\r\n\t\t\t\t\t\t\t\t\t\t\t\t<a id=\"backforunical1819\" href=\"https:\/\/www.tumblr.com\/share\/link?url=www.fabregat-perulles-sales.com\/actualidad\/wp-json\/wp\/v2\/posts\/1819&name=Nuevo r\u00e9gimen de actualizaci\u00f3n de la renta a partir del 1 de abril de 2015\"  onclick=\"javascript:void window.open('https:\/\/www.tumblr.com\/share\/link?url=www.fabregat-perulles-sales.com\/actualidad\/wp-json\/wp\/v2\/posts\/1819&name=Nuevo r\u00e9gimen de actualizaci\u00f3n de la renta a partir del 1 de abril de 2015','1410949501326','width=700,height=500,toolbar=0,menubar=0,location=0,status=1,scrollbars=1,resizable=1,left=0,top=0');return false;\" style=\"background-position: -150px -120px \"><\/a>\r\n\t\t\t\t\t<\/li>\r\n\t\t\t\t\t\t\t\t\t\t<li class=\"none nobackground \" >\r\n\r\n\t\t\t\t\t\t\t\t\t\t\t\t<a id=\"backforunical1819\" href=\"http:\/\/digg.com\/submit?phase=2&url=www.fabregat-perulles-sales.com\/actualidad\/wp-json\/wp\/v2\/posts\/1819&title=Nuevo r\u00e9gimen de actualizaci\u00f3n de la renta a partir del 1 de abril de 2015\"  onclick=\"javascript:void window.open('http:\/\/digg.com\/submit?phase=2&url=www.fabregat-perulles-sales.com\/actualidad\/wp-json\/wp\/v2\/posts\/1819&title=Nuevo r\u00e9gimen de actualizaci\u00f3n de la renta a partir del 1 de abril de 2015','1410949501326','width=700,height=500,toolbar=0,menubar=0,location=0,status=1,scrollbars=1,resizable=1,left=0,top=0');return false;\" style=\"background-position: -180px -120px \"><\/a>\r\n\t\t\t\t\t<\/li>\r\n\t\t\t\t\t\t\t\t\t\t<li class=\"none nobackground \" >\r\n\r\n\t\t\t\t\t\t\t\t\t\t\t\t<a id=\"backforunical1819\" href=\"http:\/\/www.stumbleupon.com\/submit?url=www.fabregat-perulles-sales.com\/actualidad\/wp-json\/wp\/v2\/posts\/1819&title=Nuevo r\u00e9gimen de actualizaci\u00f3n de la renta a partir del 1 de abril de 2015\"  onclick=\"javascript:void window.open('http:\/\/www.stumbleupon.com\/submit?url=www.fabregat-perulles-sales.com\/actualidad\/wp-json\/wp\/v2\/posts\/1819&title=Nuevo r\u00e9gimen de actualizaci\u00f3n de la renta a partir del 1 de abril de 2015','1410949501326','width=700,height=500,toolbar=0,menubar=0,location=0,status=1,scrollbars=1,resizable=1,left=0,top=0');return false;\" style=\"background-position: -210px -120px \"><\/a>\r\n\t\t\t\t\t<\/li>\r\n\t\t\t\t\t\t\t\t\t\t<li class=\"none nobackground \" >\r\n\r\n\t\t\t\t\t\t\t\t\t\t\t\t<a id=\"backforunical1819\" href=\"https:\/\/myspace.com\/post?l=3&u=www.fabregat-perulles-sales.com\/actualidad\/wp-json\/wp\/v2\/posts\/1819\"  onclick=\"javascript:void window.open('https:\/\/myspace.com\/post?l=3&u=www.fabregat-perulles-sales.com\/actualidad\/wp-json\/wp\/v2\/posts\/1819','1410949501326','width=700,height=500,toolbar=0,menubar=0,location=0,status=1,scrollbars=1,resizable=1,left=0,top=0');return false;\" style=\"background-position: -240px -120px \"><\/a>\r\n\t\t\t\t\t<\/li>\r\n\t\t\t\t\t\t\t\t\t\t<li class=\"nobackground \" >\r\n\r\n\t\t\t\t\t\t\t\t\t\t\t\t<a id=\"backforunical1819\" href=\"http:\/\/vk.com\/share.php?url=www.fabregat-perulles-sales.com\/actualidad\/wp-json\/wp\/v2\/posts\/1819&title=Nuevo r\u00e9gimen de actualizaci\u00f3n de la renta a partir del 1 de abril de 2015\"  onclick=\"javascript:void window.open('http:\/\/vk.com\/share.php?url=www.fabregat-perulles-sales.com\/actualidad\/wp-json\/wp\/v2\/posts\/1819&title=Nuevo r\u00e9gimen de actualizaci\u00f3n de la renta a partir del 1 de abril de 2015','1410949501326','width=700,height=500,toolbar=0,menubar=0,location=0,status=1,scrollbars=1,resizable=1,left=0,top=0');return false;\" style=\"background-position: -270px -120px \"><\/a>\r\n\t\t\t\t\t<\/li>\r\n\t\t\t\t\t\t\t\t\t\t<li class=\"none nobackground \" >\r\n\r\n\t\t\t\t\t\t\t\t\t\t\t\t<a id=\"backforunical1819\" href=\"http:\/\/www.reddit.com\/submit?url=www.fabregat-perulles-sales.com\/actualidad\/wp-json\/wp\/v2\/posts\/1819&title=Nuevo r\u00e9gimen de actualizaci\u00f3n de la renta a partir del 1 de abril de 2015\"  onclick=\"javascript:void window.open('http:\/\/www.reddit.com\/submit?url=www.fabregat-perulles-sales.com\/actualidad\/wp-json\/wp\/v2\/posts\/1819&title=Nuevo r\u00e9gimen de actualizaci\u00f3n de la renta a partir del 1 de abril de 2015','1410949501326','width=700,height=500,toolbar=0,menubar=0,location=0,status=1,scrollbars=1,resizable=1,left=0,top=0');return false;\" style=\"background-position: -300px -120px \"><\/a>\r\n\t\t\t\t\t<\/li>\r\n\t\t\t\t\t\t\t\t\t\t<li class=\"none nobackground \" >\r\n\r\n\t\t\t\t\t\t\t\t\t\t\t\t<a id=\"backforunical1819\" href=\"http:\/\/www.bebo.com\/c\/share?Url=www.fabregat-perulles-sales.com\/actualidad\/wp-json\/wp\/v2\/posts\/1819\"  onclick=\"javascript:void window.open('http:\/\/www.bebo.com\/c\/share?Url=www.fabregat-perulles-sales.com\/actualidad\/wp-json\/wp\/v2\/posts\/1819','1410949501326','width=700,height=500,toolbar=0,menubar=0,location=0,status=1,scrollbars=1,resizable=1,left=0,top=0');return false;\" style=\"background-position: -330px -120px \"><\/a>\r\n\t\t\t\t\t<\/li>\r\n\t\t\t\t\t\t\t\t\t\t<li class=\"none nobackground \" >\r\n\r\n\t\t\t\t\t\t\t\t\t\t\t\t<a id=\"backforunical1819\" href=\"https:\/\/delicious.com\/save?v=5&noui&jump=close&url=www.fabregat-perulles-sales.com\/actualidad\/wp-json\/wp\/v2\/posts\/1819&title=Nuevo r\u00e9gimen de actualizaci\u00f3n de la renta a partir del 1 de abril de 2015\"  onclick=\"javascript:void window.open('https:\/\/delicious.com\/save?v=5&noui&jump=close&url=www.fabregat-perulles-sales.com\/actualidad\/wp-json\/wp\/v2\/posts\/1819&title=Nuevo r\u00e9gimen de actualizaci\u00f3n de la renta a partir del 1 de abril de 2015','1410949501326','width=700,height=500,toolbar=0,menubar=0,location=0,status=1,scrollbars=1,resizable=1,left=0,top=0');return false;\" style=\"background-position: -360px -120px \"><\/a>\r\n\t\t\t\t\t<\/li>\r\n\t\t\t\t\t\t\t\t\t\t<li class=\"none nobackground \" >\r\n\r\n\t\t\t\t\t\t\t\t\t\t\t\t<a id=\"backforunical1819\" href=\"http:\/\/www.odnoklassniki.ru\/dk?st.cmd=addShare&st.s=2&st.noresize=on&st._surl=www.fabregat-perulles-sales.com\/actualidad\/wp-json\/wp\/v2\/posts\/1819\"  onclick=\"javascript:void window.open('http:\/\/www.odnoklassniki.ru\/dk?st.cmd=addShare&st.s=2&st.noresize=on&st._surl=www.fabregat-perulles-sales.com\/actualidad\/wp-json\/wp\/v2\/posts\/1819','1410949501326','width=700,height=500,toolbar=0,menubar=0,location=0,status=1,scrollbars=1,resizable=1,left=0,top=0');return false;\" style=\"background-position: -390px -120px \"><\/a>\r\n\t\t\t\t\t<\/li>\r\n\t\t\t\t\t\t\t\t\t\t<li class=\"none nobackground \" >\r\n\r\n\t\t\t\t\t\t\t\t\t\t\t\t<a id=\"backforunical1819\" href=\"http:\/\/sns.qzone.qq.com\/cgi-bin\/qzshare\/cgi_qzshare_onekey?url=www.fabregat-perulles-sales.com\/actualidad\/wp-json\/wp\/v2\/posts\/1819&title=Nuevo r\u00e9gimen de actualizaci\u00f3n de la renta a partir del 1 de abril de 2015\"  onclick=\"javascript:void window.open('http:\/\/sns.qzone.qq.com\/cgi-bin\/qzshare\/cgi_qzshare_onekey?url=www.fabregat-perulles-sales.com\/actualidad\/wp-json\/wp\/v2\/posts\/1819&title=Nuevo r\u00e9gimen de actualizaci\u00f3n de la renta a partir del 1 de abril de 2015','1410949501326','width=700,height=500,toolbar=0,menubar=0,location=0,status=1,scrollbars=1,resizable=1,left=0,top=0');return false;\" style=\"background-position: -420px -120px \"><\/a>\r\n\t\t\t\t\t<\/li>\r\n\t\t\t\t\t\t\t\t\t\t<li class=\"none nobackground \" >\r\n\r\n\t\t\t\t\t\t\t\t\t\t\t\t<a id=\"backforunical1819\" href=\"http:\/\/service.weibo.com\/share\/share.php?url=www.fabregat-perulles-sales.com\/actualidad\/wp-json\/wp\/v2\/posts\/1819&appkey=&title=Nuevo r\u00e9gimen de actualizaci\u00f3n de la renta a partir del 1 de abril de 2015&pic=&ralateUid=&\"  onclick=\"javascript:void window.open('http:\/\/service.weibo.com\/share\/share.php?url=www.fabregat-perulles-sales.com\/actualidad\/wp-json\/wp\/v2\/posts\/1819&appkey=&title=Nuevo r\u00e9gimen de actualizaci\u00f3n de la renta a partir del 1 de abril de 2015&pic=&ralateUid=&','1410949501326','width=700,height=500,toolbar=0,menubar=0,location=0,status=1,scrollbars=1,resizable=1,left=0,top=0');return false;\" style=\"background-position: -450px -120px \"><\/a>\r\n\t\t\t\t\t<\/li>\r\n\t\t\t\t\t\t\t\t\t\t<li class=\"none nobackground \" >\r\n\r\n\t\t\t\t\t\t\t\t\t\t\t\t<a id=\"backforunical1819\" href=\"http:\/\/widget.renren.com\/dialog\/share?resourceUrl=www.fabregat-perulles-sales.com\/actualidad\/wp-json\/wp\/v2\/posts\/1819&srcUrl=www.fabregat-perulles-sales.com\/actualidad\/wp-json\/wp\/v2\/posts\/1819&title=Nuevo r\u00e9gimen de actualizaci\u00f3n de la renta a partir del 1 de abril de 2015\"  onclick=\"javascript:void window.open('http:\/\/widget.renren.com\/dialog\/share?resourceUrl=www.fabregat-perulles-sales.com\/actualidad\/wp-json\/wp\/v2\/posts\/1819&srcUrl=www.fabregat-perulles-sales.com\/actualidad\/wp-json\/wp\/v2\/posts\/1819&title=Nuevo r\u00e9gimen de actualizaci\u00f3n de la renta a partir del 1 de abril de 2015','1410949501326','width=700,height=500,toolbar=0,menubar=0,location=0,status=1,scrollbars=1,resizable=1,left=0,top=0');return false;\" style=\"background-position: -480px -120px \"><\/a>\r\n\t\t\t\t\t<\/li>\r\n\t\t\t\t\t\t\t\t\t\t<li class=\"none nobackground \" >\r\n\r\n\t\t\t\t\t\t\t\t\t\t\t\t<a id=\"backforunical1819\" href=\"http:\/\/n4g.com\/tips?url=www.fabregat-perulles-sales.com\/actualidad\/wp-json\/wp\/v2\/posts\/1819&title=Nuevo r\u00e9gimen de actualizaci\u00f3n de la renta a partir del 1 de abril de 2015\"  onclick=\"javascript:void window.open('http:\/\/n4g.com\/tips?url=www.fabregat-perulles-sales.com\/actualidad\/wp-json\/wp\/v2\/posts\/1819&title=Nuevo r\u00e9gimen de actualizaci\u00f3n de la renta a partir del 1 de abril de 2015','1410949501326','width=700,height=500,toolbar=0,menubar=0,location=0,status=1,scrollbars=1,resizable=1,left=0,top=0');return false;\" style=\"background-position: -510px -120px \"><\/a>\r\n\t\t\t\t\t<\/li>\r\n\t\t\t\t\t\t\t\t<\/ul>\r\n\t\t\t<div class=\"clear\"><\/div>\r\n\t\t<\/div>\r\n\t\t","protected":false},"excerpt":{"rendered":"<p>La aprobaci\u00f3n de la Ley 2\/2015, de desindexaci\u00f3n de la econom\u00eda, que entr\u00f3 en vigor el pasado 1 de abril, introduce un nuevo r\u00e9gimen para la actualizaci\u00f3n de las rentas en los contratos de arrendamientos sometidos a la Ley 29\/1994 de Arrendamientos Urbanos y a la Ley de 49\/2003, de 26 de noviembre, de Arrendamientos\u2026 <span class=\"read-more\"><a href=\"https:\/\/www.fabregat-perulles-sales.com\/actualidad\/nuevo-regimen-de-actualizacion-de-la-renta-a-partir-del-1-de-abril-de-2015\/\">Read More &raquo;<\/a><\/span><\/p>\n","protected":false},"author":3,"featured_media":0,"comment_status":"open","ping_status":"closed","sticky":false,"template":"","format":"standard","meta":[],"categories":[14,466,3],"tags":[518,773],"yoast_head":"<!-- This site is optimized with the Yoast SEO plugin v20.2.1 - https:\/\/yoast.com\/wordpress\/plugins\/seo\/ -->\n<title>Nuevo r\u00e9gimen de actualizaci\u00f3n de la renta a partir del 1 de abril de 2015 | International Lawyers<\/title>\n<meta name=\"description\" content=\"La aprobaci\u00f3n de la Ley 2\/2015, de desindexaci\u00f3n de la econom\u00eda, que entr\u00f3 en vigor el pasado 1 de abril, introduce un nuevo r\u00e9gimen para la actualizaci\u00f3n\" \/>\n<meta name=\"robots\" content=\"index, follow, max-snippet:-1, max-image-preview:large, max-video-preview:-1\" \/>\n<link rel=\"canonical\" href=\"https:\/\/www.fabregat-perulles-sales.com\/actualidad\/nuevo-regimen-de-actualizacion-de-la-renta-a-partir-del-1-de-abril-de-2015\/\" \/>\n<meta property=\"og:locale\" content=\"en_US\" \/>\n<meta property=\"og:type\" content=\"article\" \/>\n<meta property=\"og:title\" content=\"Nuevo r\u00e9gimen de actualizaci\u00f3n de la renta a partir del 1 de abril de 2015 | International Lawyers\" \/>\n<meta property=\"og:description\" content=\"La aprobaci\u00f3n de la Ley 2\/2015, de desindexaci\u00f3n de la econom\u00eda, que entr\u00f3 en vigor el pasado 1 de abril, introduce un nuevo r\u00e9gimen para la actualizaci\u00f3n\" \/>\n<meta property=\"og:url\" content=\"https:\/\/www.fabregat-perulles-sales.com\/actualidad\/nuevo-regimen-de-actualizacion-de-la-renta-a-partir-del-1-de-abril-de-2015\/\" \/>\n<meta property=\"og:site_name\" content=\"International Lawyers\" \/>\n<meta property=\"article:published_time\" content=\"2015-04-17T07:40:44+00:00\" \/>\n<meta name=\"author\" content=\"Victor\" \/>\n<meta name=\"twitter:card\" content=\"summary_large_image\" \/>\n<meta name=\"twitter:label1\" content=\"Written by\" \/>\n\t<meta name=\"twitter:data1\" content=\"Victor\" \/>\n\t<meta name=\"twitter:label2\" content=\"Est. reading time\" \/>\n\t<meta name=\"twitter:data2\" content=\"2 minutes\" \/>\n<script type=\"application\/ld+json\" class=\"yoast-schema-graph\">{\"@context\":\"https:\/\/schema.org\",\"@graph\":[{\"@type\":\"WebPage\",\"@id\":\"https:\/\/www.fabregat-perulles-sales.com\/actualidad\/nuevo-regimen-de-actualizacion-de-la-renta-a-partir-del-1-de-abril-de-2015\/\",\"url\":\"https:\/\/www.fabregat-perulles-sales.com\/actualidad\/nuevo-regimen-de-actualizacion-de-la-renta-a-partir-del-1-de-abril-de-2015\/\",\"name\":\"Nuevo r\u00e9gimen de actualizaci\u00f3n de la renta a partir del 1 de abril de 2015 | International Lawyers\",\"isPartOf\":{\"@id\":\"https:\/\/www.fabregat-perulles-sales.com\/actualidad\/#website\"},\"datePublished\":\"2015-04-17T07:40:44+00:00\",\"dateModified\":\"2015-04-17T07:40:44+00:00\",\"author\":{\"@id\":\"https:\/\/www.fabregat-perulles-sales.com\/actualidad\/#\/schema\/person\/cabc1d68c7778f01d5e069c2d98442e3\"},\"description\":\"La aprobaci\u00f3n de la Ley 2\/2015, de desindexaci\u00f3n de la econom\u00eda, que entr\u00f3 en vigor el pasado 1 de abril, introduce un nuevo r\u00e9gimen para la actualizaci\u00f3n\",\"breadcrumb\":{\"@id\":\"https:\/\/www.fabregat-perulles-sales.com\/actualidad\/nuevo-regimen-de-actualizacion-de-la-renta-a-partir-del-1-de-abril-de-2015\/#breadcrumb\"},\"inLanguage\":\"en-US\",\"potentialAction\":[{\"@type\":\"ReadAction\",\"target\":[\"https:\/\/www.fabregat-perulles-sales.com\/actualidad\/nuevo-regimen-de-actualizacion-de-la-renta-a-partir-del-1-de-abril-de-2015\/\"]}]},{\"@type\":\"BreadcrumbList\",\"@id\":\"https:\/\/www.fabregat-perulles-sales.com\/actualidad\/nuevo-regimen-de-actualizacion-de-la-renta-a-partir-del-1-de-abril-de-2015\/#breadcrumb\",\"itemListElement\":[{\"@type\":\"ListItem\",\"position\":1,\"name\":\"Home\",\"item\":\"https:\/\/www.fabregat-perulles-sales.com\/actualidad\/\"},{\"@type\":\"ListItem\",\"position\":2,\"name\":\"Nuevo r\u00e9gimen de actualizaci\u00f3n de la renta a partir del 1 de abril de 2015\"}]},{\"@type\":\"WebSite\",\"@id\":\"https:\/\/www.fabregat-perulles-sales.com\/actualidad\/#website\",\"url\":\"https:\/\/www.fabregat-perulles-sales.com\/actualidad\/\",\"name\":\"www.fabregat-perulles-sales.com\",\"description\":\"Fabregat Perulles Sales Abogados is a law firm of reference international market in the Spanish-German, Spanish-French, and Spanish-Italian. Is one of the first firms in Barcelona offering a Russian Desk.\",\"potentialAction\":[{\"@type\":\"SearchAction\",\"target\":{\"@type\":\"EntryPoint\",\"urlTemplate\":\"https:\/\/www.fabregat-perulles-sales.com\/actualidad\/?s={search_term_string}\"},\"query-input\":\"required name=search_term_string\"}],\"inLanguage\":\"en-US\"},{\"@type\":\"Person\",\"@id\":\"https:\/\/www.fabregat-perulles-sales.com\/actualidad\/#\/schema\/person\/cabc1d68c7778f01d5e069c2d98442e3\",\"name\":\"Victor\",\"image\":{\"@type\":\"ImageObject\",\"inLanguage\":\"en-US\",\"@id\":\"https:\/\/www.fabregat-perulles-sales.com\/actualidad\/#\/schema\/person\/image\/\",\"url\":\"https:\/\/secure.gravatar.com\/avatar\/756cb666a964d2960ffe307b8a53b271?s=96&d=mm&r=g\",\"contentUrl\":\"https:\/\/secure.gravatar.com\/avatar\/756cb666a964d2960ffe307b8a53b271?s=96&d=mm&r=g\",\"caption\":\"Victor\"},\"sameAs\":[\"http:\/\/www.fabregat-perulles-sales.com\"],\"url\":\"https:\/\/www.fabregat-perulles-sales.com\/actualidad\/author\/victor\/\"}]}<\/script>\n<!-- \/ Yoast SEO plugin. -->","yoast_head_json":{"title":"Nuevo r\u00e9gimen de actualizaci\u00f3n de la renta a partir del 1 de abril de 2015 | International Lawyers","description":"La aprobaci\u00f3n de la Ley 2\/2015, de desindexaci\u00f3n de la econom\u00eda, que entr\u00f3 en vigor el pasado 1 de abril, introduce un nuevo r\u00e9gimen para la actualizaci\u00f3n","robots":{"index":"index","follow":"follow","max-snippet":"max-snippet:-1","max-image-preview":"max-image-preview:large","max-video-preview":"max-video-preview:-1"},"canonical":"https:\/\/www.fabregat-perulles-sales.com\/actualidad\/nuevo-regimen-de-actualizacion-de-la-renta-a-partir-del-1-de-abril-de-2015\/","og_locale":"en_US","og_type":"article","og_title":"Nuevo r\u00e9gimen de actualizaci\u00f3n de la renta a partir del 1 de abril de 2015 | International Lawyers","og_description":"La aprobaci\u00f3n de la Ley 2\/2015, de desindexaci\u00f3n de la econom\u00eda, que entr\u00f3 en vigor el pasado 1 de abril, introduce un nuevo r\u00e9gimen para la actualizaci\u00f3n","og_url":"https:\/\/www.fabregat-perulles-sales.com\/actualidad\/nuevo-regimen-de-actualizacion-de-la-renta-a-partir-del-1-de-abril-de-2015\/","og_site_name":"International Lawyers","article_published_time":"2015-04-17T07:40:44+00:00","author":"Victor","twitter_card":"summary_large_image","twitter_misc":{"Written by":"Victor","Est. reading time":"2 minutes"},"schema":{"@context":"https:\/\/schema.org","@graph":[{"@type":"WebPage","@id":"https:\/\/www.fabregat-perulles-sales.com\/actualidad\/nuevo-regimen-de-actualizacion-de-la-renta-a-partir-del-1-de-abril-de-2015\/","url":"https:\/\/www.fabregat-perulles-sales.com\/actualidad\/nuevo-regimen-de-actualizacion-de-la-renta-a-partir-del-1-de-abril-de-2015\/","name":"Nuevo r\u00e9gimen de actualizaci\u00f3n de la renta a partir del 1 de abril de 2015 | International Lawyers","isPartOf":{"@id":"https:\/\/www.fabregat-perulles-sales.com\/actualidad\/#website"},"datePublished":"2015-04-17T07:40:44+00:00","dateModified":"2015-04-17T07:40:44+00:00","author":{"@id":"https:\/\/www.fabregat-perulles-sales.com\/actualidad\/#\/schema\/person\/cabc1d68c7778f01d5e069c2d98442e3"},"description":"La aprobaci\u00f3n de la Ley 2\/2015, de desindexaci\u00f3n de la econom\u00eda, que entr\u00f3 en vigor el pasado 1 de abril, introduce un nuevo r\u00e9gimen para la actualizaci\u00f3n","breadcrumb":{"@id":"https:\/\/www.fabregat-perulles-sales.com\/actualidad\/nuevo-regimen-de-actualizacion-de-la-renta-a-partir-del-1-de-abril-de-2015\/#breadcrumb"},"inLanguage":"en-US","potentialAction":[{"@type":"ReadAction","target":["https:\/\/www.fabregat-perulles-sales.com\/actualidad\/nuevo-regimen-de-actualizacion-de-la-renta-a-partir-del-1-de-abril-de-2015\/"]}]},{"@type":"BreadcrumbList","@id":"https:\/\/www.fabregat-perulles-sales.com\/actualidad\/nuevo-regimen-de-actualizacion-de-la-renta-a-partir-del-1-de-abril-de-2015\/#breadcrumb","itemListElement":[{"@type":"ListItem","position":1,"name":"Home","item":"https:\/\/www.fabregat-perulles-sales.com\/actualidad\/"},{"@type":"ListItem","position":2,"name":"Nuevo r\u00e9gimen de actualizaci\u00f3n de la renta a partir del 1 de abril de 2015"}]},{"@type":"WebSite","@id":"https:\/\/www.fabregat-perulles-sales.com\/actualidad\/#website","url":"https:\/\/www.fabregat-perulles-sales.com\/actualidad\/","name":"www.fabregat-perulles-sales.com","description":"Fabregat Perulles Sales Abogados is a law firm of reference international market in the Spanish-German, Spanish-French, and Spanish-Italian. Is one of the first firms in Barcelona offering a Russian Desk.","potentialAction":[{"@type":"SearchAction","target":{"@type":"EntryPoint","urlTemplate":"https:\/\/www.fabregat-perulles-sales.com\/actualidad\/?s={search_term_string}"},"query-input":"required name=search_term_string"}],"inLanguage":"en-US"},{"@type":"Person","@id":"https:\/\/www.fabregat-perulles-sales.com\/actualidad\/#\/schema\/person\/cabc1d68c7778f01d5e069c2d98442e3","name":"Victor","image":{"@type":"ImageObject","inLanguage":"en-US","@id":"https:\/\/www.fabregat-perulles-sales.com\/actualidad\/#\/schema\/person\/image\/","url":"https:\/\/secure.gravatar.com\/avatar\/756cb666a964d2960ffe307b8a53b271?s=96&d=mm&r=g","contentUrl":"https:\/\/secure.gravatar.com\/avatar\/756cb666a964d2960ffe307b8a53b271?s=96&d=mm&r=g","caption":"Victor"},"sameAs":["http:\/\/www.fabregat-perulles-sales.com"],"url":"https:\/\/www.fabregat-perulles-sales.com\/actualidad\/author\/victor\/"}]}},"amp_enabled":true,"_links":{"self":[{"href":"https:\/\/www.fabregat-perulles-sales.com\/actualidad\/wp-json\/wp\/v2\/posts\/1819"}],"collection":[{"href":"https:\/\/www.fabregat-perulles-sales.com\/actualidad\/wp-json\/wp\/v2\/posts"}],"about":[{"href":"https:\/\/www.fabregat-perulles-sales.com\/actualidad\/wp-json\/wp\/v2\/types\/post"}],"author":[{"embeddable":true,"href":"https:\/\/www.fabregat-perulles-sales.com\/actualidad\/wp-json\/wp\/v2\/users\/3"}],"replies":[{"embeddable":true,"href":"https:\/\/www.fabregat-perulles-sales.com\/actualidad\/wp-json\/wp\/v2\/comments?post=1819"}],"version-history":[{"count":1,"href":"https:\/\/www.fabregat-perulles-sales.com\/actualidad\/wp-json\/wp\/v2\/posts\/1819\/revisions"}],"predecessor-version":[{"id":1820,"href":"https:\/\/www.fabregat-perulles-sales.com\/actualidad\/wp-json\/wp\/v2\/posts\/1819\/revisions\/1820"}],"wp:attachment":[{"href":"https:\/\/www.fabregat-perulles-sales.com\/actualidad\/wp-json\/wp\/v2\/media?parent=1819"}],"wp:term":[{"taxonomy":"category","embeddable":true,"href":"https:\/\/www.fabregat-perulles-sales.com\/actualidad\/wp-json\/wp\/v2\/categories?post=1819"},{"taxonomy":"post_tag","embeddable":true,"href":"https:\/\/www.fabregat-perulles-sales.com\/actualidad\/wp-json\/wp\/v2\/tags?post=1819"}],"curies":[{"name":"wp","href":"https:\/\/api.w.org\/{rel}","templated":true}]}}