{"id":1800,"date":"2015-04-13T09:40:13","date_gmt":"2015-04-13T08:40:13","guid":{"rendered":"http:\/\/www.fabregat-perulles-sales.com\/actualidad\/?p=1800"},"modified":"2015-05-12T13:17:13","modified_gmt":"2015-05-12T12:17:13","slug":"reformas-introducidas-en-el-codigo-penal-con-las-leyes-organicas-12015-y-22015-de-30-de-marzo","status":"publish","type":"post","link":"https:\/\/www.fabregat-perulles-sales.com\/actualidad\/reformas-introducidas-en-el-codigo-penal-con-las-leyes-organicas-12015-y-22015-de-30-de-marzo\/","title":{"rendered":"Reformas introducidas en el C\u00f3digo Penal con las Leyes Org\u00e1nicas 1\/2015 y 2\/2015, de 30 de marzo"},"content":{"rendered":"<p>El pasado 31 de marzo quedaron publicadas en el BOE la Ley Org\u00e1nica 1\/2015, de 30 de marzo, y la Ley Org\u00e1nica 2\/2015, de 30 de marzo, ambas modificativas de la\u00a0<a href=\"https:\/\/www.boe.es\/buscar\/pdf\/1995\/BOE-A-1995-25444-consolidado.pdf\">Ley Org\u00e1nica 10\/1995, de 23 de noviembre, del\u00a0C\u00f3digo Penal<\/a>, en los t\u00e9rminos que a continuaci\u00f3n se exponen. <a href=\"http:\/\/www.fabregat-perulles-sales.com\/actualidad\/wp-content\/uploads\/2015\/04\/derecho-penal.jpg\"><img decoding=\"async\" loading=\"lazy\" class=\"alignright size-medium wp-image-1801\" alt=\"derecho-penal\" src=\"http:\/\/www.fabregat-perulles-sales.com\/actualidad\/wp-content\/uploads\/2015\/04\/derecho-penal-300x199.jpg\" width=\"193\" height=\"138\" \/><\/a><\/p>\n<p>La reforma introducida en el C\u00f3digo Penal por la <a href=\"http:\/\/www.boe.es\/boe\/dias\/2015\/03\/31\/pdfs\/BOE-A-2015-3439.pdf\"><span style=\"text-decoration: underline;\">Ley Org\u00e1nica 1\/2015, de 30 de marzo<\/span><\/a>, destaca, en particular, por las siguientes novedades:<\/p>\n<p><!--more--><\/p>\n<p><b>1. Responsabilidad de la persona jur\u00eddica <\/b>Destaca muy especialmente la modificaci\u00f3n de los art\u00edculos 31 y 31 bis as\u00ed como la incorporaci\u00f3n de sendos art\u00edculo 31 ter y ss.\u00a0\u00a0 En efecto, adem\u00e1s de mejorar la definici\u00f3n y configuraci\u00f3n t\u00e9cnica de la responsabilidad penal de la persona jur\u00eddica, mediante dicha normativa se da plena entrada en el ordenamiento espa\u00f1ol a los deberes de \u201ccompliance\u201d e implantaci\u00f3n de sistemas efectivos de control de cumplimiento normativo.<\/p>\n<p>La modificaci\u00f3n del <span style=\"text-decoration: underline;\">art\u00edculo 31 del C\u00f3digo Penal<\/span> y la introducci\u00f3n de los <b><span style=\"text-decoration: underline;\">art\u00edculos 31 bis a 31 quinques<\/span><\/b> viene a precisar los <b>sujetos y los supuestos<\/b> de los que puede derivarse la responsabilidad penal de las personas jur\u00eddicas, e introduce como <b>causa de exenci\u00f3n<\/b> de la misma el desarrollo de un <b>programa de prevenci\u00f3n<\/b> (programa de <i>compliance<\/i> penal) que permita reducir los riesgos de comisi\u00f3n de un delito.<\/p>\n<p>La normativa desarrolla el r\u00e9gimen de exenci\u00f3n de responsabilidad de la persona jur\u00eddica en funci\u00f3n del cargo que el autor del delito ostenta dentro de la misma, distinguiendo entre:<\/p>\n<p><em>a)<\/em> Los representantes legales de las personas jur\u00eddicas y quienes actuando individualmente o como integrantes de un \u00f3rgano de la persona jur\u00eddica, est\u00e1n autorizados para tomar decisiones en nombre de la persona jur\u00eddica u ostentan facultades de organizaci\u00f3n y control dentro de la misma.<\/p>\n<p><em>b)<\/em> Aquellos que est\u00e1n sometidos a la autoridad de las personas f\u00edsicas mencionadas en el apartado anterior y que hayan podido realizar los hechos por haberse incumplido gravemente por aqu\u00e9llos los deberes de supervisi\u00f3n, vigilancia y control de su actividad atendidas las concretas circunstancias del caso.<\/p>\n<p>La persona jur\u00eddica quedar\u00e1 exenta de responsabilidad por los delitos cometidos por los sujetos comprendidos en el primer grupo si cumple determinadas condiciones cumulativas en materia de supervisi\u00f3n enumeradas en la disposici\u00f3n.<\/p>\n<p>Para las peque\u00f1as entidades, es decir, aquellas que est\u00e9n autorizadas a presentar cuenta de p\u00e9rdidas y ganancias abreviada, bastar\u00e1 con que las funciones de supervisi\u00f3n previstas como condici\u00f3n de exenci\u00f3n sean asumidas por su propio \u00f3rgano de administraci\u00f3n.<\/p>\n<p>En cuanto a los delitos cometidos por el segundo grupo de sujetos, la ley prev\u00e9 que la persona jur\u00eddica quedar\u00e1 exenta si, antes de la comisi\u00f3n del delito, ha adoptado y ejecutado eficazmente un <b>modelo de organizaci\u00f3n y gesti\u00f3n<\/b> adecuado para prevenir delitos o para reducir de forma significativa el riesgo de su comisi\u00f3n. La ley enumera una serie de\u00a0 requisitos m\u00ednimos que deber\u00e1n respetar el referido modelo de organizaci\u00f3n y gesti\u00f3n.<\/p>\n<p>En ambos casos y en los casos en los que los requisitos exigidos para la exenci\u00f3n total de la responsabilidad penal de las personas jur\u00eddicas solamente puedan ser objeto de <b>acreditaci\u00f3n parcial<\/b>, esta circunstancia ser\u00e1 valorada a los efectos de <b>atenuaci\u00f3n de la pena<\/b>.<\/p>\n<p>Cabe se\u00f1alar que la ley mantiene las <b>mismas circunstancias atenuantes<\/b> de la responsabilidad penal establecidas en la regulaci\u00f3n anterior, con excepci\u00f3n de la introducci\u00f3n del nuevo supuesto anteriormente mencionado.<\/p>\n<p>Finalmente, se establece una exoneraci\u00f3n para el Estado, las Administraciones p\u00fablicas territoriales e institucionales,\u00a0\u00a0 los Organismos Reguladores, las Agencias y Entidades p\u00fablicas Empresariales, a las organizaciones internacionales de derecho p\u00fablico, ni a aquellas otras que ejerzan potestades p\u00fablicas de soberan\u00eda o administrativas. En el caso de las Sociedades mercantiles p\u00fablicas, estas se hallaran parcialmente exentas.<\/p>\n<p><b>2. Prisi\u00f3n permanente revisable.<\/b> La referida L.O. se presenta como revolucionaria al introducir una nueva pena de prisi\u00f3n permanente revisable, cuya imposici\u00f3n ser\u00e1 s\u00f3lo posible en supuestos de especial gravedad, tales como el asesinato en serie o el homicidio del Jefe de Estado o de su heredero, entre otros. Se trata de supuestos en los que una medida de semejante envergadura se entiende justificada, si bien sujeta a un r\u00e9gimen de revisi\u00f3n que permitir\u00e1 al sujeto penado obtener la libertad condicionada si da cumplimiento a una serie de exigencias. Entre otras condiciones, se requiere que el penado haya cumplido con una parte de la condena, la cual oscilar\u00e1 entre los veinticinco y los treintaicinco a\u00f1os.<\/p>\n<p><b>3. Libertad condicional.<\/b> Se introduce un nuevo supuesto privilegiado de acceso a la libertad condicional aplicable a los sujetos penados que est\u00e9n dando cumplimiento a su primera condena corta de prisi\u00f3n. Sin embargo, la libertad condicional ya no computar\u00e1 como tiempo de cumplimiento de la condena, sino que se entender\u00e1 comprendida dentro de las distintas modalidades de suspensi\u00f3n de la ejecuci\u00f3n de la pena.<\/p>\n<p><b>4. Protecci\u00f3n de ni\u00f1os.<\/b> Queda incorporada la regulaci\u00f3n de la inclusi\u00f3n de perfiles de condenados en la base de datos de ADN, constituyendo ello respuesta inmediata a la finalidad de incorporar las previsiones del Convenio del Consejo de Europa para la protecci\u00f3n de los ni\u00f1os contra la explotaci\u00f3n y el abuso sexual.<\/p>\n<p>Se eleva asimismo la edad de <span style=\"text-decoration: underline;\">consentimiento sexual de los trece a los diecis\u00e9is a\u00f1os<\/span>. En consecuencia, se considerar\u00e1 hecho delictivo la realizaci\u00f3n de actos de car\u00e1cter sexual con menores de edad inferior a los diecis\u00e9is a\u00f1os, con la salvedad de que se trate de relaciones consentidas con una persona pr\u00f3xima al menor por edad y grado de desarrollo o madurez.<\/p>\n<p><b>5. Intromisi\u00f3n en la intimidad.<\/b> Se tipifican finalmente los supuestos en los que las captaciones de imagen o las grabaciones de otra persona son divulgadas en contra de su voluntad, a pesar de haberse obtenido con su consentimiento. La imagen o grabaci\u00f3n deber\u00e1 haberse captado en un \u00e1mbito personal y la difusi\u00f3n de cualquiera de ellas, sin el consentimiento de la v\u00edctima, deber\u00e1 lesionar gravemente la intimidad de \u00e9sta.<\/p>\n<p><b>6. Corrupci\u00f3n y financiaci\u00f3n ilegal de partidos.<\/b> Otra novedad importante consiste en la creaci\u00f3n de una nueva secci\u00f3n, relativa a los \u201cDelitos de corrupci\u00f3n en los negocios\u201d, dentro del Cap\u00edtulo XI del T\u00edtulo XIII del Libro II del C\u00f3digo Penal. De entre estos delitos destaca, en particular, la introducci\u00f3n de un delito por soborno para obtener ventajas de \u00edndole competitiva, tanto si dicho soborno se ejerce sobre otros miembros de la competencia, como si afecta a funcionarios p\u00fablicos, si bien con penas distintas en un caso u otro.<\/p>\n<p>Se tipifica asimismo la financiaci\u00f3n ilegal de partidos, siendo de notar que es tambi\u00e9n castigable la persona que <i>participe<\/i> en estructuras u organizaciones dedicadas a la financiaci\u00f3n de partidos al margen de la ley.<\/p>\n<p>&nbsp;<\/p>\n<p>En cuanto a la <a href=\"http:\/\/www.boe.es\/boe\/dias\/2015\/03\/31\/pdfs\/BOE-A-2015-3440.pdf\"><span style=\"text-decoration: underline;\">Ley Org\u00e1nica 2\/2015, de 30 de marzo<\/span><\/a>, se modifica por virtud de la misma el C\u00f3digo Penal en cuanto a delitos de terrorismo. Esta L.O. modifica, en concreto, el Cap\u00edtulo VII del T\u00edtulo XXII del Libro II del C\u00f3digo Penal, dividi\u00e9ndolo en dos secciones.<\/p>\n<p>La primera de las secciones, que trata \u201cDe las organizaciones y grupos terroristas\u201d, se dedica esencialmente a definir qu\u00e9 se entiende por unos y otros, as\u00ed como a fijar la pena aplicable a quienes promuevan, constituyan, organicen o dirijan estos grupos o a quienes se integren en ellos.<\/p>\n<p>La segunda secci\u00f3n (\u201cDe los delitos de terrorismo\u201d), por su parte, destaca, de un lado, por no ser necesaria ya la integraci\u00f3n en un grupo armado y, de otro lado, por incluir una nueva definici\u00f3n de delito de terrorismo, al conceptuarlo como la comisi\u00f3n de todo hecho delictivo grave contra los bienes jur\u00eddicos con cualquiera de los prop\u00f3sitos siguientes:<\/p>\n<ul>\n<li>Subvertir el orden constitucional, o suprimir o desestabilizar gravemente el funcionamiento de las instituciones p\u00fablicas o de las estructuras econ\u00f3micas o sociales del Estado u obligar a los poderes p\u00fablicos a realizar un acto o abstenerse de hacerlo.<\/li>\n<li>Alterar gravemente la paz p\u00fablica.<\/li>\n<li>Desestabilizar gravemente el funcionamiento de una organizaci\u00f3n internacional.<\/li>\n<li>Provocar un estado de terror en la poblaci\u00f3n o en una parte de ella.<\/li>\n<\/ul>\n\r\n\t\t<style>\r\n\t\t\t.huge-it-share-buttons {\r\n\t\t\t\tborder:0px solid #0FB5D6;\r\n\t\t\t\tborder-radius:5px;\r\n\t\t\t\tbackground:#3BD8FF;\r\n\t\t\t text-align:left; \t\t\t\t\t\t\t\t\t}\r\n\r\n\t\t\t#huge-it-share-buttons-top {margin-bottom:0px;}\r\n\t\t\t#huge-it-share-buttons-bottom {margin-top:0px;}\r\n\r\n\t\t\t.huge-it-share-buttons h3 {\r\n\t\t\t\tfont-size:25px ;\r\n\t\t\t\tfont-family:Arial,Helvetica Neue,Helvetica,sans-serif;\r\n\t\t\t\tcolor:#666666;\r\n\r\n\t\t\tdisplay:block;\t\t\t\tline-height:25px ;\r\n\r\n\t\t\t text-align:left; \t\t\t\t\t\t\t\t\t}\r\n\r\n\t\t\t.huge-it-share-buttons ul {\r\n\t\t\t float:left; \t\t\t\t\t\t\t\t\t}\r\n\r\n\t\t\t.huge-it-share-buttons ul li {\r\n\t\t\t\tmargin-left:3px;\r\n\t\t\t\tmargin-right:3px;\r\n\t\t\t\tpadding:0px;\r\n\t\t\t\tborder:0px ridge #E6354C;\r\n\t\t\t\tborder-radius:11px;\r\n\t\t\t\tbackground-color:#14CC9B;\r\n\t\t\t}\r\n\r\n\t\t\t.huge-it-share-buttons ul li #backforunical1800 {\r\n\t\t\t\tborder-bottom: 0;\r\n\t\t\t\tbackground-image:url('https:\/\/www.fabregat-perulles-sales.com\/actualidad\/wp-content\/plugins\/wp-share-buttons\/Front_end\/..\/images\/buttons.30.png');\r\n\t\t\t\twidth:30px;\r\n\t\t\t\theight:30px;\r\n\t\t\t}\r\n\r\n\t\t\t.front-shares-count {\r\n\t\t\t\tposition: absolute;\r\n\t\t\t\ttext-align: center;\r\n\t\t\t\tdisplay: block;\r\n\t\t\t}\r\n\r\n\t\t\t.shares_size20 .front-shares-count {\r\n\t\t\t\tfont-size: 10px;\r\n\t\t\t\ttop: 10px;\r\n\t\t\t\twidth: 20px;\r\n\t\t\t}\r\n\r\n\t\t\t.shares_size30 .front-shares-count {\r\n\t\t\t\tfont-size: 11px;\r\n\t\t\t\ttop: 15px;\r\n\t\t\t\twidth: 30px;\r\n\t\t\t}\r\n\r\n\t\t\t.shares_size40 .front-shares-count {\r\n\t\t\t\tfont-size: 12px;\r\n\t\t\t\ttop: 21px;\r\n\t\t\t\twidth: 40px;\r\n\t\t\t}\r\n\t\t<\/style>\r\n\t\t\r\n\t\t<div id=\"huge-it-share-buttons-top\" class=\"huge-it-share-buttons nobackground\">\r\n\t\t\t<h3>Share This:<\/h3>\r\n\t\t\t<ul class=\"huge-it-share-buttons-list \">\r\n\t\t\t\t\t\t\t\t\t<li class=\"nobackground \" >\r\n\r\n\t\t\t\t\t\t\t\t\t\t\t\t<a id=\"backforunical1800\" href=\"https:\/\/www.facebook.com\/sharer\/sharer.php?u=www.fabregat-perulles-sales.com\/actualidad\/wp-json\/wp\/v2\/posts\/1800\"  onclick=\"javascript:void window.open('https:\/\/www.facebook.com\/sharer\/sharer.php?u=www.fabregat-perulles-sales.com\/actualidad\/wp-json\/wp\/v2\/posts\/1800','1410949501326','width=700,height=500,toolbar=0,menubar=0,location=0,status=1,scrollbars=1,resizable=1,left=0,top=0');return false;\" style=\"background-position: -0px -120px \"><\/a>\r\n\t\t\t\t\t<\/li>\r\n\t\t\t\t\t\t\t\t\t\t<li class=\"nobackground \" >\r\n\r\n\t\t\t\t\t\t\t\t\t\t\t\t<a id=\"backforunical1800\" href=\"https:\/\/twitter.com\/share?status=www.fabregat-perulles-sales.com\/actualidad\/wp-json\/wp\/v2\/posts\/1800&text=Reformas introducidas en el C\u00f3digo Penal con las Leyes Org\u00e1nicas 1\/2015 y 2\/2015, de 30 de marzo\"  onclick=\"javascript:void window.open('https:\/\/twitter.com\/share?status=www.fabregat-perulles-sales.com\/actualidad\/wp-json\/wp\/v2\/posts\/1800&text=Reformas introducidas en el C\u00f3digo Penal con las Leyes Org\u00e1nicas 1\/2015 y 2\/2015, de 30 de marzo','1410949501326','width=700,height=500,toolbar=0,menubar=0,location=0,status=1,scrollbars=1,resizable=1,left=0,top=0');return false;\" style=\"background-position: -30px -120px \"><\/a>\r\n\t\t\t\t\t<\/li>\r\n\t\t\t\t\t\t\t\t\t\t<li class=\"none nobackground \" >\r\n\r\n\t\t\t\t\t\t\t\t\t\t\t\t<a id=\"backforunical1800\" href=\"http:\/\/www.pinterest.com\/pin\/create\/button\/?url=www.fabregat-perulles-sales.com\/actualidad\/wp-json\/wp\/v2\/posts\/1800&media=https:\/\/www.fabregat-perulles-sales.com\/actualidad\/wp-content\/plugins\/wp-share-buttons\/Front_end\/..\/images\/noimage.png&description=Reformas introducidas en el C\u00f3digo Penal con las Leyes Org\u00e1nicas 1\/2015 y 2\/2015, de 30 de marzo\"  onclick=\"javascript:void window.open('http:\/\/www.pinterest.com\/pin\/create\/button\/?url=www.fabregat-perulles-sales.com\/actualidad\/wp-json\/wp\/v2\/posts\/1800&media=https:\/\/www.fabregat-perulles-sales.com\/actualidad\/wp-content\/plugins\/wp-share-buttons\/Front_end\/..\/images\/noimage.png&description=Reformas introducidas en el C\u00f3digo Penal con las Leyes Org\u00e1nicas 1\/2015 y 2\/2015, de 30 de marzo','1410949501326','width=700,height=500,toolbar=0,menubar=0,location=0,status=1,scrollbars=1,resizable=1,left=0,top=0');return false;\" style=\"background-position: -60px -120px \"><\/a>\r\n\t\t\t\t\t<\/li>\r\n\t\t\t\t\t\t\t\t\t\t<li class=\"none nobackground \" >\r\n\r\n\t\t\t\t\t\t\t\t\t\t\t\t<a id=\"backforunical1800\" href=\"https:\/\/plus.google.com\/share?url=www.fabregat-perulles-sales.com\/actualidad\/wp-json\/wp\/v2\/posts\/1800\"  onclick=\"javascript:void window.open('https:\/\/plus.google.com\/share?url=www.fabregat-perulles-sales.com\/actualidad\/wp-json\/wp\/v2\/posts\/1800','1410949501326','width=700,height=500,toolbar=0,menubar=0,location=0,status=1,scrollbars=1,resizable=1,left=0,top=0');return false;\" style=\"background-position: -90px -120px \"><\/a>\r\n\t\t\t\t\t<\/li>\r\n\t\t\t\t\t\t\t\t\t\t<li class=\"nobackground \" >\r\n\r\n\t\t\t\t\t\t\t\t\t\t\t\t<a id=\"backforunical1800\" href=\"https:\/\/www.linkedin.com\/shareArticle?title=Reformas introducidas en el C\u00f3digo Penal con las Leyes Org\u00e1nicas 1\/2015 y 2\/2015, de 30 de marzo&mini=true&url=https:\/\/www.fabregat-perulles-sales.com\/actualidad\/wp-json\/wp\/v2\/posts\/1800\"  onclick=\"javascript:void window.open('https:\/\/www.linkedin.com\/shareArticle?title=Reformas introducidas en el C\u00f3digo Penal con las Leyes Org\u00e1nicas 1\/2015 y 2\/2015, de 30 de marzo&mini=true&url=https:\/\/www.fabregat-perulles-sales.com\/actualidad\/wp-json\/wp\/v2\/posts\/1800','1410949501326','width=700,height=500,toolbar=0,menubar=0,location=0,status=1,scrollbars=1,resizable=1,left=0,top=0');return false;\" style=\"background-position: -120px -120px \"><\/a>\r\n\t\t\t\t\t<\/li>\r\n\t\t\t\t\t\t\t\t\t\t<li class=\"none nobackground \" >\r\n\r\n\t\t\t\t\t\t\t\t\t\t\t\t<a id=\"backforunical1800\" href=\"https:\/\/www.tumblr.com\/share\/link?url=www.fabregat-perulles-sales.com\/actualidad\/wp-json\/wp\/v2\/posts\/1800&name=Reformas introducidas en el C\u00f3digo Penal con las Leyes Org\u00e1nicas 1\/2015 y 2\/2015, de 30 de marzo\"  onclick=\"javascript:void window.open('https:\/\/www.tumblr.com\/share\/link?url=www.fabregat-perulles-sales.com\/actualidad\/wp-json\/wp\/v2\/posts\/1800&name=Reformas introducidas en el C\u00f3digo Penal con las Leyes Org\u00e1nicas 1\/2015 y 2\/2015, de 30 de marzo','1410949501326','width=700,height=500,toolbar=0,menubar=0,location=0,status=1,scrollbars=1,resizable=1,left=0,top=0');return false;\" style=\"background-position: -150px -120px \"><\/a>\r\n\t\t\t\t\t<\/li>\r\n\t\t\t\t\t\t\t\t\t\t<li class=\"none nobackground \" >\r\n\r\n\t\t\t\t\t\t\t\t\t\t\t\t<a id=\"backforunical1800\" href=\"http:\/\/digg.com\/submit?phase=2&url=www.fabregat-perulles-sales.com\/actualidad\/wp-json\/wp\/v2\/posts\/1800&title=Reformas introducidas en el C\u00f3digo Penal con las Leyes Org\u00e1nicas 1\/2015 y 2\/2015, de 30 de marzo\"  onclick=\"javascript:void window.open('http:\/\/digg.com\/submit?phase=2&url=www.fabregat-perulles-sales.com\/actualidad\/wp-json\/wp\/v2\/posts\/1800&title=Reformas introducidas en el C\u00f3digo Penal con las Leyes Org\u00e1nicas 1\/2015 y 2\/2015, de 30 de marzo','1410949501326','width=700,height=500,toolbar=0,menubar=0,location=0,status=1,scrollbars=1,resizable=1,left=0,top=0');return false;\" style=\"background-position: -180px -120px \"><\/a>\r\n\t\t\t\t\t<\/li>\r\n\t\t\t\t\t\t\t\t\t\t<li class=\"none nobackground \" >\r\n\r\n\t\t\t\t\t\t\t\t\t\t\t\t<a id=\"backforunical1800\" href=\"http:\/\/www.stumbleupon.com\/submit?url=www.fabregat-perulles-sales.com\/actualidad\/wp-json\/wp\/v2\/posts\/1800&title=Reformas introducidas en el C\u00f3digo Penal con las Leyes Org\u00e1nicas 1\/2015 y 2\/2015, de 30 de marzo\"  onclick=\"javascript:void window.open('http:\/\/www.stumbleupon.com\/submit?url=www.fabregat-perulles-sales.com\/actualidad\/wp-json\/wp\/v2\/posts\/1800&title=Reformas introducidas en el C\u00f3digo Penal con las Leyes Org\u00e1nicas 1\/2015 y 2\/2015, de 30 de marzo','1410949501326','width=700,height=500,toolbar=0,menubar=0,location=0,status=1,scrollbars=1,resizable=1,left=0,top=0');return false;\" style=\"background-position: -210px -120px \"><\/a>\r\n\t\t\t\t\t<\/li>\r\n\t\t\t\t\t\t\t\t\t\t<li class=\"none nobackground \" >\r\n\r\n\t\t\t\t\t\t\t\t\t\t\t\t<a id=\"backforunical1800\" href=\"https:\/\/myspace.com\/post?l=3&u=www.fabregat-perulles-sales.com\/actualidad\/wp-json\/wp\/v2\/posts\/1800\"  onclick=\"javascript:void window.open('https:\/\/myspace.com\/post?l=3&u=www.fabregat-perulles-sales.com\/actualidad\/wp-json\/wp\/v2\/posts\/1800','1410949501326','width=700,height=500,toolbar=0,menubar=0,location=0,status=1,scrollbars=1,resizable=1,left=0,top=0');return false;\" style=\"background-position: -240px -120px \"><\/a>\r\n\t\t\t\t\t<\/li>\r\n\t\t\t\t\t\t\t\t\t\t<li class=\"nobackground \" >\r\n\r\n\t\t\t\t\t\t\t\t\t\t\t\t<a id=\"backforunical1800\" href=\"http:\/\/vk.com\/share.php?url=www.fabregat-perulles-sales.com\/actualidad\/wp-json\/wp\/v2\/posts\/1800&title=Reformas introducidas en el C\u00f3digo Penal con las Leyes Org\u00e1nicas 1\/2015 y 2\/2015, de 30 de marzo\"  onclick=\"javascript:void window.open('http:\/\/vk.com\/share.php?url=www.fabregat-perulles-sales.com\/actualidad\/wp-json\/wp\/v2\/posts\/1800&title=Reformas introducidas en el C\u00f3digo Penal con las Leyes Org\u00e1nicas 1\/2015 y 2\/2015, de 30 de marzo','1410949501326','width=700,height=500,toolbar=0,menubar=0,location=0,status=1,scrollbars=1,resizable=1,left=0,top=0');return false;\" style=\"background-position: -270px -120px \"><\/a>\r\n\t\t\t\t\t<\/li>\r\n\t\t\t\t\t\t\t\t\t\t<li class=\"none nobackground \" >\r\n\r\n\t\t\t\t\t\t\t\t\t\t\t\t<a id=\"backforunical1800\" href=\"http:\/\/www.reddit.com\/submit?url=www.fabregat-perulles-sales.com\/actualidad\/wp-json\/wp\/v2\/posts\/1800&title=Reformas introducidas en el C\u00f3digo Penal con las Leyes Org\u00e1nicas 1\/2015 y 2\/2015, de 30 de marzo\"  onclick=\"javascript:void window.open('http:\/\/www.reddit.com\/submit?url=www.fabregat-perulles-sales.com\/actualidad\/wp-json\/wp\/v2\/posts\/1800&title=Reformas introducidas en el C\u00f3digo Penal con las Leyes Org\u00e1nicas 1\/2015 y 2\/2015, de 30 de marzo','1410949501326','width=700,height=500,toolbar=0,menubar=0,location=0,status=1,scrollbars=1,resizable=1,left=0,top=0');return false;\" style=\"background-position: -300px -120px \"><\/a>\r\n\t\t\t\t\t<\/li>\r\n\t\t\t\t\t\t\t\t\t\t<li class=\"none nobackground \" >\r\n\r\n\t\t\t\t\t\t\t\t\t\t\t\t<a id=\"backforunical1800\" href=\"http:\/\/www.bebo.com\/c\/share?Url=www.fabregat-perulles-sales.com\/actualidad\/wp-json\/wp\/v2\/posts\/1800\"  onclick=\"javascript:void window.open('http:\/\/www.bebo.com\/c\/share?Url=www.fabregat-perulles-sales.com\/actualidad\/wp-json\/wp\/v2\/posts\/1800','1410949501326','width=700,height=500,toolbar=0,menubar=0,location=0,status=1,scrollbars=1,resizable=1,left=0,top=0');return false;\" style=\"background-position: -330px -120px \"><\/a>\r\n\t\t\t\t\t<\/li>\r\n\t\t\t\t\t\t\t\t\t\t<li class=\"none nobackground \" >\r\n\r\n\t\t\t\t\t\t\t\t\t\t\t\t<a id=\"backforunical1800\" href=\"https:\/\/delicious.com\/save?v=5&noui&jump=close&url=www.fabregat-perulles-sales.com\/actualidad\/wp-json\/wp\/v2\/posts\/1800&title=Reformas introducidas en el C\u00f3digo Penal con las Leyes Org\u00e1nicas 1\/2015 y 2\/2015, de 30 de marzo\"  onclick=\"javascript:void window.open('https:\/\/delicious.com\/save?v=5&noui&jump=close&url=www.fabregat-perulles-sales.com\/actualidad\/wp-json\/wp\/v2\/posts\/1800&title=Reformas introducidas en el C\u00f3digo Penal con las Leyes Org\u00e1nicas 1\/2015 y 2\/2015, de 30 de marzo','1410949501326','width=700,height=500,toolbar=0,menubar=0,location=0,status=1,scrollbars=1,resizable=1,left=0,top=0');return false;\" style=\"background-position: -360px -120px \"><\/a>\r\n\t\t\t\t\t<\/li>\r\n\t\t\t\t\t\t\t\t\t\t<li class=\"none nobackground \" >\r\n\r\n\t\t\t\t\t\t\t\t\t\t\t\t<a id=\"backforunical1800\" href=\"http:\/\/www.odnoklassniki.ru\/dk?st.cmd=addShare&st.s=2&st.noresize=on&st._surl=www.fabregat-perulles-sales.com\/actualidad\/wp-json\/wp\/v2\/posts\/1800\"  onclick=\"javascript:void window.open('http:\/\/www.odnoklassniki.ru\/dk?st.cmd=addShare&st.s=2&st.noresize=on&st._surl=www.fabregat-perulles-sales.com\/actualidad\/wp-json\/wp\/v2\/posts\/1800','1410949501326','width=700,height=500,toolbar=0,menubar=0,location=0,status=1,scrollbars=1,resizable=1,left=0,top=0');return false;\" style=\"background-position: -390px -120px \"><\/a>\r\n\t\t\t\t\t<\/li>\r\n\t\t\t\t\t\t\t\t\t\t<li class=\"none nobackground \" >\r\n\r\n\t\t\t\t\t\t\t\t\t\t\t\t<a id=\"backforunical1800\" href=\"http:\/\/sns.qzone.qq.com\/cgi-bin\/qzshare\/cgi_qzshare_onekey?url=www.fabregat-perulles-sales.com\/actualidad\/wp-json\/wp\/v2\/posts\/1800&title=Reformas introducidas en el C\u00f3digo Penal con las Leyes Org\u00e1nicas 1\/2015 y 2\/2015, de 30 de marzo\"  onclick=\"javascript:void window.open('http:\/\/sns.qzone.qq.com\/cgi-bin\/qzshare\/cgi_qzshare_onekey?url=www.fabregat-perulles-sales.com\/actualidad\/wp-json\/wp\/v2\/posts\/1800&title=Reformas introducidas en el C\u00f3digo Penal con las Leyes Org\u00e1nicas 1\/2015 y 2\/2015, de 30 de marzo','1410949501326','width=700,height=500,toolbar=0,menubar=0,location=0,status=1,scrollbars=1,resizable=1,left=0,top=0');return false;\" style=\"background-position: -420px -120px \"><\/a>\r\n\t\t\t\t\t<\/li>\r\n\t\t\t\t\t\t\t\t\t\t<li class=\"none nobackground \" >\r\n\r\n\t\t\t\t\t\t\t\t\t\t\t\t<a id=\"backforunical1800\" href=\"http:\/\/service.weibo.com\/share\/share.php?url=www.fabregat-perulles-sales.com\/actualidad\/wp-json\/wp\/v2\/posts\/1800&appkey=&title=Reformas introducidas en el C\u00f3digo Penal con las Leyes Org\u00e1nicas 1\/2015 y 2\/2015, de 30 de marzo&pic=&ralateUid=&\"  onclick=\"javascript:void window.open('http:\/\/service.weibo.com\/share\/share.php?url=www.fabregat-perulles-sales.com\/actualidad\/wp-json\/wp\/v2\/posts\/1800&appkey=&title=Reformas introducidas en el C\u00f3digo Penal con las Leyes Org\u00e1nicas 1\/2015 y 2\/2015, de 30 de marzo&pic=&ralateUid=&','1410949501326','width=700,height=500,toolbar=0,menubar=0,location=0,status=1,scrollbars=1,resizable=1,left=0,top=0');return false;\" style=\"background-position: -450px -120px \"><\/a>\r\n\t\t\t\t\t<\/li>\r\n\t\t\t\t\t\t\t\t\t\t<li class=\"none nobackground \" >\r\n\r\n\t\t\t\t\t\t\t\t\t\t\t\t<a id=\"backforunical1800\" href=\"http:\/\/widget.renren.com\/dialog\/share?resourceUrl=www.fabregat-perulles-sales.com\/actualidad\/wp-json\/wp\/v2\/posts\/1800&srcUrl=www.fabregat-perulles-sales.com\/actualidad\/wp-json\/wp\/v2\/posts\/1800&title=Reformas introducidas en el C\u00f3digo Penal con las Leyes Org\u00e1nicas 1\/2015 y 2\/2015, de 30 de marzo\"  onclick=\"javascript:void window.open('http:\/\/widget.renren.com\/dialog\/share?resourceUrl=www.fabregat-perulles-sales.com\/actualidad\/wp-json\/wp\/v2\/posts\/1800&srcUrl=www.fabregat-perulles-sales.com\/actualidad\/wp-json\/wp\/v2\/posts\/1800&title=Reformas introducidas en el C\u00f3digo Penal con las Leyes Org\u00e1nicas 1\/2015 y 2\/2015, de 30 de marzo','1410949501326','width=700,height=500,toolbar=0,menubar=0,location=0,status=1,scrollbars=1,resizable=1,left=0,top=0');return false;\" style=\"background-position: -480px -120px \"><\/a>\r\n\t\t\t\t\t<\/li>\r\n\t\t\t\t\t\t\t\t\t\t<li class=\"none nobackground \" >\r\n\r\n\t\t\t\t\t\t\t\t\t\t\t\t<a id=\"backforunical1800\" href=\"http:\/\/n4g.com\/tips?url=www.fabregat-perulles-sales.com\/actualidad\/wp-json\/wp\/v2\/posts\/1800&title=Reformas introducidas en el C\u00f3digo Penal con las Leyes Org\u00e1nicas 1\/2015 y 2\/2015, de 30 de marzo\"  onclick=\"javascript:void window.open('http:\/\/n4g.com\/tips?url=www.fabregat-perulles-sales.com\/actualidad\/wp-json\/wp\/v2\/posts\/1800&title=Reformas introducidas en el C\u00f3digo Penal con las Leyes Org\u00e1nicas 1\/2015 y 2\/2015, de 30 de marzo','1410949501326','width=700,height=500,toolbar=0,menubar=0,location=0,status=1,scrollbars=1,resizable=1,left=0,top=0');return false;\" style=\"background-position: -510px -120px \"><\/a>\r\n\t\t\t\t\t<\/li>\r\n\t\t\t\t\t\t\t\t<\/ul>\r\n\t\t\t<div class=\"clear\"><\/div>\r\n\t\t<\/div>\r\n\t\t","protected":false},"excerpt":{"rendered":"<p>El pasado 31 de marzo quedaron publicadas en el BOE la Ley Org\u00e1nica 1\/2015, de 30 de marzo, y la Ley Org\u00e1nica 2\/2015, de 30 de marzo, ambas modificativas de la\u00a0Ley Org\u00e1nica 10\/1995, de 23 de noviembre, del\u00a0C\u00f3digo Penal, en los t\u00e9rminos que a continuaci\u00f3n se exponen. La reforma introducida en el C\u00f3digo Penal por\u2026 <span class=\"read-more\"><a href=\"https:\/\/www.fabregat-perulles-sales.com\/actualidad\/reformas-introducidas-en-el-codigo-penal-con-las-leyes-organicas-12015-y-22015-de-30-de-marzo\/\">Read More &raquo;<\/a><\/span><\/p>\n","protected":false},"author":3,"featured_media":0,"comment_status":"open","ping_status":"closed","sticky":false,"template":"","format":"standard","meta":[],"categories":[42,466,3],"tags":[183,776,516],"yoast_head":"<!-- This site is optimized with the Yoast SEO plugin v20.2.1 - https:\/\/yoast.com\/wordpress\/plugins\/seo\/ -->\n<title>Reformas introducidas en el C\u00f3digo Penal con las Leyes Org\u00e1nicas 1\/2015 y 2\/2015, de 30 de marzo | International Lawyers<\/title>\n<meta name=\"description\" content=\"El pasado 31 de marzo quedaron publicadas en el BOE la Ley Org\u00e1nica 1\/2015, de 30 de marzo, y la Ley Org\u00e1nica 2\/2015, de 30 de marzo, ambas modificativas\" \/>\n<meta name=\"robots\" content=\"index, follow, max-snippet:-1, max-image-preview:large, max-video-preview:-1\" \/>\n<link rel=\"canonical\" href=\"https:\/\/www.fabregat-perulles-sales.com\/actualidad\/reformas-introducidas-en-el-codigo-penal-con-las-leyes-organicas-12015-y-22015-de-30-de-marzo\/\" \/>\n<meta property=\"og:locale\" content=\"en_US\" \/>\n<meta property=\"og:type\" content=\"article\" \/>\n<meta property=\"og:title\" content=\"Reformas introducidas en el C\u00f3digo Penal con las Leyes Org\u00e1nicas 1\/2015 y 2\/2015, de 30 de marzo | International Lawyers\" \/>\n<meta property=\"og:description\" content=\"El pasado 31 de marzo quedaron publicadas en el BOE la Ley Org\u00e1nica 1\/2015, de 30 de marzo, y la Ley Org\u00e1nica 2\/2015, de 30 de marzo, ambas modificativas\" \/>\n<meta property=\"og:url\" content=\"https:\/\/www.fabregat-perulles-sales.com\/actualidad\/reformas-introducidas-en-el-codigo-penal-con-las-leyes-organicas-12015-y-22015-de-30-de-marzo\/\" \/>\n<meta property=\"og:site_name\" content=\"International Lawyers\" \/>\n<meta property=\"article:published_time\" content=\"2015-04-13T08:40:13+00:00\" \/>\n<meta property=\"article:modified_time\" content=\"2015-05-12T12:17:13+00:00\" \/>\n<meta property=\"og:image\" content=\"http:\/\/www.fabregat-perulles-sales.com\/actualidad\/wp-content\/uploads\/2015\/04\/derecho-penal-300x199.jpg\" \/>\n<meta name=\"author\" content=\"Victor\" \/>\n<meta name=\"twitter:card\" content=\"summary_large_image\" \/>\n<meta name=\"twitter:label1\" content=\"Written by\" \/>\n\t<meta name=\"twitter:data1\" content=\"Victor\" \/>\n\t<meta name=\"twitter:label2\" content=\"Est. reading time\" \/>\n\t<meta name=\"twitter:data2\" content=\"7 minutes\" \/>\n<script type=\"application\/ld+json\" class=\"yoast-schema-graph\">{\"@context\":\"https:\/\/schema.org\",\"@graph\":[{\"@type\":\"WebPage\",\"@id\":\"https:\/\/www.fabregat-perulles-sales.com\/actualidad\/reformas-introducidas-en-el-codigo-penal-con-las-leyes-organicas-12015-y-22015-de-30-de-marzo\/\",\"url\":\"https:\/\/www.fabregat-perulles-sales.com\/actualidad\/reformas-introducidas-en-el-codigo-penal-con-las-leyes-organicas-12015-y-22015-de-30-de-marzo\/\",\"name\":\"Reformas introducidas en el C\u00f3digo Penal con las Leyes Org\u00e1nicas 1\/2015 y 2\/2015, de 30 de marzo | International Lawyers\",\"isPartOf\":{\"@id\":\"https:\/\/www.fabregat-perulles-sales.com\/actualidad\/#website\"},\"datePublished\":\"2015-04-13T08:40:13+00:00\",\"dateModified\":\"2015-05-12T12:17:13+00:00\",\"author\":{\"@id\":\"https:\/\/www.fabregat-perulles-sales.com\/actualidad\/#\/schema\/person\/cabc1d68c7778f01d5e069c2d98442e3\"},\"description\":\"El pasado 31 de marzo quedaron publicadas en el BOE la Ley Org\u00e1nica 1\/2015, de 30 de marzo, y la Ley Org\u00e1nica 2\/2015, de 30 de marzo, ambas modificativas\",\"breadcrumb\":{\"@id\":\"https:\/\/www.fabregat-perulles-sales.com\/actualidad\/reformas-introducidas-en-el-codigo-penal-con-las-leyes-organicas-12015-y-22015-de-30-de-marzo\/#breadcrumb\"},\"inLanguage\":\"en-US\",\"potentialAction\":[{\"@type\":\"ReadAction\",\"target\":[\"https:\/\/www.fabregat-perulles-sales.com\/actualidad\/reformas-introducidas-en-el-codigo-penal-con-las-leyes-organicas-12015-y-22015-de-30-de-marzo\/\"]}]},{\"@type\":\"BreadcrumbList\",\"@id\":\"https:\/\/www.fabregat-perulles-sales.com\/actualidad\/reformas-introducidas-en-el-codigo-penal-con-las-leyes-organicas-12015-y-22015-de-30-de-marzo\/#breadcrumb\",\"itemListElement\":[{\"@type\":\"ListItem\",\"position\":1,\"name\":\"Home\",\"item\":\"https:\/\/www.fabregat-perulles-sales.com\/actualidad\/\"},{\"@type\":\"ListItem\",\"position\":2,\"name\":\"Reformas introducidas en el C\u00f3digo Penal con las Leyes Org\u00e1nicas 1\/2015 y 2\/2015, de 30 de marzo\"}]},{\"@type\":\"WebSite\",\"@id\":\"https:\/\/www.fabregat-perulles-sales.com\/actualidad\/#website\",\"url\":\"https:\/\/www.fabregat-perulles-sales.com\/actualidad\/\",\"name\":\"www.fabregat-perulles-sales.com\",\"description\":\"Fabregat Perulles Sales Abogados is a law firm of reference international market in the Spanish-German, Spanish-French, and Spanish-Italian. Is one of the first firms in Barcelona offering a Russian Desk.\",\"potentialAction\":[{\"@type\":\"SearchAction\",\"target\":{\"@type\":\"EntryPoint\",\"urlTemplate\":\"https:\/\/www.fabregat-perulles-sales.com\/actualidad\/?s={search_term_string}\"},\"query-input\":\"required name=search_term_string\"}],\"inLanguage\":\"en-US\"},{\"@type\":\"Person\",\"@id\":\"https:\/\/www.fabregat-perulles-sales.com\/actualidad\/#\/schema\/person\/cabc1d68c7778f01d5e069c2d98442e3\",\"name\":\"Victor\",\"image\":{\"@type\":\"ImageObject\",\"inLanguage\":\"en-US\",\"@id\":\"https:\/\/www.fabregat-perulles-sales.com\/actualidad\/#\/schema\/person\/image\/\",\"url\":\"https:\/\/secure.gravatar.com\/avatar\/756cb666a964d2960ffe307b8a53b271?s=96&d=mm&r=g\",\"contentUrl\":\"https:\/\/secure.gravatar.com\/avatar\/756cb666a964d2960ffe307b8a53b271?s=96&d=mm&r=g\",\"caption\":\"Victor\"},\"sameAs\":[\"http:\/\/www.fabregat-perulles-sales.com\"],\"url\":\"https:\/\/www.fabregat-perulles-sales.com\/actualidad\/author\/victor\/\"}]}<\/script>\n<!-- \/ Yoast SEO plugin. -->","yoast_head_json":{"title":"Reformas introducidas en el C\u00f3digo Penal con las Leyes Org\u00e1nicas 1\/2015 y 2\/2015, de 30 de marzo | International Lawyers","description":"El pasado 31 de marzo quedaron publicadas en el BOE la Ley Org\u00e1nica 1\/2015, de 30 de marzo, y la Ley Org\u00e1nica 2\/2015, de 30 de marzo, ambas modificativas","robots":{"index":"index","follow":"follow","max-snippet":"max-snippet:-1","max-image-preview":"max-image-preview:large","max-video-preview":"max-video-preview:-1"},"canonical":"https:\/\/www.fabregat-perulles-sales.com\/actualidad\/reformas-introducidas-en-el-codigo-penal-con-las-leyes-organicas-12015-y-22015-de-30-de-marzo\/","og_locale":"en_US","og_type":"article","og_title":"Reformas introducidas en el C\u00f3digo Penal con las Leyes Org\u00e1nicas 1\/2015 y 2\/2015, de 30 de marzo | International Lawyers","og_description":"El pasado 31 de marzo quedaron publicadas en el BOE la Ley Org\u00e1nica 1\/2015, de 30 de marzo, y la Ley Org\u00e1nica 2\/2015, de 30 de marzo, ambas modificativas","og_url":"https:\/\/www.fabregat-perulles-sales.com\/actualidad\/reformas-introducidas-en-el-codigo-penal-con-las-leyes-organicas-12015-y-22015-de-30-de-marzo\/","og_site_name":"International Lawyers","article_published_time":"2015-04-13T08:40:13+00:00","article_modified_time":"2015-05-12T12:17:13+00:00","og_image":[{"url":"http:\/\/www.fabregat-perulles-sales.com\/actualidad\/wp-content\/uploads\/2015\/04\/derecho-penal-300x199.jpg"}],"author":"Victor","twitter_card":"summary_large_image","twitter_misc":{"Written by":"Victor","Est. reading time":"7 minutes"},"schema":{"@context":"https:\/\/schema.org","@graph":[{"@type":"WebPage","@id":"https:\/\/www.fabregat-perulles-sales.com\/actualidad\/reformas-introducidas-en-el-codigo-penal-con-las-leyes-organicas-12015-y-22015-de-30-de-marzo\/","url":"https:\/\/www.fabregat-perulles-sales.com\/actualidad\/reformas-introducidas-en-el-codigo-penal-con-las-leyes-organicas-12015-y-22015-de-30-de-marzo\/","name":"Reformas introducidas en el C\u00f3digo Penal con las Leyes Org\u00e1nicas 1\/2015 y 2\/2015, de 30 de marzo | International Lawyers","isPartOf":{"@id":"https:\/\/www.fabregat-perulles-sales.com\/actualidad\/#website"},"datePublished":"2015-04-13T08:40:13+00:00","dateModified":"2015-05-12T12:17:13+00:00","author":{"@id":"https:\/\/www.fabregat-perulles-sales.com\/actualidad\/#\/schema\/person\/cabc1d68c7778f01d5e069c2d98442e3"},"description":"El pasado 31 de marzo quedaron publicadas en el BOE la Ley Org\u00e1nica 1\/2015, de 30 de marzo, y la Ley Org\u00e1nica 2\/2015, de 30 de marzo, ambas modificativas","breadcrumb":{"@id":"https:\/\/www.fabregat-perulles-sales.com\/actualidad\/reformas-introducidas-en-el-codigo-penal-con-las-leyes-organicas-12015-y-22015-de-30-de-marzo\/#breadcrumb"},"inLanguage":"en-US","potentialAction":[{"@type":"ReadAction","target":["https:\/\/www.fabregat-perulles-sales.com\/actualidad\/reformas-introducidas-en-el-codigo-penal-con-las-leyes-organicas-12015-y-22015-de-30-de-marzo\/"]}]},{"@type":"BreadcrumbList","@id":"https:\/\/www.fabregat-perulles-sales.com\/actualidad\/reformas-introducidas-en-el-codigo-penal-con-las-leyes-organicas-12015-y-22015-de-30-de-marzo\/#breadcrumb","itemListElement":[{"@type":"ListItem","position":1,"name":"Home","item":"https:\/\/www.fabregat-perulles-sales.com\/actualidad\/"},{"@type":"ListItem","position":2,"name":"Reformas introducidas en el C\u00f3digo Penal con las Leyes Org\u00e1nicas 1\/2015 y 2\/2015, de 30 de marzo"}]},{"@type":"WebSite","@id":"https:\/\/www.fabregat-perulles-sales.com\/actualidad\/#website","url":"https:\/\/www.fabregat-perulles-sales.com\/actualidad\/","name":"www.fabregat-perulles-sales.com","description":"Fabregat Perulles Sales Abogados is a law firm of reference international market in the Spanish-German, Spanish-French, and Spanish-Italian. Is one of the first firms in Barcelona offering a Russian Desk.","potentialAction":[{"@type":"SearchAction","target":{"@type":"EntryPoint","urlTemplate":"https:\/\/www.fabregat-perulles-sales.com\/actualidad\/?s={search_term_string}"},"query-input":"required name=search_term_string"}],"inLanguage":"en-US"},{"@type":"Person","@id":"https:\/\/www.fabregat-perulles-sales.com\/actualidad\/#\/schema\/person\/cabc1d68c7778f01d5e069c2d98442e3","name":"Victor","image":{"@type":"ImageObject","inLanguage":"en-US","@id":"https:\/\/www.fabregat-perulles-sales.com\/actualidad\/#\/schema\/person\/image\/","url":"https:\/\/secure.gravatar.com\/avatar\/756cb666a964d2960ffe307b8a53b271?s=96&d=mm&r=g","contentUrl":"https:\/\/secure.gravatar.com\/avatar\/756cb666a964d2960ffe307b8a53b271?s=96&d=mm&r=g","caption":"Victor"},"sameAs":["http:\/\/www.fabregat-perulles-sales.com"],"url":"https:\/\/www.fabregat-perulles-sales.com\/actualidad\/author\/victor\/"}]}},"amp_enabled":true,"_links":{"self":[{"href":"https:\/\/www.fabregat-perulles-sales.com\/actualidad\/wp-json\/wp\/v2\/posts\/1800"}],"collection":[{"href":"https:\/\/www.fabregat-perulles-sales.com\/actualidad\/wp-json\/wp\/v2\/posts"}],"about":[{"href":"https:\/\/www.fabregat-perulles-sales.com\/actualidad\/wp-json\/wp\/v2\/types\/post"}],"author":[{"embeddable":true,"href":"https:\/\/www.fabregat-perulles-sales.com\/actualidad\/wp-json\/wp\/v2\/users\/3"}],"replies":[{"embeddable":true,"href":"https:\/\/www.fabregat-perulles-sales.com\/actualidad\/wp-json\/wp\/v2\/comments?post=1800"}],"version-history":[{"count":7,"href":"https:\/\/www.fabregat-perulles-sales.com\/actualidad\/wp-json\/wp\/v2\/posts\/1800\/revisions"}],"predecessor-version":[{"id":1803,"href":"https:\/\/www.fabregat-perulles-sales.com\/actualidad\/wp-json\/wp\/v2\/posts\/1800\/revisions\/1803"}],"wp:attachment":[{"href":"https:\/\/www.fabregat-perulles-sales.com\/actualidad\/wp-json\/wp\/v2\/media?parent=1800"}],"wp:term":[{"taxonomy":"category","embeddable":true,"href":"https:\/\/www.fabregat-perulles-sales.com\/actualidad\/wp-json\/wp\/v2\/categories?post=1800"},{"taxonomy":"post_tag","embeddable":true,"href":"https:\/\/www.fabregat-perulles-sales.com\/actualidad\/wp-json\/wp\/v2\/tags?post=1800"}],"curies":[{"name":"wp","href":"https:\/\/api.w.org\/{rel}","templated":true}]}}