{"id":1748,"date":"2015-03-02T20:16:56","date_gmt":"2015-03-02T19:16:56","guid":{"rendered":"http:\/\/www.fabregat-perulles-sales.com\/actualidad\/?p=1748"},"modified":"2015-03-02T20:23:39","modified_gmt":"2015-03-02T19:23:39","slug":"principales-modificaciones-del-real-decreto-ley-12015-de-27-de-febrero-de-mecanismo-de-segunda-oportunidad-reduccion-de-carga-financiera-y-otras-medidas-de-orden-social","status":"publish","type":"post","link":"https:\/\/www.fabregat-perulles-sales.com\/actualidad\/principales-modificaciones-del-real-decreto-ley-12015-de-27-de-febrero-de-mecanismo-de-segunda-oportunidad-reduccion-de-carga-financiera-y-otras-medidas-de-orden-social\/","title":{"rendered":"Principales modificaciones del Real Decreto-Ley 1\/2015, de 27 de febrero, de mecanismo de segunda oportunidad, reducci\u00f3n de carga financiera y otras medidas de orden social."},"content":{"rendered":"<p><a href=\"http:\/\/www.fabregat-perulles-sales.com\/actualidad\/wp-content\/uploads\/2015\/03\/tasa-judicial.jpg\"><img decoding=\"async\" loading=\"lazy\" class=\"alignright size-full wp-image-1749\" alt=\"tasa judicial\" src=\"http:\/\/www.fabregat-perulles-sales.com\/actualidad\/wp-content\/uploads\/2015\/03\/tasa-judicial.jpg\" width=\"213\" height=\"151\" \/><\/a>El pasado 27 de febrero de 2015 se aprob\u00f3 el <a href=\"http:\/\/noticias.juridicas.com\/actual\/4572-contenido-y-novedades-del-real-decreto-ley-12015-de-27-de-febrero-de-mecanismo-de-segunda-oportunidad-reduccion-de-carga-financiera-y-otras-medidas-de-orden-social.html\">Real Decreto-Ley 1\/2015<\/a>,cuya entrada en vigor se produjo al d\u00eda siguiente de su publicaci\u00f3n en el <a href=\"http:\/\/www.boe.es\/boe\/dias\/2015\/02\/28\/pdfs\/BOE-A-2015-2109.pdf\">Bolet\u00edn Oficial del Estado<\/a>, esto es, el 29 de febrero de los corrientes.<\/p>\n<p>Una de las principales modificaciones realizadas por el Real Decreto-Ley 1\/2015 es la <b><span style=\"text-decoration: underline;\">supresi\u00f3n de la obligaci\u00f3n de pago de la tasa judicial para las personas f\u00edsicas<\/span><\/b>.<\/p>\n<p>Desde la aprobaci\u00f3n de la <a href=\"http:\/\/noticias.juridicas.com\/base_datos\/Fiscal\/l10-2012.html#a4\">Ley 10\/2010<\/a>, de 20 de noviembre, por la que se regulan determinadas tasas en el \u00e1mbito de la Administraci\u00f3n de Justicia y del Instituto Nacional de Toxicolog\u00eda y Ciencias Forenses, las personas f\u00edsicas que no se encontraran dentro de ning\u00fan supuesto de exenci\u00f3n objetiva \u2013que eran la mayor\u00eda-, deb\u00edan pagar tasa judicial para defender sus derechos en el orden jurisdiccional civil, contencioso-administrativo y social.<\/p>\n<p>En este sentido, las exenciones al impuesto de car\u00e1cter subjetivo alcanzaban \u00fanicamente: <b><i>a)<\/i><\/b> a las personas que tuvieran reconocido el derecho a la asistencia jur\u00eddica gratuita; <b><i>b)<\/i><\/b> al Ministerio Fiscal; <b><i>c)<\/i><\/b> a la Administraci\u00f3n General del Estado, de las Comunidades Aut\u00f3nomas, de las entidades locales y de los organismos p\u00fablicos dependientes de todas ellas; y <b><i>d)<\/i><\/b> a las Cortes Generales y a las Asambleas Legislativas de las Comunidades Aut\u00f3nomas.<\/p>\n<p><!--more--><\/p>\n<p>Lo anterior conllevaba una carga econ\u00f3mica para los particulares \u2013en la mayor\u00eda de casos excesiva-, por lo que la inclusi\u00f3n de las personas f\u00edsicas como exenci\u00f3n subjetiva en el pago de las tasas judiciales, es una medida muy esperada.<\/p>\n<p>Por su parte, las personas jur\u00eddicas seguir\u00e1n obligadas al pago de la tasa judicial tal y como ven\u00edan haciendo hasta la aprobaci\u00f3n del Real Decreto-Ley 1\/2015, esto es, cuando se realice el hecho imponible y no concurra ninguna causa de exenci\u00f3n objetiva \u2013 entre las que se encuentran, entre otras, la solicitud de concurso voluntario, o la presentaci\u00f3n de petici\u00f3n de juicio monitorio o demanda de juicio verbal por cuant\u00eda inferior a 2.000 euros-.<\/p>\n<p>Otra de las modificaciones importantes introducidas por el RDL 1\/2015, son aquellas relativas a la reducci\u00f3n de la carga financiera mediante la modificaci\u00f3n de la <a href=\"http:\/\/noticias.juridicas.com\/base_datos\/Privado\/l22-2003.html\">Ley concursal<\/a>, del <a href=\"http:\/\/noticias.juridicas.com\/base_datos\/Admin\/rdl6-2012.html\">Real Decreto-Ley 6\/2012<\/a>, de 2 de marzo, <i>de medidas urgentes de protecci\u00f3n de deudores hipotecarios sin recursos<\/i> y de la <a href=\"http:\/\/noticias.juridicas.com\/base_datos\/Fiscal\/505327-l-1-2013-de-14-may-medidas-para-reforzar-la-proteccion-a-los-deudores-hipotecarios.html\">Ley 1\/2013<\/a>, de 14 de mayo, <i>de medidas para reforzar la protecci\u00f3n a los deudores hipotecarios, reestructuraci\u00f3n de deuda y alquiler social<\/i>.<\/p>\n<p>Estas medidas tienen como prop\u00f3sito establecer una serie de controles y garant\u00edas que eviten insolvencias estrat\u00e9gicas y las daciones en pago selectivas. La idea principal consiste en lograr que el deudor que hubiera agotado su patrimonio por haberlo liquidado en beneficio de sus acreedores, pueda verse liberado de la mayor parte de las deudas pendientes tras esa liquidaci\u00f3n.<\/p>\n<p>Interesa destacar las siguientes medidas:<\/p>\n<p><b>1)\u00a0\u00a0\u00a0\u00a0\u00a0 <\/b><b><span style=\"text-decoration: underline;\">Flexibilizaci\u00f3n de los acuerdos extrajudiciales<\/span><\/b> <b><span style=\"text-decoration: underline;\">de pago<\/span><\/b> (principalmente por medio de la asimilaci\u00f3n de su regulaci\u00f3n a los acuerdos de refinanciaci\u00f3n de la Disposici\u00f3n Adicional Cuarta de la Ley Concursal) y previsi\u00f3n de un mecanismo de segunda oportunidad efectivo.<\/p>\n<p>El \u00e1mbito de aplicaci\u00f3n del r\u00e9gimen de acuerdos extrajudiciales <b><span style=\"text-decoration: underline;\">se ampl\u00eda a las personas naturales no empresarios<\/span><\/b>, para las que se regula un procedimiento simplificado.<\/p>\n<p>Asimismo, en el marco del procedimiento concursal se establece un <b><span style=\"text-decoration: underline;\">r\u00e9gimen de exoneraci\u00f3n de deudas para los deudores persona natural<\/span><\/b>, siempre y cuando el deudor sea de buena fe y se haya liquidado previamente su patrimonio (o se haya declarado la conclusi\u00f3n del concurso por insuficiencia de masa).<\/p>\n<p>Por otro lado, se extienden los efectos del acuerdo a los acreedores garantizados disidentes, y se potencia la figura del mediador concursal, introduciendo la posibilidad de que act\u00faen como tal las C\u00e1maras de Comercio, Industria, Navegaci\u00f3n y Servicios (si el deudor es empresario), o los notarios, cuando se trate de personas naturales no empresarios.<\/p>\n<p><b>2)\u00a0\u00a0\u00a0\u00a0\u00a0 <\/b>Mejora\u00a0 del <b><span style=\"text-decoration: underline;\">\u201cC\u00f3digo de Buenas Pr\u00e1cticas para la reestructuraci\u00f3n viable de las deudas con garant\u00eda hipotecaria sobre la vivienda habitual\u201d<\/span><\/b>, en su momento introducido por el Real Decreto-Ley 6\/2012, de 9 de marzo, <i>de medidas urgentes de protecci\u00f3n de deudores hipotecarios sin recursos<\/i>, mediante el incremento del l\u00edmite anual de renta de las familias beneficiarias y la consecuente ampliaci\u00f3n del \u00e1mbito subjetivo.<\/p>\n<p><b>3)\u00a0\u00a0\u00a0\u00a0\u00a0 <\/b><b><span style=\"text-decoration: underline;\">Ampliaci\u00f3n de la suspensi\u00f3n de los lanzamientos sobre viviendas habituales de colectivos especialmente vulnerables<\/span><\/b> (vid. Ley 1\/2013, de 14 de mayo, <i>de medidas para reforzar la protecci\u00f3n a los deudores hipotecarios, reestructuraci\u00f3n de deuda y alquiler social<\/i>) hasta el 2017.<\/p>\n<p>Por \u00faltimo, el RDL 1\/2015 instaura otras modificaciones en el \u00e1mbito tributario (principalmente en materia del Impuesto de la Renta de las Personas F\u00edsicas y el Impuesto de Sociedades), el \u00e1mbito de la administraci\u00f3n p\u00fablica, y en el \u00e1mbito laboral (estableci\u00e9ndose diversas medidas dirigidas al fomento del empleo).<\/p>\n<p>&nbsp;<\/p>\n<p>&nbsp;<\/p>\n<p>&nbsp;<\/p>\n<p>&nbsp;<\/p>\n<p>&nbsp;<\/p>\n\r\n\t\t<style>\r\n\t\t\t.huge-it-share-buttons {\r\n\t\t\t\tborder:0px solid #0FB5D6;\r\n\t\t\t\tborder-radius:5px;\r\n\t\t\t\tbackground:#3BD8FF;\r\n\t\t\t text-align:left; \t\t\t\t\t\t\t\t\t}\r\n\r\n\t\t\t#huge-it-share-buttons-top {margin-bottom:0px;}\r\n\t\t\t#huge-it-share-buttons-bottom {margin-top:0px;}\r\n\r\n\t\t\t.huge-it-share-buttons h3 {\r\n\t\t\t\tfont-size:25px ;\r\n\t\t\t\tfont-family:Arial,Helvetica Neue,Helvetica,sans-serif;\r\n\t\t\t\tcolor:#666666;\r\n\r\n\t\t\tdisplay:block;\t\t\t\tline-height:25px ;\r\n\r\n\t\t\t text-align:left; \t\t\t\t\t\t\t\t\t}\r\n\r\n\t\t\t.huge-it-share-buttons ul {\r\n\t\t\t float:left; \t\t\t\t\t\t\t\t\t}\r\n\r\n\t\t\t.huge-it-share-buttons ul li {\r\n\t\t\t\tmargin-left:3px;\r\n\t\t\t\tmargin-right:3px;\r\n\t\t\t\tpadding:0px;\r\n\t\t\t\tborder:0px ridge #E6354C;\r\n\t\t\t\tborder-radius:11px;\r\n\t\t\t\tbackground-color:#14CC9B;\r\n\t\t\t}\r\n\r\n\t\t\t.huge-it-share-buttons ul li #backforunical1748 {\r\n\t\t\t\tborder-bottom: 0;\r\n\t\t\t\tbackground-image:url('https:\/\/www.fabregat-perulles-sales.com\/actualidad\/wp-content\/plugins\/wp-share-buttons\/Front_end\/..\/images\/buttons.30.png');\r\n\t\t\t\twidth:30px;\r\n\t\t\t\theight:30px;\r\n\t\t\t}\r\n\r\n\t\t\t.front-shares-count {\r\n\t\t\t\tposition: absolute;\r\n\t\t\t\ttext-align: center;\r\n\t\t\t\tdisplay: block;\r\n\t\t\t}\r\n\r\n\t\t\t.shares_size20 .front-shares-count {\r\n\t\t\t\tfont-size: 10px;\r\n\t\t\t\ttop: 10px;\r\n\t\t\t\twidth: 20px;\r\n\t\t\t}\r\n\r\n\t\t\t.shares_size30 .front-shares-count {\r\n\t\t\t\tfont-size: 11px;\r\n\t\t\t\ttop: 15px;\r\n\t\t\t\twidth: 30px;\r\n\t\t\t}\r\n\r\n\t\t\t.shares_size40 .front-shares-count {\r\n\t\t\t\tfont-size: 12px;\r\n\t\t\t\ttop: 21px;\r\n\t\t\t\twidth: 40px;\r\n\t\t\t}\r\n\t\t<\/style>\r\n\t\t\r\n\t\t<div id=\"huge-it-share-buttons-top\" class=\"huge-it-share-buttons nobackground\">\r\n\t\t\t<h3>Share This:<\/h3>\r\n\t\t\t<ul class=\"huge-it-share-buttons-list \">\r\n\t\t\t\t\t\t\t\t\t<li class=\"nobackground \" >\r\n\r\n\t\t\t\t\t\t\t\t\t\t\t\t<a id=\"backforunical1748\" href=\"https:\/\/www.facebook.com\/sharer\/sharer.php?u=www.fabregat-perulles-sales.com\/actualidad\/wp-json\/wp\/v2\/posts\/1748\"  onclick=\"javascript:void window.open('https:\/\/www.facebook.com\/sharer\/sharer.php?u=www.fabregat-perulles-sales.com\/actualidad\/wp-json\/wp\/v2\/posts\/1748','1410949501326','width=700,height=500,toolbar=0,menubar=0,location=0,status=1,scrollbars=1,resizable=1,left=0,top=0');return false;\" style=\"background-position: -0px -120px \"><\/a>\r\n\t\t\t\t\t<\/li>\r\n\t\t\t\t\t\t\t\t\t\t<li class=\"nobackground \" >\r\n\r\n\t\t\t\t\t\t\t\t\t\t\t\t<a id=\"backforunical1748\" href=\"https:\/\/twitter.com\/share?status=www.fabregat-perulles-sales.com\/actualidad\/wp-json\/wp\/v2\/posts\/1748&text=Principales modificaciones del Real Decreto-Ley 1\/2015, de 27 de febrero, de mecanismo de segunda oportunidad, reducci\u00f3n de carga financiera y otras medidas de orden social.\"  onclick=\"javascript:void window.open('https:\/\/twitter.com\/share?status=www.fabregat-perulles-sales.com\/actualidad\/wp-json\/wp\/v2\/posts\/1748&text=Principales modificaciones del Real Decreto-Ley 1\/2015, de 27 de febrero, de mecanismo de segunda oportunidad, reducci\u00f3n de carga financiera y otras medidas de orden social.','1410949501326','width=700,height=500,toolbar=0,menubar=0,location=0,status=1,scrollbars=1,resizable=1,left=0,top=0');return false;\" style=\"background-position: -30px -120px \"><\/a>\r\n\t\t\t\t\t<\/li>\r\n\t\t\t\t\t\t\t\t\t\t<li class=\"none nobackground \" >\r\n\r\n\t\t\t\t\t\t\t\t\t\t\t\t<a id=\"backforunical1748\" href=\"http:\/\/www.pinterest.com\/pin\/create\/button\/?url=www.fabregat-perulles-sales.com\/actualidad\/wp-json\/wp\/v2\/posts\/1748&media=https:\/\/www.fabregat-perulles-sales.com\/actualidad\/wp-content\/plugins\/wp-share-buttons\/Front_end\/..\/images\/noimage.png&description=Principales modificaciones del Real Decreto-Ley 1\/2015, de 27 de febrero, de mecanismo de segunda oportunidad, reducci\u00f3n de carga financiera y otras medidas de orden social.\"  onclick=\"javascript:void window.open('http:\/\/www.pinterest.com\/pin\/create\/button\/?url=www.fabregat-perulles-sales.com\/actualidad\/wp-json\/wp\/v2\/posts\/1748&media=https:\/\/www.fabregat-perulles-sales.com\/actualidad\/wp-content\/plugins\/wp-share-buttons\/Front_end\/..\/images\/noimage.png&description=Principales modificaciones del Real Decreto-Ley 1\/2015, de 27 de febrero, de mecanismo de segunda oportunidad, reducci\u00f3n de carga financiera y otras medidas de orden social.','1410949501326','width=700,height=500,toolbar=0,menubar=0,location=0,status=1,scrollbars=1,resizable=1,left=0,top=0');return false;\" style=\"background-position: -60px -120px \"><\/a>\r\n\t\t\t\t\t<\/li>\r\n\t\t\t\t\t\t\t\t\t\t<li class=\"none nobackground \" >\r\n\r\n\t\t\t\t\t\t\t\t\t\t\t\t<a id=\"backforunical1748\" href=\"https:\/\/plus.google.com\/share?url=www.fabregat-perulles-sales.com\/actualidad\/wp-json\/wp\/v2\/posts\/1748\"  onclick=\"javascript:void window.open('https:\/\/plus.google.com\/share?url=www.fabregat-perulles-sales.com\/actualidad\/wp-json\/wp\/v2\/posts\/1748','1410949501326','width=700,height=500,toolbar=0,menubar=0,location=0,status=1,scrollbars=1,resizable=1,left=0,top=0');return false;\" style=\"background-position: -90px -120px \"><\/a>\r\n\t\t\t\t\t<\/li>\r\n\t\t\t\t\t\t\t\t\t\t<li class=\"nobackground \" >\r\n\r\n\t\t\t\t\t\t\t\t\t\t\t\t<a id=\"backforunical1748\" href=\"https:\/\/www.linkedin.com\/shareArticle?title=Principales modificaciones del Real Decreto-Ley 1\/2015, de 27 de febrero, de mecanismo de segunda oportunidad, reducci\u00f3n de carga financiera y otras medidas de orden social.&mini=true&url=https:\/\/www.fabregat-perulles-sales.com\/actualidad\/wp-json\/wp\/v2\/posts\/1748\"  onclick=\"javascript:void window.open('https:\/\/www.linkedin.com\/shareArticle?title=Principales modificaciones del Real Decreto-Ley 1\/2015, de 27 de febrero, de mecanismo de segunda oportunidad, reducci\u00f3n de carga financiera y otras medidas de orden social.&mini=true&url=https:\/\/www.fabregat-perulles-sales.com\/actualidad\/wp-json\/wp\/v2\/posts\/1748','1410949501326','width=700,height=500,toolbar=0,menubar=0,location=0,status=1,scrollbars=1,resizable=1,left=0,top=0');return false;\" style=\"background-position: -120px -120px \"><\/a>\r\n\t\t\t\t\t<\/li>\r\n\t\t\t\t\t\t\t\t\t\t<li class=\"none nobackground \" >\r\n\r\n\t\t\t\t\t\t\t\t\t\t\t\t<a id=\"backforunical1748\" href=\"https:\/\/www.tumblr.com\/share\/link?url=www.fabregat-perulles-sales.com\/actualidad\/wp-json\/wp\/v2\/posts\/1748&name=Principales modificaciones del Real Decreto-Ley 1\/2015, de 27 de febrero, de mecanismo de segunda oportunidad, reducci\u00f3n de carga financiera y otras medidas de orden social.\"  onclick=\"javascript:void window.open('https:\/\/www.tumblr.com\/share\/link?url=www.fabregat-perulles-sales.com\/actualidad\/wp-json\/wp\/v2\/posts\/1748&name=Principales modificaciones del Real Decreto-Ley 1\/2015, de 27 de febrero, de mecanismo de segunda oportunidad, reducci\u00f3n de carga financiera y otras medidas de orden social.','1410949501326','width=700,height=500,toolbar=0,menubar=0,location=0,status=1,scrollbars=1,resizable=1,left=0,top=0');return false;\" style=\"background-position: -150px -120px \"><\/a>\r\n\t\t\t\t\t<\/li>\r\n\t\t\t\t\t\t\t\t\t\t<li class=\"none nobackground \" >\r\n\r\n\t\t\t\t\t\t\t\t\t\t\t\t<a id=\"backforunical1748\" href=\"http:\/\/digg.com\/submit?phase=2&url=www.fabregat-perulles-sales.com\/actualidad\/wp-json\/wp\/v2\/posts\/1748&title=Principales modificaciones del Real Decreto-Ley 1\/2015, de 27 de febrero, de mecanismo de segunda oportunidad, reducci\u00f3n de carga financiera y otras medidas de orden social.\"  onclick=\"javascript:void window.open('http:\/\/digg.com\/submit?phase=2&url=www.fabregat-perulles-sales.com\/actualidad\/wp-json\/wp\/v2\/posts\/1748&title=Principales modificaciones del Real Decreto-Ley 1\/2015, de 27 de febrero, de mecanismo de segunda oportunidad, reducci\u00f3n de carga financiera y otras medidas de orden social.','1410949501326','width=700,height=500,toolbar=0,menubar=0,location=0,status=1,scrollbars=1,resizable=1,left=0,top=0');return false;\" style=\"background-position: -180px -120px \"><\/a>\r\n\t\t\t\t\t<\/li>\r\n\t\t\t\t\t\t\t\t\t\t<li class=\"none nobackground \" >\r\n\r\n\t\t\t\t\t\t\t\t\t\t\t\t<a id=\"backforunical1748\" href=\"http:\/\/www.stumbleupon.com\/submit?url=www.fabregat-perulles-sales.com\/actualidad\/wp-json\/wp\/v2\/posts\/1748&title=Principales modificaciones del Real Decreto-Ley 1\/2015, de 27 de febrero, de mecanismo de segunda oportunidad, reducci\u00f3n de carga financiera y otras medidas de orden social.\"  onclick=\"javascript:void window.open('http:\/\/www.stumbleupon.com\/submit?url=www.fabregat-perulles-sales.com\/actualidad\/wp-json\/wp\/v2\/posts\/1748&title=Principales modificaciones del Real Decreto-Ley 1\/2015, de 27 de febrero, de mecanismo de segunda oportunidad, reducci\u00f3n de carga financiera y otras medidas de orden social.','1410949501326','width=700,height=500,toolbar=0,menubar=0,location=0,status=1,scrollbars=1,resizable=1,left=0,top=0');return false;\" style=\"background-position: -210px -120px \"><\/a>\r\n\t\t\t\t\t<\/li>\r\n\t\t\t\t\t\t\t\t\t\t<li class=\"none nobackground \" >\r\n\r\n\t\t\t\t\t\t\t\t\t\t\t\t<a id=\"backforunical1748\" href=\"https:\/\/myspace.com\/post?l=3&u=www.fabregat-perulles-sales.com\/actualidad\/wp-json\/wp\/v2\/posts\/1748\"  onclick=\"javascript:void window.open('https:\/\/myspace.com\/post?l=3&u=www.fabregat-perulles-sales.com\/actualidad\/wp-json\/wp\/v2\/posts\/1748','1410949501326','width=700,height=500,toolbar=0,menubar=0,location=0,status=1,scrollbars=1,resizable=1,left=0,top=0');return false;\" style=\"background-position: -240px -120px \"><\/a>\r\n\t\t\t\t\t<\/li>\r\n\t\t\t\t\t\t\t\t\t\t<li class=\"nobackground \" >\r\n\r\n\t\t\t\t\t\t\t\t\t\t\t\t<a id=\"backforunical1748\" href=\"http:\/\/vk.com\/share.php?url=www.fabregat-perulles-sales.com\/actualidad\/wp-json\/wp\/v2\/posts\/1748&title=Principales modificaciones del Real Decreto-Ley 1\/2015, de 27 de febrero, de mecanismo de segunda oportunidad, reducci\u00f3n de carga financiera y otras medidas de orden social.\"  onclick=\"javascript:void window.open('http:\/\/vk.com\/share.php?url=www.fabregat-perulles-sales.com\/actualidad\/wp-json\/wp\/v2\/posts\/1748&title=Principales modificaciones del Real Decreto-Ley 1\/2015, de 27 de febrero, de mecanismo de segunda oportunidad, reducci\u00f3n de carga financiera y otras medidas de orden social.','1410949501326','width=700,height=500,toolbar=0,menubar=0,location=0,status=1,scrollbars=1,resizable=1,left=0,top=0');return false;\" style=\"background-position: -270px -120px \"><\/a>\r\n\t\t\t\t\t<\/li>\r\n\t\t\t\t\t\t\t\t\t\t<li class=\"none nobackground \" >\r\n\r\n\t\t\t\t\t\t\t\t\t\t\t\t<a id=\"backforunical1748\" href=\"http:\/\/www.reddit.com\/submit?url=www.fabregat-perulles-sales.com\/actualidad\/wp-json\/wp\/v2\/posts\/1748&title=Principales modificaciones del Real Decreto-Ley 1\/2015, de 27 de febrero, de mecanismo de segunda oportunidad, reducci\u00f3n de carga financiera y otras medidas de orden social.\"  onclick=\"javascript:void window.open('http:\/\/www.reddit.com\/submit?url=www.fabregat-perulles-sales.com\/actualidad\/wp-json\/wp\/v2\/posts\/1748&title=Principales modificaciones del Real Decreto-Ley 1\/2015, de 27 de febrero, de mecanismo de segunda oportunidad, reducci\u00f3n de carga financiera y otras medidas de orden social.','1410949501326','width=700,height=500,toolbar=0,menubar=0,location=0,status=1,scrollbars=1,resizable=1,left=0,top=0');return false;\" style=\"background-position: -300px -120px \"><\/a>\r\n\t\t\t\t\t<\/li>\r\n\t\t\t\t\t\t\t\t\t\t<li class=\"none nobackground \" >\r\n\r\n\t\t\t\t\t\t\t\t\t\t\t\t<a id=\"backforunical1748\" href=\"http:\/\/www.bebo.com\/c\/share?Url=www.fabregat-perulles-sales.com\/actualidad\/wp-json\/wp\/v2\/posts\/1748\"  onclick=\"javascript:void window.open('http:\/\/www.bebo.com\/c\/share?Url=www.fabregat-perulles-sales.com\/actualidad\/wp-json\/wp\/v2\/posts\/1748','1410949501326','width=700,height=500,toolbar=0,menubar=0,location=0,status=1,scrollbars=1,resizable=1,left=0,top=0');return false;\" style=\"background-position: -330px -120px \"><\/a>\r\n\t\t\t\t\t<\/li>\r\n\t\t\t\t\t\t\t\t\t\t<li class=\"none nobackground \" >\r\n\r\n\t\t\t\t\t\t\t\t\t\t\t\t<a id=\"backforunical1748\" href=\"https:\/\/delicious.com\/save?v=5&noui&jump=close&url=www.fabregat-perulles-sales.com\/actualidad\/wp-json\/wp\/v2\/posts\/1748&title=Principales modificaciones del Real Decreto-Ley 1\/2015, de 27 de febrero, de mecanismo de segunda oportunidad, reducci\u00f3n de carga financiera y otras medidas de orden social.\"  onclick=\"javascript:void window.open('https:\/\/delicious.com\/save?v=5&noui&jump=close&url=www.fabregat-perulles-sales.com\/actualidad\/wp-json\/wp\/v2\/posts\/1748&title=Principales modificaciones del Real Decreto-Ley 1\/2015, de 27 de febrero, de mecanismo de segunda oportunidad, reducci\u00f3n de carga financiera y otras medidas de orden social.','1410949501326','width=700,height=500,toolbar=0,menubar=0,location=0,status=1,scrollbars=1,resizable=1,left=0,top=0');return false;\" style=\"background-position: -360px -120px \"><\/a>\r\n\t\t\t\t\t<\/li>\r\n\t\t\t\t\t\t\t\t\t\t<li class=\"none nobackground \" >\r\n\r\n\t\t\t\t\t\t\t\t\t\t\t\t<a id=\"backforunical1748\" href=\"http:\/\/www.odnoklassniki.ru\/dk?st.cmd=addShare&st.s=2&st.noresize=on&st._surl=www.fabregat-perulles-sales.com\/actualidad\/wp-json\/wp\/v2\/posts\/1748\"  onclick=\"javascript:void window.open('http:\/\/www.odnoklassniki.ru\/dk?st.cmd=addShare&st.s=2&st.noresize=on&st._surl=www.fabregat-perulles-sales.com\/actualidad\/wp-json\/wp\/v2\/posts\/1748','1410949501326','width=700,height=500,toolbar=0,menubar=0,location=0,status=1,scrollbars=1,resizable=1,left=0,top=0');return false;\" style=\"background-position: -390px -120px \"><\/a>\r\n\t\t\t\t\t<\/li>\r\n\t\t\t\t\t\t\t\t\t\t<li class=\"none nobackground \" >\r\n\r\n\t\t\t\t\t\t\t\t\t\t\t\t<a id=\"backforunical1748\" href=\"http:\/\/sns.qzone.qq.com\/cgi-bin\/qzshare\/cgi_qzshare_onekey?url=www.fabregat-perulles-sales.com\/actualidad\/wp-json\/wp\/v2\/posts\/1748&title=Principales modificaciones del Real Decreto-Ley 1\/2015, de 27 de febrero, de mecanismo de segunda oportunidad, reducci\u00f3n de carga financiera y otras medidas de orden social.\"  onclick=\"javascript:void window.open('http:\/\/sns.qzone.qq.com\/cgi-bin\/qzshare\/cgi_qzshare_onekey?url=www.fabregat-perulles-sales.com\/actualidad\/wp-json\/wp\/v2\/posts\/1748&title=Principales modificaciones del Real Decreto-Ley 1\/2015, de 27 de febrero, de mecanismo de segunda oportunidad, reducci\u00f3n de carga financiera y otras medidas de orden social.','1410949501326','width=700,height=500,toolbar=0,menubar=0,location=0,status=1,scrollbars=1,resizable=1,left=0,top=0');return false;\" style=\"background-position: -420px -120px \"><\/a>\r\n\t\t\t\t\t<\/li>\r\n\t\t\t\t\t\t\t\t\t\t<li class=\"none nobackground \" >\r\n\r\n\t\t\t\t\t\t\t\t\t\t\t\t<a id=\"backforunical1748\" href=\"http:\/\/service.weibo.com\/share\/share.php?url=www.fabregat-perulles-sales.com\/actualidad\/wp-json\/wp\/v2\/posts\/1748&appkey=&title=Principales modificaciones del Real Decreto-Ley 1\/2015, de 27 de febrero, de mecanismo de segunda oportunidad, reducci\u00f3n de carga financiera y otras medidas de orden social.&pic=&ralateUid=&\"  onclick=\"javascript:void window.open('http:\/\/service.weibo.com\/share\/share.php?url=www.fabregat-perulles-sales.com\/actualidad\/wp-json\/wp\/v2\/posts\/1748&appkey=&title=Principales modificaciones del Real Decreto-Ley 1\/2015, de 27 de febrero, de mecanismo de segunda oportunidad, reducci\u00f3n de carga financiera y otras medidas de orden social.&pic=&ralateUid=&','1410949501326','width=700,height=500,toolbar=0,menubar=0,location=0,status=1,scrollbars=1,resizable=1,left=0,top=0');return false;\" style=\"background-position: -450px -120px \"><\/a>\r\n\t\t\t\t\t<\/li>\r\n\t\t\t\t\t\t\t\t\t\t<li class=\"none nobackground \" >\r\n\r\n\t\t\t\t\t\t\t\t\t\t\t\t<a id=\"backforunical1748\" href=\"http:\/\/widget.renren.com\/dialog\/share?resourceUrl=www.fabregat-perulles-sales.com\/actualidad\/wp-json\/wp\/v2\/posts\/1748&srcUrl=www.fabregat-perulles-sales.com\/actualidad\/wp-json\/wp\/v2\/posts\/1748&title=Principales modificaciones del Real Decreto-Ley 1\/2015, de 27 de febrero, de mecanismo de segunda oportunidad, reducci\u00f3n de carga financiera y otras medidas de orden social.\"  onclick=\"javascript:void window.open('http:\/\/widget.renren.com\/dialog\/share?resourceUrl=www.fabregat-perulles-sales.com\/actualidad\/wp-json\/wp\/v2\/posts\/1748&srcUrl=www.fabregat-perulles-sales.com\/actualidad\/wp-json\/wp\/v2\/posts\/1748&title=Principales modificaciones del Real Decreto-Ley 1\/2015, de 27 de febrero, de mecanismo de segunda oportunidad, reducci\u00f3n de carga financiera y otras medidas de orden social.','1410949501326','width=700,height=500,toolbar=0,menubar=0,location=0,status=1,scrollbars=1,resizable=1,left=0,top=0');return false;\" style=\"background-position: -480px -120px \"><\/a>\r\n\t\t\t\t\t<\/li>\r\n\t\t\t\t\t\t\t\t\t\t<li class=\"none nobackground \" >\r\n\r\n\t\t\t\t\t\t\t\t\t\t\t\t<a id=\"backforunical1748\" href=\"http:\/\/n4g.com\/tips?url=www.fabregat-perulles-sales.com\/actualidad\/wp-json\/wp\/v2\/posts\/1748&title=Principales modificaciones del Real Decreto-Ley 1\/2015, de 27 de febrero, de mecanismo de segunda oportunidad, reducci\u00f3n de carga financiera y otras medidas de orden social.\"  onclick=\"javascript:void window.open('http:\/\/n4g.com\/tips?url=www.fabregat-perulles-sales.com\/actualidad\/wp-json\/wp\/v2\/posts\/1748&title=Principales modificaciones del Real Decreto-Ley 1\/2015, de 27 de febrero, de mecanismo de segunda oportunidad, reducci\u00f3n de carga financiera y otras medidas de orden social.','1410949501326','width=700,height=500,toolbar=0,menubar=0,location=0,status=1,scrollbars=1,resizable=1,left=0,top=0');return false;\" style=\"background-position: -510px -120px \"><\/a>\r\n\t\t\t\t\t<\/li>\r\n\t\t\t\t\t\t\t\t<\/ul>\r\n\t\t\t<div class=\"clear\"><\/div>\r\n\t\t<\/div>\r\n\t\t","protected":false},"excerpt":{"rendered":"<p>El pasado 27 de febrero de 2015 se aprob\u00f3 el Real Decreto-Ley 1\/2015,cuya entrada en vigor se produjo al d\u00eda siguiente de su publicaci\u00f3n en el Bolet\u00edn Oficial del Estado, esto es, el 29 de febrero de los corrientes. Una de las principales modificaciones realizadas por el Real Decreto-Ley 1\/2015 es la supresi\u00f3n de la\u2026 <span class=\"read-more\"><a href=\"https:\/\/www.fabregat-perulles-sales.com\/actualidad\/principales-modificaciones-del-real-decreto-ley-12015-de-27-de-febrero-de-mecanismo-de-segunda-oportunidad-reduccion-de-carga-financiera-y-otras-medidas-de-orden-social\/\">Read More &raquo;<\/a><\/span><\/p>\n","protected":false},"author":3,"featured_media":0,"comment_status":"open","ping_status":"closed","sticky":false,"template":"","format":"standard","meta":[],"categories":[466,3],"tags":[370,508,83],"yoast_head":"<!-- This site is optimized with the Yoast SEO plugin v20.2.1 - https:\/\/yoast.com\/wordpress\/plugins\/seo\/ -->\n<title>Principales modificaciones del Real Decreto-Ley 1\/2015, de 27 de febrero, de mecanismo de segunda oportunidad, reducci\u00f3n de carga financiera y otras medidas de orden social. | International Lawyers<\/title>\n<meta name=\"description\" content=\"El pasado 27 de febrero de 2015 se aprob\u00f3 el Real Decreto-Ley 1\/2015,cuya entrada en vigor se produjo al d\u00eda siguiente de su publicaci\u00f3n en el Bolet\u00edn\" \/>\n<meta name=\"robots\" content=\"index, follow, max-snippet:-1, max-image-preview:large, max-video-preview:-1\" \/>\n<link rel=\"canonical\" href=\"https:\/\/www.fabregat-perulles-sales.com\/actualidad\/principales-modificaciones-del-real-decreto-ley-12015-de-27-de-febrero-de-mecanismo-de-segunda-oportunidad-reduccion-de-carga-financiera-y-otras-medidas-de-orden-social\/\" \/>\n<meta property=\"og:locale\" content=\"en_US\" \/>\n<meta property=\"og:type\" content=\"article\" \/>\n<meta property=\"og:title\" content=\"Principales modificaciones del Real Decreto-Ley 1\/2015, de 27 de febrero, de mecanismo de segunda oportunidad, reducci\u00f3n de carga financiera y otras medidas de orden social. | International Lawyers\" \/>\n<meta property=\"og:description\" content=\"El pasado 27 de febrero de 2015 se aprob\u00f3 el Real Decreto-Ley 1\/2015,cuya entrada en vigor se produjo al d\u00eda siguiente de su publicaci\u00f3n en el Bolet\u00edn\" \/>\n<meta property=\"og:url\" content=\"https:\/\/www.fabregat-perulles-sales.com\/actualidad\/principales-modificaciones-del-real-decreto-ley-12015-de-27-de-febrero-de-mecanismo-de-segunda-oportunidad-reduccion-de-carga-financiera-y-otras-medidas-de-orden-social\/\" \/>\n<meta property=\"og:site_name\" content=\"International Lawyers\" \/>\n<meta property=\"article:published_time\" content=\"2015-03-02T19:16:56+00:00\" \/>\n<meta property=\"article:modified_time\" content=\"2015-03-02T19:23:39+00:00\" \/>\n<meta property=\"og:image\" content=\"http:\/\/www.fabregat-perulles-sales.com\/actualidad\/wp-content\/uploads\/2015\/03\/tasa-judicial.jpg\" \/>\n<meta name=\"author\" content=\"Victor\" \/>\n<meta name=\"twitter:card\" content=\"summary_large_image\" \/>\n<meta name=\"twitter:label1\" content=\"Written by\" \/>\n\t<meta name=\"twitter:data1\" content=\"Victor\" \/>\n\t<meta name=\"twitter:label2\" content=\"Est. reading time\" \/>\n\t<meta name=\"twitter:data2\" content=\"4 minutes\" \/>\n<script type=\"application\/ld+json\" class=\"yoast-schema-graph\">{\"@context\":\"https:\/\/schema.org\",\"@graph\":[{\"@type\":\"WebPage\",\"@id\":\"https:\/\/www.fabregat-perulles-sales.com\/actualidad\/principales-modificaciones-del-real-decreto-ley-12015-de-27-de-febrero-de-mecanismo-de-segunda-oportunidad-reduccion-de-carga-financiera-y-otras-medidas-de-orden-social\/\",\"url\":\"https:\/\/www.fabregat-perulles-sales.com\/actualidad\/principales-modificaciones-del-real-decreto-ley-12015-de-27-de-febrero-de-mecanismo-de-segunda-oportunidad-reduccion-de-carga-financiera-y-otras-medidas-de-orden-social\/\",\"name\":\"Principales modificaciones del Real Decreto-Ley 1\/2015, de 27 de febrero, de mecanismo de segunda oportunidad, reducci\u00f3n de carga financiera y otras medidas de orden social. | International Lawyers\",\"isPartOf\":{\"@id\":\"https:\/\/www.fabregat-perulles-sales.com\/actualidad\/#website\"},\"datePublished\":\"2015-03-02T19:16:56+00:00\",\"dateModified\":\"2015-03-02T19:23:39+00:00\",\"author\":{\"@id\":\"https:\/\/www.fabregat-perulles-sales.com\/actualidad\/#\/schema\/person\/cabc1d68c7778f01d5e069c2d98442e3\"},\"description\":\"El pasado 27 de febrero de 2015 se aprob\u00f3 el Real Decreto-Ley 1\/2015,cuya entrada en vigor se produjo al d\u00eda siguiente de su publicaci\u00f3n en el Bolet\u00edn\",\"breadcrumb\":{\"@id\":\"https:\/\/www.fabregat-perulles-sales.com\/actualidad\/principales-modificaciones-del-real-decreto-ley-12015-de-27-de-febrero-de-mecanismo-de-segunda-oportunidad-reduccion-de-carga-financiera-y-otras-medidas-de-orden-social\/#breadcrumb\"},\"inLanguage\":\"en-US\",\"potentialAction\":[{\"@type\":\"ReadAction\",\"target\":[\"https:\/\/www.fabregat-perulles-sales.com\/actualidad\/principales-modificaciones-del-real-decreto-ley-12015-de-27-de-febrero-de-mecanismo-de-segunda-oportunidad-reduccion-de-carga-financiera-y-otras-medidas-de-orden-social\/\"]}]},{\"@type\":\"BreadcrumbList\",\"@id\":\"https:\/\/www.fabregat-perulles-sales.com\/actualidad\/principales-modificaciones-del-real-decreto-ley-12015-de-27-de-febrero-de-mecanismo-de-segunda-oportunidad-reduccion-de-carga-financiera-y-otras-medidas-de-orden-social\/#breadcrumb\",\"itemListElement\":[{\"@type\":\"ListItem\",\"position\":1,\"name\":\"Home\",\"item\":\"https:\/\/www.fabregat-perulles-sales.com\/actualidad\/\"},{\"@type\":\"ListItem\",\"position\":2,\"name\":\"Principales modificaciones del Real Decreto-Ley 1\/2015, de 27 de febrero, de mecanismo de segunda oportunidad, reducci\u00f3n de carga financiera y otras medidas de orden social.\"}]},{\"@type\":\"WebSite\",\"@id\":\"https:\/\/www.fabregat-perulles-sales.com\/actualidad\/#website\",\"url\":\"https:\/\/www.fabregat-perulles-sales.com\/actualidad\/\",\"name\":\"www.fabregat-perulles-sales.com\",\"description\":\"Fabregat Perulles Sales Abogados is a law firm of reference international market in the Spanish-German, Spanish-French, and Spanish-Italian. Is one of the first firms in Barcelona offering a Russian Desk.\",\"potentialAction\":[{\"@type\":\"SearchAction\",\"target\":{\"@type\":\"EntryPoint\",\"urlTemplate\":\"https:\/\/www.fabregat-perulles-sales.com\/actualidad\/?s={search_term_string}\"},\"query-input\":\"required name=search_term_string\"}],\"inLanguage\":\"en-US\"},{\"@type\":\"Person\",\"@id\":\"https:\/\/www.fabregat-perulles-sales.com\/actualidad\/#\/schema\/person\/cabc1d68c7778f01d5e069c2d98442e3\",\"name\":\"Victor\",\"image\":{\"@type\":\"ImageObject\",\"inLanguage\":\"en-US\",\"@id\":\"https:\/\/www.fabregat-perulles-sales.com\/actualidad\/#\/schema\/person\/image\/\",\"url\":\"https:\/\/secure.gravatar.com\/avatar\/756cb666a964d2960ffe307b8a53b271?s=96&d=mm&r=g\",\"contentUrl\":\"https:\/\/secure.gravatar.com\/avatar\/756cb666a964d2960ffe307b8a53b271?s=96&d=mm&r=g\",\"caption\":\"Victor\"},\"sameAs\":[\"http:\/\/www.fabregat-perulles-sales.com\"],\"url\":\"https:\/\/www.fabregat-perulles-sales.com\/actualidad\/author\/victor\/\"}]}<\/script>\n<!-- \/ Yoast SEO plugin. -->","yoast_head_json":{"title":"Principales modificaciones del Real Decreto-Ley 1\/2015, de 27 de febrero, de mecanismo de segunda oportunidad, reducci\u00f3n de carga financiera y otras medidas de orden social. | International Lawyers","description":"El pasado 27 de febrero de 2015 se aprob\u00f3 el Real Decreto-Ley 1\/2015,cuya entrada en vigor se produjo al d\u00eda siguiente de su publicaci\u00f3n en el Bolet\u00edn","robots":{"index":"index","follow":"follow","max-snippet":"max-snippet:-1","max-image-preview":"max-image-preview:large","max-video-preview":"max-video-preview:-1"},"canonical":"https:\/\/www.fabregat-perulles-sales.com\/actualidad\/principales-modificaciones-del-real-decreto-ley-12015-de-27-de-febrero-de-mecanismo-de-segunda-oportunidad-reduccion-de-carga-financiera-y-otras-medidas-de-orden-social\/","og_locale":"en_US","og_type":"article","og_title":"Principales modificaciones del Real Decreto-Ley 1\/2015, de 27 de febrero, de mecanismo de segunda oportunidad, reducci\u00f3n de carga financiera y otras medidas de orden social. | International Lawyers","og_description":"El pasado 27 de febrero de 2015 se aprob\u00f3 el Real Decreto-Ley 1\/2015,cuya entrada en vigor se produjo al d\u00eda siguiente de su publicaci\u00f3n en el Bolet\u00edn","og_url":"https:\/\/www.fabregat-perulles-sales.com\/actualidad\/principales-modificaciones-del-real-decreto-ley-12015-de-27-de-febrero-de-mecanismo-de-segunda-oportunidad-reduccion-de-carga-financiera-y-otras-medidas-de-orden-social\/","og_site_name":"International Lawyers","article_published_time":"2015-03-02T19:16:56+00:00","article_modified_time":"2015-03-02T19:23:39+00:00","og_image":[{"url":"http:\/\/www.fabregat-perulles-sales.com\/actualidad\/wp-content\/uploads\/2015\/03\/tasa-judicial.jpg"}],"author":"Victor","twitter_card":"summary_large_image","twitter_misc":{"Written by":"Victor","Est. reading time":"4 minutes"},"schema":{"@context":"https:\/\/schema.org","@graph":[{"@type":"WebPage","@id":"https:\/\/www.fabregat-perulles-sales.com\/actualidad\/principales-modificaciones-del-real-decreto-ley-12015-de-27-de-febrero-de-mecanismo-de-segunda-oportunidad-reduccion-de-carga-financiera-y-otras-medidas-de-orden-social\/","url":"https:\/\/www.fabregat-perulles-sales.com\/actualidad\/principales-modificaciones-del-real-decreto-ley-12015-de-27-de-febrero-de-mecanismo-de-segunda-oportunidad-reduccion-de-carga-financiera-y-otras-medidas-de-orden-social\/","name":"Principales modificaciones del Real Decreto-Ley 1\/2015, de 27 de febrero, de mecanismo de segunda oportunidad, reducci\u00f3n de carga financiera y otras medidas de orden social. | International Lawyers","isPartOf":{"@id":"https:\/\/www.fabregat-perulles-sales.com\/actualidad\/#website"},"datePublished":"2015-03-02T19:16:56+00:00","dateModified":"2015-03-02T19:23:39+00:00","author":{"@id":"https:\/\/www.fabregat-perulles-sales.com\/actualidad\/#\/schema\/person\/cabc1d68c7778f01d5e069c2d98442e3"},"description":"El pasado 27 de febrero de 2015 se aprob\u00f3 el Real Decreto-Ley 1\/2015,cuya entrada en vigor se produjo al d\u00eda siguiente de su publicaci\u00f3n en el Bolet\u00edn","breadcrumb":{"@id":"https:\/\/www.fabregat-perulles-sales.com\/actualidad\/principales-modificaciones-del-real-decreto-ley-12015-de-27-de-febrero-de-mecanismo-de-segunda-oportunidad-reduccion-de-carga-financiera-y-otras-medidas-de-orden-social\/#breadcrumb"},"inLanguage":"en-US","potentialAction":[{"@type":"ReadAction","target":["https:\/\/www.fabregat-perulles-sales.com\/actualidad\/principales-modificaciones-del-real-decreto-ley-12015-de-27-de-febrero-de-mecanismo-de-segunda-oportunidad-reduccion-de-carga-financiera-y-otras-medidas-de-orden-social\/"]}]},{"@type":"BreadcrumbList","@id":"https:\/\/www.fabregat-perulles-sales.com\/actualidad\/principales-modificaciones-del-real-decreto-ley-12015-de-27-de-febrero-de-mecanismo-de-segunda-oportunidad-reduccion-de-carga-financiera-y-otras-medidas-de-orden-social\/#breadcrumb","itemListElement":[{"@type":"ListItem","position":1,"name":"Home","item":"https:\/\/www.fabregat-perulles-sales.com\/actualidad\/"},{"@type":"ListItem","position":2,"name":"Principales modificaciones del Real Decreto-Ley 1\/2015, de 27 de febrero, de mecanismo de segunda oportunidad, reducci\u00f3n de carga financiera y otras medidas de orden social."}]},{"@type":"WebSite","@id":"https:\/\/www.fabregat-perulles-sales.com\/actualidad\/#website","url":"https:\/\/www.fabregat-perulles-sales.com\/actualidad\/","name":"www.fabregat-perulles-sales.com","description":"Fabregat Perulles Sales Abogados is a law firm of reference international market in the Spanish-German, Spanish-French, and Spanish-Italian. Is one of the first firms in Barcelona offering a Russian Desk.","potentialAction":[{"@type":"SearchAction","target":{"@type":"EntryPoint","urlTemplate":"https:\/\/www.fabregat-perulles-sales.com\/actualidad\/?s={search_term_string}"},"query-input":"required name=search_term_string"}],"inLanguage":"en-US"},{"@type":"Person","@id":"https:\/\/www.fabregat-perulles-sales.com\/actualidad\/#\/schema\/person\/cabc1d68c7778f01d5e069c2d98442e3","name":"Victor","image":{"@type":"ImageObject","inLanguage":"en-US","@id":"https:\/\/www.fabregat-perulles-sales.com\/actualidad\/#\/schema\/person\/image\/","url":"https:\/\/secure.gravatar.com\/avatar\/756cb666a964d2960ffe307b8a53b271?s=96&d=mm&r=g","contentUrl":"https:\/\/secure.gravatar.com\/avatar\/756cb666a964d2960ffe307b8a53b271?s=96&d=mm&r=g","caption":"Victor"},"sameAs":["http:\/\/www.fabregat-perulles-sales.com"],"url":"https:\/\/www.fabregat-perulles-sales.com\/actualidad\/author\/victor\/"}]}},"amp_enabled":true,"_links":{"self":[{"href":"https:\/\/www.fabregat-perulles-sales.com\/actualidad\/wp-json\/wp\/v2\/posts\/1748"}],"collection":[{"href":"https:\/\/www.fabregat-perulles-sales.com\/actualidad\/wp-json\/wp\/v2\/posts"}],"about":[{"href":"https:\/\/www.fabregat-perulles-sales.com\/actualidad\/wp-json\/wp\/v2\/types\/post"}],"author":[{"embeddable":true,"href":"https:\/\/www.fabregat-perulles-sales.com\/actualidad\/wp-json\/wp\/v2\/users\/3"}],"replies":[{"embeddable":true,"href":"https:\/\/www.fabregat-perulles-sales.com\/actualidad\/wp-json\/wp\/v2\/comments?post=1748"}],"version-history":[{"count":5,"href":"https:\/\/www.fabregat-perulles-sales.com\/actualidad\/wp-json\/wp\/v2\/posts\/1748\/revisions"}],"predecessor-version":[{"id":1753,"href":"https:\/\/www.fabregat-perulles-sales.com\/actualidad\/wp-json\/wp\/v2\/posts\/1748\/revisions\/1753"}],"wp:attachment":[{"href":"https:\/\/www.fabregat-perulles-sales.com\/actualidad\/wp-json\/wp\/v2\/media?parent=1748"}],"wp:term":[{"taxonomy":"category","embeddable":true,"href":"https:\/\/www.fabregat-perulles-sales.com\/actualidad\/wp-json\/wp\/v2\/categories?post=1748"},{"taxonomy":"post_tag","embeddable":true,"href":"https:\/\/www.fabregat-perulles-sales.com\/actualidad\/wp-json\/wp\/v2\/tags?post=1748"}],"curies":[{"name":"wp","href":"https:\/\/api.w.org\/{rel}","templated":true}]}}