{"id":1733,"date":"2015-02-23T13:46:01","date_gmt":"2015-02-23T12:46:01","guid":{"rendered":"http:\/\/www.fabregat-perulles-sales.com\/actualidad\/?p=1733"},"modified":"2015-02-23T14:03:31","modified_gmt":"2015-02-23T13:03:31","slug":"de-la-declaracion-de-concurso-y-la-suspension-del-plazo-de-prescripcion-de-acciones-frente-administradores-y-auditores","status":"publish","type":"post","link":"https:\/\/www.fabregat-perulles-sales.com\/actualidad\/de-la-declaracion-de-concurso-y-la-suspension-del-plazo-de-prescripcion-de-acciones-frente-administradores-y-auditores\/","title":{"rendered":"Interrupci\u00f3n del plazo de prescripci\u00f3n de acciones frente administradores y auditores tras la declaraci\u00f3n de concurso"},"content":{"rendered":"<p>La reciente\u00a0<a href=\"http:\/\/www.fabregat-perulles-sales.com\/actualidad\/wp-content\/uploads\/2015\/02\/STS-22.12.2014_declaraci\u00f3n-concurso-interrumple-plazo-prescripci\u00f3n-acci\u00f3n-resp.-administrador.pdf\">Sentencia<\/a> dictada por el Tribunal Supremo (TS) el 22 de diciembre de 2014 (Sala de lo Civil, n\u00fam. 737\/2014) examina, a partir de una interpretaci\u00f3n literal de los preceptos aplicables (en particular, el art\u00edculo 60 de la Ley Concursal \u2013LC\u2013), a qu\u00e9 acciones de responsabilidad, ejercitadas frente a administradores o auditores de una sociedad concursada, alcanza el efecto interruptivo de la declaraci\u00f3n de concurso.<\/p>\n<p>El Tribunal Supremo establece que el art\u00edculo 60 LC, al disponer que: <i>\u201cdesde la declaraci\u00f3n hasta la conclusi\u00f3n del concurso quedar\u00e1 interrumpida la prescripci\u00f3n de las acciones\u201d<\/i>, no distingue si tales acciones se dirigen contra los socios, los administradores, los liquidadores o incluso los auditores de la sociedad declarada en concurso. Cierto es, sin embargo, que el tratamiento concursal que merecen las acciones de responsabilidad ejercitadas frente a los administradores y los auditores var\u00eda en funci\u00f3n del tipo de acci\u00f3n que se ejercite.<\/p>\n<p><!--more--><\/p>\n<p>En cuanto a la <b>acci\u00f3n social de responsabilidad de los administradores<\/b>, explica el TS que <span style=\"text-decoration: underline;\">la declaraci\u00f3n de concurso no implica ni la suspensi\u00f3n del ejercicio de la acci\u00f3n, ni tampoco la paralizaci\u00f3n de los procedimientos en los que dicha acci\u00f3n ya se hubiera ejercitado.<\/span> El efecto legal de la declaraci\u00f3n de concurso se ci\u00f1e, en palabras del Tribunal, a los siguientes extremos:<\/p>\n<ol>\n<li>Restringir la legitimaci\u00f3n activa en exclusiva a la administraci\u00f3n concursal (art. 48 qu\u00e1ter LC) y atribuir la competencia judicial para conocer de estas acciones al juez del concurso (art. 8.7\u00ba LC). Adem\u00e1s, los juicios en los que se ejerciten estas acciones, que estuvieren en primera instancia y en los que no se haya puesto fin al acto del juicio o la vista, se acumulan de oficio al concurso (art. 51.1 LC).<\/li>\n<\/ol>\n<ol>\n<li>Ahora bien, en el caso de las <i>\u201cacciones de reclamaci\u00f3n de las obligaciones sociales contra los administradores de las sociedades de capital concursadas que hubieran incumplido los deberes impuestos en caso de concurrencia de causa de disoluci\u00f3n\u201d<\/i> (actual art. 367 LC), la declaraci\u00f3n de concurso conlleva la suspensi\u00f3n de su ejercicio. Ello implica que los jueces de lo mercantil no deber\u00e1n admitir a tr\u00e1mite las demandas que se funden en estas acciones (art. 50.2 LC), suspendi\u00e9ndose asimismo los procedimientos que resten pendientes (art. 51 bis.1 LC).<\/li>\n<\/ol>\n<p>Sin embargo, la norma no prev\u00e9 efecto alguno por parte de la declaraci\u00f3n de concurso sobre la <b>acci\u00f3n individual de responsabilidad<\/b>, de modo que la misma puede ser ejercitada por los terceros perjudicados ante el juez de lo mercantil que corresponda y al margen del concurso de acreedores.<\/p>\n<p>Citando el tenor literal del art\u00edculo 60, afirma el TS que la interrupci\u00f3n de la prescripci\u00f3n no s\u00f3lo se prev\u00e9 respecto de <i>\u201clas acciones contra el deudor por los cr\u00e9ditos anteriores a la declaraci\u00f3n\u201d<\/i> (art. 60.1 LC), sino tambi\u00e9n en los supuestos de <i>\u201cacciones contra socios y contra administradores, liquidadores y auditores de la persona jur\u00eddica deudora\u201d<\/i> (art. 60.2 LC).<\/p>\n<p>No existe pues, a juicio del Tribunal, raz\u00f3n alguna por la que no pueda efectuarse una interpretaci\u00f3n literal del art\u00edculo 60 LC, debiendo ser posible, por tanto, <b><span style=\"text-decoration: underline;\">la extensi\u00f3n del efecto interruptivo de la prescripci\u00f3n a cualquier acci\u00f3n de responsabilidad susceptible de ser ejercitada frente a los administradores o auditores de la sociedad concursada<\/span><\/b>.<\/p>\n<p>&nbsp;<\/p>\n\r\n\t\t<style>\r\n\t\t\t.huge-it-share-buttons {\r\n\t\t\t\tborder:0px solid #0FB5D6;\r\n\t\t\t\tborder-radius:5px;\r\n\t\t\t\tbackground:#3BD8FF;\r\n\t\t\t text-align:left; \t\t\t\t\t\t\t\t\t}\r\n\r\n\t\t\t#huge-it-share-buttons-top {margin-bottom:0px;}\r\n\t\t\t#huge-it-share-buttons-bottom {margin-top:0px;}\r\n\r\n\t\t\t.huge-it-share-buttons h3 {\r\n\t\t\t\tfont-size:25px ;\r\n\t\t\t\tfont-family:Arial,Helvetica Neue,Helvetica,sans-serif;\r\n\t\t\t\tcolor:#666666;\r\n\r\n\t\t\tdisplay:block;\t\t\t\tline-height:25px ;\r\n\r\n\t\t\t text-align:left; \t\t\t\t\t\t\t\t\t}\r\n\r\n\t\t\t.huge-it-share-buttons ul {\r\n\t\t\t float:left; \t\t\t\t\t\t\t\t\t}\r\n\r\n\t\t\t.huge-it-share-buttons ul li {\r\n\t\t\t\tmargin-left:3px;\r\n\t\t\t\tmargin-right:3px;\r\n\t\t\t\tpadding:0px;\r\n\t\t\t\tborder:0px ridge #E6354C;\r\n\t\t\t\tborder-radius:11px;\r\n\t\t\t\tbackground-color:#14CC9B;\r\n\t\t\t}\r\n\r\n\t\t\t.huge-it-share-buttons ul li #backforunical1733 {\r\n\t\t\t\tborder-bottom: 0;\r\n\t\t\t\tbackground-image:url('https:\/\/www.fabregat-perulles-sales.com\/actualidad\/wp-content\/plugins\/wp-share-buttons\/Front_end\/..\/images\/buttons.30.png');\r\n\t\t\t\twidth:30px;\r\n\t\t\t\theight:30px;\r\n\t\t\t}\r\n\r\n\t\t\t.front-shares-count {\r\n\t\t\t\tposition: absolute;\r\n\t\t\t\ttext-align: center;\r\n\t\t\t\tdisplay: block;\r\n\t\t\t}\r\n\r\n\t\t\t.shares_size20 .front-shares-count {\r\n\t\t\t\tfont-size: 10px;\r\n\t\t\t\ttop: 10px;\r\n\t\t\t\twidth: 20px;\r\n\t\t\t}\r\n\r\n\t\t\t.shares_size30 .front-shares-count {\r\n\t\t\t\tfont-size: 11px;\r\n\t\t\t\ttop: 15px;\r\n\t\t\t\twidth: 30px;\r\n\t\t\t}\r\n\r\n\t\t\t.shares_size40 .front-shares-count {\r\n\t\t\t\tfont-size: 12px;\r\n\t\t\t\ttop: 21px;\r\n\t\t\t\twidth: 40px;\r\n\t\t\t}\r\n\t\t<\/style>\r\n\t\t\r\n\t\t<div id=\"huge-it-share-buttons-top\" class=\"huge-it-share-buttons nobackground\">\r\n\t\t\t<h3>Share This:<\/h3>\r\n\t\t\t<ul class=\"huge-it-share-buttons-list \">\r\n\t\t\t\t\t\t\t\t\t<li class=\"nobackground \" >\r\n\r\n\t\t\t\t\t\t\t\t\t\t\t\t<a id=\"backforunical1733\" href=\"https:\/\/www.facebook.com\/sharer\/sharer.php?u=www.fabregat-perulles-sales.com\/actualidad\/wp-json\/wp\/v2\/posts\/1733\"  onclick=\"javascript:void window.open('https:\/\/www.facebook.com\/sharer\/sharer.php?u=www.fabregat-perulles-sales.com\/actualidad\/wp-json\/wp\/v2\/posts\/1733','1410949501326','width=700,height=500,toolbar=0,menubar=0,location=0,status=1,scrollbars=1,resizable=1,left=0,top=0');return false;\" style=\"background-position: -0px -120px \"><\/a>\r\n\t\t\t\t\t<\/li>\r\n\t\t\t\t\t\t\t\t\t\t<li class=\"nobackground \" >\r\n\r\n\t\t\t\t\t\t\t\t\t\t\t\t<a id=\"backforunical1733\" href=\"https:\/\/twitter.com\/share?status=www.fabregat-perulles-sales.com\/actualidad\/wp-json\/wp\/v2\/posts\/1733&text=Interrupci\u00f3n del plazo de prescripci\u00f3n de acciones frente administradores y auditores tras la declaraci\u00f3n de concurso\"  onclick=\"javascript:void window.open('https:\/\/twitter.com\/share?status=www.fabregat-perulles-sales.com\/actualidad\/wp-json\/wp\/v2\/posts\/1733&text=Interrupci\u00f3n del plazo de prescripci\u00f3n de acciones frente administradores y auditores tras la declaraci\u00f3n de concurso','1410949501326','width=700,height=500,toolbar=0,menubar=0,location=0,status=1,scrollbars=1,resizable=1,left=0,top=0');return false;\" style=\"background-position: -30px -120px \"><\/a>\r\n\t\t\t\t\t<\/li>\r\n\t\t\t\t\t\t\t\t\t\t<li class=\"none nobackground \" >\r\n\r\n\t\t\t\t\t\t\t\t\t\t\t\t<a id=\"backforunical1733\" href=\"http:\/\/www.pinterest.com\/pin\/create\/button\/?url=www.fabregat-perulles-sales.com\/actualidad\/wp-json\/wp\/v2\/posts\/1733&media=https:\/\/www.fabregat-perulles-sales.com\/actualidad\/wp-content\/plugins\/wp-share-buttons\/Front_end\/..\/images\/noimage.png&description=Interrupci\u00f3n del plazo de prescripci\u00f3n de acciones frente administradores y auditores tras la declaraci\u00f3n de concurso\"  onclick=\"javascript:void window.open('http:\/\/www.pinterest.com\/pin\/create\/button\/?url=www.fabregat-perulles-sales.com\/actualidad\/wp-json\/wp\/v2\/posts\/1733&media=https:\/\/www.fabregat-perulles-sales.com\/actualidad\/wp-content\/plugins\/wp-share-buttons\/Front_end\/..\/images\/noimage.png&description=Interrupci\u00f3n del plazo de prescripci\u00f3n de acciones frente administradores y auditores tras la declaraci\u00f3n de concurso','1410949501326','width=700,height=500,toolbar=0,menubar=0,location=0,status=1,scrollbars=1,resizable=1,left=0,top=0');return false;\" style=\"background-position: -60px -120px \"><\/a>\r\n\t\t\t\t\t<\/li>\r\n\t\t\t\t\t\t\t\t\t\t<li class=\"none nobackground \" >\r\n\r\n\t\t\t\t\t\t\t\t\t\t\t\t<a id=\"backforunical1733\" href=\"https:\/\/plus.google.com\/share?url=www.fabregat-perulles-sales.com\/actualidad\/wp-json\/wp\/v2\/posts\/1733\"  onclick=\"javascript:void window.open('https:\/\/plus.google.com\/share?url=www.fabregat-perulles-sales.com\/actualidad\/wp-json\/wp\/v2\/posts\/1733','1410949501326','width=700,height=500,toolbar=0,menubar=0,location=0,status=1,scrollbars=1,resizable=1,left=0,top=0');return false;\" style=\"background-position: -90px -120px \"><\/a>\r\n\t\t\t\t\t<\/li>\r\n\t\t\t\t\t\t\t\t\t\t<li class=\"nobackground \" >\r\n\r\n\t\t\t\t\t\t\t\t\t\t\t\t<a id=\"backforunical1733\" href=\"https:\/\/www.linkedin.com\/shareArticle?title=Interrupci\u00f3n del plazo de prescripci\u00f3n de acciones frente administradores y auditores tras la declaraci\u00f3n de concurso&mini=true&url=https:\/\/www.fabregat-perulles-sales.com\/actualidad\/wp-json\/wp\/v2\/posts\/1733\"  onclick=\"javascript:void window.open('https:\/\/www.linkedin.com\/shareArticle?title=Interrupci\u00f3n del plazo de prescripci\u00f3n de acciones frente administradores y auditores tras la declaraci\u00f3n de concurso&mini=true&url=https:\/\/www.fabregat-perulles-sales.com\/actualidad\/wp-json\/wp\/v2\/posts\/1733','1410949501326','width=700,height=500,toolbar=0,menubar=0,location=0,status=1,scrollbars=1,resizable=1,left=0,top=0');return false;\" style=\"background-position: -120px -120px \"><\/a>\r\n\t\t\t\t\t<\/li>\r\n\t\t\t\t\t\t\t\t\t\t<li class=\"none nobackground \" >\r\n\r\n\t\t\t\t\t\t\t\t\t\t\t\t<a id=\"backforunical1733\" href=\"https:\/\/www.tumblr.com\/share\/link?url=www.fabregat-perulles-sales.com\/actualidad\/wp-json\/wp\/v2\/posts\/1733&name=Interrupci\u00f3n del plazo de prescripci\u00f3n de acciones frente administradores y auditores tras la declaraci\u00f3n de concurso\"  onclick=\"javascript:void window.open('https:\/\/www.tumblr.com\/share\/link?url=www.fabregat-perulles-sales.com\/actualidad\/wp-json\/wp\/v2\/posts\/1733&name=Interrupci\u00f3n del plazo de prescripci\u00f3n de acciones frente administradores y auditores tras la declaraci\u00f3n de concurso','1410949501326','width=700,height=500,toolbar=0,menubar=0,location=0,status=1,scrollbars=1,resizable=1,left=0,top=0');return false;\" style=\"background-position: -150px -120px \"><\/a>\r\n\t\t\t\t\t<\/li>\r\n\t\t\t\t\t\t\t\t\t\t<li class=\"none nobackground \" >\r\n\r\n\t\t\t\t\t\t\t\t\t\t\t\t<a id=\"backforunical1733\" href=\"http:\/\/digg.com\/submit?phase=2&url=www.fabregat-perulles-sales.com\/actualidad\/wp-json\/wp\/v2\/posts\/1733&title=Interrupci\u00f3n del plazo de prescripci\u00f3n de acciones frente administradores y auditores tras la declaraci\u00f3n de concurso\"  onclick=\"javascript:void window.open('http:\/\/digg.com\/submit?phase=2&url=www.fabregat-perulles-sales.com\/actualidad\/wp-json\/wp\/v2\/posts\/1733&title=Interrupci\u00f3n del plazo de prescripci\u00f3n de acciones frente administradores y auditores tras la declaraci\u00f3n de concurso','1410949501326','width=700,height=500,toolbar=0,menubar=0,location=0,status=1,scrollbars=1,resizable=1,left=0,top=0');return false;\" style=\"background-position: -180px -120px \"><\/a>\r\n\t\t\t\t\t<\/li>\r\n\t\t\t\t\t\t\t\t\t\t<li class=\"none nobackground \" >\r\n\r\n\t\t\t\t\t\t\t\t\t\t\t\t<a id=\"backforunical1733\" href=\"http:\/\/www.stumbleupon.com\/submit?url=www.fabregat-perulles-sales.com\/actualidad\/wp-json\/wp\/v2\/posts\/1733&title=Interrupci\u00f3n del plazo de prescripci\u00f3n de acciones frente administradores y auditores tras la declaraci\u00f3n de concurso\"  onclick=\"javascript:void window.open('http:\/\/www.stumbleupon.com\/submit?url=www.fabregat-perulles-sales.com\/actualidad\/wp-json\/wp\/v2\/posts\/1733&title=Interrupci\u00f3n del plazo de prescripci\u00f3n de acciones frente administradores y auditores tras la declaraci\u00f3n de concurso','1410949501326','width=700,height=500,toolbar=0,menubar=0,location=0,status=1,scrollbars=1,resizable=1,left=0,top=0');return false;\" style=\"background-position: -210px -120px \"><\/a>\r\n\t\t\t\t\t<\/li>\r\n\t\t\t\t\t\t\t\t\t\t<li class=\"none nobackground \" >\r\n\r\n\t\t\t\t\t\t\t\t\t\t\t\t<a id=\"backforunical1733\" href=\"https:\/\/myspace.com\/post?l=3&u=www.fabregat-perulles-sales.com\/actualidad\/wp-json\/wp\/v2\/posts\/1733\"  onclick=\"javascript:void window.open('https:\/\/myspace.com\/post?l=3&u=www.fabregat-perulles-sales.com\/actualidad\/wp-json\/wp\/v2\/posts\/1733','1410949501326','width=700,height=500,toolbar=0,menubar=0,location=0,status=1,scrollbars=1,resizable=1,left=0,top=0');return false;\" style=\"background-position: -240px -120px \"><\/a>\r\n\t\t\t\t\t<\/li>\r\n\t\t\t\t\t\t\t\t\t\t<li class=\"nobackground \" >\r\n\r\n\t\t\t\t\t\t\t\t\t\t\t\t<a id=\"backforunical1733\" href=\"http:\/\/vk.com\/share.php?url=www.fabregat-perulles-sales.com\/actualidad\/wp-json\/wp\/v2\/posts\/1733&title=Interrupci\u00f3n del plazo de prescripci\u00f3n de acciones frente administradores y auditores tras la declaraci\u00f3n de concurso\"  onclick=\"javascript:void window.open('http:\/\/vk.com\/share.php?url=www.fabregat-perulles-sales.com\/actualidad\/wp-json\/wp\/v2\/posts\/1733&title=Interrupci\u00f3n del plazo de prescripci\u00f3n de acciones frente administradores y auditores tras la declaraci\u00f3n de concurso','1410949501326','width=700,height=500,toolbar=0,menubar=0,location=0,status=1,scrollbars=1,resizable=1,left=0,top=0');return false;\" style=\"background-position: -270px -120px \"><\/a>\r\n\t\t\t\t\t<\/li>\r\n\t\t\t\t\t\t\t\t\t\t<li class=\"none nobackground \" >\r\n\r\n\t\t\t\t\t\t\t\t\t\t\t\t<a id=\"backforunical1733\" href=\"http:\/\/www.reddit.com\/submit?url=www.fabregat-perulles-sales.com\/actualidad\/wp-json\/wp\/v2\/posts\/1733&title=Interrupci\u00f3n del plazo de prescripci\u00f3n de acciones frente administradores y auditores tras la declaraci\u00f3n de concurso\"  onclick=\"javascript:void window.open('http:\/\/www.reddit.com\/submit?url=www.fabregat-perulles-sales.com\/actualidad\/wp-json\/wp\/v2\/posts\/1733&title=Interrupci\u00f3n del plazo de prescripci\u00f3n de acciones frente administradores y auditores tras la declaraci\u00f3n de concurso','1410949501326','width=700,height=500,toolbar=0,menubar=0,location=0,status=1,scrollbars=1,resizable=1,left=0,top=0');return false;\" style=\"background-position: -300px -120px \"><\/a>\r\n\t\t\t\t\t<\/li>\r\n\t\t\t\t\t\t\t\t\t\t<li class=\"none nobackground \" >\r\n\r\n\t\t\t\t\t\t\t\t\t\t\t\t<a id=\"backforunical1733\" href=\"http:\/\/www.bebo.com\/c\/share?Url=www.fabregat-perulles-sales.com\/actualidad\/wp-json\/wp\/v2\/posts\/1733\"  onclick=\"javascript:void window.open('http:\/\/www.bebo.com\/c\/share?Url=www.fabregat-perulles-sales.com\/actualidad\/wp-json\/wp\/v2\/posts\/1733','1410949501326','width=700,height=500,toolbar=0,menubar=0,location=0,status=1,scrollbars=1,resizable=1,left=0,top=0');return false;\" style=\"background-position: -330px -120px \"><\/a>\r\n\t\t\t\t\t<\/li>\r\n\t\t\t\t\t\t\t\t\t\t<li class=\"none nobackground \" >\r\n\r\n\t\t\t\t\t\t\t\t\t\t\t\t<a id=\"backforunical1733\" href=\"https:\/\/delicious.com\/save?v=5&noui&jump=close&url=www.fabregat-perulles-sales.com\/actualidad\/wp-json\/wp\/v2\/posts\/1733&title=Interrupci\u00f3n del plazo de prescripci\u00f3n de acciones frente administradores y auditores tras la declaraci\u00f3n de concurso\"  onclick=\"javascript:void window.open('https:\/\/delicious.com\/save?v=5&noui&jump=close&url=www.fabregat-perulles-sales.com\/actualidad\/wp-json\/wp\/v2\/posts\/1733&title=Interrupci\u00f3n del plazo de prescripci\u00f3n de acciones frente administradores y auditores tras la declaraci\u00f3n de concurso','1410949501326','width=700,height=500,toolbar=0,menubar=0,location=0,status=1,scrollbars=1,resizable=1,left=0,top=0');return false;\" style=\"background-position: -360px -120px \"><\/a>\r\n\t\t\t\t\t<\/li>\r\n\t\t\t\t\t\t\t\t\t\t<li class=\"none nobackground \" >\r\n\r\n\t\t\t\t\t\t\t\t\t\t\t\t<a id=\"backforunical1733\" href=\"http:\/\/www.odnoklassniki.ru\/dk?st.cmd=addShare&st.s=2&st.noresize=on&st._surl=www.fabregat-perulles-sales.com\/actualidad\/wp-json\/wp\/v2\/posts\/1733\"  onclick=\"javascript:void window.open('http:\/\/www.odnoklassniki.ru\/dk?st.cmd=addShare&st.s=2&st.noresize=on&st._surl=www.fabregat-perulles-sales.com\/actualidad\/wp-json\/wp\/v2\/posts\/1733','1410949501326','width=700,height=500,toolbar=0,menubar=0,location=0,status=1,scrollbars=1,resizable=1,left=0,top=0');return false;\" style=\"background-position: -390px -120px \"><\/a>\r\n\t\t\t\t\t<\/li>\r\n\t\t\t\t\t\t\t\t\t\t<li class=\"none nobackground \" >\r\n\r\n\t\t\t\t\t\t\t\t\t\t\t\t<a id=\"backforunical1733\" href=\"http:\/\/sns.qzone.qq.com\/cgi-bin\/qzshare\/cgi_qzshare_onekey?url=www.fabregat-perulles-sales.com\/actualidad\/wp-json\/wp\/v2\/posts\/1733&title=Interrupci\u00f3n del plazo de prescripci\u00f3n de acciones frente administradores y auditores tras la declaraci\u00f3n de concurso\"  onclick=\"javascript:void window.open('http:\/\/sns.qzone.qq.com\/cgi-bin\/qzshare\/cgi_qzshare_onekey?url=www.fabregat-perulles-sales.com\/actualidad\/wp-json\/wp\/v2\/posts\/1733&title=Interrupci\u00f3n del plazo de prescripci\u00f3n de acciones frente administradores y auditores tras la declaraci\u00f3n de concurso','1410949501326','width=700,height=500,toolbar=0,menubar=0,location=0,status=1,scrollbars=1,resizable=1,left=0,top=0');return false;\" style=\"background-position: -420px -120px \"><\/a>\r\n\t\t\t\t\t<\/li>\r\n\t\t\t\t\t\t\t\t\t\t<li class=\"none nobackground \" >\r\n\r\n\t\t\t\t\t\t\t\t\t\t\t\t<a id=\"backforunical1733\" href=\"http:\/\/service.weibo.com\/share\/share.php?url=www.fabregat-perulles-sales.com\/actualidad\/wp-json\/wp\/v2\/posts\/1733&appkey=&title=Interrupci\u00f3n del plazo de prescripci\u00f3n de acciones frente administradores y auditores tras la declaraci\u00f3n de concurso&pic=&ralateUid=&\"  onclick=\"javascript:void window.open('http:\/\/service.weibo.com\/share\/share.php?url=www.fabregat-perulles-sales.com\/actualidad\/wp-json\/wp\/v2\/posts\/1733&appkey=&title=Interrupci\u00f3n del plazo de prescripci\u00f3n de acciones frente administradores y auditores tras la declaraci\u00f3n de concurso&pic=&ralateUid=&','1410949501326','width=700,height=500,toolbar=0,menubar=0,location=0,status=1,scrollbars=1,resizable=1,left=0,top=0');return false;\" style=\"background-position: -450px -120px \"><\/a>\r\n\t\t\t\t\t<\/li>\r\n\t\t\t\t\t\t\t\t\t\t<li class=\"none nobackground \" >\r\n\r\n\t\t\t\t\t\t\t\t\t\t\t\t<a id=\"backforunical1733\" href=\"http:\/\/widget.renren.com\/dialog\/share?resourceUrl=www.fabregat-perulles-sales.com\/actualidad\/wp-json\/wp\/v2\/posts\/1733&srcUrl=www.fabregat-perulles-sales.com\/actualidad\/wp-json\/wp\/v2\/posts\/1733&title=Interrupci\u00f3n del plazo de prescripci\u00f3n de acciones frente administradores y auditores tras la declaraci\u00f3n de concurso\"  onclick=\"javascript:void window.open('http:\/\/widget.renren.com\/dialog\/share?resourceUrl=www.fabregat-perulles-sales.com\/actualidad\/wp-json\/wp\/v2\/posts\/1733&srcUrl=www.fabregat-perulles-sales.com\/actualidad\/wp-json\/wp\/v2\/posts\/1733&title=Interrupci\u00f3n del plazo de prescripci\u00f3n de acciones frente administradores y auditores tras la declaraci\u00f3n de concurso','1410949501326','width=700,height=500,toolbar=0,menubar=0,location=0,status=1,scrollbars=1,resizable=1,left=0,top=0');return false;\" style=\"background-position: -480px -120px \"><\/a>\r\n\t\t\t\t\t<\/li>\r\n\t\t\t\t\t\t\t\t\t\t<li class=\"none nobackground \" >\r\n\r\n\t\t\t\t\t\t\t\t\t\t\t\t<a id=\"backforunical1733\" href=\"http:\/\/n4g.com\/tips?url=www.fabregat-perulles-sales.com\/actualidad\/wp-json\/wp\/v2\/posts\/1733&title=Interrupci\u00f3n del plazo de prescripci\u00f3n de acciones frente administradores y auditores tras la declaraci\u00f3n de concurso\"  onclick=\"javascript:void window.open('http:\/\/n4g.com\/tips?url=www.fabregat-perulles-sales.com\/actualidad\/wp-json\/wp\/v2\/posts\/1733&title=Interrupci\u00f3n del plazo de prescripci\u00f3n de acciones frente administradores y auditores tras la declaraci\u00f3n de concurso','1410949501326','width=700,height=500,toolbar=0,menubar=0,location=0,status=1,scrollbars=1,resizable=1,left=0,top=0');return false;\" style=\"background-position: -510px -120px \"><\/a>\r\n\t\t\t\t\t<\/li>\r\n\t\t\t\t\t\t\t\t<\/ul>\r\n\t\t\t<div class=\"clear\"><\/div>\r\n\t\t<\/div>\r\n\t\t","protected":false},"excerpt":{"rendered":"<p>La reciente\u00a0Sentencia dictada por el Tribunal Supremo (TS) el 22 de diciembre de 2014 (Sala de lo Civil, n\u00fam. 737\/2014) examina, a partir de una interpretaci\u00f3n literal de los preceptos aplicables (en particular, el art\u00edculo 60 de la Ley Concursal \u2013LC\u2013), a qu\u00e9 acciones de responsabilidad, ejercitadas frente a administradores o auditores de una sociedad\u2026 <span class=\"read-more\"><a href=\"https:\/\/www.fabregat-perulles-sales.com\/actualidad\/de-la-declaracion-de-concurso-y-la-suspension-del-plazo-de-prescripcion-de-acciones-frente-administradores-y-auditores\/\">Read More &raquo;<\/a><\/span><\/p>\n","protected":false},"author":3,"featured_media":0,"comment_status":"open","ping_status":"closed","sticky":false,"template":"","format":"standard","meta":[],"categories":[466,248],"tags":[504,505,506],"yoast_head":"<!-- This site is optimized with the Yoast SEO plugin v20.2.1 - https:\/\/yoast.com\/wordpress\/plugins\/seo\/ -->\n<title>Interrupci\u00f3n del plazo de prescripci\u00f3n de acciones frente administradores y auditores tras la declaraci\u00f3n de concurso | International Lawyers<\/title>\n<meta name=\"description\" content=\"La reciente\u00a0Sentencia dictada por el Tribunal Supremo (TS) el 22 de diciembre de 2014 (Sala de lo Civil, n\u00fam. 737\/2014) examina, a partir de una\" \/>\n<meta name=\"robots\" content=\"index, follow, max-snippet:-1, max-image-preview:large, max-video-preview:-1\" \/>\n<link rel=\"canonical\" href=\"https:\/\/www.fabregat-perulles-sales.com\/actualidad\/de-la-declaracion-de-concurso-y-la-suspension-del-plazo-de-prescripcion-de-acciones-frente-administradores-y-auditores\/\" \/>\n<meta property=\"og:locale\" content=\"en_US\" \/>\n<meta property=\"og:type\" content=\"article\" \/>\n<meta property=\"og:title\" content=\"Interrupci\u00f3n del plazo de prescripci\u00f3n de acciones frente administradores y auditores tras la declaraci\u00f3n de concurso | International Lawyers\" \/>\n<meta property=\"og:description\" content=\"La reciente\u00a0Sentencia dictada por el Tribunal Supremo (TS) el 22 de diciembre de 2014 (Sala de lo Civil, n\u00fam. 737\/2014) examina, a partir de una\" \/>\n<meta property=\"og:url\" content=\"https:\/\/www.fabregat-perulles-sales.com\/actualidad\/de-la-declaracion-de-concurso-y-la-suspension-del-plazo-de-prescripcion-de-acciones-frente-administradores-y-auditores\/\" \/>\n<meta property=\"og:site_name\" content=\"International Lawyers\" \/>\n<meta property=\"article:published_time\" content=\"2015-02-23T12:46:01+00:00\" \/>\n<meta property=\"article:modified_time\" content=\"2015-02-23T13:03:31+00:00\" \/>\n<meta name=\"author\" content=\"Victor\" \/>\n<meta name=\"twitter:card\" content=\"summary_large_image\" \/>\n<meta name=\"twitter:label1\" content=\"Written by\" \/>\n\t<meta name=\"twitter:data1\" content=\"Victor\" \/>\n\t<meta name=\"twitter:label2\" content=\"Est. reading time\" \/>\n\t<meta name=\"twitter:data2\" content=\"3 minutes\" \/>\n<script type=\"application\/ld+json\" class=\"yoast-schema-graph\">{\"@context\":\"https:\/\/schema.org\",\"@graph\":[{\"@type\":\"WebPage\",\"@id\":\"https:\/\/www.fabregat-perulles-sales.com\/actualidad\/de-la-declaracion-de-concurso-y-la-suspension-del-plazo-de-prescripcion-de-acciones-frente-administradores-y-auditores\/\",\"url\":\"https:\/\/www.fabregat-perulles-sales.com\/actualidad\/de-la-declaracion-de-concurso-y-la-suspension-del-plazo-de-prescripcion-de-acciones-frente-administradores-y-auditores\/\",\"name\":\"Interrupci\u00f3n del plazo de prescripci\u00f3n de acciones frente administradores y auditores tras la declaraci\u00f3n de concurso | International Lawyers\",\"isPartOf\":{\"@id\":\"https:\/\/www.fabregat-perulles-sales.com\/actualidad\/#website\"},\"datePublished\":\"2015-02-23T12:46:01+00:00\",\"dateModified\":\"2015-02-23T13:03:31+00:00\",\"author\":{\"@id\":\"https:\/\/www.fabregat-perulles-sales.com\/actualidad\/#\/schema\/person\/cabc1d68c7778f01d5e069c2d98442e3\"},\"description\":\"La reciente\u00a0Sentencia dictada por el Tribunal Supremo (TS) el 22 de diciembre de 2014 (Sala de lo Civil, n\u00fam. 737\/2014) examina, a partir de una\",\"breadcrumb\":{\"@id\":\"https:\/\/www.fabregat-perulles-sales.com\/actualidad\/de-la-declaracion-de-concurso-y-la-suspension-del-plazo-de-prescripcion-de-acciones-frente-administradores-y-auditores\/#breadcrumb\"},\"inLanguage\":\"en-US\",\"potentialAction\":[{\"@type\":\"ReadAction\",\"target\":[\"https:\/\/www.fabregat-perulles-sales.com\/actualidad\/de-la-declaracion-de-concurso-y-la-suspension-del-plazo-de-prescripcion-de-acciones-frente-administradores-y-auditores\/\"]}]},{\"@type\":\"BreadcrumbList\",\"@id\":\"https:\/\/www.fabregat-perulles-sales.com\/actualidad\/de-la-declaracion-de-concurso-y-la-suspension-del-plazo-de-prescripcion-de-acciones-frente-administradores-y-auditores\/#breadcrumb\",\"itemListElement\":[{\"@type\":\"ListItem\",\"position\":1,\"name\":\"Home\",\"item\":\"https:\/\/www.fabregat-perulles-sales.com\/actualidad\/\"},{\"@type\":\"ListItem\",\"position\":2,\"name\":\"Interrupci\u00f3n del plazo de prescripci\u00f3n de acciones frente administradores y auditores tras la declaraci\u00f3n de concurso\"}]},{\"@type\":\"WebSite\",\"@id\":\"https:\/\/www.fabregat-perulles-sales.com\/actualidad\/#website\",\"url\":\"https:\/\/www.fabregat-perulles-sales.com\/actualidad\/\",\"name\":\"www.fabregat-perulles-sales.com\",\"description\":\"Fabregat Perulles Sales Abogados is a law firm of reference international market in the Spanish-German, Spanish-French, and Spanish-Italian. Is one of the first firms in Barcelona offering a Russian Desk.\",\"potentialAction\":[{\"@type\":\"SearchAction\",\"target\":{\"@type\":\"EntryPoint\",\"urlTemplate\":\"https:\/\/www.fabregat-perulles-sales.com\/actualidad\/?s={search_term_string}\"},\"query-input\":\"required name=search_term_string\"}],\"inLanguage\":\"en-US\"},{\"@type\":\"Person\",\"@id\":\"https:\/\/www.fabregat-perulles-sales.com\/actualidad\/#\/schema\/person\/cabc1d68c7778f01d5e069c2d98442e3\",\"name\":\"Victor\",\"image\":{\"@type\":\"ImageObject\",\"inLanguage\":\"en-US\",\"@id\":\"https:\/\/www.fabregat-perulles-sales.com\/actualidad\/#\/schema\/person\/image\/\",\"url\":\"https:\/\/secure.gravatar.com\/avatar\/756cb666a964d2960ffe307b8a53b271?s=96&d=mm&r=g\",\"contentUrl\":\"https:\/\/secure.gravatar.com\/avatar\/756cb666a964d2960ffe307b8a53b271?s=96&d=mm&r=g\",\"caption\":\"Victor\"},\"sameAs\":[\"http:\/\/www.fabregat-perulles-sales.com\"],\"url\":\"https:\/\/www.fabregat-perulles-sales.com\/actualidad\/author\/victor\/\"}]}<\/script>\n<!-- \/ Yoast SEO plugin. -->","yoast_head_json":{"title":"Interrupci\u00f3n del plazo de prescripci\u00f3n de acciones frente administradores y auditores tras la declaraci\u00f3n de concurso | International Lawyers","description":"La reciente\u00a0Sentencia dictada por el Tribunal Supremo (TS) el 22 de diciembre de 2014 (Sala de lo Civil, n\u00fam. 737\/2014) examina, a partir de una","robots":{"index":"index","follow":"follow","max-snippet":"max-snippet:-1","max-image-preview":"max-image-preview:large","max-video-preview":"max-video-preview:-1"},"canonical":"https:\/\/www.fabregat-perulles-sales.com\/actualidad\/de-la-declaracion-de-concurso-y-la-suspension-del-plazo-de-prescripcion-de-acciones-frente-administradores-y-auditores\/","og_locale":"en_US","og_type":"article","og_title":"Interrupci\u00f3n del plazo de prescripci\u00f3n de acciones frente administradores y auditores tras la declaraci\u00f3n de concurso | International Lawyers","og_description":"La reciente\u00a0Sentencia dictada por el Tribunal Supremo (TS) el 22 de diciembre de 2014 (Sala de lo Civil, n\u00fam. 737\/2014) examina, a partir de una","og_url":"https:\/\/www.fabregat-perulles-sales.com\/actualidad\/de-la-declaracion-de-concurso-y-la-suspension-del-plazo-de-prescripcion-de-acciones-frente-administradores-y-auditores\/","og_site_name":"International Lawyers","article_published_time":"2015-02-23T12:46:01+00:00","article_modified_time":"2015-02-23T13:03:31+00:00","author":"Victor","twitter_card":"summary_large_image","twitter_misc":{"Written by":"Victor","Est. reading time":"3 minutes"},"schema":{"@context":"https:\/\/schema.org","@graph":[{"@type":"WebPage","@id":"https:\/\/www.fabregat-perulles-sales.com\/actualidad\/de-la-declaracion-de-concurso-y-la-suspension-del-plazo-de-prescripcion-de-acciones-frente-administradores-y-auditores\/","url":"https:\/\/www.fabregat-perulles-sales.com\/actualidad\/de-la-declaracion-de-concurso-y-la-suspension-del-plazo-de-prescripcion-de-acciones-frente-administradores-y-auditores\/","name":"Interrupci\u00f3n del plazo de prescripci\u00f3n de acciones frente administradores y auditores tras la declaraci\u00f3n de concurso | International Lawyers","isPartOf":{"@id":"https:\/\/www.fabregat-perulles-sales.com\/actualidad\/#website"},"datePublished":"2015-02-23T12:46:01+00:00","dateModified":"2015-02-23T13:03:31+00:00","author":{"@id":"https:\/\/www.fabregat-perulles-sales.com\/actualidad\/#\/schema\/person\/cabc1d68c7778f01d5e069c2d98442e3"},"description":"La reciente\u00a0Sentencia dictada por el Tribunal Supremo (TS) el 22 de diciembre de 2014 (Sala de lo Civil, n\u00fam. 737\/2014) examina, a partir de una","breadcrumb":{"@id":"https:\/\/www.fabregat-perulles-sales.com\/actualidad\/de-la-declaracion-de-concurso-y-la-suspension-del-plazo-de-prescripcion-de-acciones-frente-administradores-y-auditores\/#breadcrumb"},"inLanguage":"en-US","potentialAction":[{"@type":"ReadAction","target":["https:\/\/www.fabregat-perulles-sales.com\/actualidad\/de-la-declaracion-de-concurso-y-la-suspension-del-plazo-de-prescripcion-de-acciones-frente-administradores-y-auditores\/"]}]},{"@type":"BreadcrumbList","@id":"https:\/\/www.fabregat-perulles-sales.com\/actualidad\/de-la-declaracion-de-concurso-y-la-suspension-del-plazo-de-prescripcion-de-acciones-frente-administradores-y-auditores\/#breadcrumb","itemListElement":[{"@type":"ListItem","position":1,"name":"Home","item":"https:\/\/www.fabregat-perulles-sales.com\/actualidad\/"},{"@type":"ListItem","position":2,"name":"Interrupci\u00f3n del plazo de prescripci\u00f3n de acciones frente administradores y auditores tras la declaraci\u00f3n de concurso"}]},{"@type":"WebSite","@id":"https:\/\/www.fabregat-perulles-sales.com\/actualidad\/#website","url":"https:\/\/www.fabregat-perulles-sales.com\/actualidad\/","name":"www.fabregat-perulles-sales.com","description":"Fabregat Perulles Sales Abogados is a law firm of reference international market in the Spanish-German, Spanish-French, and Spanish-Italian. Is one of the first firms in Barcelona offering a Russian Desk.","potentialAction":[{"@type":"SearchAction","target":{"@type":"EntryPoint","urlTemplate":"https:\/\/www.fabregat-perulles-sales.com\/actualidad\/?s={search_term_string}"},"query-input":"required name=search_term_string"}],"inLanguage":"en-US"},{"@type":"Person","@id":"https:\/\/www.fabregat-perulles-sales.com\/actualidad\/#\/schema\/person\/cabc1d68c7778f01d5e069c2d98442e3","name":"Victor","image":{"@type":"ImageObject","inLanguage":"en-US","@id":"https:\/\/www.fabregat-perulles-sales.com\/actualidad\/#\/schema\/person\/image\/","url":"https:\/\/secure.gravatar.com\/avatar\/756cb666a964d2960ffe307b8a53b271?s=96&d=mm&r=g","contentUrl":"https:\/\/secure.gravatar.com\/avatar\/756cb666a964d2960ffe307b8a53b271?s=96&d=mm&r=g","caption":"Victor"},"sameAs":["http:\/\/www.fabregat-perulles-sales.com"],"url":"https:\/\/www.fabregat-perulles-sales.com\/actualidad\/author\/victor\/"}]}},"amp_enabled":true,"_links":{"self":[{"href":"https:\/\/www.fabregat-perulles-sales.com\/actualidad\/wp-json\/wp\/v2\/posts\/1733"}],"collection":[{"href":"https:\/\/www.fabregat-perulles-sales.com\/actualidad\/wp-json\/wp\/v2\/posts"}],"about":[{"href":"https:\/\/www.fabregat-perulles-sales.com\/actualidad\/wp-json\/wp\/v2\/types\/post"}],"author":[{"embeddable":true,"href":"https:\/\/www.fabregat-perulles-sales.com\/actualidad\/wp-json\/wp\/v2\/users\/3"}],"replies":[{"embeddable":true,"href":"https:\/\/www.fabregat-perulles-sales.com\/actualidad\/wp-json\/wp\/v2\/comments?post=1733"}],"version-history":[{"count":6,"href":"https:\/\/www.fabregat-perulles-sales.com\/actualidad\/wp-json\/wp\/v2\/posts\/1733\/revisions"}],"predecessor-version":[{"id":1739,"href":"https:\/\/www.fabregat-perulles-sales.com\/actualidad\/wp-json\/wp\/v2\/posts\/1733\/revisions\/1739"}],"wp:attachment":[{"href":"https:\/\/www.fabregat-perulles-sales.com\/actualidad\/wp-json\/wp\/v2\/media?parent=1733"}],"wp:term":[{"taxonomy":"category","embeddable":true,"href":"https:\/\/www.fabregat-perulles-sales.com\/actualidad\/wp-json\/wp\/v2\/categories?post=1733"},{"taxonomy":"post_tag","embeddable":true,"href":"https:\/\/www.fabregat-perulles-sales.com\/actualidad\/wp-json\/wp\/v2\/tags?post=1733"}],"curies":[{"name":"wp","href":"https:\/\/api.w.org\/{rel}","templated":true}]}}