{"id":1667,"date":"2015-01-19T11:59:32","date_gmt":"2015-01-19T09:59:32","guid":{"rendered":"http:\/\/www.fabregat-perulles-sales.com\/actualidad\/?p=1667"},"modified":"2015-01-19T12:06:21","modified_gmt":"2015-01-19T10:06:21","slug":"nouvelle-reglementation-europeenne-en-matiere-dexecution-de-decisions-de-justice-et-mesures-de-protection","status":"publish","type":"post","link":"https:\/\/www.fabregat-perulles-sales.com\/actualidad\/nouvelle-reglementation-europeenne-en-matiere-dexecution-de-decisions-de-justice-et-mesures-de-protection\/","title":{"rendered":"Nouvelle r\u00e8glementation europ\u00e9enne en mati\u00e8re d&#8217;ex\u00e9cution de d\u00e9cisions de justice et mesures de protection"},"content":{"rendered":"<p>Le 10 et 11 janvier 2015 sont entr\u00e9s en vigueur la refonte du <a href=\"http:\/\/eur-lex.europa.eu\/LexUriServ\/LexUriServ.do?uri=OJ:L:2012:351:0001:0032:fr:PDF\">R\u00e8glement n\u00ba 1215\/2012 du 12 d\u00e9cembre 2012<\/a> concernant la comp\u00e9tence judiciaire, la reconnaissance et l\u2019ex\u00e9cution des d\u00e9cisions en mati\u00e8re civile et commerciale et le <a href=\"http:\/\/eur-lex.europa.eu\/legal-content\/FR\/TXT\/PDF\/?uri=CELEX:32013R0606&amp;from=FR\">R\u00e8glement n\u00ba 606\/2013 du 12 juin 2013<\/a> relatif \u00e0 la reconnaissance mutuelle des mesures de protection en mati\u00e8re civile, respectivement.<\/p>\n<p>Cette nouvelle r\u00e8glementation, adopt\u00e9e par le Parlement et le Conseil europ\u00e9ens, intervient dans le but d\u2019encourager le d\u00e9veloppement \u00e9conomique sur le march\u00e9 unique en simplifiant, notamment, les formalit\u00e9s administratives n\u00e9cessaires \u00e0 la reconnaissance et l\u2019ex\u00e9cution transfrontali\u00e8res de d\u00e9cisions de justice.<\/p>\n<p><!--more--><\/p>\n<p><strong>R\u00e8glement n\u00ba 1215\/2012\u00a0: ex\u00e9cution transfrontali\u00e8re de d\u00e9cisions de justice<\/strong><\/p>\n<p>En effet, les dispositions contenues dans la refonte du R\u00e8glement n\u00ba 1215\/2012 du 12 d\u00e9cembre 2012 vont imposer la force ex\u00e9cutoire automatique des d\u00e9cisions de justice en mati\u00e8re civile et commerciale dans l\u2019ensemble de l\u2019Union et supprimer ainsi la proc\u00e9dure longue et co\u00fbteuse que supposait jusqu\u2019\u00e0 pr\u00e9sent l\u2019exequatur.<\/p>\n<p>Ainsi, les relations commerciales internationales b\u00e9n\u00e9ficieront d\u2019une plus grande s\u00e9curit\u00e9 juridique puisque d\u00e8s lors qu\u2019une d\u00e9cision de justice d\u00e9finitive sera rendue par un Etat membre, son ex\u00e9cution pourra \u00eatre demand\u00e9e par le cr\u00e9ancier dans tout autre Etat membre.<\/p>\n<p>De plus, la r\u00e8glementation va favoriser la protection des consommateurs et salari\u00e9s. Les consommateurs peuvent d\u00e9sormais faire valoir leurs droits devant les tribunaux du pays de leur r\u00e9sidence et non plus devant ceux o\u00f9 l\u2019op\u00e9rateur commercial est \u00e9tabli, si toutefois il l\u2019est dans un Etat membre diff\u00e9rent. Dans le m\u00eame ordre d\u2019id\u00e9e, les salari\u00e9s travaillant dans l\u2019Union pourront \u00e9galement s\u2019adresser aux tribunaux du pays dans lequel ils travaillent habituellement plut\u00f4t que dans celui o\u00f9 leur employeur serait \u00e9tabli.<\/p>\n<p>Enfin, pour mettre fin aux man\u0153uvres abusives consistant \u00e0 porter un litige devant diff\u00e9rents tribunaux pour en diff\u00e9rer sa r\u00e9solution, les nouvelles r\u00e8gles europ\u00e9ennes vont donner priorit\u00e9 au tribunal d\u00e9sign\u00e9 par les parties en cas de proc\u00e9dures parall\u00e8les.<\/p>\n<p><strong>R\u00e8glement n\u00ba 606\/2013\u00a0: ex\u00e9cution transfrontali\u00e8re de mesures de protection<\/strong><\/p>\n<p>Le R\u00e8glement n\u00ba 606\/2013 du 12 juin 2013 relatif \u00e0 la reconnaissance mutuelle des mesures de protection en mati\u00e8re civile va introduire, quant-\u00e0 lui, un mod\u00e8le uniforme de certificat pour permettre la libre circulation des mesure de protection. La personne prot\u00e9g\u00e9e pourra ainsi b\u00e9n\u00e9ficier d\u2019un acc\u00e8s effectif \u00e0 la justice dans d\u2019autres \u00c9tats membres. Le certificat sera d\u00e9livr\u00e9 par l\u2019autorit\u00e9 d\u2019\u00e9mission sur instance de ce dernier.<\/p>\n\r\n\t\t<style>\r\n\t\t\t.huge-it-share-buttons {\r\n\t\t\t\tborder:0px solid #0FB5D6;\r\n\t\t\t\tborder-radius:5px;\r\n\t\t\t\tbackground:#3BD8FF;\r\n\t\t\t text-align:left; \t\t\t\t\t\t\t\t\t}\r\n\r\n\t\t\t#huge-it-share-buttons-top {margin-bottom:0px;}\r\n\t\t\t#huge-it-share-buttons-bottom {margin-top:0px;}\r\n\r\n\t\t\t.huge-it-share-buttons h3 {\r\n\t\t\t\tfont-size:25px ;\r\n\t\t\t\tfont-family:Arial,Helvetica Neue,Helvetica,sans-serif;\r\n\t\t\t\tcolor:#666666;\r\n\r\n\t\t\tdisplay:block;\t\t\t\tline-height:25px ;\r\n\r\n\t\t\t text-align:left; \t\t\t\t\t\t\t\t\t}\r\n\r\n\t\t\t.huge-it-share-buttons ul {\r\n\t\t\t float:left; \t\t\t\t\t\t\t\t\t}\r\n\r\n\t\t\t.huge-it-share-buttons ul li {\r\n\t\t\t\tmargin-left:3px;\r\n\t\t\t\tmargin-right:3px;\r\n\t\t\t\tpadding:0px;\r\n\t\t\t\tborder:0px ridge #E6354C;\r\n\t\t\t\tborder-radius:11px;\r\n\t\t\t\tbackground-color:#14CC9B;\r\n\t\t\t}\r\n\r\n\t\t\t.huge-it-share-buttons ul li #backforunical1667 {\r\n\t\t\t\tborder-bottom: 0;\r\n\t\t\t\tbackground-image:url('https:\/\/www.fabregat-perulles-sales.com\/actualidad\/wp-content\/plugins\/wp-share-buttons\/Front_end\/..\/images\/buttons.30.png');\r\n\t\t\t\twidth:30px;\r\n\t\t\t\theight:30px;\r\n\t\t\t}\r\n\r\n\t\t\t.front-shares-count {\r\n\t\t\t\tposition: absolute;\r\n\t\t\t\ttext-align: center;\r\n\t\t\t\tdisplay: block;\r\n\t\t\t}\r\n\r\n\t\t\t.shares_size20 .front-shares-count {\r\n\t\t\t\tfont-size: 10px;\r\n\t\t\t\ttop: 10px;\r\n\t\t\t\twidth: 20px;\r\n\t\t\t}\r\n\r\n\t\t\t.shares_size30 .front-shares-count {\r\n\t\t\t\tfont-size: 11px;\r\n\t\t\t\ttop: 15px;\r\n\t\t\t\twidth: 30px;\r\n\t\t\t}\r\n\r\n\t\t\t.shares_size40 .front-shares-count {\r\n\t\t\t\tfont-size: 12px;\r\n\t\t\t\ttop: 21px;\r\n\t\t\t\twidth: 40px;\r\n\t\t\t}\r\n\t\t<\/style>\r\n\t\t\r\n\t\t<div id=\"huge-it-share-buttons-top\" class=\"huge-it-share-buttons nobackground\">\r\n\t\t\t<h3>Share This:<\/h3>\r\n\t\t\t<ul class=\"huge-it-share-buttons-list \">\r\n\t\t\t\t\t\t\t\t\t<li class=\"nobackground \" >\r\n\r\n\t\t\t\t\t\t\t\t\t\t\t\t<a id=\"backforunical1667\" href=\"https:\/\/www.facebook.com\/sharer\/sharer.php?u=www.fabregat-perulles-sales.com\/actualidad\/wp-json\/wp\/v2\/posts\/1667\"  onclick=\"javascript:void window.open('https:\/\/www.facebook.com\/sharer\/sharer.php?u=www.fabregat-perulles-sales.com\/actualidad\/wp-json\/wp\/v2\/posts\/1667','1410949501326','width=700,height=500,toolbar=0,menubar=0,location=0,status=1,scrollbars=1,resizable=1,left=0,top=0');return false;\" style=\"background-position: -0px -120px \"><\/a>\r\n\t\t\t\t\t<\/li>\r\n\t\t\t\t\t\t\t\t\t\t<li class=\"nobackground \" >\r\n\r\n\t\t\t\t\t\t\t\t\t\t\t\t<a id=\"backforunical1667\" href=\"https:\/\/twitter.com\/share?status=www.fabregat-perulles-sales.com\/actualidad\/wp-json\/wp\/v2\/posts\/1667&text=Nouvelle r\u00e8glementation europ\u00e9enne en mati\u00e8re d&#8217;ex\u00e9cution de d\u00e9cisions de justice et mesures de protection\"  onclick=\"javascript:void window.open('https:\/\/twitter.com\/share?status=www.fabregat-perulles-sales.com\/actualidad\/wp-json\/wp\/v2\/posts\/1667&text=Nouvelle r\u00e8glementation europ\u00e9enne en mati\u00e8re d&#8217;ex\u00e9cution de d\u00e9cisions de justice et mesures de protection','1410949501326','width=700,height=500,toolbar=0,menubar=0,location=0,status=1,scrollbars=1,resizable=1,left=0,top=0');return false;\" style=\"background-position: -30px -120px \"><\/a>\r\n\t\t\t\t\t<\/li>\r\n\t\t\t\t\t\t\t\t\t\t<li class=\"none nobackground \" >\r\n\r\n\t\t\t\t\t\t\t\t\t\t\t\t<a id=\"backforunical1667\" href=\"http:\/\/www.pinterest.com\/pin\/create\/button\/?url=www.fabregat-perulles-sales.com\/actualidad\/wp-json\/wp\/v2\/posts\/1667&media=https:\/\/www.fabregat-perulles-sales.com\/actualidad\/wp-content\/plugins\/wp-share-buttons\/Front_end\/..\/images\/noimage.png&description=Nouvelle r\u00e8glementation europ\u00e9enne en mati\u00e8re d&#8217;ex\u00e9cution de d\u00e9cisions de justice et mesures de protection\"  onclick=\"javascript:void window.open('http:\/\/www.pinterest.com\/pin\/create\/button\/?url=www.fabregat-perulles-sales.com\/actualidad\/wp-json\/wp\/v2\/posts\/1667&media=https:\/\/www.fabregat-perulles-sales.com\/actualidad\/wp-content\/plugins\/wp-share-buttons\/Front_end\/..\/images\/noimage.png&description=Nouvelle r\u00e8glementation europ\u00e9enne en mati\u00e8re d&#8217;ex\u00e9cution de d\u00e9cisions de justice et mesures de protection','1410949501326','width=700,height=500,toolbar=0,menubar=0,location=0,status=1,scrollbars=1,resizable=1,left=0,top=0');return false;\" style=\"background-position: -60px -120px \"><\/a>\r\n\t\t\t\t\t<\/li>\r\n\t\t\t\t\t\t\t\t\t\t<li class=\"none nobackground \" >\r\n\r\n\t\t\t\t\t\t\t\t\t\t\t\t<a id=\"backforunical1667\" href=\"https:\/\/plus.google.com\/share?url=www.fabregat-perulles-sales.com\/actualidad\/wp-json\/wp\/v2\/posts\/1667\"  onclick=\"javascript:void window.open('https:\/\/plus.google.com\/share?url=www.fabregat-perulles-sales.com\/actualidad\/wp-json\/wp\/v2\/posts\/1667','1410949501326','width=700,height=500,toolbar=0,menubar=0,location=0,status=1,scrollbars=1,resizable=1,left=0,top=0');return false;\" style=\"background-position: -90px -120px \"><\/a>\r\n\t\t\t\t\t<\/li>\r\n\t\t\t\t\t\t\t\t\t\t<li class=\"nobackground \" >\r\n\r\n\t\t\t\t\t\t\t\t\t\t\t\t<a id=\"backforunical1667\" href=\"https:\/\/www.linkedin.com\/shareArticle?title=Nouvelle r\u00e8glementation europ\u00e9enne en mati\u00e8re d&#8217;ex\u00e9cution de d\u00e9cisions de justice et mesures de protection&mini=true&url=https:\/\/www.fabregat-perulles-sales.com\/actualidad\/wp-json\/wp\/v2\/posts\/1667\"  onclick=\"javascript:void window.open('https:\/\/www.linkedin.com\/shareArticle?title=Nouvelle r\u00e8glementation europ\u00e9enne en mati\u00e8re d&#8217;ex\u00e9cution de d\u00e9cisions de justice et mesures de protection&mini=true&url=https:\/\/www.fabregat-perulles-sales.com\/actualidad\/wp-json\/wp\/v2\/posts\/1667','1410949501326','width=700,height=500,toolbar=0,menubar=0,location=0,status=1,scrollbars=1,resizable=1,left=0,top=0');return false;\" style=\"background-position: -120px -120px \"><\/a>\r\n\t\t\t\t\t<\/li>\r\n\t\t\t\t\t\t\t\t\t\t<li class=\"none nobackground \" >\r\n\r\n\t\t\t\t\t\t\t\t\t\t\t\t<a id=\"backforunical1667\" href=\"https:\/\/www.tumblr.com\/share\/link?url=www.fabregat-perulles-sales.com\/actualidad\/wp-json\/wp\/v2\/posts\/1667&name=Nouvelle r\u00e8glementation europ\u00e9enne en mati\u00e8re d&#8217;ex\u00e9cution de d\u00e9cisions de justice et mesures de protection\"  onclick=\"javascript:void window.open('https:\/\/www.tumblr.com\/share\/link?url=www.fabregat-perulles-sales.com\/actualidad\/wp-json\/wp\/v2\/posts\/1667&name=Nouvelle r\u00e8glementation europ\u00e9enne en mati\u00e8re d&#8217;ex\u00e9cution de d\u00e9cisions de justice et mesures de protection','1410949501326','width=700,height=500,toolbar=0,menubar=0,location=0,status=1,scrollbars=1,resizable=1,left=0,top=0');return false;\" style=\"background-position: -150px -120px \"><\/a>\r\n\t\t\t\t\t<\/li>\r\n\t\t\t\t\t\t\t\t\t\t<li class=\"none nobackground \" >\r\n\r\n\t\t\t\t\t\t\t\t\t\t\t\t<a id=\"backforunical1667\" href=\"http:\/\/digg.com\/submit?phase=2&url=www.fabregat-perulles-sales.com\/actualidad\/wp-json\/wp\/v2\/posts\/1667&title=Nouvelle r\u00e8glementation europ\u00e9enne en mati\u00e8re d&#8217;ex\u00e9cution de d\u00e9cisions de justice et mesures de protection\"  onclick=\"javascript:void window.open('http:\/\/digg.com\/submit?phase=2&url=www.fabregat-perulles-sales.com\/actualidad\/wp-json\/wp\/v2\/posts\/1667&title=Nouvelle r\u00e8glementation europ\u00e9enne en mati\u00e8re d&#8217;ex\u00e9cution de d\u00e9cisions de justice et mesures de protection','1410949501326','width=700,height=500,toolbar=0,menubar=0,location=0,status=1,scrollbars=1,resizable=1,left=0,top=0');return false;\" style=\"background-position: -180px -120px \"><\/a>\r\n\t\t\t\t\t<\/li>\r\n\t\t\t\t\t\t\t\t\t\t<li class=\"none nobackground \" >\r\n\r\n\t\t\t\t\t\t\t\t\t\t\t\t<a id=\"backforunical1667\" href=\"http:\/\/www.stumbleupon.com\/submit?url=www.fabregat-perulles-sales.com\/actualidad\/wp-json\/wp\/v2\/posts\/1667&title=Nouvelle r\u00e8glementation europ\u00e9enne en mati\u00e8re d&#8217;ex\u00e9cution de d\u00e9cisions de justice et mesures de protection\"  onclick=\"javascript:void window.open('http:\/\/www.stumbleupon.com\/submit?url=www.fabregat-perulles-sales.com\/actualidad\/wp-json\/wp\/v2\/posts\/1667&title=Nouvelle r\u00e8glementation europ\u00e9enne en mati\u00e8re d&#8217;ex\u00e9cution de d\u00e9cisions de justice et mesures de protection','1410949501326','width=700,height=500,toolbar=0,menubar=0,location=0,status=1,scrollbars=1,resizable=1,left=0,top=0');return false;\" style=\"background-position: -210px -120px \"><\/a>\r\n\t\t\t\t\t<\/li>\r\n\t\t\t\t\t\t\t\t\t\t<li class=\"none nobackground \" >\r\n\r\n\t\t\t\t\t\t\t\t\t\t\t\t<a id=\"backforunical1667\" href=\"https:\/\/myspace.com\/post?l=3&u=www.fabregat-perulles-sales.com\/actualidad\/wp-json\/wp\/v2\/posts\/1667\"  onclick=\"javascript:void window.open('https:\/\/myspace.com\/post?l=3&u=www.fabregat-perulles-sales.com\/actualidad\/wp-json\/wp\/v2\/posts\/1667','1410949501326','width=700,height=500,toolbar=0,menubar=0,location=0,status=1,scrollbars=1,resizable=1,left=0,top=0');return false;\" style=\"background-position: -240px -120px \"><\/a>\r\n\t\t\t\t\t<\/li>\r\n\t\t\t\t\t\t\t\t\t\t<li class=\"nobackground \" >\r\n\r\n\t\t\t\t\t\t\t\t\t\t\t\t<a id=\"backforunical1667\" href=\"http:\/\/vk.com\/share.php?url=www.fabregat-perulles-sales.com\/actualidad\/wp-json\/wp\/v2\/posts\/1667&title=Nouvelle r\u00e8glementation europ\u00e9enne en mati\u00e8re d&#8217;ex\u00e9cution de d\u00e9cisions de justice et mesures de protection\"  onclick=\"javascript:void window.open('http:\/\/vk.com\/share.php?url=www.fabregat-perulles-sales.com\/actualidad\/wp-json\/wp\/v2\/posts\/1667&title=Nouvelle r\u00e8glementation europ\u00e9enne en mati\u00e8re d&#8217;ex\u00e9cution de d\u00e9cisions de justice et mesures de protection','1410949501326','width=700,height=500,toolbar=0,menubar=0,location=0,status=1,scrollbars=1,resizable=1,left=0,top=0');return false;\" style=\"background-position: -270px -120px \"><\/a>\r\n\t\t\t\t\t<\/li>\r\n\t\t\t\t\t\t\t\t\t\t<li class=\"none nobackground \" >\r\n\r\n\t\t\t\t\t\t\t\t\t\t\t\t<a id=\"backforunical1667\" href=\"http:\/\/www.reddit.com\/submit?url=www.fabregat-perulles-sales.com\/actualidad\/wp-json\/wp\/v2\/posts\/1667&title=Nouvelle r\u00e8glementation europ\u00e9enne en mati\u00e8re d&#8217;ex\u00e9cution de d\u00e9cisions de justice et mesures de protection\"  onclick=\"javascript:void window.open('http:\/\/www.reddit.com\/submit?url=www.fabregat-perulles-sales.com\/actualidad\/wp-json\/wp\/v2\/posts\/1667&title=Nouvelle r\u00e8glementation europ\u00e9enne en mati\u00e8re d&#8217;ex\u00e9cution de d\u00e9cisions de justice et mesures de protection','1410949501326','width=700,height=500,toolbar=0,menubar=0,location=0,status=1,scrollbars=1,resizable=1,left=0,top=0');return false;\" style=\"background-position: -300px -120px \"><\/a>\r\n\t\t\t\t\t<\/li>\r\n\t\t\t\t\t\t\t\t\t\t<li class=\"none nobackground \" >\r\n\r\n\t\t\t\t\t\t\t\t\t\t\t\t<a id=\"backforunical1667\" href=\"http:\/\/www.bebo.com\/c\/share?Url=www.fabregat-perulles-sales.com\/actualidad\/wp-json\/wp\/v2\/posts\/1667\"  onclick=\"javascript:void window.open('http:\/\/www.bebo.com\/c\/share?Url=www.fabregat-perulles-sales.com\/actualidad\/wp-json\/wp\/v2\/posts\/1667','1410949501326','width=700,height=500,toolbar=0,menubar=0,location=0,status=1,scrollbars=1,resizable=1,left=0,top=0');return false;\" style=\"background-position: -330px -120px \"><\/a>\r\n\t\t\t\t\t<\/li>\r\n\t\t\t\t\t\t\t\t\t\t<li class=\"none nobackground \" >\r\n\r\n\t\t\t\t\t\t\t\t\t\t\t\t<a id=\"backforunical1667\" href=\"https:\/\/delicious.com\/save?v=5&noui&jump=close&url=www.fabregat-perulles-sales.com\/actualidad\/wp-json\/wp\/v2\/posts\/1667&title=Nouvelle r\u00e8glementation europ\u00e9enne en mati\u00e8re d&#8217;ex\u00e9cution de d\u00e9cisions de justice et mesures de protection\"  onclick=\"javascript:void window.open('https:\/\/delicious.com\/save?v=5&noui&jump=close&url=www.fabregat-perulles-sales.com\/actualidad\/wp-json\/wp\/v2\/posts\/1667&title=Nouvelle r\u00e8glementation europ\u00e9enne en mati\u00e8re d&#8217;ex\u00e9cution de d\u00e9cisions de justice et mesures de protection','1410949501326','width=700,height=500,toolbar=0,menubar=0,location=0,status=1,scrollbars=1,resizable=1,left=0,top=0');return false;\" style=\"background-position: -360px -120px \"><\/a>\r\n\t\t\t\t\t<\/li>\r\n\t\t\t\t\t\t\t\t\t\t<li class=\"none nobackground \" >\r\n\r\n\t\t\t\t\t\t\t\t\t\t\t\t<a id=\"backforunical1667\" href=\"http:\/\/www.odnoklassniki.ru\/dk?st.cmd=addShare&st.s=2&st.noresize=on&st._surl=www.fabregat-perulles-sales.com\/actualidad\/wp-json\/wp\/v2\/posts\/1667\"  onclick=\"javascript:void window.open('http:\/\/www.odnoklassniki.ru\/dk?st.cmd=addShare&st.s=2&st.noresize=on&st._surl=www.fabregat-perulles-sales.com\/actualidad\/wp-json\/wp\/v2\/posts\/1667','1410949501326','width=700,height=500,toolbar=0,menubar=0,location=0,status=1,scrollbars=1,resizable=1,left=0,top=0');return false;\" style=\"background-position: -390px -120px \"><\/a>\r\n\t\t\t\t\t<\/li>\r\n\t\t\t\t\t\t\t\t\t\t<li class=\"none nobackground \" >\r\n\r\n\t\t\t\t\t\t\t\t\t\t\t\t<a id=\"backforunical1667\" href=\"http:\/\/sns.qzone.qq.com\/cgi-bin\/qzshare\/cgi_qzshare_onekey?url=www.fabregat-perulles-sales.com\/actualidad\/wp-json\/wp\/v2\/posts\/1667&title=Nouvelle r\u00e8glementation europ\u00e9enne en mati\u00e8re d&#8217;ex\u00e9cution de d\u00e9cisions de justice et mesures de protection\"  onclick=\"javascript:void window.open('http:\/\/sns.qzone.qq.com\/cgi-bin\/qzshare\/cgi_qzshare_onekey?url=www.fabregat-perulles-sales.com\/actualidad\/wp-json\/wp\/v2\/posts\/1667&title=Nouvelle r\u00e8glementation europ\u00e9enne en mati\u00e8re d&#8217;ex\u00e9cution de d\u00e9cisions de justice et mesures de protection','1410949501326','width=700,height=500,toolbar=0,menubar=0,location=0,status=1,scrollbars=1,resizable=1,left=0,top=0');return false;\" style=\"background-position: -420px -120px \"><\/a>\r\n\t\t\t\t\t<\/li>\r\n\t\t\t\t\t\t\t\t\t\t<li class=\"none nobackground \" >\r\n\r\n\t\t\t\t\t\t\t\t\t\t\t\t<a id=\"backforunical1667\" href=\"http:\/\/service.weibo.com\/share\/share.php?url=www.fabregat-perulles-sales.com\/actualidad\/wp-json\/wp\/v2\/posts\/1667&appkey=&title=Nouvelle r\u00e8glementation europ\u00e9enne en mati\u00e8re d&#8217;ex\u00e9cution de d\u00e9cisions de justice et mesures de protection&pic=&ralateUid=&\"  onclick=\"javascript:void window.open('http:\/\/service.weibo.com\/share\/share.php?url=www.fabregat-perulles-sales.com\/actualidad\/wp-json\/wp\/v2\/posts\/1667&appkey=&title=Nouvelle r\u00e8glementation europ\u00e9enne en mati\u00e8re d&#8217;ex\u00e9cution de d\u00e9cisions de justice et mesures de protection&pic=&ralateUid=&','1410949501326','width=700,height=500,toolbar=0,menubar=0,location=0,status=1,scrollbars=1,resizable=1,left=0,top=0');return false;\" style=\"background-position: -450px -120px \"><\/a>\r\n\t\t\t\t\t<\/li>\r\n\t\t\t\t\t\t\t\t\t\t<li class=\"none nobackground \" >\r\n\r\n\t\t\t\t\t\t\t\t\t\t\t\t<a id=\"backforunical1667\" href=\"http:\/\/widget.renren.com\/dialog\/share?resourceUrl=www.fabregat-perulles-sales.com\/actualidad\/wp-json\/wp\/v2\/posts\/1667&srcUrl=www.fabregat-perulles-sales.com\/actualidad\/wp-json\/wp\/v2\/posts\/1667&title=Nouvelle r\u00e8glementation europ\u00e9enne en mati\u00e8re d&#8217;ex\u00e9cution de d\u00e9cisions de justice et mesures de protection\"  onclick=\"javascript:void window.open('http:\/\/widget.renren.com\/dialog\/share?resourceUrl=www.fabregat-perulles-sales.com\/actualidad\/wp-json\/wp\/v2\/posts\/1667&srcUrl=www.fabregat-perulles-sales.com\/actualidad\/wp-json\/wp\/v2\/posts\/1667&title=Nouvelle r\u00e8glementation europ\u00e9enne en mati\u00e8re d&#8217;ex\u00e9cution de d\u00e9cisions de justice et mesures de protection','1410949501326','width=700,height=500,toolbar=0,menubar=0,location=0,status=1,scrollbars=1,resizable=1,left=0,top=0');return false;\" style=\"background-position: -480px -120px \"><\/a>\r\n\t\t\t\t\t<\/li>\r\n\t\t\t\t\t\t\t\t\t\t<li class=\"none nobackground \" >\r\n\r\n\t\t\t\t\t\t\t\t\t\t\t\t<a id=\"backforunical1667\" href=\"http:\/\/n4g.com\/tips?url=www.fabregat-perulles-sales.com\/actualidad\/wp-json\/wp\/v2\/posts\/1667&title=Nouvelle r\u00e8glementation europ\u00e9enne en mati\u00e8re d&#8217;ex\u00e9cution de d\u00e9cisions de justice et mesures de protection\"  onclick=\"javascript:void window.open('http:\/\/n4g.com\/tips?url=www.fabregat-perulles-sales.com\/actualidad\/wp-json\/wp\/v2\/posts\/1667&title=Nouvelle r\u00e8glementation europ\u00e9enne en mati\u00e8re d&#8217;ex\u00e9cution de d\u00e9cisions de justice et mesures de protection','1410949501326','width=700,height=500,toolbar=0,menubar=0,location=0,status=1,scrollbars=1,resizable=1,left=0,top=0');return false;\" style=\"background-position: -510px -120px \"><\/a>\r\n\t\t\t\t\t<\/li>\r\n\t\t\t\t\t\t\t\t<\/ul>\r\n\t\t\t<div class=\"clear\"><\/div>\r\n\t\t<\/div>\r\n\t\t","protected":false},"excerpt":{"rendered":"<p>Le 10 et 11 janvier 2015 sont entr\u00e9s en vigueur la refonte du R\u00e8glement n\u00ba 1215\/2012 du 12 d\u00e9cembre 2012 concernant la comp\u00e9tence judiciaire, la reconnaissance et l\u2019ex\u00e9cution des d\u00e9cisions en mati\u00e8re civile et commerciale et le R\u00e8glement n\u00ba 606\/2013 du 12 juin 2013 relatif \u00e0 la reconnaissance mutuelle des mesures de protection en mati\u00e8re\u2026 <span class=\"read-more\"><a href=\"https:\/\/www.fabregat-perulles-sales.com\/actualidad\/nouvelle-reglementation-europeenne-en-matiere-dexecution-de-decisions-de-justice-et-mesures-de-protection\/\">Read More &raquo;<\/a><\/span><\/p>\n","protected":false},"author":3,"featured_media":0,"comment_status":"open","ping_status":"closed","sticky":false,"template":"","format":"standard","meta":[],"categories":[279,470,3],"tags":[],"yoast_head":"<!-- This site is optimized with the Yoast SEO plugin v20.2.1 - https:\/\/yoast.com\/wordpress\/plugins\/seo\/ -->\n<title>Nouvelle r\u00e8glementation europ\u00e9enne en mati\u00e8re d&#039;ex\u00e9cution de d\u00e9cisions de justice et mesures de protection | International Lawyers<\/title>\n<meta name=\"description\" content=\"Le 10 et 11 janvier 2015 sont entr\u00e9s en vigueur la refonte du R\u00e8glement n\u00ba 1215\/2012 du 12 d\u00e9cembre 2012 concernant la comp\u00e9tence judiciaire, la\" \/>\n<meta name=\"robots\" content=\"index, follow, max-snippet:-1, max-image-preview:large, max-video-preview:-1\" \/>\n<link rel=\"canonical\" href=\"https:\/\/www.fabregat-perulles-sales.com\/actualidad\/nouvelle-reglementation-europeenne-en-matiere-dexecution-de-decisions-de-justice-et-mesures-de-protection\/\" \/>\n<meta property=\"og:locale\" content=\"en_US\" \/>\n<meta property=\"og:type\" content=\"article\" \/>\n<meta property=\"og:title\" content=\"Nouvelle r\u00e8glementation europ\u00e9enne en mati\u00e8re d&#039;ex\u00e9cution de d\u00e9cisions de justice et mesures de protection | International Lawyers\" \/>\n<meta property=\"og:description\" content=\"Le 10 et 11 janvier 2015 sont entr\u00e9s en vigueur la refonte du R\u00e8glement n\u00ba 1215\/2012 du 12 d\u00e9cembre 2012 concernant la comp\u00e9tence judiciaire, la\" \/>\n<meta property=\"og:url\" content=\"https:\/\/www.fabregat-perulles-sales.com\/actualidad\/nouvelle-reglementation-europeenne-en-matiere-dexecution-de-decisions-de-justice-et-mesures-de-protection\/\" \/>\n<meta property=\"og:site_name\" content=\"International Lawyers\" \/>\n<meta property=\"article:published_time\" content=\"2015-01-19T09:59:32+00:00\" \/>\n<meta property=\"article:modified_time\" content=\"2015-01-19T10:06:21+00:00\" \/>\n<meta name=\"author\" content=\"Victor\" \/>\n<meta name=\"twitter:card\" content=\"summary_large_image\" \/>\n<meta name=\"twitter:label1\" content=\"Written by\" \/>\n\t<meta name=\"twitter:data1\" content=\"Victor\" \/>\n\t<meta name=\"twitter:label2\" content=\"Est. reading time\" \/>\n\t<meta name=\"twitter:data2\" content=\"2 minutes\" \/>\n<script type=\"application\/ld+json\" class=\"yoast-schema-graph\">{\"@context\":\"https:\/\/schema.org\",\"@graph\":[{\"@type\":\"WebPage\",\"@id\":\"https:\/\/www.fabregat-perulles-sales.com\/actualidad\/nouvelle-reglementation-europeenne-en-matiere-dexecution-de-decisions-de-justice-et-mesures-de-protection\/\",\"url\":\"https:\/\/www.fabregat-perulles-sales.com\/actualidad\/nouvelle-reglementation-europeenne-en-matiere-dexecution-de-decisions-de-justice-et-mesures-de-protection\/\",\"name\":\"Nouvelle r\u00e8glementation europ\u00e9enne en mati\u00e8re d'ex\u00e9cution de d\u00e9cisions de justice et mesures de protection | International Lawyers\",\"isPartOf\":{\"@id\":\"https:\/\/www.fabregat-perulles-sales.com\/actualidad\/#website\"},\"datePublished\":\"2015-01-19T09:59:32+00:00\",\"dateModified\":\"2015-01-19T10:06:21+00:00\",\"author\":{\"@id\":\"https:\/\/www.fabregat-perulles-sales.com\/actualidad\/#\/schema\/person\/cabc1d68c7778f01d5e069c2d98442e3\"},\"description\":\"Le 10 et 11 janvier 2015 sont entr\u00e9s en vigueur la refonte du R\u00e8glement n\u00ba 1215\/2012 du 12 d\u00e9cembre 2012 concernant la comp\u00e9tence judiciaire, la\",\"breadcrumb\":{\"@id\":\"https:\/\/www.fabregat-perulles-sales.com\/actualidad\/nouvelle-reglementation-europeenne-en-matiere-dexecution-de-decisions-de-justice-et-mesures-de-protection\/#breadcrumb\"},\"inLanguage\":\"en-US\",\"potentialAction\":[{\"@type\":\"ReadAction\",\"target\":[\"https:\/\/www.fabregat-perulles-sales.com\/actualidad\/nouvelle-reglementation-europeenne-en-matiere-dexecution-de-decisions-de-justice-et-mesures-de-protection\/\"]}]},{\"@type\":\"BreadcrumbList\",\"@id\":\"https:\/\/www.fabregat-perulles-sales.com\/actualidad\/nouvelle-reglementation-europeenne-en-matiere-dexecution-de-decisions-de-justice-et-mesures-de-protection\/#breadcrumb\",\"itemListElement\":[{\"@type\":\"ListItem\",\"position\":1,\"name\":\"Home\",\"item\":\"https:\/\/www.fabregat-perulles-sales.com\/actualidad\/\"},{\"@type\":\"ListItem\",\"position\":2,\"name\":\"Nouvelle r\u00e8glementation europ\u00e9enne en mati\u00e8re d&#8217;ex\u00e9cution de d\u00e9cisions de justice et mesures de protection\"}]},{\"@type\":\"WebSite\",\"@id\":\"https:\/\/www.fabregat-perulles-sales.com\/actualidad\/#website\",\"url\":\"https:\/\/www.fabregat-perulles-sales.com\/actualidad\/\",\"name\":\"www.fabregat-perulles-sales.com\",\"description\":\"Fabregat Perulles Sales Abogados is a law firm of reference international market in the Spanish-German, Spanish-French, and Spanish-Italian. Is one of the first firms in Barcelona offering a Russian Desk.\",\"potentialAction\":[{\"@type\":\"SearchAction\",\"target\":{\"@type\":\"EntryPoint\",\"urlTemplate\":\"https:\/\/www.fabregat-perulles-sales.com\/actualidad\/?s={search_term_string}\"},\"query-input\":\"required name=search_term_string\"}],\"inLanguage\":\"en-US\"},{\"@type\":\"Person\",\"@id\":\"https:\/\/www.fabregat-perulles-sales.com\/actualidad\/#\/schema\/person\/cabc1d68c7778f01d5e069c2d98442e3\",\"name\":\"Victor\",\"image\":{\"@type\":\"ImageObject\",\"inLanguage\":\"en-US\",\"@id\":\"https:\/\/www.fabregat-perulles-sales.com\/actualidad\/#\/schema\/person\/image\/\",\"url\":\"https:\/\/secure.gravatar.com\/avatar\/756cb666a964d2960ffe307b8a53b271?s=96&d=mm&r=g\",\"contentUrl\":\"https:\/\/secure.gravatar.com\/avatar\/756cb666a964d2960ffe307b8a53b271?s=96&d=mm&r=g\",\"caption\":\"Victor\"},\"sameAs\":[\"http:\/\/www.fabregat-perulles-sales.com\"],\"url\":\"https:\/\/www.fabregat-perulles-sales.com\/actualidad\/author\/victor\/\"}]}<\/script>\n<!-- \/ Yoast SEO plugin. -->","yoast_head_json":{"title":"Nouvelle r\u00e8glementation europ\u00e9enne en mati\u00e8re d'ex\u00e9cution de d\u00e9cisions de justice et mesures de protection | International Lawyers","description":"Le 10 et 11 janvier 2015 sont entr\u00e9s en vigueur la refonte du R\u00e8glement n\u00ba 1215\/2012 du 12 d\u00e9cembre 2012 concernant la comp\u00e9tence judiciaire, la","robots":{"index":"index","follow":"follow","max-snippet":"max-snippet:-1","max-image-preview":"max-image-preview:large","max-video-preview":"max-video-preview:-1"},"canonical":"https:\/\/www.fabregat-perulles-sales.com\/actualidad\/nouvelle-reglementation-europeenne-en-matiere-dexecution-de-decisions-de-justice-et-mesures-de-protection\/","og_locale":"en_US","og_type":"article","og_title":"Nouvelle r\u00e8glementation europ\u00e9enne en mati\u00e8re d'ex\u00e9cution de d\u00e9cisions de justice et mesures de protection | International Lawyers","og_description":"Le 10 et 11 janvier 2015 sont entr\u00e9s en vigueur la refonte du R\u00e8glement n\u00ba 1215\/2012 du 12 d\u00e9cembre 2012 concernant la comp\u00e9tence judiciaire, la","og_url":"https:\/\/www.fabregat-perulles-sales.com\/actualidad\/nouvelle-reglementation-europeenne-en-matiere-dexecution-de-decisions-de-justice-et-mesures-de-protection\/","og_site_name":"International Lawyers","article_published_time":"2015-01-19T09:59:32+00:00","article_modified_time":"2015-01-19T10:06:21+00:00","author":"Victor","twitter_card":"summary_large_image","twitter_misc":{"Written by":"Victor","Est. reading time":"2 minutes"},"schema":{"@context":"https:\/\/schema.org","@graph":[{"@type":"WebPage","@id":"https:\/\/www.fabregat-perulles-sales.com\/actualidad\/nouvelle-reglementation-europeenne-en-matiere-dexecution-de-decisions-de-justice-et-mesures-de-protection\/","url":"https:\/\/www.fabregat-perulles-sales.com\/actualidad\/nouvelle-reglementation-europeenne-en-matiere-dexecution-de-decisions-de-justice-et-mesures-de-protection\/","name":"Nouvelle r\u00e8glementation europ\u00e9enne en mati\u00e8re d'ex\u00e9cution de d\u00e9cisions de justice et mesures de protection | International Lawyers","isPartOf":{"@id":"https:\/\/www.fabregat-perulles-sales.com\/actualidad\/#website"},"datePublished":"2015-01-19T09:59:32+00:00","dateModified":"2015-01-19T10:06:21+00:00","author":{"@id":"https:\/\/www.fabregat-perulles-sales.com\/actualidad\/#\/schema\/person\/cabc1d68c7778f01d5e069c2d98442e3"},"description":"Le 10 et 11 janvier 2015 sont entr\u00e9s en vigueur la refonte du R\u00e8glement n\u00ba 1215\/2012 du 12 d\u00e9cembre 2012 concernant la comp\u00e9tence judiciaire, la","breadcrumb":{"@id":"https:\/\/www.fabregat-perulles-sales.com\/actualidad\/nouvelle-reglementation-europeenne-en-matiere-dexecution-de-decisions-de-justice-et-mesures-de-protection\/#breadcrumb"},"inLanguage":"en-US","potentialAction":[{"@type":"ReadAction","target":["https:\/\/www.fabregat-perulles-sales.com\/actualidad\/nouvelle-reglementation-europeenne-en-matiere-dexecution-de-decisions-de-justice-et-mesures-de-protection\/"]}]},{"@type":"BreadcrumbList","@id":"https:\/\/www.fabregat-perulles-sales.com\/actualidad\/nouvelle-reglementation-europeenne-en-matiere-dexecution-de-decisions-de-justice-et-mesures-de-protection\/#breadcrumb","itemListElement":[{"@type":"ListItem","position":1,"name":"Home","item":"https:\/\/www.fabregat-perulles-sales.com\/actualidad\/"},{"@type":"ListItem","position":2,"name":"Nouvelle r\u00e8glementation europ\u00e9enne en mati\u00e8re d&#8217;ex\u00e9cution de d\u00e9cisions de justice et mesures de protection"}]},{"@type":"WebSite","@id":"https:\/\/www.fabregat-perulles-sales.com\/actualidad\/#website","url":"https:\/\/www.fabregat-perulles-sales.com\/actualidad\/","name":"www.fabregat-perulles-sales.com","description":"Fabregat Perulles Sales Abogados is a law firm of reference international market in the Spanish-German, Spanish-French, and Spanish-Italian. Is one of the first firms in Barcelona offering a Russian Desk.","potentialAction":[{"@type":"SearchAction","target":{"@type":"EntryPoint","urlTemplate":"https:\/\/www.fabregat-perulles-sales.com\/actualidad\/?s={search_term_string}"},"query-input":"required name=search_term_string"}],"inLanguage":"en-US"},{"@type":"Person","@id":"https:\/\/www.fabregat-perulles-sales.com\/actualidad\/#\/schema\/person\/cabc1d68c7778f01d5e069c2d98442e3","name":"Victor","image":{"@type":"ImageObject","inLanguage":"en-US","@id":"https:\/\/www.fabregat-perulles-sales.com\/actualidad\/#\/schema\/person\/image\/","url":"https:\/\/secure.gravatar.com\/avatar\/756cb666a964d2960ffe307b8a53b271?s=96&d=mm&r=g","contentUrl":"https:\/\/secure.gravatar.com\/avatar\/756cb666a964d2960ffe307b8a53b271?s=96&d=mm&r=g","caption":"Victor"},"sameAs":["http:\/\/www.fabregat-perulles-sales.com"],"url":"https:\/\/www.fabregat-perulles-sales.com\/actualidad\/author\/victor\/"}]}},"amp_enabled":true,"_links":{"self":[{"href":"https:\/\/www.fabregat-perulles-sales.com\/actualidad\/wp-json\/wp\/v2\/posts\/1667"}],"collection":[{"href":"https:\/\/www.fabregat-perulles-sales.com\/actualidad\/wp-json\/wp\/v2\/posts"}],"about":[{"href":"https:\/\/www.fabregat-perulles-sales.com\/actualidad\/wp-json\/wp\/v2\/types\/post"}],"author":[{"embeddable":true,"href":"https:\/\/www.fabregat-perulles-sales.com\/actualidad\/wp-json\/wp\/v2\/users\/3"}],"replies":[{"embeddable":true,"href":"https:\/\/www.fabregat-perulles-sales.com\/actualidad\/wp-json\/wp\/v2\/comments?post=1667"}],"version-history":[{"count":10,"href":"https:\/\/www.fabregat-perulles-sales.com\/actualidad\/wp-json\/wp\/v2\/posts\/1667\/revisions"}],"predecessor-version":[{"id":1674,"href":"https:\/\/www.fabregat-perulles-sales.com\/actualidad\/wp-json\/wp\/v2\/posts\/1667\/revisions\/1674"}],"wp:attachment":[{"href":"https:\/\/www.fabregat-perulles-sales.com\/actualidad\/wp-json\/wp\/v2\/media?parent=1667"}],"wp:term":[{"taxonomy":"category","embeddable":true,"href":"https:\/\/www.fabregat-perulles-sales.com\/actualidad\/wp-json\/wp\/v2\/categories?post=1667"},{"taxonomy":"post_tag","embeddable":true,"href":"https:\/\/www.fabregat-perulles-sales.com\/actualidad\/wp-json\/wp\/v2\/tags?post=1667"}],"curies":[{"name":"wp","href":"https:\/\/api.w.org\/{rel}","templated":true}]}}