{"id":1647,"date":"2015-01-13T13:54:29","date_gmt":"2015-01-13T11:54:29","guid":{"rendered":"http:\/\/www.fabregat-perulles-sales.com\/actualidad\/?p=1647"},"modified":"2015-02-23T11:14:03","modified_gmt":"2015-02-23T10:14:03","slug":"nuevas-normas-aplicables-a-las-resoluciones-judiciales-transfronterizas-y-a-la-proteccion-de-las-victimas-de-violencia-en-el-ambito-de-la-ue","status":"publish","type":"post","link":"https:\/\/www.fabregat-perulles-sales.com\/actualidad\/nuevas-normas-aplicables-a-las-resoluciones-judiciales-transfronterizas-y-a-la-proteccion-de-las-victimas-de-violencia-en-el-ambito-de-la-ue\/","title":{"rendered":"Nuevas normas aplicables a las resoluciones judiciales transfronterizas y a la protecci\u00f3n de las v\u00edctimas de violencia, en el \u00e1mbito de la UE"},"content":{"rendered":"<p><a href=\"http:\/\/www.fabregat-perulles-sales.com\/actualidad\/wp-content\/uploads\/2015\/01\/comisi\u00f3n-europea.jpg\"><img decoding=\"async\" loading=\"lazy\" class=\"alignright\" title=\"Comisi\u00f3n Europea\" alt=\"Comisi\u00f3n Europea\" src=\"http:\/\/www.fabregat-perulles-sales.com\/actualidad\/wp-content\/uploads\/2015\/01\/comisi\u00f3n-europea-300x143.jpg\" width=\"300\" height=\"143\" \/><\/a>Desde el pasado 10 y 11 de enero de 2015 son aplicables, respectivamente, el <a title=\"Reglamento (UE) 1215\/2012\" href=\"http:\/\/www.google.es\/url?sa=t&amp;rct=j&amp;q=&amp;esrc=s&amp;source=web&amp;cd=1&amp;ved=0CCMQFjAA&amp;url=http%3A%2F%2Fwww.boe.es%2Fdoue%2F2012%2F351%2FL00001-00032.pdf&amp;ei=3gS1VNuQCon1UovygIAF&amp;usg=AFQjCNEMXd87xIHFIYQIjDmL082g1OZ_pw&amp;bvm=bv.83339334,d.d24\" target=\"_blank\">Reglamento (UE) 1215\/2012<\/a>, de 12 de diciembre de 2012, relativo a la competencia judicial, el reconocimiento y la ejecuci\u00f3n de resoluciones en materia civil y comercial,y el <a title=\"Reglamento (UE) 606\/2013\" href=\"http:\/\/www.google.es\/url?sa=t&amp;rct=j&amp;q=&amp;esrc=s&amp;source=web&amp;cd=1&amp;ved=0CCMQFjAA&amp;url=http%3A%2F%2Feur-lex.europa.eu%2FLexUriServ%2FLexUriServ.do%3Furi%3DOJ%3AL%3A2013%3A181%3A0004%3A0012%3Aes%3APDF&amp;ei=CAW1VMP6N8X5UNvYgJAN&amp;usg=AFQjCNFQYt9Ucx6GWzMO-IjB0CaFn3UNlg&amp;bvm=bv.83339334,d.d24\" target=\"_blank\">Reglamento (UE) 606\/2013<\/a>, de 12 de junio, relativo al reconocimiento rec\u00edproco de las medidas de protecci\u00f3n en materia civil, ambos aprobados por el Parlamento Europeo y el Consejo.<\/p>\n<p><!--more--><\/p>\n<p>Las nuevas medidas introducidas por estos Reglamentos, constituyen el cumplimiento del compromiso de reducir la burocracia y reforzar el mercado \u00fanico,para promover un crecimiento econ\u00f3mico sostenible, as\u00ed como para armonizar y agilizar determinados procedimientos legales en los pa\u00edses miembros de la Uni\u00f3n Europea.<\/p>\n<p><b><span style=\"text-decoration: underline;\">Aplicaci\u00f3n del Reglamento 1215\/2012: normas sobre las resoluciones transfronterizas<\/span><\/b><\/p>\n<p>Seguramente el cambio m\u00e1s significativo que introduce este Reglamento es aqu\u00e9l relativo a la ejecutividad de las resoluciones judiciales en materia civil y comercial, en el \u00e1mbito de la Uni\u00f3n Europea.<\/p>\n<p>A partir de ahora, las resoluciones emitidas en un Estado miembro ser\u00e1n ejecutivas en el resto de Estados miembro <b>sin que sea necesaria una declaraci\u00f3n de ejecutividad<\/b>, o dicho de otro modo, sin que se requiera seguir el denominado procedimiento de exequatur, que conllevaba que los ciudadanos obtuvieran la ejecuci\u00f3n de una resoluci\u00f3n incurriendo en importantes costes, y tras una larga espera.<\/p>\n<p>Los jueces \u00fanicamente podr\u00e1n bloquear la ejecuci\u00f3n de una resoluci\u00f3n en casos excepcionales, como por ejemplo, en casos en los que el tribunal del Estado miembro de origen haya vulnerado el derecho a un juicio justo.<\/p>\n<p>La aplicaci\u00f3n de esta norma supondr\u00e1 un ahorro de entre 2.000 y 12.000 euros para los ciudadanos, que tambi\u00e9n ver\u00e1n reducido el plazo para obtener la ejecuci\u00f3n de una resoluci\u00f3n emitida en otro Estado miembro.<\/p>\n<p>Asimismo, los consumidores y trabajadores ser\u00e1n protegidos en mayor medida en los casos de litigios que impliquen a pa\u00edses fuera de la UE. Los consumidores podr\u00e1n dirigirse a los \u00f3rganos judiciales del Estado miembro en el que residen, y los trabajadores podr\u00e1n acudir al Estado miembro en el que trabajan habitualmente, a pesar de que el empleador est\u00e9 situado en un pa\u00eds no perteneciente a la UE.<\/p>\n<p>Por \u00faltimo, a fin de evitar el retraso abusivo en la soluci\u00f3n de litigios entre empresas de diferentes Estados miembros, se establece la prioridad del foro preelegido entre las mismas, en casos de procedimientos paralelos.<\/p>\n<p><b><span style=\"text-decoration: underline;\">Aplicaci\u00f3n del Reglamento 606\/2013: normas sobre la protecci\u00f3n de las v\u00edctimas de violencia<\/span><\/b>.<\/p>\n<p>Desde el 11 de enero de los corrientes, las \u00f3rdenes de restricci\u00f3n, protecci\u00f3n, y alejamiento emitidas en un Estado miembro, ser\u00e1n reconocidas en toda la UE mediante una simple certificaci\u00f3n.<\/p>\n<p>Con este Reglamento las v\u00edctimas podr\u00e1n desplazarse con mayor seguridad fuera de su propio pa\u00eds, transfiriendo la orden de protecci\u00f3n al Estado miembro de destino.<\/p>\n<p>En definitiva, el Reglamento 606\/2013, junto con la <a href=\"http:\/\/www.poderjudicial.es\/cgpj\/es\/Temas\/Violencia-domestica-y-de-genero\/La-orden-de-proteccion\/relacionados\/Directiva-2011-99-UE-del-Parlamento-Europeo-y-del-Consejo-de-13-de-diciembre-de-2011-sobre-la-orden-europea-de-proteccion\">Directiva 2011\/99\/UE del Parlamento Europeo y del Consejo, sobre la orden europea de protecci\u00f3n<\/a>, garantizar\u00e1n la libre circulaci\u00f3n de los diferentes tipos de medidas de protecci\u00f3n m\u00e1s comunes en la UE (esto es, en materia civil, penal o administrativa).<\/p>\n<p>&nbsp;<\/p>\n\r\n\t\t<style>\r\n\t\t\t.huge-it-share-buttons {\r\n\t\t\t\tborder:0px solid #0FB5D6;\r\n\t\t\t\tborder-radius:5px;\r\n\t\t\t\tbackground:#3BD8FF;\r\n\t\t\t text-align:left; \t\t\t\t\t\t\t\t\t}\r\n\r\n\t\t\t#huge-it-share-buttons-top {margin-bottom:0px;}\r\n\t\t\t#huge-it-share-buttons-bottom {margin-top:0px;}\r\n\r\n\t\t\t.huge-it-share-buttons h3 {\r\n\t\t\t\tfont-size:25px ;\r\n\t\t\t\tfont-family:Arial,Helvetica Neue,Helvetica,sans-serif;\r\n\t\t\t\tcolor:#666666;\r\n\r\n\t\t\tdisplay:block;\t\t\t\tline-height:25px ;\r\n\r\n\t\t\t text-align:left; \t\t\t\t\t\t\t\t\t}\r\n\r\n\t\t\t.huge-it-share-buttons ul {\r\n\t\t\t float:left; \t\t\t\t\t\t\t\t\t}\r\n\r\n\t\t\t.huge-it-share-buttons ul li {\r\n\t\t\t\tmargin-left:3px;\r\n\t\t\t\tmargin-right:3px;\r\n\t\t\t\tpadding:0px;\r\n\t\t\t\tborder:0px ridge #E6354C;\r\n\t\t\t\tborder-radius:11px;\r\n\t\t\t\tbackground-color:#14CC9B;\r\n\t\t\t}\r\n\r\n\t\t\t.huge-it-share-buttons ul li #backforunical1647 {\r\n\t\t\t\tborder-bottom: 0;\r\n\t\t\t\tbackground-image:url('https:\/\/www.fabregat-perulles-sales.com\/actualidad\/wp-content\/plugins\/wp-share-buttons\/Front_end\/..\/images\/buttons.30.png');\r\n\t\t\t\twidth:30px;\r\n\t\t\t\theight:30px;\r\n\t\t\t}\r\n\r\n\t\t\t.front-shares-count {\r\n\t\t\t\tposition: absolute;\r\n\t\t\t\ttext-align: center;\r\n\t\t\t\tdisplay: block;\r\n\t\t\t}\r\n\r\n\t\t\t.shares_size20 .front-shares-count {\r\n\t\t\t\tfont-size: 10px;\r\n\t\t\t\ttop: 10px;\r\n\t\t\t\twidth: 20px;\r\n\t\t\t}\r\n\r\n\t\t\t.shares_size30 .front-shares-count {\r\n\t\t\t\tfont-size: 11px;\r\n\t\t\t\ttop: 15px;\r\n\t\t\t\twidth: 30px;\r\n\t\t\t}\r\n\r\n\t\t\t.shares_size40 .front-shares-count {\r\n\t\t\t\tfont-size: 12px;\r\n\t\t\t\ttop: 21px;\r\n\t\t\t\twidth: 40px;\r\n\t\t\t}\r\n\t\t<\/style>\r\n\t\t\r\n\t\t<div id=\"huge-it-share-buttons-top\" class=\"huge-it-share-buttons nobackground\">\r\n\t\t\t<h3>Share This:<\/h3>\r\n\t\t\t<ul class=\"huge-it-share-buttons-list \">\r\n\t\t\t\t\t\t\t\t\t<li class=\"nobackground \" >\r\n\r\n\t\t\t\t\t\t\t\t\t\t\t\t<a id=\"backforunical1647\" href=\"https:\/\/www.facebook.com\/sharer\/sharer.php?u=www.fabregat-perulles-sales.com\/actualidad\/wp-json\/wp\/v2\/posts\/1647\"  onclick=\"javascript:void window.open('https:\/\/www.facebook.com\/sharer\/sharer.php?u=www.fabregat-perulles-sales.com\/actualidad\/wp-json\/wp\/v2\/posts\/1647','1410949501326','width=700,height=500,toolbar=0,menubar=0,location=0,status=1,scrollbars=1,resizable=1,left=0,top=0');return false;\" style=\"background-position: -0px -120px \"><\/a>\r\n\t\t\t\t\t<\/li>\r\n\t\t\t\t\t\t\t\t\t\t<li class=\"nobackground \" >\r\n\r\n\t\t\t\t\t\t\t\t\t\t\t\t<a id=\"backforunical1647\" href=\"https:\/\/twitter.com\/share?status=www.fabregat-perulles-sales.com\/actualidad\/wp-json\/wp\/v2\/posts\/1647&text=Nuevas normas aplicables a las resoluciones judiciales transfronterizas y a la protecci\u00f3n de las v\u00edctimas de violencia, en el \u00e1mbito de la UE\"  onclick=\"javascript:void window.open('https:\/\/twitter.com\/share?status=www.fabregat-perulles-sales.com\/actualidad\/wp-json\/wp\/v2\/posts\/1647&text=Nuevas normas aplicables a las resoluciones judiciales transfronterizas y a la protecci\u00f3n de las v\u00edctimas de violencia, en el \u00e1mbito de la UE','1410949501326','width=700,height=500,toolbar=0,menubar=0,location=0,status=1,scrollbars=1,resizable=1,left=0,top=0');return false;\" style=\"background-position: -30px -120px \"><\/a>\r\n\t\t\t\t\t<\/li>\r\n\t\t\t\t\t\t\t\t\t\t<li class=\"none nobackground \" >\r\n\r\n\t\t\t\t\t\t\t\t\t\t\t\t<a id=\"backforunical1647\" href=\"http:\/\/www.pinterest.com\/pin\/create\/button\/?url=www.fabregat-perulles-sales.com\/actualidad\/wp-json\/wp\/v2\/posts\/1647&media=https:\/\/www.fabregat-perulles-sales.com\/actualidad\/wp-content\/plugins\/wp-share-buttons\/Front_end\/..\/images\/noimage.png&description=Nuevas normas aplicables a las resoluciones judiciales transfronterizas y a la protecci\u00f3n de las v\u00edctimas de violencia, en el \u00e1mbito de la UE\"  onclick=\"javascript:void window.open('http:\/\/www.pinterest.com\/pin\/create\/button\/?url=www.fabregat-perulles-sales.com\/actualidad\/wp-json\/wp\/v2\/posts\/1647&media=https:\/\/www.fabregat-perulles-sales.com\/actualidad\/wp-content\/plugins\/wp-share-buttons\/Front_end\/..\/images\/noimage.png&description=Nuevas normas aplicables a las resoluciones judiciales transfronterizas y a la protecci\u00f3n de las v\u00edctimas de violencia, en el \u00e1mbito de la UE','1410949501326','width=700,height=500,toolbar=0,menubar=0,location=0,status=1,scrollbars=1,resizable=1,left=0,top=0');return false;\" style=\"background-position: -60px -120px \"><\/a>\r\n\t\t\t\t\t<\/li>\r\n\t\t\t\t\t\t\t\t\t\t<li class=\"none nobackground \" >\r\n\r\n\t\t\t\t\t\t\t\t\t\t\t\t<a id=\"backforunical1647\" href=\"https:\/\/plus.google.com\/share?url=www.fabregat-perulles-sales.com\/actualidad\/wp-json\/wp\/v2\/posts\/1647\"  onclick=\"javascript:void window.open('https:\/\/plus.google.com\/share?url=www.fabregat-perulles-sales.com\/actualidad\/wp-json\/wp\/v2\/posts\/1647','1410949501326','width=700,height=500,toolbar=0,menubar=0,location=0,status=1,scrollbars=1,resizable=1,left=0,top=0');return false;\" style=\"background-position: -90px -120px \"><\/a>\r\n\t\t\t\t\t<\/li>\r\n\t\t\t\t\t\t\t\t\t\t<li class=\"nobackground \" >\r\n\r\n\t\t\t\t\t\t\t\t\t\t\t\t<a id=\"backforunical1647\" href=\"https:\/\/www.linkedin.com\/shareArticle?title=Nuevas normas aplicables a las resoluciones judiciales transfronterizas y a la protecci\u00f3n de las v\u00edctimas de violencia, en el \u00e1mbito de la UE&mini=true&url=https:\/\/www.fabregat-perulles-sales.com\/actualidad\/wp-json\/wp\/v2\/posts\/1647\"  onclick=\"javascript:void window.open('https:\/\/www.linkedin.com\/shareArticle?title=Nuevas normas aplicables a las resoluciones judiciales transfronterizas y a la protecci\u00f3n de las v\u00edctimas de violencia, en el \u00e1mbito de la UE&mini=true&url=https:\/\/www.fabregat-perulles-sales.com\/actualidad\/wp-json\/wp\/v2\/posts\/1647','1410949501326','width=700,height=500,toolbar=0,menubar=0,location=0,status=1,scrollbars=1,resizable=1,left=0,top=0');return false;\" style=\"background-position: -120px -120px \"><\/a>\r\n\t\t\t\t\t<\/li>\r\n\t\t\t\t\t\t\t\t\t\t<li class=\"none nobackground \" >\r\n\r\n\t\t\t\t\t\t\t\t\t\t\t\t<a id=\"backforunical1647\" href=\"https:\/\/www.tumblr.com\/share\/link?url=www.fabregat-perulles-sales.com\/actualidad\/wp-json\/wp\/v2\/posts\/1647&name=Nuevas normas aplicables a las resoluciones judiciales transfronterizas y a la protecci\u00f3n de las v\u00edctimas de violencia, en el \u00e1mbito de la UE\"  onclick=\"javascript:void window.open('https:\/\/www.tumblr.com\/share\/link?url=www.fabregat-perulles-sales.com\/actualidad\/wp-json\/wp\/v2\/posts\/1647&name=Nuevas normas aplicables a las resoluciones judiciales transfronterizas y a la protecci\u00f3n de las v\u00edctimas de violencia, en el \u00e1mbito de la UE','1410949501326','width=700,height=500,toolbar=0,menubar=0,location=0,status=1,scrollbars=1,resizable=1,left=0,top=0');return false;\" style=\"background-position: -150px -120px \"><\/a>\r\n\t\t\t\t\t<\/li>\r\n\t\t\t\t\t\t\t\t\t\t<li class=\"none nobackground \" >\r\n\r\n\t\t\t\t\t\t\t\t\t\t\t\t<a id=\"backforunical1647\" href=\"http:\/\/digg.com\/submit?phase=2&url=www.fabregat-perulles-sales.com\/actualidad\/wp-json\/wp\/v2\/posts\/1647&title=Nuevas normas aplicables a las resoluciones judiciales transfronterizas y a la protecci\u00f3n de las v\u00edctimas de violencia, en el \u00e1mbito de la UE\"  onclick=\"javascript:void window.open('http:\/\/digg.com\/submit?phase=2&url=www.fabregat-perulles-sales.com\/actualidad\/wp-json\/wp\/v2\/posts\/1647&title=Nuevas normas aplicables a las resoluciones judiciales transfronterizas y a la protecci\u00f3n de las v\u00edctimas de violencia, en el \u00e1mbito de la UE','1410949501326','width=700,height=500,toolbar=0,menubar=0,location=0,status=1,scrollbars=1,resizable=1,left=0,top=0');return false;\" style=\"background-position: -180px -120px \"><\/a>\r\n\t\t\t\t\t<\/li>\r\n\t\t\t\t\t\t\t\t\t\t<li class=\"none nobackground \" >\r\n\r\n\t\t\t\t\t\t\t\t\t\t\t\t<a id=\"backforunical1647\" href=\"http:\/\/www.stumbleupon.com\/submit?url=www.fabregat-perulles-sales.com\/actualidad\/wp-json\/wp\/v2\/posts\/1647&title=Nuevas normas aplicables a las resoluciones judiciales transfronterizas y a la protecci\u00f3n de las v\u00edctimas de violencia, en el \u00e1mbito de la UE\"  onclick=\"javascript:void window.open('http:\/\/www.stumbleupon.com\/submit?url=www.fabregat-perulles-sales.com\/actualidad\/wp-json\/wp\/v2\/posts\/1647&title=Nuevas normas aplicables a las resoluciones judiciales transfronterizas y a la protecci\u00f3n de las v\u00edctimas de violencia, en el \u00e1mbito de la UE','1410949501326','width=700,height=500,toolbar=0,menubar=0,location=0,status=1,scrollbars=1,resizable=1,left=0,top=0');return false;\" style=\"background-position: -210px -120px \"><\/a>\r\n\t\t\t\t\t<\/li>\r\n\t\t\t\t\t\t\t\t\t\t<li class=\"none nobackground \" >\r\n\r\n\t\t\t\t\t\t\t\t\t\t\t\t<a id=\"backforunical1647\" href=\"https:\/\/myspace.com\/post?l=3&u=www.fabregat-perulles-sales.com\/actualidad\/wp-json\/wp\/v2\/posts\/1647\"  onclick=\"javascript:void window.open('https:\/\/myspace.com\/post?l=3&u=www.fabregat-perulles-sales.com\/actualidad\/wp-json\/wp\/v2\/posts\/1647','1410949501326','width=700,height=500,toolbar=0,menubar=0,location=0,status=1,scrollbars=1,resizable=1,left=0,top=0');return false;\" style=\"background-position: -240px -120px \"><\/a>\r\n\t\t\t\t\t<\/li>\r\n\t\t\t\t\t\t\t\t\t\t<li class=\"nobackground \" >\r\n\r\n\t\t\t\t\t\t\t\t\t\t\t\t<a id=\"backforunical1647\" href=\"http:\/\/vk.com\/share.php?url=www.fabregat-perulles-sales.com\/actualidad\/wp-json\/wp\/v2\/posts\/1647&title=Nuevas normas aplicables a las resoluciones judiciales transfronterizas y a la protecci\u00f3n de las v\u00edctimas de violencia, en el \u00e1mbito de la UE\"  onclick=\"javascript:void window.open('http:\/\/vk.com\/share.php?url=www.fabregat-perulles-sales.com\/actualidad\/wp-json\/wp\/v2\/posts\/1647&title=Nuevas normas aplicables a las resoluciones judiciales transfronterizas y a la protecci\u00f3n de las v\u00edctimas de violencia, en el \u00e1mbito de la UE','1410949501326','width=700,height=500,toolbar=0,menubar=0,location=0,status=1,scrollbars=1,resizable=1,left=0,top=0');return false;\" style=\"background-position: -270px -120px \"><\/a>\r\n\t\t\t\t\t<\/li>\r\n\t\t\t\t\t\t\t\t\t\t<li class=\"none nobackground \" >\r\n\r\n\t\t\t\t\t\t\t\t\t\t\t\t<a id=\"backforunical1647\" href=\"http:\/\/www.reddit.com\/submit?url=www.fabregat-perulles-sales.com\/actualidad\/wp-json\/wp\/v2\/posts\/1647&title=Nuevas normas aplicables a las resoluciones judiciales transfronterizas y a la protecci\u00f3n de las v\u00edctimas de violencia, en el \u00e1mbito de la UE\"  onclick=\"javascript:void window.open('http:\/\/www.reddit.com\/submit?url=www.fabregat-perulles-sales.com\/actualidad\/wp-json\/wp\/v2\/posts\/1647&title=Nuevas normas aplicables a las resoluciones judiciales transfronterizas y a la protecci\u00f3n de las v\u00edctimas de violencia, en el \u00e1mbito de la UE','1410949501326','width=700,height=500,toolbar=0,menubar=0,location=0,status=1,scrollbars=1,resizable=1,left=0,top=0');return false;\" style=\"background-position: -300px -120px \"><\/a>\r\n\t\t\t\t\t<\/li>\r\n\t\t\t\t\t\t\t\t\t\t<li class=\"none nobackground \" >\r\n\r\n\t\t\t\t\t\t\t\t\t\t\t\t<a id=\"backforunical1647\" href=\"http:\/\/www.bebo.com\/c\/share?Url=www.fabregat-perulles-sales.com\/actualidad\/wp-json\/wp\/v2\/posts\/1647\"  onclick=\"javascript:void window.open('http:\/\/www.bebo.com\/c\/share?Url=www.fabregat-perulles-sales.com\/actualidad\/wp-json\/wp\/v2\/posts\/1647','1410949501326','width=700,height=500,toolbar=0,menubar=0,location=0,status=1,scrollbars=1,resizable=1,left=0,top=0');return false;\" style=\"background-position: -330px -120px \"><\/a>\r\n\t\t\t\t\t<\/li>\r\n\t\t\t\t\t\t\t\t\t\t<li class=\"none nobackground \" >\r\n\r\n\t\t\t\t\t\t\t\t\t\t\t\t<a id=\"backforunical1647\" href=\"https:\/\/delicious.com\/save?v=5&noui&jump=close&url=www.fabregat-perulles-sales.com\/actualidad\/wp-json\/wp\/v2\/posts\/1647&title=Nuevas normas aplicables a las resoluciones judiciales transfronterizas y a la protecci\u00f3n de las v\u00edctimas de violencia, en el \u00e1mbito de la UE\"  onclick=\"javascript:void window.open('https:\/\/delicious.com\/save?v=5&noui&jump=close&url=www.fabregat-perulles-sales.com\/actualidad\/wp-json\/wp\/v2\/posts\/1647&title=Nuevas normas aplicables a las resoluciones judiciales transfronterizas y a la protecci\u00f3n de las v\u00edctimas de violencia, en el \u00e1mbito de la UE','1410949501326','width=700,height=500,toolbar=0,menubar=0,location=0,status=1,scrollbars=1,resizable=1,left=0,top=0');return false;\" style=\"background-position: -360px -120px \"><\/a>\r\n\t\t\t\t\t<\/li>\r\n\t\t\t\t\t\t\t\t\t\t<li class=\"none nobackground \" >\r\n\r\n\t\t\t\t\t\t\t\t\t\t\t\t<a id=\"backforunical1647\" href=\"http:\/\/www.odnoklassniki.ru\/dk?st.cmd=addShare&st.s=2&st.noresize=on&st._surl=www.fabregat-perulles-sales.com\/actualidad\/wp-json\/wp\/v2\/posts\/1647\"  onclick=\"javascript:void window.open('http:\/\/www.odnoklassniki.ru\/dk?st.cmd=addShare&st.s=2&st.noresize=on&st._surl=www.fabregat-perulles-sales.com\/actualidad\/wp-json\/wp\/v2\/posts\/1647','1410949501326','width=700,height=500,toolbar=0,menubar=0,location=0,status=1,scrollbars=1,resizable=1,left=0,top=0');return false;\" style=\"background-position: -390px -120px \"><\/a>\r\n\t\t\t\t\t<\/li>\r\n\t\t\t\t\t\t\t\t\t\t<li class=\"none nobackground \" >\r\n\r\n\t\t\t\t\t\t\t\t\t\t\t\t<a id=\"backforunical1647\" href=\"http:\/\/sns.qzone.qq.com\/cgi-bin\/qzshare\/cgi_qzshare_onekey?url=www.fabregat-perulles-sales.com\/actualidad\/wp-json\/wp\/v2\/posts\/1647&title=Nuevas normas aplicables a las resoluciones judiciales transfronterizas y a la protecci\u00f3n de las v\u00edctimas de violencia, en el \u00e1mbito de la UE\"  onclick=\"javascript:void window.open('http:\/\/sns.qzone.qq.com\/cgi-bin\/qzshare\/cgi_qzshare_onekey?url=www.fabregat-perulles-sales.com\/actualidad\/wp-json\/wp\/v2\/posts\/1647&title=Nuevas normas aplicables a las resoluciones judiciales transfronterizas y a la protecci\u00f3n de las v\u00edctimas de violencia, en el \u00e1mbito de la UE','1410949501326','width=700,height=500,toolbar=0,menubar=0,location=0,status=1,scrollbars=1,resizable=1,left=0,top=0');return false;\" style=\"background-position: -420px -120px \"><\/a>\r\n\t\t\t\t\t<\/li>\r\n\t\t\t\t\t\t\t\t\t\t<li class=\"none nobackground \" >\r\n\r\n\t\t\t\t\t\t\t\t\t\t\t\t<a id=\"backforunical1647\" href=\"http:\/\/service.weibo.com\/share\/share.php?url=www.fabregat-perulles-sales.com\/actualidad\/wp-json\/wp\/v2\/posts\/1647&appkey=&title=Nuevas normas aplicables a las resoluciones judiciales transfronterizas y a la protecci\u00f3n de las v\u00edctimas de violencia, en el \u00e1mbito de la UE&pic=&ralateUid=&\"  onclick=\"javascript:void window.open('http:\/\/service.weibo.com\/share\/share.php?url=www.fabregat-perulles-sales.com\/actualidad\/wp-json\/wp\/v2\/posts\/1647&appkey=&title=Nuevas normas aplicables a las resoluciones judiciales transfronterizas y a la protecci\u00f3n de las v\u00edctimas de violencia, en el \u00e1mbito de la UE&pic=&ralateUid=&','1410949501326','width=700,height=500,toolbar=0,menubar=0,location=0,status=1,scrollbars=1,resizable=1,left=0,top=0');return false;\" style=\"background-position: -450px -120px \"><\/a>\r\n\t\t\t\t\t<\/li>\r\n\t\t\t\t\t\t\t\t\t\t<li class=\"none nobackground \" >\r\n\r\n\t\t\t\t\t\t\t\t\t\t\t\t<a id=\"backforunical1647\" href=\"http:\/\/widget.renren.com\/dialog\/share?resourceUrl=www.fabregat-perulles-sales.com\/actualidad\/wp-json\/wp\/v2\/posts\/1647&srcUrl=www.fabregat-perulles-sales.com\/actualidad\/wp-json\/wp\/v2\/posts\/1647&title=Nuevas normas aplicables a las resoluciones judiciales transfronterizas y a la protecci\u00f3n de las v\u00edctimas de violencia, en el \u00e1mbito de la UE\"  onclick=\"javascript:void window.open('http:\/\/widget.renren.com\/dialog\/share?resourceUrl=www.fabregat-perulles-sales.com\/actualidad\/wp-json\/wp\/v2\/posts\/1647&srcUrl=www.fabregat-perulles-sales.com\/actualidad\/wp-json\/wp\/v2\/posts\/1647&title=Nuevas normas aplicables a las resoluciones judiciales transfronterizas y a la protecci\u00f3n de las v\u00edctimas de violencia, en el \u00e1mbito de la UE','1410949501326','width=700,height=500,toolbar=0,menubar=0,location=0,status=1,scrollbars=1,resizable=1,left=0,top=0');return false;\" style=\"background-position: -480px -120px \"><\/a>\r\n\t\t\t\t\t<\/li>\r\n\t\t\t\t\t\t\t\t\t\t<li class=\"none nobackground \" >\r\n\r\n\t\t\t\t\t\t\t\t\t\t\t\t<a id=\"backforunical1647\" href=\"http:\/\/n4g.com\/tips?url=www.fabregat-perulles-sales.com\/actualidad\/wp-json\/wp\/v2\/posts\/1647&title=Nuevas normas aplicables a las resoluciones judiciales transfronterizas y a la protecci\u00f3n de las v\u00edctimas de violencia, en el \u00e1mbito de la UE\"  onclick=\"javascript:void window.open('http:\/\/n4g.com\/tips?url=www.fabregat-perulles-sales.com\/actualidad\/wp-json\/wp\/v2\/posts\/1647&title=Nuevas normas aplicables a las resoluciones judiciales transfronterizas y a la protecci\u00f3n de las v\u00edctimas de violencia, en el \u00e1mbito de la UE','1410949501326','width=700,height=500,toolbar=0,menubar=0,location=0,status=1,scrollbars=1,resizable=1,left=0,top=0');return false;\" style=\"background-position: -510px -120px \"><\/a>\r\n\t\t\t\t\t<\/li>\r\n\t\t\t\t\t\t\t\t<\/ul>\r\n\t\t\t<div class=\"clear\"><\/div>\r\n\t\t<\/div>\r\n\t\t","protected":false},"excerpt":{"rendered":"<p>Desde el pasado 10 y 11 de enero de 2015 son aplicables, respectivamente, el Reglamento (UE) 1215\/2012, de 12 de diciembre de 2012, relativo a la competencia judicial, el reconocimiento y la ejecuci\u00f3n de resoluciones en materia civil y comercial,y el Reglamento (UE) 606\/2013, de 12 de junio, relativo al reconocimiento rec\u00edproco de las medidas\u2026 <span class=\"read-more\"><a href=\"https:\/\/www.fabregat-perulles-sales.com\/actualidad\/nuevas-normas-aplicables-a-las-resoluciones-judiciales-transfronterizas-y-a-la-proteccion-de-las-victimas-de-violencia-en-el-ambito-de-la-ue\/\">Read More &raquo;<\/a><\/span><\/p>\n","protected":false},"author":3,"featured_media":0,"comment_status":"open","ping_status":"closed","sticky":false,"template":"","format":"standard","meta":[],"categories":[466,279,3],"tags":[483,486,484,485],"yoast_head":"<!-- This site is optimized with the Yoast SEO plugin v20.2.1 - https:\/\/yoast.com\/wordpress\/plugins\/seo\/ -->\n<title>Nuevas normas aplicables a las resoluciones judiciales transfronterizas y a la protecci\u00f3n de las v\u00edctimas de violencia, en el \u00e1mbito de la UE | International Lawyers<\/title>\n<meta name=\"description\" content=\"Desde el pasado 10 y 11 de enero de 2015 son aplicables, respectivamente, el Reglamento (UE) 1215\/2012, de 12 de diciembre de 2012, relativo a la\" \/>\n<meta name=\"robots\" content=\"index, follow, max-snippet:-1, max-image-preview:large, max-video-preview:-1\" \/>\n<link rel=\"canonical\" href=\"https:\/\/www.fabregat-perulles-sales.com\/actualidad\/nuevas-normas-aplicables-a-las-resoluciones-judiciales-transfronterizas-y-a-la-proteccion-de-las-victimas-de-violencia-en-el-ambito-de-la-ue\/\" \/>\n<meta property=\"og:locale\" content=\"en_US\" \/>\n<meta property=\"og:type\" content=\"article\" \/>\n<meta property=\"og:title\" content=\"Nuevas normas aplicables a las resoluciones judiciales transfronterizas y a la protecci\u00f3n de las v\u00edctimas de violencia, en el \u00e1mbito de la UE | International Lawyers\" \/>\n<meta property=\"og:description\" content=\"Desde el pasado 10 y 11 de enero de 2015 son aplicables, respectivamente, el Reglamento (UE) 1215\/2012, de 12 de diciembre de 2012, relativo a la\" \/>\n<meta property=\"og:url\" content=\"https:\/\/www.fabregat-perulles-sales.com\/actualidad\/nuevas-normas-aplicables-a-las-resoluciones-judiciales-transfronterizas-y-a-la-proteccion-de-las-victimas-de-violencia-en-el-ambito-de-la-ue\/\" \/>\n<meta property=\"og:site_name\" content=\"International Lawyers\" \/>\n<meta property=\"article:published_time\" content=\"2015-01-13T11:54:29+00:00\" \/>\n<meta property=\"article:modified_time\" content=\"2015-02-23T10:14:03+00:00\" \/>\n<meta name=\"author\" content=\"Victor\" \/>\n<meta name=\"twitter:card\" content=\"summary_large_image\" \/>\n<meta name=\"twitter:label1\" content=\"Written by\" \/>\n\t<meta name=\"twitter:data1\" content=\"Victor\" \/>\n\t<meta name=\"twitter:label2\" content=\"Est. reading time\" \/>\n\t<meta name=\"twitter:data2\" content=\"3 minutes\" \/>\n<script type=\"application\/ld+json\" class=\"yoast-schema-graph\">{\"@context\":\"https:\/\/schema.org\",\"@graph\":[{\"@type\":\"WebPage\",\"@id\":\"https:\/\/www.fabregat-perulles-sales.com\/actualidad\/nuevas-normas-aplicables-a-las-resoluciones-judiciales-transfronterizas-y-a-la-proteccion-de-las-victimas-de-violencia-en-el-ambito-de-la-ue\/\",\"url\":\"https:\/\/www.fabregat-perulles-sales.com\/actualidad\/nuevas-normas-aplicables-a-las-resoluciones-judiciales-transfronterizas-y-a-la-proteccion-de-las-victimas-de-violencia-en-el-ambito-de-la-ue\/\",\"name\":\"Nuevas normas aplicables a las resoluciones judiciales transfronterizas y a la protecci\u00f3n de las v\u00edctimas de violencia, en el \u00e1mbito de la UE | International Lawyers\",\"isPartOf\":{\"@id\":\"https:\/\/www.fabregat-perulles-sales.com\/actualidad\/#website\"},\"datePublished\":\"2015-01-13T11:54:29+00:00\",\"dateModified\":\"2015-02-23T10:14:03+00:00\",\"author\":{\"@id\":\"https:\/\/www.fabregat-perulles-sales.com\/actualidad\/#\/schema\/person\/cabc1d68c7778f01d5e069c2d98442e3\"},\"description\":\"Desde el pasado 10 y 11 de enero de 2015 son aplicables, respectivamente, el Reglamento (UE) 1215\/2012, de 12 de diciembre de 2012, relativo a la\",\"breadcrumb\":{\"@id\":\"https:\/\/www.fabregat-perulles-sales.com\/actualidad\/nuevas-normas-aplicables-a-las-resoluciones-judiciales-transfronterizas-y-a-la-proteccion-de-las-victimas-de-violencia-en-el-ambito-de-la-ue\/#breadcrumb\"},\"inLanguage\":\"en-US\",\"potentialAction\":[{\"@type\":\"ReadAction\",\"target\":[\"https:\/\/www.fabregat-perulles-sales.com\/actualidad\/nuevas-normas-aplicables-a-las-resoluciones-judiciales-transfronterizas-y-a-la-proteccion-de-las-victimas-de-violencia-en-el-ambito-de-la-ue\/\"]}]},{\"@type\":\"BreadcrumbList\",\"@id\":\"https:\/\/www.fabregat-perulles-sales.com\/actualidad\/nuevas-normas-aplicables-a-las-resoluciones-judiciales-transfronterizas-y-a-la-proteccion-de-las-victimas-de-violencia-en-el-ambito-de-la-ue\/#breadcrumb\",\"itemListElement\":[{\"@type\":\"ListItem\",\"position\":1,\"name\":\"Home\",\"item\":\"https:\/\/www.fabregat-perulles-sales.com\/actualidad\/\"},{\"@type\":\"ListItem\",\"position\":2,\"name\":\"Nuevas normas aplicables a las resoluciones judiciales transfronterizas y a la protecci\u00f3n de las v\u00edctimas de violencia, en el \u00e1mbito de la UE\"}]},{\"@type\":\"WebSite\",\"@id\":\"https:\/\/www.fabregat-perulles-sales.com\/actualidad\/#website\",\"url\":\"https:\/\/www.fabregat-perulles-sales.com\/actualidad\/\",\"name\":\"www.fabregat-perulles-sales.com\",\"description\":\"Fabregat Perulles Sales Abogados is a law firm of reference international market in the Spanish-German, Spanish-French, and Spanish-Italian. Is one of the first firms in Barcelona offering a Russian Desk.\",\"potentialAction\":[{\"@type\":\"SearchAction\",\"target\":{\"@type\":\"EntryPoint\",\"urlTemplate\":\"https:\/\/www.fabregat-perulles-sales.com\/actualidad\/?s={search_term_string}\"},\"query-input\":\"required name=search_term_string\"}],\"inLanguage\":\"en-US\"},{\"@type\":\"Person\",\"@id\":\"https:\/\/www.fabregat-perulles-sales.com\/actualidad\/#\/schema\/person\/cabc1d68c7778f01d5e069c2d98442e3\",\"name\":\"Victor\",\"image\":{\"@type\":\"ImageObject\",\"inLanguage\":\"en-US\",\"@id\":\"https:\/\/www.fabregat-perulles-sales.com\/actualidad\/#\/schema\/person\/image\/\",\"url\":\"https:\/\/secure.gravatar.com\/avatar\/756cb666a964d2960ffe307b8a53b271?s=96&d=mm&r=g\",\"contentUrl\":\"https:\/\/secure.gravatar.com\/avatar\/756cb666a964d2960ffe307b8a53b271?s=96&d=mm&r=g\",\"caption\":\"Victor\"},\"sameAs\":[\"http:\/\/www.fabregat-perulles-sales.com\"],\"url\":\"https:\/\/www.fabregat-perulles-sales.com\/actualidad\/author\/victor\/\"}]}<\/script>\n<!-- \/ Yoast SEO plugin. -->","yoast_head_json":{"title":"Nuevas normas aplicables a las resoluciones judiciales transfronterizas y a la protecci\u00f3n de las v\u00edctimas de violencia, en el \u00e1mbito de la UE | International Lawyers","description":"Desde el pasado 10 y 11 de enero de 2015 son aplicables, respectivamente, el Reglamento (UE) 1215\/2012, de 12 de diciembre de 2012, relativo a la","robots":{"index":"index","follow":"follow","max-snippet":"max-snippet:-1","max-image-preview":"max-image-preview:large","max-video-preview":"max-video-preview:-1"},"canonical":"https:\/\/www.fabregat-perulles-sales.com\/actualidad\/nuevas-normas-aplicables-a-las-resoluciones-judiciales-transfronterizas-y-a-la-proteccion-de-las-victimas-de-violencia-en-el-ambito-de-la-ue\/","og_locale":"en_US","og_type":"article","og_title":"Nuevas normas aplicables a las resoluciones judiciales transfronterizas y a la protecci\u00f3n de las v\u00edctimas de violencia, en el \u00e1mbito de la UE | International Lawyers","og_description":"Desde el pasado 10 y 11 de enero de 2015 son aplicables, respectivamente, el Reglamento (UE) 1215\/2012, de 12 de diciembre de 2012, relativo a la","og_url":"https:\/\/www.fabregat-perulles-sales.com\/actualidad\/nuevas-normas-aplicables-a-las-resoluciones-judiciales-transfronterizas-y-a-la-proteccion-de-las-victimas-de-violencia-en-el-ambito-de-la-ue\/","og_site_name":"International Lawyers","article_published_time":"2015-01-13T11:54:29+00:00","article_modified_time":"2015-02-23T10:14:03+00:00","author":"Victor","twitter_card":"summary_large_image","twitter_misc":{"Written by":"Victor","Est. reading time":"3 minutes"},"schema":{"@context":"https:\/\/schema.org","@graph":[{"@type":"WebPage","@id":"https:\/\/www.fabregat-perulles-sales.com\/actualidad\/nuevas-normas-aplicables-a-las-resoluciones-judiciales-transfronterizas-y-a-la-proteccion-de-las-victimas-de-violencia-en-el-ambito-de-la-ue\/","url":"https:\/\/www.fabregat-perulles-sales.com\/actualidad\/nuevas-normas-aplicables-a-las-resoluciones-judiciales-transfronterizas-y-a-la-proteccion-de-las-victimas-de-violencia-en-el-ambito-de-la-ue\/","name":"Nuevas normas aplicables a las resoluciones judiciales transfronterizas y a la protecci\u00f3n de las v\u00edctimas de violencia, en el \u00e1mbito de la UE | International Lawyers","isPartOf":{"@id":"https:\/\/www.fabregat-perulles-sales.com\/actualidad\/#website"},"datePublished":"2015-01-13T11:54:29+00:00","dateModified":"2015-02-23T10:14:03+00:00","author":{"@id":"https:\/\/www.fabregat-perulles-sales.com\/actualidad\/#\/schema\/person\/cabc1d68c7778f01d5e069c2d98442e3"},"description":"Desde el pasado 10 y 11 de enero de 2015 son aplicables, respectivamente, el Reglamento (UE) 1215\/2012, de 12 de diciembre de 2012, relativo a la","breadcrumb":{"@id":"https:\/\/www.fabregat-perulles-sales.com\/actualidad\/nuevas-normas-aplicables-a-las-resoluciones-judiciales-transfronterizas-y-a-la-proteccion-de-las-victimas-de-violencia-en-el-ambito-de-la-ue\/#breadcrumb"},"inLanguage":"en-US","potentialAction":[{"@type":"ReadAction","target":["https:\/\/www.fabregat-perulles-sales.com\/actualidad\/nuevas-normas-aplicables-a-las-resoluciones-judiciales-transfronterizas-y-a-la-proteccion-de-las-victimas-de-violencia-en-el-ambito-de-la-ue\/"]}]},{"@type":"BreadcrumbList","@id":"https:\/\/www.fabregat-perulles-sales.com\/actualidad\/nuevas-normas-aplicables-a-las-resoluciones-judiciales-transfronterizas-y-a-la-proteccion-de-las-victimas-de-violencia-en-el-ambito-de-la-ue\/#breadcrumb","itemListElement":[{"@type":"ListItem","position":1,"name":"Home","item":"https:\/\/www.fabregat-perulles-sales.com\/actualidad\/"},{"@type":"ListItem","position":2,"name":"Nuevas normas aplicables a las resoluciones judiciales transfronterizas y a la protecci\u00f3n de las v\u00edctimas de violencia, en el \u00e1mbito de la UE"}]},{"@type":"WebSite","@id":"https:\/\/www.fabregat-perulles-sales.com\/actualidad\/#website","url":"https:\/\/www.fabregat-perulles-sales.com\/actualidad\/","name":"www.fabregat-perulles-sales.com","description":"Fabregat Perulles Sales Abogados is a law firm of reference international market in the Spanish-German, Spanish-French, and Spanish-Italian. Is one of the first firms in Barcelona offering a Russian Desk.","potentialAction":[{"@type":"SearchAction","target":{"@type":"EntryPoint","urlTemplate":"https:\/\/www.fabregat-perulles-sales.com\/actualidad\/?s={search_term_string}"},"query-input":"required name=search_term_string"}],"inLanguage":"en-US"},{"@type":"Person","@id":"https:\/\/www.fabregat-perulles-sales.com\/actualidad\/#\/schema\/person\/cabc1d68c7778f01d5e069c2d98442e3","name":"Victor","image":{"@type":"ImageObject","inLanguage":"en-US","@id":"https:\/\/www.fabregat-perulles-sales.com\/actualidad\/#\/schema\/person\/image\/","url":"https:\/\/secure.gravatar.com\/avatar\/756cb666a964d2960ffe307b8a53b271?s=96&d=mm&r=g","contentUrl":"https:\/\/secure.gravatar.com\/avatar\/756cb666a964d2960ffe307b8a53b271?s=96&d=mm&r=g","caption":"Victor"},"sameAs":["http:\/\/www.fabregat-perulles-sales.com"],"url":"https:\/\/www.fabregat-perulles-sales.com\/actualidad\/author\/victor\/"}]}},"amp_enabled":true,"_links":{"self":[{"href":"https:\/\/www.fabregat-perulles-sales.com\/actualidad\/wp-json\/wp\/v2\/posts\/1647"}],"collection":[{"href":"https:\/\/www.fabregat-perulles-sales.com\/actualidad\/wp-json\/wp\/v2\/posts"}],"about":[{"href":"https:\/\/www.fabregat-perulles-sales.com\/actualidad\/wp-json\/wp\/v2\/types\/post"}],"author":[{"embeddable":true,"href":"https:\/\/www.fabregat-perulles-sales.com\/actualidad\/wp-json\/wp\/v2\/users\/3"}],"replies":[{"embeddable":true,"href":"https:\/\/www.fabregat-perulles-sales.com\/actualidad\/wp-json\/wp\/v2\/comments?post=1647"}],"version-history":[{"count":6,"href":"https:\/\/www.fabregat-perulles-sales.com\/actualidad\/wp-json\/wp\/v2\/posts\/1647\/revisions"}],"predecessor-version":[{"id":1651,"href":"https:\/\/www.fabregat-perulles-sales.com\/actualidad\/wp-json\/wp\/v2\/posts\/1647\/revisions\/1651"}],"wp:attachment":[{"href":"https:\/\/www.fabregat-perulles-sales.com\/actualidad\/wp-json\/wp\/v2\/media?parent=1647"}],"wp:term":[{"taxonomy":"category","embeddable":true,"href":"https:\/\/www.fabregat-perulles-sales.com\/actualidad\/wp-json\/wp\/v2\/categories?post=1647"},{"taxonomy":"post_tag","embeddable":true,"href":"https:\/\/www.fabregat-perulles-sales.com\/actualidad\/wp-json\/wp\/v2\/tags?post=1647"}],"curies":[{"name":"wp","href":"https:\/\/api.w.org\/{rel}","templated":true}]}}