{"id":1336,"date":"2014-11-13T16:39:22","date_gmt":"2014-11-13T14:39:22","guid":{"rendered":"http:\/\/www.fabregat-perulles-sales.com\/actualidad\/?p=1336"},"modified":"2014-11-26T14:22:12","modified_gmt":"2014-11-26T12:22:12","slug":"die-wirtschaftsprognose-des-internationalen-wahrungsfond-2014-2015-ein-langer-weg-zur-genesung","status":"publish","type":"post","link":"https:\/\/www.fabregat-perulles-sales.com\/actualidad\/die-wirtschaftsprognose-des-internationalen-wahrungsfond-2014-2015-ein-langer-weg-zur-genesung\/","title":{"rendered":"Die Wirtschaftsprognose des Internationalen W\u00e4hrungsfond 2014- 2015: Ein langer Weg zur Genesung"},"content":{"rendered":"<p>&nbsp;<\/p>\n<p><a href=\"http:\/\/www.fabregat-perulles-sales.com\/actualidad\/wp-content\/uploads\/2014\/11\/IWF-Wirtschaftswachstum-Spanien.png\"><img decoding=\"async\" loading=\"lazy\" class=\"size-medium wp-image-1345 alignright\" alt=\"IWF Wirtschaftswachstum Spanien\" src=\"http:\/\/www.fabregat-perulles-sales.com\/actualidad\/wp-content\/uploads\/2014\/11\/IWF-Wirtschaftswachstum-Spanien-300x181.png\" width=\"365\" height=\"219\" \/><\/a><\/p>\n<p><b><span style=\"color: #000000; font-family: Calibri; font-size: medium;\">Spanische Wirtschaftsposition gest\u00e4rkt<\/span><\/b><\/p>\n<p><span style=\"color: #000000; font-family: Calibri; font-size: medium;\">Spanien hat jetzt den schwierigsten Teil der Wirtschaftskrise \u00fcberstanden: Externe Nachfrage und ein Anstieg des internen Konsums innerhalb Spaniens haben die finanzielle Situation Spaniens und das Vertrauen in die M\u00e4rkte gest\u00e4rkt. Diese Entwicklung wird reflektiert von den Beobachtungen des Internationalen W\u00e4hrungsfonds (IWF). Als einziges Land der Europ\u00e4ischen Union hat Spanien die von der IWF erstellte Wirtschaftsprognose verbessern k\u00f6nnen. Die in diesem Monat herausgegebene Beobachtung des IWFs sch\u00e4tzt die <strong>Wachstumsrate Spaniens ein Zehntel h\u00f6her f\u00fcr das Jahr 2014<\/strong> (1,2 %) und 2015 (1,6%) als im Juli.<!--more--><\/span><\/p>\n<p><span style=\"color: #000000; font-family: Calibri; font-size: medium;\">\u00a0<\/span><b><span style=\"color: #000000; font-family: Calibri; font-size: medium;\">Die Wachstumsrate des spanischen Bruttoinlandsproduktes (BIP) steigt und die Arbeitslosenquote sinkt.<\/span><\/b><\/p>\n<p><span style=\"font-family: Calibri;\"><span style=\"color: #000000; font-size: medium;\">Im Vergleich zum erwarteten, durchschnittlichen Wachstum des BIP der gesamten Europ\u00e4ischen Union und dem spanischen BIP wird von Letzterem ein 0,5 % h\u00f6heres Wachstum als f\u00fcr das allgemeine durchschnittliche Wachstum des BIP der Europ\u00e4ischen Union erwartet. Ein durchschnittlicher<\/span><span style=\"color: #000000; font-size: medium;\">\u00a0 <\/span><span style=\"color: #000000; font-size: medium;\">Zuwachs von<strong> 0,8 %<\/strong> wird in 2014 f\u00fcr die <strong>Europ\u00e4ische Union<\/strong> erwartet, w\u00e4hrend <strong>f\u00fcr Spaniens BIP ein Wachstum von 1,3% prognostiziert wird<\/strong>. Weiterhin wird die Wachstumsrate Spaniens f\u00fcr die letzten drei Monate dieses Jahres auf sogar 2,0% gesch\u00e4tzt. 2015 soll das spanische BIP um sch\u00e4tzungsweise 1,7% ansteigen. Dies sind immer noch vier Zehntel Prozent h\u00f6her als f\u00fcr die Wachstumsrate der Union erwartet werden und zwei Zehntel mehr als f\u00fcr Deutschland prognostiziert.<\/span><\/span><\/p>\n<p><span style=\"color: #000000; font-family: Calibri; font-size: medium;\">Die erwartete <strong>Arbeitslosenquote<\/strong> hat sich seit der letzten Prognose vom Juli diesen Jahres <strong>gebessert<\/strong>: Ein R\u00fcckgang von drei Zehnteln wird f\u00fcr das Jahr 2014 erwartet. Die durchschnittliche Arbeitslosenquote wird den Prognosen zu Folge um weitere 1,1% im Jahr 2015 sinken.<\/span><\/p>\n<p><b><span style=\"color: #000000; font-family: Calibri; font-size: medium;\">Weitere Mittel zur St\u00e4rkung der spanischen Wirtschaft<\/span><\/b><\/p>\n<p><span style=\"color: #000000; font-family: Calibri; font-size: medium;\">Um weitere positive Ergebnisse zu f\u00f6rdern, hat das Spanische Ministerium f\u00fcr Wirtschaft und Wettbewerb vor kurzem neue Mittel im Rahmen des Planes ICEX beschlossen, um die Internationalisierung der Wirtschaft zu f\u00f6rdern und ausl\u00e4ndischen <strong>Investitionen<\/strong> innerhalb Spaniens <strong>Anreize<\/strong> zu liefern. Die Firmen k\u00f6nnen sich mit maximal zwei Projekten parallel innerhalb der Zielbereiche bewerben, um eine finanzielle <strong>Unterst\u00fctzung<\/strong> von <strong>maximal 65.000\u20ac<\/strong> zu erhalten.<\/span><\/p>\n<p><span style=\"color: #000000; font-family: Calibri; font-size: medium;\">Der spanische Minister f\u00fcr Wirtschaft und Wettbewerb sieht weitere positive \u00dcberraschungen im Arbeitsmarkt f\u00fcr die n\u00e4chsten Jahre voraus.<\/span><\/p>\n<p><span style=\"color: #000000; font-family: Calibri; font-size: medium;\">Ungeachtet dieser optimistischen Prognosen muss Spanien noch weiter an sich arbeiten. Wie vom IWF formuliert, ist die Umsetzung zus\u00e4tzlicher Reformen offensichtlich ein elementarer Schritt zur L\u00f6sung von Spaniens Hauptproblemen. Daneben ist die Ausf\u00fchrung bisheriger Reformen notwendig, um wenigstens den Herausforderungen entgegenzutreten, die Spaniens Wirtschaft derzeit beeinflussen.<\/span><\/p>\n<p><span style=\"color: #000000; font-family: Calibri; font-size: medium;\">Die vorhergesagten Reformen sollten zu den folgenden Erfolgen bei optimistischer Betrachtung f\u00fchren: ein Nachlass der Schulden im Privatsektor, eine Verbesserung des Arbeitsmarktes ( besonders in Bezug auf die hohe Jugendarbeitslosigkeitsrate), ein Anstieg der indirekten Steuern, wie MwSt, <span style=\"color: #000000;\">und zur Reduzierung der Sozialbeitr\u00e4ge<\/span>.<\/span><\/p>\n<p>&nbsp;<\/p>\n\r\n\t\t<style>\r\n\t\t\t.huge-it-share-buttons {\r\n\t\t\t\tborder:0px solid #0FB5D6;\r\n\t\t\t\tborder-radius:5px;\r\n\t\t\t\tbackground:#3BD8FF;\r\n\t\t\t text-align:left; \t\t\t\t\t\t\t\t\t}\r\n\r\n\t\t\t#huge-it-share-buttons-top {margin-bottom:0px;}\r\n\t\t\t#huge-it-share-buttons-bottom {margin-top:0px;}\r\n\r\n\t\t\t.huge-it-share-buttons h3 {\r\n\t\t\t\tfont-size:25px ;\r\n\t\t\t\tfont-family:Arial,Helvetica Neue,Helvetica,sans-serif;\r\n\t\t\t\tcolor:#666666;\r\n\r\n\t\t\tdisplay:block;\t\t\t\tline-height:25px ;\r\n\r\n\t\t\t text-align:left; \t\t\t\t\t\t\t\t\t}\r\n\r\n\t\t\t.huge-it-share-buttons ul {\r\n\t\t\t float:left; \t\t\t\t\t\t\t\t\t}\r\n\r\n\t\t\t.huge-it-share-buttons ul li {\r\n\t\t\t\tmargin-left:3px;\r\n\t\t\t\tmargin-right:3px;\r\n\t\t\t\tpadding:0px;\r\n\t\t\t\tborder:0px ridge #E6354C;\r\n\t\t\t\tborder-radius:11px;\r\n\t\t\t\tbackground-color:#14CC9B;\r\n\t\t\t}\r\n\r\n\t\t\t.huge-it-share-buttons ul li #backforunical1336 {\r\n\t\t\t\tborder-bottom: 0;\r\n\t\t\t\tbackground-image:url('https:\/\/www.fabregat-perulles-sales.com\/actualidad\/wp-content\/plugins\/wp-share-buttons\/Front_end\/..\/images\/buttons.30.png');\r\n\t\t\t\twidth:30px;\r\n\t\t\t\theight:30px;\r\n\t\t\t}\r\n\r\n\t\t\t.front-shares-count {\r\n\t\t\t\tposition: absolute;\r\n\t\t\t\ttext-align: center;\r\n\t\t\t\tdisplay: block;\r\n\t\t\t}\r\n\r\n\t\t\t.shares_size20 .front-shares-count {\r\n\t\t\t\tfont-size: 10px;\r\n\t\t\t\ttop: 10px;\r\n\t\t\t\twidth: 20px;\r\n\t\t\t}\r\n\r\n\t\t\t.shares_size30 .front-shares-count {\r\n\t\t\t\tfont-size: 11px;\r\n\t\t\t\ttop: 15px;\r\n\t\t\t\twidth: 30px;\r\n\t\t\t}\r\n\r\n\t\t\t.shares_size40 .front-shares-count {\r\n\t\t\t\tfont-size: 12px;\r\n\t\t\t\ttop: 21px;\r\n\t\t\t\twidth: 40px;\r\n\t\t\t}\r\n\t\t<\/style>\r\n\t\t\r\n\t\t<div id=\"huge-it-share-buttons-top\" class=\"huge-it-share-buttons nobackground\">\r\n\t\t\t<h3>Share This:<\/h3>\r\n\t\t\t<ul class=\"huge-it-share-buttons-list \">\r\n\t\t\t\t\t\t\t\t\t<li class=\"nobackground \" >\r\n\r\n\t\t\t\t\t\t\t\t\t\t\t\t<a id=\"backforunical1336\" href=\"https:\/\/www.facebook.com\/sharer\/sharer.php?u=www.fabregat-perulles-sales.com\/actualidad\/wp-json\/wp\/v2\/posts\/1336\"  onclick=\"javascript:void window.open('https:\/\/www.facebook.com\/sharer\/sharer.php?u=www.fabregat-perulles-sales.com\/actualidad\/wp-json\/wp\/v2\/posts\/1336','1410949501326','width=700,height=500,toolbar=0,menubar=0,location=0,status=1,scrollbars=1,resizable=1,left=0,top=0');return false;\" style=\"background-position: -0px -120px \"><\/a>\r\n\t\t\t\t\t<\/li>\r\n\t\t\t\t\t\t\t\t\t\t<li class=\"nobackground \" >\r\n\r\n\t\t\t\t\t\t\t\t\t\t\t\t<a id=\"backforunical1336\" href=\"https:\/\/twitter.com\/share?status=www.fabregat-perulles-sales.com\/actualidad\/wp-json\/wp\/v2\/posts\/1336&text=Die Wirtschaftsprognose des Internationalen W\u00e4hrungsfond 2014- 2015: Ein langer Weg zur Genesung\"  onclick=\"javascript:void window.open('https:\/\/twitter.com\/share?status=www.fabregat-perulles-sales.com\/actualidad\/wp-json\/wp\/v2\/posts\/1336&text=Die Wirtschaftsprognose des Internationalen W\u00e4hrungsfond 2014- 2015: Ein langer Weg zur Genesung','1410949501326','width=700,height=500,toolbar=0,menubar=0,location=0,status=1,scrollbars=1,resizable=1,left=0,top=0');return false;\" style=\"background-position: -30px -120px \"><\/a>\r\n\t\t\t\t\t<\/li>\r\n\t\t\t\t\t\t\t\t\t\t<li class=\"none nobackground \" >\r\n\r\n\t\t\t\t\t\t\t\t\t\t\t\t<a id=\"backforunical1336\" href=\"http:\/\/www.pinterest.com\/pin\/create\/button\/?url=www.fabregat-perulles-sales.com\/actualidad\/wp-json\/wp\/v2\/posts\/1336&media=https:\/\/www.fabregat-perulles-sales.com\/actualidad\/wp-content\/plugins\/wp-share-buttons\/Front_end\/..\/images\/noimage.png&description=Die Wirtschaftsprognose des Internationalen W\u00e4hrungsfond 2014- 2015: Ein langer Weg zur Genesung\"  onclick=\"javascript:void window.open('http:\/\/www.pinterest.com\/pin\/create\/button\/?url=www.fabregat-perulles-sales.com\/actualidad\/wp-json\/wp\/v2\/posts\/1336&media=https:\/\/www.fabregat-perulles-sales.com\/actualidad\/wp-content\/plugins\/wp-share-buttons\/Front_end\/..\/images\/noimage.png&description=Die Wirtschaftsprognose des Internationalen W\u00e4hrungsfond 2014- 2015: Ein langer Weg zur Genesung','1410949501326','width=700,height=500,toolbar=0,menubar=0,location=0,status=1,scrollbars=1,resizable=1,left=0,top=0');return false;\" style=\"background-position: -60px -120px \"><\/a>\r\n\t\t\t\t\t<\/li>\r\n\t\t\t\t\t\t\t\t\t\t<li class=\"none nobackground \" >\r\n\r\n\t\t\t\t\t\t\t\t\t\t\t\t<a id=\"backforunical1336\" href=\"https:\/\/plus.google.com\/share?url=www.fabregat-perulles-sales.com\/actualidad\/wp-json\/wp\/v2\/posts\/1336\"  onclick=\"javascript:void window.open('https:\/\/plus.google.com\/share?url=www.fabregat-perulles-sales.com\/actualidad\/wp-json\/wp\/v2\/posts\/1336','1410949501326','width=700,height=500,toolbar=0,menubar=0,location=0,status=1,scrollbars=1,resizable=1,left=0,top=0');return false;\" style=\"background-position: -90px -120px \"><\/a>\r\n\t\t\t\t\t<\/li>\r\n\t\t\t\t\t\t\t\t\t\t<li class=\"nobackground \" >\r\n\r\n\t\t\t\t\t\t\t\t\t\t\t\t<a id=\"backforunical1336\" href=\"https:\/\/www.linkedin.com\/shareArticle?title=Die Wirtschaftsprognose des Internationalen W\u00e4hrungsfond 2014- 2015: Ein langer Weg zur Genesung&mini=true&url=https:\/\/www.fabregat-perulles-sales.com\/actualidad\/wp-json\/wp\/v2\/posts\/1336\"  onclick=\"javascript:void window.open('https:\/\/www.linkedin.com\/shareArticle?title=Die Wirtschaftsprognose des Internationalen W\u00e4hrungsfond 2014- 2015: Ein langer Weg zur Genesung&mini=true&url=https:\/\/www.fabregat-perulles-sales.com\/actualidad\/wp-json\/wp\/v2\/posts\/1336','1410949501326','width=700,height=500,toolbar=0,menubar=0,location=0,status=1,scrollbars=1,resizable=1,left=0,top=0');return false;\" style=\"background-position: -120px -120px \"><\/a>\r\n\t\t\t\t\t<\/li>\r\n\t\t\t\t\t\t\t\t\t\t<li class=\"none nobackground \" >\r\n\r\n\t\t\t\t\t\t\t\t\t\t\t\t<a id=\"backforunical1336\" href=\"https:\/\/www.tumblr.com\/share\/link?url=www.fabregat-perulles-sales.com\/actualidad\/wp-json\/wp\/v2\/posts\/1336&name=Die Wirtschaftsprognose des Internationalen W\u00e4hrungsfond 2014- 2015: Ein langer Weg zur Genesung\"  onclick=\"javascript:void window.open('https:\/\/www.tumblr.com\/share\/link?url=www.fabregat-perulles-sales.com\/actualidad\/wp-json\/wp\/v2\/posts\/1336&name=Die Wirtschaftsprognose des Internationalen W\u00e4hrungsfond 2014- 2015: Ein langer Weg zur Genesung','1410949501326','width=700,height=500,toolbar=0,menubar=0,location=0,status=1,scrollbars=1,resizable=1,left=0,top=0');return false;\" style=\"background-position: -150px -120px \"><\/a>\r\n\t\t\t\t\t<\/li>\r\n\t\t\t\t\t\t\t\t\t\t<li class=\"none nobackground \" >\r\n\r\n\t\t\t\t\t\t\t\t\t\t\t\t<a id=\"backforunical1336\" href=\"http:\/\/digg.com\/submit?phase=2&url=www.fabregat-perulles-sales.com\/actualidad\/wp-json\/wp\/v2\/posts\/1336&title=Die Wirtschaftsprognose des Internationalen W\u00e4hrungsfond 2014- 2015: Ein langer Weg zur Genesung\"  onclick=\"javascript:void window.open('http:\/\/digg.com\/submit?phase=2&url=www.fabregat-perulles-sales.com\/actualidad\/wp-json\/wp\/v2\/posts\/1336&title=Die Wirtschaftsprognose des Internationalen W\u00e4hrungsfond 2014- 2015: Ein langer Weg zur Genesung','1410949501326','width=700,height=500,toolbar=0,menubar=0,location=0,status=1,scrollbars=1,resizable=1,left=0,top=0');return false;\" style=\"background-position: -180px -120px \"><\/a>\r\n\t\t\t\t\t<\/li>\r\n\t\t\t\t\t\t\t\t\t\t<li class=\"none nobackground \" >\r\n\r\n\t\t\t\t\t\t\t\t\t\t\t\t<a id=\"backforunical1336\" href=\"http:\/\/www.stumbleupon.com\/submit?url=www.fabregat-perulles-sales.com\/actualidad\/wp-json\/wp\/v2\/posts\/1336&title=Die Wirtschaftsprognose des Internationalen W\u00e4hrungsfond 2014- 2015: Ein langer Weg zur Genesung\"  onclick=\"javascript:void window.open('http:\/\/www.stumbleupon.com\/submit?url=www.fabregat-perulles-sales.com\/actualidad\/wp-json\/wp\/v2\/posts\/1336&title=Die Wirtschaftsprognose des Internationalen W\u00e4hrungsfond 2014- 2015: Ein langer Weg zur Genesung','1410949501326','width=700,height=500,toolbar=0,menubar=0,location=0,status=1,scrollbars=1,resizable=1,left=0,top=0');return false;\" style=\"background-position: -210px -120px \"><\/a>\r\n\t\t\t\t\t<\/li>\r\n\t\t\t\t\t\t\t\t\t\t<li class=\"none nobackground \" >\r\n\r\n\t\t\t\t\t\t\t\t\t\t\t\t<a id=\"backforunical1336\" href=\"https:\/\/myspace.com\/post?l=3&u=www.fabregat-perulles-sales.com\/actualidad\/wp-json\/wp\/v2\/posts\/1336\"  onclick=\"javascript:void window.open('https:\/\/myspace.com\/post?l=3&u=www.fabregat-perulles-sales.com\/actualidad\/wp-json\/wp\/v2\/posts\/1336','1410949501326','width=700,height=500,toolbar=0,menubar=0,location=0,status=1,scrollbars=1,resizable=1,left=0,top=0');return false;\" style=\"background-position: -240px -120px \"><\/a>\r\n\t\t\t\t\t<\/li>\r\n\t\t\t\t\t\t\t\t\t\t<li class=\"nobackground \" >\r\n\r\n\t\t\t\t\t\t\t\t\t\t\t\t<a id=\"backforunical1336\" href=\"http:\/\/vk.com\/share.php?url=www.fabregat-perulles-sales.com\/actualidad\/wp-json\/wp\/v2\/posts\/1336&title=Die Wirtschaftsprognose des Internationalen W\u00e4hrungsfond 2014- 2015: Ein langer Weg zur Genesung\"  onclick=\"javascript:void window.open('http:\/\/vk.com\/share.php?url=www.fabregat-perulles-sales.com\/actualidad\/wp-json\/wp\/v2\/posts\/1336&title=Die Wirtschaftsprognose des Internationalen W\u00e4hrungsfond 2014- 2015: Ein langer Weg zur Genesung','1410949501326','width=700,height=500,toolbar=0,menubar=0,location=0,status=1,scrollbars=1,resizable=1,left=0,top=0');return false;\" style=\"background-position: -270px -120px \"><\/a>\r\n\t\t\t\t\t<\/li>\r\n\t\t\t\t\t\t\t\t\t\t<li class=\"none nobackground \" >\r\n\r\n\t\t\t\t\t\t\t\t\t\t\t\t<a id=\"backforunical1336\" href=\"http:\/\/www.reddit.com\/submit?url=www.fabregat-perulles-sales.com\/actualidad\/wp-json\/wp\/v2\/posts\/1336&title=Die Wirtschaftsprognose des Internationalen W\u00e4hrungsfond 2014- 2015: Ein langer Weg zur Genesung\"  onclick=\"javascript:void window.open('http:\/\/www.reddit.com\/submit?url=www.fabregat-perulles-sales.com\/actualidad\/wp-json\/wp\/v2\/posts\/1336&title=Die Wirtschaftsprognose des Internationalen W\u00e4hrungsfond 2014- 2015: Ein langer Weg zur Genesung','1410949501326','width=700,height=500,toolbar=0,menubar=0,location=0,status=1,scrollbars=1,resizable=1,left=0,top=0');return false;\" style=\"background-position: -300px -120px \"><\/a>\r\n\t\t\t\t\t<\/li>\r\n\t\t\t\t\t\t\t\t\t\t<li class=\"none nobackground \" >\r\n\r\n\t\t\t\t\t\t\t\t\t\t\t\t<a id=\"backforunical1336\" href=\"http:\/\/www.bebo.com\/c\/share?Url=www.fabregat-perulles-sales.com\/actualidad\/wp-json\/wp\/v2\/posts\/1336\"  onclick=\"javascript:void window.open('http:\/\/www.bebo.com\/c\/share?Url=www.fabregat-perulles-sales.com\/actualidad\/wp-json\/wp\/v2\/posts\/1336','1410949501326','width=700,height=500,toolbar=0,menubar=0,location=0,status=1,scrollbars=1,resizable=1,left=0,top=0');return false;\" style=\"background-position: -330px -120px \"><\/a>\r\n\t\t\t\t\t<\/li>\r\n\t\t\t\t\t\t\t\t\t\t<li class=\"none nobackground \" >\r\n\r\n\t\t\t\t\t\t\t\t\t\t\t\t<a id=\"backforunical1336\" href=\"https:\/\/delicious.com\/save?v=5&noui&jump=close&url=www.fabregat-perulles-sales.com\/actualidad\/wp-json\/wp\/v2\/posts\/1336&title=Die Wirtschaftsprognose des Internationalen W\u00e4hrungsfond 2014- 2015: Ein langer Weg zur Genesung\"  onclick=\"javascript:void window.open('https:\/\/delicious.com\/save?v=5&noui&jump=close&url=www.fabregat-perulles-sales.com\/actualidad\/wp-json\/wp\/v2\/posts\/1336&title=Die Wirtschaftsprognose des Internationalen W\u00e4hrungsfond 2014- 2015: Ein langer Weg zur Genesung','1410949501326','width=700,height=500,toolbar=0,menubar=0,location=0,status=1,scrollbars=1,resizable=1,left=0,top=0');return false;\" style=\"background-position: -360px -120px \"><\/a>\r\n\t\t\t\t\t<\/li>\r\n\t\t\t\t\t\t\t\t\t\t<li class=\"none nobackground \" >\r\n\r\n\t\t\t\t\t\t\t\t\t\t\t\t<a id=\"backforunical1336\" href=\"http:\/\/www.odnoklassniki.ru\/dk?st.cmd=addShare&st.s=2&st.noresize=on&st._surl=www.fabregat-perulles-sales.com\/actualidad\/wp-json\/wp\/v2\/posts\/1336\"  onclick=\"javascript:void window.open('http:\/\/www.odnoklassniki.ru\/dk?st.cmd=addShare&st.s=2&st.noresize=on&st._surl=www.fabregat-perulles-sales.com\/actualidad\/wp-json\/wp\/v2\/posts\/1336','1410949501326','width=700,height=500,toolbar=0,menubar=0,location=0,status=1,scrollbars=1,resizable=1,left=0,top=0');return false;\" style=\"background-position: -390px -120px \"><\/a>\r\n\t\t\t\t\t<\/li>\r\n\t\t\t\t\t\t\t\t\t\t<li class=\"none nobackground \" >\r\n\r\n\t\t\t\t\t\t\t\t\t\t\t\t<a id=\"backforunical1336\" href=\"http:\/\/sns.qzone.qq.com\/cgi-bin\/qzshare\/cgi_qzshare_onekey?url=www.fabregat-perulles-sales.com\/actualidad\/wp-json\/wp\/v2\/posts\/1336&title=Die Wirtschaftsprognose des Internationalen W\u00e4hrungsfond 2014- 2015: Ein langer Weg zur Genesung\"  onclick=\"javascript:void window.open('http:\/\/sns.qzone.qq.com\/cgi-bin\/qzshare\/cgi_qzshare_onekey?url=www.fabregat-perulles-sales.com\/actualidad\/wp-json\/wp\/v2\/posts\/1336&title=Die Wirtschaftsprognose des Internationalen W\u00e4hrungsfond 2014- 2015: Ein langer Weg zur Genesung','1410949501326','width=700,height=500,toolbar=0,menubar=0,location=0,status=1,scrollbars=1,resizable=1,left=0,top=0');return false;\" style=\"background-position: -420px -120px \"><\/a>\r\n\t\t\t\t\t<\/li>\r\n\t\t\t\t\t\t\t\t\t\t<li class=\"none nobackground \" >\r\n\r\n\t\t\t\t\t\t\t\t\t\t\t\t<a id=\"backforunical1336\" href=\"http:\/\/service.weibo.com\/share\/share.php?url=www.fabregat-perulles-sales.com\/actualidad\/wp-json\/wp\/v2\/posts\/1336&appkey=&title=Die Wirtschaftsprognose des Internationalen W\u00e4hrungsfond 2014- 2015: Ein langer Weg zur Genesung&pic=&ralateUid=&\"  onclick=\"javascript:void window.open('http:\/\/service.weibo.com\/share\/share.php?url=www.fabregat-perulles-sales.com\/actualidad\/wp-json\/wp\/v2\/posts\/1336&appkey=&title=Die Wirtschaftsprognose des Internationalen W\u00e4hrungsfond 2014- 2015: Ein langer Weg zur Genesung&pic=&ralateUid=&','1410949501326','width=700,height=500,toolbar=0,menubar=0,location=0,status=1,scrollbars=1,resizable=1,left=0,top=0');return false;\" style=\"background-position: -450px -120px \"><\/a>\r\n\t\t\t\t\t<\/li>\r\n\t\t\t\t\t\t\t\t\t\t<li class=\"none nobackground \" >\r\n\r\n\t\t\t\t\t\t\t\t\t\t\t\t<a id=\"backforunical1336\" href=\"http:\/\/widget.renren.com\/dialog\/share?resourceUrl=www.fabregat-perulles-sales.com\/actualidad\/wp-json\/wp\/v2\/posts\/1336&srcUrl=www.fabregat-perulles-sales.com\/actualidad\/wp-json\/wp\/v2\/posts\/1336&title=Die Wirtschaftsprognose des Internationalen W\u00e4hrungsfond 2014- 2015: Ein langer Weg zur Genesung\"  onclick=\"javascript:void window.open('http:\/\/widget.renren.com\/dialog\/share?resourceUrl=www.fabregat-perulles-sales.com\/actualidad\/wp-json\/wp\/v2\/posts\/1336&srcUrl=www.fabregat-perulles-sales.com\/actualidad\/wp-json\/wp\/v2\/posts\/1336&title=Die Wirtschaftsprognose des Internationalen W\u00e4hrungsfond 2014- 2015: Ein langer Weg zur Genesung','1410949501326','width=700,height=500,toolbar=0,menubar=0,location=0,status=1,scrollbars=1,resizable=1,left=0,top=0');return false;\" style=\"background-position: -480px -120px \"><\/a>\r\n\t\t\t\t\t<\/li>\r\n\t\t\t\t\t\t\t\t\t\t<li class=\"none nobackground \" >\r\n\r\n\t\t\t\t\t\t\t\t\t\t\t\t<a id=\"backforunical1336\" href=\"http:\/\/n4g.com\/tips?url=www.fabregat-perulles-sales.com\/actualidad\/wp-json\/wp\/v2\/posts\/1336&title=Die Wirtschaftsprognose des Internationalen W\u00e4hrungsfond 2014- 2015: Ein langer Weg zur Genesung\"  onclick=\"javascript:void window.open('http:\/\/n4g.com\/tips?url=www.fabregat-perulles-sales.com\/actualidad\/wp-json\/wp\/v2\/posts\/1336&title=Die Wirtschaftsprognose des Internationalen W\u00e4hrungsfond 2014- 2015: Ein langer Weg zur Genesung','1410949501326','width=700,height=500,toolbar=0,menubar=0,location=0,status=1,scrollbars=1,resizable=1,left=0,top=0');return false;\" style=\"background-position: -510px -120px \"><\/a>\r\n\t\t\t\t\t<\/li>\r\n\t\t\t\t\t\t\t\t<\/ul>\r\n\t\t\t<div class=\"clear\"><\/div>\r\n\t\t<\/div>\r\n\t\t","protected":false},"excerpt":{"rendered":"<p>&nbsp; Spanische Wirtschaftsposition gest\u00e4rkt Spanien hat jetzt den schwierigsten Teil der Wirtschaftskrise \u00fcberstanden: Externe Nachfrage und ein Anstieg des internen Konsums innerhalb Spaniens haben die finanzielle Situation Spaniens und das Vertrauen in die M\u00e4rkte gest\u00e4rkt. Diese Entwicklung wird reflektiert von den Beobachtungen des Internationalen W\u00e4hrungsfonds (IWF). Als einziges Land der Europ\u00e4ischen Union hat Spanien die\u2026 <span class=\"read-more\"><a href=\"https:\/\/www.fabregat-perulles-sales.com\/actualidad\/die-wirtschaftsprognose-des-internationalen-wahrungsfond-2014-2015-ein-langer-weg-zur-genesung\/\">Read More &raquo;<\/a><\/span><\/p>\n","protected":false},"author":3,"featured_media":0,"comment_status":"open","ping_status":"closed","sticky":false,"template":"","format":"standard","meta":[],"categories":[468,458],"tags":[462,461,463],"yoast_head":"<!-- This site is optimized with the Yoast SEO plugin v20.2.1 - https:\/\/yoast.com\/wordpress\/plugins\/seo\/ -->\n<title>Die Wirtschaftsprognose des Internationalen W\u00e4hrungsfond 2014- 2015: Ein langer Weg zur Genesung | International Lawyers<\/title>\n<meta name=\"description\" content=\"&nbsp; Spanische Wirtschaftsposition gest\u00e4rkt Spanien hat jetzt den schwierigsten Teil der Wirtschaftskrise \u00fcberstanden: Externe Nachfrage und ein Anstieg\" \/>\n<meta name=\"robots\" content=\"index, follow, max-snippet:-1, max-image-preview:large, max-video-preview:-1\" \/>\n<link rel=\"canonical\" href=\"https:\/\/www.fabregat-perulles-sales.com\/actualidad\/die-wirtschaftsprognose-des-internationalen-wahrungsfond-2014-2015-ein-langer-weg-zur-genesung\/\" \/>\n<meta property=\"og:locale\" content=\"en_US\" \/>\n<meta property=\"og:type\" content=\"article\" \/>\n<meta property=\"og:title\" content=\"Die Wirtschaftsprognose des Internationalen W\u00e4hrungsfond 2014- 2015: Ein langer Weg zur Genesung | International Lawyers\" \/>\n<meta property=\"og:description\" content=\"&nbsp; Spanische Wirtschaftsposition gest\u00e4rkt Spanien hat jetzt den schwierigsten Teil der Wirtschaftskrise \u00fcberstanden: Externe Nachfrage und ein Anstieg\" \/>\n<meta property=\"og:url\" content=\"https:\/\/www.fabregat-perulles-sales.com\/actualidad\/die-wirtschaftsprognose-des-internationalen-wahrungsfond-2014-2015-ein-langer-weg-zur-genesung\/\" \/>\n<meta property=\"og:site_name\" content=\"International Lawyers\" \/>\n<meta property=\"article:published_time\" content=\"2014-11-13T14:39:22+00:00\" \/>\n<meta property=\"article:modified_time\" content=\"2014-11-26T12:22:12+00:00\" \/>\n<meta property=\"og:image\" content=\"http:\/\/www.fabregat-perulles-sales.com\/actualidad\/wp-content\/uploads\/2014\/11\/IWF-Wirtschaftswachstum-Spanien-300x181.png\" \/>\n<meta name=\"author\" content=\"Victor\" \/>\n<meta name=\"twitter:card\" content=\"summary_large_image\" \/>\n<meta name=\"twitter:label1\" content=\"Written by\" \/>\n\t<meta name=\"twitter:data1\" content=\"Victor\" \/>\n\t<meta name=\"twitter:label2\" content=\"Est. reading time\" \/>\n\t<meta name=\"twitter:data2\" content=\"2 minutes\" \/>\n<script type=\"application\/ld+json\" class=\"yoast-schema-graph\">{\"@context\":\"https:\/\/schema.org\",\"@graph\":[{\"@type\":\"WebPage\",\"@id\":\"https:\/\/www.fabregat-perulles-sales.com\/actualidad\/die-wirtschaftsprognose-des-internationalen-wahrungsfond-2014-2015-ein-langer-weg-zur-genesung\/\",\"url\":\"https:\/\/www.fabregat-perulles-sales.com\/actualidad\/die-wirtschaftsprognose-des-internationalen-wahrungsfond-2014-2015-ein-langer-weg-zur-genesung\/\",\"name\":\"Die Wirtschaftsprognose des Internationalen W\u00e4hrungsfond 2014- 2015: Ein langer Weg zur Genesung | International Lawyers\",\"isPartOf\":{\"@id\":\"https:\/\/www.fabregat-perulles-sales.com\/actualidad\/#website\"},\"datePublished\":\"2014-11-13T14:39:22+00:00\",\"dateModified\":\"2014-11-26T12:22:12+00:00\",\"author\":{\"@id\":\"https:\/\/www.fabregat-perulles-sales.com\/actualidad\/#\/schema\/person\/cabc1d68c7778f01d5e069c2d98442e3\"},\"description\":\"&nbsp; Spanische Wirtschaftsposition gest\u00e4rkt Spanien hat jetzt den schwierigsten Teil der Wirtschaftskrise \u00fcberstanden: Externe Nachfrage und ein Anstieg\",\"breadcrumb\":{\"@id\":\"https:\/\/www.fabregat-perulles-sales.com\/actualidad\/die-wirtschaftsprognose-des-internationalen-wahrungsfond-2014-2015-ein-langer-weg-zur-genesung\/#breadcrumb\"},\"inLanguage\":\"en-US\",\"potentialAction\":[{\"@type\":\"ReadAction\",\"target\":[\"https:\/\/www.fabregat-perulles-sales.com\/actualidad\/die-wirtschaftsprognose-des-internationalen-wahrungsfond-2014-2015-ein-langer-weg-zur-genesung\/\"]}]},{\"@type\":\"BreadcrumbList\",\"@id\":\"https:\/\/www.fabregat-perulles-sales.com\/actualidad\/die-wirtschaftsprognose-des-internationalen-wahrungsfond-2014-2015-ein-langer-weg-zur-genesung\/#breadcrumb\",\"itemListElement\":[{\"@type\":\"ListItem\",\"position\":1,\"name\":\"Home\",\"item\":\"https:\/\/www.fabregat-perulles-sales.com\/actualidad\/\"},{\"@type\":\"ListItem\",\"position\":2,\"name\":\"Die Wirtschaftsprognose des Internationalen W\u00e4hrungsfond 2014- 2015: Ein langer Weg zur Genesung\"}]},{\"@type\":\"WebSite\",\"@id\":\"https:\/\/www.fabregat-perulles-sales.com\/actualidad\/#website\",\"url\":\"https:\/\/www.fabregat-perulles-sales.com\/actualidad\/\",\"name\":\"www.fabregat-perulles-sales.com\",\"description\":\"Fabregat Perulles Sales Abogados is a law firm of reference international market in the Spanish-German, Spanish-French, and Spanish-Italian. Is one of the first firms in Barcelona offering a Russian Desk.\",\"potentialAction\":[{\"@type\":\"SearchAction\",\"target\":{\"@type\":\"EntryPoint\",\"urlTemplate\":\"https:\/\/www.fabregat-perulles-sales.com\/actualidad\/?s={search_term_string}\"},\"query-input\":\"required name=search_term_string\"}],\"inLanguage\":\"en-US\"},{\"@type\":\"Person\",\"@id\":\"https:\/\/www.fabregat-perulles-sales.com\/actualidad\/#\/schema\/person\/cabc1d68c7778f01d5e069c2d98442e3\",\"name\":\"Victor\",\"image\":{\"@type\":\"ImageObject\",\"inLanguage\":\"en-US\",\"@id\":\"https:\/\/www.fabregat-perulles-sales.com\/actualidad\/#\/schema\/person\/image\/\",\"url\":\"https:\/\/secure.gravatar.com\/avatar\/756cb666a964d2960ffe307b8a53b271?s=96&d=mm&r=g\",\"contentUrl\":\"https:\/\/secure.gravatar.com\/avatar\/756cb666a964d2960ffe307b8a53b271?s=96&d=mm&r=g\",\"caption\":\"Victor\"},\"sameAs\":[\"http:\/\/www.fabregat-perulles-sales.com\"],\"url\":\"https:\/\/www.fabregat-perulles-sales.com\/actualidad\/author\/victor\/\"}]}<\/script>\n<!-- \/ Yoast SEO plugin. -->","yoast_head_json":{"title":"Die Wirtschaftsprognose des Internationalen W\u00e4hrungsfond 2014- 2015: Ein langer Weg zur Genesung | International Lawyers","description":"&nbsp; Spanische Wirtschaftsposition gest\u00e4rkt Spanien hat jetzt den schwierigsten Teil der Wirtschaftskrise \u00fcberstanden: Externe Nachfrage und ein Anstieg","robots":{"index":"index","follow":"follow","max-snippet":"max-snippet:-1","max-image-preview":"max-image-preview:large","max-video-preview":"max-video-preview:-1"},"canonical":"https:\/\/www.fabregat-perulles-sales.com\/actualidad\/die-wirtschaftsprognose-des-internationalen-wahrungsfond-2014-2015-ein-langer-weg-zur-genesung\/","og_locale":"en_US","og_type":"article","og_title":"Die Wirtschaftsprognose des Internationalen W\u00e4hrungsfond 2014- 2015: Ein langer Weg zur Genesung | International Lawyers","og_description":"&nbsp; Spanische Wirtschaftsposition gest\u00e4rkt Spanien hat jetzt den schwierigsten Teil der Wirtschaftskrise \u00fcberstanden: Externe Nachfrage und ein Anstieg","og_url":"https:\/\/www.fabregat-perulles-sales.com\/actualidad\/die-wirtschaftsprognose-des-internationalen-wahrungsfond-2014-2015-ein-langer-weg-zur-genesung\/","og_site_name":"International Lawyers","article_published_time":"2014-11-13T14:39:22+00:00","article_modified_time":"2014-11-26T12:22:12+00:00","og_image":[{"url":"http:\/\/www.fabregat-perulles-sales.com\/actualidad\/wp-content\/uploads\/2014\/11\/IWF-Wirtschaftswachstum-Spanien-300x181.png"}],"author":"Victor","twitter_card":"summary_large_image","twitter_misc":{"Written by":"Victor","Est. reading time":"2 minutes"},"schema":{"@context":"https:\/\/schema.org","@graph":[{"@type":"WebPage","@id":"https:\/\/www.fabregat-perulles-sales.com\/actualidad\/die-wirtschaftsprognose-des-internationalen-wahrungsfond-2014-2015-ein-langer-weg-zur-genesung\/","url":"https:\/\/www.fabregat-perulles-sales.com\/actualidad\/die-wirtschaftsprognose-des-internationalen-wahrungsfond-2014-2015-ein-langer-weg-zur-genesung\/","name":"Die Wirtschaftsprognose des Internationalen W\u00e4hrungsfond 2014- 2015: Ein langer Weg zur Genesung | International Lawyers","isPartOf":{"@id":"https:\/\/www.fabregat-perulles-sales.com\/actualidad\/#website"},"datePublished":"2014-11-13T14:39:22+00:00","dateModified":"2014-11-26T12:22:12+00:00","author":{"@id":"https:\/\/www.fabregat-perulles-sales.com\/actualidad\/#\/schema\/person\/cabc1d68c7778f01d5e069c2d98442e3"},"description":"&nbsp; Spanische Wirtschaftsposition gest\u00e4rkt Spanien hat jetzt den schwierigsten Teil der Wirtschaftskrise \u00fcberstanden: Externe Nachfrage und ein Anstieg","breadcrumb":{"@id":"https:\/\/www.fabregat-perulles-sales.com\/actualidad\/die-wirtschaftsprognose-des-internationalen-wahrungsfond-2014-2015-ein-langer-weg-zur-genesung\/#breadcrumb"},"inLanguage":"en-US","potentialAction":[{"@type":"ReadAction","target":["https:\/\/www.fabregat-perulles-sales.com\/actualidad\/die-wirtschaftsprognose-des-internationalen-wahrungsfond-2014-2015-ein-langer-weg-zur-genesung\/"]}]},{"@type":"BreadcrumbList","@id":"https:\/\/www.fabregat-perulles-sales.com\/actualidad\/die-wirtschaftsprognose-des-internationalen-wahrungsfond-2014-2015-ein-langer-weg-zur-genesung\/#breadcrumb","itemListElement":[{"@type":"ListItem","position":1,"name":"Home","item":"https:\/\/www.fabregat-perulles-sales.com\/actualidad\/"},{"@type":"ListItem","position":2,"name":"Die Wirtschaftsprognose des Internationalen W\u00e4hrungsfond 2014- 2015: Ein langer Weg zur Genesung"}]},{"@type":"WebSite","@id":"https:\/\/www.fabregat-perulles-sales.com\/actualidad\/#website","url":"https:\/\/www.fabregat-perulles-sales.com\/actualidad\/","name":"www.fabregat-perulles-sales.com","description":"Fabregat Perulles Sales Abogados is a law firm of reference international market in the Spanish-German, Spanish-French, and Spanish-Italian. Is one of the first firms in Barcelona offering a Russian Desk.","potentialAction":[{"@type":"SearchAction","target":{"@type":"EntryPoint","urlTemplate":"https:\/\/www.fabregat-perulles-sales.com\/actualidad\/?s={search_term_string}"},"query-input":"required name=search_term_string"}],"inLanguage":"en-US"},{"@type":"Person","@id":"https:\/\/www.fabregat-perulles-sales.com\/actualidad\/#\/schema\/person\/cabc1d68c7778f01d5e069c2d98442e3","name":"Victor","image":{"@type":"ImageObject","inLanguage":"en-US","@id":"https:\/\/www.fabregat-perulles-sales.com\/actualidad\/#\/schema\/person\/image\/","url":"https:\/\/secure.gravatar.com\/avatar\/756cb666a964d2960ffe307b8a53b271?s=96&d=mm&r=g","contentUrl":"https:\/\/secure.gravatar.com\/avatar\/756cb666a964d2960ffe307b8a53b271?s=96&d=mm&r=g","caption":"Victor"},"sameAs":["http:\/\/www.fabregat-perulles-sales.com"],"url":"https:\/\/www.fabregat-perulles-sales.com\/actualidad\/author\/victor\/"}]}},"amp_enabled":true,"_links":{"self":[{"href":"https:\/\/www.fabregat-perulles-sales.com\/actualidad\/wp-json\/wp\/v2\/posts\/1336"}],"collection":[{"href":"https:\/\/www.fabregat-perulles-sales.com\/actualidad\/wp-json\/wp\/v2\/posts"}],"about":[{"href":"https:\/\/www.fabregat-perulles-sales.com\/actualidad\/wp-json\/wp\/v2\/types\/post"}],"author":[{"embeddable":true,"href":"https:\/\/www.fabregat-perulles-sales.com\/actualidad\/wp-json\/wp\/v2\/users\/3"}],"replies":[{"embeddable":true,"href":"https:\/\/www.fabregat-perulles-sales.com\/actualidad\/wp-json\/wp\/v2\/comments?post=1336"}],"version-history":[{"count":7,"href":"https:\/\/www.fabregat-perulles-sales.com\/actualidad\/wp-json\/wp\/v2\/posts\/1336\/revisions"}],"predecessor-version":[{"id":1462,"href":"https:\/\/www.fabregat-perulles-sales.com\/actualidad\/wp-json\/wp\/v2\/posts\/1336\/revisions\/1462"}],"wp:attachment":[{"href":"https:\/\/www.fabregat-perulles-sales.com\/actualidad\/wp-json\/wp\/v2\/media?parent=1336"}],"wp:term":[{"taxonomy":"category","embeddable":true,"href":"https:\/\/www.fabregat-perulles-sales.com\/actualidad\/wp-json\/wp\/v2\/categories?post=1336"},{"taxonomy":"post_tag","embeddable":true,"href":"https:\/\/www.fabregat-perulles-sales.com\/actualidad\/wp-json\/wp\/v2\/tags?post=1336"}],"curies":[{"name":"wp","href":"https:\/\/api.w.org\/{rel}","templated":true}]}}