{"id":1266,"date":"2014-10-10T19:15:50","date_gmt":"2014-10-10T17:15:50","guid":{"rendered":"http:\/\/www.fabregat-perulles-sales.com\/actualidad\/?p=1266"},"modified":"2016-01-22T18:37:05","modified_gmt":"2016-01-22T17:37:05","slug":"responsabilita-degli-amministratori-per-debiti-dellimpresa-in-spagna","status":"publish","type":"post","link":"https:\/\/www.fabregat-perulles-sales.com\/actualidad\/responsabilita-degli-amministratori-per-debiti-dellimpresa-in-spagna\/","title":{"rendered":"RESPONSABILIT\u00c0 DEGLI AMMINISTRATORI PER DEBITI DELL\u2019IMPRESA IN SPAGNA"},"content":{"rendered":"<p>Una delle principali caratteristiche delle societ\u00e0 di capitali \u00e9 la separazione del patrimonio dei soci e degli amministratori dal patrimonio proprio della societ\u00e0, in modo che generalmente \u00e8 quest&#8217; ultima che dovr\u00e0 rispondere con il suo patrimonio per i debiti della societ\u00e0.<\/p>\n<p>Tuttavia, in alcuni casi, questo principio generale pu\u00f2 essere derogato dalla necessit\u00e0 di proteggere i creditori di buona fede che hanno fatto affidamento alla contrattazione\u00a0con una societ\u00e0 che poi risulta insolvente, a causa della mancanza di diligenza, o addirittura negligenza, dei suoi amministratori. Ci referiamo a casi in cui l\u2019amministratore non svolge diligentemente la gestione dalla societ\u00e0, sia per indifferenza sia con un fine propriamente fraudulento.<\/p>\n<p>Infatti la separazione del patrimonio tra la societ\u00e0 e il suo amministratore\u00a0 non deve favorire un abuso del debitore professionale, che si nasconde dietro la figura di una persona giuridica per non rispondere personalmente della sua cattiva gestione.<\/p>\n<p><!--more--><\/p>\n<p>\u00c8 proprio per questo che la legge spagnola sulle societ\u00e0 di capitali (<a href=\"http:\/\/noticias.juridicas.com\/base_datos\/Privado\/rdleg1-2010.html\">Real Decreto Legislativo 1\/2010, de 2 de julio, por el que se aprueba el texto refundido de la Ley de Sociedades de Capital<\/a>), regola diverse azioni che si possono intraprendere contro gli amministratori, per reclamare giudizialmente\u00a0 la propria responsabilit\u00e0. In particolare possiamo trovare tre tipi di azione:<\/p>\n<ol>\n<li>Azione sociale di responsabilit\u00e0 (art. 238 LSC). Pu\u00f2 esercitarsi da parte della stessa societ\u00e0, previa autorizzazione dell\u2019Assemblea Generale, o dai creditori della societ\u00e0 quando non \u00e8 stata esercitata dalla societ\u00e0 o dai soci , sempre che il patrimonio sociale sia insufficiente per soddisfare i loro crediti.<\/li>\n<li>Azione individuale di responsbilit\u00e0 (art. 241 LSC), che pu\u00f2 \u00a0essere intrapresa dai soci e dai terzi, contro gli atti degli amministratori che pregiudicano direttamente i loro interessi.<\/li>\n<li>Azione ex. Art. 367 LSC, cio\u00e8, la responsabilit\u00e0 solidaria degli amministratori per le obbligazioni sociali dopo il verificarsi dell\u2019essistenza di causa legale di dissoluzione della societ\u00e0, quando l\u2019amministratore non ha richiesto la dissoluzione giudiziale o, il \u201cconcorso di creditori\u201d (concurso de acreedores) della societ\u00e0, nei due mesi dalla data per la celebrazione dell\u2019Assemblea Generale.<\/li>\n<\/ol>\n<p>La scelta tra una azione o un\u2019altra, dipender\u00e0 ovviamente dall\u2019inadempimento dell\u2019amministratore e dal danno provocato al creditore. Ma nei casi in cui un creditore vuole reclamare un debito alla societ\u00e0, e pu\u00f2 provare che la stessa si trovava in una delle cause legali di dissoluzione (art. 363 LSC), senza che l\u2019amministratore avesse disposto legalmente la sua liquidazione, \u00e8 consigliabile interporre l\u2019azione ex. Art. 367 LSC.<\/p>\n<p>Il motivo \u00e8 chiaro. In Spagna la responsabilit\u00e0 dell\u2019amministratore per non dissolvere\u00a0legalmente la societ\u00e0, nel modo e nei termini previsti dalla legge, \u00e9 quasi oggettiva.<\/p>\n<p>Il creditore non dovr\u00e0 dimostrare ne la colpa ne la negligenza dell\u2019amministratore e neanche il nesso causale tra l\u2019azione dell\u2019amministratore e il danno prodotto.<\/p>\n<p>Sar\u00e0 sufficiente che l\u2019amministratore non abbia convocato l\u2019Assemblea Generale, per approvare la dissoluzione, nel termine di due mesi dall\u2019esistenza dalla causa di dissoluzione o non ha tentato la dissoluzione giudiziale, o il \u201cconcurso\u201d di creditori. Inoltre, si presume che le obbligazioni sociali reclamate sono posteriori all&#8217;esistenza della causa legale di dissoluzione.<\/p>\n<p>La responsabilit\u00e0 dell\u2019amministratore ex. art. 367, \u00e8 solidaria alla responsabilit\u00e0 propria della societ\u00e0, e la recente giurisprudenza permette accumulare le due azioni in un unico processo.<\/p>\n<p>&nbsp;<\/p>\n<p>Avvocato in Spagna<\/p>\n\r\n\t\t<style>\r\n\t\t\t.huge-it-share-buttons {\r\n\t\t\t\tborder:0px solid #0FB5D6;\r\n\t\t\t\tborder-radius:5px;\r\n\t\t\t\tbackground:#3BD8FF;\r\n\t\t\t text-align:left; \t\t\t\t\t\t\t\t\t}\r\n\r\n\t\t\t#huge-it-share-buttons-top {margin-bottom:0px;}\r\n\t\t\t#huge-it-share-buttons-bottom {margin-top:0px;}\r\n\r\n\t\t\t.huge-it-share-buttons h3 {\r\n\t\t\t\tfont-size:25px ;\r\n\t\t\t\tfont-family:Arial,Helvetica Neue,Helvetica,sans-serif;\r\n\t\t\t\tcolor:#666666;\r\n\r\n\t\t\tdisplay:block;\t\t\t\tline-height:25px ;\r\n\r\n\t\t\t text-align:left; \t\t\t\t\t\t\t\t\t}\r\n\r\n\t\t\t.huge-it-share-buttons ul {\r\n\t\t\t float:left; \t\t\t\t\t\t\t\t\t}\r\n\r\n\t\t\t.huge-it-share-buttons ul li {\r\n\t\t\t\tmargin-left:3px;\r\n\t\t\t\tmargin-right:3px;\r\n\t\t\t\tpadding:0px;\r\n\t\t\t\tborder:0px ridge #E6354C;\r\n\t\t\t\tborder-radius:11px;\r\n\t\t\t\tbackground-color:#14CC9B;\r\n\t\t\t}\r\n\r\n\t\t\t.huge-it-share-buttons ul li #backforunical1266 {\r\n\t\t\t\tborder-bottom: 0;\r\n\t\t\t\tbackground-image:url('https:\/\/www.fabregat-perulles-sales.com\/actualidad\/wp-content\/plugins\/wp-share-buttons\/Front_end\/..\/images\/buttons.30.png');\r\n\t\t\t\twidth:30px;\r\n\t\t\t\theight:30px;\r\n\t\t\t}\r\n\r\n\t\t\t.front-shares-count {\r\n\t\t\t\tposition: absolute;\r\n\t\t\t\ttext-align: center;\r\n\t\t\t\tdisplay: block;\r\n\t\t\t}\r\n\r\n\t\t\t.shares_size20 .front-shares-count {\r\n\t\t\t\tfont-size: 10px;\r\n\t\t\t\ttop: 10px;\r\n\t\t\t\twidth: 20px;\r\n\t\t\t}\r\n\r\n\t\t\t.shares_size30 .front-shares-count {\r\n\t\t\t\tfont-size: 11px;\r\n\t\t\t\ttop: 15px;\r\n\t\t\t\twidth: 30px;\r\n\t\t\t}\r\n\r\n\t\t\t.shares_size40 .front-shares-count {\r\n\t\t\t\tfont-size: 12px;\r\n\t\t\t\ttop: 21px;\r\n\t\t\t\twidth: 40px;\r\n\t\t\t}\r\n\t\t<\/style>\r\n\t\t\r\n\t\t<div id=\"huge-it-share-buttons-top\" class=\"huge-it-share-buttons nobackground\">\r\n\t\t\t<h3>Share This:<\/h3>\r\n\t\t\t<ul class=\"huge-it-share-buttons-list \">\r\n\t\t\t\t\t\t\t\t\t<li class=\"nobackground \" >\r\n\r\n\t\t\t\t\t\t\t\t\t\t\t\t<a id=\"backforunical1266\" href=\"https:\/\/www.facebook.com\/sharer\/sharer.php?u=www.fabregat-perulles-sales.com\/actualidad\/wp-json\/wp\/v2\/posts\/1266\"  onclick=\"javascript:void window.open('https:\/\/www.facebook.com\/sharer\/sharer.php?u=www.fabregat-perulles-sales.com\/actualidad\/wp-json\/wp\/v2\/posts\/1266','1410949501326','width=700,height=500,toolbar=0,menubar=0,location=0,status=1,scrollbars=1,resizable=1,left=0,top=0');return false;\" style=\"background-position: -0px -120px \"><\/a>\r\n\t\t\t\t\t<\/li>\r\n\t\t\t\t\t\t\t\t\t\t<li class=\"nobackground \" >\r\n\r\n\t\t\t\t\t\t\t\t\t\t\t\t<a id=\"backforunical1266\" href=\"https:\/\/twitter.com\/share?status=www.fabregat-perulles-sales.com\/actualidad\/wp-json\/wp\/v2\/posts\/1266&text=RESPONSABILIT\u00c0 DEGLI AMMINISTRATORI PER DEBITI DELL\u2019IMPRESA IN SPAGNA\"  onclick=\"javascript:void window.open('https:\/\/twitter.com\/share?status=www.fabregat-perulles-sales.com\/actualidad\/wp-json\/wp\/v2\/posts\/1266&text=RESPONSABILIT\u00c0 DEGLI AMMINISTRATORI PER DEBITI DELL\u2019IMPRESA IN SPAGNA','1410949501326','width=700,height=500,toolbar=0,menubar=0,location=0,status=1,scrollbars=1,resizable=1,left=0,top=0');return false;\" style=\"background-position: -30px -120px \"><\/a>\r\n\t\t\t\t\t<\/li>\r\n\t\t\t\t\t\t\t\t\t\t<li class=\"none nobackground \" >\r\n\r\n\t\t\t\t\t\t\t\t\t\t\t\t<a id=\"backforunical1266\" href=\"http:\/\/www.pinterest.com\/pin\/create\/button\/?url=www.fabregat-perulles-sales.com\/actualidad\/wp-json\/wp\/v2\/posts\/1266&media=https:\/\/www.fabregat-perulles-sales.com\/actualidad\/wp-content\/plugins\/wp-share-buttons\/Front_end\/..\/images\/noimage.png&description=RESPONSABILIT\u00c0 DEGLI AMMINISTRATORI PER DEBITI DELL\u2019IMPRESA IN SPAGNA\"  onclick=\"javascript:void window.open('http:\/\/www.pinterest.com\/pin\/create\/button\/?url=www.fabregat-perulles-sales.com\/actualidad\/wp-json\/wp\/v2\/posts\/1266&media=https:\/\/www.fabregat-perulles-sales.com\/actualidad\/wp-content\/plugins\/wp-share-buttons\/Front_end\/..\/images\/noimage.png&description=RESPONSABILIT\u00c0 DEGLI AMMINISTRATORI PER DEBITI DELL\u2019IMPRESA IN SPAGNA','1410949501326','width=700,height=500,toolbar=0,menubar=0,location=0,status=1,scrollbars=1,resizable=1,left=0,top=0');return false;\" style=\"background-position: -60px -120px \"><\/a>\r\n\t\t\t\t\t<\/li>\r\n\t\t\t\t\t\t\t\t\t\t<li class=\"none nobackground \" >\r\n\r\n\t\t\t\t\t\t\t\t\t\t\t\t<a id=\"backforunical1266\" href=\"https:\/\/plus.google.com\/share?url=www.fabregat-perulles-sales.com\/actualidad\/wp-json\/wp\/v2\/posts\/1266\"  onclick=\"javascript:void window.open('https:\/\/plus.google.com\/share?url=www.fabregat-perulles-sales.com\/actualidad\/wp-json\/wp\/v2\/posts\/1266','1410949501326','width=700,height=500,toolbar=0,menubar=0,location=0,status=1,scrollbars=1,resizable=1,left=0,top=0');return false;\" style=\"background-position: -90px -120px \"><\/a>\r\n\t\t\t\t\t<\/li>\r\n\t\t\t\t\t\t\t\t\t\t<li class=\"nobackground \" >\r\n\r\n\t\t\t\t\t\t\t\t\t\t\t\t<a id=\"backforunical1266\" href=\"https:\/\/www.linkedin.com\/shareArticle?title=RESPONSABILIT\u00c0 DEGLI AMMINISTRATORI PER DEBITI DELL\u2019IMPRESA IN SPAGNA&mini=true&url=https:\/\/www.fabregat-perulles-sales.com\/actualidad\/wp-json\/wp\/v2\/posts\/1266\"  onclick=\"javascript:void window.open('https:\/\/www.linkedin.com\/shareArticle?title=RESPONSABILIT\u00c0 DEGLI AMMINISTRATORI PER DEBITI DELL\u2019IMPRESA IN SPAGNA&mini=true&url=https:\/\/www.fabregat-perulles-sales.com\/actualidad\/wp-json\/wp\/v2\/posts\/1266','1410949501326','width=700,height=500,toolbar=0,menubar=0,location=0,status=1,scrollbars=1,resizable=1,left=0,top=0');return false;\" style=\"background-position: -120px -120px \"><\/a>\r\n\t\t\t\t\t<\/li>\r\n\t\t\t\t\t\t\t\t\t\t<li class=\"none nobackground \" >\r\n\r\n\t\t\t\t\t\t\t\t\t\t\t\t<a id=\"backforunical1266\" href=\"https:\/\/www.tumblr.com\/share\/link?url=www.fabregat-perulles-sales.com\/actualidad\/wp-json\/wp\/v2\/posts\/1266&name=RESPONSABILIT\u00c0 DEGLI AMMINISTRATORI PER DEBITI DELL\u2019IMPRESA IN SPAGNA\"  onclick=\"javascript:void window.open('https:\/\/www.tumblr.com\/share\/link?url=www.fabregat-perulles-sales.com\/actualidad\/wp-json\/wp\/v2\/posts\/1266&name=RESPONSABILIT\u00c0 DEGLI AMMINISTRATORI PER DEBITI DELL\u2019IMPRESA IN SPAGNA','1410949501326','width=700,height=500,toolbar=0,menubar=0,location=0,status=1,scrollbars=1,resizable=1,left=0,top=0');return false;\" style=\"background-position: -150px -120px \"><\/a>\r\n\t\t\t\t\t<\/li>\r\n\t\t\t\t\t\t\t\t\t\t<li class=\"none nobackground \" >\r\n\r\n\t\t\t\t\t\t\t\t\t\t\t\t<a id=\"backforunical1266\" href=\"http:\/\/digg.com\/submit?phase=2&url=www.fabregat-perulles-sales.com\/actualidad\/wp-json\/wp\/v2\/posts\/1266&title=RESPONSABILIT\u00c0 DEGLI AMMINISTRATORI PER DEBITI DELL\u2019IMPRESA IN SPAGNA\"  onclick=\"javascript:void window.open('http:\/\/digg.com\/submit?phase=2&url=www.fabregat-perulles-sales.com\/actualidad\/wp-json\/wp\/v2\/posts\/1266&title=RESPONSABILIT\u00c0 DEGLI AMMINISTRATORI PER DEBITI DELL\u2019IMPRESA IN SPAGNA','1410949501326','width=700,height=500,toolbar=0,menubar=0,location=0,status=1,scrollbars=1,resizable=1,left=0,top=0');return false;\" style=\"background-position: -180px -120px \"><\/a>\r\n\t\t\t\t\t<\/li>\r\n\t\t\t\t\t\t\t\t\t\t<li class=\"none nobackground \" >\r\n\r\n\t\t\t\t\t\t\t\t\t\t\t\t<a id=\"backforunical1266\" href=\"http:\/\/www.stumbleupon.com\/submit?url=www.fabregat-perulles-sales.com\/actualidad\/wp-json\/wp\/v2\/posts\/1266&title=RESPONSABILIT\u00c0 DEGLI AMMINISTRATORI PER DEBITI DELL\u2019IMPRESA IN SPAGNA\"  onclick=\"javascript:void window.open('http:\/\/www.stumbleupon.com\/submit?url=www.fabregat-perulles-sales.com\/actualidad\/wp-json\/wp\/v2\/posts\/1266&title=RESPONSABILIT\u00c0 DEGLI AMMINISTRATORI PER DEBITI DELL\u2019IMPRESA IN SPAGNA','1410949501326','width=700,height=500,toolbar=0,menubar=0,location=0,status=1,scrollbars=1,resizable=1,left=0,top=0');return false;\" style=\"background-position: -210px -120px \"><\/a>\r\n\t\t\t\t\t<\/li>\r\n\t\t\t\t\t\t\t\t\t\t<li class=\"none nobackground \" >\r\n\r\n\t\t\t\t\t\t\t\t\t\t\t\t<a id=\"backforunical1266\" href=\"https:\/\/myspace.com\/post?l=3&u=www.fabregat-perulles-sales.com\/actualidad\/wp-json\/wp\/v2\/posts\/1266\"  onclick=\"javascript:void window.open('https:\/\/myspace.com\/post?l=3&u=www.fabregat-perulles-sales.com\/actualidad\/wp-json\/wp\/v2\/posts\/1266','1410949501326','width=700,height=500,toolbar=0,menubar=0,location=0,status=1,scrollbars=1,resizable=1,left=0,top=0');return false;\" style=\"background-position: -240px -120px \"><\/a>\r\n\t\t\t\t\t<\/li>\r\n\t\t\t\t\t\t\t\t\t\t<li class=\"nobackground \" >\r\n\r\n\t\t\t\t\t\t\t\t\t\t\t\t<a id=\"backforunical1266\" href=\"http:\/\/vk.com\/share.php?url=www.fabregat-perulles-sales.com\/actualidad\/wp-json\/wp\/v2\/posts\/1266&title=RESPONSABILIT\u00c0 DEGLI AMMINISTRATORI PER DEBITI DELL\u2019IMPRESA IN SPAGNA\"  onclick=\"javascript:void window.open('http:\/\/vk.com\/share.php?url=www.fabregat-perulles-sales.com\/actualidad\/wp-json\/wp\/v2\/posts\/1266&title=RESPONSABILIT\u00c0 DEGLI AMMINISTRATORI PER DEBITI DELL\u2019IMPRESA IN SPAGNA','1410949501326','width=700,height=500,toolbar=0,menubar=0,location=0,status=1,scrollbars=1,resizable=1,left=0,top=0');return false;\" style=\"background-position: -270px -120px \"><\/a>\r\n\t\t\t\t\t<\/li>\r\n\t\t\t\t\t\t\t\t\t\t<li class=\"none nobackground \" >\r\n\r\n\t\t\t\t\t\t\t\t\t\t\t\t<a id=\"backforunical1266\" href=\"http:\/\/www.reddit.com\/submit?url=www.fabregat-perulles-sales.com\/actualidad\/wp-json\/wp\/v2\/posts\/1266&title=RESPONSABILIT\u00c0 DEGLI AMMINISTRATORI PER DEBITI DELL\u2019IMPRESA IN SPAGNA\"  onclick=\"javascript:void window.open('http:\/\/www.reddit.com\/submit?url=www.fabregat-perulles-sales.com\/actualidad\/wp-json\/wp\/v2\/posts\/1266&title=RESPONSABILIT\u00c0 DEGLI AMMINISTRATORI PER DEBITI DELL\u2019IMPRESA IN SPAGNA','1410949501326','width=700,height=500,toolbar=0,menubar=0,location=0,status=1,scrollbars=1,resizable=1,left=0,top=0');return false;\" style=\"background-position: -300px -120px \"><\/a>\r\n\t\t\t\t\t<\/li>\r\n\t\t\t\t\t\t\t\t\t\t<li class=\"none nobackground \" >\r\n\r\n\t\t\t\t\t\t\t\t\t\t\t\t<a id=\"backforunical1266\" href=\"http:\/\/www.bebo.com\/c\/share?Url=www.fabregat-perulles-sales.com\/actualidad\/wp-json\/wp\/v2\/posts\/1266\"  onclick=\"javascript:void window.open('http:\/\/www.bebo.com\/c\/share?Url=www.fabregat-perulles-sales.com\/actualidad\/wp-json\/wp\/v2\/posts\/1266','1410949501326','width=700,height=500,toolbar=0,menubar=0,location=0,status=1,scrollbars=1,resizable=1,left=0,top=0');return false;\" style=\"background-position: -330px -120px \"><\/a>\r\n\t\t\t\t\t<\/li>\r\n\t\t\t\t\t\t\t\t\t\t<li class=\"none nobackground \" >\r\n\r\n\t\t\t\t\t\t\t\t\t\t\t\t<a id=\"backforunical1266\" href=\"https:\/\/delicious.com\/save?v=5&noui&jump=close&url=www.fabregat-perulles-sales.com\/actualidad\/wp-json\/wp\/v2\/posts\/1266&title=RESPONSABILIT\u00c0 DEGLI AMMINISTRATORI PER DEBITI DELL\u2019IMPRESA IN SPAGNA\"  onclick=\"javascript:void window.open('https:\/\/delicious.com\/save?v=5&noui&jump=close&url=www.fabregat-perulles-sales.com\/actualidad\/wp-json\/wp\/v2\/posts\/1266&title=RESPONSABILIT\u00c0 DEGLI AMMINISTRATORI PER DEBITI DELL\u2019IMPRESA IN SPAGNA','1410949501326','width=700,height=500,toolbar=0,menubar=0,location=0,status=1,scrollbars=1,resizable=1,left=0,top=0');return false;\" style=\"background-position: -360px -120px \"><\/a>\r\n\t\t\t\t\t<\/li>\r\n\t\t\t\t\t\t\t\t\t\t<li class=\"none nobackground \" >\r\n\r\n\t\t\t\t\t\t\t\t\t\t\t\t<a id=\"backforunical1266\" href=\"http:\/\/www.odnoklassniki.ru\/dk?st.cmd=addShare&st.s=2&st.noresize=on&st._surl=www.fabregat-perulles-sales.com\/actualidad\/wp-json\/wp\/v2\/posts\/1266\"  onclick=\"javascript:void window.open('http:\/\/www.odnoklassniki.ru\/dk?st.cmd=addShare&st.s=2&st.noresize=on&st._surl=www.fabregat-perulles-sales.com\/actualidad\/wp-json\/wp\/v2\/posts\/1266','1410949501326','width=700,height=500,toolbar=0,menubar=0,location=0,status=1,scrollbars=1,resizable=1,left=0,top=0');return false;\" style=\"background-position: -390px -120px \"><\/a>\r\n\t\t\t\t\t<\/li>\r\n\t\t\t\t\t\t\t\t\t\t<li class=\"none nobackground \" >\r\n\r\n\t\t\t\t\t\t\t\t\t\t\t\t<a id=\"backforunical1266\" href=\"http:\/\/sns.qzone.qq.com\/cgi-bin\/qzshare\/cgi_qzshare_onekey?url=www.fabregat-perulles-sales.com\/actualidad\/wp-json\/wp\/v2\/posts\/1266&title=RESPONSABILIT\u00c0 DEGLI AMMINISTRATORI PER DEBITI DELL\u2019IMPRESA IN SPAGNA\"  onclick=\"javascript:void window.open('http:\/\/sns.qzone.qq.com\/cgi-bin\/qzshare\/cgi_qzshare_onekey?url=www.fabregat-perulles-sales.com\/actualidad\/wp-json\/wp\/v2\/posts\/1266&title=RESPONSABILIT\u00c0 DEGLI AMMINISTRATORI PER DEBITI DELL\u2019IMPRESA IN SPAGNA','1410949501326','width=700,height=500,toolbar=0,menubar=0,location=0,status=1,scrollbars=1,resizable=1,left=0,top=0');return false;\" style=\"background-position: -420px -120px \"><\/a>\r\n\t\t\t\t\t<\/li>\r\n\t\t\t\t\t\t\t\t\t\t<li class=\"none nobackground \" >\r\n\r\n\t\t\t\t\t\t\t\t\t\t\t\t<a id=\"backforunical1266\" href=\"http:\/\/service.weibo.com\/share\/share.php?url=www.fabregat-perulles-sales.com\/actualidad\/wp-json\/wp\/v2\/posts\/1266&appkey=&title=RESPONSABILIT\u00c0 DEGLI AMMINISTRATORI PER DEBITI DELL\u2019IMPRESA IN SPAGNA&pic=&ralateUid=&\"  onclick=\"javascript:void window.open('http:\/\/service.weibo.com\/share\/share.php?url=www.fabregat-perulles-sales.com\/actualidad\/wp-json\/wp\/v2\/posts\/1266&appkey=&title=RESPONSABILIT\u00c0 DEGLI AMMINISTRATORI PER DEBITI DELL\u2019IMPRESA IN SPAGNA&pic=&ralateUid=&','1410949501326','width=700,height=500,toolbar=0,menubar=0,location=0,status=1,scrollbars=1,resizable=1,left=0,top=0');return false;\" style=\"background-position: -450px -120px \"><\/a>\r\n\t\t\t\t\t<\/li>\r\n\t\t\t\t\t\t\t\t\t\t<li class=\"none nobackground \" >\r\n\r\n\t\t\t\t\t\t\t\t\t\t\t\t<a id=\"backforunical1266\" href=\"http:\/\/widget.renren.com\/dialog\/share?resourceUrl=www.fabregat-perulles-sales.com\/actualidad\/wp-json\/wp\/v2\/posts\/1266&srcUrl=www.fabregat-perulles-sales.com\/actualidad\/wp-json\/wp\/v2\/posts\/1266&title=RESPONSABILIT\u00c0 DEGLI AMMINISTRATORI PER DEBITI DELL\u2019IMPRESA IN SPAGNA\"  onclick=\"javascript:void window.open('http:\/\/widget.renren.com\/dialog\/share?resourceUrl=www.fabregat-perulles-sales.com\/actualidad\/wp-json\/wp\/v2\/posts\/1266&srcUrl=www.fabregat-perulles-sales.com\/actualidad\/wp-json\/wp\/v2\/posts\/1266&title=RESPONSABILIT\u00c0 DEGLI AMMINISTRATORI PER DEBITI DELL\u2019IMPRESA IN SPAGNA','1410949501326','width=700,height=500,toolbar=0,menubar=0,location=0,status=1,scrollbars=1,resizable=1,left=0,top=0');return false;\" style=\"background-position: -480px -120px \"><\/a>\r\n\t\t\t\t\t<\/li>\r\n\t\t\t\t\t\t\t\t\t\t<li class=\"none nobackground \" >\r\n\r\n\t\t\t\t\t\t\t\t\t\t\t\t<a id=\"backforunical1266\" href=\"http:\/\/n4g.com\/tips?url=www.fabregat-perulles-sales.com\/actualidad\/wp-json\/wp\/v2\/posts\/1266&title=RESPONSABILIT\u00c0 DEGLI AMMINISTRATORI PER DEBITI DELL\u2019IMPRESA IN SPAGNA\"  onclick=\"javascript:void window.open('http:\/\/n4g.com\/tips?url=www.fabregat-perulles-sales.com\/actualidad\/wp-json\/wp\/v2\/posts\/1266&title=RESPONSABILIT\u00c0 DEGLI AMMINISTRATORI PER DEBITI DELL\u2019IMPRESA IN SPAGNA','1410949501326','width=700,height=500,toolbar=0,menubar=0,location=0,status=1,scrollbars=1,resizable=1,left=0,top=0');return false;\" style=\"background-position: -510px -120px \"><\/a>\r\n\t\t\t\t\t<\/li>\r\n\t\t\t\t\t\t\t\t<\/ul>\r\n\t\t\t<div class=\"clear\"><\/div>\r\n\t\t<\/div>\r\n\t\t","protected":false},"excerpt":{"rendered":"<p>Una delle principali caratteristiche delle societ\u00e0 di capitali \u00e9 la separazione del patrimonio dei soci e degli amministratori dal patrimonio proprio della societ\u00e0, in modo che generalmente \u00e8 quest&#8217; ultima che dovr\u00e0 rispondere con il suo patrimonio per i debiti della societ\u00e0. Tuttavia, in alcuni casi, questo principio generale pu\u00f2 essere derogato dalla necessit\u00e0 di\u2026 <span class=\"read-more\"><a href=\"https:\/\/www.fabregat-perulles-sales.com\/actualidad\/responsabilita-degli-amministratori-per-debiti-dellimpresa-in-spagna\/\">Read More &raquo;<\/a><\/span><\/p>\n","protected":false},"author":3,"featured_media":0,"comment_status":"open","ping_status":"closed","sticky":false,"template":"","format":"standard","meta":[],"categories":[12,472],"tags":[446,444,445],"yoast_head":"<!-- This site is optimized with the Yoast SEO plugin v20.2.1 - https:\/\/yoast.com\/wordpress\/plugins\/seo\/ -->\n<title>RESPONSABILIT\u00c0 DEGLI AMMINISTRATORI PER DEBITI DELL\u2019IMPRESA IN SPAGNA | International Lawyers<\/title>\n<meta name=\"description\" content=\"Una delle principali caratteristiche delle societ\u00e0 di capitali \u00e9 la separazione del patrimonio dei soci e degli amministratori dal patrimonio proprio\" \/>\n<meta name=\"robots\" content=\"index, follow, max-snippet:-1, max-image-preview:large, max-video-preview:-1\" \/>\n<link rel=\"canonical\" href=\"https:\/\/www.fabregat-perulles-sales.com\/actualidad\/responsabilita-degli-amministratori-per-debiti-dellimpresa-in-spagna\/\" \/>\n<meta property=\"og:locale\" content=\"en_US\" \/>\n<meta property=\"og:type\" content=\"article\" \/>\n<meta property=\"og:title\" content=\"RESPONSABILIT\u00c0 DEGLI AMMINISTRATORI PER DEBITI DELL\u2019IMPRESA IN SPAGNA | International Lawyers\" \/>\n<meta property=\"og:description\" content=\"Una delle principali caratteristiche delle societ\u00e0 di capitali \u00e9 la separazione del patrimonio dei soci e degli amministratori dal patrimonio proprio\" \/>\n<meta property=\"og:url\" content=\"https:\/\/www.fabregat-perulles-sales.com\/actualidad\/responsabilita-degli-amministratori-per-debiti-dellimpresa-in-spagna\/\" \/>\n<meta property=\"og:site_name\" content=\"International Lawyers\" \/>\n<meta property=\"article:published_time\" content=\"2014-10-10T17:15:50+00:00\" \/>\n<meta property=\"article:modified_time\" content=\"2016-01-22T17:37:05+00:00\" \/>\n<meta name=\"author\" content=\"Victor\" \/>\n<meta name=\"twitter:card\" content=\"summary_large_image\" \/>\n<meta name=\"twitter:label1\" content=\"Written by\" \/>\n\t<meta name=\"twitter:data1\" content=\"Victor\" \/>\n\t<meta name=\"twitter:label2\" content=\"Est. reading time\" \/>\n\t<meta name=\"twitter:data2\" content=\"3 minutes\" \/>\n<script type=\"application\/ld+json\" class=\"yoast-schema-graph\">{\"@context\":\"https:\/\/schema.org\",\"@graph\":[{\"@type\":\"WebPage\",\"@id\":\"https:\/\/www.fabregat-perulles-sales.com\/actualidad\/responsabilita-degli-amministratori-per-debiti-dellimpresa-in-spagna\/\",\"url\":\"https:\/\/www.fabregat-perulles-sales.com\/actualidad\/responsabilita-degli-amministratori-per-debiti-dellimpresa-in-spagna\/\",\"name\":\"RESPONSABILIT\u00c0 DEGLI AMMINISTRATORI PER DEBITI DELL\u2019IMPRESA IN SPAGNA | International Lawyers\",\"isPartOf\":{\"@id\":\"https:\/\/www.fabregat-perulles-sales.com\/actualidad\/#website\"},\"datePublished\":\"2014-10-10T17:15:50+00:00\",\"dateModified\":\"2016-01-22T17:37:05+00:00\",\"author\":{\"@id\":\"https:\/\/www.fabregat-perulles-sales.com\/actualidad\/#\/schema\/person\/cabc1d68c7778f01d5e069c2d98442e3\"},\"description\":\"Una delle principali caratteristiche delle societ\u00e0 di capitali \u00e9 la separazione del patrimonio dei soci e degli amministratori dal patrimonio proprio\",\"breadcrumb\":{\"@id\":\"https:\/\/www.fabregat-perulles-sales.com\/actualidad\/responsabilita-degli-amministratori-per-debiti-dellimpresa-in-spagna\/#breadcrumb\"},\"inLanguage\":\"en-US\",\"potentialAction\":[{\"@type\":\"ReadAction\",\"target\":[\"https:\/\/www.fabregat-perulles-sales.com\/actualidad\/responsabilita-degli-amministratori-per-debiti-dellimpresa-in-spagna\/\"]}]},{\"@type\":\"BreadcrumbList\",\"@id\":\"https:\/\/www.fabregat-perulles-sales.com\/actualidad\/responsabilita-degli-amministratori-per-debiti-dellimpresa-in-spagna\/#breadcrumb\",\"itemListElement\":[{\"@type\":\"ListItem\",\"position\":1,\"name\":\"Home\",\"item\":\"https:\/\/www.fabregat-perulles-sales.com\/actualidad\/\"},{\"@type\":\"ListItem\",\"position\":2,\"name\":\"RESPONSABILIT\u00c0 DEGLI AMMINISTRATORI PER DEBITI DELL\u2019IMPRESA IN SPAGNA\"}]},{\"@type\":\"WebSite\",\"@id\":\"https:\/\/www.fabregat-perulles-sales.com\/actualidad\/#website\",\"url\":\"https:\/\/www.fabregat-perulles-sales.com\/actualidad\/\",\"name\":\"www.fabregat-perulles-sales.com\",\"description\":\"Fabregat Perulles Sales Abogados is a law firm of reference international market in the Spanish-German, Spanish-French, and Spanish-Italian. Is one of the first firms in Barcelona offering a Russian Desk.\",\"potentialAction\":[{\"@type\":\"SearchAction\",\"target\":{\"@type\":\"EntryPoint\",\"urlTemplate\":\"https:\/\/www.fabregat-perulles-sales.com\/actualidad\/?s={search_term_string}\"},\"query-input\":\"required name=search_term_string\"}],\"inLanguage\":\"en-US\"},{\"@type\":\"Person\",\"@id\":\"https:\/\/www.fabregat-perulles-sales.com\/actualidad\/#\/schema\/person\/cabc1d68c7778f01d5e069c2d98442e3\",\"name\":\"Victor\",\"image\":{\"@type\":\"ImageObject\",\"inLanguage\":\"en-US\",\"@id\":\"https:\/\/www.fabregat-perulles-sales.com\/actualidad\/#\/schema\/person\/image\/\",\"url\":\"https:\/\/secure.gravatar.com\/avatar\/756cb666a964d2960ffe307b8a53b271?s=96&d=mm&r=g\",\"contentUrl\":\"https:\/\/secure.gravatar.com\/avatar\/756cb666a964d2960ffe307b8a53b271?s=96&d=mm&r=g\",\"caption\":\"Victor\"},\"sameAs\":[\"http:\/\/www.fabregat-perulles-sales.com\"],\"url\":\"https:\/\/www.fabregat-perulles-sales.com\/actualidad\/author\/victor\/\"}]}<\/script>\n<!-- \/ Yoast SEO plugin. -->","yoast_head_json":{"title":"RESPONSABILIT\u00c0 DEGLI AMMINISTRATORI PER DEBITI DELL\u2019IMPRESA IN SPAGNA | International Lawyers","description":"Una delle principali caratteristiche delle societ\u00e0 di capitali \u00e9 la separazione del patrimonio dei soci e degli amministratori dal patrimonio proprio","robots":{"index":"index","follow":"follow","max-snippet":"max-snippet:-1","max-image-preview":"max-image-preview:large","max-video-preview":"max-video-preview:-1"},"canonical":"https:\/\/www.fabregat-perulles-sales.com\/actualidad\/responsabilita-degli-amministratori-per-debiti-dellimpresa-in-spagna\/","og_locale":"en_US","og_type":"article","og_title":"RESPONSABILIT\u00c0 DEGLI AMMINISTRATORI PER DEBITI DELL\u2019IMPRESA IN SPAGNA | International Lawyers","og_description":"Una delle principali caratteristiche delle societ\u00e0 di capitali \u00e9 la separazione del patrimonio dei soci e degli amministratori dal patrimonio proprio","og_url":"https:\/\/www.fabregat-perulles-sales.com\/actualidad\/responsabilita-degli-amministratori-per-debiti-dellimpresa-in-spagna\/","og_site_name":"International Lawyers","article_published_time":"2014-10-10T17:15:50+00:00","article_modified_time":"2016-01-22T17:37:05+00:00","author":"Victor","twitter_card":"summary_large_image","twitter_misc":{"Written by":"Victor","Est. reading time":"3 minutes"},"schema":{"@context":"https:\/\/schema.org","@graph":[{"@type":"WebPage","@id":"https:\/\/www.fabregat-perulles-sales.com\/actualidad\/responsabilita-degli-amministratori-per-debiti-dellimpresa-in-spagna\/","url":"https:\/\/www.fabregat-perulles-sales.com\/actualidad\/responsabilita-degli-amministratori-per-debiti-dellimpresa-in-spagna\/","name":"RESPONSABILIT\u00c0 DEGLI AMMINISTRATORI PER DEBITI DELL\u2019IMPRESA IN SPAGNA | International Lawyers","isPartOf":{"@id":"https:\/\/www.fabregat-perulles-sales.com\/actualidad\/#website"},"datePublished":"2014-10-10T17:15:50+00:00","dateModified":"2016-01-22T17:37:05+00:00","author":{"@id":"https:\/\/www.fabregat-perulles-sales.com\/actualidad\/#\/schema\/person\/cabc1d68c7778f01d5e069c2d98442e3"},"description":"Una delle principali caratteristiche delle societ\u00e0 di capitali \u00e9 la separazione del patrimonio dei soci e degli amministratori dal patrimonio proprio","breadcrumb":{"@id":"https:\/\/www.fabregat-perulles-sales.com\/actualidad\/responsabilita-degli-amministratori-per-debiti-dellimpresa-in-spagna\/#breadcrumb"},"inLanguage":"en-US","potentialAction":[{"@type":"ReadAction","target":["https:\/\/www.fabregat-perulles-sales.com\/actualidad\/responsabilita-degli-amministratori-per-debiti-dellimpresa-in-spagna\/"]}]},{"@type":"BreadcrumbList","@id":"https:\/\/www.fabregat-perulles-sales.com\/actualidad\/responsabilita-degli-amministratori-per-debiti-dellimpresa-in-spagna\/#breadcrumb","itemListElement":[{"@type":"ListItem","position":1,"name":"Home","item":"https:\/\/www.fabregat-perulles-sales.com\/actualidad\/"},{"@type":"ListItem","position":2,"name":"RESPONSABILIT\u00c0 DEGLI AMMINISTRATORI PER DEBITI DELL\u2019IMPRESA IN SPAGNA"}]},{"@type":"WebSite","@id":"https:\/\/www.fabregat-perulles-sales.com\/actualidad\/#website","url":"https:\/\/www.fabregat-perulles-sales.com\/actualidad\/","name":"www.fabregat-perulles-sales.com","description":"Fabregat Perulles Sales Abogados is a law firm of reference international market in the Spanish-German, Spanish-French, and Spanish-Italian. Is one of the first firms in Barcelona offering a Russian Desk.","potentialAction":[{"@type":"SearchAction","target":{"@type":"EntryPoint","urlTemplate":"https:\/\/www.fabregat-perulles-sales.com\/actualidad\/?s={search_term_string}"},"query-input":"required name=search_term_string"}],"inLanguage":"en-US"},{"@type":"Person","@id":"https:\/\/www.fabregat-perulles-sales.com\/actualidad\/#\/schema\/person\/cabc1d68c7778f01d5e069c2d98442e3","name":"Victor","image":{"@type":"ImageObject","inLanguage":"en-US","@id":"https:\/\/www.fabregat-perulles-sales.com\/actualidad\/#\/schema\/person\/image\/","url":"https:\/\/secure.gravatar.com\/avatar\/756cb666a964d2960ffe307b8a53b271?s=96&d=mm&r=g","contentUrl":"https:\/\/secure.gravatar.com\/avatar\/756cb666a964d2960ffe307b8a53b271?s=96&d=mm&r=g","caption":"Victor"},"sameAs":["http:\/\/www.fabregat-perulles-sales.com"],"url":"https:\/\/www.fabregat-perulles-sales.com\/actualidad\/author\/victor\/"}]}},"amp_enabled":true,"_links":{"self":[{"href":"https:\/\/www.fabregat-perulles-sales.com\/actualidad\/wp-json\/wp\/v2\/posts\/1266"}],"collection":[{"href":"https:\/\/www.fabregat-perulles-sales.com\/actualidad\/wp-json\/wp\/v2\/posts"}],"about":[{"href":"https:\/\/www.fabregat-perulles-sales.com\/actualidad\/wp-json\/wp\/v2\/types\/post"}],"author":[{"embeddable":true,"href":"https:\/\/www.fabregat-perulles-sales.com\/actualidad\/wp-json\/wp\/v2\/users\/3"}],"replies":[{"embeddable":true,"href":"https:\/\/www.fabregat-perulles-sales.com\/actualidad\/wp-json\/wp\/v2\/comments?post=1266"}],"version-history":[{"count":3,"href":"https:\/\/www.fabregat-perulles-sales.com\/actualidad\/wp-json\/wp\/v2\/posts\/1266\/revisions"}],"predecessor-version":[{"id":2145,"href":"https:\/\/www.fabregat-perulles-sales.com\/actualidad\/wp-json\/wp\/v2\/posts\/1266\/revisions\/2145"}],"wp:attachment":[{"href":"https:\/\/www.fabregat-perulles-sales.com\/actualidad\/wp-json\/wp\/v2\/media?parent=1266"}],"wp:term":[{"taxonomy":"category","embeddable":true,"href":"https:\/\/www.fabregat-perulles-sales.com\/actualidad\/wp-json\/wp\/v2\/categories?post=1266"},{"taxonomy":"post_tag","embeddable":true,"href":"https:\/\/www.fabregat-perulles-sales.com\/actualidad\/wp-json\/wp\/v2\/tags?post=1266"}],"curies":[{"name":"wp","href":"https:\/\/api.w.org\/{rel}","templated":true}]}}