{"id":1182,"date":"2014-07-15T11:47:05","date_gmt":"2014-07-15T09:47:05","guid":{"rendered":"http:\/\/www.fabregat-perulles-sales.com\/actualidad\/?p=1182"},"modified":"2014-11-26T14:32:07","modified_gmt":"2014-11-26T12:32:07","slug":"el-tribunal-supremo-dicta-sentencia-controvertida-sobre-el-dano-estructural-de-la-loe","status":"publish","type":"post","link":"https:\/\/www.fabregat-perulles-sales.com\/actualidad\/el-tribunal-supremo-dicta-sentencia-controvertida-sobre-el-dano-estructural-de-la-loe\/","title":{"rendered":"El Tribunal Supremo dicta sentencia controvertida sobre el da\u00f1o estructural de la LOE"},"content":{"rendered":"<p><b><span style=\"text-decoration: underline;\">El Pleno de la Sala Primera del Tribunal Supremo ha dictado en fecha <\/span><\/b><b><span style=\"text-decoration: underline;\">05\/05\/2014 Sentencia n\u00ba 221\/2014, el Recurso con n\u00famero de Sala 581\/2012 \u00a0Id. Cendoj: 28079119912014100011<\/span><\/b> de la que ha sido ponente el Illmo Sr. FRANCISCO JAVIER ARROYO FIESTAS, que a nuestro entender, resulta muy relevante &#8211; y nos atrevemos a a\u00f1adir, que ser\u00e1 controvertida- por el modo en el que, de una parte, configura el concepto de \u201cda\u00f1o\u201d y, de otra, inscribe una deficiencia estructural que no ha manifestado da\u00f1o alguno, en el \u00e1mbito de responsabilidades que determina el art\u00edculo 17.1 y 2 de la <a href=\"https:\/\/www.boe.es\/buscar\/act.php?id=BOE-A-1999-21567\" target=\"_blank\">Ley de Ordenaci\u00f3n de la Edificaci\u00f3n<\/a> (LOE).<\/p>\n<p>La cuesti\u00f3n que referimos es objeto del Fundamento de Derecho Sexto de la resoluci\u00f3n que mencionamos, por el que se estima el Motivo de Casaci\u00f3n en el que la Recurrente denunciaba como infringidos <i>los <\/i>art\u00edculos 3, apartados 1 <i>y <\/i>2<i>, y <\/i>17.1 a<i>) y <\/i>b) de la Ley de Ordenaci\u00f3n de la Edificaci\u00f3n (LOE<i>).<\/i><\/p>\n<p><i>\u00a0<\/i>El razonamiento jur\u00eddico que integra el Motivo, contiene a nuestro entender un novedoso planteamiento en torno de los siguientes aspectos:<\/p>\n<p><!--more--><\/p>\n<p><b>1.-<\/b> En primer lugar, conviene indicar que la recurrente afirma, sobre la base de la prueba practicada\u00a0 -hecho probado- la existencia de una ruina potencial y la plasmaci\u00f3n de concretos da\u00f1os materiales en la falta de ignifugaci\u00f3n que se circunscriben a \u201c<i>la falta de sectorizaci\u00f3n de viviendas y la falta de aislamiento ign\u00edfugo de las vigas met\u00e1licas y del forjad, pese a que era un requisito t\u00e9cnico ineludible, siendo evidente la ausencia de dicha protecci\u00f3n contra incendios para cualquier t\u00e9cnico, como se declar\u00f3 probado en la sentencia del Juzgado, en nada contradicha en ese aspecto.<\/i>\u201d<\/p>\n<p>Es tambi\u00e9n hecho probado a efectos casacionales que tales defectos<i> &#8220;suponen vicios o anomal\u00edas en elementos estructurales e incluso pueden afectar sensiblemente la estabilidad del edificio&#8221;.<\/i><\/p>\n<p><b>2.-<\/b> Establece que en las viviendas y elementos comunes se ha producido a los propietarios y comuneros un grandioso menoscabo patrimonial que afecta (si bien no se ha producido da\u00f1o alguno en el sentido lato del t\u00e9rmino) a la seguridad de personas y bienes y al valor de las viviendas, al carecer de un elemento tan esencial para la estructura y estabilidad del edificio. Esta inexistencia de da\u00f1o material, sirvi\u00f3 de base a la Sala de instancia para rechazar el motivo de apelaci\u00f3n esgrimido en sede de Apelaci\u00f3n.-<\/p>\n<p><b>3.-<\/b>\u00a0 El motivo que soporta la casaci\u00f3n lo es a prop\u00f3sito del novedosos concepto de da\u00f1o que la sentencia que comentamos introduce ya que, asimila esta tal falta de los elementos de seguridad que refiere a da\u00f1o patrimonial, y ello, sin perjuicio de que hasta la fecha no se hubieren producido da\u00f1os materiales en la finca.<\/p>\n<p>El fundamento de derecho Sexto, declara espesamente que: \u201c<\/p>\n<p>\u201cSin embargo, esta Sala debe declarar <b><span style=\"text-decoration: underline;\">que el menoscabo patrimonial padecido es no solo un vicio de la edificaci\u00f3n sino un aut\u00e9ntico da\u00f1o material por el infravalor de las viviendas que carecen de un elemento de seguridad b\u00e1sico, y sin que pueda exigirse al comprador que espere a que tales da\u00f1os alcancen un determinado grado de intensidad, pues ya eran de una magnitud insoportable<\/span><\/b>.<\/p>\n<p>No se trata de un mero defecto de habitabilidad o de terminaci\u00f3n o acabado sino como establece el art. 3 de la LOE son un requisito b\u00e1sico de la edificaci\u00f3n que afecta a la seguridad estructural [apartado 1 b), b-1] pues afectaba a las vigas, al forjado y a la sectorizaci\u00f3n entre garaje y viviendas y a las viviendas entre si.<\/p>\n<p><b>No estamos ante un mero defecto en el sistema de seguridad contra incendios, sino ante un d\u00e9ficit de seguridad estructural <\/b>derivados de la falta de sectorizaci\u00f3n entre viviendas y de ellas con el garaje, que constituye un da\u00f1o material. El mencionado art. 3.1 LOE establece que elementos estructurales no son solo los citados en el apartado b) b.1 sino que pueden ser tambi\u00e9n otros que &#8220;comprometan directamente la resistencia mec\u00e1nica y la estabilidad del edificio&#8221;. \u201c<\/p>\n<p>A partir del considerando que expresa la Sala y que transcribimos en el precedente p\u00e1rrafo primero, extiende la aplicaci\u00f3n del art\u00edculo 17.1 a)\u00a0 LOE a los defectos que describe, sobre la base de considerar \u201ccomo establece la doctrina, desde el punto de vista objetivo\u201d la consideraci\u00f3n del da\u00f1o<b> <\/b>como &#8220;<b><span style=\"text-decoration: underline;\">el menoscabo que a consecuencia de un acaecimiento o evento determinado sufre una persona, ya en sus bienes vitales naturales, ya en su propiedad o patrimonio<\/span><\/b>&#8220;.<\/p>\n<p><b>4.-<\/b> A partir de dicha definici\u00f3n, extiende el concepto de da\u00f1o material a aquellos\u00a0 que \u201c<b><span style=\"text-decoration: underline;\">menoscaban esencialmente el patrimonio de los actores, al que someten a un peligro grave, cierto, objetivo y persistente, que afecta a elementos estructurales<\/span><\/b>\u201d y a a\u00f1ade que la falta de los elementos de seguridad que se parec\u00eda en el edificio es da\u00f1o\u00a0 y al efecto, declara \u201cEs decir, <b><span style=\"text-decoration: underline;\">el da\u00f1o material es actual y no de futuro y compromete la resistencia y estabilidad potencialmente<\/span><\/b>: Sostiene dicha declaraci\u00f3n en que \u201cEl Diccionario de la Real Academia Espa\u00f1ola de la Lengua define el t\u00e9rmino &#8220;comprometer&#8221; como &#8220;Exponer o poner a riesgo a alguien o algo en una acci\u00f3n o caso aventurado.\u201d<\/p>\n<p><b>5.-<\/b> Por tanto, el TS entiende que caen bajo el amparo de lo prevenido por el art\u00edculo 17 LOE, los da\u00f1os materiales que comprometen la estabilidad y resistencia del edificio en cuanto la exponen o ponen en riesgo <b><span style=\"text-decoration: underline;\">y porque la subsanaci\u00f3n o reparaci\u00f3n de los defectos tiene un coste cierto y evaluado econ\u00f3micamente.<\/span><\/b><\/p>\n<p>Es interesante destacar que el sentido expresado por la mayor\u00eda de la Sala se ve contestado mediante el voto particular que el Magistrado. D Jos\u00e9 Antonio Seijas Quintana \u00a0al cual se adhiere el Magistrado D. Antonio Salas Carceller.<\/p>\n<p>En s\u00edntesis, la divergencia de criterio que expresan los \u00a0indicados, se circunscribe, en s\u00edntesis, al concepto de da\u00f1o y, en su consecuencia a su eventual subsunci\u00f3n en el concepto de da\u00f1o y \u00e1mbito de responsabilidad que\u00a0 describe el art\u00edculo 17 LOE.<\/p>\n<p>Destacamos del reiterado Voto particular las siguientes consideraciones:<\/p>\n<p><b>1.- <\/b>En cuanto al concepto de da\u00f1os, considera que el da\u00f1o, debe existir en el momento de la interposici\u00f3n de la demanda sin que el riesgo razonable de que este se produzca sea incardinable en el precepto.<\/p>\n<p><b>2.-<\/b> En segundo lugar, distingue la protecci\u00f3n que dispensa la LOE de la protecci\u00f3n que, en su caso, puedan dispensar los art\u00edculos\u00a0 1.091, 1.089, 1101,1.258, 1.124, 1.484 y siguientes, todos ellos del <a href=\"http:\/\/noticias.juridicas.com\/base_datos\/Privado\/cc.html\" target=\"_blank\">C\u00f3digo Civil<\/a>, en tanto que las deficiencias detectadas en los edificios, no siendo da\u00f1os, -en el sentido expresado- no pueden ser subsumidas en el concepto del art\u00edculo 17.1 siendo en su caso, aplicables a los indicados art\u00edculos del CC que regulan de forma general el r\u00e9gimen de cumplimiento \/ incumplimiento de las obligaciones.<\/p>\n\r\n\t\t<style>\r\n\t\t\t.huge-it-share-buttons {\r\n\t\t\t\tborder:0px solid #0FB5D6;\r\n\t\t\t\tborder-radius:5px;\r\n\t\t\t\tbackground:#3BD8FF;\r\n\t\t\t text-align:left; \t\t\t\t\t\t\t\t\t}\r\n\r\n\t\t\t#huge-it-share-buttons-top {margin-bottom:0px;}\r\n\t\t\t#huge-it-share-buttons-bottom {margin-top:0px;}\r\n\r\n\t\t\t.huge-it-share-buttons h3 {\r\n\t\t\t\tfont-size:25px ;\r\n\t\t\t\tfont-family:Arial,Helvetica Neue,Helvetica,sans-serif;\r\n\t\t\t\tcolor:#666666;\r\n\r\n\t\t\tdisplay:block;\t\t\t\tline-height:25px ;\r\n\r\n\t\t\t text-align:left; \t\t\t\t\t\t\t\t\t}\r\n\r\n\t\t\t.huge-it-share-buttons ul {\r\n\t\t\t float:left; \t\t\t\t\t\t\t\t\t}\r\n\r\n\t\t\t.huge-it-share-buttons ul li {\r\n\t\t\t\tmargin-left:3px;\r\n\t\t\t\tmargin-right:3px;\r\n\t\t\t\tpadding:0px;\r\n\t\t\t\tborder:0px ridge #E6354C;\r\n\t\t\t\tborder-radius:11px;\r\n\t\t\t\tbackground-color:#14CC9B;\r\n\t\t\t}\r\n\r\n\t\t\t.huge-it-share-buttons ul li #backforunical1182 {\r\n\t\t\t\tborder-bottom: 0;\r\n\t\t\t\tbackground-image:url('https:\/\/www.fabregat-perulles-sales.com\/actualidad\/wp-content\/plugins\/wp-share-buttons\/Front_end\/..\/images\/buttons.30.png');\r\n\t\t\t\twidth:30px;\r\n\t\t\t\theight:30px;\r\n\t\t\t}\r\n\r\n\t\t\t.front-shares-count {\r\n\t\t\t\tposition: absolute;\r\n\t\t\t\ttext-align: center;\r\n\t\t\t\tdisplay: block;\r\n\t\t\t}\r\n\r\n\t\t\t.shares_size20 .front-shares-count {\r\n\t\t\t\tfont-size: 10px;\r\n\t\t\t\ttop: 10px;\r\n\t\t\t\twidth: 20px;\r\n\t\t\t}\r\n\r\n\t\t\t.shares_size30 .front-shares-count {\r\n\t\t\t\tfont-size: 11px;\r\n\t\t\t\ttop: 15px;\r\n\t\t\t\twidth: 30px;\r\n\t\t\t}\r\n\r\n\t\t\t.shares_size40 .front-shares-count {\r\n\t\t\t\tfont-size: 12px;\r\n\t\t\t\ttop: 21px;\r\n\t\t\t\twidth: 40px;\r\n\t\t\t}\r\n\t\t<\/style>\r\n\t\t\r\n\t\t<div id=\"huge-it-share-buttons-top\" class=\"huge-it-share-buttons nobackground\">\r\n\t\t\t<h3>Share This:<\/h3>\r\n\t\t\t<ul class=\"huge-it-share-buttons-list \">\r\n\t\t\t\t\t\t\t\t\t<li class=\"nobackground \" >\r\n\r\n\t\t\t\t\t\t\t\t\t\t\t\t<a id=\"backforunical1182\" href=\"https:\/\/www.facebook.com\/sharer\/sharer.php?u=www.fabregat-perulles-sales.com\/actualidad\/wp-json\/wp\/v2\/posts\/1182\"  onclick=\"javascript:void window.open('https:\/\/www.facebook.com\/sharer\/sharer.php?u=www.fabregat-perulles-sales.com\/actualidad\/wp-json\/wp\/v2\/posts\/1182','1410949501326','width=700,height=500,toolbar=0,menubar=0,location=0,status=1,scrollbars=1,resizable=1,left=0,top=0');return false;\" style=\"background-position: -0px -120px \"><\/a>\r\n\t\t\t\t\t<\/li>\r\n\t\t\t\t\t\t\t\t\t\t<li class=\"nobackground \" >\r\n\r\n\t\t\t\t\t\t\t\t\t\t\t\t<a id=\"backforunical1182\" href=\"https:\/\/twitter.com\/share?status=www.fabregat-perulles-sales.com\/actualidad\/wp-json\/wp\/v2\/posts\/1182&text=El Tribunal Supremo dicta sentencia controvertida sobre el da\u00f1o estructural de la LOE\"  onclick=\"javascript:void window.open('https:\/\/twitter.com\/share?status=www.fabregat-perulles-sales.com\/actualidad\/wp-json\/wp\/v2\/posts\/1182&text=El Tribunal Supremo dicta sentencia controvertida sobre el da\u00f1o estructural de la LOE','1410949501326','width=700,height=500,toolbar=0,menubar=0,location=0,status=1,scrollbars=1,resizable=1,left=0,top=0');return false;\" style=\"background-position: -30px -120px \"><\/a>\r\n\t\t\t\t\t<\/li>\r\n\t\t\t\t\t\t\t\t\t\t<li class=\"none nobackground \" >\r\n\r\n\t\t\t\t\t\t\t\t\t\t\t\t<a id=\"backforunical1182\" href=\"http:\/\/www.pinterest.com\/pin\/create\/button\/?url=www.fabregat-perulles-sales.com\/actualidad\/wp-json\/wp\/v2\/posts\/1182&media=https:\/\/www.fabregat-perulles-sales.com\/actualidad\/wp-content\/plugins\/wp-share-buttons\/Front_end\/..\/images\/noimage.png&description=El Tribunal Supremo dicta sentencia controvertida sobre el da\u00f1o estructural de la LOE\"  onclick=\"javascript:void window.open('http:\/\/www.pinterest.com\/pin\/create\/button\/?url=www.fabregat-perulles-sales.com\/actualidad\/wp-json\/wp\/v2\/posts\/1182&media=https:\/\/www.fabregat-perulles-sales.com\/actualidad\/wp-content\/plugins\/wp-share-buttons\/Front_end\/..\/images\/noimage.png&description=El Tribunal Supremo dicta sentencia controvertida sobre el da\u00f1o estructural de la LOE','1410949501326','width=700,height=500,toolbar=0,menubar=0,location=0,status=1,scrollbars=1,resizable=1,left=0,top=0');return false;\" style=\"background-position: -60px -120px \"><\/a>\r\n\t\t\t\t\t<\/li>\r\n\t\t\t\t\t\t\t\t\t\t<li class=\"none nobackground \" >\r\n\r\n\t\t\t\t\t\t\t\t\t\t\t\t<a id=\"backforunical1182\" href=\"https:\/\/plus.google.com\/share?url=www.fabregat-perulles-sales.com\/actualidad\/wp-json\/wp\/v2\/posts\/1182\"  onclick=\"javascript:void window.open('https:\/\/plus.google.com\/share?url=www.fabregat-perulles-sales.com\/actualidad\/wp-json\/wp\/v2\/posts\/1182','1410949501326','width=700,height=500,toolbar=0,menubar=0,location=0,status=1,scrollbars=1,resizable=1,left=0,top=0');return false;\" style=\"background-position: -90px -120px \"><\/a>\r\n\t\t\t\t\t<\/li>\r\n\t\t\t\t\t\t\t\t\t\t<li class=\"nobackground \" >\r\n\r\n\t\t\t\t\t\t\t\t\t\t\t\t<a id=\"backforunical1182\" href=\"https:\/\/www.linkedin.com\/shareArticle?title=El Tribunal Supremo dicta sentencia controvertida sobre el da\u00f1o estructural de la LOE&mini=true&url=https:\/\/www.fabregat-perulles-sales.com\/actualidad\/wp-json\/wp\/v2\/posts\/1182\"  onclick=\"javascript:void window.open('https:\/\/www.linkedin.com\/shareArticle?title=El Tribunal Supremo dicta sentencia controvertida sobre el da\u00f1o estructural de la LOE&mini=true&url=https:\/\/www.fabregat-perulles-sales.com\/actualidad\/wp-json\/wp\/v2\/posts\/1182','1410949501326','width=700,height=500,toolbar=0,menubar=0,location=0,status=1,scrollbars=1,resizable=1,left=0,top=0');return false;\" style=\"background-position: -120px -120px \"><\/a>\r\n\t\t\t\t\t<\/li>\r\n\t\t\t\t\t\t\t\t\t\t<li class=\"none nobackground \" >\r\n\r\n\t\t\t\t\t\t\t\t\t\t\t\t<a id=\"backforunical1182\" href=\"https:\/\/www.tumblr.com\/share\/link?url=www.fabregat-perulles-sales.com\/actualidad\/wp-json\/wp\/v2\/posts\/1182&name=El Tribunal Supremo dicta sentencia controvertida sobre el da\u00f1o estructural de la LOE\"  onclick=\"javascript:void window.open('https:\/\/www.tumblr.com\/share\/link?url=www.fabregat-perulles-sales.com\/actualidad\/wp-json\/wp\/v2\/posts\/1182&name=El Tribunal Supremo dicta sentencia controvertida sobre el da\u00f1o estructural de la LOE','1410949501326','width=700,height=500,toolbar=0,menubar=0,location=0,status=1,scrollbars=1,resizable=1,left=0,top=0');return false;\" style=\"background-position: -150px -120px \"><\/a>\r\n\t\t\t\t\t<\/li>\r\n\t\t\t\t\t\t\t\t\t\t<li class=\"none nobackground \" >\r\n\r\n\t\t\t\t\t\t\t\t\t\t\t\t<a id=\"backforunical1182\" href=\"http:\/\/digg.com\/submit?phase=2&url=www.fabregat-perulles-sales.com\/actualidad\/wp-json\/wp\/v2\/posts\/1182&title=El Tribunal Supremo dicta sentencia controvertida sobre el da\u00f1o estructural de la LOE\"  onclick=\"javascript:void window.open('http:\/\/digg.com\/submit?phase=2&url=www.fabregat-perulles-sales.com\/actualidad\/wp-json\/wp\/v2\/posts\/1182&title=El Tribunal Supremo dicta sentencia controvertida sobre el da\u00f1o estructural de la LOE','1410949501326','width=700,height=500,toolbar=0,menubar=0,location=0,status=1,scrollbars=1,resizable=1,left=0,top=0');return false;\" style=\"background-position: -180px -120px \"><\/a>\r\n\t\t\t\t\t<\/li>\r\n\t\t\t\t\t\t\t\t\t\t<li class=\"none nobackground \" >\r\n\r\n\t\t\t\t\t\t\t\t\t\t\t\t<a id=\"backforunical1182\" href=\"http:\/\/www.stumbleupon.com\/submit?url=www.fabregat-perulles-sales.com\/actualidad\/wp-json\/wp\/v2\/posts\/1182&title=El Tribunal Supremo dicta sentencia controvertida sobre el da\u00f1o estructural de la LOE\"  onclick=\"javascript:void window.open('http:\/\/www.stumbleupon.com\/submit?url=www.fabregat-perulles-sales.com\/actualidad\/wp-json\/wp\/v2\/posts\/1182&title=El Tribunal Supremo dicta sentencia controvertida sobre el da\u00f1o estructural de la LOE','1410949501326','width=700,height=500,toolbar=0,menubar=0,location=0,status=1,scrollbars=1,resizable=1,left=0,top=0');return false;\" style=\"background-position: -210px -120px \"><\/a>\r\n\t\t\t\t\t<\/li>\r\n\t\t\t\t\t\t\t\t\t\t<li class=\"none nobackground \" >\r\n\r\n\t\t\t\t\t\t\t\t\t\t\t\t<a id=\"backforunical1182\" href=\"https:\/\/myspace.com\/post?l=3&u=www.fabregat-perulles-sales.com\/actualidad\/wp-json\/wp\/v2\/posts\/1182\"  onclick=\"javascript:void window.open('https:\/\/myspace.com\/post?l=3&u=www.fabregat-perulles-sales.com\/actualidad\/wp-json\/wp\/v2\/posts\/1182','1410949501326','width=700,height=500,toolbar=0,menubar=0,location=0,status=1,scrollbars=1,resizable=1,left=0,top=0');return false;\" style=\"background-position: -240px -120px \"><\/a>\r\n\t\t\t\t\t<\/li>\r\n\t\t\t\t\t\t\t\t\t\t<li class=\"nobackground \" >\r\n\r\n\t\t\t\t\t\t\t\t\t\t\t\t<a id=\"backforunical1182\" href=\"http:\/\/vk.com\/share.php?url=www.fabregat-perulles-sales.com\/actualidad\/wp-json\/wp\/v2\/posts\/1182&title=El Tribunal Supremo dicta sentencia controvertida sobre el da\u00f1o estructural de la LOE\"  onclick=\"javascript:void window.open('http:\/\/vk.com\/share.php?url=www.fabregat-perulles-sales.com\/actualidad\/wp-json\/wp\/v2\/posts\/1182&title=El Tribunal Supremo dicta sentencia controvertida sobre el da\u00f1o estructural de la LOE','1410949501326','width=700,height=500,toolbar=0,menubar=0,location=0,status=1,scrollbars=1,resizable=1,left=0,top=0');return false;\" style=\"background-position: -270px -120px \"><\/a>\r\n\t\t\t\t\t<\/li>\r\n\t\t\t\t\t\t\t\t\t\t<li class=\"none nobackground \" >\r\n\r\n\t\t\t\t\t\t\t\t\t\t\t\t<a id=\"backforunical1182\" href=\"http:\/\/www.reddit.com\/submit?url=www.fabregat-perulles-sales.com\/actualidad\/wp-json\/wp\/v2\/posts\/1182&title=El Tribunal Supremo dicta sentencia controvertida sobre el da\u00f1o estructural de la LOE\"  onclick=\"javascript:void window.open('http:\/\/www.reddit.com\/submit?url=www.fabregat-perulles-sales.com\/actualidad\/wp-json\/wp\/v2\/posts\/1182&title=El Tribunal Supremo dicta sentencia controvertida sobre el da\u00f1o estructural de la LOE','1410949501326','width=700,height=500,toolbar=0,menubar=0,location=0,status=1,scrollbars=1,resizable=1,left=0,top=0');return false;\" style=\"background-position: -300px -120px \"><\/a>\r\n\t\t\t\t\t<\/li>\r\n\t\t\t\t\t\t\t\t\t\t<li class=\"none nobackground \" >\r\n\r\n\t\t\t\t\t\t\t\t\t\t\t\t<a id=\"backforunical1182\" href=\"http:\/\/www.bebo.com\/c\/share?Url=www.fabregat-perulles-sales.com\/actualidad\/wp-json\/wp\/v2\/posts\/1182\"  onclick=\"javascript:void window.open('http:\/\/www.bebo.com\/c\/share?Url=www.fabregat-perulles-sales.com\/actualidad\/wp-json\/wp\/v2\/posts\/1182','1410949501326','width=700,height=500,toolbar=0,menubar=0,location=0,status=1,scrollbars=1,resizable=1,left=0,top=0');return false;\" style=\"background-position: -330px -120px \"><\/a>\r\n\t\t\t\t\t<\/li>\r\n\t\t\t\t\t\t\t\t\t\t<li class=\"none nobackground \" >\r\n\r\n\t\t\t\t\t\t\t\t\t\t\t\t<a id=\"backforunical1182\" href=\"https:\/\/delicious.com\/save?v=5&noui&jump=close&url=www.fabregat-perulles-sales.com\/actualidad\/wp-json\/wp\/v2\/posts\/1182&title=El Tribunal Supremo dicta sentencia controvertida sobre el da\u00f1o estructural de la LOE\"  onclick=\"javascript:void window.open('https:\/\/delicious.com\/save?v=5&noui&jump=close&url=www.fabregat-perulles-sales.com\/actualidad\/wp-json\/wp\/v2\/posts\/1182&title=El Tribunal Supremo dicta sentencia controvertida sobre el da\u00f1o estructural de la LOE','1410949501326','width=700,height=500,toolbar=0,menubar=0,location=0,status=1,scrollbars=1,resizable=1,left=0,top=0');return false;\" style=\"background-position: -360px -120px \"><\/a>\r\n\t\t\t\t\t<\/li>\r\n\t\t\t\t\t\t\t\t\t\t<li class=\"none nobackground \" >\r\n\r\n\t\t\t\t\t\t\t\t\t\t\t\t<a id=\"backforunical1182\" href=\"http:\/\/www.odnoklassniki.ru\/dk?st.cmd=addShare&st.s=2&st.noresize=on&st._surl=www.fabregat-perulles-sales.com\/actualidad\/wp-json\/wp\/v2\/posts\/1182\"  onclick=\"javascript:void window.open('http:\/\/www.odnoklassniki.ru\/dk?st.cmd=addShare&st.s=2&st.noresize=on&st._surl=www.fabregat-perulles-sales.com\/actualidad\/wp-json\/wp\/v2\/posts\/1182','1410949501326','width=700,height=500,toolbar=0,menubar=0,location=0,status=1,scrollbars=1,resizable=1,left=0,top=0');return false;\" style=\"background-position: -390px -120px \"><\/a>\r\n\t\t\t\t\t<\/li>\r\n\t\t\t\t\t\t\t\t\t\t<li class=\"none nobackground \" >\r\n\r\n\t\t\t\t\t\t\t\t\t\t\t\t<a id=\"backforunical1182\" href=\"http:\/\/sns.qzone.qq.com\/cgi-bin\/qzshare\/cgi_qzshare_onekey?url=www.fabregat-perulles-sales.com\/actualidad\/wp-json\/wp\/v2\/posts\/1182&title=El Tribunal Supremo dicta sentencia controvertida sobre el da\u00f1o estructural de la LOE\"  onclick=\"javascript:void window.open('http:\/\/sns.qzone.qq.com\/cgi-bin\/qzshare\/cgi_qzshare_onekey?url=www.fabregat-perulles-sales.com\/actualidad\/wp-json\/wp\/v2\/posts\/1182&title=El Tribunal Supremo dicta sentencia controvertida sobre el da\u00f1o estructural de la LOE','1410949501326','width=700,height=500,toolbar=0,menubar=0,location=0,status=1,scrollbars=1,resizable=1,left=0,top=0');return false;\" style=\"background-position: -420px -120px \"><\/a>\r\n\t\t\t\t\t<\/li>\r\n\t\t\t\t\t\t\t\t\t\t<li class=\"none nobackground \" >\r\n\r\n\t\t\t\t\t\t\t\t\t\t\t\t<a id=\"backforunical1182\" href=\"http:\/\/service.weibo.com\/share\/share.php?url=www.fabregat-perulles-sales.com\/actualidad\/wp-json\/wp\/v2\/posts\/1182&appkey=&title=El Tribunal Supremo dicta sentencia controvertida sobre el da\u00f1o estructural de la LOE&pic=&ralateUid=&\"  onclick=\"javascript:void window.open('http:\/\/service.weibo.com\/share\/share.php?url=www.fabregat-perulles-sales.com\/actualidad\/wp-json\/wp\/v2\/posts\/1182&appkey=&title=El Tribunal Supremo dicta sentencia controvertida sobre el da\u00f1o estructural de la LOE&pic=&ralateUid=&','1410949501326','width=700,height=500,toolbar=0,menubar=0,location=0,status=1,scrollbars=1,resizable=1,left=0,top=0');return false;\" style=\"background-position: -450px -120px \"><\/a>\r\n\t\t\t\t\t<\/li>\r\n\t\t\t\t\t\t\t\t\t\t<li class=\"none nobackground \" >\r\n\r\n\t\t\t\t\t\t\t\t\t\t\t\t<a id=\"backforunical1182\" href=\"http:\/\/widget.renren.com\/dialog\/share?resourceUrl=www.fabregat-perulles-sales.com\/actualidad\/wp-json\/wp\/v2\/posts\/1182&srcUrl=www.fabregat-perulles-sales.com\/actualidad\/wp-json\/wp\/v2\/posts\/1182&title=El Tribunal Supremo dicta sentencia controvertida sobre el da\u00f1o estructural de la LOE\"  onclick=\"javascript:void window.open('http:\/\/widget.renren.com\/dialog\/share?resourceUrl=www.fabregat-perulles-sales.com\/actualidad\/wp-json\/wp\/v2\/posts\/1182&srcUrl=www.fabregat-perulles-sales.com\/actualidad\/wp-json\/wp\/v2\/posts\/1182&title=El Tribunal Supremo dicta sentencia controvertida sobre el da\u00f1o estructural de la LOE','1410949501326','width=700,height=500,toolbar=0,menubar=0,location=0,status=1,scrollbars=1,resizable=1,left=0,top=0');return false;\" style=\"background-position: -480px -120px \"><\/a>\r\n\t\t\t\t\t<\/li>\r\n\t\t\t\t\t\t\t\t\t\t<li class=\"none nobackground \" >\r\n\r\n\t\t\t\t\t\t\t\t\t\t\t\t<a id=\"backforunical1182\" href=\"http:\/\/n4g.com\/tips?url=www.fabregat-perulles-sales.com\/actualidad\/wp-json\/wp\/v2\/posts\/1182&title=El Tribunal Supremo dicta sentencia controvertida sobre el da\u00f1o estructural de la LOE\"  onclick=\"javascript:void window.open('http:\/\/n4g.com\/tips?url=www.fabregat-perulles-sales.com\/actualidad\/wp-json\/wp\/v2\/posts\/1182&title=El Tribunal Supremo dicta sentencia controvertida sobre el da\u00f1o estructural de la LOE','1410949501326','width=700,height=500,toolbar=0,menubar=0,location=0,status=1,scrollbars=1,resizable=1,left=0,top=0');return false;\" style=\"background-position: -510px -120px \"><\/a>\r\n\t\t\t\t\t<\/li>\r\n\t\t\t\t\t\t\t\t<\/ul>\r\n\t\t\t<div class=\"clear\"><\/div>\r\n\t\t<\/div>\r\n\t\t","protected":false},"excerpt":{"rendered":"<p>El Pleno de la Sala Primera del Tribunal Supremo ha dictado en fecha 05\/05\/2014 Sentencia n\u00ba 221\/2014, el Recurso con n\u00famero de Sala 581\/2012 \u00a0Id. Cendoj: 28079119912014100011 de la que ha sido ponente el Illmo Sr. FRANCISCO JAVIER ARROYO FIESTAS, que a nuestro entender, resulta muy relevante &#8211; y nos atrevemos a a\u00f1adir, que ser\u00e1\u2026 <span class=\"read-more\"><a href=\"https:\/\/www.fabregat-perulles-sales.com\/actualidad\/el-tribunal-supremo-dicta-sentencia-controvertida-sobre-el-dano-estructural-de-la-loe\/\">Read More &raquo;<\/a><\/span><\/p>\n","protected":false},"author":3,"featured_media":0,"comment_status":"open","ping_status":"closed","sticky":false,"template":"","format":"standard","meta":[],"categories":[14,466],"tags":[392,391,393,27],"yoast_head":"<!-- This site is optimized with the Yoast SEO plugin v20.2.1 - https:\/\/yoast.com\/wordpress\/plugins\/seo\/ -->\n<title>El Tribunal Supremo dicta sentencia controvertida sobre el da\u00f1o estructural de la LOE | International Lawyers<\/title>\n<meta name=\"description\" content=\"El Pleno de la Sala Primera del Tribunal Supremo ha dictado en fecha 05\/05\/2014 Sentencia n\u00ba 221\/2014, el Recurso con n\u00famero de Sala 581\/2012 \u00a0Id. Cendoj:\" \/>\n<meta name=\"robots\" content=\"index, follow, max-snippet:-1, max-image-preview:large, max-video-preview:-1\" \/>\n<link rel=\"canonical\" href=\"https:\/\/www.fabregat-perulles-sales.com\/actualidad\/el-tribunal-supremo-dicta-sentencia-controvertida-sobre-el-dano-estructural-de-la-loe\/\" \/>\n<meta property=\"og:locale\" content=\"en_US\" \/>\n<meta property=\"og:type\" content=\"article\" \/>\n<meta property=\"og:title\" content=\"El Tribunal Supremo dicta sentencia controvertida sobre el da\u00f1o estructural de la LOE | International Lawyers\" \/>\n<meta property=\"og:description\" content=\"El Pleno de la Sala Primera del Tribunal Supremo ha dictado en fecha 05\/05\/2014 Sentencia n\u00ba 221\/2014, el Recurso con n\u00famero de Sala 581\/2012 \u00a0Id. Cendoj:\" \/>\n<meta property=\"og:url\" content=\"https:\/\/www.fabregat-perulles-sales.com\/actualidad\/el-tribunal-supremo-dicta-sentencia-controvertida-sobre-el-dano-estructural-de-la-loe\/\" \/>\n<meta property=\"og:site_name\" content=\"International Lawyers\" \/>\n<meta property=\"article:published_time\" content=\"2014-07-15T09:47:05+00:00\" \/>\n<meta property=\"article:modified_time\" content=\"2014-11-26T12:32:07+00:00\" \/>\n<meta name=\"author\" content=\"Victor\" \/>\n<meta name=\"twitter:card\" content=\"summary_large_image\" \/>\n<meta name=\"twitter:label1\" content=\"Written by\" \/>\n\t<meta name=\"twitter:data1\" content=\"Victor\" \/>\n\t<meta name=\"twitter:label2\" content=\"Est. reading time\" \/>\n\t<meta name=\"twitter:data2\" content=\"6 minutes\" \/>\n<script type=\"application\/ld+json\" class=\"yoast-schema-graph\">{\"@context\":\"https:\/\/schema.org\",\"@graph\":[{\"@type\":\"WebPage\",\"@id\":\"https:\/\/www.fabregat-perulles-sales.com\/actualidad\/el-tribunal-supremo-dicta-sentencia-controvertida-sobre-el-dano-estructural-de-la-loe\/\",\"url\":\"https:\/\/www.fabregat-perulles-sales.com\/actualidad\/el-tribunal-supremo-dicta-sentencia-controvertida-sobre-el-dano-estructural-de-la-loe\/\",\"name\":\"El Tribunal Supremo dicta sentencia controvertida sobre el da\u00f1o estructural de la LOE | International Lawyers\",\"isPartOf\":{\"@id\":\"https:\/\/www.fabregat-perulles-sales.com\/actualidad\/#website\"},\"datePublished\":\"2014-07-15T09:47:05+00:00\",\"dateModified\":\"2014-11-26T12:32:07+00:00\",\"author\":{\"@id\":\"https:\/\/www.fabregat-perulles-sales.com\/actualidad\/#\/schema\/person\/cabc1d68c7778f01d5e069c2d98442e3\"},\"description\":\"El Pleno de la Sala Primera del Tribunal Supremo ha dictado en fecha 05\/05\/2014 Sentencia n\u00ba 221\/2014, el Recurso con n\u00famero de Sala 581\/2012 \u00a0Id. Cendoj:\",\"breadcrumb\":{\"@id\":\"https:\/\/www.fabregat-perulles-sales.com\/actualidad\/el-tribunal-supremo-dicta-sentencia-controvertida-sobre-el-dano-estructural-de-la-loe\/#breadcrumb\"},\"inLanguage\":\"en-US\",\"potentialAction\":[{\"@type\":\"ReadAction\",\"target\":[\"https:\/\/www.fabregat-perulles-sales.com\/actualidad\/el-tribunal-supremo-dicta-sentencia-controvertida-sobre-el-dano-estructural-de-la-loe\/\"]}]},{\"@type\":\"BreadcrumbList\",\"@id\":\"https:\/\/www.fabregat-perulles-sales.com\/actualidad\/el-tribunal-supremo-dicta-sentencia-controvertida-sobre-el-dano-estructural-de-la-loe\/#breadcrumb\",\"itemListElement\":[{\"@type\":\"ListItem\",\"position\":1,\"name\":\"Home\",\"item\":\"https:\/\/www.fabregat-perulles-sales.com\/actualidad\/\"},{\"@type\":\"ListItem\",\"position\":2,\"name\":\"El Tribunal Supremo dicta sentencia controvertida sobre el da\u00f1o estructural de la LOE\"}]},{\"@type\":\"WebSite\",\"@id\":\"https:\/\/www.fabregat-perulles-sales.com\/actualidad\/#website\",\"url\":\"https:\/\/www.fabregat-perulles-sales.com\/actualidad\/\",\"name\":\"www.fabregat-perulles-sales.com\",\"description\":\"Fabregat Perulles Sales Abogados is a law firm of reference international market in the Spanish-German, Spanish-French, and Spanish-Italian. Is one of the first firms in Barcelona offering a Russian Desk.\",\"potentialAction\":[{\"@type\":\"SearchAction\",\"target\":{\"@type\":\"EntryPoint\",\"urlTemplate\":\"https:\/\/www.fabregat-perulles-sales.com\/actualidad\/?s={search_term_string}\"},\"query-input\":\"required name=search_term_string\"}],\"inLanguage\":\"en-US\"},{\"@type\":\"Person\",\"@id\":\"https:\/\/www.fabregat-perulles-sales.com\/actualidad\/#\/schema\/person\/cabc1d68c7778f01d5e069c2d98442e3\",\"name\":\"Victor\",\"image\":{\"@type\":\"ImageObject\",\"inLanguage\":\"en-US\",\"@id\":\"https:\/\/www.fabregat-perulles-sales.com\/actualidad\/#\/schema\/person\/image\/\",\"url\":\"https:\/\/secure.gravatar.com\/avatar\/756cb666a964d2960ffe307b8a53b271?s=96&d=mm&r=g\",\"contentUrl\":\"https:\/\/secure.gravatar.com\/avatar\/756cb666a964d2960ffe307b8a53b271?s=96&d=mm&r=g\",\"caption\":\"Victor\"},\"sameAs\":[\"http:\/\/www.fabregat-perulles-sales.com\"],\"url\":\"https:\/\/www.fabregat-perulles-sales.com\/actualidad\/author\/victor\/\"}]}<\/script>\n<!-- \/ Yoast SEO plugin. -->","yoast_head_json":{"title":"El Tribunal Supremo dicta sentencia controvertida sobre el da\u00f1o estructural de la LOE | International Lawyers","description":"El Pleno de la Sala Primera del Tribunal Supremo ha dictado en fecha 05\/05\/2014 Sentencia n\u00ba 221\/2014, el Recurso con n\u00famero de Sala 581\/2012 \u00a0Id. Cendoj:","robots":{"index":"index","follow":"follow","max-snippet":"max-snippet:-1","max-image-preview":"max-image-preview:large","max-video-preview":"max-video-preview:-1"},"canonical":"https:\/\/www.fabregat-perulles-sales.com\/actualidad\/el-tribunal-supremo-dicta-sentencia-controvertida-sobre-el-dano-estructural-de-la-loe\/","og_locale":"en_US","og_type":"article","og_title":"El Tribunal Supremo dicta sentencia controvertida sobre el da\u00f1o estructural de la LOE | International Lawyers","og_description":"El Pleno de la Sala Primera del Tribunal Supremo ha dictado en fecha 05\/05\/2014 Sentencia n\u00ba 221\/2014, el Recurso con n\u00famero de Sala 581\/2012 \u00a0Id. Cendoj:","og_url":"https:\/\/www.fabregat-perulles-sales.com\/actualidad\/el-tribunal-supremo-dicta-sentencia-controvertida-sobre-el-dano-estructural-de-la-loe\/","og_site_name":"International Lawyers","article_published_time":"2014-07-15T09:47:05+00:00","article_modified_time":"2014-11-26T12:32:07+00:00","author":"Victor","twitter_card":"summary_large_image","twitter_misc":{"Written by":"Victor","Est. reading time":"6 minutes"},"schema":{"@context":"https:\/\/schema.org","@graph":[{"@type":"WebPage","@id":"https:\/\/www.fabregat-perulles-sales.com\/actualidad\/el-tribunal-supremo-dicta-sentencia-controvertida-sobre-el-dano-estructural-de-la-loe\/","url":"https:\/\/www.fabregat-perulles-sales.com\/actualidad\/el-tribunal-supremo-dicta-sentencia-controvertida-sobre-el-dano-estructural-de-la-loe\/","name":"El Tribunal Supremo dicta sentencia controvertida sobre el da\u00f1o estructural de la LOE | International Lawyers","isPartOf":{"@id":"https:\/\/www.fabregat-perulles-sales.com\/actualidad\/#website"},"datePublished":"2014-07-15T09:47:05+00:00","dateModified":"2014-11-26T12:32:07+00:00","author":{"@id":"https:\/\/www.fabregat-perulles-sales.com\/actualidad\/#\/schema\/person\/cabc1d68c7778f01d5e069c2d98442e3"},"description":"El Pleno de la Sala Primera del Tribunal Supremo ha dictado en fecha 05\/05\/2014 Sentencia n\u00ba 221\/2014, el Recurso con n\u00famero de Sala 581\/2012 \u00a0Id. Cendoj:","breadcrumb":{"@id":"https:\/\/www.fabregat-perulles-sales.com\/actualidad\/el-tribunal-supremo-dicta-sentencia-controvertida-sobre-el-dano-estructural-de-la-loe\/#breadcrumb"},"inLanguage":"en-US","potentialAction":[{"@type":"ReadAction","target":["https:\/\/www.fabregat-perulles-sales.com\/actualidad\/el-tribunal-supremo-dicta-sentencia-controvertida-sobre-el-dano-estructural-de-la-loe\/"]}]},{"@type":"BreadcrumbList","@id":"https:\/\/www.fabregat-perulles-sales.com\/actualidad\/el-tribunal-supremo-dicta-sentencia-controvertida-sobre-el-dano-estructural-de-la-loe\/#breadcrumb","itemListElement":[{"@type":"ListItem","position":1,"name":"Home","item":"https:\/\/www.fabregat-perulles-sales.com\/actualidad\/"},{"@type":"ListItem","position":2,"name":"El Tribunal Supremo dicta sentencia controvertida sobre el da\u00f1o estructural de la LOE"}]},{"@type":"WebSite","@id":"https:\/\/www.fabregat-perulles-sales.com\/actualidad\/#website","url":"https:\/\/www.fabregat-perulles-sales.com\/actualidad\/","name":"www.fabregat-perulles-sales.com","description":"Fabregat Perulles Sales Abogados is a law firm of reference international market in the Spanish-German, Spanish-French, and Spanish-Italian. Is one of the first firms in Barcelona offering a Russian Desk.","potentialAction":[{"@type":"SearchAction","target":{"@type":"EntryPoint","urlTemplate":"https:\/\/www.fabregat-perulles-sales.com\/actualidad\/?s={search_term_string}"},"query-input":"required name=search_term_string"}],"inLanguage":"en-US"},{"@type":"Person","@id":"https:\/\/www.fabregat-perulles-sales.com\/actualidad\/#\/schema\/person\/cabc1d68c7778f01d5e069c2d98442e3","name":"Victor","image":{"@type":"ImageObject","inLanguage":"en-US","@id":"https:\/\/www.fabregat-perulles-sales.com\/actualidad\/#\/schema\/person\/image\/","url":"https:\/\/secure.gravatar.com\/avatar\/756cb666a964d2960ffe307b8a53b271?s=96&d=mm&r=g","contentUrl":"https:\/\/secure.gravatar.com\/avatar\/756cb666a964d2960ffe307b8a53b271?s=96&d=mm&r=g","caption":"Victor"},"sameAs":["http:\/\/www.fabregat-perulles-sales.com"],"url":"https:\/\/www.fabregat-perulles-sales.com\/actualidad\/author\/victor\/"}]}},"amp_enabled":true,"_links":{"self":[{"href":"https:\/\/www.fabregat-perulles-sales.com\/actualidad\/wp-json\/wp\/v2\/posts\/1182"}],"collection":[{"href":"https:\/\/www.fabregat-perulles-sales.com\/actualidad\/wp-json\/wp\/v2\/posts"}],"about":[{"href":"https:\/\/www.fabregat-perulles-sales.com\/actualidad\/wp-json\/wp\/v2\/types\/post"}],"author":[{"embeddable":true,"href":"https:\/\/www.fabregat-perulles-sales.com\/actualidad\/wp-json\/wp\/v2\/users\/3"}],"replies":[{"embeddable":true,"href":"https:\/\/www.fabregat-perulles-sales.com\/actualidad\/wp-json\/wp\/v2\/comments?post=1182"}],"version-history":[{"count":3,"href":"https:\/\/www.fabregat-perulles-sales.com\/actualidad\/wp-json\/wp\/v2\/posts\/1182\/revisions"}],"predecessor-version":[{"id":1501,"href":"https:\/\/www.fabregat-perulles-sales.com\/actualidad\/wp-json\/wp\/v2\/posts\/1182\/revisions\/1501"}],"wp:attachment":[{"href":"https:\/\/www.fabregat-perulles-sales.com\/actualidad\/wp-json\/wp\/v2\/media?parent=1182"}],"wp:term":[{"taxonomy":"category","embeddable":true,"href":"https:\/\/www.fabregat-perulles-sales.com\/actualidad\/wp-json\/wp\/v2\/categories?post=1182"},{"taxonomy":"post_tag","embeddable":true,"href":"https:\/\/www.fabregat-perulles-sales.com\/actualidad\/wp-json\/wp\/v2\/tags?post=1182"}],"curies":[{"name":"wp","href":"https:\/\/api.w.org\/{rel}","templated":true}]}}