{"id":1149,"date":"2014-06-19T16:26:25","date_gmt":"2014-06-19T14:26:25","guid":{"rendered":"http:\/\/www.fabregat-perulles-sales.com\/actualidad\/?p=1149"},"modified":"2014-11-26T14:32:07","modified_gmt":"2014-11-26T12:32:07","slug":"se-aprueba-el-real-decreto-4132014-de-6-de-junio-por-el-que-se-regula-la-actividad-de-produccion-de-energia-electrica-a-partir-de-fuentes-de-energia-renovables-cogeneracion-y-residuos","status":"publish","type":"post","link":"https:\/\/www.fabregat-perulles-sales.com\/actualidad\/se-aprueba-el-real-decreto-4132014-de-6-de-junio-por-el-que-se-regula-la-actividad-de-produccion-de-energia-electrica-a-partir-de-fuentes-de-energia-renovables-cogeneracion-y-residuos\/","title":{"rendered":"Se aprueba el Real Decreto 413\/2014, de 6 de junio, por el que se regula la actividad de producci\u00f3n de energ\u00eda el\u00e9ctrica a partir de fuentes de energ\u00eda renovables, cogeneraci\u00f3n y residuos"},"content":{"rendered":"<p>Esta norma pretende avanzar en la homogeneizaci\u00f3n del tratamiento de las tecnolog\u00edas convencionales y las renovables, e incluso tambi\u00e9n entre estas \u00faltimas.<\/p>\n<p>Por este motivo, el <a href=\"http:\/\/www.boe.es\/boe\/dias\/2014\/06\/10\/pdfs\/BOE-A-2014-6123.pdf\" target=\"_blank\">Real Decreto<\/a> es de aplicaci\u00f3n a <b><span style=\"text-decoration: underline;\">todas<\/span><\/b> las instalaciones de producci\u00f3n de energ\u00eda el\u00e9ctrica a partir de fuentes de energ\u00eda renovables, cogeneraci\u00f3n y residuos, sin limitaciones de potencia. Lo caracter\u00edstico es la tecnolog\u00eda y fuente de energ\u00eda utilizada.<\/p>\n<p>La norma define tambi\u00e9n los rasgos generales del \u201csistema de retribuci\u00f3n espec\u00edfico\u201d de tales instalaciones, si bien para la concreci\u00f3n de dicho sistema ser\u00e1 preciso que el Ministerio de Industria, Comercio y Turismo (MINETUR) dicte una Orden ministerial que clasifique las \u201cinstalaciones tipo\u201d en funci\u00f3n de la potencia instalada, antig\u00fcedad, tecnolog\u00eda o cualquier otro factor que estime relevante.<\/p>\n<p><!--more--><br \/>\nCada instalaci\u00f3n tendr\u00e1 asignada una \u201cinstalaci\u00f3n tipo\u201d y en funci\u00f3n de \u00e9sta se determinar\u00e1 su sistema de retribuci\u00f3n espec\u00edfico.<\/p>\n<p>Se abandona el sistema de retribuci\u00f3n primado por el de retribuci\u00f3n espec\u00edfica, el cual, de acuerdo con el tenor literal de la norma, debe permitir a este tipo de instalaciones cubrir los costes necesarios para competir en el mercado en condiciones de igualdad con el resto de tecnolog\u00edas convencionales y obtener una rentabilidad razonable.<\/p>\n<p>El Real Decreto tambi\u00e9n define el tantas veces invocado principio de rentabilidad razonable y lo hace por referencia a la instalaci\u00f3n tipo en cada caso aplicable. Hasta el 31 de diciembre de 2019, la rentabilidad razonable girar\u00e1, antes de impuestos, sobre el rendimiento medio en el mercado secundario de los diez a\u00f1os anteriores a la entrada en vigor del presente Real Decreto (es es, 11 junio 2014) de las Obligaciones del Estado a diez a\u00f1os, incrementada en 300 puntos b\u00e1sicos.<\/p>\n<p><i>Territorios no peninsulares<\/i><\/p>\n<p>Con car\u00e1cter excepcional, y por el elevado coste que conlleva la producci\u00f3n de energ\u00eda el\u00e9ctrica con tecnolog\u00edas t\u00e9rmicas de origen f\u00f3sil en los territorios peninsulares, al sistema de retribuci\u00f3n espec\u00edfico, podr\u00e1 adicionarse un incentivo a la inversi\u00f3n en tales territorios, siempre y cuando su implantaci\u00f3n reduzca los costes de generaci\u00f3n de forma global.<\/p>\n<p><i>\u00bfQu\u00e9 sucede con las instalaciones preexistentes que hasta la fecha hab\u00edan venido gozando de un sistema retributivo primado? <\/i><\/p>\n<p>A continuaci\u00f3n se enumeran diversos supuestos que regula este Real Decreto:<\/p>\n<ul>\n<li>Instalaciones que perder\u00e1n su derecho a la retribuci\u00f3n:<\/li>\n<\/ul>\n<ul>\n<ul>\n<li>Instalaciones fotovoltaicas inscritas en el registro de preasignaciones de retribuci\u00f3n regulado en el art. 4 del <a href=\"http:\/\/www.boe.es\/buscar\/doc.php?id=BOE-A-2008-15595\" target=\"_blank\">Real Decreto 1578\/2008, de 26 de septiembre<\/a>, que no hubieran resultado inscritas con car\u00e1cter definitivo en el registro administrativo de instalaciones de producci\u00f3n de energ\u00eda el\u00e9ctrica o no hubieran iniciado operaciones de venta de dicha energ\u00eda.<\/li>\n<\/ul>\n<\/ul>\n<ul>\n<ul>\n<li>Instalaciones inscritas en el registro de preasignaciones de retribuci\u00f3n regulado en el art. 4 del Real Decreto \u2013Ley 6\/2009, de 20 de abril, que no hubieran resultado inscritas con car\u00e1cter definitivo en el registro administrativo de instalaciones de producci\u00f3n de energ\u00eda el\u00e9ctrica o no hubieran iniciado operaciones de venta de dicha energ\u00eda.<\/li>\n<\/ul>\n<\/ul>\n<ul>\n<ul>\n<li>Instalaciones que al tiempo de vencer el plazo l\u00edmite establecido para ser inscritas con car\u00e1cter definitivo en el registro administrativo de instalaciones de producci\u00f3n de energ\u00eda el\u00e9ctrica o para iniciar la venta de energ\u00eda, no est\u00e9n todav\u00eda finalizadas.<\/li>\n<\/ul>\n<\/ul>\n<ul>\n<li>Instalaciones que deber\u00e1n regularizar y, en algunos casos, devolver los ingresos percibidos:<\/li>\n<\/ul>\n<ul>\n<ul>\n<li>Instalaciones de generaci\u00f3n que empleen como energ\u00eda primaria alguna de las energ\u00edas renovables no consumibles. Per\u00edodo a regularizar: entre el 1 de enero de 2013 al 14 de julio de 2013.<\/li>\n<\/ul>\n<\/ul>\n<ul>\n<ul>\n<li>Instalaciones obligadas a corregir los ingresos anuales procedentes del r\u00e9gimen de retribuci\u00f3n espec\u00edfico del ejercicio 2013, desde 14 de julio de 2013 hasta 31 de diciembre de 2013.<\/li>\n<\/ul>\n<\/ul>\n<ul>\n<li>Instalaciones que mantendr\u00e1n su derecho a la retribuci\u00f3n pero con ciertas especificidades:<\/li>\n<\/ul>\n<ul>\n<ul>\n<li>Instalaciones de producci\u00f3n de energ\u00eda el\u00e9ctrica a partir de fuentes de energ\u00eda renovables, cogeneraci\u00f3n y residuos que tuvieran reconocida una retribuci\u00f3n primada al amparo de los siguientes: 1) <a href=\"http:\/\/www.boe.es\/buscar\/doc.php?id=BOE-A-2007-10556\" target=\"_blank\">Real Decreto 661\/2007, de 25 de mayo<\/a>; 2) Real Decreto 1578\/ 2008, de 26 de septiembre<\/li>\n<\/ul>\n<\/ul>\n<ul>\n<ul>\n<li>Instalaciones adjudicatarias del concurso de instalaciones de tecnolog\u00eda solar termoel\u00e9ctrica de car\u00e1cter innovador.<\/li>\n<\/ul>\n<\/ul>\n<ul>\n<ul>\n<li>Instalaciones diferentes a la fotovoltaica, termoel\u00e9ctrica, solar y e\u00f3lica.<\/li>\n<\/ul>\n<\/ul>\n<p><i>Modificaci\u00f3n de instalaciones; impacto en el sistema de retribuci\u00f3n espec\u00edfico<\/i><\/p>\n<p><i>\u00a0<\/i>Por \u00faltimo, destacamos que la norma prev\u00e9 que cualquier modificaci\u00f3n de las instalaciones con derecho a r\u00e9gimen de retribuci\u00f3n espec\u00edfico, podr\u00e1 dar lugar a una variaci\u00f3n \u2013generalmente a la baja- de dicho r\u00e9gimen. No deja de sorprender dicha previsi\u00f3n pues la misma podr\u00eda desincentivar la inversi\u00f3n en la mejora y\/o ampliaci\u00f3n de tales instalaciones.<\/p>\n\r\n\t\t<style>\r\n\t\t\t.huge-it-share-buttons {\r\n\t\t\t\tborder:0px solid #0FB5D6;\r\n\t\t\t\tborder-radius:5px;\r\n\t\t\t\tbackground:#3BD8FF;\r\n\t\t\t text-align:left; \t\t\t\t\t\t\t\t\t}\r\n\r\n\t\t\t#huge-it-share-buttons-top {margin-bottom:0px;}\r\n\t\t\t#huge-it-share-buttons-bottom {margin-top:0px;}\r\n\r\n\t\t\t.huge-it-share-buttons h3 {\r\n\t\t\t\tfont-size:25px ;\r\n\t\t\t\tfont-family:Arial,Helvetica Neue,Helvetica,sans-serif;\r\n\t\t\t\tcolor:#666666;\r\n\r\n\t\t\tdisplay:block;\t\t\t\tline-height:25px ;\r\n\r\n\t\t\t text-align:left; \t\t\t\t\t\t\t\t\t}\r\n\r\n\t\t\t.huge-it-share-buttons ul {\r\n\t\t\t float:left; \t\t\t\t\t\t\t\t\t}\r\n\r\n\t\t\t.huge-it-share-buttons ul li {\r\n\t\t\t\tmargin-left:3px;\r\n\t\t\t\tmargin-right:3px;\r\n\t\t\t\tpadding:0px;\r\n\t\t\t\tborder:0px ridge #E6354C;\r\n\t\t\t\tborder-radius:11px;\r\n\t\t\t\tbackground-color:#14CC9B;\r\n\t\t\t}\r\n\r\n\t\t\t.huge-it-share-buttons ul li #backforunical1149 {\r\n\t\t\t\tborder-bottom: 0;\r\n\t\t\t\tbackground-image:url('https:\/\/www.fabregat-perulles-sales.com\/actualidad\/wp-content\/plugins\/wp-share-buttons\/Front_end\/..\/images\/buttons.30.png');\r\n\t\t\t\twidth:30px;\r\n\t\t\t\theight:30px;\r\n\t\t\t}\r\n\r\n\t\t\t.front-shares-count {\r\n\t\t\t\tposition: absolute;\r\n\t\t\t\ttext-align: center;\r\n\t\t\t\tdisplay: block;\r\n\t\t\t}\r\n\r\n\t\t\t.shares_size20 .front-shares-count {\r\n\t\t\t\tfont-size: 10px;\r\n\t\t\t\ttop: 10px;\r\n\t\t\t\twidth: 20px;\r\n\t\t\t}\r\n\r\n\t\t\t.shares_size30 .front-shares-count {\r\n\t\t\t\tfont-size: 11px;\r\n\t\t\t\ttop: 15px;\r\n\t\t\t\twidth: 30px;\r\n\t\t\t}\r\n\r\n\t\t\t.shares_size40 .front-shares-count {\r\n\t\t\t\tfont-size: 12px;\r\n\t\t\t\ttop: 21px;\r\n\t\t\t\twidth: 40px;\r\n\t\t\t}\r\n\t\t<\/style>\r\n\t\t\r\n\t\t<div id=\"huge-it-share-buttons-top\" class=\"huge-it-share-buttons nobackground\">\r\n\t\t\t<h3>Share This:<\/h3>\r\n\t\t\t<ul class=\"huge-it-share-buttons-list \">\r\n\t\t\t\t\t\t\t\t\t<li class=\"nobackground \" >\r\n\r\n\t\t\t\t\t\t\t\t\t\t\t\t<a id=\"backforunical1149\" href=\"https:\/\/www.facebook.com\/sharer\/sharer.php?u=www.fabregat-perulles-sales.com\/actualidad\/wp-json\/wp\/v2\/posts\/1149\"  onclick=\"javascript:void window.open('https:\/\/www.facebook.com\/sharer\/sharer.php?u=www.fabregat-perulles-sales.com\/actualidad\/wp-json\/wp\/v2\/posts\/1149','1410949501326','width=700,height=500,toolbar=0,menubar=0,location=0,status=1,scrollbars=1,resizable=1,left=0,top=0');return false;\" style=\"background-position: -0px -120px \"><\/a>\r\n\t\t\t\t\t<\/li>\r\n\t\t\t\t\t\t\t\t\t\t<li class=\"nobackground \" >\r\n\r\n\t\t\t\t\t\t\t\t\t\t\t\t<a id=\"backforunical1149\" href=\"https:\/\/twitter.com\/share?status=www.fabregat-perulles-sales.com\/actualidad\/wp-json\/wp\/v2\/posts\/1149&text=Se aprueba el Real Decreto 413\/2014, de 6 de junio, por el que se regula la actividad de producci\u00f3n de energ\u00eda el\u00e9ctrica a partir de fuentes de energ\u00eda renovables, cogeneraci\u00f3n y residuos\"  onclick=\"javascript:void window.open('https:\/\/twitter.com\/share?status=www.fabregat-perulles-sales.com\/actualidad\/wp-json\/wp\/v2\/posts\/1149&text=Se aprueba el Real Decreto 413\/2014, de 6 de junio, por el que se regula la actividad de producci\u00f3n de energ\u00eda el\u00e9ctrica a partir de fuentes de energ\u00eda renovables, cogeneraci\u00f3n y residuos','1410949501326','width=700,height=500,toolbar=0,menubar=0,location=0,status=1,scrollbars=1,resizable=1,left=0,top=0');return false;\" style=\"background-position: -30px -120px \"><\/a>\r\n\t\t\t\t\t<\/li>\r\n\t\t\t\t\t\t\t\t\t\t<li class=\"none nobackground \" >\r\n\r\n\t\t\t\t\t\t\t\t\t\t\t\t<a id=\"backforunical1149\" href=\"http:\/\/www.pinterest.com\/pin\/create\/button\/?url=www.fabregat-perulles-sales.com\/actualidad\/wp-json\/wp\/v2\/posts\/1149&media=https:\/\/www.fabregat-perulles-sales.com\/actualidad\/wp-content\/plugins\/wp-share-buttons\/Front_end\/..\/images\/noimage.png&description=Se aprueba el Real Decreto 413\/2014, de 6 de junio, por el que se regula la actividad de producci\u00f3n de energ\u00eda el\u00e9ctrica a partir de fuentes de energ\u00eda renovables, cogeneraci\u00f3n y residuos\"  onclick=\"javascript:void window.open('http:\/\/www.pinterest.com\/pin\/create\/button\/?url=www.fabregat-perulles-sales.com\/actualidad\/wp-json\/wp\/v2\/posts\/1149&media=https:\/\/www.fabregat-perulles-sales.com\/actualidad\/wp-content\/plugins\/wp-share-buttons\/Front_end\/..\/images\/noimage.png&description=Se aprueba el Real Decreto 413\/2014, de 6 de junio, por el que se regula la actividad de producci\u00f3n de energ\u00eda el\u00e9ctrica a partir de fuentes de energ\u00eda renovables, cogeneraci\u00f3n y residuos','1410949501326','width=700,height=500,toolbar=0,menubar=0,location=0,status=1,scrollbars=1,resizable=1,left=0,top=0');return false;\" style=\"background-position: -60px -120px \"><\/a>\r\n\t\t\t\t\t<\/li>\r\n\t\t\t\t\t\t\t\t\t\t<li class=\"none nobackground \" >\r\n\r\n\t\t\t\t\t\t\t\t\t\t\t\t<a id=\"backforunical1149\" href=\"https:\/\/plus.google.com\/share?url=www.fabregat-perulles-sales.com\/actualidad\/wp-json\/wp\/v2\/posts\/1149\"  onclick=\"javascript:void window.open('https:\/\/plus.google.com\/share?url=www.fabregat-perulles-sales.com\/actualidad\/wp-json\/wp\/v2\/posts\/1149','1410949501326','width=700,height=500,toolbar=0,menubar=0,location=0,status=1,scrollbars=1,resizable=1,left=0,top=0');return false;\" style=\"background-position: -90px -120px \"><\/a>\r\n\t\t\t\t\t<\/li>\r\n\t\t\t\t\t\t\t\t\t\t<li class=\"nobackground \" >\r\n\r\n\t\t\t\t\t\t\t\t\t\t\t\t<a id=\"backforunical1149\" href=\"https:\/\/www.linkedin.com\/shareArticle?title=Se aprueba el Real Decreto 413\/2014, de 6 de junio, por el que se regula la actividad de producci\u00f3n de energ\u00eda el\u00e9ctrica a partir de fuentes de energ\u00eda renovables, cogeneraci\u00f3n y residuos&mini=true&url=https:\/\/www.fabregat-perulles-sales.com\/actualidad\/wp-json\/wp\/v2\/posts\/1149\"  onclick=\"javascript:void window.open('https:\/\/www.linkedin.com\/shareArticle?title=Se aprueba el Real Decreto 413\/2014, de 6 de junio, por el que se regula la actividad de producci\u00f3n de energ\u00eda el\u00e9ctrica a partir de fuentes de energ\u00eda renovables, cogeneraci\u00f3n y residuos&mini=true&url=https:\/\/www.fabregat-perulles-sales.com\/actualidad\/wp-json\/wp\/v2\/posts\/1149','1410949501326','width=700,height=500,toolbar=0,menubar=0,location=0,status=1,scrollbars=1,resizable=1,left=0,top=0');return false;\" style=\"background-position: -120px -120px \"><\/a>\r\n\t\t\t\t\t<\/li>\r\n\t\t\t\t\t\t\t\t\t\t<li class=\"none nobackground \" >\r\n\r\n\t\t\t\t\t\t\t\t\t\t\t\t<a id=\"backforunical1149\" href=\"https:\/\/www.tumblr.com\/share\/link?url=www.fabregat-perulles-sales.com\/actualidad\/wp-json\/wp\/v2\/posts\/1149&name=Se aprueba el Real Decreto 413\/2014, de 6 de junio, por el que se regula la actividad de producci\u00f3n de energ\u00eda el\u00e9ctrica a partir de fuentes de energ\u00eda renovables, cogeneraci\u00f3n y residuos\"  onclick=\"javascript:void window.open('https:\/\/www.tumblr.com\/share\/link?url=www.fabregat-perulles-sales.com\/actualidad\/wp-json\/wp\/v2\/posts\/1149&name=Se aprueba el Real Decreto 413\/2014, de 6 de junio, por el que se regula la actividad de producci\u00f3n de energ\u00eda el\u00e9ctrica a partir de fuentes de energ\u00eda renovables, cogeneraci\u00f3n y residuos','1410949501326','width=700,height=500,toolbar=0,menubar=0,location=0,status=1,scrollbars=1,resizable=1,left=0,top=0');return false;\" style=\"background-position: -150px -120px \"><\/a>\r\n\t\t\t\t\t<\/li>\r\n\t\t\t\t\t\t\t\t\t\t<li class=\"none nobackground \" >\r\n\r\n\t\t\t\t\t\t\t\t\t\t\t\t<a id=\"backforunical1149\" href=\"http:\/\/digg.com\/submit?phase=2&url=www.fabregat-perulles-sales.com\/actualidad\/wp-json\/wp\/v2\/posts\/1149&title=Se aprueba el Real Decreto 413\/2014, de 6 de junio, por el que se regula la actividad de producci\u00f3n de energ\u00eda el\u00e9ctrica a partir de fuentes de energ\u00eda renovables, cogeneraci\u00f3n y residuos\"  onclick=\"javascript:void window.open('http:\/\/digg.com\/submit?phase=2&url=www.fabregat-perulles-sales.com\/actualidad\/wp-json\/wp\/v2\/posts\/1149&title=Se aprueba el Real Decreto 413\/2014, de 6 de junio, por el que se regula la actividad de producci\u00f3n de energ\u00eda el\u00e9ctrica a partir de fuentes de energ\u00eda renovables, cogeneraci\u00f3n y residuos','1410949501326','width=700,height=500,toolbar=0,menubar=0,location=0,status=1,scrollbars=1,resizable=1,left=0,top=0');return false;\" style=\"background-position: -180px -120px \"><\/a>\r\n\t\t\t\t\t<\/li>\r\n\t\t\t\t\t\t\t\t\t\t<li class=\"none nobackground \" >\r\n\r\n\t\t\t\t\t\t\t\t\t\t\t\t<a id=\"backforunical1149\" href=\"http:\/\/www.stumbleupon.com\/submit?url=www.fabregat-perulles-sales.com\/actualidad\/wp-json\/wp\/v2\/posts\/1149&title=Se aprueba el Real Decreto 413\/2014, de 6 de junio, por el que se regula la actividad de producci\u00f3n de energ\u00eda el\u00e9ctrica a partir de fuentes de energ\u00eda renovables, cogeneraci\u00f3n y residuos\"  onclick=\"javascript:void window.open('http:\/\/www.stumbleupon.com\/submit?url=www.fabregat-perulles-sales.com\/actualidad\/wp-json\/wp\/v2\/posts\/1149&title=Se aprueba el Real Decreto 413\/2014, de 6 de junio, por el que se regula la actividad de producci\u00f3n de energ\u00eda el\u00e9ctrica a partir de fuentes de energ\u00eda renovables, cogeneraci\u00f3n y residuos','1410949501326','width=700,height=500,toolbar=0,menubar=0,location=0,status=1,scrollbars=1,resizable=1,left=0,top=0');return false;\" style=\"background-position: -210px -120px \"><\/a>\r\n\t\t\t\t\t<\/li>\r\n\t\t\t\t\t\t\t\t\t\t<li class=\"none nobackground \" >\r\n\r\n\t\t\t\t\t\t\t\t\t\t\t\t<a id=\"backforunical1149\" href=\"https:\/\/myspace.com\/post?l=3&u=www.fabregat-perulles-sales.com\/actualidad\/wp-json\/wp\/v2\/posts\/1149\"  onclick=\"javascript:void window.open('https:\/\/myspace.com\/post?l=3&u=www.fabregat-perulles-sales.com\/actualidad\/wp-json\/wp\/v2\/posts\/1149','1410949501326','width=700,height=500,toolbar=0,menubar=0,location=0,status=1,scrollbars=1,resizable=1,left=0,top=0');return false;\" style=\"background-position: -240px -120px \"><\/a>\r\n\t\t\t\t\t<\/li>\r\n\t\t\t\t\t\t\t\t\t\t<li class=\"nobackground \" >\r\n\r\n\t\t\t\t\t\t\t\t\t\t\t\t<a id=\"backforunical1149\" href=\"http:\/\/vk.com\/share.php?url=www.fabregat-perulles-sales.com\/actualidad\/wp-json\/wp\/v2\/posts\/1149&title=Se aprueba el Real Decreto 413\/2014, de 6 de junio, por el que se regula la actividad de producci\u00f3n de energ\u00eda el\u00e9ctrica a partir de fuentes de energ\u00eda renovables, cogeneraci\u00f3n y residuos\"  onclick=\"javascript:void window.open('http:\/\/vk.com\/share.php?url=www.fabregat-perulles-sales.com\/actualidad\/wp-json\/wp\/v2\/posts\/1149&title=Se aprueba el Real Decreto 413\/2014, de 6 de junio, por el que se regula la actividad de producci\u00f3n de energ\u00eda el\u00e9ctrica a partir de fuentes de energ\u00eda renovables, cogeneraci\u00f3n y residuos','1410949501326','width=700,height=500,toolbar=0,menubar=0,location=0,status=1,scrollbars=1,resizable=1,left=0,top=0');return false;\" style=\"background-position: -270px -120px \"><\/a>\r\n\t\t\t\t\t<\/li>\r\n\t\t\t\t\t\t\t\t\t\t<li class=\"none nobackground \" >\r\n\r\n\t\t\t\t\t\t\t\t\t\t\t\t<a id=\"backforunical1149\" href=\"http:\/\/www.reddit.com\/submit?url=www.fabregat-perulles-sales.com\/actualidad\/wp-json\/wp\/v2\/posts\/1149&title=Se aprueba el Real Decreto 413\/2014, de 6 de junio, por el que se regula la actividad de producci\u00f3n de energ\u00eda el\u00e9ctrica a partir de fuentes de energ\u00eda renovables, cogeneraci\u00f3n y residuos\"  onclick=\"javascript:void window.open('http:\/\/www.reddit.com\/submit?url=www.fabregat-perulles-sales.com\/actualidad\/wp-json\/wp\/v2\/posts\/1149&title=Se aprueba el Real Decreto 413\/2014, de 6 de junio, por el que se regula la actividad de producci\u00f3n de energ\u00eda el\u00e9ctrica a partir de fuentes de energ\u00eda renovables, cogeneraci\u00f3n y residuos','1410949501326','width=700,height=500,toolbar=0,menubar=0,location=0,status=1,scrollbars=1,resizable=1,left=0,top=0');return false;\" style=\"background-position: -300px -120px \"><\/a>\r\n\t\t\t\t\t<\/li>\r\n\t\t\t\t\t\t\t\t\t\t<li class=\"none nobackground \" >\r\n\r\n\t\t\t\t\t\t\t\t\t\t\t\t<a id=\"backforunical1149\" href=\"http:\/\/www.bebo.com\/c\/share?Url=www.fabregat-perulles-sales.com\/actualidad\/wp-json\/wp\/v2\/posts\/1149\"  onclick=\"javascript:void window.open('http:\/\/www.bebo.com\/c\/share?Url=www.fabregat-perulles-sales.com\/actualidad\/wp-json\/wp\/v2\/posts\/1149','1410949501326','width=700,height=500,toolbar=0,menubar=0,location=0,status=1,scrollbars=1,resizable=1,left=0,top=0');return false;\" style=\"background-position: -330px -120px \"><\/a>\r\n\t\t\t\t\t<\/li>\r\n\t\t\t\t\t\t\t\t\t\t<li class=\"none nobackground \" >\r\n\r\n\t\t\t\t\t\t\t\t\t\t\t\t<a id=\"backforunical1149\" href=\"https:\/\/delicious.com\/save?v=5&noui&jump=close&url=www.fabregat-perulles-sales.com\/actualidad\/wp-json\/wp\/v2\/posts\/1149&title=Se aprueba el Real Decreto 413\/2014, de 6 de junio, por el que se regula la actividad de producci\u00f3n de energ\u00eda el\u00e9ctrica a partir de fuentes de energ\u00eda renovables, cogeneraci\u00f3n y residuos\"  onclick=\"javascript:void window.open('https:\/\/delicious.com\/save?v=5&noui&jump=close&url=www.fabregat-perulles-sales.com\/actualidad\/wp-json\/wp\/v2\/posts\/1149&title=Se aprueba el Real Decreto 413\/2014, de 6 de junio, por el que se regula la actividad de producci\u00f3n de energ\u00eda el\u00e9ctrica a partir de fuentes de energ\u00eda renovables, cogeneraci\u00f3n y residuos','1410949501326','width=700,height=500,toolbar=0,menubar=0,location=0,status=1,scrollbars=1,resizable=1,left=0,top=0');return false;\" style=\"background-position: -360px -120px \"><\/a>\r\n\t\t\t\t\t<\/li>\r\n\t\t\t\t\t\t\t\t\t\t<li class=\"none nobackground \" >\r\n\r\n\t\t\t\t\t\t\t\t\t\t\t\t<a id=\"backforunical1149\" href=\"http:\/\/www.odnoklassniki.ru\/dk?st.cmd=addShare&st.s=2&st.noresize=on&st._surl=www.fabregat-perulles-sales.com\/actualidad\/wp-json\/wp\/v2\/posts\/1149\"  onclick=\"javascript:void window.open('http:\/\/www.odnoklassniki.ru\/dk?st.cmd=addShare&st.s=2&st.noresize=on&st._surl=www.fabregat-perulles-sales.com\/actualidad\/wp-json\/wp\/v2\/posts\/1149','1410949501326','width=700,height=500,toolbar=0,menubar=0,location=0,status=1,scrollbars=1,resizable=1,left=0,top=0');return false;\" style=\"background-position: -390px -120px \"><\/a>\r\n\t\t\t\t\t<\/li>\r\n\t\t\t\t\t\t\t\t\t\t<li class=\"none nobackground \" >\r\n\r\n\t\t\t\t\t\t\t\t\t\t\t\t<a id=\"backforunical1149\" href=\"http:\/\/sns.qzone.qq.com\/cgi-bin\/qzshare\/cgi_qzshare_onekey?url=www.fabregat-perulles-sales.com\/actualidad\/wp-json\/wp\/v2\/posts\/1149&title=Se aprueba el Real Decreto 413\/2014, de 6 de junio, por el que se regula la actividad de producci\u00f3n de energ\u00eda el\u00e9ctrica a partir de fuentes de energ\u00eda renovables, cogeneraci\u00f3n y residuos\"  onclick=\"javascript:void window.open('http:\/\/sns.qzone.qq.com\/cgi-bin\/qzshare\/cgi_qzshare_onekey?url=www.fabregat-perulles-sales.com\/actualidad\/wp-json\/wp\/v2\/posts\/1149&title=Se aprueba el Real Decreto 413\/2014, de 6 de junio, por el que se regula la actividad de producci\u00f3n de energ\u00eda el\u00e9ctrica a partir de fuentes de energ\u00eda renovables, cogeneraci\u00f3n y residuos','1410949501326','width=700,height=500,toolbar=0,menubar=0,location=0,status=1,scrollbars=1,resizable=1,left=0,top=0');return false;\" style=\"background-position: -420px -120px \"><\/a>\r\n\t\t\t\t\t<\/li>\r\n\t\t\t\t\t\t\t\t\t\t<li class=\"none nobackground \" >\r\n\r\n\t\t\t\t\t\t\t\t\t\t\t\t<a id=\"backforunical1149\" href=\"http:\/\/service.weibo.com\/share\/share.php?url=www.fabregat-perulles-sales.com\/actualidad\/wp-json\/wp\/v2\/posts\/1149&appkey=&title=Se aprueba el Real Decreto 413\/2014, de 6 de junio, por el que se regula la actividad de producci\u00f3n de energ\u00eda el\u00e9ctrica a partir de fuentes de energ\u00eda renovables, cogeneraci\u00f3n y residuos&pic=&ralateUid=&\"  onclick=\"javascript:void window.open('http:\/\/service.weibo.com\/share\/share.php?url=www.fabregat-perulles-sales.com\/actualidad\/wp-json\/wp\/v2\/posts\/1149&appkey=&title=Se aprueba el Real Decreto 413\/2014, de 6 de junio, por el que se regula la actividad de producci\u00f3n de energ\u00eda el\u00e9ctrica a partir de fuentes de energ\u00eda renovables, cogeneraci\u00f3n y residuos&pic=&ralateUid=&','1410949501326','width=700,height=500,toolbar=0,menubar=0,location=0,status=1,scrollbars=1,resizable=1,left=0,top=0');return false;\" style=\"background-position: -450px -120px \"><\/a>\r\n\t\t\t\t\t<\/li>\r\n\t\t\t\t\t\t\t\t\t\t<li class=\"none nobackground \" >\r\n\r\n\t\t\t\t\t\t\t\t\t\t\t\t<a id=\"backforunical1149\" href=\"http:\/\/widget.renren.com\/dialog\/share?resourceUrl=www.fabregat-perulles-sales.com\/actualidad\/wp-json\/wp\/v2\/posts\/1149&srcUrl=www.fabregat-perulles-sales.com\/actualidad\/wp-json\/wp\/v2\/posts\/1149&title=Se aprueba el Real Decreto 413\/2014, de 6 de junio, por el que se regula la actividad de producci\u00f3n de energ\u00eda el\u00e9ctrica a partir de fuentes de energ\u00eda renovables, cogeneraci\u00f3n y residuos\"  onclick=\"javascript:void window.open('http:\/\/widget.renren.com\/dialog\/share?resourceUrl=www.fabregat-perulles-sales.com\/actualidad\/wp-json\/wp\/v2\/posts\/1149&srcUrl=www.fabregat-perulles-sales.com\/actualidad\/wp-json\/wp\/v2\/posts\/1149&title=Se aprueba el Real Decreto 413\/2014, de 6 de junio, por el que se regula la actividad de producci\u00f3n de energ\u00eda el\u00e9ctrica a partir de fuentes de energ\u00eda renovables, cogeneraci\u00f3n y residuos','1410949501326','width=700,height=500,toolbar=0,menubar=0,location=0,status=1,scrollbars=1,resizable=1,left=0,top=0');return false;\" style=\"background-position: -480px -120px \"><\/a>\r\n\t\t\t\t\t<\/li>\r\n\t\t\t\t\t\t\t\t\t\t<li class=\"none nobackground \" >\r\n\r\n\t\t\t\t\t\t\t\t\t\t\t\t<a id=\"backforunical1149\" href=\"http:\/\/n4g.com\/tips?url=www.fabregat-perulles-sales.com\/actualidad\/wp-json\/wp\/v2\/posts\/1149&title=Se aprueba el Real Decreto 413\/2014, de 6 de junio, por el que se regula la actividad de producci\u00f3n de energ\u00eda el\u00e9ctrica a partir de fuentes de energ\u00eda renovables, cogeneraci\u00f3n y residuos\"  onclick=\"javascript:void window.open('http:\/\/n4g.com\/tips?url=www.fabregat-perulles-sales.com\/actualidad\/wp-json\/wp\/v2\/posts\/1149&title=Se aprueba el Real Decreto 413\/2014, de 6 de junio, por el que se regula la actividad de producci\u00f3n de energ\u00eda el\u00e9ctrica a partir de fuentes de energ\u00eda renovables, cogeneraci\u00f3n y residuos','1410949501326','width=700,height=500,toolbar=0,menubar=0,location=0,status=1,scrollbars=1,resizable=1,left=0,top=0');return false;\" style=\"background-position: -510px -120px \"><\/a>\r\n\t\t\t\t\t<\/li>\r\n\t\t\t\t\t\t\t\t<\/ul>\r\n\t\t\t<div class=\"clear\"><\/div>\r\n\t\t<\/div>\r\n\t\t","protected":false},"excerpt":{"rendered":"<p>Esta norma pretende avanzar en la homogeneizaci\u00f3n del tratamiento de las tecnolog\u00edas convencionales y las renovables, e incluso tambi\u00e9n entre estas \u00faltimas. Por este motivo, el Real Decreto es de aplicaci\u00f3n a todas las instalaciones de producci\u00f3n de energ\u00eda el\u00e9ctrica a partir de fuentes de energ\u00eda renovables, cogeneraci\u00f3n y residuos, sin limitaciones de potencia. Lo\u2026 <span class=\"read-more\"><a href=\"https:\/\/www.fabregat-perulles-sales.com\/actualidad\/se-aprueba-el-real-decreto-4132014-de-6-de-junio-por-el-que-se-regula-la-actividad-de-produccion-de-energia-electrica-a-partir-de-fuentes-de-energia-renovables-cogeneracion-y-residuos\/\">Read More &raquo;<\/a><\/span><\/p>\n","protected":false},"author":3,"featured_media":0,"comment_status":"open","ping_status":"closed","sticky":false,"template":"","format":"standard","meta":[],"categories":[20,466,3],"tags":[375,376,377],"yoast_head":"<!-- This site is optimized with the Yoast SEO plugin v20.2.1 - https:\/\/yoast.com\/wordpress\/plugins\/seo\/ -->\n<title>Se aprueba el Real Decreto 413\/2014, de 6 de junio, por el que se regula la actividad de producci\u00f3n de energ\u00eda el\u00e9ctrica a partir de fuentes de energ\u00eda renovables, cogeneraci\u00f3n y residuos | International Lawyers<\/title>\n<meta name=\"description\" content=\"Esta norma pretende avanzar en la homogeneizaci\u00f3n del tratamiento de las tecnolog\u00edas convencionales y las renovables, e incluso tambi\u00e9n entre estas\" \/>\n<meta name=\"robots\" content=\"index, follow, max-snippet:-1, max-image-preview:large, max-video-preview:-1\" \/>\n<link rel=\"canonical\" href=\"https:\/\/www.fabregat-perulles-sales.com\/actualidad\/se-aprueba-el-real-decreto-4132014-de-6-de-junio-por-el-que-se-regula-la-actividad-de-produccion-de-energia-electrica-a-partir-de-fuentes-de-energia-renovables-cogeneracion-y-residuos\/\" \/>\n<meta property=\"og:locale\" content=\"en_US\" \/>\n<meta property=\"og:type\" content=\"article\" \/>\n<meta property=\"og:title\" content=\"Se aprueba el Real Decreto 413\/2014, de 6 de junio, por el que se regula la actividad de producci\u00f3n de energ\u00eda el\u00e9ctrica a partir de fuentes de energ\u00eda renovables, cogeneraci\u00f3n y residuos | International Lawyers\" \/>\n<meta property=\"og:description\" content=\"Esta norma pretende avanzar en la homogeneizaci\u00f3n del tratamiento de las tecnolog\u00edas convencionales y las renovables, e incluso tambi\u00e9n entre estas\" \/>\n<meta property=\"og:url\" content=\"https:\/\/www.fabregat-perulles-sales.com\/actualidad\/se-aprueba-el-real-decreto-4132014-de-6-de-junio-por-el-que-se-regula-la-actividad-de-produccion-de-energia-electrica-a-partir-de-fuentes-de-energia-renovables-cogeneracion-y-residuos\/\" \/>\n<meta property=\"og:site_name\" content=\"International Lawyers\" \/>\n<meta property=\"article:published_time\" content=\"2014-06-19T14:26:25+00:00\" \/>\n<meta property=\"article:modified_time\" content=\"2014-11-26T12:32:07+00:00\" \/>\n<meta name=\"author\" content=\"Victor\" \/>\n<meta name=\"twitter:card\" content=\"summary_large_image\" \/>\n<meta name=\"twitter:label1\" content=\"Written by\" \/>\n\t<meta name=\"twitter:data1\" content=\"Victor\" \/>\n\t<meta name=\"twitter:label2\" content=\"Est. reading time\" \/>\n\t<meta name=\"twitter:data2\" content=\"4 minutes\" \/>\n<script type=\"application\/ld+json\" class=\"yoast-schema-graph\">{\"@context\":\"https:\/\/schema.org\",\"@graph\":[{\"@type\":\"WebPage\",\"@id\":\"https:\/\/www.fabregat-perulles-sales.com\/actualidad\/se-aprueba-el-real-decreto-4132014-de-6-de-junio-por-el-que-se-regula-la-actividad-de-produccion-de-energia-electrica-a-partir-de-fuentes-de-energia-renovables-cogeneracion-y-residuos\/\",\"url\":\"https:\/\/www.fabregat-perulles-sales.com\/actualidad\/se-aprueba-el-real-decreto-4132014-de-6-de-junio-por-el-que-se-regula-la-actividad-de-produccion-de-energia-electrica-a-partir-de-fuentes-de-energia-renovables-cogeneracion-y-residuos\/\",\"name\":\"Se aprueba el Real Decreto 413\/2014, de 6 de junio, por el que se regula la actividad de producci\u00f3n de energ\u00eda el\u00e9ctrica a partir de fuentes de energ\u00eda renovables, cogeneraci\u00f3n y residuos | International Lawyers\",\"isPartOf\":{\"@id\":\"https:\/\/www.fabregat-perulles-sales.com\/actualidad\/#website\"},\"datePublished\":\"2014-06-19T14:26:25+00:00\",\"dateModified\":\"2014-11-26T12:32:07+00:00\",\"author\":{\"@id\":\"https:\/\/www.fabregat-perulles-sales.com\/actualidad\/#\/schema\/person\/cabc1d68c7778f01d5e069c2d98442e3\"},\"description\":\"Esta norma pretende avanzar en la homogeneizaci\u00f3n del tratamiento de las tecnolog\u00edas convencionales y las renovables, e incluso tambi\u00e9n entre estas\",\"breadcrumb\":{\"@id\":\"https:\/\/www.fabregat-perulles-sales.com\/actualidad\/se-aprueba-el-real-decreto-4132014-de-6-de-junio-por-el-que-se-regula-la-actividad-de-produccion-de-energia-electrica-a-partir-de-fuentes-de-energia-renovables-cogeneracion-y-residuos\/#breadcrumb\"},\"inLanguage\":\"en-US\",\"potentialAction\":[{\"@type\":\"ReadAction\",\"target\":[\"https:\/\/www.fabregat-perulles-sales.com\/actualidad\/se-aprueba-el-real-decreto-4132014-de-6-de-junio-por-el-que-se-regula-la-actividad-de-produccion-de-energia-electrica-a-partir-de-fuentes-de-energia-renovables-cogeneracion-y-residuos\/\"]}]},{\"@type\":\"BreadcrumbList\",\"@id\":\"https:\/\/www.fabregat-perulles-sales.com\/actualidad\/se-aprueba-el-real-decreto-4132014-de-6-de-junio-por-el-que-se-regula-la-actividad-de-produccion-de-energia-electrica-a-partir-de-fuentes-de-energia-renovables-cogeneracion-y-residuos\/#breadcrumb\",\"itemListElement\":[{\"@type\":\"ListItem\",\"position\":1,\"name\":\"Home\",\"item\":\"https:\/\/www.fabregat-perulles-sales.com\/actualidad\/\"},{\"@type\":\"ListItem\",\"position\":2,\"name\":\"Se aprueba el Real Decreto 413\/2014, de 6 de junio, por el que se regula la actividad de producci\u00f3n de energ\u00eda el\u00e9ctrica a partir de fuentes de energ\u00eda renovables, cogeneraci\u00f3n y residuos\"}]},{\"@type\":\"WebSite\",\"@id\":\"https:\/\/www.fabregat-perulles-sales.com\/actualidad\/#website\",\"url\":\"https:\/\/www.fabregat-perulles-sales.com\/actualidad\/\",\"name\":\"www.fabregat-perulles-sales.com\",\"description\":\"Fabregat Perulles Sales Abogados is a law firm of reference international market in the Spanish-German, Spanish-French, and Spanish-Italian. Is one of the first firms in Barcelona offering a Russian Desk.\",\"potentialAction\":[{\"@type\":\"SearchAction\",\"target\":{\"@type\":\"EntryPoint\",\"urlTemplate\":\"https:\/\/www.fabregat-perulles-sales.com\/actualidad\/?s={search_term_string}\"},\"query-input\":\"required name=search_term_string\"}],\"inLanguage\":\"en-US\"},{\"@type\":\"Person\",\"@id\":\"https:\/\/www.fabregat-perulles-sales.com\/actualidad\/#\/schema\/person\/cabc1d68c7778f01d5e069c2d98442e3\",\"name\":\"Victor\",\"image\":{\"@type\":\"ImageObject\",\"inLanguage\":\"en-US\",\"@id\":\"https:\/\/www.fabregat-perulles-sales.com\/actualidad\/#\/schema\/person\/image\/\",\"url\":\"https:\/\/secure.gravatar.com\/avatar\/756cb666a964d2960ffe307b8a53b271?s=96&d=mm&r=g\",\"contentUrl\":\"https:\/\/secure.gravatar.com\/avatar\/756cb666a964d2960ffe307b8a53b271?s=96&d=mm&r=g\",\"caption\":\"Victor\"},\"sameAs\":[\"http:\/\/www.fabregat-perulles-sales.com\"],\"url\":\"https:\/\/www.fabregat-perulles-sales.com\/actualidad\/author\/victor\/\"}]}<\/script>\n<!-- \/ Yoast SEO plugin. -->","yoast_head_json":{"title":"Se aprueba el Real Decreto 413\/2014, de 6 de junio, por el que se regula la actividad de producci\u00f3n de energ\u00eda el\u00e9ctrica a partir de fuentes de energ\u00eda renovables, cogeneraci\u00f3n y residuos | International Lawyers","description":"Esta norma pretende avanzar en la homogeneizaci\u00f3n del tratamiento de las tecnolog\u00edas convencionales y las renovables, e incluso tambi\u00e9n entre estas","robots":{"index":"index","follow":"follow","max-snippet":"max-snippet:-1","max-image-preview":"max-image-preview:large","max-video-preview":"max-video-preview:-1"},"canonical":"https:\/\/www.fabregat-perulles-sales.com\/actualidad\/se-aprueba-el-real-decreto-4132014-de-6-de-junio-por-el-que-se-regula-la-actividad-de-produccion-de-energia-electrica-a-partir-de-fuentes-de-energia-renovables-cogeneracion-y-residuos\/","og_locale":"en_US","og_type":"article","og_title":"Se aprueba el Real Decreto 413\/2014, de 6 de junio, por el que se regula la actividad de producci\u00f3n de energ\u00eda el\u00e9ctrica a partir de fuentes de energ\u00eda renovables, cogeneraci\u00f3n y residuos | International Lawyers","og_description":"Esta norma pretende avanzar en la homogeneizaci\u00f3n del tratamiento de las tecnolog\u00edas convencionales y las renovables, e incluso tambi\u00e9n entre estas","og_url":"https:\/\/www.fabregat-perulles-sales.com\/actualidad\/se-aprueba-el-real-decreto-4132014-de-6-de-junio-por-el-que-se-regula-la-actividad-de-produccion-de-energia-electrica-a-partir-de-fuentes-de-energia-renovables-cogeneracion-y-residuos\/","og_site_name":"International Lawyers","article_published_time":"2014-06-19T14:26:25+00:00","article_modified_time":"2014-11-26T12:32:07+00:00","author":"Victor","twitter_card":"summary_large_image","twitter_misc":{"Written by":"Victor","Est. reading time":"4 minutes"},"schema":{"@context":"https:\/\/schema.org","@graph":[{"@type":"WebPage","@id":"https:\/\/www.fabregat-perulles-sales.com\/actualidad\/se-aprueba-el-real-decreto-4132014-de-6-de-junio-por-el-que-se-regula-la-actividad-de-produccion-de-energia-electrica-a-partir-de-fuentes-de-energia-renovables-cogeneracion-y-residuos\/","url":"https:\/\/www.fabregat-perulles-sales.com\/actualidad\/se-aprueba-el-real-decreto-4132014-de-6-de-junio-por-el-que-se-regula-la-actividad-de-produccion-de-energia-electrica-a-partir-de-fuentes-de-energia-renovables-cogeneracion-y-residuos\/","name":"Se aprueba el Real Decreto 413\/2014, de 6 de junio, por el que se regula la actividad de producci\u00f3n de energ\u00eda el\u00e9ctrica a partir de fuentes de energ\u00eda renovables, cogeneraci\u00f3n y residuos | International Lawyers","isPartOf":{"@id":"https:\/\/www.fabregat-perulles-sales.com\/actualidad\/#website"},"datePublished":"2014-06-19T14:26:25+00:00","dateModified":"2014-11-26T12:32:07+00:00","author":{"@id":"https:\/\/www.fabregat-perulles-sales.com\/actualidad\/#\/schema\/person\/cabc1d68c7778f01d5e069c2d98442e3"},"description":"Esta norma pretende avanzar en la homogeneizaci\u00f3n del tratamiento de las tecnolog\u00edas convencionales y las renovables, e incluso tambi\u00e9n entre estas","breadcrumb":{"@id":"https:\/\/www.fabregat-perulles-sales.com\/actualidad\/se-aprueba-el-real-decreto-4132014-de-6-de-junio-por-el-que-se-regula-la-actividad-de-produccion-de-energia-electrica-a-partir-de-fuentes-de-energia-renovables-cogeneracion-y-residuos\/#breadcrumb"},"inLanguage":"en-US","potentialAction":[{"@type":"ReadAction","target":["https:\/\/www.fabregat-perulles-sales.com\/actualidad\/se-aprueba-el-real-decreto-4132014-de-6-de-junio-por-el-que-se-regula-la-actividad-de-produccion-de-energia-electrica-a-partir-de-fuentes-de-energia-renovables-cogeneracion-y-residuos\/"]}]},{"@type":"BreadcrumbList","@id":"https:\/\/www.fabregat-perulles-sales.com\/actualidad\/se-aprueba-el-real-decreto-4132014-de-6-de-junio-por-el-que-se-regula-la-actividad-de-produccion-de-energia-electrica-a-partir-de-fuentes-de-energia-renovables-cogeneracion-y-residuos\/#breadcrumb","itemListElement":[{"@type":"ListItem","position":1,"name":"Home","item":"https:\/\/www.fabregat-perulles-sales.com\/actualidad\/"},{"@type":"ListItem","position":2,"name":"Se aprueba el Real Decreto 413\/2014, de 6 de junio, por el que se regula la actividad de producci\u00f3n de energ\u00eda el\u00e9ctrica a partir de fuentes de energ\u00eda renovables, cogeneraci\u00f3n y residuos"}]},{"@type":"WebSite","@id":"https:\/\/www.fabregat-perulles-sales.com\/actualidad\/#website","url":"https:\/\/www.fabregat-perulles-sales.com\/actualidad\/","name":"www.fabregat-perulles-sales.com","description":"Fabregat Perulles Sales Abogados is a law firm of reference international market in the Spanish-German, Spanish-French, and Spanish-Italian. Is one of the first firms in Barcelona offering a Russian Desk.","potentialAction":[{"@type":"SearchAction","target":{"@type":"EntryPoint","urlTemplate":"https:\/\/www.fabregat-perulles-sales.com\/actualidad\/?s={search_term_string}"},"query-input":"required name=search_term_string"}],"inLanguage":"en-US"},{"@type":"Person","@id":"https:\/\/www.fabregat-perulles-sales.com\/actualidad\/#\/schema\/person\/cabc1d68c7778f01d5e069c2d98442e3","name":"Victor","image":{"@type":"ImageObject","inLanguage":"en-US","@id":"https:\/\/www.fabregat-perulles-sales.com\/actualidad\/#\/schema\/person\/image\/","url":"https:\/\/secure.gravatar.com\/avatar\/756cb666a964d2960ffe307b8a53b271?s=96&d=mm&r=g","contentUrl":"https:\/\/secure.gravatar.com\/avatar\/756cb666a964d2960ffe307b8a53b271?s=96&d=mm&r=g","caption":"Victor"},"sameAs":["http:\/\/www.fabregat-perulles-sales.com"],"url":"https:\/\/www.fabregat-perulles-sales.com\/actualidad\/author\/victor\/"}]}},"amp_enabled":true,"_links":{"self":[{"href":"https:\/\/www.fabregat-perulles-sales.com\/actualidad\/wp-json\/wp\/v2\/posts\/1149"}],"collection":[{"href":"https:\/\/www.fabregat-perulles-sales.com\/actualidad\/wp-json\/wp\/v2\/posts"}],"about":[{"href":"https:\/\/www.fabregat-perulles-sales.com\/actualidad\/wp-json\/wp\/v2\/types\/post"}],"author":[{"embeddable":true,"href":"https:\/\/www.fabregat-perulles-sales.com\/actualidad\/wp-json\/wp\/v2\/users\/3"}],"replies":[{"embeddable":true,"href":"https:\/\/www.fabregat-perulles-sales.com\/actualidad\/wp-json\/wp\/v2\/comments?post=1149"}],"version-history":[{"count":3,"href":"https:\/\/www.fabregat-perulles-sales.com\/actualidad\/wp-json\/wp\/v2\/posts\/1149\/revisions"}],"predecessor-version":[{"id":1504,"href":"https:\/\/www.fabregat-perulles-sales.com\/actualidad\/wp-json\/wp\/v2\/posts\/1149\/revisions\/1504"}],"wp:attachment":[{"href":"https:\/\/www.fabregat-perulles-sales.com\/actualidad\/wp-json\/wp\/v2\/media?parent=1149"}],"wp:term":[{"taxonomy":"category","embeddable":true,"href":"https:\/\/www.fabregat-perulles-sales.com\/actualidad\/wp-json\/wp\/v2\/categories?post=1149"},{"taxonomy":"post_tag","embeddable":true,"href":"https:\/\/www.fabregat-perulles-sales.com\/actualidad\/wp-json\/wp\/v2\/tags?post=1149"}],"curies":[{"name":"wp","href":"https:\/\/api.w.org\/{rel}","templated":true}]}}